{"id":66540,"date":"2025-09-12T19:04:15","date_gmt":"2025-09-12T17:04:15","guid":{"rendered":"https:\/\/www.revistarambla.com\/?p=66540"},"modified":"2025-09-12T19:04:15","modified_gmt":"2025-09-12T17:04:15","slug":"el-bombardeo-de-doha-un-mensaje-para-quien-corresponda","status":"publish","type":"post","link":"https:\/\/www.revistarambla.com\/en\/el-bombardeo-de-doha-un-mensaje-para-quien-corresponda\/","title":{"rendered":"El bombardeo de Doha: un mensaje para quien corresponda"},"content":{"rendered":"<p>El bombardeo de la capital catar\u00ed, Doha, perpetrado ayer martes por la aviaci\u00f3n israel\u00ed contra una reuni\u00f3n de l\u00edderes de Ham\u00e1s y la Yihad Isl\u00e1mica, ha desatado una tormenta de interrogantes. A mayor n\u00famero de preguntas, mayor es la confusi\u00f3n: el Estado atacado no es solo un aliado estrat\u00e9gico de Estados Unidos, sino que se presenta como mediador de paz, recibe delegaciones palestinas e israel\u00edes y alberga la mayor base militar norteamericana en Oriente Medio, equipada con sistemas avanzados de detecci\u00f3n.<\/p>\n<h2>Versiones contradictorias<\/h2>\n<p>Con el paso de las horas, las versiones se multiplican y el panorama se vuelve m\u00e1s enrevesado:<\/p>\n<p>La Casa Blanca: su portavoz, Karoline Leavitt, asegur\u00f3 que la administraci\u00f3n estadounidense fue informada del ataque la ma\u00f1ana del 9 de septiembre de 2025 a trav\u00e9s del ej\u00e9rcito y que el presidente Trump instruy\u00f3 a su enviado especial, Steve Witkoff, para advertir a las autoridades catar\u00edes de la ofensiva inminente.<\/p>\n<p>Doha: el portavoz del Ministerio de Asuntos Exteriores ofreci\u00f3 la versi\u00f3n opuesta: explic\u00f3 que la llamada estadounidense lleg\u00f3 \u201cmientras se escuchaban las explosiones\u201d, es decir, durante o despu\u00e9s de la ejecuci\u00f3n, negando que existiera una alerta previa y calificando lo dem\u00e1s como \u201cinformaciones sin fundamento\u201d.<\/p>\n<p>Axios: un funcionario estadounidense declar\u00f3 que Washington no supo del ataque hasta que los misiles ya estaban en el aire, lo que impidi\u00f3 cualquier reacci\u00f3n, contradiciendo las versiones anteriores.<\/p>\n<p>Canal 14 israel\u00ed: sostuvo que la operaci\u00f3n prob\u00f3 la capacidad de Israel de actuar en un espacio a\u00e9reo protegido por sistemas como \u201cPatriot 3\u201d y \u201cNASAMS\u201d, e insinu\u00f3 que partes de la defensa a\u00e9rea catar\u00ed podr\u00edan haber sido apagadas deliberadamente.<\/p>\n<p>Canal 12 israel\u00ed: inform\u00f3 de la presencia de aviones de inteligencia estadounidenses y brit\u00e1nicos, adem\u00e1s de cazas catar\u00edes, en el cielo de Doha poco antes del ataque, lo que plantea la pregunta: \u00bfc\u00f3mo pudo Israel ejecutar su bombardeo en un espacio tan vigilado?<\/p>\n<p>Al Hadath (Arabia Saud\u00ed): revel\u00f3 que los l\u00edderes de Ham\u00e1s no estaban en sus oficinas, sino en un hotel, lo que abre la hip\u00f3tesis de informaci\u00f3n defectuosa o de una estrategia de enga\u00f1o por parte del movimiento.<\/p>\n<p>Fuentes turcas: medios en Ankara informaron que radares turcos detectaron el trayecto de los aviones israel\u00edes y alertaron a Catar antes del ataque, pero la advertencia no se tradujo en evacuaci\u00f3n ni respuesta defensiva. \u00bfLleg\u00f3 tarde la alerta o Doha prefiri\u00f3 no confrontar?<\/p>\n<p>Reuters: se\u00f1al\u00f3 que la inteligencia egipcia recomend\u00f3 a la delegaci\u00f3n de Ham\u00e1s moverse en grupos, lo que facilit\u00f3 que escaparan al bombardeo. Posteriormente, El Cairo les confirm\u00f3 que ten\u00eda indicios de un posible ataque, aunque sin certeza sobre su naturaleza.<\/p>\n<p>En cualquier caso, m\u00e1s all\u00e1 de las versiones, lo indiscutible es que una capital \u00e1rabe fue atacada desde el aire.<\/p>\n<h2>Mensajes de Israel<\/h2>\n<p>El bombardeo busc\u00f3 enviar m\u00faltiples mensajes:<\/p>\n<p>A Ham\u00e1s y la Yihad Isl\u00e1mica: la pr\u00f3xima vez puede tratarse de asesinatos selectivos contra la c\u00fapula dirigente; ninguna capital ofrecer\u00e1 refugio.<\/p>\n<p>A Catar: debe aumentar la presi\u00f3n sobre Ham\u00e1s para que acepte las condiciones israel\u00edes; incluso con la protecci\u00f3n estadounidense, su cielo es vulnerable.<\/p>\n<p>Al mundo \u00e1rabe e isl\u00e1mico: ninguna capital est\u00e1 a salvo. Desde Beirut, Damasco y Teher\u00e1n, hasta ahora Doha. \u00bfCu\u00e1l ser\u00e1 la siguiente? El poder de disuasi\u00f3n israel\u00ed alcanza el coraz\u00f3n de las capitales \u00e1rabes e isl\u00e1micas.<\/p>\n<p>Adem\u00e1s, el ataque confirm\u00f3 lo que Israel ya hab\u00eda adelantado semanas atr\u00e1s: que las pr\u00f3ximas negociaciones podr\u00edan trasladarse a otro pa\u00eds, posiblemente Emiratos \u00c1rabes Unidos, en el marco de una reconfiguraci\u00f3n regional destinada a controlar los espacios de mediaci\u00f3n.<\/p>\n<h2>Opciones de Doha<\/h2>\n<p>Las alternativas de Catar son limitadas:<\/p>\n<p>1. Continuar con la mediaci\u00f3n pese al golpe a su prestigio.<\/p>\n<p>2. Escalar diplom\u00e1ticamente y suspender temporalmente su papel, insinuando incluso una revisi\u00f3n de la presencia militar estadounidense en la base de Al Udeid, o la posibilidad de sustituirla por una presencia china o turca como herramienta de presi\u00f3n.<\/p>\n<p>3. Jugar la carta m\u00e1s sofisticada: acudir al Consejo de Seguridad de la ONU. All\u00ed, Estados Unidos se ver\u00eda obligado a elegir entre permitir la aprobaci\u00f3n de una resoluci\u00f3n que presione a Israel o vetarla y quedar en evidencia. En ambos escenarios, Catar ganar\u00eda influencia, reforzando su papel mediador e incluso proponiendo un plan para un alto el fuego humanitario en Gaza.<\/p>\n<p>Sin embargo, con la temeridad de Netanyahu, el narcisismo de Trump y la ausencia de un verdadero movimiento \u00e1rabe o regional, solo me queda advertirles: esperen su turno, pues sus declaraciones de condena ya est\u00e1n listas.<\/p>","protected":false},"excerpt":{"rendered":"<p>El bombardeo de la capital catar\u00ed, Doha, perpetrado ayer martes por la aviaci\u00f3n israel\u00ed contra una reuni\u00f3n de l\u00edderes de Ham\u00e1s y la Yihad Isl\u00e1mica, ha desatado una tormenta de interrogantes. A mayor n\u00famero de preguntas, mayor es la confusi\u00f3n: el Estado atacado no es solo un aliado estrat\u00e9gico de [&hellip;]<\/p>\n","protected":false},"author":15,"featured_media":66541,"comment_status":"closed","ping_status":"closed","sticky":false,"template":"","format":"standard","meta":{"footnotes":""},"categories":[4079],"tags":[],"class_list":["post-66540","post","type-post","status-publish","format-standard","has-post-thumbnail","hentry","category-tribuna-libre"],"yoast_head":"<!-- This site is optimized with the Yoast SEO plugin v27.5 - https:\/\/yoast.com\/product\/yoast-seo-wordpress\/ -->\n<title>El bombardeo de Doha: un mensaje para quien corresponda - Revista Rambla<\/title>\n<meta name=\"robots\" content=\"index, follow, max-snippet:-1, max-image-preview:large, max-video-preview:-1\" \/>\n<link rel=\"canonical\" href=\"https:\/\/www.revistarambla.com\/en\/el-bombardeo-de-doha-un-mensaje-para-quien-corresponda\/\" \/>\n<meta property=\"og:locale\" content=\"en_GB\" \/>\n<meta property=\"og:type\" content=\"article\" \/>\n<meta property=\"og:title\" content=\"El bombardeo de Doha: un mensaje para quien corresponda - Revista Rambla\" \/>\n<meta property=\"og:description\" content=\"El bombardeo de la capital catar\u00ed, Doha, perpetrado ayer martes por la aviaci\u00f3n israel\u00ed contra una reuni\u00f3n de l\u00edderes de Ham\u00e1s y la Yihad Isl\u00e1mica, ha desatado una tormenta de interrogantes. A mayor n\u00famero de preguntas, mayor es la confusi\u00f3n: el Estado atacado no es solo un aliado estrat\u00e9gico de [&hellip;]\" \/>\n<meta property=\"og:url\" content=\"https:\/\/www.revistarambla.com\/en\/el-bombardeo-de-doha-un-mensaje-para-quien-corresponda\/\" \/>\n<meta property=\"og:site_name\" content=\"Revista Rambla\" \/>\n<meta property=\"article:publisher\" content=\"https:\/\/www.facebook.com\/revistarambla\/\" \/>\n<meta property=\"article:published_time\" content=\"2025-09-12T17:04:15+00:00\" \/>\n<meta property=\"og:image\" content=\"https:\/\/www.revistarambla.com\/wp-content\/uploads\/2025\/09\/bombardeo-de-Doha.jpg\" \/>\n\t<meta property=\"og:image:width\" content=\"1280\" \/>\n\t<meta property=\"og:image:height\" content=\"720\" \/>\n\t<meta property=\"og:image:type\" content=\"image\/jpeg\" \/>\n<meta name=\"author\" content=\"Mohsen Aqilan\" \/>\n<meta name=\"twitter:card\" content=\"summary_large_image\" \/>\n<meta name=\"twitter:creator\" content=\"@revistarambla\" \/>\n<meta name=\"twitter:site\" content=\"@revistarambla\" \/>\n<meta name=\"twitter:label1\" content=\"Written by\" \/>\n\t<meta name=\"twitter:data1\" content=\"Mohsen Aqilan\" \/>\n\t<meta name=\"twitter:label2\" content=\"Estimated reading time\" \/>\n\t<meta name=\"twitter:data2\" content=\"4 minutes\" \/>\n<script type=\"application\/ld+json\" class=\"yoast-schema-graph\">{\"@context\":\"https:\\\/\\\/schema.org\",\"@graph\":[{\"@type\":\"Article\",\"@id\":\"https:\\\/\\\/www.revistarambla.com\\\/el-bombardeo-de-doha-un-mensaje-para-quien-corresponda\\\/#article\",\"isPartOf\":{\"@id\":\"https:\\\/\\\/www.revistarambla.com\\\/el-bombardeo-de-doha-un-mensaje-para-quien-corresponda\\\/\"},\"author\":{\"name\":\"Mohsen Aqilan\",\"@id\":\"https:\\\/\\\/www.revistarambla.com\\\/#\\\/schema\\\/person\\\/2b19179a8ace334b829ad72cc6e6ce97\"},\"headline\":\"El bombardeo de Doha: un mensaje para quien corresponda\",\"datePublished\":\"2025-09-12T17:04:15+00:00\",\"mainEntityOfPage\":{\"@id\":\"https:\\\/\\\/www.revistarambla.com\\\/el-bombardeo-de-doha-un-mensaje-para-quien-corresponda\\\/\"},\"wordCount\":807,\"publisher\":{\"@id\":\"https:\\\/\\\/www.revistarambla.com\\\/#organization\"},\"image\":{\"@id\":\"https:\\\/\\\/www.revistarambla.com\\\/el-bombardeo-de-doha-un-mensaje-para-quien-corresponda\\\/#primaryimage\"},\"thumbnailUrl\":\"https:\\\/\\\/www.revistarambla.com\\\/wp-content\\\/uploads\\\/2025\\\/09\\\/bombardeo-de-Doha.jpg\",\"articleSection\":[\"Tribuna Libre\"],\"inLanguage\":\"en-GB\"},{\"@type\":\"WebPage\",\"@id\":\"https:\\\/\\\/www.revistarambla.com\\\/el-bombardeo-de-doha-un-mensaje-para-quien-corresponda\\\/\",\"url\":\"https:\\\/\\\/www.revistarambla.com\\\/el-bombardeo-de-doha-un-mensaje-para-quien-corresponda\\\/\",\"name\":\"El bombardeo de Doha: un mensaje para quien corresponda - Revista Rambla\",\"isPartOf\":{\"@id\":\"https:\\\/\\\/www.revistarambla.com\\\/#website\"},\"primaryImageOfPage\":{\"@id\":\"https:\\\/\\\/www.revistarambla.com\\\/el-bombardeo-de-doha-un-mensaje-para-quien-corresponda\\\/#primaryimage\"},\"image\":{\"@id\":\"https:\\\/\\\/www.revistarambla.com\\\/el-bombardeo-de-doha-un-mensaje-para-quien-corresponda\\\/#primaryimage\"},\"thumbnailUrl\":\"https:\\\/\\\/www.revistarambla.com\\\/wp-content\\\/uploads\\\/2025\\\/09\\\/bombardeo-de-Doha.jpg\",\"datePublished\":\"2025-09-12T17:04:15+00:00\",\"breadcrumb\":{\"@id\":\"https:\\\/\\\/www.revistarambla.com\\\/el-bombardeo-de-doha-un-mensaje-para-quien-corresponda\\\/#breadcrumb\"},\"inLanguage\":\"en-GB\",\"potentialAction\":[{\"@type\":\"ReadAction\",\"target\":[\"https:\\\/\\\/www.revistarambla.com\\\/el-bombardeo-de-doha-un-mensaje-para-quien-corresponda\\\/\"]}]},{\"@type\":\"ImageObject\",\"inLanguage\":\"en-GB\",\"@id\":\"https:\\\/\\\/www.revistarambla.com\\\/el-bombardeo-de-doha-un-mensaje-para-quien-corresponda\\\/#primaryimage\",\"url\":\"https:\\\/\\\/www.revistarambla.com\\\/wp-content\\\/uploads\\\/2025\\\/09\\\/bombardeo-de-Doha.jpg\",\"contentUrl\":\"https:\\\/\\\/www.revistarambla.com\\\/wp-content\\\/uploads\\\/2025\\\/09\\\/bombardeo-de-Doha.jpg\",\"width\":1280,\"height\":720,\"caption\":\"bombardeo de Doha\"},{\"@type\":\"BreadcrumbList\",\"@id\":\"https:\\\/\\\/www.revistarambla.com\\\/el-bombardeo-de-doha-un-mensaje-para-quien-corresponda\\\/#breadcrumb\",\"itemListElement\":[{\"@type\":\"ListItem\",\"position\":1,\"name\":\"Portada\",\"item\":\"https:\\\/\\\/www.revistarambla.com\\\/\"},{\"@type\":\"ListItem\",\"position\":2,\"name\":\"El bombardeo de Doha: un mensaje para quien corresponda\"}]},{\"@type\":\"WebSite\",\"@id\":\"https:\\\/\\\/www.revistarambla.com\\\/#website\",\"url\":\"https:\\\/\\\/www.revistarambla.com\\\/\",\"name\":\"Revista Rambla Barcelona\",\"description\":\"Periodismo independiente\",\"publisher\":{\"@id\":\"https:\\\/\\\/www.revistarambla.com\\\/#organization\"},\"potentialAction\":[{\"@type\":\"SearchAction\",\"target\":{\"@type\":\"EntryPoint\",\"urlTemplate\":\"https:\\\/\\\/www.revistarambla.com\\\/?s={search_term_string}\"},\"query-input\":{\"@type\":\"PropertyValueSpecification\",\"valueRequired\":true,\"valueName\":\"search_term_string\"}}],\"inLanguage\":\"en-GB\"},{\"@type\":\"Organization\",\"@id\":\"https:\\\/\\\/www.revistarambla.com\\\/#organization\",\"name\":\"Revista Rambla\",\"url\":\"https:\\\/\\\/www.revistarambla.com\\\/\",\"logo\":{\"@type\":\"ImageObject\",\"inLanguage\":\"en-GB\",\"@id\":\"https:\\\/\\\/www.revistarambla.com\\\/#\\\/schema\\\/logo\\\/image\\\/\",\"url\":\"https:\\\/\\\/www.revistarambla.com\\\/wp-content\\\/uploads\\\/2020\\\/09\\\/banner_rambla_1900x600_BB.png\",\"contentUrl\":\"https:\\\/\\\/www.revistarambla.com\\\/wp-content\\\/uploads\\\/2020\\\/09\\\/banner_rambla_1900x600_BB.png\",\"width\":1900,\"height\":600,\"caption\":\"Revista Rambla\"},\"image\":{\"@id\":\"https:\\\/\\\/www.revistarambla.com\\\/#\\\/schema\\\/logo\\\/image\\\/\"},\"sameAs\":[\"https:\\\/\\\/www.facebook.com\\\/revistarambla\\\/\",\"https:\\\/\\\/x.com\\\/revistarambla\",\"https:\\\/\\\/www.instagram.com\\\/revista_rambla\",\"https:\\\/\\\/es.linkedin.com\\\/company\\\/revista-rambla\"]},{\"@type\":\"Person\",\"@id\":\"https:\\\/\\\/www.revistarambla.com\\\/#\\\/schema\\\/person\\\/2b19179a8ace334b829ad72cc6e6ce97\",\"name\":\"Mohsen Aqilan\"}]}<\/script>\n<!-- \/ Yoast SEO plugin. -->","yoast_head_json":{"title":"El bombardeo de Doha: un mensaje para quien corresponda - Revista Rambla","robots":{"index":"index","follow":"follow","max-snippet":"max-snippet:-1","max-image-preview":"max-image-preview:large","max-video-preview":"max-video-preview:-1"},"canonical":"https:\/\/www.revistarambla.com\/en\/el-bombardeo-de-doha-un-mensaje-para-quien-corresponda\/","og_locale":"en_GB","og_type":"article","og_title":"El bombardeo de Doha: un mensaje para quien corresponda - Revista Rambla","og_description":"El bombardeo de la capital catar\u00ed, Doha, perpetrado ayer martes por la aviaci\u00f3n israel\u00ed contra una reuni\u00f3n de l\u00edderes de Ham\u00e1s y la Yihad Isl\u00e1mica, ha desatado una tormenta de interrogantes. A mayor n\u00famero de preguntas, mayor es la confusi\u00f3n: el Estado atacado no es solo un aliado estrat\u00e9gico de [&hellip;]","og_url":"https:\/\/www.revistarambla.com\/en\/el-bombardeo-de-doha-un-mensaje-para-quien-corresponda\/","og_site_name":"Revista Rambla","article_publisher":"https:\/\/www.facebook.com\/revistarambla\/","article_published_time":"2025-09-12T17:04:15+00:00","og_image":[{"width":1280,"height":720,"url":"https:\/\/www.revistarambla.com\/wp-content\/uploads\/2025\/09\/bombardeo-de-Doha.jpg","type":"image\/jpeg"}],"author":"Mohsen Aqilan","twitter_card":"summary_large_image","twitter_creator":"@revistarambla","twitter_site":"@revistarambla","twitter_misc":{"Written by":"Mohsen Aqilan","Estimated reading time":"4 minutes"},"schema":{"@context":"https:\/\/schema.org","@graph":[{"@type":"Article","@id":"https:\/\/www.revistarambla.com\/el-bombardeo-de-doha-un-mensaje-para-quien-corresponda\/#article","isPartOf":{"@id":"https:\/\/www.revistarambla.com\/el-bombardeo-de-doha-un-mensaje-para-quien-corresponda\/"},"author":{"name":"Mohsen Aqilan","@id":"https:\/\/www.revistarambla.com\/#\/schema\/person\/2b19179a8ace334b829ad72cc6e6ce97"},"headline":"El bombardeo de Doha: un mensaje para quien corresponda","datePublished":"2025-09-12T17:04:15+00:00","mainEntityOfPage":{"@id":"https:\/\/www.revistarambla.com\/el-bombardeo-de-doha-un-mensaje-para-quien-corresponda\/"},"wordCount":807,"publisher":{"@id":"https:\/\/www.revistarambla.com\/#organization"},"image":{"@id":"https:\/\/www.revistarambla.com\/el-bombardeo-de-doha-un-mensaje-para-quien-corresponda\/#primaryimage"},"thumbnailUrl":"https:\/\/www.revistarambla.com\/wp-content\/uploads\/2025\/09\/bombardeo-de-Doha.jpg","articleSection":["Tribuna Libre"],"inLanguage":"en-GB"},{"@type":"WebPage","@id":"https:\/\/www.revistarambla.com\/el-bombardeo-de-doha-un-mensaje-para-quien-corresponda\/","url":"https:\/\/www.revistarambla.com\/el-bombardeo-de-doha-un-mensaje-para-quien-corresponda\/","name":"El bombardeo de Doha: un mensaje para quien corresponda - Revista Rambla","isPartOf":{"@id":"https:\/\/www.revistarambla.com\/#website"},"primaryImageOfPage":{"@id":"https:\/\/www.revistarambla.com\/el-bombardeo-de-doha-un-mensaje-para-quien-corresponda\/#primaryimage"},"image":{"@id":"https:\/\/www.revistarambla.com\/el-bombardeo-de-doha-un-mensaje-para-quien-corresponda\/#primaryimage"},"thumbnailUrl":"https:\/\/www.revistarambla.com\/wp-content\/uploads\/2025\/09\/bombardeo-de-Doha.jpg","datePublished":"2025-09-12T17:04:15+00:00","breadcrumb":{"@id":"https:\/\/www.revistarambla.com\/el-bombardeo-de-doha-un-mensaje-para-quien-corresponda\/#breadcrumb"},"inLanguage":"en-GB","potentialAction":[{"@type":"ReadAction","target":["https:\/\/www.revistarambla.com\/el-bombardeo-de-doha-un-mensaje-para-quien-corresponda\/"]}]},{"@type":"ImageObject","inLanguage":"en-GB","@id":"https:\/\/www.revistarambla.com\/el-bombardeo-de-doha-un-mensaje-para-quien-corresponda\/#primaryimage","url":"https:\/\/www.revistarambla.com\/wp-content\/uploads\/2025\/09\/bombardeo-de-Doha.jpg","contentUrl":"https:\/\/www.revistarambla.com\/wp-content\/uploads\/2025\/09\/bombardeo-de-Doha.jpg","width":1280,"height":720,"caption":"bombardeo de Doha"},{"@type":"BreadcrumbList","@id":"https:\/\/www.revistarambla.com\/el-bombardeo-de-doha-un-mensaje-para-quien-corresponda\/#breadcrumb","itemListElement":[{"@type":"ListItem","position":1,"name":"Portada","item":"https:\/\/www.revistarambla.com\/"},{"@type":"ListItem","position":2,"name":"El bombardeo de Doha: un mensaje para quien corresponda"}]},{"@type":"WebSite","@id":"https:\/\/www.revistarambla.com\/#website","url":"https:\/\/www.revistarambla.com\/","name":"Revista Rambla Barcelona","description":"Periodismo independiente","publisher":{"@id":"https:\/\/www.revistarambla.com\/#organization"},"potentialAction":[{"@type":"SearchAction","target":{"@type":"EntryPoint","urlTemplate":"https:\/\/www.revistarambla.com\/?s={search_term_string}"},"query-input":{"@type":"PropertyValueSpecification","valueRequired":true,"valueName":"search_term_string"}}],"inLanguage":"en-GB"},{"@type":"Organization","@id":"https:\/\/www.revistarambla.com\/#organization","name":"Revista Rambla","url":"https:\/\/www.revistarambla.com\/","logo":{"@type":"ImageObject","inLanguage":"en-GB","@id":"https:\/\/www.revistarambla.com\/#\/schema\/logo\/image\/","url":"https:\/\/www.revistarambla.com\/wp-content\/uploads\/2020\/09\/banner_rambla_1900x600_BB.png","contentUrl":"https:\/\/www.revistarambla.com\/wp-content\/uploads\/2020\/09\/banner_rambla_1900x600_BB.png","width":1900,"height":600,"caption":"Revista Rambla"},"image":{"@id":"https:\/\/www.revistarambla.com\/#\/schema\/logo\/image\/"},"sameAs":["https:\/\/www.facebook.com\/revistarambla\/","https:\/\/x.com\/revistarambla","https:\/\/www.instagram.com\/revista_rambla","https:\/\/es.linkedin.com\/company\/revista-rambla"]},{"@type":"Person","@id":"https:\/\/www.revistarambla.com\/#\/schema\/person\/2b19179a8ace334b829ad72cc6e6ce97","name":"Mohsen Aqilan"}]}},"_links":{"self":[{"href":"https:\/\/www.revistarambla.com\/en\/wp-json\/wp\/v2\/posts\/66540","targetHints":{"allow":["GET"]}}],"collection":[{"href":"https:\/\/www.revistarambla.com\/en\/wp-json\/wp\/v2\/posts"}],"about":[{"href":"https:\/\/www.revistarambla.com\/en\/wp-json\/wp\/v2\/types\/post"}],"author":[{"embeddable":true,"href":"https:\/\/www.revistarambla.com\/en\/wp-json\/wp\/v2\/users\/15"}],"replies":[{"embeddable":true,"href":"https:\/\/www.revistarambla.com\/en\/wp-json\/wp\/v2\/comments?post=66540"}],"version-history":[{"count":1,"href":"https:\/\/www.revistarambla.com\/en\/wp-json\/wp\/v2\/posts\/66540\/revisions"}],"predecessor-version":[{"id":66543,"href":"https:\/\/www.revistarambla.com\/en\/wp-json\/wp\/v2\/posts\/66540\/revisions\/66543"}],"wp:featuredmedia":[{"embeddable":true,"href":"https:\/\/www.revistarambla.com\/en\/wp-json\/wp\/v2\/media\/66541"}],"wp:attachment":[{"href":"https:\/\/www.revistarambla.com\/en\/wp-json\/wp\/v2\/media?parent=66540"}],"wp:term":[{"taxonomy":"category","embeddable":true,"href":"https:\/\/www.revistarambla.com\/en\/wp-json\/wp\/v2\/categories?post=66540"},{"taxonomy":"post_tag","embeddable":true,"href":"https:\/\/www.revistarambla.com\/en\/wp-json\/wp\/v2\/tags?post=66540"}],"curies":[{"name":"wp","href":"https:\/\/api.w.org\/{rel}","templated":true}]}}