{"id":66538,"date":"2025-09-12T19:00:05","date_gmt":"2025-09-12T17:00:05","guid":{"rendered":"https:\/\/www.revistarambla.com\/?p=66538"},"modified":"2025-09-12T19:00:05","modified_gmt":"2025-09-12T17:00:05","slug":"la-doctrina-trump-frente-a-la-democracia-donde-esta-el-equilibrio","status":"publish","type":"post","link":"https:\/\/www.revistarambla.com\/en\/la-doctrina-trump-frente-a-la-democracia-donde-esta-el-equilibrio\/","title":{"rendered":"La doctrina Trump frente a la democracia: \u00bfd\u00f3nde est\u00e1 el equilibrio?"},"content":{"rendered":"<p>Tras seis meses en la Casa Blanca, Donald Trump dej\u00f3 claro que sue\u00f1a con ocupar su lugar en la historia y situarse a la altura de presidentes como James Monroe, Harry Truman, Richard Nixon y Ronald Reagan. Sin embargo, su principal legado, la \u00abdoctrina Trump\u00bb, destinada a convertirlo en un \u00eddolo americano, result\u00f3 ser un Golem terrible que destruye a su creador.<\/p>\n<h2>Operaci\u00f3n Conmoci\u00f3n y Pavor<\/h2>\n<p>Esta doctrina implica que Washington no debe involucrarse en conflictos prolongados ni intentar cambiar el orden de un pa\u00eds o imponer la democracia en otros. Los principios fundamentales de la nueva pol\u00edtica estadounidense ser\u00e1n los siguientes: dar prioridad a Am\u00e9rica misma, oponerse al debilitamiento de EE. UU. en temas de comercio, inmigraci\u00f3n y OTAN, y escalar con el objetivo de desescalar.<\/p>\n<p>El presidente de los Estados Unidos no quiere dejar de amenazar e intimidar. Por el contrario, mediante amenazas y exigencias extremas a sus oponentes y socios, planea desestabilizarlos y forzarlos a sentarse en la mesa de negociaciones.<\/p>\n<p>Sin embargo, la permisividad es contagiosa. La historia del siglo XX demuestra que los l\u00edderes que olvidaron deliberadamente las restricciones terminaron muy r\u00e1pidamente por \u00abliberar\u00bb a sus pueblos de la moralidad y deslizarse hacia los cr\u00edmenes m\u00e1s terribles contra la humanidad. La nueva doctrina de Trump ya es un modelo para algunos gobiernos de Europa y del sur global. La versi\u00f3n europea se conoce como \u00abefecto Trump\u00bb y, en Am\u00e9rica Latina, como \u00abtrampismo panamericano\u00bb.<\/p>\n<p>No obstante, en realidad es mucho m\u00e1s que el uso indiscriminado de la fuerza para agravar la situaci\u00f3n. Quien siembra vientos, cosecha tempestades.<\/p>\n<h2>El bombardeo de Ir\u00e1n<\/h2>\n<p>El uso de la impredictibilidad como herramienta pol\u00edtica con amigos y enemigos por igual \u2014la teor\u00eda del loco\u2014 que practica Trump ha recibido un ejemplo b\u00e1rbaro y concreto de su aplicaci\u00f3n. A pesar de la \u00abcooperaci\u00f3n\u00bb entre EE. UU. e Ir\u00e1n y de la retirada de materiales nucleares, los ataques estadounidenses al territorio iran\u00ed han puesto al movimiento MAGA al borde de la divisi\u00f3n. Trump est\u00e1 a punto de perder a sus aliados m\u00e1s leales.<\/p>\n<p>Sus acciones agresivas han sido criticadas por los principales representantes del MAGA, como el ex estratega republicano Steve Bannon, los congresistas Marjorie Taylor Greene, Mike Lee y Rand Paul. Los pasos belicosos del presidente tambi\u00e9n han sido condenados por Charlie Kirk, director ejecutivo de Turning Point USA, que jug\u00f3 un papel importante en la victoria de Trump en 2016. Teniendo en cuenta la reciente iniciativa de Elon Musk de crear un partido, no se puede descartar la posibilidad de un conflicto profundo dentro del Partido Republicano.<\/p>\n<h2>Su Majestad el Ego\u00edsmo<\/h2>\n<p>En su empe\u00f1o por ganarse el favor de los votantes, Trump ha puesto en primer plano la defensa de los intereses nacionales y la \u00abrecuperaci\u00f3n\u00bb de la soberan\u00eda, temas con los que la poblaci\u00f3n estadounidense est\u00e1 familiarizada. Sin embargo, la mayor\u00eda no es consciente de que todo esto se origina en el ego\u00edsmo m\u00e1s b\u00e1sico. El ego\u00edsmo de Trump ha llevado a la modificaci\u00f3n de las normas establecidas y a la erosi\u00f3n del orden mundial en su af\u00e1n por obtener una mayor parte del pastel para sus amigos y aliados. Como suele ocurrir en estas situaciones, el resultado es el debilitamiento de Washington y sus aliados en el mundo.<\/p>\n<p>La pol\u00edtica de mirar para otro lado ante las violaciones de los principios liberales en otros pa\u00edses ha llevado a Estados Unidos a alinearse con reg\u00edmenes que ella misma hab\u00eda criticado por su falta de democracia. La creciente inclinaci\u00f3n conservadora de los actuales republicanos aleja cada vez m\u00e1s a Estados Unidos de sus aliados con instituciones democr\u00e1ticas desarrolladas.<\/p>\n<p>Para muchos estadounidenses, ya no es ning\u00fan secreto que detr\u00e1s del discurso de preservaci\u00f3n de la grandeza de la naci\u00f3n se esconde un r\u00e9gimen sanguinario en el que su l\u00edder usa el cargo presidencial para aumentar su estatus, su influencia y su patrimonio personal, lo que lo convierte en el \u00abpar\u00e1sito principal del pa\u00eds\u00bb. La redirecci\u00f3n de recursos a las agencias estatales que refuerzan su poder brutal est\u00e1 convirtiendo a Estados Unidos en un estado policial en el que Trump asume el papel de monarca absoluto. En tales condiciones, el abuso de poder por parte del presidente se convierte en la rutina m\u00e1s habitual.<\/p>\n<p>Utilizar el Departamento de Justicia y la comunidad de inteligencia de EE. UU. para perseguir a los opositores pol\u00edticos, protegerse de la persecuci\u00f3n por corrupci\u00f3n y presionar a las grandes corporaciones e instituciones mediante el Gobierno y los tribunales es una pr\u00e1ctica habitual de la Administraci\u00f3n Trump.<\/p>\n<p>La pol\u00edtica de Trump consiste en concentrar el poder en sus manos. En Estados Unidos, cada vez m\u00e1s personas se est\u00e1n dando cuenta de que la \u00fanica manera efectiva de detenerlo es que la ciudadan\u00eda se levante y rechace a Trump y a todos los que le rodean.<\/p>\n<p>Los golpes descontrolados con el palo de golf han llevado a la cohesi\u00f3n de los c\u00edrculos liberales de izquierdas, al crecimiento de los sentimientos radicales dentro del Partido Dem\u00f3crata y al aumento del antisemitismo en el pa\u00eds. Muchos est\u00e1n dispuestos a apoyar a cualquiera menos a Trump.<\/p>\n<p>As\u00ed, el candidato a la alcald\u00eda de Nueva York, Zohran Mamdani, partidario del \u00absocialismo democr\u00e1tico de Am\u00e9rica\u00bb, vivi\u00f3 su momento de gloria y aumento de popularidad. Su candidatura ha provocado temores respecto a una posible \u00abhuida\u00bb de la ciudad por parte de los representantes adinerados de los c\u00edrculos empresariales. Y ese resultado es m\u00e1s que probable, ya que exige aumentar los impuestos a los ciudadanos m\u00e1s ricos.<\/p>\n<p>Amistad sin privilegios<\/p>\n<p>Tambi\u00e9n se ha desarrollado una actitud igualmente negativa hacia el presidente de la Casa Blanca en las democracias tradicionales, especialmente en la Uni\u00f3n Europea. Las relaciones de Estados Unidos con sus aliados m\u00e1s fieles se est\u00e1n viendo sometidas a duras pruebas. La pol\u00edtica de la Casa Blanca para combatir la inmigraci\u00f3n ilegal ha provocado que los centros de detenci\u00f3n temporal en Estados Unidos est\u00e9n desbordados. Los pa\u00edses latinoamericanos a los que se ha deportado a grandes grupos de inmigrantes ilegales se niegan a seguir cooperando con la Administraci\u00f3n en este asunto. El Departamento de Estado ha intentado, sin \u00e9xito, alcanzar acuerdos de acogida de personas expulsadas de Estados Unidos con todos los pa\u00edses amigos, incluido los del golfo P\u00e9rsico. Sin embargo, por el momento, esto solo les ha dejado en estado de shock.<\/p>\n<p>A los europeos tampoco les gusta el nuevo rumbo de Trump, que implica amistad sin privilegios. No les hace ninguna gracia que se aumenten los gastos de defensa de los socios de la OTAN en un 5 %, algo de lo que el propio presidente de Estados Unidos est\u00e1 claramente orgulloso. El cumplimiento de estos planes supondr\u00eda una enorme carga para los presupuestos nacionales.<\/p>\n<p>Las semillas que sembr\u00f3 Trump ya han comenzado a dar frutos podridos. La pol\u00edtica actual de la Casa Blanca solo aumenta la divisi\u00f3n de una comunidad que en su d\u00eda estuvo unida por valores y visiones comunes. Muchos de los aliados tradicionales de EE. UU. est\u00e1n nerviosos y esperan que los republicanos se debiliten tras las elecciones legislativas de 2026 o el cambio de Gobierno en Washington en 2028.<\/p>\n<h2>El defecto del \u00abefecto Trump\u00bb<\/h2>\n<p>A corto plazo, la nueva doctrina de Trump solo ha tenido un efecto negativo. Entre sus partidarios surgieron dudas y entre sus opositores aument\u00f3 la confianza en la necesidad de tomar medidas decisivas para combatir el odiado r\u00e9gimen parasitario. No cabe duda de que ambas partes querr\u00e1n sacar provecho de esta situaci\u00f3n en cuanto puedan.<\/p>\n<p>En el escenario internacional, la situaci\u00f3n del 47.\u00ba presidente no es menos triste. Los aliados se quejan y los enemigos se unen. Esta no era la reacci\u00f3n que esperaban los creadores de la doctrina Trump.<\/p>\n<p>Estados Unidos sigue destruyendo el modelo estadounidense de democracia con sus propias manos. Pero lo m\u00e1s interesante es que el actual presidente de Estados Unidos no enga\u00f1\u00f3 a nadie: sigue haciendo que su Am\u00e9rica vuelva a ser grande. Se olvid\u00f3 de mencionar que se considera superior a todo, incluso a la democracia.<\/p>","protected":false},"excerpt":{"rendered":"<p>Tras seis meses en la Casa Blanca, Donald Trump dej\u00f3 claro que sue\u00f1a con ocupar su lugar en la historia y situarse a la altura de presidentes como James Monroe, Harry Truman, Richard Nixon y Ronald Reagan. Sin embargo, su principal legado, la \u00abdoctrina Trump\u00bb, destinada a convertirlo en un [&hellip;]<\/p>\n","protected":false},"author":15,"featured_media":62311,"comment_status":"closed","ping_status":"closed","sticky":false,"template":"","format":"standard","meta":{"footnotes":""},"categories":[4079],"tags":[],"class_list":["post-66538","post","type-post","status-publish","format-standard","has-post-thumbnail","hentry","category-tribuna-libre"],"yoast_head":"<!-- This site is optimized with the Yoast SEO plugin v27.5 - https:\/\/yoast.com\/product\/yoast-seo-wordpress\/ -->\n<title>La doctrina Trump frente a la democracia: \u00bfd\u00f3nde est\u00e1 el equilibrio? - Revista Rambla<\/title>\n<meta name=\"robots\" content=\"index, follow, max-snippet:-1, max-image-preview:large, max-video-preview:-1\" \/>\n<link rel=\"canonical\" href=\"https:\/\/www.revistarambla.com\/en\/la-doctrina-trump-frente-a-la-democracia-donde-esta-el-equilibrio\/\" \/>\n<meta property=\"og:locale\" content=\"en_GB\" \/>\n<meta property=\"og:type\" content=\"article\" \/>\n<meta property=\"og:title\" content=\"La doctrina Trump frente a la democracia: \u00bfd\u00f3nde est\u00e1 el equilibrio? - Revista Rambla\" \/>\n<meta property=\"og:description\" content=\"Tras seis meses en la Casa Blanca, Donald Trump dej\u00f3 claro que sue\u00f1a con ocupar su lugar en la historia y situarse a la altura de presidentes como James Monroe, Harry Truman, Richard Nixon y Ronald Reagan. Sin embargo, su principal legado, la \u00abdoctrina Trump\u00bb, destinada a convertirlo en un [&hellip;]\" \/>\n<meta property=\"og:url\" content=\"https:\/\/www.revistarambla.com\/en\/la-doctrina-trump-frente-a-la-democracia-donde-esta-el-equilibrio\/\" \/>\n<meta property=\"og:site_name\" content=\"Revista Rambla\" \/>\n<meta property=\"article:publisher\" content=\"https:\/\/www.facebook.com\/revistarambla\/\" \/>\n<meta property=\"article:published_time\" content=\"2025-09-12T17:00:05+00:00\" \/>\n<meta property=\"og:image\" content=\"https:\/\/www.revistarambla.com\/wp-content\/uploads\/2024\/08\/president-trump-meets-with-israeli-prime-minister-benjamin-netanyahu-49451988248-a7be79-1024.jpg\" \/>\n\t<meta property=\"og:image:width\" content=\"1024\" \/>\n\t<meta property=\"og:image:height\" content=\"683\" \/>\n\t<meta property=\"og:image:type\" content=\"image\/jpeg\" \/>\n<meta name=\"author\" content=\"Martin Ag\u00fcero\" \/>\n<meta name=\"twitter:card\" content=\"summary_large_image\" \/>\n<meta name=\"twitter:creator\" content=\"@revistarambla\" \/>\n<meta name=\"twitter:site\" content=\"@revistarambla\" \/>\n<meta name=\"twitter:label1\" content=\"Written by\" \/>\n\t<meta name=\"twitter:data1\" content=\"Martin Ag\u00fcero\" \/>\n\t<meta name=\"twitter:label2\" content=\"Estimated reading time\" \/>\n\t<meta name=\"twitter:data2\" content=\"7 minutes\" \/>\n<script type=\"application\/ld+json\" class=\"yoast-schema-graph\">{\"@context\":\"https:\\\/\\\/schema.org\",\"@graph\":[{\"@type\":\"Article\",\"@id\":\"https:\\\/\\\/www.revistarambla.com\\\/la-doctrina-trump-frente-a-la-democracia-donde-esta-el-equilibrio\\\/#article\",\"isPartOf\":{\"@id\":\"https:\\\/\\\/www.revistarambla.com\\\/la-doctrina-trump-frente-a-la-democracia-donde-esta-el-equilibrio\\\/\"},\"author\":{\"name\":\"Martin Ag\u00fcero\",\"@id\":\"https:\\\/\\\/www.revistarambla.com\\\/#\\\/schema\\\/person\\\/2b19179a8ace334b829ad72cc6e6ce97\"},\"headline\":\"La doctrina Trump frente a la democracia: \u00bfd\u00f3nde est\u00e1 el equilibrio?\",\"datePublished\":\"2025-09-12T17:00:05+00:00\",\"mainEntityOfPage\":{\"@id\":\"https:\\\/\\\/www.revistarambla.com\\\/la-doctrina-trump-frente-a-la-democracia-donde-esta-el-equilibrio\\\/\"},\"wordCount\":1432,\"publisher\":{\"@id\":\"https:\\\/\\\/www.revistarambla.com\\\/#organization\"},\"image\":{\"@id\":\"https:\\\/\\\/www.revistarambla.com\\\/la-doctrina-trump-frente-a-la-democracia-donde-esta-el-equilibrio\\\/#primaryimage\"},\"thumbnailUrl\":\"https:\\\/\\\/www.revistarambla.com\\\/wp-content\\\/uploads\\\/2024\\\/08\\\/president-trump-meets-with-israeli-prime-minister-benjamin-netanyahu-49451988248-a7be79-1024.jpg\",\"articleSection\":[\"Tribuna Libre\"],\"inLanguage\":\"en-GB\"},{\"@type\":\"WebPage\",\"@id\":\"https:\\\/\\\/www.revistarambla.com\\\/la-doctrina-trump-frente-a-la-democracia-donde-esta-el-equilibrio\\\/\",\"url\":\"https:\\\/\\\/www.revistarambla.com\\\/la-doctrina-trump-frente-a-la-democracia-donde-esta-el-equilibrio\\\/\",\"name\":\"La doctrina Trump frente a la democracia: \u00bfd\u00f3nde est\u00e1 el equilibrio? - Revista Rambla\",\"isPartOf\":{\"@id\":\"https:\\\/\\\/www.revistarambla.com\\\/#website\"},\"primaryImageOfPage\":{\"@id\":\"https:\\\/\\\/www.revistarambla.com\\\/la-doctrina-trump-frente-a-la-democracia-donde-esta-el-equilibrio\\\/#primaryimage\"},\"image\":{\"@id\":\"https:\\\/\\\/www.revistarambla.com\\\/la-doctrina-trump-frente-a-la-democracia-donde-esta-el-equilibrio\\\/#primaryimage\"},\"thumbnailUrl\":\"https:\\\/\\\/www.revistarambla.com\\\/wp-content\\\/uploads\\\/2024\\\/08\\\/president-trump-meets-with-israeli-prime-minister-benjamin-netanyahu-49451988248-a7be79-1024.jpg\",\"datePublished\":\"2025-09-12T17:00:05+00:00\",\"breadcrumb\":{\"@id\":\"https:\\\/\\\/www.revistarambla.com\\\/la-doctrina-trump-frente-a-la-democracia-donde-esta-el-equilibrio\\\/#breadcrumb\"},\"inLanguage\":\"en-GB\",\"potentialAction\":[{\"@type\":\"ReadAction\",\"target\":[\"https:\\\/\\\/www.revistarambla.com\\\/la-doctrina-trump-frente-a-la-democracia-donde-esta-el-equilibrio\\\/\"]}]},{\"@type\":\"ImageObject\",\"inLanguage\":\"en-GB\",\"@id\":\"https:\\\/\\\/www.revistarambla.com\\\/la-doctrina-trump-frente-a-la-democracia-donde-esta-el-equilibrio\\\/#primaryimage\",\"url\":\"https:\\\/\\\/www.revistarambla.com\\\/wp-content\\\/uploads\\\/2024\\\/08\\\/president-trump-meets-with-israeli-prime-minister-benjamin-netanyahu-49451988248-a7be79-1024.jpg\",\"contentUrl\":\"https:\\\/\\\/www.revistarambla.com\\\/wp-content\\\/uploads\\\/2024\\\/08\\\/president-trump-meets-with-israeli-prime-minister-benjamin-netanyahu-49451988248-a7be79-1024.jpg\",\"width\":1024,\"height\":683,\"caption\":\"Imagen de archivo, de enero del 2020, del ex-presidente Trump con el primer ministro israel\u00ed Benjamin Netanyahu. | PICRYL\"},{\"@type\":\"BreadcrumbList\",\"@id\":\"https:\\\/\\\/www.revistarambla.com\\\/la-doctrina-trump-frente-a-la-democracia-donde-esta-el-equilibrio\\\/#breadcrumb\",\"itemListElement\":[{\"@type\":\"ListItem\",\"position\":1,\"name\":\"Portada\",\"item\":\"https:\\\/\\\/www.revistarambla.com\\\/\"},{\"@type\":\"ListItem\",\"position\":2,\"name\":\"La doctrina Trump frente a la democracia: \u00bfd\u00f3nde est\u00e1 el equilibrio?\"}]},{\"@type\":\"WebSite\",\"@id\":\"https:\\\/\\\/www.revistarambla.com\\\/#website\",\"url\":\"https:\\\/\\\/www.revistarambla.com\\\/\",\"name\":\"Revista Rambla Barcelona\",\"description\":\"Periodismo independiente\",\"publisher\":{\"@id\":\"https:\\\/\\\/www.revistarambla.com\\\/#organization\"},\"potentialAction\":[{\"@type\":\"SearchAction\",\"target\":{\"@type\":\"EntryPoint\",\"urlTemplate\":\"https:\\\/\\\/www.revistarambla.com\\\/?s={search_term_string}\"},\"query-input\":{\"@type\":\"PropertyValueSpecification\",\"valueRequired\":true,\"valueName\":\"search_term_string\"}}],\"inLanguage\":\"en-GB\"},{\"@type\":\"Organization\",\"@id\":\"https:\\\/\\\/www.revistarambla.com\\\/#organization\",\"name\":\"Revista Rambla\",\"url\":\"https:\\\/\\\/www.revistarambla.com\\\/\",\"logo\":{\"@type\":\"ImageObject\",\"inLanguage\":\"en-GB\",\"@id\":\"https:\\\/\\\/www.revistarambla.com\\\/#\\\/schema\\\/logo\\\/image\\\/\",\"url\":\"https:\\\/\\\/www.revistarambla.com\\\/wp-content\\\/uploads\\\/2020\\\/09\\\/banner_rambla_1900x600_BB.png\",\"contentUrl\":\"https:\\\/\\\/www.revistarambla.com\\\/wp-content\\\/uploads\\\/2020\\\/09\\\/banner_rambla_1900x600_BB.png\",\"width\":1900,\"height\":600,\"caption\":\"Revista Rambla\"},\"image\":{\"@id\":\"https:\\\/\\\/www.revistarambla.com\\\/#\\\/schema\\\/logo\\\/image\\\/\"},\"sameAs\":[\"https:\\\/\\\/www.facebook.com\\\/revistarambla\\\/\",\"https:\\\/\\\/x.com\\\/revistarambla\",\"https:\\\/\\\/www.instagram.com\\\/revista_rambla\",\"https:\\\/\\\/es.linkedin.com\\\/company\\\/revista-rambla\"]},{\"@type\":\"Person\",\"@id\":\"https:\\\/\\\/www.revistarambla.com\\\/#\\\/schema\\\/person\\\/2b19179a8ace334b829ad72cc6e6ce97\",\"name\":\"Martin Ag\u00fcero\"}]}<\/script>\n<!-- \/ Yoast SEO plugin. -->","yoast_head_json":{"title":"La doctrina Trump frente a la democracia: \u00bfd\u00f3nde est\u00e1 el equilibrio? - Revista Rambla","robots":{"index":"index","follow":"follow","max-snippet":"max-snippet:-1","max-image-preview":"max-image-preview:large","max-video-preview":"max-video-preview:-1"},"canonical":"https:\/\/www.revistarambla.com\/en\/la-doctrina-trump-frente-a-la-democracia-donde-esta-el-equilibrio\/","og_locale":"en_GB","og_type":"article","og_title":"La doctrina Trump frente a la democracia: \u00bfd\u00f3nde est\u00e1 el equilibrio? - Revista Rambla","og_description":"Tras seis meses en la Casa Blanca, Donald Trump dej\u00f3 claro que sue\u00f1a con ocupar su lugar en la historia y situarse a la altura de presidentes como James Monroe, Harry Truman, Richard Nixon y Ronald Reagan. Sin embargo, su principal legado, la \u00abdoctrina Trump\u00bb, destinada a convertirlo en un [&hellip;]","og_url":"https:\/\/www.revistarambla.com\/en\/la-doctrina-trump-frente-a-la-democracia-donde-esta-el-equilibrio\/","og_site_name":"Revista Rambla","article_publisher":"https:\/\/www.facebook.com\/revistarambla\/","article_published_time":"2025-09-12T17:00:05+00:00","og_image":[{"width":1024,"height":683,"url":"https:\/\/www.revistarambla.com\/wp-content\/uploads\/2024\/08\/president-trump-meets-with-israeli-prime-minister-benjamin-netanyahu-49451988248-a7be79-1024.jpg","type":"image\/jpeg"}],"author":"Martin Ag\u00fcero","twitter_card":"summary_large_image","twitter_creator":"@revistarambla","twitter_site":"@revistarambla","twitter_misc":{"Written by":"Martin Ag\u00fcero","Estimated reading time":"7 minutes"},"schema":{"@context":"https:\/\/schema.org","@graph":[{"@type":"Article","@id":"https:\/\/www.revistarambla.com\/la-doctrina-trump-frente-a-la-democracia-donde-esta-el-equilibrio\/#article","isPartOf":{"@id":"https:\/\/www.revistarambla.com\/la-doctrina-trump-frente-a-la-democracia-donde-esta-el-equilibrio\/"},"author":{"name":"Martin Ag\u00fcero","@id":"https:\/\/www.revistarambla.com\/#\/schema\/person\/2b19179a8ace334b829ad72cc6e6ce97"},"headline":"La doctrina Trump frente a la democracia: \u00bfd\u00f3nde est\u00e1 el equilibrio?","datePublished":"2025-09-12T17:00:05+00:00","mainEntityOfPage":{"@id":"https:\/\/www.revistarambla.com\/la-doctrina-trump-frente-a-la-democracia-donde-esta-el-equilibrio\/"},"wordCount":1432,"publisher":{"@id":"https:\/\/www.revistarambla.com\/#organization"},"image":{"@id":"https:\/\/www.revistarambla.com\/la-doctrina-trump-frente-a-la-democracia-donde-esta-el-equilibrio\/#primaryimage"},"thumbnailUrl":"https:\/\/www.revistarambla.com\/wp-content\/uploads\/2024\/08\/president-trump-meets-with-israeli-prime-minister-benjamin-netanyahu-49451988248-a7be79-1024.jpg","articleSection":["Tribuna Libre"],"inLanguage":"en-GB"},{"@type":"WebPage","@id":"https:\/\/www.revistarambla.com\/la-doctrina-trump-frente-a-la-democracia-donde-esta-el-equilibrio\/","url":"https:\/\/www.revistarambla.com\/la-doctrina-trump-frente-a-la-democracia-donde-esta-el-equilibrio\/","name":"La doctrina Trump frente a la democracia: \u00bfd\u00f3nde est\u00e1 el equilibrio? - Revista Rambla","isPartOf":{"@id":"https:\/\/www.revistarambla.com\/#website"},"primaryImageOfPage":{"@id":"https:\/\/www.revistarambla.com\/la-doctrina-trump-frente-a-la-democracia-donde-esta-el-equilibrio\/#primaryimage"},"image":{"@id":"https:\/\/www.revistarambla.com\/la-doctrina-trump-frente-a-la-democracia-donde-esta-el-equilibrio\/#primaryimage"},"thumbnailUrl":"https:\/\/www.revistarambla.com\/wp-content\/uploads\/2024\/08\/president-trump-meets-with-israeli-prime-minister-benjamin-netanyahu-49451988248-a7be79-1024.jpg","datePublished":"2025-09-12T17:00:05+00:00","breadcrumb":{"@id":"https:\/\/www.revistarambla.com\/la-doctrina-trump-frente-a-la-democracia-donde-esta-el-equilibrio\/#breadcrumb"},"inLanguage":"en-GB","potentialAction":[{"@type":"ReadAction","target":["https:\/\/www.revistarambla.com\/la-doctrina-trump-frente-a-la-democracia-donde-esta-el-equilibrio\/"]}]},{"@type":"ImageObject","inLanguage":"en-GB","@id":"https:\/\/www.revistarambla.com\/la-doctrina-trump-frente-a-la-democracia-donde-esta-el-equilibrio\/#primaryimage","url":"https:\/\/www.revistarambla.com\/wp-content\/uploads\/2024\/08\/president-trump-meets-with-israeli-prime-minister-benjamin-netanyahu-49451988248-a7be79-1024.jpg","contentUrl":"https:\/\/www.revistarambla.com\/wp-content\/uploads\/2024\/08\/president-trump-meets-with-israeli-prime-minister-benjamin-netanyahu-49451988248-a7be79-1024.jpg","width":1024,"height":683,"caption":"Imagen de archivo, de enero del 2020, del ex-presidente Trump con el primer ministro israel\u00ed Benjamin Netanyahu. | PICRYL"},{"@type":"BreadcrumbList","@id":"https:\/\/www.revistarambla.com\/la-doctrina-trump-frente-a-la-democracia-donde-esta-el-equilibrio\/#breadcrumb","itemListElement":[{"@type":"ListItem","position":1,"name":"Portada","item":"https:\/\/www.revistarambla.com\/"},{"@type":"ListItem","position":2,"name":"La doctrina Trump frente a la democracia: \u00bfd\u00f3nde est\u00e1 el equilibrio?"}]},{"@type":"WebSite","@id":"https:\/\/www.revistarambla.com\/#website","url":"https:\/\/www.revistarambla.com\/","name":"Revista Rambla Barcelona","description":"Periodismo independiente","publisher":{"@id":"https:\/\/www.revistarambla.com\/#organization"},"potentialAction":[{"@type":"SearchAction","target":{"@type":"EntryPoint","urlTemplate":"https:\/\/www.revistarambla.com\/?s={search_term_string}"},"query-input":{"@type":"PropertyValueSpecification","valueRequired":true,"valueName":"search_term_string"}}],"inLanguage":"en-GB"},{"@type":"Organization","@id":"https:\/\/www.revistarambla.com\/#organization","name":"Revista Rambla","url":"https:\/\/www.revistarambla.com\/","logo":{"@type":"ImageObject","inLanguage":"en-GB","@id":"https:\/\/www.revistarambla.com\/#\/schema\/logo\/image\/","url":"https:\/\/www.revistarambla.com\/wp-content\/uploads\/2020\/09\/banner_rambla_1900x600_BB.png","contentUrl":"https:\/\/www.revistarambla.com\/wp-content\/uploads\/2020\/09\/banner_rambla_1900x600_BB.png","width":1900,"height":600,"caption":"Revista Rambla"},"image":{"@id":"https:\/\/www.revistarambla.com\/#\/schema\/logo\/image\/"},"sameAs":["https:\/\/www.facebook.com\/revistarambla\/","https:\/\/x.com\/revistarambla","https:\/\/www.instagram.com\/revista_rambla","https:\/\/es.linkedin.com\/company\/revista-rambla"]},{"@type":"Person","@id":"https:\/\/www.revistarambla.com\/#\/schema\/person\/2b19179a8ace334b829ad72cc6e6ce97","name":"Martin Ag\u00fcero"}]}},"_links":{"self":[{"href":"https:\/\/www.revistarambla.com\/en\/wp-json\/wp\/v2\/posts\/66538","targetHints":{"allow":["GET"]}}],"collection":[{"href":"https:\/\/www.revistarambla.com\/en\/wp-json\/wp\/v2\/posts"}],"about":[{"href":"https:\/\/www.revistarambla.com\/en\/wp-json\/wp\/v2\/types\/post"}],"author":[{"embeddable":true,"href":"https:\/\/www.revistarambla.com\/en\/wp-json\/wp\/v2\/users\/15"}],"replies":[{"embeddable":true,"href":"https:\/\/www.revistarambla.com\/en\/wp-json\/wp\/v2\/comments?post=66538"}],"version-history":[{"count":1,"href":"https:\/\/www.revistarambla.com\/en\/wp-json\/wp\/v2\/posts\/66538\/revisions"}],"predecessor-version":[{"id":66539,"href":"https:\/\/www.revistarambla.com\/en\/wp-json\/wp\/v2\/posts\/66538\/revisions\/66539"}],"wp:featuredmedia":[{"embeddable":true,"href":"https:\/\/www.revistarambla.com\/en\/wp-json\/wp\/v2\/media\/62311"}],"wp:attachment":[{"href":"https:\/\/www.revistarambla.com\/en\/wp-json\/wp\/v2\/media?parent=66538"}],"wp:term":[{"taxonomy":"category","embeddable":true,"href":"https:\/\/www.revistarambla.com\/en\/wp-json\/wp\/v2\/categories?post=66538"},{"taxonomy":"post_tag","embeddable":true,"href":"https:\/\/www.revistarambla.com\/en\/wp-json\/wp\/v2\/tags?post=66538"}],"curies":[{"name":"wp","href":"https:\/\/api.w.org\/{rel}","templated":true}]}}