{"id":66535,"date":"2025-09-12T18:55:58","date_gmt":"2025-09-12T16:55:58","guid":{"rendered":"https:\/\/www.revistarambla.com\/?p=66535"},"modified":"2025-09-12T18:55:58","modified_gmt":"2025-09-12T16:55:58","slug":"sondeos-cis-y-el-pais-incremento-abstencion-proximas-eleciones","status":"publish","type":"post","link":"https:\/\/www.revistarambla.com\/en\/sondeos-cis-y-el-pais-incremento-abstencion-proximas-eleciones\/","title":{"rendered":"Sondeos CIS Y El Pais:  Incremento Abstenci\u00f3n Pr\u00f3ximas Eleciones"},"content":{"rendered":"<p>El pasado mes de julio el CIS publicaba el Estudio 3215, realizado entre el 1 y 7 del mismo mes relativo al BAR\u00d3METRO SOBRE LA SITUACI\u00d3N DE ESPA\u00d1A, (20 p\u00e1ginas principales y otras complementarias), cuyo objetivo era medir perspectivas de la opini\u00f3n p\u00fablica del voto respecto a eventuales Elecciones Generales, as\u00ed como otras de inter\u00e9s social.<\/p>\n<p>Posteriormente, EL PA\u00cdS publicaba con fecha 08.09.25, reportaje sobre Vox, alcanzando su mejor resultado desde las generales, dejando al PP en su peor registro.<\/p>\n<p>Naturalmente, se trata de sondeos o intenciones de votos. Los cuales abundar\u00e1n a medida que se aproximen las eventuales Elecciones, y como cualquier instrumento de esta clase, contar\u00e1n posiblemente con el punto de vista del padrinazgo correspondiente.<\/p>\n<p>Este autor se ha ajustado literalmente y respetado al tipo de preguntas efectuadas, pero al tratarse de una \u201cestimaci\u00f3n de voto\u201d \u2013 proyecci\u00f3n de futuro &#8211; por tanto, sujeta a circunstancias, y, su grado, valoraci\u00f3n de respuesta, podr\u00edan tener distinto comportamiento, por lo que ha recurrido al estudio de estas y aquellas mediante la especializaci\u00f3n de la I.A.<\/p>\n<p>El primero, (CIS) dispone de un mayor desarrollo y contenido t\u00e9cnico, junto a la contemplaci\u00f3n de diversos supuestos identificados con el marco social.<\/p>\n<p>Contin\u00faa sin dar la talla. Coleccionan \u201cchisteras para la prestidigitaci\u00f3n pol\u00edtica\u201d, aunque reflejan las preguntas con claridad (ninguno, en blanco, nulo, NS\/NC), mucho m\u00e1s f\u00e1ciles para detectar, que ante a un simple \u201cestimado de voto<\/p>\n<p>Vayamos a contemplar algunos datos, pregunta 16 R<\/p>\n<p>En la p\u00e1gina 10 del citado Bar\u00f3metro, figura el encabezamiento:(SOLO PARA QUIENES NO VOTAR\u00cdAN A NING\u00daN PARTIDO EN LAS PR\u00d3XIMAS ELECCIONES GENERALES) y a continuaci\u00f3n las preguntas,16 R y 16 (a) VOTO+SIMPAT\u00cdA \u00bfme podr\u00eda decir por qu\u00e9 partido siente Ud. mayor simpat\u00eda?<\/p>\n<p>Pregunta 16 R -p\u00e1gina 10. La mayor respuesta negativa la obtiene la primera, con diferencia la obtiene la afirmaci\u00f3n: \u201cninguno\u201d, con un 41%. La segunda posici\u00f3n a gran distancia: PSOE, con un 17.7%.<\/p>\n<p>Es decir, la submuestra de no votantes declarados (N=1.276, P16R):<\/p>\n<p>41,0 % dice \u201cning\u00fan partido\u201d.<br \/>\n5,3 % no sabe, 6,6 % no contesta.<\/p>\n<p>Es decir, m\u00e1s de la mitad (\u224853 %) de quienes ya han declarado, indicando que no votar\u00edan o votar\u00edan en blanco\/nulo.<\/p>\n<p>Pregunta 16 (a) VOTO+SIMPAT\u00cdA (P16a, N=4.018):<\/p>\n<p>10,3 % \u201cninguno\u201d (rechazo expl\u00edcito).<br \/>\n4,2 % en blanco,<br \/>\n1,7 % nulo.<\/p>\n<p>En conjunto, alrededor del 16 % de la muestra se sit\u00faa fuera de las opciones partidistas.<\/p>\n<p>El segundo, (EL PA\u00cdS), se centra en el \u201cpique\u201d entre partidos, porque vende m\u00e1s el relato de ganadores y perdedores que la fotograf\u00eda de fondo sobre desafecci\u00f3n.<\/p>\n<p><strong>CONCLUSIONES PRELIMINARES<\/strong><\/p>\n<p>Bajo comparaci\u00f3n hist\u00f3rica, bar\u00f3metros anteriores del CIS, referido al bloque de \u201cninguno + en blanco + nulo\u201d en voto + simpat\u00eda sol\u00eda rondar el 10\u201312 %. Que ahora est\u00e9 en torno al 16 % sugiere un repunte de desapego.<\/p>\n<p>Para mayor ampliaci\u00f3n, cuando el anterior bloque: ninguno + blanco + nulo pasa del 12\u201313 % hist\u00f3rico \u2192 se\u00f1ales de mayor abstenci\u00f3n.<br \/>\nEl dato del 41 % sin simpat\u00eda entre quienes ya han descartado votar, refuerza la idea de que hay un sector amplio dif\u00edcil de movilizar, incluso si se acercara la campa\u00f1a.<\/p>\n<p>La proporci\u00f3n de \u201cNo sabe\/No contesta\u201d en esa misma submuestra (\u224812 %) tambi\u00e9n indica desafecci\u00f3n m\u00e1s que indecisi\u00f3n pura.<br \/>\nIndicios previos de abstenciones al alza. Aumento sostenido de \u201cninguno\u201d en simpat\u00eda (&gt;35\u201340 % en la submuestra de no votantes). Bloque en blanco\/nulo\/ninguno en voto + simpat\u00eda por encima del 15 %. Desgaste transversal, cuando se traduce en abstenci\u00f3n real y desafecci\u00f3n general hacia los partidos pol\u00edticos. Refiri\u00e9ndonos a un debilitamiento o p\u00e9rdida de legitimidad de las ideas o enfoques pol\u00edticos que intentan abarcar distintas realidades.<\/p>","protected":false},"excerpt":{"rendered":"<p>El pasado mes de julio el CIS publicaba el Estudio 3215, realizado entre el 1 y 7 del mismo mes relativo al BAR\u00d3METRO SOBRE LA SITUACI\u00d3N DE ESPA\u00d1A, (20 p\u00e1ginas principales y otras complementarias), cuyo objetivo era medir perspectivas de la opini\u00f3n p\u00fablica del voto respecto a eventuales Elecciones Generales, [&hellip;]<\/p>\n","protected":false},"author":305,"featured_media":66536,"comment_status":"closed","ping_status":"closed","sticky":false,"template":"","format":"standard","meta":{"footnotes":""},"categories":[4079],"tags":[],"class_list":["post-66535","post","type-post","status-publish","format-standard","has-post-thumbnail","hentry","category-tribuna-libre"],"yoast_head":"<!-- This site is optimized with the Yoast SEO plugin v27.5 - https:\/\/yoast.com\/product\/yoast-seo-wordpress\/ -->\n<title>Sondeos CIS Y El Pais: Incremento Abstenci\u00f3n Pr\u00f3ximas Eleciones - Revista Rambla<\/title>\n<meta name=\"robots\" content=\"index, follow, max-snippet:-1, max-image-preview:large, max-video-preview:-1\" \/>\n<link rel=\"canonical\" href=\"https:\/\/www.revistarambla.com\/en\/sondeos-cis-y-el-pais-incremento-abstencion-proximas-eleciones\/\" \/>\n<meta property=\"og:locale\" content=\"en_GB\" \/>\n<meta property=\"og:type\" content=\"article\" \/>\n<meta property=\"og:title\" content=\"Sondeos CIS Y El Pais: Incremento Abstenci\u00f3n Pr\u00f3ximas Eleciones - Revista Rambla\" \/>\n<meta property=\"og:description\" content=\"El pasado mes de julio el CIS publicaba el Estudio 3215, realizado entre el 1 y 7 del mismo mes relativo al BAR\u00d3METRO SOBRE LA SITUACI\u00d3N DE ESPA\u00d1A, (20 p\u00e1ginas principales y otras complementarias), cuyo objetivo era medir perspectivas de la opini\u00f3n p\u00fablica del voto respecto a eventuales Elecciones Generales, [&hellip;]\" \/>\n<meta property=\"og:url\" content=\"https:\/\/www.revistarambla.com\/en\/sondeos-cis-y-el-pais-incremento-abstencion-proximas-eleciones\/\" \/>\n<meta property=\"og:site_name\" content=\"Revista Rambla\" \/>\n<meta property=\"article:publisher\" content=\"https:\/\/www.facebook.com\/revistarambla\/\" \/>\n<meta property=\"article:published_time\" content=\"2025-09-12T16:55:58+00:00\" \/>\n<meta property=\"og:image\" content=\"https:\/\/www.revistarambla.com\/wp-content\/uploads\/2025\/09\/writing-hand-pen-finger-paper-vote-544817-pxhere.com_.jpg\" \/>\n\t<meta property=\"og:image:width\" content=\"1024\" \/>\n\t<meta property=\"og:image:height\" content=\"683\" \/>\n\t<meta property=\"og:image:type\" content=\"image\/jpeg\" \/>\n<meta name=\"author\" content=\"Jes\u00fas Antonio Rodr\u00edguez Morilla\" \/>\n<meta name=\"twitter:card\" content=\"summary_large_image\" \/>\n<meta name=\"twitter:creator\" content=\"@revistarambla\" \/>\n<meta name=\"twitter:site\" content=\"@revistarambla\" \/>\n<meta name=\"twitter:label1\" content=\"Written by\" \/>\n\t<meta name=\"twitter:data1\" content=\"Jes\u00fas Antonio Rodr\u00edguez Morilla\" \/>\n\t<meta name=\"twitter:label2\" content=\"Estimated reading time\" \/>\n\t<meta name=\"twitter:data2\" content=\"3 minutes\" \/>\n<script type=\"application\/ld+json\" class=\"yoast-schema-graph\">{\"@context\":\"https:\\\/\\\/schema.org\",\"@graph\":[{\"@type\":\"Article\",\"@id\":\"https:\\\/\\\/www.revistarambla.com\\\/sondeos-cis-y-el-pais-incremento-abstencion-proximas-eleciones\\\/#article\",\"isPartOf\":{\"@id\":\"https:\\\/\\\/www.revistarambla.com\\\/sondeos-cis-y-el-pais-incremento-abstencion-proximas-eleciones\\\/\"},\"author\":{\"name\":\"Jes\u00fas Antonio Rodr\u00edguez Morilla\",\"@id\":\"https:\\\/\\\/www.revistarambla.com\\\/#\\\/schema\\\/person\\\/eace802346abd966cd3ecb763f255a0a\"},\"headline\":\"Sondeos CIS Y El Pais: Incremento Abstenci\u00f3n Pr\u00f3ximas Eleciones\",\"datePublished\":\"2025-09-12T16:55:58+00:00\",\"mainEntityOfPage\":{\"@id\":\"https:\\\/\\\/www.revistarambla.com\\\/sondeos-cis-y-el-pais-incremento-abstencion-proximas-eleciones\\\/\"},\"wordCount\":642,\"publisher\":{\"@id\":\"https:\\\/\\\/www.revistarambla.com\\\/#organization\"},\"image\":{\"@id\":\"https:\\\/\\\/www.revistarambla.com\\\/sondeos-cis-y-el-pais-incremento-abstencion-proximas-eleciones\\\/#primaryimage\"},\"thumbnailUrl\":\"https:\\\/\\\/www.revistarambla.com\\\/wp-content\\\/uploads\\\/2025\\\/09\\\/writing-hand-pen-finger-paper-vote-544817-pxhere.com_.jpg\",\"articleSection\":[\"Tribuna Libre\"],\"inLanguage\":\"en-GB\"},{\"@type\":\"WebPage\",\"@id\":\"https:\\\/\\\/www.revistarambla.com\\\/sondeos-cis-y-el-pais-incremento-abstencion-proximas-eleciones\\\/\",\"url\":\"https:\\\/\\\/www.revistarambla.com\\\/sondeos-cis-y-el-pais-incremento-abstencion-proximas-eleciones\\\/\",\"name\":\"Sondeos CIS Y El Pais: Incremento Abstenci\u00f3n Pr\u00f3ximas Eleciones - Revista Rambla\",\"isPartOf\":{\"@id\":\"https:\\\/\\\/www.revistarambla.com\\\/#website\"},\"primaryImageOfPage\":{\"@id\":\"https:\\\/\\\/www.revistarambla.com\\\/sondeos-cis-y-el-pais-incremento-abstencion-proximas-eleciones\\\/#primaryimage\"},\"image\":{\"@id\":\"https:\\\/\\\/www.revistarambla.com\\\/sondeos-cis-y-el-pais-incremento-abstencion-proximas-eleciones\\\/#primaryimage\"},\"thumbnailUrl\":\"https:\\\/\\\/www.revistarambla.com\\\/wp-content\\\/uploads\\\/2025\\\/09\\\/writing-hand-pen-finger-paper-vote-544817-pxhere.com_.jpg\",\"datePublished\":\"2025-09-12T16:55:58+00:00\",\"breadcrumb\":{\"@id\":\"https:\\\/\\\/www.revistarambla.com\\\/sondeos-cis-y-el-pais-incremento-abstencion-proximas-eleciones\\\/#breadcrumb\"},\"inLanguage\":\"en-GB\",\"potentialAction\":[{\"@type\":\"ReadAction\",\"target\":[\"https:\\\/\\\/www.revistarambla.com\\\/sondeos-cis-y-el-pais-incremento-abstencion-proximas-eleciones\\\/\"]}]},{\"@type\":\"ImageObject\",\"inLanguage\":\"en-GB\",\"@id\":\"https:\\\/\\\/www.revistarambla.com\\\/sondeos-cis-y-el-pais-incremento-abstencion-proximas-eleciones\\\/#primaryimage\",\"url\":\"https:\\\/\\\/www.revistarambla.com\\\/wp-content\\\/uploads\\\/2025\\\/09\\\/writing-hand-pen-finger-paper-vote-544817-pxhere.com_.jpg\",\"contentUrl\":\"https:\\\/\\\/www.revistarambla.com\\\/wp-content\\\/uploads\\\/2025\\\/09\\\/writing-hand-pen-finger-paper-vote-544817-pxhere.com_.jpg\",\"width\":1024,\"height\":683,\"caption\":\"Sondeos\"},{\"@type\":\"BreadcrumbList\",\"@id\":\"https:\\\/\\\/www.revistarambla.com\\\/sondeos-cis-y-el-pais-incremento-abstencion-proximas-eleciones\\\/#breadcrumb\",\"itemListElement\":[{\"@type\":\"ListItem\",\"position\":1,\"name\":\"Portada\",\"item\":\"https:\\\/\\\/www.revistarambla.com\\\/\"},{\"@type\":\"ListItem\",\"position\":2,\"name\":\"Sondeos CIS Y El Pais: Incremento Abstenci\u00f3n Pr\u00f3ximas Eleciones\"}]},{\"@type\":\"WebSite\",\"@id\":\"https:\\\/\\\/www.revistarambla.com\\\/#website\",\"url\":\"https:\\\/\\\/www.revistarambla.com\\\/\",\"name\":\"Revista Rambla Barcelona\",\"description\":\"Periodismo independiente\",\"publisher\":{\"@id\":\"https:\\\/\\\/www.revistarambla.com\\\/#organization\"},\"potentialAction\":[{\"@type\":\"SearchAction\",\"target\":{\"@type\":\"EntryPoint\",\"urlTemplate\":\"https:\\\/\\\/www.revistarambla.com\\\/?s={search_term_string}\"},\"query-input\":{\"@type\":\"PropertyValueSpecification\",\"valueRequired\":true,\"valueName\":\"search_term_string\"}}],\"inLanguage\":\"en-GB\"},{\"@type\":\"Organization\",\"@id\":\"https:\\\/\\\/www.revistarambla.com\\\/#organization\",\"name\":\"Revista Rambla\",\"url\":\"https:\\\/\\\/www.revistarambla.com\\\/\",\"logo\":{\"@type\":\"ImageObject\",\"inLanguage\":\"en-GB\",\"@id\":\"https:\\\/\\\/www.revistarambla.com\\\/#\\\/schema\\\/logo\\\/image\\\/\",\"url\":\"https:\\\/\\\/www.revistarambla.com\\\/wp-content\\\/uploads\\\/2020\\\/09\\\/banner_rambla_1900x600_BB.png\",\"contentUrl\":\"https:\\\/\\\/www.revistarambla.com\\\/wp-content\\\/uploads\\\/2020\\\/09\\\/banner_rambla_1900x600_BB.png\",\"width\":1900,\"height\":600,\"caption\":\"Revista Rambla\"},\"image\":{\"@id\":\"https:\\\/\\\/www.revistarambla.com\\\/#\\\/schema\\\/logo\\\/image\\\/\"},\"sameAs\":[\"https:\\\/\\\/www.facebook.com\\\/revistarambla\\\/\",\"https:\\\/\\\/x.com\\\/revistarambla\",\"https:\\\/\\\/www.instagram.com\\\/revista_rambla\",\"https:\\\/\\\/es.linkedin.com\\\/company\\\/revista-rambla\"]},{\"@type\":\"Person\",\"@id\":\"https:\\\/\\\/www.revistarambla.com\\\/#\\\/schema\\\/person\\\/eace802346abd966cd3ecb763f255a0a\",\"name\":\"Jes\u00fas Antonio Rodr\u00edguez Morilla\",\"description\":\"Doctor en Derecho por la U.C.M. (Cum Laude). Licenciado en Derecho. Licenciado en Ciencias Pol\u00edticas. Caballero de M\u00e9rito de la Real Orden (Noruega).\",\"sameAs\":[\"https:\\\/\\\/www.modificadosobraspublicas.com\"]}]}<\/script>\n<!-- \/ Yoast SEO plugin. -->","yoast_head_json":{"title":"Sondeos CIS Y El Pais: Incremento Abstenci\u00f3n Pr\u00f3ximas Eleciones - Revista Rambla","robots":{"index":"index","follow":"follow","max-snippet":"max-snippet:-1","max-image-preview":"max-image-preview:large","max-video-preview":"max-video-preview:-1"},"canonical":"https:\/\/www.revistarambla.com\/en\/sondeos-cis-y-el-pais-incremento-abstencion-proximas-eleciones\/","og_locale":"en_GB","og_type":"article","og_title":"Sondeos CIS Y El Pais: Incremento Abstenci\u00f3n Pr\u00f3ximas Eleciones - Revista Rambla","og_description":"El pasado mes de julio el CIS publicaba el Estudio 3215, realizado entre el 1 y 7 del mismo mes relativo al BAR\u00d3METRO SOBRE LA SITUACI\u00d3N DE ESPA\u00d1A, (20 p\u00e1ginas principales y otras complementarias), cuyo objetivo era medir perspectivas de la opini\u00f3n p\u00fablica del voto respecto a eventuales Elecciones Generales, [&hellip;]","og_url":"https:\/\/www.revistarambla.com\/en\/sondeos-cis-y-el-pais-incremento-abstencion-proximas-eleciones\/","og_site_name":"Revista Rambla","article_publisher":"https:\/\/www.facebook.com\/revistarambla\/","article_published_time":"2025-09-12T16:55:58+00:00","og_image":[{"width":1024,"height":683,"url":"https:\/\/www.revistarambla.com\/wp-content\/uploads\/2025\/09\/writing-hand-pen-finger-paper-vote-544817-pxhere.com_.jpg","type":"image\/jpeg"}],"author":"Jes\u00fas Antonio Rodr\u00edguez Morilla","twitter_card":"summary_large_image","twitter_creator":"@revistarambla","twitter_site":"@revistarambla","twitter_misc":{"Written by":"Jes\u00fas Antonio Rodr\u00edguez Morilla","Estimated reading time":"3 minutes"},"schema":{"@context":"https:\/\/schema.org","@graph":[{"@type":"Article","@id":"https:\/\/www.revistarambla.com\/sondeos-cis-y-el-pais-incremento-abstencion-proximas-eleciones\/#article","isPartOf":{"@id":"https:\/\/www.revistarambla.com\/sondeos-cis-y-el-pais-incremento-abstencion-proximas-eleciones\/"},"author":{"name":"Jes\u00fas Antonio Rodr\u00edguez Morilla","@id":"https:\/\/www.revistarambla.com\/#\/schema\/person\/eace802346abd966cd3ecb763f255a0a"},"headline":"Sondeos CIS Y El Pais: Incremento Abstenci\u00f3n Pr\u00f3ximas Eleciones","datePublished":"2025-09-12T16:55:58+00:00","mainEntityOfPage":{"@id":"https:\/\/www.revistarambla.com\/sondeos-cis-y-el-pais-incremento-abstencion-proximas-eleciones\/"},"wordCount":642,"publisher":{"@id":"https:\/\/www.revistarambla.com\/#organization"},"image":{"@id":"https:\/\/www.revistarambla.com\/sondeos-cis-y-el-pais-incremento-abstencion-proximas-eleciones\/#primaryimage"},"thumbnailUrl":"https:\/\/www.revistarambla.com\/wp-content\/uploads\/2025\/09\/writing-hand-pen-finger-paper-vote-544817-pxhere.com_.jpg","articleSection":["Tribuna Libre"],"inLanguage":"en-GB"},{"@type":"WebPage","@id":"https:\/\/www.revistarambla.com\/sondeos-cis-y-el-pais-incremento-abstencion-proximas-eleciones\/","url":"https:\/\/www.revistarambla.com\/sondeos-cis-y-el-pais-incremento-abstencion-proximas-eleciones\/","name":"Sondeos CIS Y El Pais: Incremento Abstenci\u00f3n Pr\u00f3ximas Eleciones - Revista Rambla","isPartOf":{"@id":"https:\/\/www.revistarambla.com\/#website"},"primaryImageOfPage":{"@id":"https:\/\/www.revistarambla.com\/sondeos-cis-y-el-pais-incremento-abstencion-proximas-eleciones\/#primaryimage"},"image":{"@id":"https:\/\/www.revistarambla.com\/sondeos-cis-y-el-pais-incremento-abstencion-proximas-eleciones\/#primaryimage"},"thumbnailUrl":"https:\/\/www.revistarambla.com\/wp-content\/uploads\/2025\/09\/writing-hand-pen-finger-paper-vote-544817-pxhere.com_.jpg","datePublished":"2025-09-12T16:55:58+00:00","breadcrumb":{"@id":"https:\/\/www.revistarambla.com\/sondeos-cis-y-el-pais-incremento-abstencion-proximas-eleciones\/#breadcrumb"},"inLanguage":"en-GB","potentialAction":[{"@type":"ReadAction","target":["https:\/\/www.revistarambla.com\/sondeos-cis-y-el-pais-incremento-abstencion-proximas-eleciones\/"]}]},{"@type":"ImageObject","inLanguage":"en-GB","@id":"https:\/\/www.revistarambla.com\/sondeos-cis-y-el-pais-incremento-abstencion-proximas-eleciones\/#primaryimage","url":"https:\/\/www.revistarambla.com\/wp-content\/uploads\/2025\/09\/writing-hand-pen-finger-paper-vote-544817-pxhere.com_.jpg","contentUrl":"https:\/\/www.revistarambla.com\/wp-content\/uploads\/2025\/09\/writing-hand-pen-finger-paper-vote-544817-pxhere.com_.jpg","width":1024,"height":683,"caption":"Sondeos"},{"@type":"BreadcrumbList","@id":"https:\/\/www.revistarambla.com\/sondeos-cis-y-el-pais-incremento-abstencion-proximas-eleciones\/#breadcrumb","itemListElement":[{"@type":"ListItem","position":1,"name":"Portada","item":"https:\/\/www.revistarambla.com\/"},{"@type":"ListItem","position":2,"name":"Sondeos CIS Y El Pais: Incremento Abstenci\u00f3n Pr\u00f3ximas Eleciones"}]},{"@type":"WebSite","@id":"https:\/\/www.revistarambla.com\/#website","url":"https:\/\/www.revistarambla.com\/","name":"Revista Rambla Barcelona","description":"Periodismo independiente","publisher":{"@id":"https:\/\/www.revistarambla.com\/#organization"},"potentialAction":[{"@type":"SearchAction","target":{"@type":"EntryPoint","urlTemplate":"https:\/\/www.revistarambla.com\/?s={search_term_string}"},"query-input":{"@type":"PropertyValueSpecification","valueRequired":true,"valueName":"search_term_string"}}],"inLanguage":"en-GB"},{"@type":"Organization","@id":"https:\/\/www.revistarambla.com\/#organization","name":"Revista Rambla","url":"https:\/\/www.revistarambla.com\/","logo":{"@type":"ImageObject","inLanguage":"en-GB","@id":"https:\/\/www.revistarambla.com\/#\/schema\/logo\/image\/","url":"https:\/\/www.revistarambla.com\/wp-content\/uploads\/2020\/09\/banner_rambla_1900x600_BB.png","contentUrl":"https:\/\/www.revistarambla.com\/wp-content\/uploads\/2020\/09\/banner_rambla_1900x600_BB.png","width":1900,"height":600,"caption":"Revista Rambla"},"image":{"@id":"https:\/\/www.revistarambla.com\/#\/schema\/logo\/image\/"},"sameAs":["https:\/\/www.facebook.com\/revistarambla\/","https:\/\/x.com\/revistarambla","https:\/\/www.instagram.com\/revista_rambla","https:\/\/es.linkedin.com\/company\/revista-rambla"]},{"@type":"Person","@id":"https:\/\/www.revistarambla.com\/#\/schema\/person\/eace802346abd966cd3ecb763f255a0a","name":"Jes\u00fas Antonio Rodr\u00edguez Morilla","description":"Doctor en Derecho por la U.C.M. (Cum Laude). Licenciado en Derecho. Licenciado en Ciencias Pol\u00edticas. Caballero de M\u00e9rito de la Real Orden (Noruega).","sameAs":["https:\/\/www.modificadosobraspublicas.com"]}]}},"_links":{"self":[{"href":"https:\/\/www.revistarambla.com\/en\/wp-json\/wp\/v2\/posts\/66535","targetHints":{"allow":["GET"]}}],"collection":[{"href":"https:\/\/www.revistarambla.com\/en\/wp-json\/wp\/v2\/posts"}],"about":[{"href":"https:\/\/www.revistarambla.com\/en\/wp-json\/wp\/v2\/types\/post"}],"author":[{"embeddable":true,"href":"https:\/\/www.revistarambla.com\/en\/wp-json\/wp\/v2\/users\/305"}],"replies":[{"embeddable":true,"href":"https:\/\/www.revistarambla.com\/en\/wp-json\/wp\/v2\/comments?post=66535"}],"version-history":[{"count":1,"href":"https:\/\/www.revistarambla.com\/en\/wp-json\/wp\/v2\/posts\/66535\/revisions"}],"predecessor-version":[{"id":66537,"href":"https:\/\/www.revistarambla.com\/en\/wp-json\/wp\/v2\/posts\/66535\/revisions\/66537"}],"wp:featuredmedia":[{"embeddable":true,"href":"https:\/\/www.revistarambla.com\/en\/wp-json\/wp\/v2\/media\/66536"}],"wp:attachment":[{"href":"https:\/\/www.revistarambla.com\/en\/wp-json\/wp\/v2\/media?parent=66535"}],"wp:term":[{"taxonomy":"category","embeddable":true,"href":"https:\/\/www.revistarambla.com\/en\/wp-json\/wp\/v2\/categories?post=66535"},{"taxonomy":"post_tag","embeddable":true,"href":"https:\/\/www.revistarambla.com\/en\/wp-json\/wp\/v2\/tags?post=66535"}],"curies":[{"name":"wp","href":"https:\/\/api.w.org\/{rel}","templated":true}]}}