{"id":66531,"date":"2025-09-12T13:20:12","date_gmt":"2025-09-12T11:20:12","guid":{"rendered":"https:\/\/www.revistarambla.com\/?p=66531"},"modified":"2025-09-14T13:17:53","modified_gmt":"2025-09-14T11:17:53","slug":"silvia-orriols-y-alianca-catalana-la-extrema-derecha-que-eclipsa-la-diada-2025","status":"publish","type":"post","link":"https:\/\/www.revistarambla.com\/en\/silvia-orriols-y-alianca-catalana-la-extrema-derecha-que-eclipsa-la-diada-2025\/","title":{"rendered":"Silvia Orriols y Alian\u00e7a Catalana: la extrema derecha que eclipsa la Diada 2025"},"content":{"rendered":"<p>Bajo una lluvia persistente que empap\u00f3 las calles de Barcelona y desluci\u00f3 la efem\u00e9ride nacional catalana, la Diada de este a\u00f1o no solo registr\u00f3 la menor afluencia de manifestantes independentistas desde el inicio del proc\u00e9s \u2013unos 28.000 seg\u00fan estimaciones de la Guardia Urbana, un 50% menos que en 2024\u2013, sino que se convirti\u00f3 en el escenario perfecto para el ascenso mete\u00f3rico de Alian\u00e7a Catalana (AC). La formaci\u00f3n, liderada por la controvertida alcaldesa de Ripoll, S\u00edlvia Orriols, irrumpi\u00f3 en la jornada con una estrategia calculada: actos paralelos, discursos incendiarios y una delegaci\u00f3n custodiada por la polic\u00eda que gener\u00f3 tanto v\u00edtores como abucheos. En un independentismo desorientado tras la p\u00e9rdida de la Generalitat en las elecciones de mayo, AC ha logrado canalizar el descontento de una base que se siente traicionada por los partidos tradicionales. \u00bfC\u00f3mo un partido fundado en 2020, con apenas un diputado en el Parlament, ha robado el protagonismo a entidades como la Assemblea Nacional Catalana (ANC) y \u00d2mnium Cultural?<\/p>\n<p>La ma\u00f1ana del 11 de septiembre amaneci\u00f3 gris en el Fossar de les Moreres, el hist\u00f3rico cementerio de Montju\u00efc donde yacen los fusilados de 1714. All\u00ed, Orriols inici\u00f3 la Diada con un \u00abba\u00f1o de masas\u00bb que sorprendi\u00f3 a propios y extra\u00f1os. Miles de simpatizantes \u2013estimaciones oficiales de AC hablan de \u00ablleno a rebosar\u00bb\u2013 se congregaron para escuchar a la l\u00edder, que luci\u00f3 una estelada y un brazalete azul, el color corporativo de su partido. \u00abDonem la cara davant els sectaris que volen fer fora part de l&#8217;independentisme\u00bb, proclam\u00f3 Orriols en un discurso que dur\u00f3 m\u00e1s de 40 minutos, transmitido en directo por las redes sociales de AC. Acus\u00f3 directamente a la ANC de \u00abexclusi\u00f3n\u00bb por no invitar a AC a sus actos centrales, y defendi\u00f3 que su formaci\u00f3n es \u00abla \u00fanica\u00bb que propone el catal\u00e1n como lengua oficial exclusiva en Catalunya, un gui\u00f1o a los sectores m\u00e1s puristas del soberanismo. La concentraci\u00f3n, que incluy\u00f3 c\u00e1nticos como \u00ab#SalvemCatalunya\u00bb y \u00ab#Diada2025\u00bb, se cerr\u00f3 con una ofrenda floral y una marcha hacia el centro de la ciudad, marcando el debut de AC en una Diada con tal visibilidad.<\/p>\n<p>Pero el verdadero cl\u00edmax lleg\u00f3 por la tarde, en la manifestaci\u00f3n principal convocada por la ANC bajo el lema \u00abDesobedi\u00e8ncia civil\u00bb. Orriols y una delegaci\u00f3n de unos 300 militantes \u2013protegidos por un cord\u00f3n de treinta mossos d&#8217;esquadra\u2013 se unieron al final del recorrido, cerca del monumento a Rafael Casanova. La recepci\u00f3n fue ambigua: gritos de \u00abS\u00edlvia! S\u00edlvia!\u00bb de sus seguidores contrastaron con abucheos y pancartas que les tildaban de \u00abfascistas con barretina\u00bb. Un v\u00eddeo viral en X (antiguo Twitter) muestra c\u00f3mo un grupo de manifestantes intent\u00f3 acercarse, obligando a la polic\u00eda a intervenir. \u00abLa ultraderecha de S\u00edlvia Orriols gana protagonismo en la Diada y acusa de sectaria a la ANC\u00bb, titul\u00f3 *El Pa\u00eds* al d\u00eda siguiente, capturando la tensi\u00f3n que dividi\u00f3 la marea independentista. En Ripoll, la cuna de AC, la jornada fue un \u00ab\u00e9xito rotundo\u00bb: una concentraci\u00f3n local con cientos de asistentes, donde Orriols reiter\u00f3 su compromiso con la \u00abmemoria y la fuerza\u00bb contra la \u00abrendici\u00f3n\u00bb de los partidos procesistas.<\/p>\n<p>Este no es un fen\u00f3meno aislado. Alian\u00e7a Catalana, fundada en 2020 en el Ripoll\u00e8s como respuesta a la crisis migratoria y el proc\u00e9s estancado, ha pasado de ser un outsider a una fuerza con proyecci\u00f3n electoral. Orriols, de 42 a\u00f1os, madre de cinco hijos y exconcejala del PP local, encarna el perfil de la l\u00edder carism\u00e1tica: directa, sin filtros y con un discurso que mezcla soberanismo radical con posiciones antiinmigraci\u00f3n. Elegida alcaldesa de Ripoll en 2023 con el 36% de los votos, su gesti\u00f3n \u2013marcada por ordenanzas contra la okupaci\u00f3n y campa\u00f1as por la \u00abcatalanidad\u00bb\u2013 le vali\u00f3 un esca\u00f1o en el Parlament en 2024. Hoy, sondeos del CEO (Centre d&#8217;Estudis d&#8217;Opini\u00f3) la sit\u00faan con hasta 11 esca\u00f1os potenciales en las pr\u00f3ximas elecciones, multiplicando por diez su representaci\u00f3n actual. \u00abAC se dispara en el Parlament con hasta 11 esca\u00f1os\u00bb, alertaba <em>La Raz\u00f3n<\/em>\u00a0en julio, destacando c\u00f3mo Junts y ERC se estancan mientras la extrema derecha independentista avanza.<\/p>\n<p><img decoding=\"async\" class=\"aligncenter size-full wp-image-66533\" src=\"https:\/\/www.revistarambla.com\/wp-content\/uploads\/2025\/09\/alianca-catalana-diada-2025.jpg\" alt=\"alian\u00e7a catalana diada 2025\" width=\"1600\" height=\"900\" srcset=\"https:\/\/www.revistarambla.com\/wp-content\/uploads\/2025\/09\/alianca-catalana-diada-2025.jpg 1600w, https:\/\/www.revistarambla.com\/wp-content\/uploads\/2025\/09\/alianca-catalana-diada-2025-649x365.jpg 649w, https:\/\/www.revistarambla.com\/wp-content\/uploads\/2025\/09\/alianca-catalana-diada-2025-840x473.jpg 840w, https:\/\/www.revistarambla.com\/wp-content\/uploads\/2025\/09\/alianca-catalana-diada-2025-500x280.jpg 500w, https:\/\/www.revistarambla.com\/wp-content\/uploads\/2025\/09\/alianca-catalana-diada-2025-768x432.jpg 768w, https:\/\/www.revistarambla.com\/wp-content\/uploads\/2025\/09\/alianca-catalana-diada-2025-1536x864.jpg 1536w, https:\/\/www.revistarambla.com\/wp-content\/uploads\/2025\/09\/alianca-catalana-diada-2025-18x10.jpg 18w, https:\/\/www.revistarambla.com\/wp-content\/uploads\/2025\/09\/alianca-catalana-diada-2025-1200x675.jpg 1200w\" sizes=\"(max-width: 1600px) 100vw, 1600px\" \/><\/p>\n<p>\u00bfC\u00f3mo explica este auge? Fuentes cercanas al partido lo atribuyen a su capacidad para \u00abfocalizar el descontento\u00bb de un independentismo \u00abcansado y desilusionado\u00bb. Tras el 1-O de 2017, las expectativas de refer\u00e9ndum y rep\u00fablica se diluyeron en pactos con el PSOE y una amnist\u00eda que muchos ven como \u00abtraici\u00f3n\u00bb. \u00abLa gente independentista est\u00e1 muy cansada\u00bb, explica en *El Pa\u00eds* un analista an\u00f3nimo, que apunta al surgimiento de \u00abnuevos movimientos de extrema derecha como AC\u00bb como v\u00e1lvula de escape. En X, el eco es ensordecedor: un tuit de Sergi Mara\u00f1a, periodista af\u00edn a AC, resume el sentir: \u00abCada cop m\u00e9s catalans consideren que ella i Alian\u00e7a Catalana s\u00f3n l\u2019\u00faltima oportunitat per canviar les coses de veritat\u00bb. J\u00f3venes de entre 18 y 30 a\u00f1os, que crecieron en las Diadas masivas de los 2010, ahora se suman a AC atra\u00eddos por su mensaje de \u00abno rendirse\u00bb, seg\u00fan testimonios recogidos en la concentraci\u00f3n del Fossar. \u00abUn jovent que sap que te a la seva m\u00e0 el futur del seu pa\u00eds\u00bb, escribe un usuario desde Baix Empord\u00e0.<\/p>\n<p>El descontento se nutre de temas concretos: inmigraci\u00f3n, inseguridad y defensa de la lengua. AC propone \u00abdeportaciones express\u00bb para irregulares, priorizaci\u00f3n de catalanes en vivienda social y el catal\u00e1n como \u00ab\u00fanica lengua oficial\u00bb, posiciones que resuenan en barrios obreros donde el soberanismo tradicional ha perdido terreno. En Ripoll, epicentro de tensiones migratorias en 2017, Orriols gan\u00f3 votantes desencantados del PP y Vox, que ahora ven en AC un \u00abindependentismo con huevos\u00bb. Un estudio de Agenda P\u00fablica advierte: \u00abLa extrema derecha avanza en todo el mundo, y Catalunya no es una excepci\u00f3n\u00bb, con AC reconfigurando el tablero soberanista hacia la derecha.<\/p>\n<p>Este giro ideol\u00f3gico no es casual. El auge de la extrema derecha independentista se enmarca en una transformaci\u00f3n profunda del movimiento secesionista, que ha pasado del fervor izquierdista de los a\u00f1os 2010 \u2013con banderas republicanas y consignas antipatriarcales\u2013 a un discurso m\u00e1s conservador e identitario. <em>La Vanguardia<\/em> lo resume as\u00ed: \u00abDel fervor independentista al auge de la extrema derecha\u00bb, un cambio impulsado por la crisis econ\u00f3mica pospandemia, el fallo del TSJC contra el modelo ling\u00fc\u00edstico escolar y la percepci\u00f3n de \u00abinvasi\u00f3n cultural\u00bb por la inmigraci\u00f3n. En Europa, fen\u00f3menos paralelos como el de Alternativa para Alemania o el Rassemblement National franc\u00e9s muestran c\u00f3mo el nacionalismo se al\u00eda con el populismo anti\u00e9lite. En Catalunya, AC adapta esta f\u00f3rmula: soberanismo + xenofobia selectiva, sin el unionismo de Vox.<\/p>\n<p>Cr\u00edticos como Xavier Antich, presidente de \u00d2mnium, llaman a \u00abconstruir consensos ante el auge alarmante de la extrema derecha\u00bb. La ANC, por su parte, minimiz\u00f3 la presencia de AC en su cr\u00f3nica: \u00abIrrelev\u00e0ncia i crispaci\u00f3: l\u2019extrema dreta passa desapercebuda\u00bb, aunque admiti\u00f3 la \u00abtensi\u00f3n\u00bb generada. En X, el debate es feroz: un tuit de ATC Llibertat acusa a AC de querer \u00abuna Catalunya tancada, uniforme i autorit\u00e0ria\u00bb, mientras defensores como Neus (de AC Baix Llobregat) celebran \u00aborgull de companys\u00bb en ofrendas florales locales.<\/p>\n<p>La guerra fratricida ya se nota: en enero, un ataque a una carpa de AC en Barcelona dej\u00f3 un herido, avivando acusaciones de \u00abfascismo interno\u00bb en el independentismo. Toni Alb\u00e0, de ERC, se desmarc\u00f3 del discurso de Orriols en Ripoll: \u00abDefensa la inmigraci\u00f3: persones han hagut de fugir dels seus llocs d&#8217;origen\u00bb. Sin embargo, el PSC, que volver\u00eda a ganar elecciones, seg\u00fan sondeos, observa con preocupaci\u00f3n c\u00f3mo AC erosiona el voto \u00fatil independentista.<\/p>\n<p>En el fondo, la Diada 2025 retrata un independentismo en crisis de identidad. La convocatoria descentralizada de la ANC \u2013con marchas en Barcelona, Girona y Tarragona\u2013 buscaba revitalizar la llama, pero la lluvia y el desencanto la apagaron. \u00abLa Diada retrata un independentismo desorientado tras perder la Generalitat\u00bb, sentencia <em>El Pa\u00eds<\/em>. AC, con su ret\u00f3rica de \u00ab\u00faltima oportunidad\u00bb, llena ese vac\u00edo: no promete utop\u00edas, sino acci\u00f3n inmediata contra \u00ablos traidores\u00bb y \u00ablos invasores\u00bb.<\/p>\n<p>Orriols lo sabe. En el Parlament, su grupo \u2013a\u00fan minoritario\u2013 ya fuerza debates sobre inmigraci\u00f3n. Si las elecciones de 2027 confirman los sondeos, AC podr\u00eda ser el nuevo eje del soberanismo, forzando a ERC y Junts a girar a la derecha o perder base.<\/p>\n<p>Mientras la lluvia cesa en Barcelona, el eco de los v\u00edtores a Orriols persiste. La Diada 2025 no fue solo un luto por el 1714, sino un presagio: el independentismo, herido, busca salvadores en las sombras de la extrema derecha. \u00bfUnidad o fractura? El tiempo, y las urnas, lo dir\u00e1n.<\/p>","protected":false},"excerpt":{"rendered":"<p>Bajo una lluvia persistente que empap\u00f3 las calles de Barcelona y desluci\u00f3 la efem\u00e9ride nacional catalana, la Diada de este a\u00f1o no solo registr\u00f3 la menor afluencia de manifestantes independentistas desde el inicio del proc\u00e9s \u2013unos 28.000 seg\u00fan estimaciones de la Guardia Urbana, un 50% menos que en 2024\u2013, sino [&hellip;]<\/p>\n","protected":false},"author":3,"featured_media":66532,"comment_status":"closed","ping_status":"closed","sticky":false,"template":"","format":"standard","meta":{"footnotes":""},"categories":[59],"tags":[],"class_list":["post-66531","post","type-post","status-publish","format-standard","has-post-thumbnail","hentry","category-catalunya"],"yoast_head":"<!-- This site is optimized with the Yoast SEO plugin v27.5 - https:\/\/yoast.com\/product\/yoast-seo-wordpress\/ -->\n<title>Silvia Orriols y Alian\u00e7a Catalana: la extrema derecha que eclipsa la Diada 2025 - Revista Rambla<\/title>\n<meta name=\"robots\" content=\"index, follow, max-snippet:-1, max-image-preview:large, max-video-preview:-1\" \/>\n<link rel=\"canonical\" href=\"https:\/\/www.revistarambla.com\/en\/silvia-orriols-y-alianca-catalana-la-extrema-derecha-que-eclipsa-la-diada-2025\/\" \/>\n<meta property=\"og:locale\" content=\"en_GB\" \/>\n<meta property=\"og:type\" content=\"article\" \/>\n<meta property=\"og:title\" content=\"Silvia Orriols y Alian\u00e7a Catalana: la extrema derecha que eclipsa la Diada 2025 - Revista Rambla\" \/>\n<meta property=\"og:description\" content=\"Bajo una lluvia persistente que empap\u00f3 las calles de Barcelona y desluci\u00f3 la efem\u00e9ride nacional catalana, la Diada de este a\u00f1o no solo registr\u00f3 la menor afluencia de manifestantes independentistas desde el inicio del proc\u00e9s \u2013unos 28.000 seg\u00fan estimaciones de la Guardia Urbana, un 50% menos que en 2024\u2013, sino [&hellip;]\" \/>\n<meta property=\"og:url\" content=\"https:\/\/www.revistarambla.com\/en\/silvia-orriols-y-alianca-catalana-la-extrema-derecha-que-eclipsa-la-diada-2025\/\" \/>\n<meta property=\"og:site_name\" content=\"Revista Rambla\" \/>\n<meta property=\"article:publisher\" content=\"https:\/\/www.facebook.com\/revistarambla\/\" \/>\n<meta property=\"article:author\" content=\"https:\/\/www.facebook.com\/revistarambla\" \/>\n<meta property=\"article:published_time\" content=\"2025-09-12T11:20:12+00:00\" \/>\n<meta property=\"article:modified_time\" content=\"2025-09-14T11:17:53+00:00\" \/>\n<meta property=\"og:image\" content=\"https:\/\/www.revistarambla.com\/wp-content\/uploads\/2025\/09\/G0lXmDYWQAAsjSM.jpg\" \/>\n\t<meta property=\"og:image:width\" content=\"1320\" \/>\n\t<meta property=\"og:image:height\" content=\"745\" \/>\n\t<meta property=\"og:image:type\" content=\"image\/jpeg\" \/>\n<meta name=\"author\" content=\"R@mbla\" \/>\n<meta name=\"twitter:card\" content=\"summary_large_image\" \/>\n<meta name=\"twitter:creator\" content=\"@revistarambla\" \/>\n<meta name=\"twitter:site\" content=\"@revistarambla\" \/>\n<meta name=\"twitter:label1\" content=\"Written by\" \/>\n\t<meta name=\"twitter:data1\" content=\"R@mbla\" \/>\n\t<meta name=\"twitter:label2\" content=\"Estimated reading time\" \/>\n\t<meta name=\"twitter:data2\" content=\"7 minutes\" \/>\n<script type=\"application\/ld+json\" class=\"yoast-schema-graph\">{\"@context\":\"https:\\\/\\\/schema.org\",\"@graph\":[{\"@type\":\"Article\",\"@id\":\"https:\\\/\\\/www.revistarambla.com\\\/silvia-orriols-y-alianca-catalana-la-extrema-derecha-que-eclipsa-la-diada-2025\\\/#article\",\"isPartOf\":{\"@id\":\"https:\\\/\\\/www.revistarambla.com\\\/silvia-orriols-y-alianca-catalana-la-extrema-derecha-que-eclipsa-la-diada-2025\\\/\"},\"author\":{\"name\":\"R@mbla\",\"@id\":\"https:\\\/\\\/www.revistarambla.com\\\/#\\\/schema\\\/person\\\/a146a5a2550b94981a75131180e1bd9c\"},\"headline\":\"Silvia Orriols y Alian\u00e7a Catalana: la extrema derecha que eclipsa la Diada 2025\",\"datePublished\":\"2025-09-12T11:20:12+00:00\",\"dateModified\":\"2025-09-14T11:17:53+00:00\",\"mainEntityOfPage\":{\"@id\":\"https:\\\/\\\/www.revistarambla.com\\\/silvia-orriols-y-alianca-catalana-la-extrema-derecha-que-eclipsa-la-diada-2025\\\/\"},\"wordCount\":1498,\"publisher\":{\"@id\":\"https:\\\/\\\/www.revistarambla.com\\\/#organization\"},\"image\":{\"@id\":\"https:\\\/\\\/www.revistarambla.com\\\/silvia-orriols-y-alianca-catalana-la-extrema-derecha-que-eclipsa-la-diada-2025\\\/#primaryimage\"},\"thumbnailUrl\":\"https:\\\/\\\/www.revistarambla.com\\\/wp-content\\\/uploads\\\/2025\\\/09\\\/G0lXmDYWQAAsjSM.jpg\",\"articleSection\":[\"Catalunya\"],\"inLanguage\":\"en-GB\"},{\"@type\":\"WebPage\",\"@id\":\"https:\\\/\\\/www.revistarambla.com\\\/silvia-orriols-y-alianca-catalana-la-extrema-derecha-que-eclipsa-la-diada-2025\\\/\",\"url\":\"https:\\\/\\\/www.revistarambla.com\\\/silvia-orriols-y-alianca-catalana-la-extrema-derecha-que-eclipsa-la-diada-2025\\\/\",\"name\":\"Silvia Orriols y Alian\u00e7a Catalana: la extrema derecha que eclipsa la Diada 2025 - Revista Rambla\",\"isPartOf\":{\"@id\":\"https:\\\/\\\/www.revistarambla.com\\\/#website\"},\"primaryImageOfPage\":{\"@id\":\"https:\\\/\\\/www.revistarambla.com\\\/silvia-orriols-y-alianca-catalana-la-extrema-derecha-que-eclipsa-la-diada-2025\\\/#primaryimage\"},\"image\":{\"@id\":\"https:\\\/\\\/www.revistarambla.com\\\/silvia-orriols-y-alianca-catalana-la-extrema-derecha-que-eclipsa-la-diada-2025\\\/#primaryimage\"},\"thumbnailUrl\":\"https:\\\/\\\/www.revistarambla.com\\\/wp-content\\\/uploads\\\/2025\\\/09\\\/G0lXmDYWQAAsjSM.jpg\",\"datePublished\":\"2025-09-12T11:20:12+00:00\",\"dateModified\":\"2025-09-14T11:17:53+00:00\",\"breadcrumb\":{\"@id\":\"https:\\\/\\\/www.revistarambla.com\\\/silvia-orriols-y-alianca-catalana-la-extrema-derecha-que-eclipsa-la-diada-2025\\\/#breadcrumb\"},\"inLanguage\":\"en-GB\",\"potentialAction\":[{\"@type\":\"ReadAction\",\"target\":[\"https:\\\/\\\/www.revistarambla.com\\\/silvia-orriols-y-alianca-catalana-la-extrema-derecha-que-eclipsa-la-diada-2025\\\/\"]}]},{\"@type\":\"ImageObject\",\"inLanguage\":\"en-GB\",\"@id\":\"https:\\\/\\\/www.revistarambla.com\\\/silvia-orriols-y-alianca-catalana-la-extrema-derecha-que-eclipsa-la-diada-2025\\\/#primaryimage\",\"url\":\"https:\\\/\\\/www.revistarambla.com\\\/wp-content\\\/uploads\\\/2025\\\/09\\\/G0lXmDYWQAAsjSM.jpg\",\"contentUrl\":\"https:\\\/\\\/www.revistarambla.com\\\/wp-content\\\/uploads\\\/2025\\\/09\\\/G0lXmDYWQAAsjSM.jpg\",\"width\":1320,\"height\":745,\"caption\":\"alian\u00e7a catalana diada 2025\"},{\"@type\":\"BreadcrumbList\",\"@id\":\"https:\\\/\\\/www.revistarambla.com\\\/silvia-orriols-y-alianca-catalana-la-extrema-derecha-que-eclipsa-la-diada-2025\\\/#breadcrumb\",\"itemListElement\":[{\"@type\":\"ListItem\",\"position\":1,\"name\":\"Portada\",\"item\":\"https:\\\/\\\/www.revistarambla.com\\\/\"},{\"@type\":\"ListItem\",\"position\":2,\"name\":\"Silvia Orriols y Alian\u00e7a Catalana: la extrema derecha que eclipsa la Diada 2025\"}]},{\"@type\":\"WebSite\",\"@id\":\"https:\\\/\\\/www.revistarambla.com\\\/#website\",\"url\":\"https:\\\/\\\/www.revistarambla.com\\\/\",\"name\":\"Revista Rambla Barcelona\",\"description\":\"Periodismo independiente\",\"publisher\":{\"@id\":\"https:\\\/\\\/www.revistarambla.com\\\/#organization\"},\"potentialAction\":[{\"@type\":\"SearchAction\",\"target\":{\"@type\":\"EntryPoint\",\"urlTemplate\":\"https:\\\/\\\/www.revistarambla.com\\\/?s={search_term_string}\"},\"query-input\":{\"@type\":\"PropertyValueSpecification\",\"valueRequired\":true,\"valueName\":\"search_term_string\"}}],\"inLanguage\":\"en-GB\"},{\"@type\":\"Organization\",\"@id\":\"https:\\\/\\\/www.revistarambla.com\\\/#organization\",\"name\":\"Revista Rambla\",\"url\":\"https:\\\/\\\/www.revistarambla.com\\\/\",\"logo\":{\"@type\":\"ImageObject\",\"inLanguage\":\"en-GB\",\"@id\":\"https:\\\/\\\/www.revistarambla.com\\\/#\\\/schema\\\/logo\\\/image\\\/\",\"url\":\"https:\\\/\\\/www.revistarambla.com\\\/wp-content\\\/uploads\\\/2020\\\/09\\\/banner_rambla_1900x600_BB.png\",\"contentUrl\":\"https:\\\/\\\/www.revistarambla.com\\\/wp-content\\\/uploads\\\/2020\\\/09\\\/banner_rambla_1900x600_BB.png\",\"width\":1900,\"height\":600,\"caption\":\"Revista Rambla\"},\"image\":{\"@id\":\"https:\\\/\\\/www.revistarambla.com\\\/#\\\/schema\\\/logo\\\/image\\\/\"},\"sameAs\":[\"https:\\\/\\\/www.facebook.com\\\/revistarambla\\\/\",\"https:\\\/\\\/x.com\\\/revistarambla\",\"https:\\\/\\\/www.instagram.com\\\/revista_rambla\",\"https:\\\/\\\/es.linkedin.com\\\/company\\\/revista-rambla\"]},{\"@type\":\"Person\",\"@id\":\"https:\\\/\\\/www.revistarambla.com\\\/#\\\/schema\\\/person\\\/a146a5a2550b94981a75131180e1bd9c\",\"name\":\"R@mbla\",\"description\":\"Este art\u00edculo ha sido redactado y\\\/o validado por el equipo de redacci\u00f3n de Revista Rambla.\",\"sameAs\":[\"https:\\\/\\\/www.revistarambla.com\\\/\",\"https:\\\/\\\/www.facebook.com\\\/revistarambla\",\"https:\\\/\\\/x.com\\\/revistarambla\"]}]}<\/script>\n<!-- \/ Yoast SEO plugin. -->","yoast_head_json":{"title":"Silvia Orriols y Alian\u00e7a Catalana: la extrema derecha que eclipsa la Diada 2025 - Revista Rambla","robots":{"index":"index","follow":"follow","max-snippet":"max-snippet:-1","max-image-preview":"max-image-preview:large","max-video-preview":"max-video-preview:-1"},"canonical":"https:\/\/www.revistarambla.com\/en\/silvia-orriols-y-alianca-catalana-la-extrema-derecha-que-eclipsa-la-diada-2025\/","og_locale":"en_GB","og_type":"article","og_title":"Silvia Orriols y Alian\u00e7a Catalana: la extrema derecha que eclipsa la Diada 2025 - Revista Rambla","og_description":"Bajo una lluvia persistente que empap\u00f3 las calles de Barcelona y desluci\u00f3 la efem\u00e9ride nacional catalana, la Diada de este a\u00f1o no solo registr\u00f3 la menor afluencia de manifestantes independentistas desde el inicio del proc\u00e9s \u2013unos 28.000 seg\u00fan estimaciones de la Guardia Urbana, un 50% menos que en 2024\u2013, sino [&hellip;]","og_url":"https:\/\/www.revistarambla.com\/en\/silvia-orriols-y-alianca-catalana-la-extrema-derecha-que-eclipsa-la-diada-2025\/","og_site_name":"Revista Rambla","article_publisher":"https:\/\/www.facebook.com\/revistarambla\/","article_author":"https:\/\/www.facebook.com\/revistarambla","article_published_time":"2025-09-12T11:20:12+00:00","article_modified_time":"2025-09-14T11:17:53+00:00","og_image":[{"width":1320,"height":745,"url":"https:\/\/www.revistarambla.com\/wp-content\/uploads\/2025\/09\/G0lXmDYWQAAsjSM.jpg","type":"image\/jpeg"}],"author":"R@mbla","twitter_card":"summary_large_image","twitter_creator":"@revistarambla","twitter_site":"@revistarambla","twitter_misc":{"Written by":"R@mbla","Estimated reading time":"7 minutes"},"schema":{"@context":"https:\/\/schema.org","@graph":[{"@type":"Article","@id":"https:\/\/www.revistarambla.com\/silvia-orriols-y-alianca-catalana-la-extrema-derecha-que-eclipsa-la-diada-2025\/#article","isPartOf":{"@id":"https:\/\/www.revistarambla.com\/silvia-orriols-y-alianca-catalana-la-extrema-derecha-que-eclipsa-la-diada-2025\/"},"author":{"name":"R@mbla","@id":"https:\/\/www.revistarambla.com\/#\/schema\/person\/a146a5a2550b94981a75131180e1bd9c"},"headline":"Silvia Orriols y Alian\u00e7a Catalana: la extrema derecha que eclipsa la Diada 2025","datePublished":"2025-09-12T11:20:12+00:00","dateModified":"2025-09-14T11:17:53+00:00","mainEntityOfPage":{"@id":"https:\/\/www.revistarambla.com\/silvia-orriols-y-alianca-catalana-la-extrema-derecha-que-eclipsa-la-diada-2025\/"},"wordCount":1498,"publisher":{"@id":"https:\/\/www.revistarambla.com\/#organization"},"image":{"@id":"https:\/\/www.revistarambla.com\/silvia-orriols-y-alianca-catalana-la-extrema-derecha-que-eclipsa-la-diada-2025\/#primaryimage"},"thumbnailUrl":"https:\/\/www.revistarambla.com\/wp-content\/uploads\/2025\/09\/G0lXmDYWQAAsjSM.jpg","articleSection":["Catalunya"],"inLanguage":"en-GB"},{"@type":"WebPage","@id":"https:\/\/www.revistarambla.com\/silvia-orriols-y-alianca-catalana-la-extrema-derecha-que-eclipsa-la-diada-2025\/","url":"https:\/\/www.revistarambla.com\/silvia-orriols-y-alianca-catalana-la-extrema-derecha-que-eclipsa-la-diada-2025\/","name":"Silvia Orriols y Alian\u00e7a Catalana: la extrema derecha que eclipsa la Diada 2025 - Revista Rambla","isPartOf":{"@id":"https:\/\/www.revistarambla.com\/#website"},"primaryImageOfPage":{"@id":"https:\/\/www.revistarambla.com\/silvia-orriols-y-alianca-catalana-la-extrema-derecha-que-eclipsa-la-diada-2025\/#primaryimage"},"image":{"@id":"https:\/\/www.revistarambla.com\/silvia-orriols-y-alianca-catalana-la-extrema-derecha-que-eclipsa-la-diada-2025\/#primaryimage"},"thumbnailUrl":"https:\/\/www.revistarambla.com\/wp-content\/uploads\/2025\/09\/G0lXmDYWQAAsjSM.jpg","datePublished":"2025-09-12T11:20:12+00:00","dateModified":"2025-09-14T11:17:53+00:00","breadcrumb":{"@id":"https:\/\/www.revistarambla.com\/silvia-orriols-y-alianca-catalana-la-extrema-derecha-que-eclipsa-la-diada-2025\/#breadcrumb"},"inLanguage":"en-GB","potentialAction":[{"@type":"ReadAction","target":["https:\/\/www.revistarambla.com\/silvia-orriols-y-alianca-catalana-la-extrema-derecha-que-eclipsa-la-diada-2025\/"]}]},{"@type":"ImageObject","inLanguage":"en-GB","@id":"https:\/\/www.revistarambla.com\/silvia-orriols-y-alianca-catalana-la-extrema-derecha-que-eclipsa-la-diada-2025\/#primaryimage","url":"https:\/\/www.revistarambla.com\/wp-content\/uploads\/2025\/09\/G0lXmDYWQAAsjSM.jpg","contentUrl":"https:\/\/www.revistarambla.com\/wp-content\/uploads\/2025\/09\/G0lXmDYWQAAsjSM.jpg","width":1320,"height":745,"caption":"alian\u00e7a catalana diada 2025"},{"@type":"BreadcrumbList","@id":"https:\/\/www.revistarambla.com\/silvia-orriols-y-alianca-catalana-la-extrema-derecha-que-eclipsa-la-diada-2025\/#breadcrumb","itemListElement":[{"@type":"ListItem","position":1,"name":"Portada","item":"https:\/\/www.revistarambla.com\/"},{"@type":"ListItem","position":2,"name":"Silvia Orriols y Alian\u00e7a Catalana: la extrema derecha que eclipsa la Diada 2025"}]},{"@type":"WebSite","@id":"https:\/\/www.revistarambla.com\/#website","url":"https:\/\/www.revistarambla.com\/","name":"Revista Rambla Barcelona","description":"Periodismo independiente","publisher":{"@id":"https:\/\/www.revistarambla.com\/#organization"},"potentialAction":[{"@type":"SearchAction","target":{"@type":"EntryPoint","urlTemplate":"https:\/\/www.revistarambla.com\/?s={search_term_string}"},"query-input":{"@type":"PropertyValueSpecification","valueRequired":true,"valueName":"search_term_string"}}],"inLanguage":"en-GB"},{"@type":"Organization","@id":"https:\/\/www.revistarambla.com\/#organization","name":"Revista Rambla","url":"https:\/\/www.revistarambla.com\/","logo":{"@type":"ImageObject","inLanguage":"en-GB","@id":"https:\/\/www.revistarambla.com\/#\/schema\/logo\/image\/","url":"https:\/\/www.revistarambla.com\/wp-content\/uploads\/2020\/09\/banner_rambla_1900x600_BB.png","contentUrl":"https:\/\/www.revistarambla.com\/wp-content\/uploads\/2020\/09\/banner_rambla_1900x600_BB.png","width":1900,"height":600,"caption":"Revista Rambla"},"image":{"@id":"https:\/\/www.revistarambla.com\/#\/schema\/logo\/image\/"},"sameAs":["https:\/\/www.facebook.com\/revistarambla\/","https:\/\/x.com\/revistarambla","https:\/\/www.instagram.com\/revista_rambla","https:\/\/es.linkedin.com\/company\/revista-rambla"]},{"@type":"Person","@id":"https:\/\/www.revistarambla.com\/#\/schema\/person\/a146a5a2550b94981a75131180e1bd9c","name":"R@mbla","description":"Este art\u00edculo ha sido redactado y\/o validado por el equipo de redacci\u00f3n de Revista Rambla.","sameAs":["https:\/\/www.revistarambla.com\/","https:\/\/www.facebook.com\/revistarambla","https:\/\/x.com\/revistarambla"]}]}},"_links":{"self":[{"href":"https:\/\/www.revistarambla.com\/en\/wp-json\/wp\/v2\/posts\/66531","targetHints":{"allow":["GET"]}}],"collection":[{"href":"https:\/\/www.revistarambla.com\/en\/wp-json\/wp\/v2\/posts"}],"about":[{"href":"https:\/\/www.revistarambla.com\/en\/wp-json\/wp\/v2\/types\/post"}],"author":[{"embeddable":true,"href":"https:\/\/www.revistarambla.com\/en\/wp-json\/wp\/v2\/users\/3"}],"replies":[{"embeddable":true,"href":"https:\/\/www.revistarambla.com\/en\/wp-json\/wp\/v2\/comments?post=66531"}],"version-history":[{"count":1,"href":"https:\/\/www.revistarambla.com\/en\/wp-json\/wp\/v2\/posts\/66531\/revisions"}],"predecessor-version":[{"id":66534,"href":"https:\/\/www.revistarambla.com\/en\/wp-json\/wp\/v2\/posts\/66531\/revisions\/66534"}],"wp:featuredmedia":[{"embeddable":true,"href":"https:\/\/www.revistarambla.com\/en\/wp-json\/wp\/v2\/media\/66532"}],"wp:attachment":[{"href":"https:\/\/www.revistarambla.com\/en\/wp-json\/wp\/v2\/media?parent=66531"}],"wp:term":[{"taxonomy":"category","embeddable":true,"href":"https:\/\/www.revistarambla.com\/en\/wp-json\/wp\/v2\/categories?post=66531"},{"taxonomy":"post_tag","embeddable":true,"href":"https:\/\/www.revistarambla.com\/en\/wp-json\/wp\/v2\/tags?post=66531"}],"curies":[{"name":"wp","href":"https:\/\/api.w.org\/{rel}","templated":true}]}}