{"id":66527,"date":"2025-09-11T11:42:29","date_gmt":"2025-09-11T09:42:29","guid":{"rendered":"https:\/\/www.revistarambla.com\/?p=66527"},"modified":"2025-09-11T11:42:29","modified_gmt":"2025-09-11T09:42:29","slug":"el-parc-joan-miro-de-oasis-modernista-a-refugio-precario-en-el-corazon-de-barcelona","status":"publish","type":"post","link":"https:\/\/www.revistarambla.com\/en\/el-parc-joan-miro-de-oasis-modernista-a-refugio-precario-en-el-corazon-de-barcelona\/","title":{"rendered":"El Parc Joan Mir\u00f3: De oasis modernista a refugio precario en el coraz\u00f3n de Barcelona"},"content":{"rendered":"<p>Bajo la imponente escultura *Dona i Ocell* de Joan Mir\u00f3, que se erige como un s\u00edmbolo de libertad y surrealismo en el Parc de Joan Mir\u00f3, el bullicio de la ciudad se transforma en un mosaico de realidades crudas. Es mediod\u00eda en el Eixample Esquerra, y el sol de septiembre ilumina no solo las palmeras y el estanque artificial, sino tambi\u00e9n un improvisado campamento de tiendas de campa\u00f1a y colchones ra\u00eddos. Alrededor de la Biblioteca Joan Mir\u00f3, en una zona porticada que ofrece sombra y algo de protecci\u00f3n contra las inclemencias, unas 30 personas sin hogar han convertido este rinc\u00f3n del parque en su morada temporal. Recogen latas de aluminio para venderlas como chatarra, montan puestos de manteros o simplemente descansan, exhaustos por una noche m\u00e1s al raso. \u00abAqu\u00ed estamos porque no hay otro sitio\u00bb, me dice uno de ellos, un migrante marroqu\u00ed de unos 40 a\u00f1os que prefiere no dar su nombre. \u00abEl ayuntamiento dice que nos ayuda, pero \u00bfd\u00f3nde est\u00e1 la vivienda real?\u00bb<\/p>\n<p>Este asentamiento, que surgi\u00f3 a finales de julio como un \u00abnuevo foco de <em>sensellarisme<\/em>\u00bb seg\u00fan denuncias vecinales en redes sociales, ha crecido de forma alarmante en las \u00faltimas semanas. Lo que empez\u00f3 como un grupo disperso de pernoctaciones espor\u00e1dicas se ha convertido en un campamento semipermanente, exacerbado por las obras de ampliaci\u00f3n de la L\u00ednea 8 del metro y la renovaci\u00f3n de la red fre\u00e1tica, que han desfigurado partes del parque y desplazado a m\u00e1s personas hacia esta zona porticada. El Parc Joan Mir\u00f3, inaugurado en 1983 en honor al pintor catal\u00e1n y transformado del antiguo matadero de la ciudad en un pulm\u00f3n verde de seis hect\u00e1reas, ahora refleja las grietas de una Barcelona en crisis: la explosi\u00f3n del sinhogarismo, con un incremento del 20% en las calles solo en el \u00faltimo a\u00f1o, seg\u00fan datos municipales. Mientras familias pasean con ni\u00f1os cerca del arenero infantil y turistas posan ante la ic\u00f3nica escultura de Mir\u00f3, el contraste es palpable. Este no es solo un problema local; es el s\u00edntoma de una ciudad que, pese a su boom tur\u00edstico y econ\u00f3mico, deja atr\u00e1s a miles.<\/p>\n<p>El origen del campamento se remonta al verano de 2025, un per\u00edodo marcado por olas de calor extremas y una saturaci\u00f3n de los recursos de acogida. En julio, un v\u00eddeo viral en Instagram del concejal del PP Dani Sirera alertaba de un \u00abnuevo asentamiento en el Parc Joan Mir\u00f3\u00bb, mostrando tiendas de campa\u00f1a y colchones esparcidos bajo los porches de la biblioteca. \u00abBarcelona no puede ser un campamento ilegal permanente\u00bb, proclamaba Sirera, criticando la \u00abpermisividad\u00bb del Ayuntamiento de Ada Colau, ahora bajo la batuta de Jaume Collboni. Desde entonces, el grupo ha oscilado entre 20 y 30 personas, mayoritariamente migrantes en situaci\u00f3n irregular procedentes de \u00c1frica del Norte y Subsahariana. Muchos llegaron a Espa\u00f1a huyendo de conflictos o pobreza extrema, pero se topan con barreras administrativas: sin papeles, no acceden a subsidios ni a viviendas sociales. \u00abYo recog\u00eda naranjas en Marruecos, pero aqu\u00ed ni eso. La frontera nos cierra puertas\u00bb, confiesa Ahmed, un hombre de 35 a\u00f1os que duerme en una tienda improvisada con cartones. Entidades como Arrels Fundaci\u00f3, que estiman en casi 5.000 las personas sin hogar en Barcelona, se\u00f1alan que el 70% son migrantes.<\/p>\n<p>La situaci\u00f3n actual es precaria, pero no exenta de solidaridad vecinal. Cada semana, asociaciones locales como el Centre d&#8217;Esplai de l&#8217;Eixample reparten ropa, mantas y comidas calientes. \u00abNo es conflictivo; ellos no molestan, pero el desorden es evidente\u00bb, explica Maria, una vecina de 62 a\u00f1os que vive en el Carrer de Tarragona, adyacente al parque. El olor a orina en los rincones, colchones abandonados y el eco de discusiones nocturnas han erosionado la paciencia del barrio. Comerciantes de la zona, como los de las tiendas de Arenas de Barcelona \u2013el antiguo coso taurino reconvertido en centro comercial\u2013, reportan una ca\u00edda en las ventas del 15% este verano, atribuida en parte al \u00abdesgavell\u00bb visual y olfativo del campamento. Las obras del metro, que comenzaron en 2024 y han talado decenas de pinos, han convertido partes del parque en un \u00abdescampado\u00bb, como lo describen plataformas vecinales en Reddit, agravando el uso del espacio porticado como refugio.<\/p>\n<p>El Ayuntamiento de Barcelona, liderado por el socialista Jaume Collboni, ha respondido con una mezcla de contenci\u00f3n y promesa de acci\u00f3n. Seg\u00fan fuentes municipales, equipos de la Gu\u00e0rdia Urbana, limpieza y Servicios Sociales patrullan diariamente el \u00e1rea, ofreciendo derivaciones a centros de acogida como el Espai Jove o el Centre d&#8217;Acollida Arrels. Sin embargo, la ocupaci\u00f3n real de plazas es baja: solo el 30% de las personas contactadas aceptan la oferta, por temor a la burocracia o experiencias previas de centros saturados. El regidor de Derechos Sociales, David Escud\u00e9, ha declarado en una rueda de prensa reciente: \u00abEl sensellarisme es un problema estructural de la ciudad, no un capricho veraniego. Estamos estudiando la intervenci\u00f3n en el Parc Joan Mir\u00f3 para garantizar la convivencia, pero priorizando soluciones humanitarias\u00bb.<\/p>\n<p>La \u00abintervenci\u00f3n\u00bb aludida apunta a un desalojo inminente, similar a los realizados este verano en otros puntos del Eixample. A mediados de agosto, la Gu\u00e0rdia Urbana desaloj\u00f3 a unas 40 personas del Parc de l&#8217;Estaci\u00f3 del Nord, retirando 1.400 kg de chatarra acumulada y redistribuyendo a los afectados a albergues temporales. En la superilla de Sant Antoni, se removi\u00f3 mobiliario urbano usado como refugio, coincidiendo con el inicio de obras de la red fre\u00e1tica. Para el Parc Joan Mir\u00f3, el plan preliminar incluye una operaci\u00f3n coordinada para el fin de semana, con apoyo de servicios sociales para evitar un \u00abefecto rebote\u00bb \u2013el desplazamiento a otros parques como el de la Ciutadella, donde ya hay reportes de 60 migrantes malviviendo. El regidor del distrito, Jordi Valls (PSC), es m\u00e1s directo: \u00abNo confundamos solidaridad con permisividad. Cuando hay din\u00e1micas de odio al espacio p\u00fablico o problemas de convivencia, intervenimos. El parque es de todos, no de unos pocos\u00bb. Valls, que gestiona el Eixample, ha recibido quejas formales de la Associaci\u00f3 de Ve\u00efns de l&#8217;Esquerra de l&#8217;Eixample, que proponen medidas paliativas como la instalaci\u00f3n de lavabos p\u00fablicos port\u00e1tiles para reducir los \u00abefectos colaterales\u00bb de las pernoctaciones.<\/p>\n<p>Pero el desalojo no es solo una cuesti\u00f3n log\u00edstica; es un dilema \u00e9tico y pol\u00edtico. Organizaciones como la Plataforma de Afectados por la Hipoteca (PAH) y Sant&#8217;Egidio advierten de qu\u00e9 operaciones como esta, sin alternativas reales, agravan la crisis humanitaria. \u00abDesalojar sin vivienda es criminalizar la pobreza\u00bb, afirma Laura Dur\u00e1n, activista de la PAH, quien ha documentado casos en el parque donde familias con menores han sido desplazadas a la calle. El aumento del 20% en personas sin hogar se atribuye a la escalada de alquileres \u2013Barcelona es la segunda ciudad m\u00e1s cara de Europa\u2013, el fin de moratorias pospandemia y la llegada irregular de migrantes v\u00eda pateras, con m\u00e1s de 10.000 rescates en el Mediterr\u00e1neo este a\u00f1o. El Ayuntamiento ha impulsado el Pla de Xoc contra la Pobresa, con 50 millones de euros para vivienda social, pero cr\u00edticos como el PP lo tildan de \u00abparche insuficiente\u00bb. En el Parc Joan Mir\u00f3, el impacto de las obras del metro ha sido devastador: 75 pinos talados en 2024, dejando un \u00absolar\u00bb que invita al caos.<\/p>\n<p>Voces desde el terreno pintan un cuadro m\u00e1s humano. \u00abSomos invisibles hasta que molestamos\u00bb, dice Fatima, una mujer argelina de 28 a\u00f1os que vende bolsos en el parque. Ella y otros han rechazado centros de acogida por \u00abfalta de intimidad\u00bb o temor a redadas. Un trabajador social de Arrels, que prefiere anonimato, relata: \u00abOfrecemos derivaciones, pero sin papeles, no hay subsidio. Es un c\u00edrculo vicioso\u00bb. Los vecinos, por su parte, oscilan entre empat\u00eda y frustraci\u00f3n. \u00abEntendemos su situaci\u00f3n, pero el parque ya est\u00e1 medio destruido por las obras. Necesitamos acci\u00f3n, no promesas\u00bb, dice Joan, un jubilado que pasea a su perro por el estanque.<\/p>\n<p>En el contexto m\u00e1s amplio, Barcelona enfrenta un sinhogarismo end\u00e9mico. Desde 2008, los recuentos de Arrels muestran un duplicado de cifras, con picos en veranos calurosos. La propuesta de ley en el Parlament de Catalunya para proteger derechos de sintechos \u2013acceso a servicios y prohibici\u00f3n de desalojos sin alternativas\u2013 avanza, pero su implementaci\u00f3n depende del Ayuntamiento. Mientras, en redes como X (antes Twitter), el debate hierve: un v\u00eddeo de un campamento en el Raval acumula miles de visualizaciones, con usuarios clamando \u00abBarcelona es un camping inmenso\u00bb.<\/p>\n<p>\u00bfHacia d\u00f3nde va el Parc Joan Mir\u00f3? Si el desalojo se produce, como parece inminente, podr\u00eda aliviar tensiones vecinales, pero sin un plan integral \u2013m\u00e1s plazas en albergues, regularizaci\u00f3n migratoria y vivienda asequible\u2013, el campamento solo se mudar\u00e1. Collboni prometi\u00f3 en campa\u00f1a \u00abciudad habitable para todos\u00bb, pero la realidad del parque, con su <em>Dona i Ocell<\/em> vigilando en silencio, recuerda que la utop\u00eda de Mir\u00f3 choca con la dura cotidianidad. En una Barcelona que presume de modernidad, este rinc\u00f3n se convierte en espejo de desigualdades. La intervenci\u00f3n es urgente, pero debe ser justa: desalojar sin resolver es solo posponer el problema.<\/p>","protected":false},"excerpt":{"rendered":"<p>Bajo la imponente escultura *Dona i Ocell* de Joan Mir\u00f3, que se erige como un s\u00edmbolo de libertad y surrealismo en el Parc de Joan Mir\u00f3, el bullicio de la ciudad se transforma en un mosaico de realidades crudas. Es mediod\u00eda en el Eixample Esquerra, y el sol de septiembre [&hellip;]<\/p>\n","protected":false},"author":3,"featured_media":66528,"comment_status":"closed","ping_status":"closed","sticky":false,"template":"","format":"standard","meta":{"footnotes":""},"categories":[76],"tags":[],"class_list":["post-66527","post","type-post","status-publish","format-standard","has-post-thumbnail","hentry","category-barcelona"],"yoast_head":"<!-- This site is optimized with the Yoast SEO plugin v27.5 - https:\/\/yoast.com\/product\/yoast-seo-wordpress\/ -->\n<title>El Parc Joan Mir\u00f3: De oasis modernista a refugio precario en el coraz\u00f3n de Barcelona - Revista Rambla<\/title>\n<meta name=\"robots\" content=\"index, follow, max-snippet:-1, max-image-preview:large, max-video-preview:-1\" \/>\n<link rel=\"canonical\" href=\"https:\/\/www.revistarambla.com\/en\/el-parc-joan-miro-de-oasis-modernista-a-refugio-precario-en-el-corazon-de-barcelona\/\" \/>\n<meta property=\"og:locale\" content=\"en_GB\" \/>\n<meta property=\"og:type\" content=\"article\" \/>\n<meta property=\"og:title\" content=\"El Parc Joan Mir\u00f3: De oasis modernista a refugio precario en el coraz\u00f3n de Barcelona - Revista Rambla\" \/>\n<meta property=\"og:description\" content=\"Bajo la imponente escultura *Dona i Ocell* de Joan Mir\u00f3, que se erige como un s\u00edmbolo de libertad y surrealismo en el Parc de Joan Mir\u00f3, el bullicio de la ciudad se transforma en un mosaico de realidades crudas. Es mediod\u00eda en el Eixample Esquerra, y el sol de septiembre [&hellip;]\" \/>\n<meta property=\"og:url\" content=\"https:\/\/www.revistarambla.com\/en\/el-parc-joan-miro-de-oasis-modernista-a-refugio-precario-en-el-corazon-de-barcelona\/\" \/>\n<meta property=\"og:site_name\" content=\"Revista Rambla\" \/>\n<meta property=\"article:publisher\" content=\"https:\/\/www.facebook.com\/revistarambla\/\" \/>\n<meta property=\"article:author\" content=\"https:\/\/www.facebook.com\/revistarambla\" \/>\n<meta property=\"article:published_time\" content=\"2025-09-11T09:42:29+00:00\" \/>\n<meta property=\"og:image\" content=\"https:\/\/www.revistarambla.com\/wp-content\/uploads\/2025\/09\/parque-joan-miro.jpg\" \/>\n\t<meta property=\"og:image:width\" content=\"680\" \/>\n\t<meta property=\"og:image:height\" content=\"453\" \/>\n\t<meta property=\"og:image:type\" content=\"image\/jpeg\" \/>\n<meta name=\"author\" content=\"R@mbla\" \/>\n<meta name=\"twitter:card\" content=\"summary_large_image\" \/>\n<meta name=\"twitter:creator\" content=\"@revistarambla\" \/>\n<meta name=\"twitter:site\" content=\"@revistarambla\" \/>\n<meta name=\"twitter:label1\" content=\"Written by\" \/>\n\t<meta name=\"twitter:data1\" content=\"R@mbla\" \/>\n\t<meta name=\"twitter:label2\" content=\"Estimated reading time\" \/>\n\t<meta name=\"twitter:data2\" content=\"7 minutes\" \/>\n<script type=\"application\/ld+json\" class=\"yoast-schema-graph\">{\"@context\":\"https:\\\/\\\/schema.org\",\"@graph\":[{\"@type\":\"Article\",\"@id\":\"https:\\\/\\\/www.revistarambla.com\\\/el-parc-joan-miro-de-oasis-modernista-a-refugio-precario-en-el-corazon-de-barcelona\\\/#article\",\"isPartOf\":{\"@id\":\"https:\\\/\\\/www.revistarambla.com\\\/el-parc-joan-miro-de-oasis-modernista-a-refugio-precario-en-el-corazon-de-barcelona\\\/\"},\"author\":{\"name\":\"R@mbla\",\"@id\":\"https:\\\/\\\/www.revistarambla.com\\\/#\\\/schema\\\/person\\\/a146a5a2550b94981a75131180e1bd9c\"},\"headline\":\"El Parc Joan Mir\u00f3: De oasis modernista a refugio precario en el coraz\u00f3n de Barcelona\",\"datePublished\":\"2025-09-11T09:42:29+00:00\",\"mainEntityOfPage\":{\"@id\":\"https:\\\/\\\/www.revistarambla.com\\\/el-parc-joan-miro-de-oasis-modernista-a-refugio-precario-en-el-corazon-de-barcelona\\\/\"},\"wordCount\":1559,\"publisher\":{\"@id\":\"https:\\\/\\\/www.revistarambla.com\\\/#organization\"},\"image\":{\"@id\":\"https:\\\/\\\/www.revistarambla.com\\\/el-parc-joan-miro-de-oasis-modernista-a-refugio-precario-en-el-corazon-de-barcelona\\\/#primaryimage\"},\"thumbnailUrl\":\"https:\\\/\\\/www.revistarambla.com\\\/wp-content\\\/uploads\\\/2025\\\/09\\\/parque-joan-miro.jpg\",\"articleSection\":[\"Barcelona\"],\"inLanguage\":\"en-GB\"},{\"@type\":\"WebPage\",\"@id\":\"https:\\\/\\\/www.revistarambla.com\\\/el-parc-joan-miro-de-oasis-modernista-a-refugio-precario-en-el-corazon-de-barcelona\\\/\",\"url\":\"https:\\\/\\\/www.revistarambla.com\\\/el-parc-joan-miro-de-oasis-modernista-a-refugio-precario-en-el-corazon-de-barcelona\\\/\",\"name\":\"El Parc Joan Mir\u00f3: De oasis modernista a refugio precario en el coraz\u00f3n de Barcelona - Revista Rambla\",\"isPartOf\":{\"@id\":\"https:\\\/\\\/www.revistarambla.com\\\/#website\"},\"primaryImageOfPage\":{\"@id\":\"https:\\\/\\\/www.revistarambla.com\\\/el-parc-joan-miro-de-oasis-modernista-a-refugio-precario-en-el-corazon-de-barcelona\\\/#primaryimage\"},\"image\":{\"@id\":\"https:\\\/\\\/www.revistarambla.com\\\/el-parc-joan-miro-de-oasis-modernista-a-refugio-precario-en-el-corazon-de-barcelona\\\/#primaryimage\"},\"thumbnailUrl\":\"https:\\\/\\\/www.revistarambla.com\\\/wp-content\\\/uploads\\\/2025\\\/09\\\/parque-joan-miro.jpg\",\"datePublished\":\"2025-09-11T09:42:29+00:00\",\"breadcrumb\":{\"@id\":\"https:\\\/\\\/www.revistarambla.com\\\/el-parc-joan-miro-de-oasis-modernista-a-refugio-precario-en-el-corazon-de-barcelona\\\/#breadcrumb\"},\"inLanguage\":\"en-GB\",\"potentialAction\":[{\"@type\":\"ReadAction\",\"target\":[\"https:\\\/\\\/www.revistarambla.com\\\/el-parc-joan-miro-de-oasis-modernista-a-refugio-precario-en-el-corazon-de-barcelona\\\/\"]}]},{\"@type\":\"ImageObject\",\"inLanguage\":\"en-GB\",\"@id\":\"https:\\\/\\\/www.revistarambla.com\\\/el-parc-joan-miro-de-oasis-modernista-a-refugio-precario-en-el-corazon-de-barcelona\\\/#primaryimage\",\"url\":\"https:\\\/\\\/www.revistarambla.com\\\/wp-content\\\/uploads\\\/2025\\\/09\\\/parque-joan-miro.jpg\",\"contentUrl\":\"https:\\\/\\\/www.revistarambla.com\\\/wp-content\\\/uploads\\\/2025\\\/09\\\/parque-joan-miro.jpg\",\"width\":680,\"height\":453,\"caption\":\"campamento parc joan miro\"},{\"@type\":\"BreadcrumbList\",\"@id\":\"https:\\\/\\\/www.revistarambla.com\\\/el-parc-joan-miro-de-oasis-modernista-a-refugio-precario-en-el-corazon-de-barcelona\\\/#breadcrumb\",\"itemListElement\":[{\"@type\":\"ListItem\",\"position\":1,\"name\":\"Portada\",\"item\":\"https:\\\/\\\/www.revistarambla.com\\\/\"},{\"@type\":\"ListItem\",\"position\":2,\"name\":\"El Parc Joan Mir\u00f3: De oasis modernista a refugio precario en el coraz\u00f3n de Barcelona\"}]},{\"@type\":\"WebSite\",\"@id\":\"https:\\\/\\\/www.revistarambla.com\\\/#website\",\"url\":\"https:\\\/\\\/www.revistarambla.com\\\/\",\"name\":\"Revista Rambla Barcelona\",\"description\":\"Periodismo independiente\",\"publisher\":{\"@id\":\"https:\\\/\\\/www.revistarambla.com\\\/#organization\"},\"potentialAction\":[{\"@type\":\"SearchAction\",\"target\":{\"@type\":\"EntryPoint\",\"urlTemplate\":\"https:\\\/\\\/www.revistarambla.com\\\/?s={search_term_string}\"},\"query-input\":{\"@type\":\"PropertyValueSpecification\",\"valueRequired\":true,\"valueName\":\"search_term_string\"}}],\"inLanguage\":\"en-GB\"},{\"@type\":\"Organization\",\"@id\":\"https:\\\/\\\/www.revistarambla.com\\\/#organization\",\"name\":\"Revista Rambla\",\"url\":\"https:\\\/\\\/www.revistarambla.com\\\/\",\"logo\":{\"@type\":\"ImageObject\",\"inLanguage\":\"en-GB\",\"@id\":\"https:\\\/\\\/www.revistarambla.com\\\/#\\\/schema\\\/logo\\\/image\\\/\",\"url\":\"https:\\\/\\\/www.revistarambla.com\\\/wp-content\\\/uploads\\\/2020\\\/09\\\/banner_rambla_1900x600_BB.png\",\"contentUrl\":\"https:\\\/\\\/www.revistarambla.com\\\/wp-content\\\/uploads\\\/2020\\\/09\\\/banner_rambla_1900x600_BB.png\",\"width\":1900,\"height\":600,\"caption\":\"Revista Rambla\"},\"image\":{\"@id\":\"https:\\\/\\\/www.revistarambla.com\\\/#\\\/schema\\\/logo\\\/image\\\/\"},\"sameAs\":[\"https:\\\/\\\/www.facebook.com\\\/revistarambla\\\/\",\"https:\\\/\\\/x.com\\\/revistarambla\",\"https:\\\/\\\/www.instagram.com\\\/revista_rambla\",\"https:\\\/\\\/es.linkedin.com\\\/company\\\/revista-rambla\"]},{\"@type\":\"Person\",\"@id\":\"https:\\\/\\\/www.revistarambla.com\\\/#\\\/schema\\\/person\\\/a146a5a2550b94981a75131180e1bd9c\",\"name\":\"R@mbla\",\"description\":\"Este art\u00edculo ha sido redactado y\\\/o validado por el equipo de redacci\u00f3n de Revista Rambla.\",\"sameAs\":[\"https:\\\/\\\/www.revistarambla.com\\\/\",\"https:\\\/\\\/www.facebook.com\\\/revistarambla\",\"https:\\\/\\\/x.com\\\/revistarambla\"]}]}<\/script>\n<!-- \/ Yoast SEO plugin. -->","yoast_head_json":{"title":"El Parc Joan Mir\u00f3: De oasis modernista a refugio precario en el coraz\u00f3n de Barcelona - Revista Rambla","robots":{"index":"index","follow":"follow","max-snippet":"max-snippet:-1","max-image-preview":"max-image-preview:large","max-video-preview":"max-video-preview:-1"},"canonical":"https:\/\/www.revistarambla.com\/en\/el-parc-joan-miro-de-oasis-modernista-a-refugio-precario-en-el-corazon-de-barcelona\/","og_locale":"en_GB","og_type":"article","og_title":"El Parc Joan Mir\u00f3: De oasis modernista a refugio precario en el coraz\u00f3n de Barcelona - Revista Rambla","og_description":"Bajo la imponente escultura *Dona i Ocell* de Joan Mir\u00f3, que se erige como un s\u00edmbolo de libertad y surrealismo en el Parc de Joan Mir\u00f3, el bullicio de la ciudad se transforma en un mosaico de realidades crudas. Es mediod\u00eda en el Eixample Esquerra, y el sol de septiembre [&hellip;]","og_url":"https:\/\/www.revistarambla.com\/en\/el-parc-joan-miro-de-oasis-modernista-a-refugio-precario-en-el-corazon-de-barcelona\/","og_site_name":"Revista Rambla","article_publisher":"https:\/\/www.facebook.com\/revistarambla\/","article_author":"https:\/\/www.facebook.com\/revistarambla","article_published_time":"2025-09-11T09:42:29+00:00","og_image":[{"width":680,"height":453,"url":"https:\/\/www.revistarambla.com\/wp-content\/uploads\/2025\/09\/parque-joan-miro.jpg","type":"image\/jpeg"}],"author":"R@mbla","twitter_card":"summary_large_image","twitter_creator":"@revistarambla","twitter_site":"@revistarambla","twitter_misc":{"Written by":"R@mbla","Estimated reading time":"7 minutes"},"schema":{"@context":"https:\/\/schema.org","@graph":[{"@type":"Article","@id":"https:\/\/www.revistarambla.com\/el-parc-joan-miro-de-oasis-modernista-a-refugio-precario-en-el-corazon-de-barcelona\/#article","isPartOf":{"@id":"https:\/\/www.revistarambla.com\/el-parc-joan-miro-de-oasis-modernista-a-refugio-precario-en-el-corazon-de-barcelona\/"},"author":{"name":"R@mbla","@id":"https:\/\/www.revistarambla.com\/#\/schema\/person\/a146a5a2550b94981a75131180e1bd9c"},"headline":"El Parc Joan Mir\u00f3: De oasis modernista a refugio precario en el coraz\u00f3n de Barcelona","datePublished":"2025-09-11T09:42:29+00:00","mainEntityOfPage":{"@id":"https:\/\/www.revistarambla.com\/el-parc-joan-miro-de-oasis-modernista-a-refugio-precario-en-el-corazon-de-barcelona\/"},"wordCount":1559,"publisher":{"@id":"https:\/\/www.revistarambla.com\/#organization"},"image":{"@id":"https:\/\/www.revistarambla.com\/el-parc-joan-miro-de-oasis-modernista-a-refugio-precario-en-el-corazon-de-barcelona\/#primaryimage"},"thumbnailUrl":"https:\/\/www.revistarambla.com\/wp-content\/uploads\/2025\/09\/parque-joan-miro.jpg","articleSection":["Barcelona"],"inLanguage":"en-GB"},{"@type":"WebPage","@id":"https:\/\/www.revistarambla.com\/el-parc-joan-miro-de-oasis-modernista-a-refugio-precario-en-el-corazon-de-barcelona\/","url":"https:\/\/www.revistarambla.com\/el-parc-joan-miro-de-oasis-modernista-a-refugio-precario-en-el-corazon-de-barcelona\/","name":"El Parc Joan Mir\u00f3: De oasis modernista a refugio precario en el coraz\u00f3n de Barcelona - Revista Rambla","isPartOf":{"@id":"https:\/\/www.revistarambla.com\/#website"},"primaryImageOfPage":{"@id":"https:\/\/www.revistarambla.com\/el-parc-joan-miro-de-oasis-modernista-a-refugio-precario-en-el-corazon-de-barcelona\/#primaryimage"},"image":{"@id":"https:\/\/www.revistarambla.com\/el-parc-joan-miro-de-oasis-modernista-a-refugio-precario-en-el-corazon-de-barcelona\/#primaryimage"},"thumbnailUrl":"https:\/\/www.revistarambla.com\/wp-content\/uploads\/2025\/09\/parque-joan-miro.jpg","datePublished":"2025-09-11T09:42:29+00:00","breadcrumb":{"@id":"https:\/\/www.revistarambla.com\/el-parc-joan-miro-de-oasis-modernista-a-refugio-precario-en-el-corazon-de-barcelona\/#breadcrumb"},"inLanguage":"en-GB","potentialAction":[{"@type":"ReadAction","target":["https:\/\/www.revistarambla.com\/el-parc-joan-miro-de-oasis-modernista-a-refugio-precario-en-el-corazon-de-barcelona\/"]}]},{"@type":"ImageObject","inLanguage":"en-GB","@id":"https:\/\/www.revistarambla.com\/el-parc-joan-miro-de-oasis-modernista-a-refugio-precario-en-el-corazon-de-barcelona\/#primaryimage","url":"https:\/\/www.revistarambla.com\/wp-content\/uploads\/2025\/09\/parque-joan-miro.jpg","contentUrl":"https:\/\/www.revistarambla.com\/wp-content\/uploads\/2025\/09\/parque-joan-miro.jpg","width":680,"height":453,"caption":"campamento parc joan miro"},{"@type":"BreadcrumbList","@id":"https:\/\/www.revistarambla.com\/el-parc-joan-miro-de-oasis-modernista-a-refugio-precario-en-el-corazon-de-barcelona\/#breadcrumb","itemListElement":[{"@type":"ListItem","position":1,"name":"Portada","item":"https:\/\/www.revistarambla.com\/"},{"@type":"ListItem","position":2,"name":"El Parc Joan Mir\u00f3: De oasis modernista a refugio precario en el coraz\u00f3n de Barcelona"}]},{"@type":"WebSite","@id":"https:\/\/www.revistarambla.com\/#website","url":"https:\/\/www.revistarambla.com\/","name":"Revista Rambla Barcelona","description":"Periodismo independiente","publisher":{"@id":"https:\/\/www.revistarambla.com\/#organization"},"potentialAction":[{"@type":"SearchAction","target":{"@type":"EntryPoint","urlTemplate":"https:\/\/www.revistarambla.com\/?s={search_term_string}"},"query-input":{"@type":"PropertyValueSpecification","valueRequired":true,"valueName":"search_term_string"}}],"inLanguage":"en-GB"},{"@type":"Organization","@id":"https:\/\/www.revistarambla.com\/#organization","name":"Revista Rambla","url":"https:\/\/www.revistarambla.com\/","logo":{"@type":"ImageObject","inLanguage":"en-GB","@id":"https:\/\/www.revistarambla.com\/#\/schema\/logo\/image\/","url":"https:\/\/www.revistarambla.com\/wp-content\/uploads\/2020\/09\/banner_rambla_1900x600_BB.png","contentUrl":"https:\/\/www.revistarambla.com\/wp-content\/uploads\/2020\/09\/banner_rambla_1900x600_BB.png","width":1900,"height":600,"caption":"Revista Rambla"},"image":{"@id":"https:\/\/www.revistarambla.com\/#\/schema\/logo\/image\/"},"sameAs":["https:\/\/www.facebook.com\/revistarambla\/","https:\/\/x.com\/revistarambla","https:\/\/www.instagram.com\/revista_rambla","https:\/\/es.linkedin.com\/company\/revista-rambla"]},{"@type":"Person","@id":"https:\/\/www.revistarambla.com\/#\/schema\/person\/a146a5a2550b94981a75131180e1bd9c","name":"R@mbla","description":"Este art\u00edculo ha sido redactado y\/o validado por el equipo de redacci\u00f3n de Revista Rambla.","sameAs":["https:\/\/www.revistarambla.com\/","https:\/\/www.facebook.com\/revistarambla","https:\/\/x.com\/revistarambla"]}]}},"_links":{"self":[{"href":"https:\/\/www.revistarambla.com\/en\/wp-json\/wp\/v2\/posts\/66527","targetHints":{"allow":["GET"]}}],"collection":[{"href":"https:\/\/www.revistarambla.com\/en\/wp-json\/wp\/v2\/posts"}],"about":[{"href":"https:\/\/www.revistarambla.com\/en\/wp-json\/wp\/v2\/types\/post"}],"author":[{"embeddable":true,"href":"https:\/\/www.revistarambla.com\/en\/wp-json\/wp\/v2\/users\/3"}],"replies":[{"embeddable":true,"href":"https:\/\/www.revistarambla.com\/en\/wp-json\/wp\/v2\/comments?post=66527"}],"version-history":[{"count":1,"href":"https:\/\/www.revistarambla.com\/en\/wp-json\/wp\/v2\/posts\/66527\/revisions"}],"predecessor-version":[{"id":66529,"href":"https:\/\/www.revistarambla.com\/en\/wp-json\/wp\/v2\/posts\/66527\/revisions\/66529"}],"wp:featuredmedia":[{"embeddable":true,"href":"https:\/\/www.revistarambla.com\/en\/wp-json\/wp\/v2\/media\/66528"}],"wp:attachment":[{"href":"https:\/\/www.revistarambla.com\/en\/wp-json\/wp\/v2\/media?parent=66527"}],"wp:term":[{"taxonomy":"category","embeddable":true,"href":"https:\/\/www.revistarambla.com\/en\/wp-json\/wp\/v2\/categories?post=66527"},{"taxonomy":"post_tag","embeddable":true,"href":"https:\/\/www.revistarambla.com\/en\/wp-json\/wp\/v2\/tags?post=66527"}],"curies":[{"name":"wp","href":"https:\/\/api.w.org\/{rel}","templated":true}]}}