{"id":66517,"date":"2025-09-11T11:12:24","date_gmt":"2025-09-11T09:12:24","guid":{"rendered":"https:\/\/www.revistarambla.com\/?p=66517"},"modified":"2025-09-11T11:12:24","modified_gmt":"2025-09-11T09:12:24","slug":"la-posguerra-interior-de-joan-margarit","status":"publish","type":"post","link":"https:\/\/www.revistarambla.com\/en\/la-posguerra-interior-de-joan-margarit\/","title":{"rendered":"La posguerra interior de Joan Margarit"},"content":{"rendered":"<p>Joan Margarit (1938-2021), uno de los poetas catalanes m\u00e1s destacados del siglo XX y principios del XXI, construy\u00f3 una obra po\u00e9tica que se erige como un puente entre la memoria personal y la colectiva, entre el dolor hist\u00f3rico y la introspecci\u00f3n individual. Su poes\u00eda, escrita originalmente en catal\u00e1n, pero a menudo traducida y publicada en espa\u00f1ol, se caracteriza por una sencillez aparente que oculta una profundidad emocional y filos\u00f3fica. Margarit, arquitecto de profesi\u00f3n, aplicaba a sus versos una estructura precisa, como si cada poema fuera un edificio dise\u00f1ado para resistir el paso del tiempo. Ganador del Premio Cervantes en 2019, su legado incluye colecciones como <em>Joana<\/em>\u00a0(2002), <em>C\u00e1lculo de estructuras<\/em> (2005) y <em>Se pierde la se\u00f1al<\/em> (2013), donde explora temas recurrentes como la p\u00e9rdida, el amor, la vejez y las secuelas de la guerra civil espa\u00f1ola. En este contexto, el poema \u00abSer viejo\u00bb, incluido en su antolog\u00eda <em>Todos los poemas (1975-2012)<\/em>, emerge como una pieza emblem\u00e1tica que condensa su visi\u00f3n de la ancianidad no como un declive pasivo, sino como una \u00abposguerra\u00bb llena de resonancias hist\u00f3ricas y emocionales.<\/p>\n<p>\u00abSer viejo\u00bb es un poema breve, dividido en dos estrofas, que despliega una met\u00e1fora central: la vejez como el resultado de una guerra. Desde los primeros versos, Margarit nos sumerge en un paisaje rural y nost\u00e1lgico: \u00abEntre las sombras de los gallos \/ y los perros de patios y corrales \/ de Sana\u00fcja, se abre un agujero \/ que se llena con tiempo perdido y lluvia sucia \/ cuando los ni\u00f1os van hacia la muerte.\u00bb Sana\u00fcja, el pueblo natal del poeta en la provincia de Lleida, no es solo un escenario geogr\u00e1fico; es un s\u00edmbolo de las ra\u00edces humildes y marcadas por la pobreza postb\u00e9lica. Los gallos y perros evocan un mundo campesino, primitivo, donde las sombras sugieren lo oculto, lo reprimido. El \u00abagujero\u00bb que se abre es una imagen poderosa: un vac\u00edo existencial que se rellena con \u00abtiempo perdido y lluvia sucia\u00bb, elementos que connotan desperdicio, contaminaci\u00f3n y melancol\u00eda. La menci\u00f3n a los ni\u00f1os que \u00abvan hacia la muerte\u00bb introduce un tono fatalista, record\u00e1ndonos que la vejez es el punto final de un trayecto iniciado en la infancia, pero tambi\u00e9n alude a las generaciones perdidas en conflictos como la Guerra Civil, que Margarit vivi\u00f3 en su ni\u00f1ez.<\/p>\n<p>Esta estrofa inicial establece un tono de desolaci\u00f3n, pero no de resignaci\u00f3n absoluta. La lluvia sucia, por ejemplo, podr\u00eda interpretarse como las impurezas acumuladas en la vida, las experiencias amargas que erosionan el esp\u00edritu. Margarit, influido por su formaci\u00f3n en la posguerra franquista, donde la censura y la represi\u00f3n moldearon su juventud, utiliza estos elementos para tejer una conexi\u00f3n entre lo personal y lo hist\u00f3rico. En entrevistas, el poeta ha expresado c\u00f3mo la poes\u00eda le sirvi\u00f3 como herramienta para reconciliarse con el pasado; en \u00abSer viejo\u00bb, este pasado se manifiesta como un pozo de memorias que amenaza con tragarse al yo l\u00edrico. La estructura m\u00e9trica, con versos libres pero r\u00edtmicos, imita el flujo irregular de los recuerdos, sin rimas forzadas que distraigan de la crudeza del contenido.<\/p>\n<p>La segunda estrofa profundiza en la met\u00e1fora b\u00e9lica: \u00abSer viejo es una especie de posguerra. \/ Sentados a la mesa en la cocina, \/ limpiando las lentejas \/ en los anocheceres de brasero, \/ veo a los que me amaron.\u00bb Aqu\u00ed, la vejez se define expl\u00edcitamente como \u00abposguerra\u00bb, un estado de paz precaria tras el caos. La escena dom\u00e9stica \u2013la mesa, las lentejas, el brasero\u2013 es un arquetipo de la vida humilde en la Espa\u00f1a rural de los a\u00f1os 40 y 50, donde la pobreza obligaba a gestos cotidianos de supervivencia. Limpiar lentejas no es solo un acto literal; simboliza la depuraci\u00f3n de lo esencial de lo superfluo, un proceso que el viejo realiza retrospectivamente con su vida. El brasero, fuente de calor en inviernos fr\u00edos, evoca calidez familiar pero tambi\u00e9n fragilidad, ya que su fuego es ef\u00edmero.<\/p>\n<p>El yo l\u00edrico ve \u00aba los que me amaron\u00bb, fantasmas del pasado que regresan en la memoria. Estos seres, \u00abtan pobres que al final de aquella guerra \/ tuvieron que vender el miserable \/ vi\u00f1edo y aquel fr\u00edo caser\u00f3n\u00bb, representan a los padres o antepasados del poeta, v\u00edctimas de la ruina econ\u00f3mica postb\u00e9lica. La venta del vi\u00f1edo y la casa simboliza la desposesi\u00f3n total, la p\u00e9rdida de ra\u00edces materiales que refleja la desintegraci\u00f3n emocional. Margarit, que perdi\u00f3 a su hija Joana en 2002 debido a una enfermedad, infunde en sus poemas un sentido de orfandad invertida: el viejo no solo pierde a los que le precedieron, sino que anticipa su propia desaparici\u00f3n. \u00abSer viejo es que la guerra ha terminado. \/ Es saber d\u00f3nde est\u00e1n los refugios, hoy in\u00fatiles.\u00bb Estos versos finales cierran el poema con una nota de iron\u00eda amarga. La guerra \u2013metaf\u00f3rica de la vida misma\u2013 ha acabado, pero el conocimiento de los \u00abrefugios\u00bb (b\u00fankeres literales de la Guerra Civil o refugios emocionales) es obsoleto. El viejo es un superviviente que porta un saber in\u00fatil, un testimonio vivo de batallas olvidadas.<\/p>\n<p>Desde un punto de vista formal, \u00abSer viejo\u00bb destaca por su econom\u00eda ling\u00fc\u00edstica. Margarit evita ornamentos ret\u00f3ricos, optando por un lenguaje coloquial que roza lo prosaico, influido por poetas como Antonio Machado o W.H. Auden, a quienes admiraba. La ausencia de puntuaci\u00f3n en algunos versos crea un flujo continuo, como si los recuerdos se desbordaran sin control. La repetici\u00f3n de \u00abSer viejo es\u00bb act\u00faa como an\u00e1fora, reforzando la definici\u00f3n iterativa de la ancianidad, no como un estado est\u00e1tico, sino como una acumulaci\u00f3n de significados. En comparaci\u00f3n con otros poemas suyos, como \u00abNo tires las cartas de amor\u00bb o \u00abLa libertad\u00bb, \u00abSer viejo\u00bb comparte el tema de la memoria, pero aqu\u00ed se enfoca en la vejez como culminaci\u00f3n de p\u00e9rdidas, no como redenci\u00f3n.<\/p>\n<p>Contextualizando el poema en la trayectoria de Margarit, es evidente su evoluci\u00f3n desde una poes\u00eda m\u00e1s abstracta en sus inicios (en castellano, como en <em>Cr\u00f3nica<\/em>\u00a0de 1975) hacia una madurez introspectiva en catal\u00e1n. \u00abSer viejo\u00bb, aunque presentado en espa\u00f1ol en muchas ediciones, refleja su biling\u00fcismo cultural, un rasgo com\u00fan en la literatura catalana postfranquista. El poema forma parte de una tradici\u00f3n po\u00e9tica que aborda la vejez, desde Quevedo en \u00abMir\u00e9 los muros de la patria m\u00eda\u00bb hasta contempor\u00e1neos como Jos\u00e9 Emilio Pacheco en \u00abAlta traici\u00f3n\u00bb. Sin embargo, Margarit a\u00f1ade un matiz catal\u00e1n: la referencia a Sana\u00fcja ancla el poema en una identidad regional marcada por el exilio interior y la resistencia cultural.<\/p>\n<p>En t\u00e9rminos tem\u00e1ticos, \u00abSer viejo\u00bb explora la dial\u00e9ctica entre tiempo y espacio. El \u00abagujero\u00bb inicial es un espacio vac\u00edo que el tiempo llena de residuos; los refugios finales son espacios obsoletos en un tiempo pac\u00edfico. Esta tensi\u00f3n refleja la filosof\u00eda de Margarit, influida por el existencialismo: la vejez no es mera decadencia f\u00edsica, sino una confrontaci\u00f3n con el absurdo de la existencia. La lluvia sucia y el tiempo perdido evocan el concepto heideggeriano de \u00abtiempo aut\u00e9ntico\u00bb, donde el pasado irrumpe en el presente, forzando una autenticidad dolorosa. Adem\u00e1s, el poema toca la pobreza como herencia b\u00e9lica, criticando impl\u00edcitamente el legado del franquismo, que dej\u00f3 a generaciones en la miseria.<\/p>\n<p>Desde una perspectiva psicoanal\u00edtica, el poema podr\u00eda leerse como un proceso de duelo: el yo l\u00edrico llora los amados perdidos, pero tambi\u00e9n su propia juventud. El brasero simboliza el calor del apego, contrastado con el \u00abfr\u00edo caser\u00f3n\u00bb vendido, met\u00e1fora de la alienaci\u00f3n. Margarit, que sufri\u00f3 la muerte prematura de su hija, infunde en \u00abSer viejo\u00bb un sentido de supervivencia culpable, donde el viejo es el \u00faltimo testigo de un linaje extinguido.<\/p>\n<p>En el panorama literario actual, \u00abSer viejo\u00bb resuena con urgencia en una sociedad envejecida como la espa\u00f1ola, donde la longevidad trae aislamiento y reflexi\u00f3n sobre el pasado colectivo. Comparado con obras como <em>El olvido que seremos<\/em> de H\u00e9ctor Abad Faciolince, el poema destaca por su concisi\u00f3n, logrando en pocos versos lo que novelas enteras intentan. Su relevancia se amplifica en el contexto pospandemia, donde la vejez ha sido sin\u00f3nimo de vulnerabilidad.<\/p>\n<p>No obstante, el poema no es exento de cr\u00edticas. Algunos podr\u00edan argumentar que su tono melanc\u00f3lico bordea el pesimismo, sin ofrecer redenci\u00f3n. Sin embargo, Margarit defend\u00eda que la poes\u00eda debe consolar a trav\u00e9s de la verdad, no de ilusiones. En \u00abSer viejo\u00bb, el consuelo radica en el reconocimiento: saber que la guerra ha terminado es, parad\u00f3jicamente, una victoria.<\/p>\n<p>En conclusi\u00f3n, \u00abSer viejo\u00bb es un microcosmos de la po\u00e9tica de Joan Margarit: una arquitectura verbal que sostiene el peso de la historia personal y colectiva. Con su imaginer\u00eda rural, su met\u00e1fora b\u00e9lica y su lenguaje depurado, el poema invita a una lectura meditativa sobre la ancianidad como posguerra interior. Margarit, arquitecto de emociones, nos deja un refugio po\u00e9tico que, a diferencia de los del poema, sigue siendo \u00fatil: el de la palabra perdurable.<\/p>","protected":false},"excerpt":{"rendered":"<p>Joan Margarit (1938-2021), uno de los poetas catalanes m\u00e1s destacados del siglo XX y principios del XXI, construy\u00f3 una obra po\u00e9tica que se erige como un puente entre la memoria personal y la colectiva, entre el dolor hist\u00f3rico y la introspecci\u00f3n individual. Su poes\u00eda, escrita originalmente en catal\u00e1n, pero a [&hellip;]<\/p>\n","protected":false},"author":3,"featured_media":66518,"comment_status":"closed","ping_status":"closed","sticky":false,"template":"","format":"standard","meta":{"footnotes":""},"categories":[60],"tags":[],"class_list":["post-66517","post","type-post","status-publish","format-standard","has-post-thumbnail","hentry","category-libros"],"yoast_head":"<!-- This site is optimized with the Yoast SEO plugin v27.5 - https:\/\/yoast.com\/product\/yoast-seo-wordpress\/ -->\n<title>La posguerra interior de Joan Margarit - Revista Rambla<\/title>\n<meta name=\"robots\" content=\"index, follow, max-snippet:-1, max-image-preview:large, max-video-preview:-1\" \/>\n<link rel=\"canonical\" href=\"https:\/\/www.revistarambla.com\/en\/la-posguerra-interior-de-joan-margarit\/\" \/>\n<meta property=\"og:locale\" content=\"en_GB\" \/>\n<meta property=\"og:type\" content=\"article\" \/>\n<meta property=\"og:title\" content=\"La posguerra interior de Joan Margarit - Revista Rambla\" \/>\n<meta property=\"og:description\" content=\"Joan Margarit (1938-2021), uno de los poetas catalanes m\u00e1s destacados del siglo XX y principios del XXI, construy\u00f3 una obra po\u00e9tica que se erige como un puente entre la memoria personal y la colectiva, entre el dolor hist\u00f3rico y la introspecci\u00f3n individual. Su poes\u00eda, escrita originalmente en catal\u00e1n, pero a [&hellip;]\" \/>\n<meta property=\"og:url\" content=\"https:\/\/www.revistarambla.com\/en\/la-posguerra-interior-de-joan-margarit\/\" \/>\n<meta property=\"og:site_name\" content=\"Revista Rambla\" \/>\n<meta property=\"article:publisher\" content=\"https:\/\/www.facebook.com\/revistarambla\/\" \/>\n<meta property=\"article:author\" content=\"https:\/\/www.facebook.com\/revistarambla\" \/>\n<meta property=\"article:published_time\" content=\"2025-09-11T09:12:24+00:00\" \/>\n<meta property=\"og:image\" content=\"https:\/\/www.revistarambla.com\/wp-content\/uploads\/2025\/09\/Joan_Margarit_2364.jpg\" \/>\n\t<meta property=\"og:image:width\" content=\"800\" \/>\n\t<meta property=\"og:image:height\" content=\"533\" \/>\n\t<meta property=\"og:image:type\" content=\"image\/jpeg\" \/>\n<meta name=\"author\" content=\"R@mbla\" \/>\n<meta name=\"twitter:card\" content=\"summary_large_image\" \/>\n<meta name=\"twitter:creator\" content=\"@revistarambla\" \/>\n<meta name=\"twitter:site\" content=\"@revistarambla\" \/>\n<meta name=\"twitter:label1\" content=\"Written by\" \/>\n\t<meta name=\"twitter:data1\" content=\"R@mbla\" \/>\n\t<meta name=\"twitter:label2\" content=\"Estimated reading time\" \/>\n\t<meta name=\"twitter:data2\" content=\"7 minutes\" \/>\n<script type=\"application\/ld+json\" class=\"yoast-schema-graph\">{\"@context\":\"https:\\\/\\\/schema.org\",\"@graph\":[{\"@type\":\"Article\",\"@id\":\"https:\\\/\\\/www.revistarambla.com\\\/la-posguerra-interior-de-joan-margarit\\\/#article\",\"isPartOf\":{\"@id\":\"https:\\\/\\\/www.revistarambla.com\\\/la-posguerra-interior-de-joan-margarit\\\/\"},\"author\":{\"name\":\"R@mbla\",\"@id\":\"https:\\\/\\\/www.revistarambla.com\\\/#\\\/schema\\\/person\\\/a146a5a2550b94981a75131180e1bd9c\"},\"headline\":\"La posguerra interior de Joan Margarit\",\"datePublished\":\"2025-09-11T09:12:24+00:00\",\"mainEntityOfPage\":{\"@id\":\"https:\\\/\\\/www.revistarambla.com\\\/la-posguerra-interior-de-joan-margarit\\\/\"},\"wordCount\":1577,\"publisher\":{\"@id\":\"https:\\\/\\\/www.revistarambla.com\\\/#organization\"},\"image\":{\"@id\":\"https:\\\/\\\/www.revistarambla.com\\\/la-posguerra-interior-de-joan-margarit\\\/#primaryimage\"},\"thumbnailUrl\":\"https:\\\/\\\/www.revistarambla.com\\\/wp-content\\\/uploads\\\/2025\\\/09\\\/Joan_Margarit_2364.jpg\",\"articleSection\":[\"Libros\"],\"inLanguage\":\"en-GB\"},{\"@type\":\"WebPage\",\"@id\":\"https:\\\/\\\/www.revistarambla.com\\\/la-posguerra-interior-de-joan-margarit\\\/\",\"url\":\"https:\\\/\\\/www.revistarambla.com\\\/la-posguerra-interior-de-joan-margarit\\\/\",\"name\":\"La posguerra interior de Joan Margarit - Revista Rambla\",\"isPartOf\":{\"@id\":\"https:\\\/\\\/www.revistarambla.com\\\/#website\"},\"primaryImageOfPage\":{\"@id\":\"https:\\\/\\\/www.revistarambla.com\\\/la-posguerra-interior-de-joan-margarit\\\/#primaryimage\"},\"image\":{\"@id\":\"https:\\\/\\\/www.revistarambla.com\\\/la-posguerra-interior-de-joan-margarit\\\/#primaryimage\"},\"thumbnailUrl\":\"https:\\\/\\\/www.revistarambla.com\\\/wp-content\\\/uploads\\\/2025\\\/09\\\/Joan_Margarit_2364.jpg\",\"datePublished\":\"2025-09-11T09:12:24+00:00\",\"breadcrumb\":{\"@id\":\"https:\\\/\\\/www.revistarambla.com\\\/la-posguerra-interior-de-joan-margarit\\\/#breadcrumb\"},\"inLanguage\":\"en-GB\",\"potentialAction\":[{\"@type\":\"ReadAction\",\"target\":[\"https:\\\/\\\/www.revistarambla.com\\\/la-posguerra-interior-de-joan-margarit\\\/\"]}]},{\"@type\":\"ImageObject\",\"inLanguage\":\"en-GB\",\"@id\":\"https:\\\/\\\/www.revistarambla.com\\\/la-posguerra-interior-de-joan-margarit\\\/#primaryimage\",\"url\":\"https:\\\/\\\/www.revistarambla.com\\\/wp-content\\\/uploads\\\/2025\\\/09\\\/Joan_Margarit_2364.jpg\",\"contentUrl\":\"https:\\\/\\\/www.revistarambla.com\\\/wp-content\\\/uploads\\\/2025\\\/09\\\/Joan_Margarit_2364.jpg\",\"width\":800,\"height\":533,\"caption\":\"ser viejo margarit\"},{\"@type\":\"BreadcrumbList\",\"@id\":\"https:\\\/\\\/www.revistarambla.com\\\/la-posguerra-interior-de-joan-margarit\\\/#breadcrumb\",\"itemListElement\":[{\"@type\":\"ListItem\",\"position\":1,\"name\":\"Portada\",\"item\":\"https:\\\/\\\/www.revistarambla.com\\\/\"},{\"@type\":\"ListItem\",\"position\":2,\"name\":\"La posguerra interior de Joan Margarit\"}]},{\"@type\":\"WebSite\",\"@id\":\"https:\\\/\\\/www.revistarambla.com\\\/#website\",\"url\":\"https:\\\/\\\/www.revistarambla.com\\\/\",\"name\":\"Revista Rambla Barcelona\",\"description\":\"Periodismo independiente\",\"publisher\":{\"@id\":\"https:\\\/\\\/www.revistarambla.com\\\/#organization\"},\"potentialAction\":[{\"@type\":\"SearchAction\",\"target\":{\"@type\":\"EntryPoint\",\"urlTemplate\":\"https:\\\/\\\/www.revistarambla.com\\\/?s={search_term_string}\"},\"query-input\":{\"@type\":\"PropertyValueSpecification\",\"valueRequired\":true,\"valueName\":\"search_term_string\"}}],\"inLanguage\":\"en-GB\"},{\"@type\":\"Organization\",\"@id\":\"https:\\\/\\\/www.revistarambla.com\\\/#organization\",\"name\":\"Revista Rambla\",\"url\":\"https:\\\/\\\/www.revistarambla.com\\\/\",\"logo\":{\"@type\":\"ImageObject\",\"inLanguage\":\"en-GB\",\"@id\":\"https:\\\/\\\/www.revistarambla.com\\\/#\\\/schema\\\/logo\\\/image\\\/\",\"url\":\"https:\\\/\\\/www.revistarambla.com\\\/wp-content\\\/uploads\\\/2020\\\/09\\\/banner_rambla_1900x600_BB.png\",\"contentUrl\":\"https:\\\/\\\/www.revistarambla.com\\\/wp-content\\\/uploads\\\/2020\\\/09\\\/banner_rambla_1900x600_BB.png\",\"width\":1900,\"height\":600,\"caption\":\"Revista Rambla\"},\"image\":{\"@id\":\"https:\\\/\\\/www.revistarambla.com\\\/#\\\/schema\\\/logo\\\/image\\\/\"},\"sameAs\":[\"https:\\\/\\\/www.facebook.com\\\/revistarambla\\\/\",\"https:\\\/\\\/x.com\\\/revistarambla\",\"https:\\\/\\\/www.instagram.com\\\/revista_rambla\",\"https:\\\/\\\/es.linkedin.com\\\/company\\\/revista-rambla\"]},{\"@type\":\"Person\",\"@id\":\"https:\\\/\\\/www.revistarambla.com\\\/#\\\/schema\\\/person\\\/a146a5a2550b94981a75131180e1bd9c\",\"name\":\"R@mbla\",\"description\":\"Este art\u00edculo ha sido redactado y\\\/o validado por el equipo de redacci\u00f3n de Revista Rambla.\",\"sameAs\":[\"https:\\\/\\\/www.revistarambla.com\\\/\",\"https:\\\/\\\/www.facebook.com\\\/revistarambla\",\"https:\\\/\\\/x.com\\\/revistarambla\"]}]}<\/script>\n<!-- \/ Yoast SEO plugin. -->","yoast_head_json":{"title":"La posguerra interior de Joan Margarit - Revista Rambla","robots":{"index":"index","follow":"follow","max-snippet":"max-snippet:-1","max-image-preview":"max-image-preview:large","max-video-preview":"max-video-preview:-1"},"canonical":"https:\/\/www.revistarambla.com\/en\/la-posguerra-interior-de-joan-margarit\/","og_locale":"en_GB","og_type":"article","og_title":"La posguerra interior de Joan Margarit - Revista Rambla","og_description":"Joan Margarit (1938-2021), uno de los poetas catalanes m\u00e1s destacados del siglo XX y principios del XXI, construy\u00f3 una obra po\u00e9tica que se erige como un puente entre la memoria personal y la colectiva, entre el dolor hist\u00f3rico y la introspecci\u00f3n individual. Su poes\u00eda, escrita originalmente en catal\u00e1n, pero a [&hellip;]","og_url":"https:\/\/www.revistarambla.com\/en\/la-posguerra-interior-de-joan-margarit\/","og_site_name":"Revista Rambla","article_publisher":"https:\/\/www.facebook.com\/revistarambla\/","article_author":"https:\/\/www.facebook.com\/revistarambla","article_published_time":"2025-09-11T09:12:24+00:00","og_image":[{"width":800,"height":533,"url":"https:\/\/www.revistarambla.com\/wp-content\/uploads\/2025\/09\/Joan_Margarit_2364.jpg","type":"image\/jpeg"}],"author":"R@mbla","twitter_card":"summary_large_image","twitter_creator":"@revistarambla","twitter_site":"@revistarambla","twitter_misc":{"Written by":"R@mbla","Estimated reading time":"7 minutes"},"schema":{"@context":"https:\/\/schema.org","@graph":[{"@type":"Article","@id":"https:\/\/www.revistarambla.com\/la-posguerra-interior-de-joan-margarit\/#article","isPartOf":{"@id":"https:\/\/www.revistarambla.com\/la-posguerra-interior-de-joan-margarit\/"},"author":{"name":"R@mbla","@id":"https:\/\/www.revistarambla.com\/#\/schema\/person\/a146a5a2550b94981a75131180e1bd9c"},"headline":"La posguerra interior de Joan Margarit","datePublished":"2025-09-11T09:12:24+00:00","mainEntityOfPage":{"@id":"https:\/\/www.revistarambla.com\/la-posguerra-interior-de-joan-margarit\/"},"wordCount":1577,"publisher":{"@id":"https:\/\/www.revistarambla.com\/#organization"},"image":{"@id":"https:\/\/www.revistarambla.com\/la-posguerra-interior-de-joan-margarit\/#primaryimage"},"thumbnailUrl":"https:\/\/www.revistarambla.com\/wp-content\/uploads\/2025\/09\/Joan_Margarit_2364.jpg","articleSection":["Libros"],"inLanguage":"en-GB"},{"@type":"WebPage","@id":"https:\/\/www.revistarambla.com\/la-posguerra-interior-de-joan-margarit\/","url":"https:\/\/www.revistarambla.com\/la-posguerra-interior-de-joan-margarit\/","name":"La posguerra interior de Joan Margarit - Revista Rambla","isPartOf":{"@id":"https:\/\/www.revistarambla.com\/#website"},"primaryImageOfPage":{"@id":"https:\/\/www.revistarambla.com\/la-posguerra-interior-de-joan-margarit\/#primaryimage"},"image":{"@id":"https:\/\/www.revistarambla.com\/la-posguerra-interior-de-joan-margarit\/#primaryimage"},"thumbnailUrl":"https:\/\/www.revistarambla.com\/wp-content\/uploads\/2025\/09\/Joan_Margarit_2364.jpg","datePublished":"2025-09-11T09:12:24+00:00","breadcrumb":{"@id":"https:\/\/www.revistarambla.com\/la-posguerra-interior-de-joan-margarit\/#breadcrumb"},"inLanguage":"en-GB","potentialAction":[{"@type":"ReadAction","target":["https:\/\/www.revistarambla.com\/la-posguerra-interior-de-joan-margarit\/"]}]},{"@type":"ImageObject","inLanguage":"en-GB","@id":"https:\/\/www.revistarambla.com\/la-posguerra-interior-de-joan-margarit\/#primaryimage","url":"https:\/\/www.revistarambla.com\/wp-content\/uploads\/2025\/09\/Joan_Margarit_2364.jpg","contentUrl":"https:\/\/www.revistarambla.com\/wp-content\/uploads\/2025\/09\/Joan_Margarit_2364.jpg","width":800,"height":533,"caption":"ser viejo margarit"},{"@type":"BreadcrumbList","@id":"https:\/\/www.revistarambla.com\/la-posguerra-interior-de-joan-margarit\/#breadcrumb","itemListElement":[{"@type":"ListItem","position":1,"name":"Portada","item":"https:\/\/www.revistarambla.com\/"},{"@type":"ListItem","position":2,"name":"La posguerra interior de Joan Margarit"}]},{"@type":"WebSite","@id":"https:\/\/www.revistarambla.com\/#website","url":"https:\/\/www.revistarambla.com\/","name":"Revista Rambla Barcelona","description":"Periodismo independiente","publisher":{"@id":"https:\/\/www.revistarambla.com\/#organization"},"potentialAction":[{"@type":"SearchAction","target":{"@type":"EntryPoint","urlTemplate":"https:\/\/www.revistarambla.com\/?s={search_term_string}"},"query-input":{"@type":"PropertyValueSpecification","valueRequired":true,"valueName":"search_term_string"}}],"inLanguage":"en-GB"},{"@type":"Organization","@id":"https:\/\/www.revistarambla.com\/#organization","name":"Revista Rambla","url":"https:\/\/www.revistarambla.com\/","logo":{"@type":"ImageObject","inLanguage":"en-GB","@id":"https:\/\/www.revistarambla.com\/#\/schema\/logo\/image\/","url":"https:\/\/www.revistarambla.com\/wp-content\/uploads\/2020\/09\/banner_rambla_1900x600_BB.png","contentUrl":"https:\/\/www.revistarambla.com\/wp-content\/uploads\/2020\/09\/banner_rambla_1900x600_BB.png","width":1900,"height":600,"caption":"Revista Rambla"},"image":{"@id":"https:\/\/www.revistarambla.com\/#\/schema\/logo\/image\/"},"sameAs":["https:\/\/www.facebook.com\/revistarambla\/","https:\/\/x.com\/revistarambla","https:\/\/www.instagram.com\/revista_rambla","https:\/\/es.linkedin.com\/company\/revista-rambla"]},{"@type":"Person","@id":"https:\/\/www.revistarambla.com\/#\/schema\/person\/a146a5a2550b94981a75131180e1bd9c","name":"R@mbla","description":"Este art\u00edculo ha sido redactado y\/o validado por el equipo de redacci\u00f3n de Revista Rambla.","sameAs":["https:\/\/www.revistarambla.com\/","https:\/\/www.facebook.com\/revistarambla","https:\/\/x.com\/revistarambla"]}]}},"_links":{"self":[{"href":"https:\/\/www.revistarambla.com\/en\/wp-json\/wp\/v2\/posts\/66517","targetHints":{"allow":["GET"]}}],"collection":[{"href":"https:\/\/www.revistarambla.com\/en\/wp-json\/wp\/v2\/posts"}],"about":[{"href":"https:\/\/www.revistarambla.com\/en\/wp-json\/wp\/v2\/types\/post"}],"author":[{"embeddable":true,"href":"https:\/\/www.revistarambla.com\/en\/wp-json\/wp\/v2\/users\/3"}],"replies":[{"embeddable":true,"href":"https:\/\/www.revistarambla.com\/en\/wp-json\/wp\/v2\/comments?post=66517"}],"version-history":[{"count":1,"href":"https:\/\/www.revistarambla.com\/en\/wp-json\/wp\/v2\/posts\/66517\/revisions"}],"predecessor-version":[{"id":66519,"href":"https:\/\/www.revistarambla.com\/en\/wp-json\/wp\/v2\/posts\/66517\/revisions\/66519"}],"wp:featuredmedia":[{"embeddable":true,"href":"https:\/\/www.revistarambla.com\/en\/wp-json\/wp\/v2\/media\/66518"}],"wp:attachment":[{"href":"https:\/\/www.revistarambla.com\/en\/wp-json\/wp\/v2\/media?parent=66517"}],"wp:term":[{"taxonomy":"category","embeddable":true,"href":"https:\/\/www.revistarambla.com\/en\/wp-json\/wp\/v2\/categories?post=66517"},{"taxonomy":"post_tag","embeddable":true,"href":"https:\/\/www.revistarambla.com\/en\/wp-json\/wp\/v2\/tags?post=66517"}],"curies":[{"name":"wp","href":"https:\/\/api.w.org\/{rel}","templated":true}]}}