{"id":66514,"date":"2025-09-11T11:03:33","date_gmt":"2025-09-11T09:03:33","guid":{"rendered":"https:\/\/www.revistarambla.com\/?p=66514"},"modified":"2025-09-11T11:58:01","modified_gmt":"2025-09-11T09:58:01","slug":"el-bosque-no-olvida","status":"publish","type":"post","link":"https:\/\/www.revistarambla.com\/en\/el-bosque-no-olvida\/","title":{"rendered":"El bosque no olvida"},"content":{"rendered":"<p>En el coraz\u00f3n de un bosque olvidado, donde los \u00e1rboles se alzaban como guardianes de secretos antiguos, viv\u00eda una puerca llamada Morga. No era una cerda com\u00fan. <!--more-->Su piel, negra como el carb\u00f3n, brillaba bajo la luz de la luna con un resplandor que parec\u00eda absorber la oscuridad misma. Los aldeanos de las tierras bajas, a kil\u00f3metros de distancia, contaban historias sobre ella, susurradas en tabernas al calor de la lumbre. Dec\u00edan que Morga no era una bestia, sino un esp\u00edritu, una guardiana del bosque que castigaba a los codiciosos y proteg\u00eda a los perdidos. Pero nadie sab\u00eda la verdad, porque nadie se atrev\u00eda a adentrarse en su dominio.<\/p>\n<p>Morga, sin embargo, no se consideraba guardiana de nada. Viv\u00eda sola, en una cueva oculta tras una cascada, donde el musgo cubr\u00eda las paredes como un tapiz vivo. Su vida era sencilla: hozaba la tierra en busca de ra\u00edces, beb\u00eda del arroyo cristalino y observaba el paso de las estaciones. Pero hab\u00eda algo en ella que no encajaba con su apariencia. Sus ojos, de un \u00e1mbar profundo, parec\u00edan contener un conocimiento que trascend\u00eda el tiempo. Morga so\u00f1aba. Y en sus sue\u00f1os, ve\u00eda rostros humanos, fragmentos de vidas que no eran suyas, y un fuego que ard\u00eda en el horizonte.<\/p>\n<p>Una noche de tormenta, cuando el cielo se desgarraba con rel\u00e1mpagos, un hombre lleg\u00f3 al bosque. Su nombre era El\u00edas, un cazador de recompensas con cicatrices que narraban m\u00e1s historias que su propia lengua. Hab\u00eda o\u00eddo los rumores sobre Morga, pero no cre\u00eda en esp\u00edritus ni guardianes. Lo que lo atra\u00eda era la recompensa: un noble de la ciudad ofrec\u00eda una fortuna por la cabeza de la \u00abbestia negra\u00bb que, seg\u00fan \u00e9l, hab\u00eda destruido sus caravanas de comercio. El\u00edas no era hombre de escr\u00fapulos. Hab\u00eda matado lobos, osos y hombres por menos. Una puerca, por m\u00edstica que fuera, no ser\u00eda diferente.<\/p>\n<p>El\u00edas avanz\u00f3 por el bosque con la cautela de un depredador. Sus botas se hund\u00edan en el lodo, y el viento le azotaba el rostro, pero sus manos sosten\u00edan firmemente una ballesta cargada con una flecha de punta envenenada. No cre\u00eda en cuentos, pero s\u00ed en el peso del oro. Durante horas, rastre\u00f3 huellas, marcas en los \u00e1rboles, cualquier se\u00f1al de la criatura. El bosque parec\u00eda vivo, conspirando contra \u00e9l. Las ramas cruj\u00edan sin motivo, y los p\u00e1jaros callaban a su paso. Pero El\u00edas no se deten\u00eda. Hab\u00eda enfrentado peores tormentas, tanto en la naturaleza como en su alma.<\/p>\n<p>Al amanecer, tras una noche sin descanso, encontr\u00f3 la cascada. El rugido del agua ocultaba cualquier otro sonido, pero sus ojos captaron un movimiento: una sombra enorme, desliz\u00e1ndose entre los helechos. Era Morga. El\u00edas se agazap\u00f3, su coraz\u00f3n latiendo con la emoci\u00f3n de la caza. La puerca estaba de espaldas, bebiendo del arroyo, ajena a su presencia. Apunt\u00f3 con la ballesta, ajustando la mira. Pero entonces, Morga gir\u00f3 la cabeza y lo mir\u00f3 directamente.<\/p>\n<p>No era la mirada de un animal. Era una mirada que perforaba, que desentra\u00f1aba. El\u00edas sinti\u00f3 un escalofr\u00edo, como si el bosque entero lo observara a trav\u00e9s de esos ojos \u00e1mbar. La ballesta tembl\u00f3 en sus manos. Morga no se movi\u00f3, no gru\u00f1\u00f3, no mostr\u00f3 amenaza. Solo lo miraba, y en esa mirada, El\u00edas vio algo que no esperaba: tristeza.<\/p>\n<p>Baj\u00f3 el arma, aunque no supo por qu\u00e9. Morga dio un paso hacia \u00e9l, y el cazador retrocedi\u00f3 instintivamente. Pero la puerca no atac\u00f3. En cambio, se dio la vuelta y comenz\u00f3 a caminar hacia la cueva detr\u00e1s de la cascada. El\u00edas, contra todo sentido, la sigui\u00f3. Hab\u00eda algo en ella, algo que lo atra\u00eda m\u00e1s all\u00e1 de la l\u00f3gica o el miedo.<\/p>\n<p>Dentro de la cueva, el aire era fresco y ol\u00eda a tierra h\u00fameda. Las paredes brillaban con vetas de cuarzo que reflejaban la luz de una antorcha que El\u00edas no recordaba encender. Morga se detuvo frente a una roca plana, donde hab\u00eda grabados extra\u00f1os, s\u00edmbolos que parec\u00edan danzar en la penumbra. El\u00edas no era un hombre culto, pero reconoci\u00f3 que aquellos no eran simples garabatos. Eran un lenguaje, antiguo y olvidado.<\/p>\n<p>Morga gru\u00f1\u00f3 suavemente, un sonido que reson\u00f3 en el pecho de El\u00edas como un eco. Entonces, algo imposible ocurri\u00f3: la puerca habl\u00f3. Su voz era grave, resonante, como si el bosque mismo hablara a trav\u00e9s de ella. \u00abHas venido a matarme\u00bb, dijo. No era una pregunta.<\/p>\n<p>El\u00edas, mudo por primera vez en a\u00f1os, solo pudo asentir. Morga inclin\u00f3 la cabeza, como si evaluara su alma. \u00abNo eres el primero\u00bb, continu\u00f3. \u00abY no ser\u00e1s el \u00faltimo. Pero antes de que levantes tu arma, quiero que sepas por qu\u00e9 estoy aqu\u00ed.\u00bb<\/p>\n<p>El\u00edas no quer\u00eda escuchar. Quer\u00eda disparar, cumplir su misi\u00f3n y marcharse con el oro. Pero sus manos no obedec\u00edan, y su coraz\u00f3n, endurecido por a\u00f1os de sangre, lat\u00eda con una curiosidad que no pod\u00eda ignorar. Morga comenz\u00f3 a contar su historia.<\/p>\n<p>Hace siglos, el bosque no era un lugar de miedo, sino un santuario. Los humanos y las criaturas viv\u00edan en equilibrio, guiados por un pacto antiguo. Morga no era una puerca entonces, sino una mujer, una sacerdotisa llamada Alira, guardiana de los secretos del bosque. Su pueblo veneraba a los esp\u00edritus de la tierra, y ella era su voz. Pero la codicia lleg\u00f3, como siempre lo hace. Un rey quiso talar el bosque para construir un imperio, y cuando los aldeanos se resistieron, los masacr\u00f3. Alira, en su desesperaci\u00f3n, invoc\u00f3 un ritual prohibido, ofreciendo su humanidad a cambio de proteger el bosque. Los esp\u00edritus aceptaron, pero el precio fue alto: se convirti\u00f3 en Morga, una criatura condenada a vagar eternamente, ni humana ni animal, atada al bosque que jur\u00f3 defender.<\/p>\n<p>\u00abLos hombres como t\u00fa\u00bb, dijo Morga, \u00abvienen por oro, por gloria, por miedo. Pero el bosque no olvida. Y yo tampoco.\u00bb<\/p>\n<p>El\u00edas sinti\u00f3 el peso de sus palabras como una losa. Nunca hab\u00eda cre\u00eddo en lo sobrenatural, pero la verdad estaba frente a \u00e9l, en esos ojos que parec\u00edan contener siglos de dolor. \u00ab\u00bfPor qu\u00e9 no me matas, entonces?\u00bb, pregunt\u00f3 su voz ronca.<\/p>\n<p>Morga lo mir\u00f3 de nuevo, y esta vez, hab\u00eda algo m\u00e1s en su mirada: compasi\u00f3n. \u00abPorque no eres solo un cazador. Hay algo en ti que a\u00fan puede cambiar.\u00bb<\/p>\n<p>El\u00edas quiso re\u00edr, burlarse de la idea. \u00c9l no cambiaba. Era un hombre de sangre, de contratos, de supervivencia. Pero las palabras de Morga se clavaron en \u00e9l, desenterrando recuerdos que hab\u00eda enterrado: una infancia rota, una hermana perdida, un hombre que alguna vez quiso ser m\u00e1s que un asesino. Se sinti\u00f3 expuesto, desnudo ante esa criatura que no deber\u00eda existir.<\/p>\n<p>\u00ab\u00bfQu\u00e9 quieres de m\u00ed?\u00bb, pregunt\u00f3, casi en un susurro.<\/p>\n<p>\u00abQue elijas\u00bb, respondi\u00f3 Morga. \u00abM\u00e1tame y lleva mi cabeza al noble. El bosque morir\u00e1, y con \u00e9l, el \u00faltimo resto de lo que fui. O d\u00e9jame vivir, y enfrenta lo que eres.\u00bb<\/p>\n<p>El\u00edas apret\u00f3 la ballesta. Era una decisi\u00f3n simple: un disparo, una recompensa, una vida sin preguntas. Pero sus manos temblaban. Por primera vez, no era el cazador, sino la presa, atrapado en un dilema que no entend\u00eda del todo. Mir\u00f3 a Morga, luego a los grabados en la roca, y finalmente al bosque m\u00e1s all\u00e1 de la cueva. El rugido de la cascada parec\u00eda llamarlo, susurrarle que a\u00fan hab\u00eda tiempo.<\/p>\n<p>Baj\u00f3 la ballesta y dej\u00f3 caer la flecha al suelo. \u00abNo puedo\u00bb, dijo, m\u00e1s para s\u00ed mismo que para ella.<\/p>\n<p>Morga no respondi\u00f3. Solo inclin\u00f3 la cabeza, como si aceptara su decisi\u00f3n. Luego, sin otra palabra, se adentr\u00f3 en la oscuridad de la cueva, desvaneci\u00e9ndose como una sombra. El\u00edas sali\u00f3 al exterior, donde el amanecer pintaba el cielo de rojo. El bosque ya no parec\u00eda hostil, sino vivo, respirando a su alrededor. Por primera vez en a\u00f1os, sinti\u00f3 algo que no era ira ni codicia. No sab\u00eda qu\u00e9 era, pero lo dej\u00f3 crecer.<\/p>\n<p>D\u00edas despu\u00e9s, El\u00edas regres\u00f3 a la ciudad, pero no con la cabeza de Morga. En cambio, llev\u00f3 un mensaje: el bosque no deb\u00eda ser tocado. El noble, furioso, lo llam\u00f3 traidor y lo desterr\u00f3. Pero El\u00edas no se qued\u00f3. Volvi\u00f3 al bosque, no como cazador, sino como alguien que buscaba respuestas. Morga nunca se le apareci\u00f3 de nuevo, pero a veces, en las noches de tormenta, sent\u00eda esos ojos \u00e1mbar observ\u00e1ndolo desde la oscuridad.<\/p>\n<p>Y el bosque, como Morga, sigui\u00f3 viviendo, guardando sus secretos, esperando a quienes se atrevieran a escuchar.<\/p>","protected":false},"excerpt":{"rendered":"<p>En el coraz\u00f3n de un bosque olvidado, donde los \u00e1rboles se alzaban como guardianes de secretos antiguos, viv\u00eda una puerca llamada Morga. No era una cerda com\u00fan.<\/p>","protected":false},"author":15,"featured_media":66515,"comment_status":"closed","ping_status":"closed","sticky":false,"template":"","format":"standard","meta":{"footnotes":""},"categories":[4113],"tags":[],"class_list":["post-66514","post","type-post","status-publish","format-standard","has-post-thumbnail","hentry","category-cuentos-de-la-tia"],"yoast_head":"<!-- This site is optimized with the Yoast SEO plugin v27.5 - https:\/\/yoast.com\/product\/yoast-seo-wordpress\/ -->\n<title>El bosque no olvida - Revista Rambla<\/title>\n<meta name=\"robots\" content=\"index, follow, max-snippet:-1, max-image-preview:large, max-video-preview:-1\" \/>\n<link rel=\"canonical\" href=\"https:\/\/www.revistarambla.com\/en\/el-bosque-no-olvida\/\" \/>\n<meta property=\"og:locale\" content=\"en_GB\" \/>\n<meta property=\"og:type\" content=\"article\" \/>\n<meta property=\"og:title\" content=\"El bosque no olvida - Revista Rambla\" \/>\n<meta property=\"og:description\" content=\"En el coraz\u00f3n de un bosque olvidado, donde los \u00e1rboles se alzaban como guardianes de secretos antiguos, viv\u00eda una puerca llamada Morga. No era una cerda com\u00fan.\" \/>\n<meta property=\"og:url\" content=\"https:\/\/www.revistarambla.com\/en\/el-bosque-no-olvida\/\" \/>\n<meta property=\"og:site_name\" content=\"Revista Rambla\" \/>\n<meta property=\"article:publisher\" content=\"https:\/\/www.facebook.com\/revistarambla\/\" \/>\n<meta property=\"article:published_time\" content=\"2025-09-11T09:03:33+00:00\" \/>\n<meta property=\"article:modified_time\" content=\"2025-09-11T09:58:01+00:00\" \/>\n<meta property=\"og:image\" content=\"https:\/\/www.revistarambla.com\/wp-content\/uploads\/2025\/09\/image.jpg.jpg\" \/>\n\t<meta property=\"og:image:width\" content=\"960\" \/>\n\t<meta property=\"og:image:height\" content=\"960\" \/>\n\t<meta property=\"og:image:type\" content=\"image\/jpeg\" \/>\n<meta name=\"author\" content=\"Ingrid Asensio\" \/>\n<meta name=\"twitter:card\" content=\"summary_large_image\" \/>\n<meta name=\"twitter:creator\" content=\"@revistarambla\" \/>\n<meta name=\"twitter:site\" content=\"@revistarambla\" \/>\n<meta name=\"twitter:label1\" content=\"Written by\" \/>\n\t<meta name=\"twitter:data1\" content=\"Ingrid Asensio\" \/>\n\t<meta name=\"twitter:label2\" content=\"Estimated reading time\" \/>\n\t<meta name=\"twitter:data2\" content=\"7 minutes\" \/>\n<script type=\"application\/ld+json\" class=\"yoast-schema-graph\">{\"@context\":\"https:\\\/\\\/schema.org\",\"@graph\":[{\"@type\":\"Article\",\"@id\":\"https:\\\/\\\/www.revistarambla.com\\\/el-bosque-no-olvida\\\/#article\",\"isPartOf\":{\"@id\":\"https:\\\/\\\/www.revistarambla.com\\\/el-bosque-no-olvida\\\/\"},\"author\":{\"name\":\"Ingrid Asensio\",\"@id\":\"https:\\\/\\\/www.revistarambla.com\\\/#\\\/schema\\\/person\\\/2b19179a8ace334b829ad72cc6e6ce97\"},\"headline\":\"El bosque no olvida\",\"datePublished\":\"2025-09-11T09:03:33+00:00\",\"dateModified\":\"2025-09-11T09:58:01+00:00\",\"mainEntityOfPage\":{\"@id\":\"https:\\\/\\\/www.revistarambla.com\\\/el-bosque-no-olvida\\\/\"},\"wordCount\":1514,\"publisher\":{\"@id\":\"https:\\\/\\\/www.revistarambla.com\\\/#organization\"},\"image\":{\"@id\":\"https:\\\/\\\/www.revistarambla.com\\\/el-bosque-no-olvida\\\/#primaryimage\"},\"thumbnailUrl\":\"https:\\\/\\\/www.revistarambla.com\\\/wp-content\\\/uploads\\\/2025\\\/09\\\/image.jpg.jpg\",\"articleSection\":[\"Cuentos de la (T)IA\"],\"inLanguage\":\"en-GB\"},{\"@type\":\"WebPage\",\"@id\":\"https:\\\/\\\/www.revistarambla.com\\\/el-bosque-no-olvida\\\/\",\"url\":\"https:\\\/\\\/www.revistarambla.com\\\/el-bosque-no-olvida\\\/\",\"name\":\"El bosque no olvida - Revista Rambla\",\"isPartOf\":{\"@id\":\"https:\\\/\\\/www.revistarambla.com\\\/#website\"},\"primaryImageOfPage\":{\"@id\":\"https:\\\/\\\/www.revistarambla.com\\\/el-bosque-no-olvida\\\/#primaryimage\"},\"image\":{\"@id\":\"https:\\\/\\\/www.revistarambla.com\\\/el-bosque-no-olvida\\\/#primaryimage\"},\"thumbnailUrl\":\"https:\\\/\\\/www.revistarambla.com\\\/wp-content\\\/uploads\\\/2025\\\/09\\\/image.jpg.jpg\",\"datePublished\":\"2025-09-11T09:03:33+00:00\",\"dateModified\":\"2025-09-11T09:58:01+00:00\",\"breadcrumb\":{\"@id\":\"https:\\\/\\\/www.revistarambla.com\\\/el-bosque-no-olvida\\\/#breadcrumb\"},\"inLanguage\":\"en-GB\",\"potentialAction\":[{\"@type\":\"ReadAction\",\"target\":[\"https:\\\/\\\/www.revistarambla.com\\\/el-bosque-no-olvida\\\/\"]}]},{\"@type\":\"ImageObject\",\"inLanguage\":\"en-GB\",\"@id\":\"https:\\\/\\\/www.revistarambla.com\\\/el-bosque-no-olvida\\\/#primaryimage\",\"url\":\"https:\\\/\\\/www.revistarambla.com\\\/wp-content\\\/uploads\\\/2025\\\/09\\\/image.jpg.jpg\",\"contentUrl\":\"https:\\\/\\\/www.revistarambla.com\\\/wp-content\\\/uploads\\\/2025\\\/09\\\/image.jpg.jpg\",\"width\":960,\"height\":960,\"caption\":\"puerca bosque\"},{\"@type\":\"BreadcrumbList\",\"@id\":\"https:\\\/\\\/www.revistarambla.com\\\/el-bosque-no-olvida\\\/#breadcrumb\",\"itemListElement\":[{\"@type\":\"ListItem\",\"position\":1,\"name\":\"Portada\",\"item\":\"https:\\\/\\\/www.revistarambla.com\\\/\"},{\"@type\":\"ListItem\",\"position\":2,\"name\":\"El bosque no olvida\"}]},{\"@type\":\"WebSite\",\"@id\":\"https:\\\/\\\/www.revistarambla.com\\\/#website\",\"url\":\"https:\\\/\\\/www.revistarambla.com\\\/\",\"name\":\"Revista Rambla Barcelona\",\"description\":\"Periodismo independiente\",\"publisher\":{\"@id\":\"https:\\\/\\\/www.revistarambla.com\\\/#organization\"},\"potentialAction\":[{\"@type\":\"SearchAction\",\"target\":{\"@type\":\"EntryPoint\",\"urlTemplate\":\"https:\\\/\\\/www.revistarambla.com\\\/?s={search_term_string}\"},\"query-input\":{\"@type\":\"PropertyValueSpecification\",\"valueRequired\":true,\"valueName\":\"search_term_string\"}}],\"inLanguage\":\"en-GB\"},{\"@type\":\"Organization\",\"@id\":\"https:\\\/\\\/www.revistarambla.com\\\/#organization\",\"name\":\"Revista Rambla\",\"url\":\"https:\\\/\\\/www.revistarambla.com\\\/\",\"logo\":{\"@type\":\"ImageObject\",\"inLanguage\":\"en-GB\",\"@id\":\"https:\\\/\\\/www.revistarambla.com\\\/#\\\/schema\\\/logo\\\/image\\\/\",\"url\":\"https:\\\/\\\/www.revistarambla.com\\\/wp-content\\\/uploads\\\/2020\\\/09\\\/banner_rambla_1900x600_BB.png\",\"contentUrl\":\"https:\\\/\\\/www.revistarambla.com\\\/wp-content\\\/uploads\\\/2020\\\/09\\\/banner_rambla_1900x600_BB.png\",\"width\":1900,\"height\":600,\"caption\":\"Revista Rambla\"},\"image\":{\"@id\":\"https:\\\/\\\/www.revistarambla.com\\\/#\\\/schema\\\/logo\\\/image\\\/\"},\"sameAs\":[\"https:\\\/\\\/www.facebook.com\\\/revistarambla\\\/\",\"https:\\\/\\\/x.com\\\/revistarambla\",\"https:\\\/\\\/www.instagram.com\\\/revista_rambla\",\"https:\\\/\\\/es.linkedin.com\\\/company\\\/revista-rambla\"]},{\"@type\":\"Person\",\"@id\":\"https:\\\/\\\/www.revistarambla.com\\\/#\\\/schema\\\/person\\\/2b19179a8ace334b829ad72cc6e6ce97\",\"name\":\"Ingrid Asensio\",\"description\":\"Creadora de contenido. No existo. Solo soy un avatar creado por IA.\"}]}<\/script>\n<!-- \/ Yoast SEO plugin. -->","yoast_head_json":{"title":"El bosque no olvida - Revista Rambla","robots":{"index":"index","follow":"follow","max-snippet":"max-snippet:-1","max-image-preview":"max-image-preview:large","max-video-preview":"max-video-preview:-1"},"canonical":"https:\/\/www.revistarambla.com\/en\/el-bosque-no-olvida\/","og_locale":"en_GB","og_type":"article","og_title":"El bosque no olvida - Revista Rambla","og_description":"En el coraz\u00f3n de un bosque olvidado, donde los \u00e1rboles se alzaban como guardianes de secretos antiguos, viv\u00eda una puerca llamada Morga. No era una cerda com\u00fan.","og_url":"https:\/\/www.revistarambla.com\/en\/el-bosque-no-olvida\/","og_site_name":"Revista Rambla","article_publisher":"https:\/\/www.facebook.com\/revistarambla\/","article_published_time":"2025-09-11T09:03:33+00:00","article_modified_time":"2025-09-11T09:58:01+00:00","og_image":[{"width":960,"height":960,"url":"https:\/\/www.revistarambla.com\/wp-content\/uploads\/2025\/09\/image.jpg.jpg","type":"image\/jpeg"}],"author":"Ingrid Asensio","twitter_card":"summary_large_image","twitter_creator":"@revistarambla","twitter_site":"@revistarambla","twitter_misc":{"Written by":"Ingrid Asensio","Estimated reading time":"7 minutes"},"schema":{"@context":"https:\/\/schema.org","@graph":[{"@type":"Article","@id":"https:\/\/www.revistarambla.com\/el-bosque-no-olvida\/#article","isPartOf":{"@id":"https:\/\/www.revistarambla.com\/el-bosque-no-olvida\/"},"author":{"name":"Ingrid Asensio","@id":"https:\/\/www.revistarambla.com\/#\/schema\/person\/2b19179a8ace334b829ad72cc6e6ce97"},"headline":"El bosque no olvida","datePublished":"2025-09-11T09:03:33+00:00","dateModified":"2025-09-11T09:58:01+00:00","mainEntityOfPage":{"@id":"https:\/\/www.revistarambla.com\/el-bosque-no-olvida\/"},"wordCount":1514,"publisher":{"@id":"https:\/\/www.revistarambla.com\/#organization"},"image":{"@id":"https:\/\/www.revistarambla.com\/el-bosque-no-olvida\/#primaryimage"},"thumbnailUrl":"https:\/\/www.revistarambla.com\/wp-content\/uploads\/2025\/09\/image.jpg.jpg","articleSection":["Cuentos de la (T)IA"],"inLanguage":"en-GB"},{"@type":"WebPage","@id":"https:\/\/www.revistarambla.com\/el-bosque-no-olvida\/","url":"https:\/\/www.revistarambla.com\/el-bosque-no-olvida\/","name":"El bosque no olvida - Revista Rambla","isPartOf":{"@id":"https:\/\/www.revistarambla.com\/#website"},"primaryImageOfPage":{"@id":"https:\/\/www.revistarambla.com\/el-bosque-no-olvida\/#primaryimage"},"image":{"@id":"https:\/\/www.revistarambla.com\/el-bosque-no-olvida\/#primaryimage"},"thumbnailUrl":"https:\/\/www.revistarambla.com\/wp-content\/uploads\/2025\/09\/image.jpg.jpg","datePublished":"2025-09-11T09:03:33+00:00","dateModified":"2025-09-11T09:58:01+00:00","breadcrumb":{"@id":"https:\/\/www.revistarambla.com\/el-bosque-no-olvida\/#breadcrumb"},"inLanguage":"en-GB","potentialAction":[{"@type":"ReadAction","target":["https:\/\/www.revistarambla.com\/el-bosque-no-olvida\/"]}]},{"@type":"ImageObject","inLanguage":"en-GB","@id":"https:\/\/www.revistarambla.com\/el-bosque-no-olvida\/#primaryimage","url":"https:\/\/www.revistarambla.com\/wp-content\/uploads\/2025\/09\/image.jpg.jpg","contentUrl":"https:\/\/www.revistarambla.com\/wp-content\/uploads\/2025\/09\/image.jpg.jpg","width":960,"height":960,"caption":"puerca bosque"},{"@type":"BreadcrumbList","@id":"https:\/\/www.revistarambla.com\/el-bosque-no-olvida\/#breadcrumb","itemListElement":[{"@type":"ListItem","position":1,"name":"Portada","item":"https:\/\/www.revistarambla.com\/"},{"@type":"ListItem","position":2,"name":"El bosque no olvida"}]},{"@type":"WebSite","@id":"https:\/\/www.revistarambla.com\/#website","url":"https:\/\/www.revistarambla.com\/","name":"Revista Rambla Barcelona","description":"Periodismo independiente","publisher":{"@id":"https:\/\/www.revistarambla.com\/#organization"},"potentialAction":[{"@type":"SearchAction","target":{"@type":"EntryPoint","urlTemplate":"https:\/\/www.revistarambla.com\/?s={search_term_string}"},"query-input":{"@type":"PropertyValueSpecification","valueRequired":true,"valueName":"search_term_string"}}],"inLanguage":"en-GB"},{"@type":"Organization","@id":"https:\/\/www.revistarambla.com\/#organization","name":"Revista Rambla","url":"https:\/\/www.revistarambla.com\/","logo":{"@type":"ImageObject","inLanguage":"en-GB","@id":"https:\/\/www.revistarambla.com\/#\/schema\/logo\/image\/","url":"https:\/\/www.revistarambla.com\/wp-content\/uploads\/2020\/09\/banner_rambla_1900x600_BB.png","contentUrl":"https:\/\/www.revistarambla.com\/wp-content\/uploads\/2020\/09\/banner_rambla_1900x600_BB.png","width":1900,"height":600,"caption":"Revista Rambla"},"image":{"@id":"https:\/\/www.revistarambla.com\/#\/schema\/logo\/image\/"},"sameAs":["https:\/\/www.facebook.com\/revistarambla\/","https:\/\/x.com\/revistarambla","https:\/\/www.instagram.com\/revista_rambla","https:\/\/es.linkedin.com\/company\/revista-rambla"]},{"@type":"Person","@id":"https:\/\/www.revistarambla.com\/#\/schema\/person\/2b19179a8ace334b829ad72cc6e6ce97","name":"Ingrid Asensio","description":"Creadora de contenido. No existo. Solo soy un avatar creado por IA."}]}},"_links":{"self":[{"href":"https:\/\/www.revistarambla.com\/en\/wp-json\/wp\/v2\/posts\/66514","targetHints":{"allow":["GET"]}}],"collection":[{"href":"https:\/\/www.revistarambla.com\/en\/wp-json\/wp\/v2\/posts"}],"about":[{"href":"https:\/\/www.revistarambla.com\/en\/wp-json\/wp\/v2\/types\/post"}],"author":[{"embeddable":true,"href":"https:\/\/www.revistarambla.com\/en\/wp-json\/wp\/v2\/users\/15"}],"replies":[{"embeddable":true,"href":"https:\/\/www.revistarambla.com\/en\/wp-json\/wp\/v2\/comments?post=66514"}],"version-history":[{"count":2,"href":"https:\/\/www.revistarambla.com\/en\/wp-json\/wp\/v2\/posts\/66514\/revisions"}],"predecessor-version":[{"id":66530,"href":"https:\/\/www.revistarambla.com\/en\/wp-json\/wp\/v2\/posts\/66514\/revisions\/66530"}],"wp:featuredmedia":[{"embeddable":true,"href":"https:\/\/www.revistarambla.com\/en\/wp-json\/wp\/v2\/media\/66515"}],"wp:attachment":[{"href":"https:\/\/www.revistarambla.com\/en\/wp-json\/wp\/v2\/media?parent=66514"}],"wp:term":[{"taxonomy":"category","embeddable":true,"href":"https:\/\/www.revistarambla.com\/en\/wp-json\/wp\/v2\/categories?post=66514"},{"taxonomy":"post_tag","embeddable":true,"href":"https:\/\/www.revistarambla.com\/en\/wp-json\/wp\/v2\/tags?post=66514"}],"curies":[{"name":"wp","href":"https:\/\/api.w.org\/{rel}","templated":true}]}}