{"id":66508,"date":"2025-09-10T12:51:49","date_gmt":"2025-09-10T10:51:49","guid":{"rendered":"https:\/\/www.revistarambla.com\/?p=66508"},"modified":"2025-09-10T12:51:49","modified_gmt":"2025-09-10T10:51:49","slug":"bloquons-tout-la-enesima-revolucion-francesa","status":"publish","type":"post","link":"https:\/\/www.revistarambla.com\/en\/bloquons-tout-la-enesima-revolucion-francesa\/","title":{"rendered":"\u00abBloquons Tout\u00bb: la en\u00e9sima revoluci\u00f3n francesa"},"content":{"rendered":"<p>Mientras el sol se eleva sobre las calles de Par\u00eds, el rugido de las sirenas policiales y los c\u00e1nticos de los manifestantes llenan el aire. Hoy, Francia vive un d\u00eda de caos organizado: carreteras bloqueadas, estaciones de tren invadidas y ciudades enteras paralizadas. El movimiento ciudadano \u00abBloquons Tout\u00bb \u2014Bloquemos Todo en espa\u00f1ol\u2014 ha convocado a una jornada de disrupci\u00f3n nacional que amenaza con eclipsar incluso las protestas de los Chalecos Amarillos. Con decenas de miles en las calles y casi 200 arrestos reportados hasta el mediod\u00eda, este fen\u00f3meno grassroots refleja un malestar profundo en la sociedad gala, exacerbado por la crisis pol\u00edtica tras la ca\u00edda del gobierno de Fran\u00e7ois Bayrou y la designaci\u00f3n de S\u00e9bastien Lecornu como nuevo primer ministro. Pero, \u00bfc\u00f3mo surgi\u00f3 esta marea de indignaci\u00f3n? \u00bfCu\u00e1les son sus demandas? \u00bfQui\u00e9nes son sus seguidores? Y, sobre todo, \u00bfcu\u00e1nto apoyo tiene en un pa\u00eds acostumbrado a la revuelta?<\/p>\n<h2>De las Redes Sociales a la Calle<\/h2>\n<p>El movimiento \u00abBloquons Tout\u00bb no naci\u00f3 en una asamblea sindical ni en un mitin pol\u00edtico, sino en el vasto y an\u00f3nimo mundo digital. Surgi\u00f3 a mediados de julio de 2025, en plena can\u00edcula veraniega, cuando un pu\u00f1ado de usuarios an\u00f3nimos en plataformas como TikTok, Telegram y X comenzaron a compartir mensajes virales llamando a un \u00abapag\u00f3n nacional\u00bb para el 10 de septiembre. Inspirado en el lema \u00abBloquons Tout\u00bb, el llamado inicial era simple: bloquear todo para protestar contra los recortes presupuestarios anunciados por el gobierno de Emmanuel Macron, que incluyen austeridad en pensiones, educaci\u00f3n y salud p\u00fablica.<\/p>\n<p>A diferencia de movimientos previos como los Gilets Jaunes (2018-2019), que se organizaron alrededor de rotondas y peajes, \u00abBloquons Tout\u00bb es estrictamente descentralizado y sin l\u00edderes visibles. Sus organizadores rechazan expl\u00edcitamente a sindicatos tradicionales como la CGT y a partidos pol\u00edticos, incluyendo La France Insoumise (LFI) de izquierda radical y el Rassemblement National (RN) de Marine Le Pen. \u00abNosotros rechazamos las antenas sindicales, el RN, la LFI que no son el origen del movimiento\u00bb, declararon en un comunicado viral en RMC. Esta postura antisistema ha permitido que el movimiento crezca org\u00e1nicamente: de unos pocos miles de interacciones en redes a m\u00e1s de 1,6 millones de publicaciones en X en las \u00faltimas semanas, seg\u00fan datos de Visibrain.<\/p>\n<p>El contexto pol\u00edtico fue el catalizador perfecto. Tras las elecciones legislativas de julio de 2025, que dejaron un parlamento fragmentado sin mayor\u00eda clara, Macron nombr\u00f3 a Bayrou como primer ministro interino. Sin embargo, su gobierno minoritario colaps\u00f3 esta semana en una moci\u00f3n de censura, intensificando el descontento. El movimiento se aliment\u00f3 de la frustraci\u00f3n por la inestabilidad: Macron ha tenido cinco primeros ministros en 18 meses, y sus oponentes exigen su dimisi\u00f3n o impeachment. En chats encriptados y grupos de Telegram, los activistas planificaron acciones sin jerarqu\u00edas, evocando un \u00abrevuelta digital\u00bb que, seg\u00fan analistas, podr\u00eda ser m\u00e1s ca\u00f3tica que sus predecesores.<\/p>\n<h2>Contra la Austeridad y el Sistema<\/h2>\n<p>Las demandas de \u00abBloquons Tout\u00bb son amplias y radicales, reflejando un rechazo general al \u00abviejo mundo\u00bb pol\u00edtico. En el centro est\u00e1 la oposici\u00f3n a los planes de austeridad: recortes en el presupuesto nacional para reducir el d\u00e9ficit, que incluyen congelaci\u00f3n de salarios p\u00fablicos, reducci\u00f3n de subsidios y reformas fiscales que graban m\u00e1s a la clase media. Los manifestantes ven esto como un ataque a los servicios esenciales, exacerbado por la inflaci\u00f3n pospandemia y la crisis energ\u00e9tica.<\/p>\n<p>Pero las reivindicaciones van m\u00e1s all\u00e1: llaman a un cambio de r\u00e9gimen, el impeachment de Macron y elecciones anticipadas. Encuestas de Harris Interactive revelan que el 70% de los franceses apoyan manifestaciones contra la austeridad, y un 20% considera leg\u00edtima la violencia como forma de expresi\u00f3n pol\u00edtica. El movimiento tambi\u00e9n denuncia la \u00abdesigualdad\u00bb y el \u00abinfierno fiscal\u00bb, simbolizado por planes de reunirse frente a oficinas de la URSSAF (agencia de seguridad social). Rechazan cualquier cooptaci\u00f3n por partidos, insistiendo en que es un \u00abmovimiento ciudadano puro\u00bb.<\/p>\n<p>En foros en l\u00ednea, se discuten temas como la justicia clim\u00e1tica, el antirracismo y la defensa de los derechos laborales, aunque sin un programa unificado. Esto lo hace inclusivo pero tambi\u00e9n vulnerable a divisiones internas. Como se\u00f1al\u00f3 Tristan Mend\u00e8s France, experto en extremismos, el movimiento enfrenta el riesgo de ser \u00abgaseoso\u00bb sin una base clara o ser absorbido por LFI o RN, alienando a la mitad de sus simpatizantes.<\/p>\n<h2>Perfil de los Seguidores: Una Mezcla Heterog\u00e9nea<\/h2>\n<p>\u00bfQui\u00e9nes son los que responden a la acci\u00f3n? El perfil de los seguidores es diverso, pero con un n\u00facleo izquierdista y juvenil. Muchos provienen de los Gilets Jaunes, trabajadores precarios y residentes de periferias rurales o suburbanas que se sienten ignorados por Par\u00eds. J\u00f3venes estudiantes y desempleados forman una parte significativa: en Par\u00eds, grupos de adolescentes han bloqueado accesos a autopistas, mientras que en Chamb\u00e9ry, ciclistas han perturbado el tr\u00e1fico de manera pac\u00edfica.<\/p>\n<p>Encuestas muestran que el 63% de los franceses apoyan el movimiento, con mayor respaldo entre la izquierda (hasta 70% en algunos sondeos). Incluye obreros, profesores, sanitarios y hasta artistas, aunque el sector cultural ha sido criticado por su ausencia relativa. En asambleas generales, como la de La Villette en Par\u00eds, cientos se re\u00fanen para planificar, desde ciudades grandes hasta pueblos peque\u00f1os. Mujeres y minor\u00edas \u00e9tnicas est\u00e1n presentes, pero el movimiento es mayoritariamente blanco y de clase media-baja. Su anonimato digital atrae a quienes temen represi\u00f3n, pero tambi\u00e9n genera preocupaciones sobre infiltrados extremistas.<\/p>\n<h2>Del Bloqueo al Enfrentamiento<\/h2>\n<p>Hoy, 10 de septiembre, Francia est\u00e1 paralizada. Desde tempranas horas, manifestantes han erigido barricadas en rotondas, invadido la Gare du Nord en Par\u00eds y bloqueado autopistas en Rennes, Bordeaux y Nantes. En Par\u00eds, choques con la polic\u00eda han dejado escenas de fuego y gases lacrim\u00f3genos, con manifestantes frente al Ministerio del Interior. La polic\u00eda ha arrestado a casi 200 personas, 105 en todo el pa\u00eds, mientras 80.000 agentes se despliegan.<\/p>\n<p>Las acciones var\u00edan: bloqueos de supermercados, boicots a empresas y huelgas en transportes. En Montpellier, cientos se congregaron en la Place de la Com\u00e9die. Organizaciones como el World Socialist Web Site reportan huelgas sindicales para la pr\u00f3xima semana, amplificando el momentum. Aunque mayoritariamente pac\u00edficas, como las protestas en bicicleta, la violencia ha escalado en urbes grandes, recordando los Gilets Jaunes, pero con mayor uso de tecnolog\u00eda para coordinar.<\/p>\n<p>El impacto es masivo: tr\u00e1fico interrumpido, trenes cancelados y aeropuertos afectados. Viajeros internacionales han sido advertidos, y el movimiento planea extenderse m\u00e1s all\u00e1 de hoy.<\/p>\n<h2>Apoyo Masivo pero con Preocupaciones<\/h2>\n<p>Pese al caos, \u00abBloquons Tout\u00bb goza de amplia aceptaci\u00f3n. Dos de cada tres franceses lo apoyan, seg\u00fan Harris Interactive, y el 70% quiere protestas contra la austeridad. Figuras como Val\u00e9rie Hayer, presidenta de Renew Europe, lo ven \u00abpreocupante\u00bb por su falta de canales electorales, pero admiten que refleja un \u00abras-le-bol\u00bb general.<\/p>\n<p>Sindicalistas militantes lo respaldan, planeando huelgas el 18 de septiembre. Medios como Le Monde y Lib\u00e9ration lo comparan con Gilets Jaunes, notando su potencial para crecer. Sin embargo, hay cr\u00edticas: algunos temen que derive en violencia incontrolable, y Fitch podr\u00eda rebajar la calificaci\u00f3n crediticia de Francia el 12 de septiembre, elevando costos de endeudamiento.<\/p>\n<p>En regiones rurales, el apoyo es alto por el sentimiento anti-Par\u00eds; en ciudades, divide opiniones entre quienes sufren disrupciones y quienes simpatizan. Internacionalmente, se ve como un eco de revueltas globales contra la desigualdad.<\/p>\n<h2>\u00bfEl Principio de una Revoluci\u00f3n?<\/h2>\n<p>\u00abBloquons Tout\u00bb no es solo una protesta; es un s\u00edntoma de una Francia fracturada, donde la confianza en instituciones se erosiona. Con 100.000 esperados en las calles y un gobierno en crisis, podr\u00eda forzar concesiones o escalar a algo mayor. Como profetiz\u00f3 el predicador Kim Clement, \u00abComenzar\u00e1 en Francia&#8230; y se llamar\u00e1 una revoluci\u00f3n\u00bb. El futuro es incierto, pero una cosa es clara: los franceses han redescubierto su poder en la calle.<\/p>","protected":false},"excerpt":{"rendered":"<p>Mientras el sol se eleva sobre las calles de Par\u00eds, el rugido de las sirenas policiales y los c\u00e1nticos de los manifestantes llenan el aire. Hoy, Francia vive un d\u00eda de caos organizado: carreteras bloqueadas, estaciones de tren invadidas y ciudades enteras paralizadas. El movimiento ciudadano \u00abBloquons Tout\u00bb \u2014Bloquemos Todo [&hellip;]<\/p>\n","protected":false},"author":3,"featured_media":54688,"comment_status":"closed","ping_status":"closed","sticky":false,"template":"","format":"standard","meta":{"footnotes":""},"categories":[57],"tags":[],"class_list":["post-66508","post","type-post","status-publish","format-standard","has-post-thumbnail","hentry","category-global"],"yoast_head":"<!-- This site is optimized with the Yoast SEO plugin v27.5 - https:\/\/yoast.com\/product\/yoast-seo-wordpress\/ -->\n<title>\u00abBloquons Tout\u00bb: la en\u00e9sima revoluci\u00f3n francesa - Revista Rambla<\/title>\n<meta name=\"robots\" content=\"index, follow, max-snippet:-1, max-image-preview:large, max-video-preview:-1\" \/>\n<link rel=\"canonical\" href=\"https:\/\/www.revistarambla.com\/en\/bloquons-tout-la-enesima-revolucion-francesa\/\" \/>\n<meta property=\"og:locale\" content=\"en_GB\" \/>\n<meta property=\"og:type\" content=\"article\" \/>\n<meta property=\"og:title\" content=\"\u00abBloquons Tout\u00bb: la en\u00e9sima revoluci\u00f3n francesa - Revista Rambla\" \/>\n<meta property=\"og:description\" content=\"Mientras el sol se eleva sobre las calles de Par\u00eds, el rugido de las sirenas policiales y los c\u00e1nticos de los manifestantes llenan el aire. Hoy, Francia vive un d\u00eda de caos organizado: carreteras bloqueadas, estaciones de tren invadidas y ciudades enteras paralizadas. El movimiento ciudadano \u00abBloquons Tout\u00bb \u2014Bloquemos Todo [&hellip;]\" \/>\n<meta property=\"og:url\" content=\"https:\/\/www.revistarambla.com\/en\/bloquons-tout-la-enesima-revolucion-francesa\/\" \/>\n<meta property=\"og:site_name\" content=\"Revista Rambla\" \/>\n<meta property=\"article:publisher\" content=\"https:\/\/www.facebook.com\/revistarambla\/\" \/>\n<meta property=\"article:author\" content=\"https:\/\/www.facebook.com\/revistarambla\" \/>\n<meta property=\"article:published_time\" content=\"2025-09-10T10:51:49+00:00\" \/>\n<meta property=\"og:image\" content=\"https:\/\/www.revistarambla.com\/wp-content\/uploads\/2023\/05\/FRANCIA-PRIMERO-MAYO.jpg\" \/>\n\t<meta property=\"og:image:width\" content=\"1920\" \/>\n\t<meta property=\"og:image:height\" content=\"1280\" \/>\n\t<meta property=\"og:image:type\" content=\"image\/jpeg\" \/>\n<meta name=\"author\" content=\"R@mbla\" \/>\n<meta name=\"twitter:card\" content=\"summary_large_image\" \/>\n<meta name=\"twitter:creator\" content=\"@revistarambla\" \/>\n<meta name=\"twitter:site\" content=\"@revistarambla\" \/>\n<meta name=\"twitter:label1\" content=\"Written by\" \/>\n\t<meta name=\"twitter:data1\" content=\"R@mbla\" \/>\n\t<meta name=\"twitter:label2\" content=\"Estimated reading time\" \/>\n\t<meta name=\"twitter:data2\" content=\"7 minutes\" \/>\n<script type=\"application\/ld+json\" class=\"yoast-schema-graph\">{\"@context\":\"https:\\\/\\\/schema.org\",\"@graph\":[{\"@type\":\"Article\",\"@id\":\"https:\\\/\\\/www.revistarambla.com\\\/bloquons-tout-la-enesima-revolucion-francesa\\\/#article\",\"isPartOf\":{\"@id\":\"https:\\\/\\\/www.revistarambla.com\\\/bloquons-tout-la-enesima-revolucion-francesa\\\/\"},\"author\":{\"name\":\"R@mbla\",\"@id\":\"https:\\\/\\\/www.revistarambla.com\\\/#\\\/schema\\\/person\\\/a146a5a2550b94981a75131180e1bd9c\"},\"headline\":\"\u00abBloquons Tout\u00bb: la en\u00e9sima revoluci\u00f3n francesa\",\"datePublished\":\"2025-09-10T10:51:49+00:00\",\"mainEntityOfPage\":{\"@id\":\"https:\\\/\\\/www.revistarambla.com\\\/bloquons-tout-la-enesima-revolucion-francesa\\\/\"},\"wordCount\":1360,\"publisher\":{\"@id\":\"https:\\\/\\\/www.revistarambla.com\\\/#organization\"},\"image\":{\"@id\":\"https:\\\/\\\/www.revistarambla.com\\\/bloquons-tout-la-enesima-revolucion-francesa\\\/#primaryimage\"},\"thumbnailUrl\":\"https:\\\/\\\/www.revistarambla.com\\\/wp-content\\\/uploads\\\/2023\\\/05\\\/FRANCIA-PRIMERO-MAYO.jpg\",\"articleSection\":[\"Global\"],\"inLanguage\":\"en-GB\"},{\"@type\":\"WebPage\",\"@id\":\"https:\\\/\\\/www.revistarambla.com\\\/bloquons-tout-la-enesima-revolucion-francesa\\\/\",\"url\":\"https:\\\/\\\/www.revistarambla.com\\\/bloquons-tout-la-enesima-revolucion-francesa\\\/\",\"name\":\"\u00abBloquons Tout\u00bb: la en\u00e9sima revoluci\u00f3n francesa - Revista Rambla\",\"isPartOf\":{\"@id\":\"https:\\\/\\\/www.revistarambla.com\\\/#website\"},\"primaryImageOfPage\":{\"@id\":\"https:\\\/\\\/www.revistarambla.com\\\/bloquons-tout-la-enesima-revolucion-francesa\\\/#primaryimage\"},\"image\":{\"@id\":\"https:\\\/\\\/www.revistarambla.com\\\/bloquons-tout-la-enesima-revolucion-francesa\\\/#primaryimage\"},\"thumbnailUrl\":\"https:\\\/\\\/www.revistarambla.com\\\/wp-content\\\/uploads\\\/2023\\\/05\\\/FRANCIA-PRIMERO-MAYO.jpg\",\"datePublished\":\"2025-09-10T10:51:49+00:00\",\"breadcrumb\":{\"@id\":\"https:\\\/\\\/www.revistarambla.com\\\/bloquons-tout-la-enesima-revolucion-francesa\\\/#breadcrumb\"},\"inLanguage\":\"en-GB\",\"potentialAction\":[{\"@type\":\"ReadAction\",\"target\":[\"https:\\\/\\\/www.revistarambla.com\\\/bloquons-tout-la-enesima-revolucion-francesa\\\/\"]}]},{\"@type\":\"ImageObject\",\"inLanguage\":\"en-GB\",\"@id\":\"https:\\\/\\\/www.revistarambla.com\\\/bloquons-tout-la-enesima-revolucion-francesa\\\/#primaryimage\",\"url\":\"https:\\\/\\\/www.revistarambla.com\\\/wp-content\\\/uploads\\\/2023\\\/05\\\/FRANCIA-PRIMERO-MAYO.jpg\",\"contentUrl\":\"https:\\\/\\\/www.revistarambla.com\\\/wp-content\\\/uploads\\\/2023\\\/05\\\/FRANCIA-PRIMERO-MAYO.jpg\",\"width\":1920,\"height\":1280,\"caption\":\"Bloquons Tout\"},{\"@type\":\"BreadcrumbList\",\"@id\":\"https:\\\/\\\/www.revistarambla.com\\\/bloquons-tout-la-enesima-revolucion-francesa\\\/#breadcrumb\",\"itemListElement\":[{\"@type\":\"ListItem\",\"position\":1,\"name\":\"Portada\",\"item\":\"https:\\\/\\\/www.revistarambla.com\\\/\"},{\"@type\":\"ListItem\",\"position\":2,\"name\":\"\u00abBloquons Tout\u00bb: la en\u00e9sima revoluci\u00f3n francesa\"}]},{\"@type\":\"WebSite\",\"@id\":\"https:\\\/\\\/www.revistarambla.com\\\/#website\",\"url\":\"https:\\\/\\\/www.revistarambla.com\\\/\",\"name\":\"Revista Rambla Barcelona\",\"description\":\"Periodismo independiente\",\"publisher\":{\"@id\":\"https:\\\/\\\/www.revistarambla.com\\\/#organization\"},\"potentialAction\":[{\"@type\":\"SearchAction\",\"target\":{\"@type\":\"EntryPoint\",\"urlTemplate\":\"https:\\\/\\\/www.revistarambla.com\\\/?s={search_term_string}\"},\"query-input\":{\"@type\":\"PropertyValueSpecification\",\"valueRequired\":true,\"valueName\":\"search_term_string\"}}],\"inLanguage\":\"en-GB\"},{\"@type\":\"Organization\",\"@id\":\"https:\\\/\\\/www.revistarambla.com\\\/#organization\",\"name\":\"Revista Rambla\",\"url\":\"https:\\\/\\\/www.revistarambla.com\\\/\",\"logo\":{\"@type\":\"ImageObject\",\"inLanguage\":\"en-GB\",\"@id\":\"https:\\\/\\\/www.revistarambla.com\\\/#\\\/schema\\\/logo\\\/image\\\/\",\"url\":\"https:\\\/\\\/www.revistarambla.com\\\/wp-content\\\/uploads\\\/2020\\\/09\\\/banner_rambla_1900x600_BB.png\",\"contentUrl\":\"https:\\\/\\\/www.revistarambla.com\\\/wp-content\\\/uploads\\\/2020\\\/09\\\/banner_rambla_1900x600_BB.png\",\"width\":1900,\"height\":600,\"caption\":\"Revista Rambla\"},\"image\":{\"@id\":\"https:\\\/\\\/www.revistarambla.com\\\/#\\\/schema\\\/logo\\\/image\\\/\"},\"sameAs\":[\"https:\\\/\\\/www.facebook.com\\\/revistarambla\\\/\",\"https:\\\/\\\/x.com\\\/revistarambla\",\"https:\\\/\\\/www.instagram.com\\\/revista_rambla\",\"https:\\\/\\\/es.linkedin.com\\\/company\\\/revista-rambla\"]},{\"@type\":\"Person\",\"@id\":\"https:\\\/\\\/www.revistarambla.com\\\/#\\\/schema\\\/person\\\/a146a5a2550b94981a75131180e1bd9c\",\"name\":\"R@mbla\",\"description\":\"Este art\u00edculo ha sido redactado y\\\/o validado por el equipo de redacci\u00f3n de Revista Rambla.\",\"sameAs\":[\"https:\\\/\\\/www.revistarambla.com\\\/\",\"https:\\\/\\\/www.facebook.com\\\/revistarambla\",\"https:\\\/\\\/x.com\\\/revistarambla\"]}]}<\/script>\n<!-- \/ Yoast SEO plugin. -->","yoast_head_json":{"title":"\u00abBloquons Tout\u00bb: la en\u00e9sima revoluci\u00f3n francesa - Revista Rambla","robots":{"index":"index","follow":"follow","max-snippet":"max-snippet:-1","max-image-preview":"max-image-preview:large","max-video-preview":"max-video-preview:-1"},"canonical":"https:\/\/www.revistarambla.com\/en\/bloquons-tout-la-enesima-revolucion-francesa\/","og_locale":"en_GB","og_type":"article","og_title":"\u00abBloquons Tout\u00bb: la en\u00e9sima revoluci\u00f3n francesa - Revista Rambla","og_description":"Mientras el sol se eleva sobre las calles de Par\u00eds, el rugido de las sirenas policiales y los c\u00e1nticos de los manifestantes llenan el aire. Hoy, Francia vive un d\u00eda de caos organizado: carreteras bloqueadas, estaciones de tren invadidas y ciudades enteras paralizadas. El movimiento ciudadano \u00abBloquons Tout\u00bb \u2014Bloquemos Todo [&hellip;]","og_url":"https:\/\/www.revistarambla.com\/en\/bloquons-tout-la-enesima-revolucion-francesa\/","og_site_name":"Revista Rambla","article_publisher":"https:\/\/www.facebook.com\/revistarambla\/","article_author":"https:\/\/www.facebook.com\/revistarambla","article_published_time":"2025-09-10T10:51:49+00:00","og_image":[{"width":1920,"height":1280,"url":"https:\/\/www.revistarambla.com\/wp-content\/uploads\/2023\/05\/FRANCIA-PRIMERO-MAYO.jpg","type":"image\/jpeg"}],"author":"R@mbla","twitter_card":"summary_large_image","twitter_creator":"@revistarambla","twitter_site":"@revistarambla","twitter_misc":{"Written by":"R@mbla","Estimated reading time":"7 minutes"},"schema":{"@context":"https:\/\/schema.org","@graph":[{"@type":"Article","@id":"https:\/\/www.revistarambla.com\/bloquons-tout-la-enesima-revolucion-francesa\/#article","isPartOf":{"@id":"https:\/\/www.revistarambla.com\/bloquons-tout-la-enesima-revolucion-francesa\/"},"author":{"name":"R@mbla","@id":"https:\/\/www.revistarambla.com\/#\/schema\/person\/a146a5a2550b94981a75131180e1bd9c"},"headline":"\u00abBloquons Tout\u00bb: la en\u00e9sima revoluci\u00f3n francesa","datePublished":"2025-09-10T10:51:49+00:00","mainEntityOfPage":{"@id":"https:\/\/www.revistarambla.com\/bloquons-tout-la-enesima-revolucion-francesa\/"},"wordCount":1360,"publisher":{"@id":"https:\/\/www.revistarambla.com\/#organization"},"image":{"@id":"https:\/\/www.revistarambla.com\/bloquons-tout-la-enesima-revolucion-francesa\/#primaryimage"},"thumbnailUrl":"https:\/\/www.revistarambla.com\/wp-content\/uploads\/2023\/05\/FRANCIA-PRIMERO-MAYO.jpg","articleSection":["Global"],"inLanguage":"en-GB"},{"@type":"WebPage","@id":"https:\/\/www.revistarambla.com\/bloquons-tout-la-enesima-revolucion-francesa\/","url":"https:\/\/www.revistarambla.com\/bloquons-tout-la-enesima-revolucion-francesa\/","name":"\u00abBloquons Tout\u00bb: la en\u00e9sima revoluci\u00f3n francesa - Revista Rambla","isPartOf":{"@id":"https:\/\/www.revistarambla.com\/#website"},"primaryImageOfPage":{"@id":"https:\/\/www.revistarambla.com\/bloquons-tout-la-enesima-revolucion-francesa\/#primaryimage"},"image":{"@id":"https:\/\/www.revistarambla.com\/bloquons-tout-la-enesima-revolucion-francesa\/#primaryimage"},"thumbnailUrl":"https:\/\/www.revistarambla.com\/wp-content\/uploads\/2023\/05\/FRANCIA-PRIMERO-MAYO.jpg","datePublished":"2025-09-10T10:51:49+00:00","breadcrumb":{"@id":"https:\/\/www.revistarambla.com\/bloquons-tout-la-enesima-revolucion-francesa\/#breadcrumb"},"inLanguage":"en-GB","potentialAction":[{"@type":"ReadAction","target":["https:\/\/www.revistarambla.com\/bloquons-tout-la-enesima-revolucion-francesa\/"]}]},{"@type":"ImageObject","inLanguage":"en-GB","@id":"https:\/\/www.revistarambla.com\/bloquons-tout-la-enesima-revolucion-francesa\/#primaryimage","url":"https:\/\/www.revistarambla.com\/wp-content\/uploads\/2023\/05\/FRANCIA-PRIMERO-MAYO.jpg","contentUrl":"https:\/\/www.revistarambla.com\/wp-content\/uploads\/2023\/05\/FRANCIA-PRIMERO-MAYO.jpg","width":1920,"height":1280,"caption":"Bloquons Tout"},{"@type":"BreadcrumbList","@id":"https:\/\/www.revistarambla.com\/bloquons-tout-la-enesima-revolucion-francesa\/#breadcrumb","itemListElement":[{"@type":"ListItem","position":1,"name":"Portada","item":"https:\/\/www.revistarambla.com\/"},{"@type":"ListItem","position":2,"name":"\u00abBloquons Tout\u00bb: la en\u00e9sima revoluci\u00f3n francesa"}]},{"@type":"WebSite","@id":"https:\/\/www.revistarambla.com\/#website","url":"https:\/\/www.revistarambla.com\/","name":"Revista Rambla Barcelona","description":"Periodismo independiente","publisher":{"@id":"https:\/\/www.revistarambla.com\/#organization"},"potentialAction":[{"@type":"SearchAction","target":{"@type":"EntryPoint","urlTemplate":"https:\/\/www.revistarambla.com\/?s={search_term_string}"},"query-input":{"@type":"PropertyValueSpecification","valueRequired":true,"valueName":"search_term_string"}}],"inLanguage":"en-GB"},{"@type":"Organization","@id":"https:\/\/www.revistarambla.com\/#organization","name":"Revista Rambla","url":"https:\/\/www.revistarambla.com\/","logo":{"@type":"ImageObject","inLanguage":"en-GB","@id":"https:\/\/www.revistarambla.com\/#\/schema\/logo\/image\/","url":"https:\/\/www.revistarambla.com\/wp-content\/uploads\/2020\/09\/banner_rambla_1900x600_BB.png","contentUrl":"https:\/\/www.revistarambla.com\/wp-content\/uploads\/2020\/09\/banner_rambla_1900x600_BB.png","width":1900,"height":600,"caption":"Revista Rambla"},"image":{"@id":"https:\/\/www.revistarambla.com\/#\/schema\/logo\/image\/"},"sameAs":["https:\/\/www.facebook.com\/revistarambla\/","https:\/\/x.com\/revistarambla","https:\/\/www.instagram.com\/revista_rambla","https:\/\/es.linkedin.com\/company\/revista-rambla"]},{"@type":"Person","@id":"https:\/\/www.revistarambla.com\/#\/schema\/person\/a146a5a2550b94981a75131180e1bd9c","name":"R@mbla","description":"Este art\u00edculo ha sido redactado y\/o validado por el equipo de redacci\u00f3n de Revista Rambla.","sameAs":["https:\/\/www.revistarambla.com\/","https:\/\/www.facebook.com\/revistarambla","https:\/\/x.com\/revistarambla"]}]}},"_links":{"self":[{"href":"https:\/\/www.revistarambla.com\/en\/wp-json\/wp\/v2\/posts\/66508","targetHints":{"allow":["GET"]}}],"collection":[{"href":"https:\/\/www.revistarambla.com\/en\/wp-json\/wp\/v2\/posts"}],"about":[{"href":"https:\/\/www.revistarambla.com\/en\/wp-json\/wp\/v2\/types\/post"}],"author":[{"embeddable":true,"href":"https:\/\/www.revistarambla.com\/en\/wp-json\/wp\/v2\/users\/3"}],"replies":[{"embeddable":true,"href":"https:\/\/www.revistarambla.com\/en\/wp-json\/wp\/v2\/comments?post=66508"}],"version-history":[{"count":1,"href":"https:\/\/www.revistarambla.com\/en\/wp-json\/wp\/v2\/posts\/66508\/revisions"}],"predecessor-version":[{"id":66509,"href":"https:\/\/www.revistarambla.com\/en\/wp-json\/wp\/v2\/posts\/66508\/revisions\/66509"}],"wp:featuredmedia":[{"embeddable":true,"href":"https:\/\/www.revistarambla.com\/en\/wp-json\/wp\/v2\/media\/54688"}],"wp:attachment":[{"href":"https:\/\/www.revistarambla.com\/en\/wp-json\/wp\/v2\/media?parent=66508"}],"wp:term":[{"taxonomy":"category","embeddable":true,"href":"https:\/\/www.revistarambla.com\/en\/wp-json\/wp\/v2\/categories?post=66508"},{"taxonomy":"post_tag","embeddable":true,"href":"https:\/\/www.revistarambla.com\/en\/wp-json\/wp\/v2\/tags?post=66508"}],"curies":[{"name":"wp","href":"https:\/\/api.w.org\/{rel}","templated":true}]}}