{"id":66505,"date":"2025-09-10T12:39:33","date_gmt":"2025-09-10T10:39:33","guid":{"rendered":"https:\/\/www.revistarambla.com\/?p=66505"},"modified":"2025-09-10T12:39:33","modified_gmt":"2025-09-10T10:39:33","slug":"la-generacion-z-se-rebela-en-nepal-les-prohibieron-el-acceso-a-las-redes-sociales","status":"publish","type":"post","link":"https:\/\/www.revistarambla.com\/en\/la-generacion-z-se-rebela-en-nepal-les-prohibieron-el-acceso-a-las-redes-sociales\/","title":{"rendered":"La Generaci\u00f3n Z se rebela en Nepal (les prohibieron el acceso a las redes sociales)"},"content":{"rendered":"<p>En las calles de Katmand\u00fa y otras ciudades de Nepal, una ola de protestas lideradas por j\u00f3venes de la Generaci\u00f3n Z ha sacudido los cimientos del gobierno, culminando en la renuncia del primer ministro K.P. Sharma Oli el 9 de septiembre de 2025. Lo que comenz\u00f3 como una respuesta a la prohibici\u00f3n de plataformas de redes sociales se ha transformado en un movimiento masivo contra la corrupci\u00f3n, el nepotismo y la desigualdad econ\u00f3mica. Esta \u00abrebeli\u00f3n Gen Z\u00bb, como ha sido bautizada, ha dejado al menos 19 muertos y cientos de heridos, destacando las tensiones profundas en una naci\u00f3n que ha lidiado con inestabilidad pol\u00edtica desde la abolici\u00f3n de la monarqu\u00eda en 2008.<\/p>\n<h2>Un Pa\u00eds en Transici\u00f3n Permanente<\/h2>\n<p>Nepal, un pa\u00eds himalayo de aproximadamente 30 millones de habitantes, ha experimentado una transformaci\u00f3n pol\u00edtica radical en las \u00faltimas d\u00e9cadas. Tras una guerra civil de diez a\u00f1os que termin\u00f3 en 2006, el pa\u00eds aboli\u00f3 su monarqu\u00eda de 239 a\u00f1os en 2008, adoptando un sistema republicano federal. Desde entonces, ha visto m\u00e1s de una docena de gobiernos, caracterizados por coaliciones fr\u00e1giles y frecuentes cambios de liderazgo. Esta inestabilidad ha exacerbado problemas estructurales como la pobreza, con un ingreso per c\u00e1pita de alrededor de 1.300 d\u00f3lares anuales, y una alta dependencia de remesas de trabajadores migrantes en el Medio Oriente, Corea del Sur y Malasia.<\/p>\n<p>Los j\u00f3venes, que representan una porci\u00f3n significativa de la poblaci\u00f3n (alrededor del 40% tiene menos de 25 a\u00f1os), han crecido en este contexto de promesas incumplidas. Muchos han emigrado en busca de oportunidades, mientras que los que quedan enfrentan desempleo juvenil que supera el 20% y un sistema educativo y de salud deficiente. La pandemia de COVID-19 agrav\u00f3 estas desigualdades, dejando a muchos sin trabajo y expuestos a la corrupci\u00f3n rampante en instituciones p\u00fablicas. En este escenario, las redes sociales se convirtieron en un espacio vital para la expresi\u00f3n, la organizaci\u00f3n y la denuncia de abusos, hasta que el gobierno intervino.<\/p>\n<h2>M\u00e1s All\u00e1 de la Prohibici\u00f3n de Redes Sociales<\/h2>\n<p>Aunque la chispa inmediata fue la prohibici\u00f3n gubernamental de 26 plataformas de redes sociales el 4 de septiembre de 2025, las ra\u00edces del movimiento son mucho m\u00e1s profundas. El Ministerio de Comunicaci\u00f3n y Tecnolog\u00eda de la Informaci\u00f3n orden\u00f3 el bloqueo de sitios como Facebook, Instagram, YouTube, X (anteriormente Twitter), LinkedIn y Reddit, argumentando que no se hab\u00edan registrado bajo nuevas regulaciones. Esta medida afect\u00f3 a cerca del 90% de la poblaci\u00f3n que usa internet, limitando no solo el entretenimiento, sino tambi\u00e9n el comercio, la educaci\u00f3n y la comunicaci\u00f3n diaria.<\/p>\n<p>Sin embargo, analistas coinciden en que la prohibici\u00f3n fue solo el catalizador de un descontento acumulado. La juventud nepalesa, apodada \u00abGen Z\u00bb, ha expresado frustraci\u00f3n por la corrupci\u00f3n end\u00e9mica y el nepotismo, conocido localmente como \u00abnepo kids\u00bb \u2013hijos de pol\u00edticos y \u00e9lites que acceden a posiciones de poder sin m\u00e9rito. Videos virales en TikTok y otras plataformas hab\u00edan expuesto el lujo ostentoso de estos \u00abnepo kids\u00bb en un pa\u00eds donde millones luchan por sobrevivir. Adem\u00e1s, el modelo de desarrollo econ\u00f3mico ha fallado: pese a las remesas que representan el 25% del PIB, el crecimiento es estancado, y los j\u00f3venes enfrentan una falta cr\u00f3nica de empleos dignos, educaci\u00f3n de calidad y servicios de salud accesibles.<\/p>\n<p>Otras causas incluyen la percepci\u00f3n de un gobierno autoritario. El primer ministro Oli, l\u00edder del Partido Comunista de Nepal (Unificado Marxista-Leninista), ha sido criticado por centralizar el poder y reprimir disidencias. La inestabilidad pol\u00edtica, con coaliciones d\u00e9biles, ha impedido reformas estructurales, dejando a los j\u00f3venes sinti\u00e9ndose marginados. Como se\u00f1al\u00f3 un an\u00e1lisis reciente, instituciones que deber\u00edan elevar a la juventud se han convertido en botines pol\u00edticos. Esta combinaci\u00f3n de factores econ\u00f3micos, sociales y pol\u00edticos ha creado un polvor\u00edn, donde la prohibici\u00f3n de redes sociales actu\u00f3 como detonante, privando a los j\u00f3venes de su principal herramienta de movilizaci\u00f3n.<\/p>\n<h2>De la Indignaci\u00f3n a la Confrontaci\u00f3n<\/h2>\n<p>Las protestas comenzaron pac\u00edficamente el 8 de septiembre, con miles de j\u00f3venes congreg\u00e1ndose en Maitighar Mandala y alrededor del parlamento federal en Nueva Baneshwor, Katmand\u00fa. Los manifestantes, mayoritariamente adolescentes y adultos j\u00f3venes, portaban pancartas contra la corrupci\u00f3n y exig\u00edan la renuncia masiva de funcionarios. Simb\u00f3licamente, algunos usaron banderas del Jolly Roger de la serie manga \u00abOne Piece\u00bb, un gesto de rebeli\u00f3n juvenil similar a protestas en Indonesia.<\/p>\n<p>La situaci\u00f3n escal\u00f3 cuando los manifestantes intentaron ingresar al parlamento. Las fuerzas de seguridad respondieron con gases lacrim\u00f3genos, ca\u00f1ones de agua, balas de goma y, en algunos casos, munici\u00f3n real. Al menos 19 personas murieron ese d\u00eda en Katmand\u00fa, Pokhara, Biratnagar y Bharatpur, con m\u00e1s de 100 heridos. Im\u00e1genes de manifestantes transportando heridos en motocicletas circularon ampliamente, intensificando la ira p\u00fablica.<\/p>\n<p>Al d\u00eda siguiente, el 9 de septiembre, las protestas continuaron pese a toques de queda en Katmand\u00fa y Rupandehi. Los j\u00f3venes desafiaron las restricciones, incendiando edificios gubernamentales como el complejo Singha Durbar \u2013sede del primer ministro\u2013 y oficinas de partidos pol\u00edticos. En respuesta, el ej\u00e9rcito fue desplegado, y el jefe del ej\u00e9rcito, Ashok Raj Sigdel, inst\u00f3 al di\u00e1logo para evitar m\u00e1s p\u00e9rdidas. Ese mismo d\u00eda, Oli renunci\u00f3, junto con varios ministros, huyendo del pa\u00eds seg\u00fan algunos reportes. El gobierno levant\u00f3 la prohibici\u00f3n de redes sociales, pero el da\u00f1o ya estaba hecho.<\/p>\n<h2>Las Consecuencias<\/h2>\n<p>Las consecuencias de esta rebeli\u00f3n son multifac\u00e9ticas y de largo alcance. Pol\u00edticamente, la renuncia de Oli marca el fin de otra coalici\u00f3n fr\u00e1gil, exacerbando la inestabilidad. Con 14 gobiernos en 17 a\u00f1os, Nepal enfrenta ahora la tarea de formar un nuevo gabinete en medio de divisiones partidarias. Opositores y aliados de Oli han llamado a investigaciones independientes sobre la violencia, mientras que la ONU ha ofrecido asistencia y exigido accountability por las muertes. Amnist\u00eda Internacional ha condenado la represi\u00f3n, urgiendo investigaciones transparentes.<\/p>\n<p>Socialmente, el movimiento ha unido a una generaci\u00f3n previamente ap\u00e1tica, pero a un costo humano alto. Las muertes \u2013al menos 19 confirmadas, posiblemente hasta 25\u2013 han traumatizado a familias y comunidades. Heridos llenan hospitales, y el cierre de aeropuertos y curfews ha disruptido la vida diaria. Sin embargo, ha empoderado a los j\u00f3venes, demostrando que la movilizaci\u00f3n puede forzar cambios. El levantamiento de la prohibici\u00f3n de redes sociales restaura un canal clave de expresi\u00f3n, pero deja cicatrices de desconfianza hacia las autoridades.<\/p>\n<p>Econ\u00f3micamente, las protestas han paralizado sectores clave. Katmand\u00fa, centro comercial, vio cierres masivos, y el turismo \u2013vital para Nepal\u2013 podr\u00eda sufrir por la percepci\u00f3n de inestabilidad. Remesas podr\u00edan verse afectadas si migrantes regresan ante la incertidumbre. A largo plazo, si no se abordan las demandas de empleos y anti-corrupci\u00f3n, el \u00e9xodo juvenil podr\u00eda intensificarse, debilitando la fuerza laboral. Internacionalmente, pa\u00edses como EE.UU., Reino Unido y Jap\u00f3n han expresado preocupaci\u00f3n, firmando declaraciones en apoyo a la libertad de expresi\u00f3n.<\/p>\n<h2>Perspectivas Futuras: \u00bfReforma o M\u00e1s Inestabilidad?<\/h2>\n<p>El futuro de Nepal depende de c\u00f3mo se maneje esta crisis. Un nuevo gobierno podr\u00eda implementar reformas anti-corrupci\u00f3n, como transparencia en contrataciones p\u00fablicas y l\u00edmites al nepotismo, para apaciguar a los j\u00f3venes. Comit\u00e9s independientes, como el formado por marxistas independientes para proteger manifestantes, podr\u00edan evolucionar en plataformas de di\u00e1logo. Sin embargo, sin cambios estructurales, el descontento podr\u00eda resurgir, inspirado en movimientos similares en Bangladesh o Sri Lanka.<\/p>\n<p>Expertos advierten que la inestabilidad cr\u00f3nica podr\u00eda atraer influencias externas de India y China, vecinos con intereses estrat\u00e9gicos en Nepal. La juventud, ahora movilizada, podr\u00eda presionar por elecciones anticipadas o un sistema m\u00e1s inclusivo. Como indic\u00f3 la coordinadora residente de la ONU en Nepal, Hanaa Singer-Hamdy, esta violencia es \u00abtan poco propia de Nepal\u00bb, sugiriendo un punto de inflexi\u00f3n hacia el di\u00e1logo o m\u00e1s confrontaci\u00f3n.<\/p>","protected":false},"excerpt":{"rendered":"<p>En las calles de Katmand\u00fa y otras ciudades de Nepal, una ola de protestas lideradas por j\u00f3venes de la Generaci\u00f3n Z ha sacudido los cimientos del gobierno, culminando en la renuncia del primer ministro K.P. Sharma Oli el 9 de septiembre de 2025. Lo que comenz\u00f3 como una respuesta a [&hellip;]<\/p>\n","protected":false},"author":3,"featured_media":66506,"comment_status":"closed","ping_status":"closed","sticky":false,"template":"","format":"standard","meta":{"footnotes":""},"categories":[57],"tags":[],"class_list":["post-66505","post","type-post","status-publish","format-standard","has-post-thumbnail","hentry","category-global"],"yoast_head":"<!-- This site is optimized with the Yoast SEO plugin v27.5 - https:\/\/yoast.com\/product\/yoast-seo-wordpress\/ -->\n<title>La Generaci\u00f3n Z se rebela en Nepal (les prohibieron el acceso a las redes sociales) - Revista Rambla<\/title>\n<meta name=\"robots\" content=\"index, follow, max-snippet:-1, max-image-preview:large, max-video-preview:-1\" \/>\n<link rel=\"canonical\" href=\"https:\/\/www.revistarambla.com\/en\/la-generacion-z-se-rebela-en-nepal-les-prohibieron-el-acceso-a-las-redes-sociales\/\" \/>\n<meta property=\"og:locale\" content=\"en_GB\" \/>\n<meta property=\"og:type\" content=\"article\" \/>\n<meta property=\"og:title\" content=\"La Generaci\u00f3n Z se rebela en Nepal (les prohibieron el acceso a las redes sociales) - Revista Rambla\" \/>\n<meta property=\"og:description\" content=\"En las calles de Katmand\u00fa y otras ciudades de Nepal, una ola de protestas lideradas por j\u00f3venes de la Generaci\u00f3n Z ha sacudido los cimientos del gobierno, culminando en la renuncia del primer ministro K.P. Sharma Oli el 9 de septiembre de 2025. Lo que comenz\u00f3 como una respuesta a [&hellip;]\" \/>\n<meta property=\"og:url\" content=\"https:\/\/www.revistarambla.com\/en\/la-generacion-z-se-rebela-en-nepal-les-prohibieron-el-acceso-a-las-redes-sociales\/\" \/>\n<meta property=\"og:site_name\" content=\"Revista Rambla\" \/>\n<meta property=\"article:publisher\" content=\"https:\/\/www.facebook.com\/revistarambla\/\" \/>\n<meta property=\"article:author\" content=\"https:\/\/www.facebook.com\/revistarambla\" \/>\n<meta property=\"article:published_time\" content=\"2025-09-10T10:39:33+00:00\" \/>\n<meta property=\"og:image\" content=\"https:\/\/www.revistarambla.com\/wp-content\/uploads\/2025\/09\/nepal_parlamento.jpg\" \/>\n\t<meta property=\"og:image:width\" content=\"800\" \/>\n\t<meta property=\"og:image:height\" content=\"451\" \/>\n\t<meta property=\"og:image:type\" content=\"image\/jpeg\" \/>\n<meta name=\"author\" content=\"R@mbla\" \/>\n<meta name=\"twitter:card\" content=\"summary_large_image\" \/>\n<meta name=\"twitter:creator\" content=\"@revistarambla\" \/>\n<meta name=\"twitter:site\" content=\"@revistarambla\" \/>\n<meta name=\"twitter:label1\" content=\"Written by\" \/>\n\t<meta name=\"twitter:data1\" content=\"R@mbla\" \/>\n\t<meta name=\"twitter:label2\" content=\"Estimated reading time\" \/>\n\t<meta name=\"twitter:data2\" content=\"6 minutes\" \/>\n<script type=\"application\/ld+json\" class=\"yoast-schema-graph\">{\"@context\":\"https:\\\/\\\/schema.org\",\"@graph\":[{\"@type\":\"Article\",\"@id\":\"https:\\\/\\\/www.revistarambla.com\\\/la-generacion-z-se-rebela-en-nepal-les-prohibieron-el-acceso-a-las-redes-sociales\\\/#article\",\"isPartOf\":{\"@id\":\"https:\\\/\\\/www.revistarambla.com\\\/la-generacion-z-se-rebela-en-nepal-les-prohibieron-el-acceso-a-las-redes-sociales\\\/\"},\"author\":{\"name\":\"R@mbla\",\"@id\":\"https:\\\/\\\/www.revistarambla.com\\\/#\\\/schema\\\/person\\\/a146a5a2550b94981a75131180e1bd9c\"},\"headline\":\"La Generaci\u00f3n Z se rebela en Nepal (les prohibieron el acceso a las redes sociales)\",\"datePublished\":\"2025-09-10T10:39:33+00:00\",\"mainEntityOfPage\":{\"@id\":\"https:\\\/\\\/www.revistarambla.com\\\/la-generacion-z-se-rebela-en-nepal-les-prohibieron-el-acceso-a-las-redes-sociales\\\/\"},\"wordCount\":1378,\"publisher\":{\"@id\":\"https:\\\/\\\/www.revistarambla.com\\\/#organization\"},\"image\":{\"@id\":\"https:\\\/\\\/www.revistarambla.com\\\/la-generacion-z-se-rebela-en-nepal-les-prohibieron-el-acceso-a-las-redes-sociales\\\/#primaryimage\"},\"thumbnailUrl\":\"https:\\\/\\\/www.revistarambla.com\\\/wp-content\\\/uploads\\\/2025\\\/09\\\/nepal_parlamento.jpg\",\"articleSection\":[\"Global\"],\"inLanguage\":\"en-GB\"},{\"@type\":\"WebPage\",\"@id\":\"https:\\\/\\\/www.revistarambla.com\\\/la-generacion-z-se-rebela-en-nepal-les-prohibieron-el-acceso-a-las-redes-sociales\\\/\",\"url\":\"https:\\\/\\\/www.revistarambla.com\\\/la-generacion-z-se-rebela-en-nepal-les-prohibieron-el-acceso-a-las-redes-sociales\\\/\",\"name\":\"La Generaci\u00f3n Z se rebela en Nepal (les prohibieron el acceso a las redes sociales) - Revista Rambla\",\"isPartOf\":{\"@id\":\"https:\\\/\\\/www.revistarambla.com\\\/#website\"},\"primaryImageOfPage\":{\"@id\":\"https:\\\/\\\/www.revistarambla.com\\\/la-generacion-z-se-rebela-en-nepal-les-prohibieron-el-acceso-a-las-redes-sociales\\\/#primaryimage\"},\"image\":{\"@id\":\"https:\\\/\\\/www.revistarambla.com\\\/la-generacion-z-se-rebela-en-nepal-les-prohibieron-el-acceso-a-las-redes-sociales\\\/#primaryimage\"},\"thumbnailUrl\":\"https:\\\/\\\/www.revistarambla.com\\\/wp-content\\\/uploads\\\/2025\\\/09\\\/nepal_parlamento.jpg\",\"datePublished\":\"2025-09-10T10:39:33+00:00\",\"breadcrumb\":{\"@id\":\"https:\\\/\\\/www.revistarambla.com\\\/la-generacion-z-se-rebela-en-nepal-les-prohibieron-el-acceso-a-las-redes-sociales\\\/#breadcrumb\"},\"inLanguage\":\"en-GB\",\"potentialAction\":[{\"@type\":\"ReadAction\",\"target\":[\"https:\\\/\\\/www.revistarambla.com\\\/la-generacion-z-se-rebela-en-nepal-les-prohibieron-el-acceso-a-las-redes-sociales\\\/\"]}]},{\"@type\":\"ImageObject\",\"inLanguage\":\"en-GB\",\"@id\":\"https:\\\/\\\/www.revistarambla.com\\\/la-generacion-z-se-rebela-en-nepal-les-prohibieron-el-acceso-a-las-redes-sociales\\\/#primaryimage\",\"url\":\"https:\\\/\\\/www.revistarambla.com\\\/wp-content\\\/uploads\\\/2025\\\/09\\\/nepal_parlamento.jpg\",\"contentUrl\":\"https:\\\/\\\/www.revistarambla.com\\\/wp-content\\\/uploads\\\/2025\\\/09\\\/nepal_parlamento.jpg\",\"width\":800,\"height\":451,\"caption\":\"rebelion nepal\"},{\"@type\":\"BreadcrumbList\",\"@id\":\"https:\\\/\\\/www.revistarambla.com\\\/la-generacion-z-se-rebela-en-nepal-les-prohibieron-el-acceso-a-las-redes-sociales\\\/#breadcrumb\",\"itemListElement\":[{\"@type\":\"ListItem\",\"position\":1,\"name\":\"Portada\",\"item\":\"https:\\\/\\\/www.revistarambla.com\\\/\"},{\"@type\":\"ListItem\",\"position\":2,\"name\":\"La Generaci\u00f3n Z se rebela en Nepal (les prohibieron el acceso a las redes sociales)\"}]},{\"@type\":\"WebSite\",\"@id\":\"https:\\\/\\\/www.revistarambla.com\\\/#website\",\"url\":\"https:\\\/\\\/www.revistarambla.com\\\/\",\"name\":\"Revista Rambla Barcelona\",\"description\":\"Periodismo independiente\",\"publisher\":{\"@id\":\"https:\\\/\\\/www.revistarambla.com\\\/#organization\"},\"potentialAction\":[{\"@type\":\"SearchAction\",\"target\":{\"@type\":\"EntryPoint\",\"urlTemplate\":\"https:\\\/\\\/www.revistarambla.com\\\/?s={search_term_string}\"},\"query-input\":{\"@type\":\"PropertyValueSpecification\",\"valueRequired\":true,\"valueName\":\"search_term_string\"}}],\"inLanguage\":\"en-GB\"},{\"@type\":\"Organization\",\"@id\":\"https:\\\/\\\/www.revistarambla.com\\\/#organization\",\"name\":\"Revista Rambla\",\"url\":\"https:\\\/\\\/www.revistarambla.com\\\/\",\"logo\":{\"@type\":\"ImageObject\",\"inLanguage\":\"en-GB\",\"@id\":\"https:\\\/\\\/www.revistarambla.com\\\/#\\\/schema\\\/logo\\\/image\\\/\",\"url\":\"https:\\\/\\\/www.revistarambla.com\\\/wp-content\\\/uploads\\\/2020\\\/09\\\/banner_rambla_1900x600_BB.png\",\"contentUrl\":\"https:\\\/\\\/www.revistarambla.com\\\/wp-content\\\/uploads\\\/2020\\\/09\\\/banner_rambla_1900x600_BB.png\",\"width\":1900,\"height\":600,\"caption\":\"Revista Rambla\"},\"image\":{\"@id\":\"https:\\\/\\\/www.revistarambla.com\\\/#\\\/schema\\\/logo\\\/image\\\/\"},\"sameAs\":[\"https:\\\/\\\/www.facebook.com\\\/revistarambla\\\/\",\"https:\\\/\\\/x.com\\\/revistarambla\",\"https:\\\/\\\/www.instagram.com\\\/revista_rambla\",\"https:\\\/\\\/es.linkedin.com\\\/company\\\/revista-rambla\"]},{\"@type\":\"Person\",\"@id\":\"https:\\\/\\\/www.revistarambla.com\\\/#\\\/schema\\\/person\\\/a146a5a2550b94981a75131180e1bd9c\",\"name\":\"R@mbla\",\"description\":\"Este art\u00edculo ha sido redactado y\\\/o validado por el equipo de redacci\u00f3n de Revista Rambla.\",\"sameAs\":[\"https:\\\/\\\/www.revistarambla.com\\\/\",\"https:\\\/\\\/www.facebook.com\\\/revistarambla\",\"https:\\\/\\\/x.com\\\/revistarambla\"]}]}<\/script>\n<!-- \/ Yoast SEO plugin. -->","yoast_head_json":{"title":"La Generaci\u00f3n Z se rebela en Nepal (les prohibieron el acceso a las redes sociales) - Revista Rambla","robots":{"index":"index","follow":"follow","max-snippet":"max-snippet:-1","max-image-preview":"max-image-preview:large","max-video-preview":"max-video-preview:-1"},"canonical":"https:\/\/www.revistarambla.com\/en\/la-generacion-z-se-rebela-en-nepal-les-prohibieron-el-acceso-a-las-redes-sociales\/","og_locale":"en_GB","og_type":"article","og_title":"La Generaci\u00f3n Z se rebela en Nepal (les prohibieron el acceso a las redes sociales) - Revista Rambla","og_description":"En las calles de Katmand\u00fa y otras ciudades de Nepal, una ola de protestas lideradas por j\u00f3venes de la Generaci\u00f3n Z ha sacudido los cimientos del gobierno, culminando en la renuncia del primer ministro K.P. Sharma Oli el 9 de septiembre de 2025. Lo que comenz\u00f3 como una respuesta a [&hellip;]","og_url":"https:\/\/www.revistarambla.com\/en\/la-generacion-z-se-rebela-en-nepal-les-prohibieron-el-acceso-a-las-redes-sociales\/","og_site_name":"Revista Rambla","article_publisher":"https:\/\/www.facebook.com\/revistarambla\/","article_author":"https:\/\/www.facebook.com\/revistarambla","article_published_time":"2025-09-10T10:39:33+00:00","og_image":[{"width":800,"height":451,"url":"https:\/\/www.revistarambla.com\/wp-content\/uploads\/2025\/09\/nepal_parlamento.jpg","type":"image\/jpeg"}],"author":"R@mbla","twitter_card":"summary_large_image","twitter_creator":"@revistarambla","twitter_site":"@revistarambla","twitter_misc":{"Written by":"R@mbla","Estimated reading time":"6 minutes"},"schema":{"@context":"https:\/\/schema.org","@graph":[{"@type":"Article","@id":"https:\/\/www.revistarambla.com\/la-generacion-z-se-rebela-en-nepal-les-prohibieron-el-acceso-a-las-redes-sociales\/#article","isPartOf":{"@id":"https:\/\/www.revistarambla.com\/la-generacion-z-se-rebela-en-nepal-les-prohibieron-el-acceso-a-las-redes-sociales\/"},"author":{"name":"R@mbla","@id":"https:\/\/www.revistarambla.com\/#\/schema\/person\/a146a5a2550b94981a75131180e1bd9c"},"headline":"La Generaci\u00f3n Z se rebela en Nepal (les prohibieron el acceso a las redes sociales)","datePublished":"2025-09-10T10:39:33+00:00","mainEntityOfPage":{"@id":"https:\/\/www.revistarambla.com\/la-generacion-z-se-rebela-en-nepal-les-prohibieron-el-acceso-a-las-redes-sociales\/"},"wordCount":1378,"publisher":{"@id":"https:\/\/www.revistarambla.com\/#organization"},"image":{"@id":"https:\/\/www.revistarambla.com\/la-generacion-z-se-rebela-en-nepal-les-prohibieron-el-acceso-a-las-redes-sociales\/#primaryimage"},"thumbnailUrl":"https:\/\/www.revistarambla.com\/wp-content\/uploads\/2025\/09\/nepal_parlamento.jpg","articleSection":["Global"],"inLanguage":"en-GB"},{"@type":"WebPage","@id":"https:\/\/www.revistarambla.com\/la-generacion-z-se-rebela-en-nepal-les-prohibieron-el-acceso-a-las-redes-sociales\/","url":"https:\/\/www.revistarambla.com\/la-generacion-z-se-rebela-en-nepal-les-prohibieron-el-acceso-a-las-redes-sociales\/","name":"La Generaci\u00f3n Z se rebela en Nepal (les prohibieron el acceso a las redes sociales) - Revista Rambla","isPartOf":{"@id":"https:\/\/www.revistarambla.com\/#website"},"primaryImageOfPage":{"@id":"https:\/\/www.revistarambla.com\/la-generacion-z-se-rebela-en-nepal-les-prohibieron-el-acceso-a-las-redes-sociales\/#primaryimage"},"image":{"@id":"https:\/\/www.revistarambla.com\/la-generacion-z-se-rebela-en-nepal-les-prohibieron-el-acceso-a-las-redes-sociales\/#primaryimage"},"thumbnailUrl":"https:\/\/www.revistarambla.com\/wp-content\/uploads\/2025\/09\/nepal_parlamento.jpg","datePublished":"2025-09-10T10:39:33+00:00","breadcrumb":{"@id":"https:\/\/www.revistarambla.com\/la-generacion-z-se-rebela-en-nepal-les-prohibieron-el-acceso-a-las-redes-sociales\/#breadcrumb"},"inLanguage":"en-GB","potentialAction":[{"@type":"ReadAction","target":["https:\/\/www.revistarambla.com\/la-generacion-z-se-rebela-en-nepal-les-prohibieron-el-acceso-a-las-redes-sociales\/"]}]},{"@type":"ImageObject","inLanguage":"en-GB","@id":"https:\/\/www.revistarambla.com\/la-generacion-z-se-rebela-en-nepal-les-prohibieron-el-acceso-a-las-redes-sociales\/#primaryimage","url":"https:\/\/www.revistarambla.com\/wp-content\/uploads\/2025\/09\/nepal_parlamento.jpg","contentUrl":"https:\/\/www.revistarambla.com\/wp-content\/uploads\/2025\/09\/nepal_parlamento.jpg","width":800,"height":451,"caption":"rebelion nepal"},{"@type":"BreadcrumbList","@id":"https:\/\/www.revistarambla.com\/la-generacion-z-se-rebela-en-nepal-les-prohibieron-el-acceso-a-las-redes-sociales\/#breadcrumb","itemListElement":[{"@type":"ListItem","position":1,"name":"Portada","item":"https:\/\/www.revistarambla.com\/"},{"@type":"ListItem","position":2,"name":"La Generaci\u00f3n Z se rebela en Nepal (les prohibieron el acceso a las redes sociales)"}]},{"@type":"WebSite","@id":"https:\/\/www.revistarambla.com\/#website","url":"https:\/\/www.revistarambla.com\/","name":"Revista Rambla Barcelona","description":"Periodismo independiente","publisher":{"@id":"https:\/\/www.revistarambla.com\/#organization"},"potentialAction":[{"@type":"SearchAction","target":{"@type":"EntryPoint","urlTemplate":"https:\/\/www.revistarambla.com\/?s={search_term_string}"},"query-input":{"@type":"PropertyValueSpecification","valueRequired":true,"valueName":"search_term_string"}}],"inLanguage":"en-GB"},{"@type":"Organization","@id":"https:\/\/www.revistarambla.com\/#organization","name":"Revista Rambla","url":"https:\/\/www.revistarambla.com\/","logo":{"@type":"ImageObject","inLanguage":"en-GB","@id":"https:\/\/www.revistarambla.com\/#\/schema\/logo\/image\/","url":"https:\/\/www.revistarambla.com\/wp-content\/uploads\/2020\/09\/banner_rambla_1900x600_BB.png","contentUrl":"https:\/\/www.revistarambla.com\/wp-content\/uploads\/2020\/09\/banner_rambla_1900x600_BB.png","width":1900,"height":600,"caption":"Revista Rambla"},"image":{"@id":"https:\/\/www.revistarambla.com\/#\/schema\/logo\/image\/"},"sameAs":["https:\/\/www.facebook.com\/revistarambla\/","https:\/\/x.com\/revistarambla","https:\/\/www.instagram.com\/revista_rambla","https:\/\/es.linkedin.com\/company\/revista-rambla"]},{"@type":"Person","@id":"https:\/\/www.revistarambla.com\/#\/schema\/person\/a146a5a2550b94981a75131180e1bd9c","name":"R@mbla","description":"Este art\u00edculo ha sido redactado y\/o validado por el equipo de redacci\u00f3n de Revista Rambla.","sameAs":["https:\/\/www.revistarambla.com\/","https:\/\/www.facebook.com\/revistarambla","https:\/\/x.com\/revistarambla"]}]}},"_links":{"self":[{"href":"https:\/\/www.revistarambla.com\/en\/wp-json\/wp\/v2\/posts\/66505","targetHints":{"allow":["GET"]}}],"collection":[{"href":"https:\/\/www.revistarambla.com\/en\/wp-json\/wp\/v2\/posts"}],"about":[{"href":"https:\/\/www.revistarambla.com\/en\/wp-json\/wp\/v2\/types\/post"}],"author":[{"embeddable":true,"href":"https:\/\/www.revistarambla.com\/en\/wp-json\/wp\/v2\/users\/3"}],"replies":[{"embeddable":true,"href":"https:\/\/www.revistarambla.com\/en\/wp-json\/wp\/v2\/comments?post=66505"}],"version-history":[{"count":1,"href":"https:\/\/www.revistarambla.com\/en\/wp-json\/wp\/v2\/posts\/66505\/revisions"}],"predecessor-version":[{"id":66507,"href":"https:\/\/www.revistarambla.com\/en\/wp-json\/wp\/v2\/posts\/66505\/revisions\/66507"}],"wp:featuredmedia":[{"embeddable":true,"href":"https:\/\/www.revistarambla.com\/en\/wp-json\/wp\/v2\/media\/66506"}],"wp:attachment":[{"href":"https:\/\/www.revistarambla.com\/en\/wp-json\/wp\/v2\/media?parent=66505"}],"wp:term":[{"taxonomy":"category","embeddable":true,"href":"https:\/\/www.revistarambla.com\/en\/wp-json\/wp\/v2\/categories?post=66505"},{"taxonomy":"post_tag","embeddable":true,"href":"https:\/\/www.revistarambla.com\/en\/wp-json\/wp\/v2\/tags?post=66505"}],"curies":[{"name":"wp","href":"https:\/\/api.w.org\/{rel}","templated":true}]}}