{"id":66499,"date":"2025-09-10T12:23:52","date_gmt":"2025-09-10T10:23:52","guid":{"rendered":"https:\/\/www.revistarambla.com\/?p=66499"},"modified":"2025-09-10T12:23:52","modified_gmt":"2025-09-10T10:23:52","slug":"ovb-allfinanz-una-guia-practica-para-quienes-se-sienten-afectados-por-la-falta-de-cultura-financiera","status":"publish","type":"post","link":"https:\/\/www.revistarambla.com\/en\/ovb-allfinanz-una-guia-practica-para-quienes-se-sienten-afectados-por-la-falta-de-cultura-financiera\/","title":{"rendered":"OVB Allfinanz, una gu\u00eda pr\u00e1ctica para quienes se sienten afectados por la falta de cultura financiera"},"content":{"rendered":"<p>El manejo responsable del dinero contin\u00faa siendo una asignatura pendiente para buena parte de la sociedad. J\u00f3venes que inician su carrera laboral, trabajadores aut\u00f3nomos, padres de familia o empleados con experiencia coinciden en un mismo problema: <b>la educaci\u00f3n financiera brilla por su ausencia.<\/b> Esta carencia ha dejado a muchos ciudadanos desprotegidos y desinformados, afectados por decisiones econ\u00f3micas tomadas sin fundamentos s\u00f3lidos. Frente a esta situaci\u00f3n, algunos han optado por buscar apoyo profesional. En este contexto, la consultora <a href=\"https:\/\/diariodeavisos.elespanol.com\/canariasenred\/afectados-por-la-inestabilidad-economica-la-guia-de-ovb-allfinanz-para-tomar-decisiones-financieras-informadas\/\" target=\"_blank\" rel=\"nofollow noopener\"><b>financiera OVB<\/b><\/a> se ha consolidado como una alternativa para quienes se han visto afectados por la falta de orientaci\u00f3n en temas financieros b\u00e1sicos.<\/p>\n<p>Con m\u00e1s de 20 a\u00f1os de trayectoria en Espa\u00f1a, OVB Allfinanz acompa\u00f1a a clientes con perfiles muy distintos: personas sin formaci\u00f3n en finanzas, aut\u00f3nomos con ingresos inestables, parejas interesadas en organizar su ahorro o empleados que desean poner en orden sus cuentas. Muchos se han sentido afectados por no haber contado antes con alguien que les aclarara cuestiones como el riesgo, la planificaci\u00f3n o la cobertura frente a imprevistos. En este sentido, la propuesta de OVB no busca soluciones r\u00e1pidas, sino <b>ofrecer una visi\u00f3n m\u00e1s clara y realista del panorama financiero de cada persona.<\/b><\/p>\n<h2><b>El enfoque de OVB: acompa\u00f1amiento duradero para quienes se ven afectados por la falta de educaci\u00f3n financiera<\/b><\/h2>\n<p>Frente a consultoras que aplican modelos m\u00e1s agresivos, enfocados en captar clientes y cerrar ventas r\u00e1pidas, OVB promueve un proceso m\u00e1s cercano y adaptado. Las reuniones con sus asesores financieros no responden a f\u00f3rmulas cerradas. Cada conversaci\u00f3n parte de la realidad particular del cliente, de sus metas y de sus preocupaciones. Con esa informaci\u00f3n, se plantea un plan sustentado en la comprensi\u00f3n y no en la presi\u00f3n. As\u00ed, lo fundamental para OVB es escuchar primero y brindar herramientas pr\u00e1cticas que faciliten mejores decisiones en el futuro.<\/p>\n<p>El equipo de consultores de OVB lo integran profesionales cualificados, la mayor\u00eda con formaci\u00f3n universitaria, que ejercen como aut\u00f3nomos y reciben formaci\u00f3n constante, tanto interna como externa, de instituciones y partners especializados en \u00e1mbitos financieros, regulatorios y comunicativos. Ese bagaje se traduce en la capacidad de atender distintos perfiles: desde quienes no saben c\u00f3mo empezar hasta los que ya poseen cierta experiencia y quieren perfeccionar su planificaci\u00f3n. Para todos ellos, y en especial para quienes han quedado m\u00e1s afectados por experiencias pasadas negativas, <b>la claridad y la cercan\u00eda se vuelven esenciales.<\/b><\/p>\n<p>Adem\u00e1s de las reuniones personalizadas, OVB desarrolla actividades educativas para impulsar la cultura financiera. Entre ellas destacan los talleres del Tour Fin &amp; Fun, destinados a concienciar a peque\u00f1os y adultos sobre la importancia de administrar correctamente los recursos. En estas din\u00e1micas se transmiten de forma sencilla aspectos como el presupuesto familiar, el ahorro planificado o la gesti\u00f3n de riesgos. Estas iniciativas han sido pensadas para quienes, sin ser expertos, se han visto afectados por un entorno econ\u00f3mico cada vez m\u00e1s complejo y que necesitan referencias confiables.<\/p>\n<p>Muchos de los clientes de OVB se sintieron afectados y buscaron una alternativa m\u00e1s tranquila, sin presiones. Esa relaci\u00f3n de confianza se ha consolidado progresivamente gracias a una <b>metodolog\u00eda que prioriza el acompa\u00f1amiento y la claridad y que se adapta a los distintos cambios que se producen en la vida de una persona.<\/b><\/p>\n<p>Quienes conf\u00edan en OVB reciben m\u00e1s que asesor\u00eda: encuentran tranquilidad financiera, una forma de organizar sus recursos, comprender sus decisiones y sentirse respaldados por especialistas que priorizan la confianza. Para quienes hab\u00edan quedado excluidos por falta de informaci\u00f3n o malas experiencias, <b>este cambio supone un aut\u00e9ntico punto de inflexi\u00f3n.<\/b><\/p>","protected":false},"excerpt":{"rendered":"<p>El manejo responsable del dinero contin\u00faa siendo una asignatura pendiente para buena parte de la sociedad. J\u00f3venes que inician su carrera laboral, trabajadores aut\u00f3nomos, padres de familia o empleados con experiencia coinciden en un mismo problema: la educaci\u00f3n financiera brilla por su ausencia. Esta carencia ha dejado a muchos ciudadanos [&hellip;]<\/p>\n","protected":false},"author":3,"featured_media":66488,"comment_status":"closed","ping_status":"closed","sticky":false,"template":"","format":"standard","meta":{"footnotes":""},"categories":[3790],"tags":[],"class_list":["post-66499","post","type-post","status-publish","format-standard","has-post-thumbnail","hentry","category-otras-noticias"],"yoast_head":"<!-- This site is optimized with the Yoast SEO plugin v27.5 - https:\/\/yoast.com\/product\/yoast-seo-wordpress\/ -->\n<title>OVB Allfinanz, una gu\u00eda pr\u00e1ctica para quienes se sienten afectados por la falta de cultura financiera - Revista Rambla<\/title>\n<meta name=\"robots\" content=\"index, follow, max-snippet:-1, max-image-preview:large, max-video-preview:-1\" \/>\n<link rel=\"canonical\" href=\"https:\/\/www.revistarambla.com\/en\/ovb-allfinanz-una-guia-practica-para-quienes-se-sienten-afectados-por-la-falta-de-cultura-financiera\/\" \/>\n<meta property=\"og:locale\" content=\"en_GB\" \/>\n<meta property=\"og:type\" content=\"article\" \/>\n<meta property=\"og:title\" content=\"OVB Allfinanz, una gu\u00eda pr\u00e1ctica para quienes se sienten afectados por la falta de cultura financiera - Revista Rambla\" \/>\n<meta property=\"og:description\" content=\"El manejo responsable del dinero contin\u00faa siendo una asignatura pendiente para buena parte de la sociedad. J\u00f3venes que inician su carrera laboral, trabajadores aut\u00f3nomos, padres de familia o empleados con experiencia coinciden en un mismo problema: la educaci\u00f3n financiera brilla por su ausencia. Esta carencia ha dejado a muchos ciudadanos [&hellip;]\" \/>\n<meta property=\"og:url\" content=\"https:\/\/www.revistarambla.com\/en\/ovb-allfinanz-una-guia-practica-para-quienes-se-sienten-afectados-por-la-falta-de-cultura-financiera\/\" \/>\n<meta property=\"og:site_name\" content=\"Revista Rambla\" \/>\n<meta property=\"article:publisher\" content=\"https:\/\/www.facebook.com\/revistarambla\/\" \/>\n<meta property=\"article:author\" content=\"https:\/\/www.facebook.com\/revistarambla\" \/>\n<meta property=\"article:published_time\" content=\"2025-09-10T10:23:52+00:00\" \/>\n<meta property=\"og:image\" content=\"https:\/\/www.revistarambla.com\/wp-content\/uploads\/2025\/09\/OVB-Allfinanz.jpg\" \/>\n\t<meta property=\"og:image:width\" content=\"860\" \/>\n\t<meta property=\"og:image:height\" content=\"599\" \/>\n\t<meta property=\"og:image:type\" content=\"image\/jpeg\" \/>\n<meta name=\"author\" content=\"R@mbla\" \/>\n<meta name=\"twitter:card\" content=\"summary_large_image\" \/>\n<meta name=\"twitter:creator\" content=\"@revistarambla\" \/>\n<meta name=\"twitter:site\" content=\"@revistarambla\" \/>\n<meta name=\"twitter:label1\" content=\"Written by\" \/>\n\t<meta name=\"twitter:data1\" content=\"R@mbla\" \/>\n\t<meta name=\"twitter:label2\" content=\"Estimated reading time\" \/>\n\t<meta name=\"twitter:data2\" content=\"3 minutes\" \/>\n<script type=\"application\/ld+json\" class=\"yoast-schema-graph\">{\"@context\":\"https:\\\/\\\/schema.org\",\"@graph\":[{\"@type\":\"Article\",\"@id\":\"https:\\\/\\\/www.revistarambla.com\\\/ovb-allfinanz-una-guia-practica-para-quienes-se-sienten-afectados-por-la-falta-de-cultura-financiera\\\/#article\",\"isPartOf\":{\"@id\":\"https:\\\/\\\/www.revistarambla.com\\\/ovb-allfinanz-una-guia-practica-para-quienes-se-sienten-afectados-por-la-falta-de-cultura-financiera\\\/\"},\"author\":{\"name\":\"R@mbla\",\"@id\":\"https:\\\/\\\/www.revistarambla.com\\\/#\\\/schema\\\/person\\\/a146a5a2550b94981a75131180e1bd9c\"},\"headline\":\"OVB Allfinanz, una gu\u00eda pr\u00e1ctica para quienes se sienten afectados por la falta de cultura financiera\",\"datePublished\":\"2025-09-10T10:23:52+00:00\",\"mainEntityOfPage\":{\"@id\":\"https:\\\/\\\/www.revistarambla.com\\\/ovb-allfinanz-una-guia-practica-para-quienes-se-sienten-afectados-por-la-falta-de-cultura-financiera\\\/\"},\"wordCount\":649,\"publisher\":{\"@id\":\"https:\\\/\\\/www.revistarambla.com\\\/#organization\"},\"image\":{\"@id\":\"https:\\\/\\\/www.revistarambla.com\\\/ovb-allfinanz-una-guia-practica-para-quienes-se-sienten-afectados-por-la-falta-de-cultura-financiera\\\/#primaryimage\"},\"thumbnailUrl\":\"https:\\\/\\\/www.revistarambla.com\\\/wp-content\\\/uploads\\\/2025\\\/09\\\/OVB-Allfinanz.jpg\",\"articleSection\":[\"Otras Noticias\"],\"inLanguage\":\"en-GB\"},{\"@type\":\"WebPage\",\"@id\":\"https:\\\/\\\/www.revistarambla.com\\\/ovb-allfinanz-una-guia-practica-para-quienes-se-sienten-afectados-por-la-falta-de-cultura-financiera\\\/\",\"url\":\"https:\\\/\\\/www.revistarambla.com\\\/ovb-allfinanz-una-guia-practica-para-quienes-se-sienten-afectados-por-la-falta-de-cultura-financiera\\\/\",\"name\":\"OVB Allfinanz, una gu\u00eda pr\u00e1ctica para quienes se sienten afectados por la falta de cultura financiera - Revista Rambla\",\"isPartOf\":{\"@id\":\"https:\\\/\\\/www.revistarambla.com\\\/#website\"},\"primaryImageOfPage\":{\"@id\":\"https:\\\/\\\/www.revistarambla.com\\\/ovb-allfinanz-una-guia-practica-para-quienes-se-sienten-afectados-por-la-falta-de-cultura-financiera\\\/#primaryimage\"},\"image\":{\"@id\":\"https:\\\/\\\/www.revistarambla.com\\\/ovb-allfinanz-una-guia-practica-para-quienes-se-sienten-afectados-por-la-falta-de-cultura-financiera\\\/#primaryimage\"},\"thumbnailUrl\":\"https:\\\/\\\/www.revistarambla.com\\\/wp-content\\\/uploads\\\/2025\\\/09\\\/OVB-Allfinanz.jpg\",\"datePublished\":\"2025-09-10T10:23:52+00:00\",\"breadcrumb\":{\"@id\":\"https:\\\/\\\/www.revistarambla.com\\\/ovb-allfinanz-una-guia-practica-para-quienes-se-sienten-afectados-por-la-falta-de-cultura-financiera\\\/#breadcrumb\"},\"inLanguage\":\"en-GB\",\"potentialAction\":[{\"@type\":\"ReadAction\",\"target\":[\"https:\\\/\\\/www.revistarambla.com\\\/ovb-allfinanz-una-guia-practica-para-quienes-se-sienten-afectados-por-la-falta-de-cultura-financiera\\\/\"]}]},{\"@type\":\"ImageObject\",\"inLanguage\":\"en-GB\",\"@id\":\"https:\\\/\\\/www.revistarambla.com\\\/ovb-allfinanz-una-guia-practica-para-quienes-se-sienten-afectados-por-la-falta-de-cultura-financiera\\\/#primaryimage\",\"url\":\"https:\\\/\\\/www.revistarambla.com\\\/wp-content\\\/uploads\\\/2025\\\/09\\\/OVB-Allfinanz.jpg\",\"contentUrl\":\"https:\\\/\\\/www.revistarambla.com\\\/wp-content\\\/uploads\\\/2025\\\/09\\\/OVB-Allfinanz.jpg\",\"width\":860,\"height\":599,\"caption\":\"OVB afectados gu\u00eda pr\u00e1ctica\"},{\"@type\":\"BreadcrumbList\",\"@id\":\"https:\\\/\\\/www.revistarambla.com\\\/ovb-allfinanz-una-guia-practica-para-quienes-se-sienten-afectados-por-la-falta-de-cultura-financiera\\\/#breadcrumb\",\"itemListElement\":[{\"@type\":\"ListItem\",\"position\":1,\"name\":\"Portada\",\"item\":\"https:\\\/\\\/www.revistarambla.com\\\/\"},{\"@type\":\"ListItem\",\"position\":2,\"name\":\"OVB Allfinanz, una gu\u00eda pr\u00e1ctica para quienes se sienten afectados por la falta de cultura financiera\"}]},{\"@type\":\"WebSite\",\"@id\":\"https:\\\/\\\/www.revistarambla.com\\\/#website\",\"url\":\"https:\\\/\\\/www.revistarambla.com\\\/\",\"name\":\"Revista Rambla Barcelona\",\"description\":\"Periodismo independiente\",\"publisher\":{\"@id\":\"https:\\\/\\\/www.revistarambla.com\\\/#organization\"},\"potentialAction\":[{\"@type\":\"SearchAction\",\"target\":{\"@type\":\"EntryPoint\",\"urlTemplate\":\"https:\\\/\\\/www.revistarambla.com\\\/?s={search_term_string}\"},\"query-input\":{\"@type\":\"PropertyValueSpecification\",\"valueRequired\":true,\"valueName\":\"search_term_string\"}}],\"inLanguage\":\"en-GB\"},{\"@type\":\"Organization\",\"@id\":\"https:\\\/\\\/www.revistarambla.com\\\/#organization\",\"name\":\"Revista Rambla\",\"url\":\"https:\\\/\\\/www.revistarambla.com\\\/\",\"logo\":{\"@type\":\"ImageObject\",\"inLanguage\":\"en-GB\",\"@id\":\"https:\\\/\\\/www.revistarambla.com\\\/#\\\/schema\\\/logo\\\/image\\\/\",\"url\":\"https:\\\/\\\/www.revistarambla.com\\\/wp-content\\\/uploads\\\/2020\\\/09\\\/banner_rambla_1900x600_BB.png\",\"contentUrl\":\"https:\\\/\\\/www.revistarambla.com\\\/wp-content\\\/uploads\\\/2020\\\/09\\\/banner_rambla_1900x600_BB.png\",\"width\":1900,\"height\":600,\"caption\":\"Revista Rambla\"},\"image\":{\"@id\":\"https:\\\/\\\/www.revistarambla.com\\\/#\\\/schema\\\/logo\\\/image\\\/\"},\"sameAs\":[\"https:\\\/\\\/www.facebook.com\\\/revistarambla\\\/\",\"https:\\\/\\\/x.com\\\/revistarambla\",\"https:\\\/\\\/www.instagram.com\\\/revista_rambla\",\"https:\\\/\\\/es.linkedin.com\\\/company\\\/revista-rambla\"]},{\"@type\":\"Person\",\"@id\":\"https:\\\/\\\/www.revistarambla.com\\\/#\\\/schema\\\/person\\\/a146a5a2550b94981a75131180e1bd9c\",\"name\":\"R@mbla\",\"description\":\"Este art\u00edculo ha sido redactado y\\\/o validado por el equipo de redacci\u00f3n de Revista Rambla.\",\"sameAs\":[\"https:\\\/\\\/www.revistarambla.com\\\/\",\"https:\\\/\\\/www.facebook.com\\\/revistarambla\",\"https:\\\/\\\/x.com\\\/revistarambla\"]}]}<\/script>\n<!-- \/ Yoast SEO plugin. -->","yoast_head_json":{"title":"OVB Allfinanz, una gu\u00eda pr\u00e1ctica para quienes se sienten afectados por la falta de cultura financiera - Revista Rambla","robots":{"index":"index","follow":"follow","max-snippet":"max-snippet:-1","max-image-preview":"max-image-preview:large","max-video-preview":"max-video-preview:-1"},"canonical":"https:\/\/www.revistarambla.com\/en\/ovb-allfinanz-una-guia-practica-para-quienes-se-sienten-afectados-por-la-falta-de-cultura-financiera\/","og_locale":"en_GB","og_type":"article","og_title":"OVB Allfinanz, una gu\u00eda pr\u00e1ctica para quienes se sienten afectados por la falta de cultura financiera - Revista Rambla","og_description":"El manejo responsable del dinero contin\u00faa siendo una asignatura pendiente para buena parte de la sociedad. J\u00f3venes que inician su carrera laboral, trabajadores aut\u00f3nomos, padres de familia o empleados con experiencia coinciden en un mismo problema: la educaci\u00f3n financiera brilla por su ausencia. Esta carencia ha dejado a muchos ciudadanos [&hellip;]","og_url":"https:\/\/www.revistarambla.com\/en\/ovb-allfinanz-una-guia-practica-para-quienes-se-sienten-afectados-por-la-falta-de-cultura-financiera\/","og_site_name":"Revista Rambla","article_publisher":"https:\/\/www.facebook.com\/revistarambla\/","article_author":"https:\/\/www.facebook.com\/revistarambla","article_published_time":"2025-09-10T10:23:52+00:00","og_image":[{"width":860,"height":599,"url":"https:\/\/www.revistarambla.com\/wp-content\/uploads\/2025\/09\/OVB-Allfinanz.jpg","type":"image\/jpeg"}],"author":"R@mbla","twitter_card":"summary_large_image","twitter_creator":"@revistarambla","twitter_site":"@revistarambla","twitter_misc":{"Written by":"R@mbla","Estimated reading time":"3 minutes"},"schema":{"@context":"https:\/\/schema.org","@graph":[{"@type":"Article","@id":"https:\/\/www.revistarambla.com\/ovb-allfinanz-una-guia-practica-para-quienes-se-sienten-afectados-por-la-falta-de-cultura-financiera\/#article","isPartOf":{"@id":"https:\/\/www.revistarambla.com\/ovb-allfinanz-una-guia-practica-para-quienes-se-sienten-afectados-por-la-falta-de-cultura-financiera\/"},"author":{"name":"R@mbla","@id":"https:\/\/www.revistarambla.com\/#\/schema\/person\/a146a5a2550b94981a75131180e1bd9c"},"headline":"OVB Allfinanz, una gu\u00eda pr\u00e1ctica para quienes se sienten afectados por la falta de cultura financiera","datePublished":"2025-09-10T10:23:52+00:00","mainEntityOfPage":{"@id":"https:\/\/www.revistarambla.com\/ovb-allfinanz-una-guia-practica-para-quienes-se-sienten-afectados-por-la-falta-de-cultura-financiera\/"},"wordCount":649,"publisher":{"@id":"https:\/\/www.revistarambla.com\/#organization"},"image":{"@id":"https:\/\/www.revistarambla.com\/ovb-allfinanz-una-guia-practica-para-quienes-se-sienten-afectados-por-la-falta-de-cultura-financiera\/#primaryimage"},"thumbnailUrl":"https:\/\/www.revistarambla.com\/wp-content\/uploads\/2025\/09\/OVB-Allfinanz.jpg","articleSection":["Otras Noticias"],"inLanguage":"en-GB"},{"@type":"WebPage","@id":"https:\/\/www.revistarambla.com\/ovb-allfinanz-una-guia-practica-para-quienes-se-sienten-afectados-por-la-falta-de-cultura-financiera\/","url":"https:\/\/www.revistarambla.com\/ovb-allfinanz-una-guia-practica-para-quienes-se-sienten-afectados-por-la-falta-de-cultura-financiera\/","name":"OVB Allfinanz, una gu\u00eda pr\u00e1ctica para quienes se sienten afectados por la falta de cultura financiera - Revista Rambla","isPartOf":{"@id":"https:\/\/www.revistarambla.com\/#website"},"primaryImageOfPage":{"@id":"https:\/\/www.revistarambla.com\/ovb-allfinanz-una-guia-practica-para-quienes-se-sienten-afectados-por-la-falta-de-cultura-financiera\/#primaryimage"},"image":{"@id":"https:\/\/www.revistarambla.com\/ovb-allfinanz-una-guia-practica-para-quienes-se-sienten-afectados-por-la-falta-de-cultura-financiera\/#primaryimage"},"thumbnailUrl":"https:\/\/www.revistarambla.com\/wp-content\/uploads\/2025\/09\/OVB-Allfinanz.jpg","datePublished":"2025-09-10T10:23:52+00:00","breadcrumb":{"@id":"https:\/\/www.revistarambla.com\/ovb-allfinanz-una-guia-practica-para-quienes-se-sienten-afectados-por-la-falta-de-cultura-financiera\/#breadcrumb"},"inLanguage":"en-GB","potentialAction":[{"@type":"ReadAction","target":["https:\/\/www.revistarambla.com\/ovb-allfinanz-una-guia-practica-para-quienes-se-sienten-afectados-por-la-falta-de-cultura-financiera\/"]}]},{"@type":"ImageObject","inLanguage":"en-GB","@id":"https:\/\/www.revistarambla.com\/ovb-allfinanz-una-guia-practica-para-quienes-se-sienten-afectados-por-la-falta-de-cultura-financiera\/#primaryimage","url":"https:\/\/www.revistarambla.com\/wp-content\/uploads\/2025\/09\/OVB-Allfinanz.jpg","contentUrl":"https:\/\/www.revistarambla.com\/wp-content\/uploads\/2025\/09\/OVB-Allfinanz.jpg","width":860,"height":599,"caption":"OVB afectados gu\u00eda pr\u00e1ctica"},{"@type":"BreadcrumbList","@id":"https:\/\/www.revistarambla.com\/ovb-allfinanz-una-guia-practica-para-quienes-se-sienten-afectados-por-la-falta-de-cultura-financiera\/#breadcrumb","itemListElement":[{"@type":"ListItem","position":1,"name":"Portada","item":"https:\/\/www.revistarambla.com\/"},{"@type":"ListItem","position":2,"name":"OVB Allfinanz, una gu\u00eda pr\u00e1ctica para quienes se sienten afectados por la falta de cultura financiera"}]},{"@type":"WebSite","@id":"https:\/\/www.revistarambla.com\/#website","url":"https:\/\/www.revistarambla.com\/","name":"Revista Rambla Barcelona","description":"Periodismo independiente","publisher":{"@id":"https:\/\/www.revistarambla.com\/#organization"},"potentialAction":[{"@type":"SearchAction","target":{"@type":"EntryPoint","urlTemplate":"https:\/\/www.revistarambla.com\/?s={search_term_string}"},"query-input":{"@type":"PropertyValueSpecification","valueRequired":true,"valueName":"search_term_string"}}],"inLanguage":"en-GB"},{"@type":"Organization","@id":"https:\/\/www.revistarambla.com\/#organization","name":"Revista Rambla","url":"https:\/\/www.revistarambla.com\/","logo":{"@type":"ImageObject","inLanguage":"en-GB","@id":"https:\/\/www.revistarambla.com\/#\/schema\/logo\/image\/","url":"https:\/\/www.revistarambla.com\/wp-content\/uploads\/2020\/09\/banner_rambla_1900x600_BB.png","contentUrl":"https:\/\/www.revistarambla.com\/wp-content\/uploads\/2020\/09\/banner_rambla_1900x600_BB.png","width":1900,"height":600,"caption":"Revista Rambla"},"image":{"@id":"https:\/\/www.revistarambla.com\/#\/schema\/logo\/image\/"},"sameAs":["https:\/\/www.facebook.com\/revistarambla\/","https:\/\/x.com\/revistarambla","https:\/\/www.instagram.com\/revista_rambla","https:\/\/es.linkedin.com\/company\/revista-rambla"]},{"@type":"Person","@id":"https:\/\/www.revistarambla.com\/#\/schema\/person\/a146a5a2550b94981a75131180e1bd9c","name":"R@mbla","description":"Este art\u00edculo ha sido redactado y\/o validado por el equipo de redacci\u00f3n de Revista Rambla.","sameAs":["https:\/\/www.revistarambla.com\/","https:\/\/www.facebook.com\/revistarambla","https:\/\/x.com\/revistarambla"]}]}},"_links":{"self":[{"href":"https:\/\/www.revistarambla.com\/en\/wp-json\/wp\/v2\/posts\/66499","targetHints":{"allow":["GET"]}}],"collection":[{"href":"https:\/\/www.revistarambla.com\/en\/wp-json\/wp\/v2\/posts"}],"about":[{"href":"https:\/\/www.revistarambla.com\/en\/wp-json\/wp\/v2\/types\/post"}],"author":[{"embeddable":true,"href":"https:\/\/www.revistarambla.com\/en\/wp-json\/wp\/v2\/users\/3"}],"replies":[{"embeddable":true,"href":"https:\/\/www.revistarambla.com\/en\/wp-json\/wp\/v2\/comments?post=66499"}],"version-history":[{"count":2,"href":"https:\/\/www.revistarambla.com\/en\/wp-json\/wp\/v2\/posts\/66499\/revisions"}],"predecessor-version":[{"id":66501,"href":"https:\/\/www.revistarambla.com\/en\/wp-json\/wp\/v2\/posts\/66499\/revisions\/66501"}],"wp:featuredmedia":[{"embeddable":true,"href":"https:\/\/www.revistarambla.com\/en\/wp-json\/wp\/v2\/media\/66488"}],"wp:attachment":[{"href":"https:\/\/www.revistarambla.com\/en\/wp-json\/wp\/v2\/media?parent=66499"}],"wp:term":[{"taxonomy":"category","embeddable":true,"href":"https:\/\/www.revistarambla.com\/en\/wp-json\/wp\/v2\/categories?post=66499"},{"taxonomy":"post_tag","embeddable":true,"href":"https:\/\/www.revistarambla.com\/en\/wp-json\/wp\/v2\/tags?post=66499"}],"curies":[{"name":"wp","href":"https:\/\/api.w.org\/{rel}","templated":true}]}}