{"id":66483,"date":"2025-09-09T20:19:35","date_gmt":"2025-09-09T18:19:35","guid":{"rendered":"https:\/\/www.revistarambla.com\/?p=66483"},"modified":"2025-09-11T11:32:37","modified_gmt":"2025-09-11T09:32:37","slug":"el-nuevo-thyssen-barcelona-esconde-una-operacion-especulativa-en-el-palau-marcet","status":"publish","type":"post","link":"https:\/\/www.revistarambla.com\/en\/el-nuevo-thyssen-barcelona-esconde-una-operacion-especulativa-en-el-palau-marcet\/","title":{"rendered":"El nuevo Thyssen Barcelona esconde una \u00aboperaci\u00f3n especulativa\u00bb en el Palau Marcet"},"content":{"rendered":"<p>Un nuevo conflicto urban\u00edstico ha emergido con fuerza en el Eixample. La Federaci\u00f3 d&#8217;Associacions de Ve\u00efns i Ve\u00efnes de Barcelona (FAVB) ha presentado un escrito de alegaciones ante el Ayuntamiento para detener el proyecto del Museo Carmen Thyssen, previsto en el hist\u00f3rico Palau Marcet, antiguo Cine Comedia. Esta iniciativa, que implica la construcci\u00f3n de nuevos pisos sobre un edificio catalogado como Bien Cultural de Inter\u00e9s Local (BCIL), ha sido calificada por la entidad vecinal como una \u00aboperaci\u00f3n especulativa\u00bb con un \u00abimpacto intolerable\u00bb en el patrimonio de la ciudad. La FAVB no solo busca paralizar las obras, sino que advierte de posibles acciones judiciales si sus demandas no son atendidas, en un momento en que Barcelona debate el equilibrio entre cultura, turismo y preservaci\u00f3n hist\u00f3rica.<\/p>\n<p>El proyecto del Museo Thyssen representa un ambicioso plan para revitalizar un espacio ic\u00f3nico de la ciudad. Anunciado en 2024, tras el cierre definitivo del Cine Comedia en enero de ese a\u00f1o, el museo llevar\u00eda el nombre de la baronesa Carmen Thyssen-Bornemisza, quien ha cedido parte de su colecci\u00f3n privada para su exhibici\u00f3n. El edificio, situado en la esquina de Passeig de Gr\u00e0cia y Gran Via, ser\u00eda ampliado de 6.700 metros cuadrados a casi 10.000, con una inversi\u00f3n de m\u00e1s de 100 millones de euros por parte del fondo suizo Stoneweg, propietario del inmueble desde 2023. La propuesta incluye nueve plantas adicionales junto a Gran Via y seis junto a Passeig de Gr\u00e0cia, incorporando no solo salas expositivas, sino tambi\u00e9n un auditorio para 450 personas, talleres, restaurantes y tiendas. Seg\u00fan el Ayuntamiento, este desarrollo cultural generar\u00eda unos 750.000 visitantes anuales, impulsando la econom\u00eda local y posicionando Barcelona como un hub muse\u00edstico europeo.<\/p>\n<p>Sin embargo, detr\u00e1s de esta visi\u00f3n optimista se esconde una controversia que remueve los cimientos del urbanismo barcelon\u00e9s. El Palau Marcet, construido en 1882 por el arquitecto Frederic Marcet, es un ejemplo paradigm\u00e1tico de la arquitectura burguesa del siglo XIX. Catalogado como BCIL, su fachada modernista y su interior han sido testigos de la evoluci\u00f3n cultural de la ciudad: desde palacio residencial hasta cine multisala, pasando por un periodo como teatro. La modificaci\u00f3n del Plan General Metropolitano (MPGM), aprobada inicialmente en julio de 2025 por la Comisi\u00f3n de Urbanismo con votos del PSC, Junts, PP y Vox, permite esta expansi\u00f3n vertical, pero a costa de alterar dr\u00e1sticamente la volumetr\u00eda del edificio. Opositores como Barcelona en Com\u00fa y ERC votaron en contra, argumentando que el 25% del espacio se destinar\u00eda a usos comerciales, convirtiendo el museo en un \u00abcentro comercial disfrazado\u00bb. La baronesa Thyssen, por su parte, ha defendido el proyecto como una oportunidad para democratizar el arte, aunque no ha respondido directamente a las cr\u00edticas vecinales.<\/p>\n<p>La FAVB, que representa a m\u00e1s de 100 asociaciones vecinales, ha sido la voz m\u00e1s contundente en esta batalla. En su escrito de alegaciones, presentado el 9 de septiembre, la entidad detalla nueve puntos clave para impugnar la MPGM. En primer lugar, acusa al proyecto de ser una \u00aboperaci\u00f3n inmobiliaria especulativa\u00bb disfrazada de iniciativa cultural. Miquel Borr\u00e0s, presidente de la FAVB, ha declarado: \u00abDarrere la modificaci\u00f3 s\u2019amaga una operaci\u00f3 immobili\u00e0ria especulativa\u00bb, destacando que las zonas comerciales y de restauraci\u00f3n podr\u00edan mantener tiendas de lujo sin permisos espec\u00edficos, beneficiando al promotor privado por encima del inter\u00e9s p\u00fablico. Ana Men\u00e9ndez, vicepresidenta y arquitecta, califica la propuesta de \u00abarquitectura brutalista en una de les cru\u00eflles ic\u00f2niques de la ciutat\u00bb, argumentando que la ampliaci\u00f3n de nueve plantas mutila totalmente el Palau Marcet, reduciendo sus fachadas a meros \u00abdecorados\u00bb sin justificaci\u00f3n patrimonial.<\/p>\n<p>Entre las alegaciones t\u00e9cnicas, la FAVB denuncia la superaci\u00f3n de l\u00edmites de altura y profundidad edificable, ignorando el Pla de Colors de l&#8217;Eixample y vulnerando art\u00edculos del PGM como los 212, 214 y 216, que regulan usos principales y complementarios. Adem\u00e1s, critica la ausencia de un estudio de viabilidad econ\u00f3mica, un plan muse\u00edstico detallado y un proceso participativo ciudadano, incumpliendo la Llei 30\/2015. \u00abNo s\u2019ha tramitat un proc\u00e9s participatiu ni consulta pr\u00e8via\u00bb, se\u00f1ala Men\u00e9ndez, quien a\u00f1ade que el proyecto agrava la saturaci\u00f3n tur\u00edstica en un Espai de Gran Aflu\u00e8ncia (EGA), sin un plan de movilidad adecuado para absorber 750.000 visitantes al a\u00f1o. Otro punto controvertido es la falta de ejercicio del derecho de tanteo y retracto por parte del Ayuntamiento y la Generalitat, permitiendo que Stoneweg controle el inmueble sin intervenci\u00f3n p\u00fablica.<\/p>\n<p>El manifiesto lanzado por la FAVB en agosto, titulado \u00abContra la remonta de nou plantes del futur Museu Thyssen\u00bb, ha recolectado m\u00e1s de 1.000 firmas individuales y el apoyo de unas 80 entidades, incluyendo partidos como ERC y BCom\u00fa. Jordi Rogent, exdirector de Patrimoni de l&#8217;Ajuntament, se ha sumado a las cr\u00edticas: \u00ab\u00c9s l\u00f2gic que un museu tingui un bar o una botiga. Per\u00f2 ha de tenir botigues de luxe? Es tracta d\u2019un petit museu, amb una gran operaci\u00f3 comercial\u00bb. Mariano Serrano, de la Comisi\u00f3n de Patrimoni de la FAVB, cuestiona la doble vara de medir: \u00abNo s\u2019ent\u00e9n que a l\u2019hora de protegir elements patrimonials als barris siguin necessaris tants estudis i, despr\u00e9s, sigui tan f\u00e0cil rebaixar la seva protecci\u00f3 sense la necessitat de cap informe\u00bb. Jaume Artigues, de la asociaci\u00f3n de vecinos del Dreta de l&#8217;Eixample, advierte de un posible contencioso-administrativo si las alegaciones son desestimadas.<\/p>\n<p>Esta controversia no es aislada; refleja tensiones m\u00e1s profundas en el urbanismo de Barcelona. La ciudad, que ha lidiado con el overturismo desde los Juegos Ol\u00edmpicos de 1992, ve en proyectos como este una amenaza a su identidad. El Eixample, con su cuadr\u00edcula racional y edificios modernistas, es un patrimonio UNESCO en peligro, seg\u00fan algunos expertos. La ampliaci\u00f3n del Palau Marcet podr\u00eda sentar precedente para otras intervenciones, como las remodelaciones en La Rambla o el Born, donde el equilibrio entre desarrollo y conservaci\u00f3n es fr\u00e1gil. \u00abBarcelona pone la alfombra roja a Thyssen\u00bb, ironiza un art\u00edculo reciente, criticando c\u00f3mo el Ayuntamiento prioriza inversiones privadas sobre la participaci\u00f3n vecinal.<\/p>\n<p>Desde el consistorio, liderado por el alcalde Jaume Collboni (PSC), se defiende el proyecto como una \u00aboportunidad \u00fanica\u00bb para enriquecer la oferta cultural. Laia Bonet, teniente de alcalde de Urbanismo, ha argumentado que la modificaci\u00f3n del PGM preserva las fachadas catalogadas y genera empleo, con un impacto positivo en la econom\u00eda. Sin embargo, la oposici\u00f3n vecinal ha ganado visibilidad en redes sociales y audiencias p\u00fablicas, como la celebrada el 3 de septiembre en el distrito del Eixample, donde vecinos confrontaron al concejal Jordi Valls con una \u00abbater\u00eda de alegaciones\u00bb. En X (antiguo Twitter), posts de la FAVB y medios como El Nacional.cat han amplificado el debate, con hashtags como #SalvemPalauMarcet ganando tracci\u00f3n.<\/p>\n<p>El plazo para presentar alegaciones finaliza el 23 de septiembre, tras lo cual el pleno municipal decidir\u00e1 el futuro del proyecto. Si se aprueba, las obras podr\u00edan comenzar en 2026, con apertura prevista para 2027. Pero la FAVB insiste en una revisi\u00f3n integral del PGM para resolver conflictos entre patrimonio y planificaci\u00f3n. \u00abDemanem una revisi\u00f3 del PGM, no puntual, sin\u00f3 que resolgui d\u2019una vegada per totes els conflictes que hi ha entre patrimoni i planejament\u00bb, afirma Men\u00e9ndez.<\/p>\n<p>En \u00faltima instancia, este caso pone en jaque el modelo de ciudad: \u00bfBarcelona como museo vivo o como parque tem\u00e1tico para inversores? Mientras la baronesa Thyssen sue\u00f1a con un legado art\u00edstico, los vecinos luchan por preservar el alma de su barrio. El veredicto urban\u00edstico no solo definir\u00e1 el destino del Palau Marcet, sino el rumbo de una Barcelona en constante transformaci\u00f3n.<\/p>","protected":false},"excerpt":{"rendered":"<p>La FAVB planta cara al Ayuntamiento: alegaciones para frenar el Museo<\/p>","protected":false},"author":3,"featured_media":66484,"comment_status":"closed","ping_status":"closed","sticky":false,"template":"","format":"standard","meta":{"footnotes":""},"categories":[76],"tags":[],"class_list":["post-66483","post","type-post","status-publish","format-standard","has-post-thumbnail","hentry","category-barcelona"],"yoast_head":"<!-- This site is optimized with the Yoast SEO plugin v27.5 - https:\/\/yoast.com\/product\/yoast-seo-wordpress\/ -->\n<title>El nuevo Thyssen Barcelona esconde una &quot;operaci\u00f3n especulativa&quot; en el Palau Marcet - Revista Rambla<\/title>\n<meta name=\"robots\" content=\"index, follow, max-snippet:-1, max-image-preview:large, max-video-preview:-1\" \/>\n<link rel=\"canonical\" href=\"https:\/\/www.revistarambla.com\/en\/el-nuevo-thyssen-barcelona-esconde-una-operacion-especulativa-en-el-palau-marcet\/\" \/>\n<meta property=\"og:locale\" content=\"en_GB\" \/>\n<meta property=\"og:type\" content=\"article\" \/>\n<meta property=\"og:title\" content=\"El nuevo Thyssen Barcelona esconde una &quot;operaci\u00f3n especulativa&quot; en el Palau Marcet - Revista Rambla\" \/>\n<meta property=\"og:description\" content=\"La FAVB planta cara al Ayuntamiento: alegaciones para frenar el Museo\" \/>\n<meta property=\"og:url\" content=\"https:\/\/www.revistarambla.com\/en\/el-nuevo-thyssen-barcelona-esconde-una-operacion-especulativa-en-el-palau-marcet\/\" \/>\n<meta property=\"og:site_name\" content=\"Revista Rambla\" \/>\n<meta property=\"article:publisher\" content=\"https:\/\/www.facebook.com\/revistarambla\/\" \/>\n<meta property=\"article:author\" content=\"https:\/\/www.facebook.com\/revistarambla\" \/>\n<meta property=\"article:published_time\" content=\"2025-09-09T18:19:35+00:00\" \/>\n<meta property=\"article:modified_time\" content=\"2025-09-11T09:32:37+00:00\" \/>\n<meta property=\"og:image\" content=\"https:\/\/www.revistarambla.com\/wp-content\/uploads\/2025\/09\/PALAU-MARCET.jpg\" \/>\n\t<meta property=\"og:image:width\" content=\"1280\" \/>\n\t<meta property=\"og:image:height\" content=\"867\" \/>\n\t<meta property=\"og:image:type\" content=\"image\/jpeg\" \/>\n<meta name=\"author\" content=\"R@mbla\" \/>\n<meta name=\"twitter:card\" content=\"summary_large_image\" \/>\n<meta name=\"twitter:creator\" content=\"@revistarambla\" \/>\n<meta name=\"twitter:site\" content=\"@revistarambla\" \/>\n<meta name=\"twitter:label1\" content=\"Written by\" \/>\n\t<meta name=\"twitter:data1\" content=\"R@mbla\" \/>\n\t<meta name=\"twitter:label2\" content=\"Estimated reading time\" \/>\n\t<meta name=\"twitter:data2\" content=\"6 minutes\" \/>\n<script type=\"application\/ld+json\" class=\"yoast-schema-graph\">{\"@context\":\"https:\\\/\\\/schema.org\",\"@graph\":[{\"@type\":\"Article\",\"@id\":\"https:\\\/\\\/www.revistarambla.com\\\/el-nuevo-thyssen-barcelona-esconde-una-operacion-especulativa-en-el-palau-marcet\\\/#article\",\"isPartOf\":{\"@id\":\"https:\\\/\\\/www.revistarambla.com\\\/el-nuevo-thyssen-barcelona-esconde-una-operacion-especulativa-en-el-palau-marcet\\\/\"},\"author\":{\"name\":\"R@mbla\",\"@id\":\"https:\\\/\\\/www.revistarambla.com\\\/#\\\/schema\\\/person\\\/a146a5a2550b94981a75131180e1bd9c\"},\"headline\":\"El nuevo Thyssen Barcelona esconde una \u00aboperaci\u00f3n especulativa\u00bb en el Palau Marcet\",\"datePublished\":\"2025-09-09T18:19:35+00:00\",\"dateModified\":\"2025-09-11T09:32:37+00:00\",\"mainEntityOfPage\":{\"@id\":\"https:\\\/\\\/www.revistarambla.com\\\/el-nuevo-thyssen-barcelona-esconde-una-operacion-especulativa-en-el-palau-marcet\\\/\"},\"wordCount\":1318,\"publisher\":{\"@id\":\"https:\\\/\\\/www.revistarambla.com\\\/#organization\"},\"image\":{\"@id\":\"https:\\\/\\\/www.revistarambla.com\\\/el-nuevo-thyssen-barcelona-esconde-una-operacion-especulativa-en-el-palau-marcet\\\/#primaryimage\"},\"thumbnailUrl\":\"https:\\\/\\\/www.revistarambla.com\\\/wp-content\\\/uploads\\\/2025\\\/09\\\/PALAU-MARCET.jpg\",\"articleSection\":[\"Barcelona\"],\"inLanguage\":\"en-GB\"},{\"@type\":\"WebPage\",\"@id\":\"https:\\\/\\\/www.revistarambla.com\\\/el-nuevo-thyssen-barcelona-esconde-una-operacion-especulativa-en-el-palau-marcet\\\/\",\"url\":\"https:\\\/\\\/www.revistarambla.com\\\/el-nuevo-thyssen-barcelona-esconde-una-operacion-especulativa-en-el-palau-marcet\\\/\",\"name\":\"El nuevo Thyssen Barcelona esconde una \\\"operaci\u00f3n especulativa\\\" en el Palau Marcet - Revista Rambla\",\"isPartOf\":{\"@id\":\"https:\\\/\\\/www.revistarambla.com\\\/#website\"},\"primaryImageOfPage\":{\"@id\":\"https:\\\/\\\/www.revistarambla.com\\\/el-nuevo-thyssen-barcelona-esconde-una-operacion-especulativa-en-el-palau-marcet\\\/#primaryimage\"},\"image\":{\"@id\":\"https:\\\/\\\/www.revistarambla.com\\\/el-nuevo-thyssen-barcelona-esconde-una-operacion-especulativa-en-el-palau-marcet\\\/#primaryimage\"},\"thumbnailUrl\":\"https:\\\/\\\/www.revistarambla.com\\\/wp-content\\\/uploads\\\/2025\\\/09\\\/PALAU-MARCET.jpg\",\"datePublished\":\"2025-09-09T18:19:35+00:00\",\"dateModified\":\"2025-09-11T09:32:37+00:00\",\"breadcrumb\":{\"@id\":\"https:\\\/\\\/www.revistarambla.com\\\/el-nuevo-thyssen-barcelona-esconde-una-operacion-especulativa-en-el-palau-marcet\\\/#breadcrumb\"},\"inLanguage\":\"en-GB\",\"potentialAction\":[{\"@type\":\"ReadAction\",\"target\":[\"https:\\\/\\\/www.revistarambla.com\\\/el-nuevo-thyssen-barcelona-esconde-una-operacion-especulativa-en-el-palau-marcet\\\/\"]}]},{\"@type\":\"ImageObject\",\"inLanguage\":\"en-GB\",\"@id\":\"https:\\\/\\\/www.revistarambla.com\\\/el-nuevo-thyssen-barcelona-esconde-una-operacion-especulativa-en-el-palau-marcet\\\/#primaryimage\",\"url\":\"https:\\\/\\\/www.revistarambla.com\\\/wp-content\\\/uploads\\\/2025\\\/09\\\/PALAU-MARCET.jpg\",\"contentUrl\":\"https:\\\/\\\/www.revistarambla.com\\\/wp-content\\\/uploads\\\/2025\\\/09\\\/PALAU-MARCET.jpg\",\"width\":1280,\"height\":867,\"caption\":\"Thyssen Barcelona\"},{\"@type\":\"BreadcrumbList\",\"@id\":\"https:\\\/\\\/www.revistarambla.com\\\/el-nuevo-thyssen-barcelona-esconde-una-operacion-especulativa-en-el-palau-marcet\\\/#breadcrumb\",\"itemListElement\":[{\"@type\":\"ListItem\",\"position\":1,\"name\":\"Portada\",\"item\":\"https:\\\/\\\/www.revistarambla.com\\\/\"},{\"@type\":\"ListItem\",\"position\":2,\"name\":\"El nuevo Thyssen Barcelona esconde una \u00aboperaci\u00f3n especulativa\u00bb en el Palau Marcet\"}]},{\"@type\":\"WebSite\",\"@id\":\"https:\\\/\\\/www.revistarambla.com\\\/#website\",\"url\":\"https:\\\/\\\/www.revistarambla.com\\\/\",\"name\":\"Revista Rambla Barcelona\",\"description\":\"Periodismo independiente\",\"publisher\":{\"@id\":\"https:\\\/\\\/www.revistarambla.com\\\/#organization\"},\"potentialAction\":[{\"@type\":\"SearchAction\",\"target\":{\"@type\":\"EntryPoint\",\"urlTemplate\":\"https:\\\/\\\/www.revistarambla.com\\\/?s={search_term_string}\"},\"query-input\":{\"@type\":\"PropertyValueSpecification\",\"valueRequired\":true,\"valueName\":\"search_term_string\"}}],\"inLanguage\":\"en-GB\"},{\"@type\":\"Organization\",\"@id\":\"https:\\\/\\\/www.revistarambla.com\\\/#organization\",\"name\":\"Revista Rambla\",\"url\":\"https:\\\/\\\/www.revistarambla.com\\\/\",\"logo\":{\"@type\":\"ImageObject\",\"inLanguage\":\"en-GB\",\"@id\":\"https:\\\/\\\/www.revistarambla.com\\\/#\\\/schema\\\/logo\\\/image\\\/\",\"url\":\"https:\\\/\\\/www.revistarambla.com\\\/wp-content\\\/uploads\\\/2020\\\/09\\\/banner_rambla_1900x600_BB.png\",\"contentUrl\":\"https:\\\/\\\/www.revistarambla.com\\\/wp-content\\\/uploads\\\/2020\\\/09\\\/banner_rambla_1900x600_BB.png\",\"width\":1900,\"height\":600,\"caption\":\"Revista Rambla\"},\"image\":{\"@id\":\"https:\\\/\\\/www.revistarambla.com\\\/#\\\/schema\\\/logo\\\/image\\\/\"},\"sameAs\":[\"https:\\\/\\\/www.facebook.com\\\/revistarambla\\\/\",\"https:\\\/\\\/x.com\\\/revistarambla\",\"https:\\\/\\\/www.instagram.com\\\/revista_rambla\",\"https:\\\/\\\/es.linkedin.com\\\/company\\\/revista-rambla\"]},{\"@type\":\"Person\",\"@id\":\"https:\\\/\\\/www.revistarambla.com\\\/#\\\/schema\\\/person\\\/a146a5a2550b94981a75131180e1bd9c\",\"name\":\"R@mbla\",\"description\":\"Este art\u00edculo ha sido redactado y\\\/o validado por el equipo de redacci\u00f3n de Revista Rambla.\",\"sameAs\":[\"https:\\\/\\\/www.revistarambla.com\\\/\",\"https:\\\/\\\/www.facebook.com\\\/revistarambla\",\"https:\\\/\\\/x.com\\\/revistarambla\"]}]}<\/script>\n<!-- \/ Yoast SEO plugin. -->","yoast_head_json":{"title":"El nuevo Thyssen Barcelona esconde una \"operaci\u00f3n especulativa\" en el Palau Marcet - Revista Rambla","robots":{"index":"index","follow":"follow","max-snippet":"max-snippet:-1","max-image-preview":"max-image-preview:large","max-video-preview":"max-video-preview:-1"},"canonical":"https:\/\/www.revistarambla.com\/en\/el-nuevo-thyssen-barcelona-esconde-una-operacion-especulativa-en-el-palau-marcet\/","og_locale":"en_GB","og_type":"article","og_title":"El nuevo Thyssen Barcelona esconde una \"operaci\u00f3n especulativa\" en el Palau Marcet - Revista Rambla","og_description":"La FAVB planta cara al Ayuntamiento: alegaciones para frenar el Museo","og_url":"https:\/\/www.revistarambla.com\/en\/el-nuevo-thyssen-barcelona-esconde-una-operacion-especulativa-en-el-palau-marcet\/","og_site_name":"Revista Rambla","article_publisher":"https:\/\/www.facebook.com\/revistarambla\/","article_author":"https:\/\/www.facebook.com\/revistarambla","article_published_time":"2025-09-09T18:19:35+00:00","article_modified_time":"2025-09-11T09:32:37+00:00","og_image":[{"width":1280,"height":867,"url":"https:\/\/www.revistarambla.com\/wp-content\/uploads\/2025\/09\/PALAU-MARCET.jpg","type":"image\/jpeg"}],"author":"R@mbla","twitter_card":"summary_large_image","twitter_creator":"@revistarambla","twitter_site":"@revistarambla","twitter_misc":{"Written by":"R@mbla","Estimated reading time":"6 minutes"},"schema":{"@context":"https:\/\/schema.org","@graph":[{"@type":"Article","@id":"https:\/\/www.revistarambla.com\/el-nuevo-thyssen-barcelona-esconde-una-operacion-especulativa-en-el-palau-marcet\/#article","isPartOf":{"@id":"https:\/\/www.revistarambla.com\/el-nuevo-thyssen-barcelona-esconde-una-operacion-especulativa-en-el-palau-marcet\/"},"author":{"name":"R@mbla","@id":"https:\/\/www.revistarambla.com\/#\/schema\/person\/a146a5a2550b94981a75131180e1bd9c"},"headline":"El nuevo Thyssen Barcelona esconde una \u00aboperaci\u00f3n especulativa\u00bb en el Palau Marcet","datePublished":"2025-09-09T18:19:35+00:00","dateModified":"2025-09-11T09:32:37+00:00","mainEntityOfPage":{"@id":"https:\/\/www.revistarambla.com\/el-nuevo-thyssen-barcelona-esconde-una-operacion-especulativa-en-el-palau-marcet\/"},"wordCount":1318,"publisher":{"@id":"https:\/\/www.revistarambla.com\/#organization"},"image":{"@id":"https:\/\/www.revistarambla.com\/el-nuevo-thyssen-barcelona-esconde-una-operacion-especulativa-en-el-palau-marcet\/#primaryimage"},"thumbnailUrl":"https:\/\/www.revistarambla.com\/wp-content\/uploads\/2025\/09\/PALAU-MARCET.jpg","articleSection":["Barcelona"],"inLanguage":"en-GB"},{"@type":"WebPage","@id":"https:\/\/www.revistarambla.com\/el-nuevo-thyssen-barcelona-esconde-una-operacion-especulativa-en-el-palau-marcet\/","url":"https:\/\/www.revistarambla.com\/el-nuevo-thyssen-barcelona-esconde-una-operacion-especulativa-en-el-palau-marcet\/","name":"El nuevo Thyssen Barcelona esconde una \"operaci\u00f3n especulativa\" en el Palau Marcet - Revista Rambla","isPartOf":{"@id":"https:\/\/www.revistarambla.com\/#website"},"primaryImageOfPage":{"@id":"https:\/\/www.revistarambla.com\/el-nuevo-thyssen-barcelona-esconde-una-operacion-especulativa-en-el-palau-marcet\/#primaryimage"},"image":{"@id":"https:\/\/www.revistarambla.com\/el-nuevo-thyssen-barcelona-esconde-una-operacion-especulativa-en-el-palau-marcet\/#primaryimage"},"thumbnailUrl":"https:\/\/www.revistarambla.com\/wp-content\/uploads\/2025\/09\/PALAU-MARCET.jpg","datePublished":"2025-09-09T18:19:35+00:00","dateModified":"2025-09-11T09:32:37+00:00","breadcrumb":{"@id":"https:\/\/www.revistarambla.com\/el-nuevo-thyssen-barcelona-esconde-una-operacion-especulativa-en-el-palau-marcet\/#breadcrumb"},"inLanguage":"en-GB","potentialAction":[{"@type":"ReadAction","target":["https:\/\/www.revistarambla.com\/el-nuevo-thyssen-barcelona-esconde-una-operacion-especulativa-en-el-palau-marcet\/"]}]},{"@type":"ImageObject","inLanguage":"en-GB","@id":"https:\/\/www.revistarambla.com\/el-nuevo-thyssen-barcelona-esconde-una-operacion-especulativa-en-el-palau-marcet\/#primaryimage","url":"https:\/\/www.revistarambla.com\/wp-content\/uploads\/2025\/09\/PALAU-MARCET.jpg","contentUrl":"https:\/\/www.revistarambla.com\/wp-content\/uploads\/2025\/09\/PALAU-MARCET.jpg","width":1280,"height":867,"caption":"Thyssen Barcelona"},{"@type":"BreadcrumbList","@id":"https:\/\/www.revistarambla.com\/el-nuevo-thyssen-barcelona-esconde-una-operacion-especulativa-en-el-palau-marcet\/#breadcrumb","itemListElement":[{"@type":"ListItem","position":1,"name":"Portada","item":"https:\/\/www.revistarambla.com\/"},{"@type":"ListItem","position":2,"name":"El nuevo Thyssen Barcelona esconde una \u00aboperaci\u00f3n especulativa\u00bb en el Palau Marcet"}]},{"@type":"WebSite","@id":"https:\/\/www.revistarambla.com\/#website","url":"https:\/\/www.revistarambla.com\/","name":"Revista Rambla Barcelona","description":"Periodismo independiente","publisher":{"@id":"https:\/\/www.revistarambla.com\/#organization"},"potentialAction":[{"@type":"SearchAction","target":{"@type":"EntryPoint","urlTemplate":"https:\/\/www.revistarambla.com\/?s={search_term_string}"},"query-input":{"@type":"PropertyValueSpecification","valueRequired":true,"valueName":"search_term_string"}}],"inLanguage":"en-GB"},{"@type":"Organization","@id":"https:\/\/www.revistarambla.com\/#organization","name":"Revista Rambla","url":"https:\/\/www.revistarambla.com\/","logo":{"@type":"ImageObject","inLanguage":"en-GB","@id":"https:\/\/www.revistarambla.com\/#\/schema\/logo\/image\/","url":"https:\/\/www.revistarambla.com\/wp-content\/uploads\/2020\/09\/banner_rambla_1900x600_BB.png","contentUrl":"https:\/\/www.revistarambla.com\/wp-content\/uploads\/2020\/09\/banner_rambla_1900x600_BB.png","width":1900,"height":600,"caption":"Revista Rambla"},"image":{"@id":"https:\/\/www.revistarambla.com\/#\/schema\/logo\/image\/"},"sameAs":["https:\/\/www.facebook.com\/revistarambla\/","https:\/\/x.com\/revistarambla","https:\/\/www.instagram.com\/revista_rambla","https:\/\/es.linkedin.com\/company\/revista-rambla"]},{"@type":"Person","@id":"https:\/\/www.revistarambla.com\/#\/schema\/person\/a146a5a2550b94981a75131180e1bd9c","name":"R@mbla","description":"Este art\u00edculo ha sido redactado y\/o validado por el equipo de redacci\u00f3n de Revista Rambla.","sameAs":["https:\/\/www.revistarambla.com\/","https:\/\/www.facebook.com\/revistarambla","https:\/\/x.com\/revistarambla"]}]}},"_links":{"self":[{"href":"https:\/\/www.revistarambla.com\/en\/wp-json\/wp\/v2\/posts\/66483","targetHints":{"allow":["GET"]}}],"collection":[{"href":"https:\/\/www.revistarambla.com\/en\/wp-json\/wp\/v2\/posts"}],"about":[{"href":"https:\/\/www.revistarambla.com\/en\/wp-json\/wp\/v2\/types\/post"}],"author":[{"embeddable":true,"href":"https:\/\/www.revistarambla.com\/en\/wp-json\/wp\/v2\/users\/3"}],"replies":[{"embeddable":true,"href":"https:\/\/www.revistarambla.com\/en\/wp-json\/wp\/v2\/comments?post=66483"}],"version-history":[{"count":1,"href":"https:\/\/www.revistarambla.com\/en\/wp-json\/wp\/v2\/posts\/66483\/revisions"}],"predecessor-version":[{"id":66485,"href":"https:\/\/www.revistarambla.com\/en\/wp-json\/wp\/v2\/posts\/66483\/revisions\/66485"}],"wp:featuredmedia":[{"embeddable":true,"href":"https:\/\/www.revistarambla.com\/en\/wp-json\/wp\/v2\/media\/66484"}],"wp:attachment":[{"href":"https:\/\/www.revistarambla.com\/en\/wp-json\/wp\/v2\/media?parent=66483"}],"wp:term":[{"taxonomy":"category","embeddable":true,"href":"https:\/\/www.revistarambla.com\/en\/wp-json\/wp\/v2\/categories?post=66483"},{"taxonomy":"post_tag","embeddable":true,"href":"https:\/\/www.revistarambla.com\/en\/wp-json\/wp\/v2\/tags?post=66483"}],"curies":[{"name":"wp","href":"https:\/\/api.w.org\/{rel}","templated":true}]}}