{"id":66475,"date":"2025-09-09T19:49:50","date_gmt":"2025-09-09T17:49:50","guid":{"rendered":"https:\/\/www.revistarambla.com\/?p=66475"},"modified":"2025-09-09T19:49:50","modified_gmt":"2025-09-09T17:49:50","slug":"el-enigma-inmobiliario-de-zapatero-de-la-moncloa-a-una-mansion-blindada-en-las-rozas","status":"publish","type":"post","link":"https:\/\/www.revistarambla.com\/en\/el-enigma-inmobiliario-de-zapatero-de-la-moncloa-a-una-mansion-blindada-en-las-rozas\/","title":{"rendered":"El enigma inmobiliario de Zapatero: de la Moncloa a una mansi\u00f3n blindada en Las Rozas"},"content":{"rendered":"<p>En un contexto de escrutinio p\u00fablico sobre el patrimonio de los exmandatarios, la reciente mudanza del expresidente del Gobierno espa\u00f1ol Jos\u00e9 Luis Rodr\u00edguez Zapatero a una lujosa vivienda en Las Rozas (Madrid) ha reavivado debates sobre la transparencia financiera en la pol\u00edtica. \u00bfC\u00f3mo ha podido adquirir una propiedad valorada en m\u00e1s de dos millones de euros un pol\u00edtico que, durante su mandato (2004-2011), defendi\u00f3 pol\u00edticas de austeridad y equidad social?<\/p>\n<p>La propiedad en cuesti\u00f3n, ubicada en una exclusiva urbanizaci\u00f3n de Las Rozas, representa un salto cualitativo en el estilo de vida de Zapatero y su esposa, Sonsoles Espinosa. Seg\u00fan revelaciones exclusivas de medios como <em>El Debate<\/em>, el chal\u00e9 fue adquirido recientemente y cuenta con una superficie construida de 537 metros cuadrados sobre una parcela de casi 1.500 metros cuadrados. Esta dimensi\u00f3n triplica la de su anterior domicilio en Aravaca, destacando su amplitud y dise\u00f1o premium.<\/p>\n<p>Entre sus caracter\u00edsticas principales se incluyen cinco dormitorios espaciosos, ideales para una familia extendida o invitados; una piscina privada para el ocio; un jard\u00edn amplio que ofrece privacidad y zonas verdes; y una casa de invitados independiente, lo que a\u00f1ade versatilidad al inmueble. La vivienda, valorada en torno a los dos millones de euros, se enmarca en un enclave residencial de alto standing, conocido como el \u00abBeverly Hills\u00bb de Madrid por su exclusividad y proximidad a zonas como Puerta de Hierro. Vecinos an\u00f3nimos citados en reportajes describen el \u00e1rea como tranquila y segura, con propiedades que atraen a figuras p\u00fablicas y empresarios.<\/p>\n<p>Esta adquisici\u00f3n no es un hecho aislado, sino parte de una serie de movimientos inmobiliarios que han marcado la postpresidencia de Zapatero. La mudanza se produjo en un momento de creciente atenci\u00f3n medi\u00e1tica, coincidiendo con investigaciones internacionales sobre sus v\u00ednculos con reg\u00edmenes extranjeros.<\/p>\n<h2>Un Blindaje Excepcional Autorizado por Interior<\/h2>\n<p>Uno de los aspectos m\u00e1s controvertidos de esta propiedad es el nivel de seguridad implementado, que va m\u00e1s all\u00e1 de lo habitual para un expresidente. El Ministerio del Interior, bajo la direcci\u00f3n de Fernando Grande-Marlaska, autoriz\u00f3 la instalaci\u00f3n de una garita con escolta policial permanente las 24 horas, una medida que ha generado cr\u00edticas por su coste p\u00fablico y aparente favoritismo. Adem\u00e1s, la vivienda cuenta con doce c\u00e1maras de videovigilancia distribuidas estrat\u00e9gicamente alrededor del per\u00edmetro, complementadas con plantas secas colocadas para ocultar el interior y preservar la privacidad.<\/p>\n<p>Zapatero justific\u00f3 estas medidas alegando un \u00abriesgo adicional\u00bb derivado de su cercan\u00eda con el r\u00e9gimen venezolano de Nicol\u00e1s Maduro, con quien ha actuado como mediador en varias ocasiones. Fuentes del Ministerio no han proporcionado detalles sobre el coste exacto, pero expertos en seguridad estiman que un dispositivo similar podr\u00eda superar los 100.000 euros anuales en mantenimiento y personal.<\/p>\n<p>Este blindaje contrasta con la seguridad m\u00e1s modesta de su anterior residencia en Aravaca, que contaba solo con dos c\u00e1maras, y subraya un cambio en la percepci\u00f3n de amenazas por parte de Zapatero. Algunos analistas lo vinculan a recientes tensiones diplom\u00e1ticas, incluyendo amenazas de revocaci\u00f3n de visado por parte de Estados Unidos debido a sus lazos con Maduro.<\/p>\n<h2>De la Pensi\u00f3n Vitalicia a los V\u00ednculos Internacionales<\/h2>\n<p>La pregunta central \u2014c\u00f3mo ha financiado Zapatero esta adquisici\u00f3n\u2014 se enreda en un tapiz de ingresos leg\u00edtimos y especulaciones investigadas. Como expresidente, recibe una pensi\u00f3n vitalicia del Estado espa\u00f1ol de aproximadamente 80.000 euros anuales, complementada por indemnizaciones y derechos por libros y conferencias. Sin embargo, su patrimonio ha multiplicado por 90 desde que comenz\u00f3 a mediar en Venezuela en 2016, pasando de unos 210.000 euros en 2014 a varios millones en la actualidad.<\/p>\n<p>Medios como <em>PanAm Post<\/em> y <em>El Debate<\/em> han destacado posibles fuentes adicionales, incluyendo negocios relacionados con el chavismo. La Fiscal\u00eda Anticorrupci\u00f3n espa\u00f1ola investiga presuntos nexos con PDVSA (la petrolera venezolana) a trav\u00e9s de empresas como Duro Felguera, donde Zapatero habr\u00eda actuado como intermediario. Documentos entregados por exdirectivos venezolanos sugieren pagos indirectos, aunque Zapatero ha negado cualquier irregularidad. Otras fuentes incluyen consultor\u00edas internacionales y el \u00e9xito empresarial de sus hijas, que operan en sectores como la moda y el dise\u00f1o.<\/p>\n<h2>Un Patrimonio en Expansi\u00f3n<\/h2>\n<p>La casa de Las Rozas no es la \u00fanica joya en el portafolio de Zapatero. Su imperio inmobiliario incluye:<\/p>\n<p>&#8211; <strong>Chalet en Puerta de Hierro (Madrid)<\/strong>: Adquirido en febrero de 2025 por 700.000 euros, valorado en m\u00e1s de dos millones. Con 106-134 metros cuadrados en una sola planta y parcela de 300-316 metros cuadrados, representa una \u00abganga\u00bb en una zona premium.<\/p>\n<p>&#8211; <strong>Villa en Lanzarote (Canarias)<\/strong>: Comprada en 2017 por alrededor de 500.000 euros, en la urbanizaci\u00f3n Famara Bungalows, con valor actual de hasta 1,5 millones. Se usa como residencia vacacional y ha sido descrita como una \u00abcasa de playa de primera l\u00ednea\u00bb.<\/p>\n<p>&#8211; <strong>Casa vendida en Aravaca\/Valdemar\u00edn (Madrid)<\/strong>: Adquirida en 2019 por 800.000 euros y vendida recientemente por 2,1 millones tras aparecer en informes de la Guardia Civil sobre conexiones venezolanas. Era su residencia habitual durante una d\u00e9cada.<\/p>\n<p>&#8211; <strong>Piso en Caracas (Venezuela)<\/strong>: Prestado por el r\u00e9gimen de Maduro, no en propiedad pero utilizado durante sus visitas.<\/p>\n<p>Otras menciones incluyen propiedades vendidas previamente, como una en Las Rozas (Eurogar) y otra en Almer\u00eda, sumando un total estimado de cinco inmuebles activos.<\/p>\n<h2>Transparencia y Debate P\u00fablico<\/h2>\n<p>El ascenso inmobiliario de Zapatero ilustra las complejidades de la vida postpol\u00edtica, donde ingresos leg\u00edtimos se entremezclan con especulaciones sobre influencias internacionales. Mientras sus defensores lo atribuyen a una carrera exitosa, cr\u00edticos demandan mayor transparencia, especialmente ante investigaciones en curso. En un pa\u00eds donde la desigualdad persiste, este caso invita a reflexionar sobre los l\u00edmites entre el servicio p\u00fablico y el beneficio personal. Futuras revelaciones judiciales podr\u00edan aclarar el enigma, pero por ahora, la mansi\u00f3n de Las Rozas simboliza un cap\u00edtulo controvertido en la biograf\u00eda de uno de los l\u00edderes m\u00e1s polarizantes de la Espa\u00f1a reciente.<\/p>","protected":false},"excerpt":{"rendered":"<p>En un contexto de escrutinio p\u00fablico sobre el patrimonio de los exmandatarios, la reciente mudanza del expresidente del Gobierno espa\u00f1ol Jos\u00e9 Luis Rodr\u00edguez Zapatero a una lujosa vivienda en Las Rozas (Madrid) ha reavivado debates sobre la transparencia financiera en la pol\u00edtica. \u00bfC\u00f3mo ha podido adquirir una propiedad valorada en [&hellip;]<\/p>\n","protected":false},"author":3,"featured_media":57717,"comment_status":"closed","ping_status":"closed","sticky":false,"template":"","format":"standard","meta":{"footnotes":""},"categories":[58],"tags":[],"class_list":["post-66475","post","type-post","status-publish","format-standard","has-post-thumbnail","hentry","category-estado-espanol"],"yoast_head":"<!-- This site is optimized with the Yoast SEO plugin v27.5 - https:\/\/yoast.com\/product\/yoast-seo-wordpress\/ -->\n<title>El enigma inmobiliario de Zapatero: de la Moncloa a una mansi\u00f3n blindada en Las Rozas - Revista Rambla<\/title>\n<meta name=\"robots\" content=\"index, follow, max-snippet:-1, max-image-preview:large, max-video-preview:-1\" \/>\n<link rel=\"canonical\" href=\"https:\/\/www.revistarambla.com\/en\/el-enigma-inmobiliario-de-zapatero-de-la-moncloa-a-una-mansion-blindada-en-las-rozas\/\" \/>\n<meta property=\"og:locale\" content=\"en_GB\" \/>\n<meta property=\"og:type\" content=\"article\" \/>\n<meta property=\"og:title\" content=\"El enigma inmobiliario de Zapatero: de la Moncloa a una mansi\u00f3n blindada en Las Rozas - Revista Rambla\" \/>\n<meta property=\"og:description\" content=\"En un contexto de escrutinio p\u00fablico sobre el patrimonio de los exmandatarios, la reciente mudanza del expresidente del Gobierno espa\u00f1ol Jos\u00e9 Luis Rodr\u00edguez Zapatero a una lujosa vivienda en Las Rozas (Madrid) ha reavivado debates sobre la transparencia financiera en la pol\u00edtica. \u00bfC\u00f3mo ha podido adquirir una propiedad valorada en [&hellip;]\" \/>\n<meta property=\"og:url\" content=\"https:\/\/www.revistarambla.com\/en\/el-enigma-inmobiliario-de-zapatero-de-la-moncloa-a-una-mansion-blindada-en-las-rozas\/\" \/>\n<meta property=\"og:site_name\" content=\"Revista Rambla\" \/>\n<meta property=\"article:publisher\" content=\"https:\/\/www.facebook.com\/revistarambla\/\" \/>\n<meta property=\"article:author\" content=\"https:\/\/www.facebook.com\/revistarambla\" \/>\n<meta property=\"article:published_time\" content=\"2025-09-09T17:49:50+00:00\" \/>\n<meta property=\"og:image\" content=\"https:\/\/www.revistarambla.com\/wp-content\/uploads\/2023\/12\/zapatero.jpg\" \/>\n\t<meta property=\"og:image:width\" content=\"1024\" \/>\n\t<meta property=\"og:image:height\" content=\"683\" \/>\n\t<meta property=\"og:image:type\" content=\"image\/jpeg\" \/>\n<meta name=\"author\" content=\"R@mbla\" \/>\n<meta name=\"twitter:card\" content=\"summary_large_image\" \/>\n<meta name=\"twitter:creator\" content=\"@revistarambla\" \/>\n<meta name=\"twitter:site\" content=\"@revistarambla\" \/>\n<meta name=\"twitter:label1\" content=\"Written by\" \/>\n\t<meta name=\"twitter:data1\" content=\"R@mbla\" \/>\n\t<meta name=\"twitter:label2\" content=\"Estimated reading time\" \/>\n\t<meta name=\"twitter:data2\" content=\"5 minutes\" \/>\n<script type=\"application\/ld+json\" class=\"yoast-schema-graph\">{\"@context\":\"https:\\\/\\\/schema.org\",\"@graph\":[{\"@type\":\"Article\",\"@id\":\"https:\\\/\\\/www.revistarambla.com\\\/el-enigma-inmobiliario-de-zapatero-de-la-moncloa-a-una-mansion-blindada-en-las-rozas\\\/#article\",\"isPartOf\":{\"@id\":\"https:\\\/\\\/www.revistarambla.com\\\/el-enigma-inmobiliario-de-zapatero-de-la-moncloa-a-una-mansion-blindada-en-las-rozas\\\/\"},\"author\":{\"name\":\"R@mbla\",\"@id\":\"https:\\\/\\\/www.revistarambla.com\\\/#\\\/schema\\\/person\\\/a146a5a2550b94981a75131180e1bd9c\"},\"headline\":\"El enigma inmobiliario de Zapatero: de la Moncloa a una mansi\u00f3n blindada en Las Rozas\",\"datePublished\":\"2025-09-09T17:49:50+00:00\",\"mainEntityOfPage\":{\"@id\":\"https:\\\/\\\/www.revistarambla.com\\\/el-enigma-inmobiliario-de-zapatero-de-la-moncloa-a-una-mansion-blindada-en-las-rozas\\\/\"},\"wordCount\":1024,\"publisher\":{\"@id\":\"https:\\\/\\\/www.revistarambla.com\\\/#organization\"},\"image\":{\"@id\":\"https:\\\/\\\/www.revistarambla.com\\\/el-enigma-inmobiliario-de-zapatero-de-la-moncloa-a-una-mansion-blindada-en-las-rozas\\\/#primaryimage\"},\"thumbnailUrl\":\"https:\\\/\\\/www.revistarambla.com\\\/wp-content\\\/uploads\\\/2023\\\/12\\\/zapatero.jpg\",\"articleSection\":[\"Estado Espa\u00f1ol\"],\"inLanguage\":\"en-GB\"},{\"@type\":\"WebPage\",\"@id\":\"https:\\\/\\\/www.revistarambla.com\\\/el-enigma-inmobiliario-de-zapatero-de-la-moncloa-a-una-mansion-blindada-en-las-rozas\\\/\",\"url\":\"https:\\\/\\\/www.revistarambla.com\\\/el-enigma-inmobiliario-de-zapatero-de-la-moncloa-a-una-mansion-blindada-en-las-rozas\\\/\",\"name\":\"El enigma inmobiliario de Zapatero: de la Moncloa a una mansi\u00f3n blindada en Las Rozas - Revista Rambla\",\"isPartOf\":{\"@id\":\"https:\\\/\\\/www.revistarambla.com\\\/#website\"},\"primaryImageOfPage\":{\"@id\":\"https:\\\/\\\/www.revistarambla.com\\\/el-enigma-inmobiliario-de-zapatero-de-la-moncloa-a-una-mansion-blindada-en-las-rozas\\\/#primaryimage\"},\"image\":{\"@id\":\"https:\\\/\\\/www.revistarambla.com\\\/el-enigma-inmobiliario-de-zapatero-de-la-moncloa-a-una-mansion-blindada-en-las-rozas\\\/#primaryimage\"},\"thumbnailUrl\":\"https:\\\/\\\/www.revistarambla.com\\\/wp-content\\\/uploads\\\/2023\\\/12\\\/zapatero.jpg\",\"datePublished\":\"2025-09-09T17:49:50+00:00\",\"breadcrumb\":{\"@id\":\"https:\\\/\\\/www.revistarambla.com\\\/el-enigma-inmobiliario-de-zapatero-de-la-moncloa-a-una-mansion-blindada-en-las-rozas\\\/#breadcrumb\"},\"inLanguage\":\"en-GB\",\"potentialAction\":[{\"@type\":\"ReadAction\",\"target\":[\"https:\\\/\\\/www.revistarambla.com\\\/el-enigma-inmobiliario-de-zapatero-de-la-moncloa-a-una-mansion-blindada-en-las-rozas\\\/\"]}]},{\"@type\":\"ImageObject\",\"inLanguage\":\"en-GB\",\"@id\":\"https:\\\/\\\/www.revistarambla.com\\\/el-enigma-inmobiliario-de-zapatero-de-la-moncloa-a-una-mansion-blindada-en-las-rozas\\\/#primaryimage\",\"url\":\"https:\\\/\\\/www.revistarambla.com\\\/wp-content\\\/uploads\\\/2023\\\/12\\\/zapatero.jpg\",\"contentUrl\":\"https:\\\/\\\/www.revistarambla.com\\\/wp-content\\\/uploads\\\/2023\\\/12\\\/zapatero.jpg\",\"width\":1024,\"height\":683,\"caption\":\"patrimonio zapatero\"},{\"@type\":\"BreadcrumbList\",\"@id\":\"https:\\\/\\\/www.revistarambla.com\\\/el-enigma-inmobiliario-de-zapatero-de-la-moncloa-a-una-mansion-blindada-en-las-rozas\\\/#breadcrumb\",\"itemListElement\":[{\"@type\":\"ListItem\",\"position\":1,\"name\":\"Portada\",\"item\":\"https:\\\/\\\/www.revistarambla.com\\\/\"},{\"@type\":\"ListItem\",\"position\":2,\"name\":\"El enigma inmobiliario de Zapatero: de la Moncloa a una mansi\u00f3n blindada en Las Rozas\"}]},{\"@type\":\"WebSite\",\"@id\":\"https:\\\/\\\/www.revistarambla.com\\\/#website\",\"url\":\"https:\\\/\\\/www.revistarambla.com\\\/\",\"name\":\"Revista Rambla Barcelona\",\"description\":\"Periodismo independiente\",\"publisher\":{\"@id\":\"https:\\\/\\\/www.revistarambla.com\\\/#organization\"},\"potentialAction\":[{\"@type\":\"SearchAction\",\"target\":{\"@type\":\"EntryPoint\",\"urlTemplate\":\"https:\\\/\\\/www.revistarambla.com\\\/?s={search_term_string}\"},\"query-input\":{\"@type\":\"PropertyValueSpecification\",\"valueRequired\":true,\"valueName\":\"search_term_string\"}}],\"inLanguage\":\"en-GB\"},{\"@type\":\"Organization\",\"@id\":\"https:\\\/\\\/www.revistarambla.com\\\/#organization\",\"name\":\"Revista Rambla\",\"url\":\"https:\\\/\\\/www.revistarambla.com\\\/\",\"logo\":{\"@type\":\"ImageObject\",\"inLanguage\":\"en-GB\",\"@id\":\"https:\\\/\\\/www.revistarambla.com\\\/#\\\/schema\\\/logo\\\/image\\\/\",\"url\":\"https:\\\/\\\/www.revistarambla.com\\\/wp-content\\\/uploads\\\/2020\\\/09\\\/banner_rambla_1900x600_BB.png\",\"contentUrl\":\"https:\\\/\\\/www.revistarambla.com\\\/wp-content\\\/uploads\\\/2020\\\/09\\\/banner_rambla_1900x600_BB.png\",\"width\":1900,\"height\":600,\"caption\":\"Revista Rambla\"},\"image\":{\"@id\":\"https:\\\/\\\/www.revistarambla.com\\\/#\\\/schema\\\/logo\\\/image\\\/\"},\"sameAs\":[\"https:\\\/\\\/www.facebook.com\\\/revistarambla\\\/\",\"https:\\\/\\\/x.com\\\/revistarambla\",\"https:\\\/\\\/www.instagram.com\\\/revista_rambla\",\"https:\\\/\\\/es.linkedin.com\\\/company\\\/revista-rambla\"]},{\"@type\":\"Person\",\"@id\":\"https:\\\/\\\/www.revistarambla.com\\\/#\\\/schema\\\/person\\\/a146a5a2550b94981a75131180e1bd9c\",\"name\":\"R@mbla\",\"description\":\"Este art\u00edculo ha sido redactado y\\\/o validado por el equipo de redacci\u00f3n de Revista Rambla.\",\"sameAs\":[\"https:\\\/\\\/www.revistarambla.com\\\/\",\"https:\\\/\\\/www.facebook.com\\\/revistarambla\",\"https:\\\/\\\/x.com\\\/revistarambla\"]}]}<\/script>\n<!-- \/ Yoast SEO plugin. -->","yoast_head_json":{"title":"El enigma inmobiliario de Zapatero: de la Moncloa a una mansi\u00f3n blindada en Las Rozas - Revista Rambla","robots":{"index":"index","follow":"follow","max-snippet":"max-snippet:-1","max-image-preview":"max-image-preview:large","max-video-preview":"max-video-preview:-1"},"canonical":"https:\/\/www.revistarambla.com\/en\/el-enigma-inmobiliario-de-zapatero-de-la-moncloa-a-una-mansion-blindada-en-las-rozas\/","og_locale":"en_GB","og_type":"article","og_title":"El enigma inmobiliario de Zapatero: de la Moncloa a una mansi\u00f3n blindada en Las Rozas - Revista Rambla","og_description":"En un contexto de escrutinio p\u00fablico sobre el patrimonio de los exmandatarios, la reciente mudanza del expresidente del Gobierno espa\u00f1ol Jos\u00e9 Luis Rodr\u00edguez Zapatero a una lujosa vivienda en Las Rozas (Madrid) ha reavivado debates sobre la transparencia financiera en la pol\u00edtica. \u00bfC\u00f3mo ha podido adquirir una propiedad valorada en [&hellip;]","og_url":"https:\/\/www.revistarambla.com\/en\/el-enigma-inmobiliario-de-zapatero-de-la-moncloa-a-una-mansion-blindada-en-las-rozas\/","og_site_name":"Revista Rambla","article_publisher":"https:\/\/www.facebook.com\/revistarambla\/","article_author":"https:\/\/www.facebook.com\/revistarambla","article_published_time":"2025-09-09T17:49:50+00:00","og_image":[{"width":1024,"height":683,"url":"https:\/\/www.revistarambla.com\/wp-content\/uploads\/2023\/12\/zapatero.jpg","type":"image\/jpeg"}],"author":"R@mbla","twitter_card":"summary_large_image","twitter_creator":"@revistarambla","twitter_site":"@revistarambla","twitter_misc":{"Written by":"R@mbla","Estimated reading time":"5 minutes"},"schema":{"@context":"https:\/\/schema.org","@graph":[{"@type":"Article","@id":"https:\/\/www.revistarambla.com\/el-enigma-inmobiliario-de-zapatero-de-la-moncloa-a-una-mansion-blindada-en-las-rozas\/#article","isPartOf":{"@id":"https:\/\/www.revistarambla.com\/el-enigma-inmobiliario-de-zapatero-de-la-moncloa-a-una-mansion-blindada-en-las-rozas\/"},"author":{"name":"R@mbla","@id":"https:\/\/www.revistarambla.com\/#\/schema\/person\/a146a5a2550b94981a75131180e1bd9c"},"headline":"El enigma inmobiliario de Zapatero: de la Moncloa a una mansi\u00f3n blindada en Las Rozas","datePublished":"2025-09-09T17:49:50+00:00","mainEntityOfPage":{"@id":"https:\/\/www.revistarambla.com\/el-enigma-inmobiliario-de-zapatero-de-la-moncloa-a-una-mansion-blindada-en-las-rozas\/"},"wordCount":1024,"publisher":{"@id":"https:\/\/www.revistarambla.com\/#organization"},"image":{"@id":"https:\/\/www.revistarambla.com\/el-enigma-inmobiliario-de-zapatero-de-la-moncloa-a-una-mansion-blindada-en-las-rozas\/#primaryimage"},"thumbnailUrl":"https:\/\/www.revistarambla.com\/wp-content\/uploads\/2023\/12\/zapatero.jpg","articleSection":["Estado Espa\u00f1ol"],"inLanguage":"en-GB"},{"@type":"WebPage","@id":"https:\/\/www.revistarambla.com\/el-enigma-inmobiliario-de-zapatero-de-la-moncloa-a-una-mansion-blindada-en-las-rozas\/","url":"https:\/\/www.revistarambla.com\/el-enigma-inmobiliario-de-zapatero-de-la-moncloa-a-una-mansion-blindada-en-las-rozas\/","name":"El enigma inmobiliario de Zapatero: de la Moncloa a una mansi\u00f3n blindada en Las Rozas - Revista Rambla","isPartOf":{"@id":"https:\/\/www.revistarambla.com\/#website"},"primaryImageOfPage":{"@id":"https:\/\/www.revistarambla.com\/el-enigma-inmobiliario-de-zapatero-de-la-moncloa-a-una-mansion-blindada-en-las-rozas\/#primaryimage"},"image":{"@id":"https:\/\/www.revistarambla.com\/el-enigma-inmobiliario-de-zapatero-de-la-moncloa-a-una-mansion-blindada-en-las-rozas\/#primaryimage"},"thumbnailUrl":"https:\/\/www.revistarambla.com\/wp-content\/uploads\/2023\/12\/zapatero.jpg","datePublished":"2025-09-09T17:49:50+00:00","breadcrumb":{"@id":"https:\/\/www.revistarambla.com\/el-enigma-inmobiliario-de-zapatero-de-la-moncloa-a-una-mansion-blindada-en-las-rozas\/#breadcrumb"},"inLanguage":"en-GB","potentialAction":[{"@type":"ReadAction","target":["https:\/\/www.revistarambla.com\/el-enigma-inmobiliario-de-zapatero-de-la-moncloa-a-una-mansion-blindada-en-las-rozas\/"]}]},{"@type":"ImageObject","inLanguage":"en-GB","@id":"https:\/\/www.revistarambla.com\/el-enigma-inmobiliario-de-zapatero-de-la-moncloa-a-una-mansion-blindada-en-las-rozas\/#primaryimage","url":"https:\/\/www.revistarambla.com\/wp-content\/uploads\/2023\/12\/zapatero.jpg","contentUrl":"https:\/\/www.revistarambla.com\/wp-content\/uploads\/2023\/12\/zapatero.jpg","width":1024,"height":683,"caption":"patrimonio zapatero"},{"@type":"BreadcrumbList","@id":"https:\/\/www.revistarambla.com\/el-enigma-inmobiliario-de-zapatero-de-la-moncloa-a-una-mansion-blindada-en-las-rozas\/#breadcrumb","itemListElement":[{"@type":"ListItem","position":1,"name":"Portada","item":"https:\/\/www.revistarambla.com\/"},{"@type":"ListItem","position":2,"name":"El enigma inmobiliario de Zapatero: de la Moncloa a una mansi\u00f3n blindada en Las Rozas"}]},{"@type":"WebSite","@id":"https:\/\/www.revistarambla.com\/#website","url":"https:\/\/www.revistarambla.com\/","name":"Revista Rambla Barcelona","description":"Periodismo independiente","publisher":{"@id":"https:\/\/www.revistarambla.com\/#organization"},"potentialAction":[{"@type":"SearchAction","target":{"@type":"EntryPoint","urlTemplate":"https:\/\/www.revistarambla.com\/?s={search_term_string}"},"query-input":{"@type":"PropertyValueSpecification","valueRequired":true,"valueName":"search_term_string"}}],"inLanguage":"en-GB"},{"@type":"Organization","@id":"https:\/\/www.revistarambla.com\/#organization","name":"Revista Rambla","url":"https:\/\/www.revistarambla.com\/","logo":{"@type":"ImageObject","inLanguage":"en-GB","@id":"https:\/\/www.revistarambla.com\/#\/schema\/logo\/image\/","url":"https:\/\/www.revistarambla.com\/wp-content\/uploads\/2020\/09\/banner_rambla_1900x600_BB.png","contentUrl":"https:\/\/www.revistarambla.com\/wp-content\/uploads\/2020\/09\/banner_rambla_1900x600_BB.png","width":1900,"height":600,"caption":"Revista Rambla"},"image":{"@id":"https:\/\/www.revistarambla.com\/#\/schema\/logo\/image\/"},"sameAs":["https:\/\/www.facebook.com\/revistarambla\/","https:\/\/x.com\/revistarambla","https:\/\/www.instagram.com\/revista_rambla","https:\/\/es.linkedin.com\/company\/revista-rambla"]},{"@type":"Person","@id":"https:\/\/www.revistarambla.com\/#\/schema\/person\/a146a5a2550b94981a75131180e1bd9c","name":"R@mbla","description":"Este art\u00edculo ha sido redactado y\/o validado por el equipo de redacci\u00f3n de Revista Rambla.","sameAs":["https:\/\/www.revistarambla.com\/","https:\/\/www.facebook.com\/revistarambla","https:\/\/x.com\/revistarambla"]}]}},"_links":{"self":[{"href":"https:\/\/www.revistarambla.com\/en\/wp-json\/wp\/v2\/posts\/66475","targetHints":{"allow":["GET"]}}],"collection":[{"href":"https:\/\/www.revistarambla.com\/en\/wp-json\/wp\/v2\/posts"}],"about":[{"href":"https:\/\/www.revistarambla.com\/en\/wp-json\/wp\/v2\/types\/post"}],"author":[{"embeddable":true,"href":"https:\/\/www.revistarambla.com\/en\/wp-json\/wp\/v2\/users\/3"}],"replies":[{"embeddable":true,"href":"https:\/\/www.revistarambla.com\/en\/wp-json\/wp\/v2\/comments?post=66475"}],"version-history":[{"count":1,"href":"https:\/\/www.revistarambla.com\/en\/wp-json\/wp\/v2\/posts\/66475\/revisions"}],"predecessor-version":[{"id":66476,"href":"https:\/\/www.revistarambla.com\/en\/wp-json\/wp\/v2\/posts\/66475\/revisions\/66476"}],"wp:featuredmedia":[{"embeddable":true,"href":"https:\/\/www.revistarambla.com\/en\/wp-json\/wp\/v2\/media\/57717"}],"wp:attachment":[{"href":"https:\/\/www.revistarambla.com\/en\/wp-json\/wp\/v2\/media?parent=66475"}],"wp:term":[{"taxonomy":"category","embeddable":true,"href":"https:\/\/www.revistarambla.com\/en\/wp-json\/wp\/v2\/categories?post=66475"},{"taxonomy":"post_tag","embeddable":true,"href":"https:\/\/www.revistarambla.com\/en\/wp-json\/wp\/v2\/tags?post=66475"}],"curies":[{"name":"wp","href":"https:\/\/api.w.org\/{rel}","templated":true}]}}