{"id":66464,"date":"2025-09-07T14:02:13","date_gmt":"2025-09-07T12:02:13","guid":{"rendered":"https:\/\/www.revistarambla.com\/?p=66464"},"modified":"2025-09-07T14:02:13","modified_gmt":"2025-09-07T12:02:13","slug":"argentina-se-cumplen-50-anos-de-la-masacre-de-la-plata","status":"publish","type":"post","link":"https:\/\/www.revistarambla.com\/en\/argentina-se-cumplen-50-anos-de-la-masacre-de-la-plata\/","title":{"rendered":"Argentina: se cumplen 50 a\u00f1os de la Masacre de La Plata"},"content":{"rendered":"<p><img decoding=\"async\" class=\"size-full wp-image-66467 aligncenter\" src=\"https:\/\/www.revistarambla.com\/wp-content\/uploads\/2025\/09\/UIT-masacre-plata-imatge.webp\" alt=\"Masacre de La Plata\" width=\"1000\" height=\"1000\" srcset=\"https:\/\/www.revistarambla.com\/wp-content\/uploads\/2025\/09\/UIT-masacre-plata-imatge.webp 1000w, https:\/\/www.revistarambla.com\/wp-content\/uploads\/2025\/09\/UIT-masacre-plata-imatge-365x365.webp 365w, https:\/\/www.revistarambla.com\/wp-content\/uploads\/2025\/09\/UIT-masacre-plata-imatge-840x840.webp 840w, https:\/\/www.revistarambla.com\/wp-content\/uploads\/2025\/09\/UIT-masacre-plata-imatge-768x768.webp 768w, https:\/\/www.revistarambla.com\/wp-content\/uploads\/2025\/09\/UIT-masacre-plata-imatge-12x12.webp 12w, https:\/\/www.revistarambla.com\/wp-content\/uploads\/2025\/09\/UIT-masacre-plata-imatge-150x150.webp 150w, https:\/\/www.revistarambla.com\/wp-content\/uploads\/2025\/09\/UIT-masacre-plata-imatge-70x70.webp 70w\" sizes=\"(max-width: 1000px) 100vw, 1000px\" \/><\/p>\n<p>El 4 y 5 de septiembre de 1975 ocho j\u00f3venes militantes del Partido Socialista de los Trabajadores (PST), antecesor de Izquierda Socialista, fueron asesinados en La Plata por bandas fascistas que contaban con la protecci\u00f3n del gobierno de Isabel Per\u00f3n. El hecho fue conocido como la \u201cMasacre de La Plata\u201d. Hoy, Izquierda Socialista junto a la Comisi\u00f3n por la Memoria y Justicia de la Masacre de La Plata seguimos exigiendo justicia para nuestros compa\u00f1eros y compa\u00f1eras ca\u00eddos. Tambi\u00e9n seguimos reivindicando su pelea por la construcci\u00f3n de un partido revolucionario que luche por el socialismo.<\/p>\n<p>En la noche del 4 de septiembre, una delegaci\u00f3n de cinco militantes del PST, encabezados por Roberto \u201cLaucha\u201d Loscertales, activista y trabajador despedido del\u00a0 Astillero R\u00edo Santiago, se dirig\u00eda en un veh\u00edculo hacia la Petroqu\u00edmica Sudamericana (hoy Mafissa). Llevaban comida y dinero para el fondo de huelga de sus trabajadores, que se encontraban ocupando la f\u00e1brica por aumento salarial. Con el \u201cLaucha\u201d estaban: Hugo Frigerio, delegado del Ministerio de Obras P\u00fablicas (MOP); Adriana Zald\u00faa, tambi\u00e9n delegada del MOP, dirigente de la Juventud Socialista y estudiante de la Facultad de Arquitectura (UNLP); Ana Mar\u00eda Guzner, ex delegada del gremio no docente de la universidad (ATULP); y Lidia Agostini, odont\u00f3loga que trabajaba en un dispensario municipal. Pero ellos nunca llegaron a la f\u00e1brica. En el camino su veh\u00edculo fue interceptado y fueron secuestrados. Al d\u00eda siguiente, sus cuerpos acribillados a balazos fueron encontrados en La Balandra, un descampado en Berisso.<\/p>\n<p>El 5 de septiembre, al confirmarse la noticia de los fusilamientos, el PST comenz\u00f3 una campa\u00f1a de denuncia. Los trabajadores del MOP paralizaron las tareas como expresi\u00f3n de protesta, tambi\u00e9n los no docentes de la UNLP. En Petroqu\u00edmica colgaron una bandera que acusaba al patr\u00f3n: \u201cCuri compra matones para matar\u201d. Esa misma tarde, Oscar Lucatti, militante del PST y tambi\u00e9n trabajador del MOP; Carlos \u201cDicki\u201d Povedano, miembro de la Comisi\u00f3n Interna de la Delegaci\u00f3n de Previsi\u00f3n Social de la Naci\u00f3n; y Patricia Claverie, activista y estudiante de la Facultad de Ciencias Naturales (UNLP), fueron secuestrados por individuos que portaban armas largas y los introdujeron en un auto Fiat 128, cuando sal\u00edan del local del PST de La Plata para desarrollar las tareas de denuncia y movilizaci\u00f3n. Sus cad\u00e1veres aparecieron reci\u00e9n varias horas despu\u00e9s. A pesar de las denuncias y numerosos datos aportados por el PST, sus familiares y amigos, el crimen sigue impune.<\/p>\n<p><b>\u201cDe Pacheco a La Plata\u201d<\/b><\/p>\n<p>Bajo este t\u00edtulo, el peri\u00f3dico del PST,\u00a0Avanzada Socialista\u00a0del 13 de septiembre, analizaba las causas de la \u201cMasacre de La Plata\u201d y la situaci\u00f3n pol\u00edtica que viv\u00eda el pa\u00eds. El 29 de mayo de 1974, a\u00fan bajo la presidencia de Juan Domingo Per\u00f3n, una banda fascista hab\u00eda atacado el local del PST de General Pacheco, secuestrando a varios militantes y acribillando a tres de ellos. En aquel momento, el PST llam\u00f3 a la m\u00e1s amplia unidad de acci\u00f3n contra los fascistas. Pero el llamado no tuvo eco en la mayor\u00eda de las organizaciones (JP, Montoneros, PC), salvo honrosas excepciones, como la del Bloque de Base de Rodolfo Ortega Pe\u00f1a.<\/p>\n<p>Aquellos asesinatos se enmarcaban en el intento del gobierno de Per\u00f3n, contrario a las expectativas creadas en gran parte del movimiento peronista, de aplastar al movimiento obrero y liquidar las libertades democr\u00e1ticas. El gobierno y las grandes patronales industriales, latifundistas y banqueros, nacionales y extranjeros, se avocaron a superar la crisis econ\u00f3mica mediante la represi\u00f3n, para profundizar la superexplotaci\u00f3n obrera, acordada con el imperialismo y el FMI.<\/p>\n<p>El 6 de noviembre de 1974, ya fallecido Per\u00f3n, Isabel implant\u00f3 el Estado de Sitio con el argumento de combatir a la guerrilla. Una medida apoyada por casi todos los partidos patronales que favoreci\u00f3 el ascenso de bandas fascistas como la \u201cTriple A\u201d (Alianza Anticomunista Argentina). Ese mismo mes fueron asesinados otros cuatro militantes del PST en Capital y el Gran Buenos Aires. Se sucedieron ataques al movimiento obrero mediante el asesinato de activistas y dirigentes obreros, encarcelamientos masivos sin causa, la \u201cmisi\u00f3n Ivanissevich\u201d intervino las universidades, el allanamiento y bombas a locales pol\u00edticos. Para 1975, el PST ten\u00eda m\u00e1s de diez presos pol\u00edticos, entre ellos, Juan Carlos \u201cPelado Matosas\u201d L\u00f3pez Osornio y Miguel Lamas.<\/p>\n<p>Pero con las movilizaciones y la huelga general de junio y julio de 1975 los trabajadores hab\u00edan impuesto la renuncia del ministro de Bienestar Social, Jos\u00e9 L\u00f3pez Rega, organizador de la Triple A y derrotaron el plan de ajuste de su protegido, el ministro de Econom\u00eda Celestino Rodrigo, conquistando los acuerdos paritarios que intentaba desconocer. Pero luego del triunfo, la burocracia sindical no continu\u00f3 el plan de lucha y pact\u00f3 la desmovilizaci\u00f3n con el gobierno de Isabel. Esto permiti\u00f3 que los sectores m\u00e1s \u201cgorilas\u201d continuaran su \u201ciniciativa en el camino hacia un r\u00e9gimen contrarrevolucionario\u201d.()<\/p>\n<p>La direcci\u00f3n nacional del PST, ante la Masacre de La Plata se\u00f1al\u00f3: esta vez \u201clas armas de los asesinos no atacan en nuestro partido al conjunto de la oposici\u00f3n; atacan al movimiento obrero y a la izquierda\u201d.()Las m\u00e1ximas conducciones del peronismo y el radicalismo callaron. El PST denunci\u00f3 la responsabilidad del gobierno peronista. Tambi\u00e9n, a los falsos \u201copositores\u201d, del estilo de Ricardo Balb\u00edn de la UCR, que dejaban actuar a las bandas fascistas sin denunciarlas.<\/p>\n<p>El PST llam\u00f3 a vengar la muerte de los asesinados, pero no de forma individual, sino con las m\u00e1s amplia unidad de acci\u00f3n antifascista y continuando la tarea a la que hab\u00edan dedicado sus vidas los compa\u00f1eros y compa\u00f1eras asesinados: la construcci\u00f3n del partido mundial de la revoluci\u00f3n socialista. Rechazaba as\u00ed una salida mediante la conciliaci\u00f3n o la guerrilla, llamando a confiar en la movilizaci\u00f3n unitaria de los trabajadores y trabajadoras.<\/p>\n<p><b>Exigimos justicia y seguimos luchando por el socialismo<\/b><\/p>\n<p>En enero de 1976 fue asesinado otro militante del PST de la regi\u00f3n, Carlos Scafide. En marzo, el gobierno de Isabel fue reemplazado por la dictadura militar y el terrorismo de Estado. Pero la lucha de los trabajadores y trabajadoras logr\u00f3 tirar a la dictadura y contin\u00faa en la actualidad bajo el gobierno ultraderechista de Milei.<\/p>\n<p>Hoy en d\u00eda seguimos reclamando justicia junto a la Comisi\u00f3n por la Verdad y Justicia de la Masacre de La Plata y continuamos el ejemplo de nuestros compa\u00f1eros y compa\u00f1eras del PST: acompa\u00f1amos las peleas contra el ajuste del gobierno y el FMI, y en ellas seguimos bregando por la construcci\u00f3n de un partido revolucionario para conquistar un gobierno de trabajadores y trabajadoras y por el socialismo.<\/p>\n<p>A cincuenta a\u00f1os de la Masacre de La Plata levantamos el pu\u00f1o con la misma fuerza y la misma furia, y como entonces decimos: \u201cEran nuestros hermanos en la lucha por el socialismo. Los lloramos de cara al agresor, mir\u00e1ndolo de frente, m\u00e1s firmes que nunca en nuestro odio de clase. Ellos fueron golpeados para que nosotros titubeemos. Ya lo sab\u00edamos antes de que ellos u otros cayeran. A este gobierno capitalista de cuyas entra\u00f1as salieron las bandas asesinas [&#8230;] les decimos: se equivocaron. Ellos cayeron para que nuestro dolor y nuestra rabia y nuestro odio de clase nos hicieran m\u00e1s fuertes.\u201d()<\/p>\n<p><b>\u201cLos responsables\u201d<\/b><\/p>\n<p>El s\u00e1bado 6 de septiembre de 1975 se realiz\u00f3 el acto de despedida y el entierro de los compa\u00f1eros y compa\u00f1eras asesinados con la presencia de sus familiares, militantes del PST y delegaciones de trabajadores del MOP, Petroqu\u00edmica Sudamericana, Propulsora Sider\u00fargica, el dirigente Francisco \u201cpetiso\u201d P\u00e1ez, entre otros. Ernesto Gonz\u00e1lez en nombre de la direcci\u00f3n nacional del PST brind\u00f3 un discurso que apunt\u00f3 a \u201cLos responsables\u201d de la masacre.<\/p>\n<p>\u201cLos compa\u00f1eros, con sus debilidades y grandezas, s\u00f3lo se pueden apreciar a la luz de la ideolog\u00eda y la tarea por las cuales ellos dieron su vida: el trotskismo y la construcci\u00f3n del Partido Mundial de la Revoluci\u00f3n Socialista. [&#8230;] Comprendemos que muchos de los familiares y compa\u00f1eros busquen una reparaci\u00f3n. Pero, \u00bfqui\u00e9n es el que tiene que reparar y c\u00f3mo lograrlo? [&#8230;] En primer lugar, el gobierno peronista, que en su momento toler\u00f3 y encubri\u00f3 su accionar, y que ahora, pese a su llamado al dialoguismo, no est\u00e1 haciendo nada que signifique parar a las bandas fascistas. Tambi\u00e9n son responsables aquellos sectores que desde la oposici\u00f3n al lopezrreguismo y en nombre de la defensa de la democracia se han negado a movilizar contra el fascismo, haci\u00e9ndole el juego a un nuevo golpismo militar que, por ahora, se escuda tras la fachada de mantener las instituciones. Detr\u00e1s de estos sectores est\u00e1n los grandes patrones, industriales, latifundistas y agentes de los monopolios, nacionales y extranjeros. [&#8230;] Si nuevamente afrontamos el peligro de que las libertades democr\u00e1ticas sean liquidadas por un golpe militar, debemos se\u00f1alar que esto en parte se debe a que en las filas del movimiento obrero y del pueblo hay dos sectores que les hacen el juego. El primero es la burocracia sindical, que luego de la ca\u00edda de L\u00f3pez Rega y Rodrigo negoci\u00f3 la lucha del movimiento obrero para apoyar a un gobierno que explota a los trabajadores y que engendr\u00f3 en su seno las bandas fascistas. Esa burocracia no moviliza contra el nuevo plan econ\u00f3mico ni contra los cr\u00edmenes de la ultraderecha. Por ello tenemos que marcar su responsabilidad en la masacre de La Plata. El segundo responsable son las organizaciones guerrilleras. Cuando la clase obrera se lanz\u00f3 a la movilizaci\u00f3n para parar el intento fascista de L\u00f3pez Rega, qued\u00f3 claro que era ella y s\u00f3lo ella capaz de frenar al fascismo. En diez d\u00edas de lucha hizo m\u00e1s que todas las aventuras terroristas juntas durante a\u00f1os. [&#8230;] Como siempre, a\u00fan en esta hora de dolor e indignaci\u00f3n, seguiremos fieles al movimiento obrero, luchando contra las direcciones sindicales que lo frenan y lo atan a los planes de la patronal, y contra la guerrilla elitista que lo confunde y contribuye a provocar su desmovilizaci\u00f3n. No buscaremos nosotros nuestra venganza ni por el camino de la conciliaci\u00f3n ni por el de la guerrilla. Seguiremos confiando en la movilizaci\u00f3n de los trabajadores a pesar de que hoy no acierte a responder de conjunto a la ofensiva de la reacci\u00f3n. [&#8230;] Este es nuestro compromiso aqu\u00ed, en la despedida de nuestros queridos compa\u00f1eros, ante sus familiares y camaradas de lucha cotidiana. Su muerte tremenda no ha sido en vano porque ten\u00edan raz\u00f3n; ellos sab\u00edan que estaban en el camino justo, en el \u00fanico posible. Nosotros les decimos que vamos a continuar por ese camino; que aunque tampoco algunos de nosotros veamos el final, estamos firme, total y absolutamente convencidos de esa victoria de la clase obrera que, al terminar con todo los explotadores y asesinos, brindar\u00e1 la mejor y \u00fanica reparaci\u00f3n posible. Laucha, Hugo, Dicki, Adrianita, Patricia, Lidia, Ana Mar\u00eda, Oscar: \u00a1Hasta el socialismo siempre!\u201d.() Hoy, a cincuenta a\u00f1os de la Masacre de La Plata, continuamos firmes en el camino del socialismo revolucionario.<\/p>\n<p><b>Acto a 50 a\u00f1os de la Masacre de La Plata<\/b><\/p>\n<p>El d\u00eda viernes 19 de septiembre desde las 17 hs en el Pasaje Dardo Rocha de La Plata (calle 50 entre 6 y 7) se realizar\u00e1 un acto en homenaje y por justicia para los compa\u00f1eros y las compa\u00f1eras asesinados en la Masacre de La Plata.<\/p>\n<p><b>Organiza: Comisi\u00f3n por la Memoria y Justicia de la Masacre de La Plata\u00a0<\/b><\/p>\n<p><b>Compa\u00f1eros y compa\u00f1eras del PST asesinados: \u00a1Hasta el socialismo, siempre!<\/b><\/p>\n<p><b>Jos\u00e9 \u201cPepe\u201d Rusconi y Federico Novo Foti<\/b><\/p>\n<p>Militantes de Izquierda Socialista<\/p>\n","protected":false},"excerpt":{"rendered":"<p>El 4 y 5 de septiembre de 1975 ocho j\u00f3venes militantes del Partido Socialista de los Trabajadores (PST), antecesor de Izquierda Socialista, fueron asesinados en La Plata por bandas fascistas que contaban con la protecci\u00f3n del gobierno de Isabel Per\u00f3n. El hecho fue conocido como la \u201cMasacre de La Plata\u201d. [&hellip;]<\/p>\n","protected":false},"author":15,"featured_media":66467,"comment_status":"closed","ping_status":"closed","sticky":false,"template":"","format":"standard","meta":{"footnotes":""},"categories":[4079],"tags":[],"class_list":["post-66464","post","type-post","status-publish","format-standard","has-post-thumbnail","hentry","category-tribuna-libre"],"yoast_head":"<!-- This site is optimized with the Yoast SEO plugin v27.5 - https:\/\/yoast.com\/product\/yoast-seo-wordpress\/ -->\n<title>Argentina: se cumplen 50 a\u00f1os de la Masacre de La Plata - Revista Rambla<\/title>\n<meta name=\"robots\" content=\"index, follow, max-snippet:-1, max-image-preview:large, max-video-preview:-1\" \/>\n<link rel=\"canonical\" href=\"https:\/\/www.revistarambla.com\/en\/argentina-se-cumplen-50-anos-de-la-masacre-de-la-plata\/\" \/>\n<meta property=\"og:locale\" content=\"en_GB\" \/>\n<meta property=\"og:type\" content=\"article\" \/>\n<meta property=\"og:title\" content=\"Argentina: se cumplen 50 a\u00f1os de la Masacre de La Plata - Revista Rambla\" \/>\n<meta property=\"og:description\" content=\"El 4 y 5 de septiembre de 1975 ocho j\u00f3venes militantes del Partido Socialista de los Trabajadores (PST), antecesor de Izquierda Socialista, fueron asesinados en La Plata por bandas fascistas que contaban con la protecci\u00f3n del gobierno de Isabel Per\u00f3n. El hecho fue conocido como la \u201cMasacre de La Plata\u201d. [&hellip;]\" \/>\n<meta property=\"og:url\" content=\"https:\/\/www.revistarambla.com\/en\/argentina-se-cumplen-50-anos-de-la-masacre-de-la-plata\/\" \/>\n<meta property=\"og:site_name\" content=\"Revista Rambla\" \/>\n<meta property=\"article:publisher\" content=\"https:\/\/www.facebook.com\/revistarambla\/\" \/>\n<meta property=\"article:published_time\" content=\"2025-09-07T12:02:13+00:00\" \/>\n<meta property=\"og:image\" content=\"https:\/\/www.revistarambla.com\/wp-content\/uploads\/2025\/09\/UIT-masacre-plata-imatge.webp\" \/>\n\t<meta property=\"og:image:width\" content=\"1000\" \/>\n\t<meta property=\"og:image:height\" content=\"1000\" \/>\n\t<meta property=\"og:image:type\" content=\"image\/webp\" \/>\n<meta name=\"author\" content=\"Jos\u00e9 \u201cPepe\u201d Rusconi&nbsp;y&nbsp;Federico Novo Foti\u00a0\" \/>\n<meta name=\"twitter:card\" content=\"summary_large_image\" \/>\n<meta name=\"twitter:creator\" content=\"@revistarambla\" \/>\n<meta name=\"twitter:site\" content=\"@revistarambla\" \/>\n<meta name=\"twitter:label1\" content=\"Written by\" \/>\n\t<meta name=\"twitter:data1\" content=\"Jos\u00e9 \u201cPepe\u201d Rusconi&nbsp;y&nbsp;Federico Novo Foti\u00a0\" \/>\n\t<meta name=\"twitter:label2\" content=\"Estimated reading time\" \/>\n\t<meta name=\"twitter:data2\" content=\"9 minutes\" \/>\n<script type=\"application\/ld+json\" class=\"yoast-schema-graph\">{\"@context\":\"https:\\\/\\\/schema.org\",\"@graph\":[{\"@type\":\"Article\",\"@id\":\"https:\\\/\\\/www.revistarambla.com\\\/argentina-se-cumplen-50-anos-de-la-masacre-de-la-plata\\\/#article\",\"isPartOf\":{\"@id\":\"https:\\\/\\\/www.revistarambla.com\\\/argentina-se-cumplen-50-anos-de-la-masacre-de-la-plata\\\/\"},\"author\":{\"name\":\"Jos\u00e9 \u201cPepe\u201d Rusconi&nbsp;y&nbsp;Federico Novo Foti\u00a0\",\"@id\":\"https:\\\/\\\/www.revistarambla.com\\\/#\\\/schema\\\/person\\\/2b19179a8ace334b829ad72cc6e6ce97\"},\"headline\":\"Argentina: se cumplen 50 a\u00f1os de la Masacre de La Plata\",\"datePublished\":\"2025-09-07T12:02:13+00:00\",\"mainEntityOfPage\":{\"@id\":\"https:\\\/\\\/www.revistarambla.com\\\/argentina-se-cumplen-50-anos-de-la-masacre-de-la-plata\\\/\"},\"wordCount\":2006,\"publisher\":{\"@id\":\"https:\\\/\\\/www.revistarambla.com\\\/#organization\"},\"image\":{\"@id\":\"https:\\\/\\\/www.revistarambla.com\\\/argentina-se-cumplen-50-anos-de-la-masacre-de-la-plata\\\/#primaryimage\"},\"thumbnailUrl\":\"https:\\\/\\\/www.revistarambla.com\\\/wp-content\\\/uploads\\\/2025\\\/09\\\/UIT-masacre-plata-imatge.webp\",\"articleSection\":[\"Tribuna Libre\"],\"inLanguage\":\"en-GB\"},{\"@type\":\"WebPage\",\"@id\":\"https:\\\/\\\/www.revistarambla.com\\\/argentina-se-cumplen-50-anos-de-la-masacre-de-la-plata\\\/\",\"url\":\"https:\\\/\\\/www.revistarambla.com\\\/argentina-se-cumplen-50-anos-de-la-masacre-de-la-plata\\\/\",\"name\":\"Argentina: se cumplen 50 a\u00f1os de la Masacre de La Plata - Revista Rambla\",\"isPartOf\":{\"@id\":\"https:\\\/\\\/www.revistarambla.com\\\/#website\"},\"primaryImageOfPage\":{\"@id\":\"https:\\\/\\\/www.revistarambla.com\\\/argentina-se-cumplen-50-anos-de-la-masacre-de-la-plata\\\/#primaryimage\"},\"image\":{\"@id\":\"https:\\\/\\\/www.revistarambla.com\\\/argentina-se-cumplen-50-anos-de-la-masacre-de-la-plata\\\/#primaryimage\"},\"thumbnailUrl\":\"https:\\\/\\\/www.revistarambla.com\\\/wp-content\\\/uploads\\\/2025\\\/09\\\/UIT-masacre-plata-imatge.webp\",\"datePublished\":\"2025-09-07T12:02:13+00:00\",\"breadcrumb\":{\"@id\":\"https:\\\/\\\/www.revistarambla.com\\\/argentina-se-cumplen-50-anos-de-la-masacre-de-la-plata\\\/#breadcrumb\"},\"inLanguage\":\"en-GB\",\"potentialAction\":[{\"@type\":\"ReadAction\",\"target\":[\"https:\\\/\\\/www.revistarambla.com\\\/argentina-se-cumplen-50-anos-de-la-masacre-de-la-plata\\\/\"]}]},{\"@type\":\"ImageObject\",\"inLanguage\":\"en-GB\",\"@id\":\"https:\\\/\\\/www.revistarambla.com\\\/argentina-se-cumplen-50-anos-de-la-masacre-de-la-plata\\\/#primaryimage\",\"url\":\"https:\\\/\\\/www.revistarambla.com\\\/wp-content\\\/uploads\\\/2025\\\/09\\\/UIT-masacre-plata-imatge.webp\",\"contentUrl\":\"https:\\\/\\\/www.revistarambla.com\\\/wp-content\\\/uploads\\\/2025\\\/09\\\/UIT-masacre-plata-imatge.webp\",\"width\":1000,\"height\":1000,\"caption\":\"Masacre de La Plata\"},{\"@type\":\"BreadcrumbList\",\"@id\":\"https:\\\/\\\/www.revistarambla.com\\\/argentina-se-cumplen-50-anos-de-la-masacre-de-la-plata\\\/#breadcrumb\",\"itemListElement\":[{\"@type\":\"ListItem\",\"position\":1,\"name\":\"Portada\",\"item\":\"https:\\\/\\\/www.revistarambla.com\\\/\"},{\"@type\":\"ListItem\",\"position\":2,\"name\":\"Argentina: se cumplen 50 a\u00f1os de la Masacre de La Plata\"}]},{\"@type\":\"WebSite\",\"@id\":\"https:\\\/\\\/www.revistarambla.com\\\/#website\",\"url\":\"https:\\\/\\\/www.revistarambla.com\\\/\",\"name\":\"Revista Rambla Barcelona\",\"description\":\"Periodismo independiente\",\"publisher\":{\"@id\":\"https:\\\/\\\/www.revistarambla.com\\\/#organization\"},\"potentialAction\":[{\"@type\":\"SearchAction\",\"target\":{\"@type\":\"EntryPoint\",\"urlTemplate\":\"https:\\\/\\\/www.revistarambla.com\\\/?s={search_term_string}\"},\"query-input\":{\"@type\":\"PropertyValueSpecification\",\"valueRequired\":true,\"valueName\":\"search_term_string\"}}],\"inLanguage\":\"en-GB\"},{\"@type\":\"Organization\",\"@id\":\"https:\\\/\\\/www.revistarambla.com\\\/#organization\",\"name\":\"Revista Rambla\",\"url\":\"https:\\\/\\\/www.revistarambla.com\\\/\",\"logo\":{\"@type\":\"ImageObject\",\"inLanguage\":\"en-GB\",\"@id\":\"https:\\\/\\\/www.revistarambla.com\\\/#\\\/schema\\\/logo\\\/image\\\/\",\"url\":\"https:\\\/\\\/www.revistarambla.com\\\/wp-content\\\/uploads\\\/2020\\\/09\\\/banner_rambla_1900x600_BB.png\",\"contentUrl\":\"https:\\\/\\\/www.revistarambla.com\\\/wp-content\\\/uploads\\\/2020\\\/09\\\/banner_rambla_1900x600_BB.png\",\"width\":1900,\"height\":600,\"caption\":\"Revista Rambla\"},\"image\":{\"@id\":\"https:\\\/\\\/www.revistarambla.com\\\/#\\\/schema\\\/logo\\\/image\\\/\"},\"sameAs\":[\"https:\\\/\\\/www.facebook.com\\\/revistarambla\\\/\",\"https:\\\/\\\/x.com\\\/revistarambla\",\"https:\\\/\\\/www.instagram.com\\\/revista_rambla\",\"https:\\\/\\\/es.linkedin.com\\\/company\\\/revista-rambla\"]},[{\"@type\":[\"Person\"],\"@id\":\"https:\\\/\\\/www.revistarambla.com\\\/#\\\/schema\\\/person\\\/2b19179a8ace334b829ad72cc6e6ce97\",\"name\":\"Jos\u00e9 \u201cPepe\u201d Rusconi\",\"image\":{\"@type\":\"ImageObject\",\"@id\":\"\",\"inLanguage\":\"en_GB\",\"url\":\"https:\\\/\\\/www.revistarambla.com\\\/wp-content\\\/litespeed\\\/avatar\\\/e0de3cb86f30117e120eb135706c3bfb.jpg?ver=1777318223\",\"caption\":\"Jos\u00e9 \u201cPepe\u201d Rusconi\"}},{\"@type\":[\"Person\"],\"@id\":\"https:\\\/\\\/www.revistarambla.com\\\/#\\\/schema\\\/person\\\/2b19179a8ace334b829ad72cc6e6ce97\",\"name\":\"Federico Novo Foti\u00a0\",\"image\":{\"@type\":\"ImageObject\",\"@id\":\"\",\"inLanguage\":\"en_GB\",\"url\":\"https:\\\/\\\/www.revistarambla.com\\\/wp-content\\\/litespeed\\\/avatar\\\/e0de3cb86f30117e120eb135706c3bfb.jpg?ver=1777318223\",\"caption\":\"Federico Novo Foti\u00a0\"}}]]}<\/script>\n<!-- \/ Yoast SEO plugin. -->","yoast_head_json":{"title":"Argentina: se cumplen 50 a\u00f1os de la Masacre de La Plata - Revista Rambla","robots":{"index":"index","follow":"follow","max-snippet":"max-snippet:-1","max-image-preview":"max-image-preview:large","max-video-preview":"max-video-preview:-1"},"canonical":"https:\/\/www.revistarambla.com\/en\/argentina-se-cumplen-50-anos-de-la-masacre-de-la-plata\/","og_locale":"en_GB","og_type":"article","og_title":"Argentina: se cumplen 50 a\u00f1os de la Masacre de La Plata - Revista Rambla","og_description":"El 4 y 5 de septiembre de 1975 ocho j\u00f3venes militantes del Partido Socialista de los Trabajadores (PST), antecesor de Izquierda Socialista, fueron asesinados en La Plata por bandas fascistas que contaban con la protecci\u00f3n del gobierno de Isabel Per\u00f3n. El hecho fue conocido como la \u201cMasacre de La Plata\u201d. [&hellip;]","og_url":"https:\/\/www.revistarambla.com\/en\/argentina-se-cumplen-50-anos-de-la-masacre-de-la-plata\/","og_site_name":"Revista Rambla","article_publisher":"https:\/\/www.facebook.com\/revistarambla\/","article_published_time":"2025-09-07T12:02:13+00:00","og_image":[{"width":1000,"height":1000,"url":"https:\/\/www.revistarambla.com\/wp-content\/uploads\/2025\/09\/UIT-masacre-plata-imatge.webp","type":"image\/webp"}],"author":"Jos\u00e9 \u201cPepe\u201d Rusconi&nbsp;y&nbsp;Federico Novo Foti\u00a0","twitter_card":"summary_large_image","twitter_creator":"@revistarambla","twitter_site":"@revistarambla","twitter_misc":{"Written by":"Jos\u00e9 \u201cPepe\u201d Rusconi&nbsp;y&nbsp;Federico Novo Foti\u00a0","Estimated reading time":"9 minutes"},"schema":{"@context":"https:\/\/schema.org","@graph":[{"@type":"Article","@id":"https:\/\/www.revistarambla.com\/argentina-se-cumplen-50-anos-de-la-masacre-de-la-plata\/#article","isPartOf":{"@id":"https:\/\/www.revistarambla.com\/argentina-se-cumplen-50-anos-de-la-masacre-de-la-plata\/"},"author":{"name":"Jos\u00e9 \u201cPepe\u201d Rusconi&nbsp;y&nbsp;Federico Novo Foti\u00a0","@id":"https:\/\/www.revistarambla.com\/#\/schema\/person\/2b19179a8ace334b829ad72cc6e6ce97"},"headline":"Argentina: se cumplen 50 a\u00f1os de la Masacre de La Plata","datePublished":"2025-09-07T12:02:13+00:00","mainEntityOfPage":{"@id":"https:\/\/www.revistarambla.com\/argentina-se-cumplen-50-anos-de-la-masacre-de-la-plata\/"},"wordCount":2006,"publisher":{"@id":"https:\/\/www.revistarambla.com\/#organization"},"image":{"@id":"https:\/\/www.revistarambla.com\/argentina-se-cumplen-50-anos-de-la-masacre-de-la-plata\/#primaryimage"},"thumbnailUrl":"https:\/\/www.revistarambla.com\/wp-content\/uploads\/2025\/09\/UIT-masacre-plata-imatge.webp","articleSection":["Tribuna Libre"],"inLanguage":"en-GB"},{"@type":"WebPage","@id":"https:\/\/www.revistarambla.com\/argentina-se-cumplen-50-anos-de-la-masacre-de-la-plata\/","url":"https:\/\/www.revistarambla.com\/argentina-se-cumplen-50-anos-de-la-masacre-de-la-plata\/","name":"Argentina: se cumplen 50 a\u00f1os de la Masacre de La Plata - Revista Rambla","isPartOf":{"@id":"https:\/\/www.revistarambla.com\/#website"},"primaryImageOfPage":{"@id":"https:\/\/www.revistarambla.com\/argentina-se-cumplen-50-anos-de-la-masacre-de-la-plata\/#primaryimage"},"image":{"@id":"https:\/\/www.revistarambla.com\/argentina-se-cumplen-50-anos-de-la-masacre-de-la-plata\/#primaryimage"},"thumbnailUrl":"https:\/\/www.revistarambla.com\/wp-content\/uploads\/2025\/09\/UIT-masacre-plata-imatge.webp","datePublished":"2025-09-07T12:02:13+00:00","breadcrumb":{"@id":"https:\/\/www.revistarambla.com\/argentina-se-cumplen-50-anos-de-la-masacre-de-la-plata\/#breadcrumb"},"inLanguage":"en-GB","potentialAction":[{"@type":"ReadAction","target":["https:\/\/www.revistarambla.com\/argentina-se-cumplen-50-anos-de-la-masacre-de-la-plata\/"]}]},{"@type":"ImageObject","inLanguage":"en-GB","@id":"https:\/\/www.revistarambla.com\/argentina-se-cumplen-50-anos-de-la-masacre-de-la-plata\/#primaryimage","url":"https:\/\/www.revistarambla.com\/wp-content\/uploads\/2025\/09\/UIT-masacre-plata-imatge.webp","contentUrl":"https:\/\/www.revistarambla.com\/wp-content\/uploads\/2025\/09\/UIT-masacre-plata-imatge.webp","width":1000,"height":1000,"caption":"Masacre de La Plata"},{"@type":"BreadcrumbList","@id":"https:\/\/www.revistarambla.com\/argentina-se-cumplen-50-anos-de-la-masacre-de-la-plata\/#breadcrumb","itemListElement":[{"@type":"ListItem","position":1,"name":"Portada","item":"https:\/\/www.revistarambla.com\/"},{"@type":"ListItem","position":2,"name":"Argentina: se cumplen 50 a\u00f1os de la Masacre de La Plata"}]},{"@type":"WebSite","@id":"https:\/\/www.revistarambla.com\/#website","url":"https:\/\/www.revistarambla.com\/","name":"Revista Rambla Barcelona","description":"Periodismo independiente","publisher":{"@id":"https:\/\/www.revistarambla.com\/#organization"},"potentialAction":[{"@type":"SearchAction","target":{"@type":"EntryPoint","urlTemplate":"https:\/\/www.revistarambla.com\/?s={search_term_string}"},"query-input":{"@type":"PropertyValueSpecification","valueRequired":true,"valueName":"search_term_string"}}],"inLanguage":"en-GB"},{"@type":"Organization","@id":"https:\/\/www.revistarambla.com\/#organization","name":"Revista Rambla","url":"https:\/\/www.revistarambla.com\/","logo":{"@type":"ImageObject","inLanguage":"en-GB","@id":"https:\/\/www.revistarambla.com\/#\/schema\/logo\/image\/","url":"https:\/\/www.revistarambla.com\/wp-content\/uploads\/2020\/09\/banner_rambla_1900x600_BB.png","contentUrl":"https:\/\/www.revistarambla.com\/wp-content\/uploads\/2020\/09\/banner_rambla_1900x600_BB.png","width":1900,"height":600,"caption":"Revista Rambla"},"image":{"@id":"https:\/\/www.revistarambla.com\/#\/schema\/logo\/image\/"},"sameAs":["https:\/\/www.facebook.com\/revistarambla\/","https:\/\/x.com\/revistarambla","https:\/\/www.instagram.com\/revista_rambla","https:\/\/es.linkedin.com\/company\/revista-rambla"]},[{"@type":["Person"],"@id":"https:\/\/www.revistarambla.com\/#\/schema\/person\/2b19179a8ace334b829ad72cc6e6ce97","name":"Jos\u00e9 \u201cPepe\u201d Rusconi","image":{"@type":"ImageObject","@id":"","inLanguage":"en_GB","url":"https:\/\/www.revistarambla.com\/wp-content\/litespeed\/avatar\/e0de3cb86f30117e120eb135706c3bfb.jpg?ver=1777318223","caption":"Jos\u00e9 \u201cPepe\u201d Rusconi"}},{"@type":["Person"],"@id":"https:\/\/www.revistarambla.com\/#\/schema\/person\/2b19179a8ace334b829ad72cc6e6ce97","name":"Federico Novo Foti\u00a0","image":{"@type":"ImageObject","@id":"","inLanguage":"en_GB","url":"https:\/\/www.revistarambla.com\/wp-content\/litespeed\/avatar\/e0de3cb86f30117e120eb135706c3bfb.jpg?ver=1777318223","caption":"Federico Novo Foti\u00a0"}}]]}},"_links":{"self":[{"href":"https:\/\/www.revistarambla.com\/en\/wp-json\/wp\/v2\/posts\/66464","targetHints":{"allow":["GET"]}}],"collection":[{"href":"https:\/\/www.revistarambla.com\/en\/wp-json\/wp\/v2\/posts"}],"about":[{"href":"https:\/\/www.revistarambla.com\/en\/wp-json\/wp\/v2\/types\/post"}],"author":[{"embeddable":true,"href":"https:\/\/www.revistarambla.com\/en\/wp-json\/wp\/v2\/users\/15"}],"replies":[{"embeddable":true,"href":"https:\/\/www.revistarambla.com\/en\/wp-json\/wp\/v2\/comments?post=66464"}],"version-history":[{"count":1,"href":"https:\/\/www.revistarambla.com\/en\/wp-json\/wp\/v2\/posts\/66464\/revisions"}],"predecessor-version":[{"id":66468,"href":"https:\/\/www.revistarambla.com\/en\/wp-json\/wp\/v2\/posts\/66464\/revisions\/66468"}],"wp:featuredmedia":[{"embeddable":true,"href":"https:\/\/www.revistarambla.com\/en\/wp-json\/wp\/v2\/media\/66467"}],"wp:attachment":[{"href":"https:\/\/www.revistarambla.com\/en\/wp-json\/wp\/v2\/media?parent=66464"}],"wp:term":[{"taxonomy":"category","embeddable":true,"href":"https:\/\/www.revistarambla.com\/en\/wp-json\/wp\/v2\/categories?post=66464"},{"taxonomy":"post_tag","embeddable":true,"href":"https:\/\/www.revistarambla.com\/en\/wp-json\/wp\/v2\/tags?post=66464"}],"curies":[{"name":"wp","href":"https:\/\/api.w.org\/{rel}","templated":true}]}}