{"id":66460,"date":"2025-09-07T11:52:26","date_gmt":"2025-09-07T09:52:26","guid":{"rendered":"https:\/\/www.revistarambla.com\/?p=66460"},"modified":"2025-09-09T20:01:38","modified_gmt":"2025-09-09T18:01:38","slug":"ola-de-solidaridad-en-europa-una-semana-de-movilizaciones-por-palestina","status":"publish","type":"post","link":"https:\/\/www.revistarambla.com\/en\/ola-de-solidaridad-en-europa-una-semana-de-movilizaciones-por-palestina\/","title":{"rendered":"Ola de solidaridad en Europa: una semana de movilizaciones por Palestina"},"content":{"rendered":"<p>En la \u00faltima semana, del 31 de agosto al 6 de septiembre de 2025, Europa ha sido testigo de una intensa ola de movilizaciones en apoyo al pueblo palestino y en repudio a lo que muchos manifestantes denominan como el \u00abgenocidio\u00bb perpetrado por Israel en la Franja de Gaza. Estas acciones, que han incluido protestas masivas, concentraciones, manifestaciones y actos simb\u00f3licos, reflejan un creciente descontento p\u00fablico con la pol\u00edtica israel\u00ed y la inacci\u00f3n de los gobiernos europeos ante la crisis humanitaria en Gaza. Seg\u00fan datos recopilados de diversas fuentes, miles de personas han salido a las calles en ciudades de Italia, Espa\u00f1a, B\u00e9lgica, Alemania, Francia, Reino Unido e Irlanda, demandando un alto el fuego inmediato, el fin del bloqueo a Gaza y sanciones contra Israel.<\/p>\n<p>Esta oleada de protestas no es aislada; se enmarca en un contexto global de indignaci\u00f3n por la ofensiva israel\u00ed, que ha causado decenas de miles de muertes civiles, incluyendo mujeres y ni\u00f1os, desde octubre de 2023. Organizaciones como la Campa\u00f1a de Solidaridad con Palestina (PSC) y grupos locales han coordinado estas acciones, atrayendo a activistas, pol\u00edticos y ciudadanos comunes. A continuaci\u00f3n, se presenta un resumen cronol\u00f3gico y geogr\u00e1fico de las principales movilizaciones, destacando eventos clave como la salida de la flotilla humanitaria desde Barcelona y los incidentes durante la Vuelta a Espa\u00f1a.<\/p>\n<h2>Salida de la Flotilla Global Sumud desde Barcelona<\/h2>\n<p>La semana comenz\u00f3 con un acto de alto simbolismo el 31 de agosto, cuando la Flotilla Global Sumud zarp\u00f3 desde el puerto de Barcelona con destino a Gaza. Esta iniciativa, organizada por activistas internacionales, incluy\u00f3 alrededor de 20 embarcaciones cargadas con suministros m\u00e9dicos y alimentos, en un esfuerzo por romper el bloqueo israel\u00ed a la Franja. Entre los participantes destacaba la activista clim\u00e1tica sueca Greta Thunberg, quien se uni\u00f3 para denunciar la \u00abilegalidad\u00bb del sitio y llamar a la acci\u00f3n global. \u00abEstamos aqu\u00ed para romper el silencio y el bloqueo\u00bb, declar\u00f3 Thunberg en una rueda de prensa previa a la salida.<\/p>\n<p>El zarpe fue acompa\u00f1ado por manifestaciones de apoyo en varias ciudades europeas. En G\u00e9nova, Italia, unas 50.000 personas marcharon detr\u00e1s de su alcaldesa Silvia Salis, ondeando banderas palestinas y coreando consignas como \u00abLibertad para Palestina\u00bb y \u00abFin al genocidio\u00bb. La marcha, que bloque\u00f3 v\u00edas f\u00e9rreas temporalmente, fue un gesto de solidaridad con la flotilla y un repudio a la complicidad europea en la crisis de Gaza. Similarmente, en Mil\u00e1n, Pisa, Bari y Roma, miles de manifestantes se congregaron, con choques menores con la polic\u00eda cerca del consulado israel\u00ed en Mil\u00e1n. Estas protestas, que atrajeron a unas 300.000 personas en total en Italia, exigieron el fin de las ventas de armas a Israel y un boicot econ\u00f3mico.<\/p>\n<p>En Irlanda, el 31 de agosto, un evento en Ennis reuni\u00f3 a cientos para discutir la \u00abcomplicidad occidental en el genocidio de Gaza\u00bb, con ponentes como Ali Abunimah y Abubaker Abed. Aunque m\u00e1s acad\u00e9mico que callejero, este acto form\u00f3 parte de la campa\u00f1a de la Ireland Palestine Solidarity Campaign (IPSC), que ha impulsado protestas semanales.<\/p>\n<h2>Incidentes en la Vuelta a Espa\u00f1a<\/h2>\n<p>Uno de los momentos m\u00e1s visibles de la semana ocurri\u00f3 durante la Vuelta a Espa\u00f1a, la prestigiosa carrera ciclista que atraviesa el pa\u00eds. El 3 de septiembre, durante la etapa 11, activistas propalestinos intentaron irrumpir en el recorrido, obligando a acortar la etapa y generando caos entre los corredores. \u00abSolo queremos competir\u00bb, declararon varios ciclistas, demandando mayor seguridad.<\/p>\n<p><img decoding=\"async\" class=\"size-full wp-image-66462 aligncenter\" src=\"https:\/\/www.revistarambla.com\/wp-content\/uploads\/2025\/09\/palestina-vuelta-espana.jpeg\" alt=\"movilizaciones por Palestina\" width=\"1600\" height=\"900\" srcset=\"https:\/\/www.revistarambla.com\/wp-content\/uploads\/2025\/09\/palestina-vuelta-espana.jpeg 1600w, https:\/\/www.revistarambla.com\/wp-content\/uploads\/2025\/09\/palestina-vuelta-espana-649x365.jpeg 649w, https:\/\/www.revistarambla.com\/wp-content\/uploads\/2025\/09\/palestina-vuelta-espana-840x473.jpeg 840w, https:\/\/www.revistarambla.com\/wp-content\/uploads\/2025\/09\/palestina-vuelta-espana-500x280.jpeg 500w, https:\/\/www.revistarambla.com\/wp-content\/uploads\/2025\/09\/palestina-vuelta-espana-768x432.jpeg 768w, https:\/\/www.revistarambla.com\/wp-content\/uploads\/2025\/09\/palestina-vuelta-espana-1536x864.jpeg 1536w, https:\/\/www.revistarambla.com\/wp-content\/uploads\/2025\/09\/palestina-vuelta-espana-18x10.jpeg 18w, https:\/\/www.revistarambla.com\/wp-content\/uploads\/2025\/09\/palestina-vuelta-espana-1200x675.jpeg 1200w\" sizes=\"(max-width: 1600px) 100vw, 1600px\" \/><\/p>\n<p>Los incidentes se repitieron el 5 de septiembre en la etapa 13, al pie del m\u00edtico puerto de Angliru, donde manifestantes bloquearon el pelot\u00f3n con pancartas que rezaban \u00abFin al genocidio en Gaza\u00bb y \u00abBoicot a Israel\u00bb. La polic\u00eda espa\u00f1ola detuvo a 12 personas, y el equipo Israel-Premier Tech, de propiedad israel\u00ed, decidi\u00f3 modificar sus uniformes para evitar m\u00e1s tensiones. El ministro de Exteriores espa\u00f1ol, Jos\u00e9 Manuel Albares, respald\u00f3 la idea de expulsar al equipo de la carrera, argumentando que \u00abEuropa no puede tener dobles est\u00e1ndares\u00bb entre Ucrania y Gaza. Estos eventos, que han ensombrecido la competici\u00f3n, destacan c\u00f3mo el conflicto en Gaza ha permeado incluso el \u00e1mbito deportivo, con llamados a boicotear equipos israel\u00edes similares a los vistos en otros eventos europeos.<\/p>\n<h2>Movilizaciones en el Coraz\u00f3n de Europa<\/h2>\n<p>El 3 de septiembre, Bruselas, sede de las instituciones europeas, fue escenario de una concentraci\u00f3n de trabajadores sanitarios frente al Parlamento Europeo. Cientos de m\u00e9dicos, enfermeras y activistas protestaron contra la destrucci\u00f3n del sistema de salud en Gaza por parte de Israel, exigiendo accountability para los perpetradores. \u00abIsrael est\u00e1 exterminando al pueblo de Gaza por todos los medios\u00bb, denunciaron, citando informes de la ONU sobre ataques a hospitales y ambulancias. La manifestaci\u00f3n, organizada por grupos como Act 4 Palestine, incluy\u00f3 testimonios de sobrevivientes y llamados a la Uni\u00f3n Europea para romper relaciones con Israel.<\/p>\n<p>En Alemania, Frankfurt vio protestas masivas el 1 de septiembre, con miles demandando \u00abpaz justa para Palestina\u00bb. Venecia, en Italia, se uni\u00f3 con marchas similares, donde participantes de Suecia, Polonia, Irlanda y Panam\u00e1 compartieron \u00abl\u00edneas de solidaridad\u00bb para Gaza, afirmando: \u00abEstamos con vosotros, Gaza, nunca olvidaremos\u00bb. Estas acciones en Alemania, un pa\u00eds con una historia sensible respecto a Israel, subrayan el cambio en la opini\u00f3n p\u00fablica europea, donde encuestas muestran un giro contra las pol\u00edticas israel\u00edes.<\/p>\n<h2>Protestas en el Reino Unido, Francia y Otros Pa\u00edses<\/h2>\n<p>En el Reino Unido, las movilizaciones continuaron con concentraciones en Londres y otras ciudades. El 31 de agosto, miles marcharon exigiendo el fin de la \u00abguerra de exterminio\u00bb en Gaza, en l\u00ednea con campa\u00f1as de la Palestine Solidarity Campaign. En Francia, Par\u00eds vio una marcha el 30 de agosto \u2014justo antes de la semana en cuesti\u00f3n\u2014, pero el momentum se extendi\u00f3 al 1 de septiembre con protestas menores en varias ciudades, condenando la muerte de periodistas palestinos y demandando un alto el fuego.<\/p>\n<p>B\u00e9lgica y Grecia tambi\u00e9n registraron acciones. En Atenas, el 4 de septiembre, miles manifestaron contra el \u00abgenocidio palestino\u00bb, mientras en Bruselas se repitieron ecos de la protesta sanitaria. En total, se estima que m\u00e1s de 500.000 personas participaron en Europa durante la semana, seg\u00fan agregados de informes locales y redes sociales.<\/p>\n<h2>Avances de la Flotilla y Tensiones en el Mediterr\u00e1neo<\/h2>\n<p>La flotilla, tras regresar a Barcelona el 1 de septiembre por mal tiempo, zarp\u00f3 nuevamente el 2 de septiembre. Para el 6 de septiembre, se acercaba a las costas tunecinas, con planes de unirse a otras embarcaciones desde puertos mediterr\u00e1neos. Israel ha preparado una \u00abmuestra de fuerza\u00bb para interceptarla, generando tensiones diplom\u00e1ticas. Espa\u00f1a ha prometido protecci\u00f3n diplom\u00e1tica a los activistas, con Albares criticando la ofensiva israel\u00ed como \u00absin objetivos militares m\u00e1s all\u00e1 de la destrucci\u00f3n\u00bb.<\/p>\n<p>Una activista espa\u00f1ola en la flotilla declar\u00f3: \u00abDoy mi alma, mi piel y ahora mi cuerpo&#8230; No seremos libres hasta que Palestina lo sea\u00bb. Este esfuerzo humanitario ha galvanizado las protestas, simbolizando la resistencia civil contra la inacci\u00f3n gubernamental.<\/p>\n<p>Esta semana de movilizaciones demuestra que la solidaridad con Palestina ha alcanzado un pico en Europa, impulsada por la indignaci\u00f3n ante la crisis en Gaza. Sin embargo, enfrenta desaf\u00edos: represi\u00f3n policial en algunos casos, como en Italia y Espa\u00f1a, y divisiones pol\u00edticas. Mientras la flotilla avanza y las protestas contin\u00faan, la presi\u00f3n sobre la UE crece para adoptar medidas concretas, como sanciones o un embargo de armas. Como se\u00f1al\u00f3 un manifestante en Bruselas: \u00abEuropa no puede medir con dos varas\u00bb.<\/p>\n<p>El futuro de estas acciones depender\u00e1 de la respuesta internacional, pero una cosa es clara: el pueblo europeo no olvida Gaza.<\/p>","protected":false},"excerpt":{"rendered":"<p>En la \u00faltima semana, del 31 de agosto al 6 de septiembre de 2025, Europa ha sido testigo de una intensa ola de movilizaciones en apoyo al pueblo palestino y en repudio a lo que muchos manifestantes denominan como el \u00abgenocidio\u00bb perpetrado por Israel en la Franja de Gaza. Estas [&hellip;]<\/p>\n","protected":false},"author":3,"featured_media":66461,"comment_status":"closed","ping_status":"closed","sticky":false,"template":"","format":"standard","meta":{"footnotes":""},"categories":[57],"tags":[],"class_list":["post-66460","post","type-post","status-publish","format-standard","has-post-thumbnail","hentry","category-global"],"yoast_head":"<!-- This site is optimized with the Yoast SEO plugin v27.5 - https:\/\/yoast.com\/product\/yoast-seo-wordpress\/ -->\n<title>Ola de solidaridad en Europa: una semana de movilizaciones por Palestina - Revista Rambla<\/title>\n<meta name=\"robots\" content=\"index, follow, max-snippet:-1, max-image-preview:large, max-video-preview:-1\" \/>\n<link rel=\"canonical\" href=\"https:\/\/www.revistarambla.com\/en\/ola-de-solidaridad-en-europa-una-semana-de-movilizaciones-por-palestina\/\" \/>\n<meta property=\"og:locale\" content=\"en_GB\" \/>\n<meta property=\"og:type\" content=\"article\" \/>\n<meta property=\"og:title\" content=\"Ola de solidaridad en Europa: una semana de movilizaciones por Palestina - Revista Rambla\" \/>\n<meta property=\"og:description\" content=\"En la \u00faltima semana, del 31 de agosto al 6 de septiembre de 2025, Europa ha sido testigo de una intensa ola de movilizaciones en apoyo al pueblo palestino y en repudio a lo que muchos manifestantes denominan como el \u00abgenocidio\u00bb perpetrado por Israel en la Franja de Gaza. Estas [&hellip;]\" \/>\n<meta property=\"og:url\" content=\"https:\/\/www.revistarambla.com\/en\/ola-de-solidaridad-en-europa-una-semana-de-movilizaciones-por-palestina\/\" \/>\n<meta property=\"og:site_name\" content=\"Revista Rambla\" \/>\n<meta property=\"article:publisher\" content=\"https:\/\/www.facebook.com\/revistarambla\/\" \/>\n<meta property=\"article:author\" content=\"https:\/\/www.facebook.com\/revistarambla\" \/>\n<meta property=\"article:published_time\" content=\"2025-09-07T09:52:26+00:00\" \/>\n<meta property=\"article:modified_time\" content=\"2025-09-09T18:01:38+00:00\" \/>\n<meta property=\"og:image\" content=\"https:\/\/www.revistarambla.com\/wp-content\/uploads\/2025\/09\/palestina-vuelta-a-espana2.jpeg\" \/>\n\t<meta property=\"og:image:width\" content=\"2000\" \/>\n\t<meta property=\"og:image:height\" content=\"1125\" \/>\n\t<meta property=\"og:image:type\" content=\"image\/jpeg\" \/>\n<meta name=\"author\" content=\"R@mbla\" \/>\n<meta name=\"twitter:card\" content=\"summary_large_image\" \/>\n<meta name=\"twitter:creator\" content=\"@revistarambla\" \/>\n<meta name=\"twitter:site\" content=\"@revistarambla\" \/>\n<meta name=\"twitter:label1\" content=\"Written by\" \/>\n\t<meta name=\"twitter:data1\" content=\"R@mbla\" \/>\n\t<meta name=\"twitter:label2\" content=\"Estimated reading time\" \/>\n\t<meta name=\"twitter:data2\" content=\"7 minutes\" \/>\n<script type=\"application\/ld+json\" class=\"yoast-schema-graph\">{\"@context\":\"https:\\\/\\\/schema.org\",\"@graph\":[{\"@type\":\"Article\",\"@id\":\"https:\\\/\\\/www.revistarambla.com\\\/ola-de-solidaridad-en-europa-una-semana-de-movilizaciones-por-palestina\\\/#article\",\"isPartOf\":{\"@id\":\"https:\\\/\\\/www.revistarambla.com\\\/ola-de-solidaridad-en-europa-una-semana-de-movilizaciones-por-palestina\\\/\"},\"author\":{\"name\":\"R@mbla\",\"@id\":\"https:\\\/\\\/www.revistarambla.com\\\/#\\\/schema\\\/person\\\/a146a5a2550b94981a75131180e1bd9c\"},\"headline\":\"Ola de solidaridad en Europa: una semana de movilizaciones por Palestina\",\"datePublished\":\"2025-09-07T09:52:26+00:00\",\"dateModified\":\"2025-09-09T18:01:38+00:00\",\"mainEntityOfPage\":{\"@id\":\"https:\\\/\\\/www.revistarambla.com\\\/ola-de-solidaridad-en-europa-una-semana-de-movilizaciones-por-palestina\\\/\"},\"wordCount\":1296,\"publisher\":{\"@id\":\"https:\\\/\\\/www.revistarambla.com\\\/#organization\"},\"image\":{\"@id\":\"https:\\\/\\\/www.revistarambla.com\\\/ola-de-solidaridad-en-europa-una-semana-de-movilizaciones-por-palestina\\\/#primaryimage\"},\"thumbnailUrl\":\"https:\\\/\\\/www.revistarambla.com\\\/wp-content\\\/uploads\\\/2025\\\/09\\\/palestina-vuelta-a-espana2.jpeg\",\"articleSection\":[\"Global\"],\"inLanguage\":\"en-GB\"},{\"@type\":\"WebPage\",\"@id\":\"https:\\\/\\\/www.revistarambla.com\\\/ola-de-solidaridad-en-europa-una-semana-de-movilizaciones-por-palestina\\\/\",\"url\":\"https:\\\/\\\/www.revistarambla.com\\\/ola-de-solidaridad-en-europa-una-semana-de-movilizaciones-por-palestina\\\/\",\"name\":\"Ola de solidaridad en Europa: una semana de movilizaciones por Palestina - Revista Rambla\",\"isPartOf\":{\"@id\":\"https:\\\/\\\/www.revistarambla.com\\\/#website\"},\"primaryImageOfPage\":{\"@id\":\"https:\\\/\\\/www.revistarambla.com\\\/ola-de-solidaridad-en-europa-una-semana-de-movilizaciones-por-palestina\\\/#primaryimage\"},\"image\":{\"@id\":\"https:\\\/\\\/www.revistarambla.com\\\/ola-de-solidaridad-en-europa-una-semana-de-movilizaciones-por-palestina\\\/#primaryimage\"},\"thumbnailUrl\":\"https:\\\/\\\/www.revistarambla.com\\\/wp-content\\\/uploads\\\/2025\\\/09\\\/palestina-vuelta-a-espana2.jpeg\",\"datePublished\":\"2025-09-07T09:52:26+00:00\",\"dateModified\":\"2025-09-09T18:01:38+00:00\",\"breadcrumb\":{\"@id\":\"https:\\\/\\\/www.revistarambla.com\\\/ola-de-solidaridad-en-europa-una-semana-de-movilizaciones-por-palestina\\\/#breadcrumb\"},\"inLanguage\":\"en-GB\",\"potentialAction\":[{\"@type\":\"ReadAction\",\"target\":[\"https:\\\/\\\/www.revistarambla.com\\\/ola-de-solidaridad-en-europa-una-semana-de-movilizaciones-por-palestina\\\/\"]}]},{\"@type\":\"ImageObject\",\"inLanguage\":\"en-GB\",\"@id\":\"https:\\\/\\\/www.revistarambla.com\\\/ola-de-solidaridad-en-europa-una-semana-de-movilizaciones-por-palestina\\\/#primaryimage\",\"url\":\"https:\\\/\\\/www.revistarambla.com\\\/wp-content\\\/uploads\\\/2025\\\/09\\\/palestina-vuelta-a-espana2.jpeg\",\"contentUrl\":\"https:\\\/\\\/www.revistarambla.com\\\/wp-content\\\/uploads\\\/2025\\\/09\\\/palestina-vuelta-a-espana2.jpeg\",\"width\":2000,\"height\":1125,\"caption\":\"movilizaciones por Palestina\"},{\"@type\":\"BreadcrumbList\",\"@id\":\"https:\\\/\\\/www.revistarambla.com\\\/ola-de-solidaridad-en-europa-una-semana-de-movilizaciones-por-palestina\\\/#breadcrumb\",\"itemListElement\":[{\"@type\":\"ListItem\",\"position\":1,\"name\":\"Portada\",\"item\":\"https:\\\/\\\/www.revistarambla.com\\\/\"},{\"@type\":\"ListItem\",\"position\":2,\"name\":\"Ola de solidaridad en Europa: una semana de movilizaciones por Palestina\"}]},{\"@type\":\"WebSite\",\"@id\":\"https:\\\/\\\/www.revistarambla.com\\\/#website\",\"url\":\"https:\\\/\\\/www.revistarambla.com\\\/\",\"name\":\"Revista Rambla Barcelona\",\"description\":\"Periodismo independiente\",\"publisher\":{\"@id\":\"https:\\\/\\\/www.revistarambla.com\\\/#organization\"},\"potentialAction\":[{\"@type\":\"SearchAction\",\"target\":{\"@type\":\"EntryPoint\",\"urlTemplate\":\"https:\\\/\\\/www.revistarambla.com\\\/?s={search_term_string}\"},\"query-input\":{\"@type\":\"PropertyValueSpecification\",\"valueRequired\":true,\"valueName\":\"search_term_string\"}}],\"inLanguage\":\"en-GB\"},{\"@type\":\"Organization\",\"@id\":\"https:\\\/\\\/www.revistarambla.com\\\/#organization\",\"name\":\"Revista Rambla\",\"url\":\"https:\\\/\\\/www.revistarambla.com\\\/\",\"logo\":{\"@type\":\"ImageObject\",\"inLanguage\":\"en-GB\",\"@id\":\"https:\\\/\\\/www.revistarambla.com\\\/#\\\/schema\\\/logo\\\/image\\\/\",\"url\":\"https:\\\/\\\/www.revistarambla.com\\\/wp-content\\\/uploads\\\/2020\\\/09\\\/banner_rambla_1900x600_BB.png\",\"contentUrl\":\"https:\\\/\\\/www.revistarambla.com\\\/wp-content\\\/uploads\\\/2020\\\/09\\\/banner_rambla_1900x600_BB.png\",\"width\":1900,\"height\":600,\"caption\":\"Revista Rambla\"},\"image\":{\"@id\":\"https:\\\/\\\/www.revistarambla.com\\\/#\\\/schema\\\/logo\\\/image\\\/\"},\"sameAs\":[\"https:\\\/\\\/www.facebook.com\\\/revistarambla\\\/\",\"https:\\\/\\\/x.com\\\/revistarambla\",\"https:\\\/\\\/www.instagram.com\\\/revista_rambla\",\"https:\\\/\\\/es.linkedin.com\\\/company\\\/revista-rambla\"]},{\"@type\":\"Person\",\"@id\":\"https:\\\/\\\/www.revistarambla.com\\\/#\\\/schema\\\/person\\\/a146a5a2550b94981a75131180e1bd9c\",\"name\":\"R@mbla\",\"description\":\"Este art\u00edculo ha sido redactado y\\\/o validado por el equipo de redacci\u00f3n de Revista Rambla.\",\"sameAs\":[\"https:\\\/\\\/www.revistarambla.com\\\/\",\"https:\\\/\\\/www.facebook.com\\\/revistarambla\",\"https:\\\/\\\/x.com\\\/revistarambla\"]}]}<\/script>\n<!-- \/ Yoast SEO plugin. -->","yoast_head_json":{"title":"Ola de solidaridad en Europa: una semana de movilizaciones por Palestina - Revista Rambla","robots":{"index":"index","follow":"follow","max-snippet":"max-snippet:-1","max-image-preview":"max-image-preview:large","max-video-preview":"max-video-preview:-1"},"canonical":"https:\/\/www.revistarambla.com\/en\/ola-de-solidaridad-en-europa-una-semana-de-movilizaciones-por-palestina\/","og_locale":"en_GB","og_type":"article","og_title":"Ola de solidaridad en Europa: una semana de movilizaciones por Palestina - Revista Rambla","og_description":"En la \u00faltima semana, del 31 de agosto al 6 de septiembre de 2025, Europa ha sido testigo de una intensa ola de movilizaciones en apoyo al pueblo palestino y en repudio a lo que muchos manifestantes denominan como el \u00abgenocidio\u00bb perpetrado por Israel en la Franja de Gaza. Estas [&hellip;]","og_url":"https:\/\/www.revistarambla.com\/en\/ola-de-solidaridad-en-europa-una-semana-de-movilizaciones-por-palestina\/","og_site_name":"Revista Rambla","article_publisher":"https:\/\/www.facebook.com\/revistarambla\/","article_author":"https:\/\/www.facebook.com\/revistarambla","article_published_time":"2025-09-07T09:52:26+00:00","article_modified_time":"2025-09-09T18:01:38+00:00","og_image":[{"width":2000,"height":1125,"url":"https:\/\/www.revistarambla.com\/wp-content\/uploads\/2025\/09\/palestina-vuelta-a-espana2.jpeg","type":"image\/jpeg"}],"author":"R@mbla","twitter_card":"summary_large_image","twitter_creator":"@revistarambla","twitter_site":"@revistarambla","twitter_misc":{"Written by":"R@mbla","Estimated reading time":"7 minutes"},"schema":{"@context":"https:\/\/schema.org","@graph":[{"@type":"Article","@id":"https:\/\/www.revistarambla.com\/ola-de-solidaridad-en-europa-una-semana-de-movilizaciones-por-palestina\/#article","isPartOf":{"@id":"https:\/\/www.revistarambla.com\/ola-de-solidaridad-en-europa-una-semana-de-movilizaciones-por-palestina\/"},"author":{"name":"R@mbla","@id":"https:\/\/www.revistarambla.com\/#\/schema\/person\/a146a5a2550b94981a75131180e1bd9c"},"headline":"Ola de solidaridad en Europa: una semana de movilizaciones por Palestina","datePublished":"2025-09-07T09:52:26+00:00","dateModified":"2025-09-09T18:01:38+00:00","mainEntityOfPage":{"@id":"https:\/\/www.revistarambla.com\/ola-de-solidaridad-en-europa-una-semana-de-movilizaciones-por-palestina\/"},"wordCount":1296,"publisher":{"@id":"https:\/\/www.revistarambla.com\/#organization"},"image":{"@id":"https:\/\/www.revistarambla.com\/ola-de-solidaridad-en-europa-una-semana-de-movilizaciones-por-palestina\/#primaryimage"},"thumbnailUrl":"https:\/\/www.revistarambla.com\/wp-content\/uploads\/2025\/09\/palestina-vuelta-a-espana2.jpeg","articleSection":["Global"],"inLanguage":"en-GB"},{"@type":"WebPage","@id":"https:\/\/www.revistarambla.com\/ola-de-solidaridad-en-europa-una-semana-de-movilizaciones-por-palestina\/","url":"https:\/\/www.revistarambla.com\/ola-de-solidaridad-en-europa-una-semana-de-movilizaciones-por-palestina\/","name":"Ola de solidaridad en Europa: una semana de movilizaciones por Palestina - Revista Rambla","isPartOf":{"@id":"https:\/\/www.revistarambla.com\/#website"},"primaryImageOfPage":{"@id":"https:\/\/www.revistarambla.com\/ola-de-solidaridad-en-europa-una-semana-de-movilizaciones-por-palestina\/#primaryimage"},"image":{"@id":"https:\/\/www.revistarambla.com\/ola-de-solidaridad-en-europa-una-semana-de-movilizaciones-por-palestina\/#primaryimage"},"thumbnailUrl":"https:\/\/www.revistarambla.com\/wp-content\/uploads\/2025\/09\/palestina-vuelta-a-espana2.jpeg","datePublished":"2025-09-07T09:52:26+00:00","dateModified":"2025-09-09T18:01:38+00:00","breadcrumb":{"@id":"https:\/\/www.revistarambla.com\/ola-de-solidaridad-en-europa-una-semana-de-movilizaciones-por-palestina\/#breadcrumb"},"inLanguage":"en-GB","potentialAction":[{"@type":"ReadAction","target":["https:\/\/www.revistarambla.com\/ola-de-solidaridad-en-europa-una-semana-de-movilizaciones-por-palestina\/"]}]},{"@type":"ImageObject","inLanguage":"en-GB","@id":"https:\/\/www.revistarambla.com\/ola-de-solidaridad-en-europa-una-semana-de-movilizaciones-por-palestina\/#primaryimage","url":"https:\/\/www.revistarambla.com\/wp-content\/uploads\/2025\/09\/palestina-vuelta-a-espana2.jpeg","contentUrl":"https:\/\/www.revistarambla.com\/wp-content\/uploads\/2025\/09\/palestina-vuelta-a-espana2.jpeg","width":2000,"height":1125,"caption":"movilizaciones por Palestina"},{"@type":"BreadcrumbList","@id":"https:\/\/www.revistarambla.com\/ola-de-solidaridad-en-europa-una-semana-de-movilizaciones-por-palestina\/#breadcrumb","itemListElement":[{"@type":"ListItem","position":1,"name":"Portada","item":"https:\/\/www.revistarambla.com\/"},{"@type":"ListItem","position":2,"name":"Ola de solidaridad en Europa: una semana de movilizaciones por Palestina"}]},{"@type":"WebSite","@id":"https:\/\/www.revistarambla.com\/#website","url":"https:\/\/www.revistarambla.com\/","name":"Revista Rambla Barcelona","description":"Periodismo independiente","publisher":{"@id":"https:\/\/www.revistarambla.com\/#organization"},"potentialAction":[{"@type":"SearchAction","target":{"@type":"EntryPoint","urlTemplate":"https:\/\/www.revistarambla.com\/?s={search_term_string}"},"query-input":{"@type":"PropertyValueSpecification","valueRequired":true,"valueName":"search_term_string"}}],"inLanguage":"en-GB"},{"@type":"Organization","@id":"https:\/\/www.revistarambla.com\/#organization","name":"Revista Rambla","url":"https:\/\/www.revistarambla.com\/","logo":{"@type":"ImageObject","inLanguage":"en-GB","@id":"https:\/\/www.revistarambla.com\/#\/schema\/logo\/image\/","url":"https:\/\/www.revistarambla.com\/wp-content\/uploads\/2020\/09\/banner_rambla_1900x600_BB.png","contentUrl":"https:\/\/www.revistarambla.com\/wp-content\/uploads\/2020\/09\/banner_rambla_1900x600_BB.png","width":1900,"height":600,"caption":"Revista Rambla"},"image":{"@id":"https:\/\/www.revistarambla.com\/#\/schema\/logo\/image\/"},"sameAs":["https:\/\/www.facebook.com\/revistarambla\/","https:\/\/x.com\/revistarambla","https:\/\/www.instagram.com\/revista_rambla","https:\/\/es.linkedin.com\/company\/revista-rambla"]},{"@type":"Person","@id":"https:\/\/www.revistarambla.com\/#\/schema\/person\/a146a5a2550b94981a75131180e1bd9c","name":"R@mbla","description":"Este art\u00edculo ha sido redactado y\/o validado por el equipo de redacci\u00f3n de Revista Rambla.","sameAs":["https:\/\/www.revistarambla.com\/","https:\/\/www.facebook.com\/revistarambla","https:\/\/x.com\/revistarambla"]}]}},"_links":{"self":[{"href":"https:\/\/www.revistarambla.com\/en\/wp-json\/wp\/v2\/posts\/66460","targetHints":{"allow":["GET"]}}],"collection":[{"href":"https:\/\/www.revistarambla.com\/en\/wp-json\/wp\/v2\/posts"}],"about":[{"href":"https:\/\/www.revistarambla.com\/en\/wp-json\/wp\/v2\/types\/post"}],"author":[{"embeddable":true,"href":"https:\/\/www.revistarambla.com\/en\/wp-json\/wp\/v2\/users\/3"}],"replies":[{"embeddable":true,"href":"https:\/\/www.revistarambla.com\/en\/wp-json\/wp\/v2\/comments?post=66460"}],"version-history":[{"count":1,"href":"https:\/\/www.revistarambla.com\/en\/wp-json\/wp\/v2\/posts\/66460\/revisions"}],"predecessor-version":[{"id":66463,"href":"https:\/\/www.revistarambla.com\/en\/wp-json\/wp\/v2\/posts\/66460\/revisions\/66463"}],"wp:featuredmedia":[{"embeddable":true,"href":"https:\/\/www.revistarambla.com\/en\/wp-json\/wp\/v2\/media\/66461"}],"wp:attachment":[{"href":"https:\/\/www.revistarambla.com\/en\/wp-json\/wp\/v2\/media?parent=66460"}],"wp:term":[{"taxonomy":"category","embeddable":true,"href":"https:\/\/www.revistarambla.com\/en\/wp-json\/wp\/v2\/categories?post=66460"},{"taxonomy":"post_tag","embeddable":true,"href":"https:\/\/www.revistarambla.com\/en\/wp-json\/wp\/v2\/tags?post=66460"}],"curies":[{"name":"wp","href":"https:\/\/api.w.org\/{rel}","templated":true}]}}