{"id":66457,"date":"2025-09-07T11:40:51","date_gmt":"2025-09-07T09:40:51","guid":{"rendered":"https:\/\/www.revistarambla.com\/?p=66457"},"modified":"2025-09-07T11:40:51","modified_gmt":"2025-09-07T09:40:51","slug":"el-poeta-y-la-taxista","status":"publish","type":"post","link":"https:\/\/www.revistarambla.com\/en\/el-poeta-y-la-taxista\/","title":{"rendered":"El poeta y la taxista"},"content":{"rendered":"<p>Un escritor europeo lleg\u00f3 a Bangkok buscando inspiraci\u00f3n. Hab\u00eda le\u00eddo que la ciudad era un cruce de mundos, un lugar donde lo antiguo y lo moderno se encontraban en cada esquina. Una noche tom\u00f3 un taxi conducido por una mujer de sonrisa luminosa, que parec\u00eda comprender la ciudad mucho mejor que cualquier gu\u00eda.<\/p>\n<p>El poeta, fascinado por sus ojos y por la suavidad de su voz, intent\u00f3 conmoverla con versos improvisados. Le recit\u00f3 poemas largos, cargados de pathos, con la esperanza de despertar en ella una emoci\u00f3n profunda, de arrancar una confesi\u00f3n, de encender una chispa.<\/p>\n<p>Ella, sin embargo, no contest\u00f3 con palabras ni con suspiros, sino con peque\u00f1as sonrisas fugaces. Unas eran de cortes\u00eda, otras de timidez, otras casi de disculpa. Cuando \u00e9l, insistente, le entreg\u00f3 un poema escrito en una hoja arrugada, ella lo recibi\u00f3 en silencio y respondi\u00f3 con una sonrisa m\u00e1s, breve como un parpadeo.<\/p>\n<p>El escritor pens\u00f3:<\/p>\n<p>\u2014Esta mujer es demasiado indolente. Mis sentimientos son llamas y ella solo me devuelve un reflejo tenue.<\/p>\n<p>Ella, mientras lo ve\u00eda alejarse, pens\u00f3:<\/p>\n<p>\u2014Este hombre necesita que alguien lo cuide. Si escribe poemas tan largos y siente tanto por completos desconocidos, en Bangkok solo recibir\u00e1 sonrisas de despedida.<\/p>\n<p>El destino, que a veces juega con los corazones distra\u00eddos, los volvi\u00f3 a cruzar. Unos d\u00edas despu\u00e9s chocaron sin querer caminando en un mercado. Esta vez, \u00e9l no le recit\u00f3 nada. Solo le regal\u00f3 una sonrisa sencilla, sin pathos, sin ret\u00f3rica.<\/p>\n<p>Ella, sorprendida, le devolvi\u00f3 no una sonrisa fugaz, sino una confesi\u00f3n:<\/p>\n<p>\u2014Te he echado de menos. Guard\u00e9 tu poema, aunque no supe c\u00f3mo dec\u00edrtelo.<\/p>\n<p>En esa esquina abarrotada, entre puestos de especias y faroles encendidos, ella abri\u00f3 su coraz\u00f3n. Y \u00e9l comprendi\u00f3 que la profundidad del sentimiento no siempre est\u00e1 en la intensidad de las palabras, sino en la franqueza del gesto compartido.<\/p>\n<p>Y aunque el mundo sea muy antiguo y algunos dioses hayan muerto, no fue por sus pecados. Fue porque las \u00e9pocas cambian, y cada cultura inventa sus propios caminos para mantener viva la llama de lo humano.<\/p>\n<h3>Moraleja<\/h3>\n<p>La historia del escritor y la taxista es met\u00e1fora del encuentro entre Europa y Asia: uno trae discursos, filosof\u00edas y emociones volcadas en palabras; el otro, gestos, c\u00f3digos silenciosos y sonrisas que sostienen la armon\u00eda. Para que ambos se entiendan, no basta con insistir en lo propio: hay que aprender a leer al otro.<\/p>\n<p>En un tiempo donde la econom\u00eda y la estrategia vuelven a unir continentes, la clave no es la fuerza ni la astucia, sino la confianza y la empat\u00eda. Europa y Asia, como el poeta y la taxista, deben sonre\u00edrse y abrirse el coraz\u00f3n: solo as\u00ed el camino compartido ser\u00e1 verdadero.<\/p>","protected":false},"excerpt":{"rendered":"<p>Un escritor europeo lleg\u00f3 a Bangkok buscando inspiraci\u00f3n. Hab\u00eda le\u00eddo que la ciudad era un cruce de mundos, un lugar donde lo antiguo y lo moderno se encontraban en cada esquina. Una noche tom\u00f3 un taxi conducido por una mujer de sonrisa luminosa, que parec\u00eda comprender la ciudad mucho mejor [&hellip;]<\/p>\n","protected":false},"author":294,"featured_media":66458,"comment_status":"closed","ping_status":"closed","sticky":false,"template":"","format":"standard","meta":{"footnotes":""},"categories":[3908],"tags":[],"class_list":["post-66457","post","type-post","status-publish","format-standard","has-post-thumbnail","hentry","category-la-bodeguita-de-hemingway"],"yoast_head":"<!-- This site is optimized with the Yoast SEO plugin v27.5 - https:\/\/yoast.com\/product\/yoast-seo-wordpress\/ -->\n<title>El poeta y la taxista - Revista Rambla<\/title>\n<meta name=\"robots\" content=\"index, follow, max-snippet:-1, max-image-preview:large, max-video-preview:-1\" \/>\n<link rel=\"canonical\" href=\"https:\/\/www.revistarambla.com\/en\/el-poeta-y-la-taxista\/\" \/>\n<meta property=\"og:locale\" content=\"en_GB\" \/>\n<meta property=\"og:type\" content=\"article\" \/>\n<meta property=\"og:title\" content=\"El poeta y la taxista - Revista Rambla\" \/>\n<meta property=\"og:description\" content=\"Un escritor europeo lleg\u00f3 a Bangkok buscando inspiraci\u00f3n. Hab\u00eda le\u00eddo que la ciudad era un cruce de mundos, un lugar donde lo antiguo y lo moderno se encontraban en cada esquina. Una noche tom\u00f3 un taxi conducido por una mujer de sonrisa luminosa, que parec\u00eda comprender la ciudad mucho mejor [&hellip;]\" \/>\n<meta property=\"og:url\" content=\"https:\/\/www.revistarambla.com\/en\/el-poeta-y-la-taxista\/\" \/>\n<meta property=\"og:site_name\" content=\"Revista Rambla\" \/>\n<meta property=\"article:publisher\" content=\"https:\/\/www.facebook.com\/revistarambla\/\" \/>\n<meta property=\"article:published_time\" content=\"2025-09-07T09:40:51+00:00\" \/>\n<meta property=\"og:image\" content=\"https:\/\/www.revistarambla.com\/wp-content\/uploads\/2025\/09\/7324e1e0-5a1a-42b7-b2b1-5f08d79240d8.jpg\" \/>\n\t<meta property=\"og:image:width\" content=\"960\" \/>\n\t<meta property=\"og:image:height\" content=\"960\" \/>\n\t<meta property=\"og:image:type\" content=\"image\/jpeg\" \/>\n<meta name=\"author\" content=\"Jos\u00e9 Antonio Gamero Romero\" \/>\n<meta name=\"twitter:card\" content=\"summary_large_image\" \/>\n<meta name=\"twitter:creator\" content=\"@revistarambla\" \/>\n<meta name=\"twitter:site\" content=\"@revistarambla\" \/>\n<meta name=\"twitter:label1\" content=\"Written by\" \/>\n\t<meta name=\"twitter:data1\" content=\"Jos\u00e9 Antonio Gamero Romero\" \/>\n\t<meta name=\"twitter:label2\" content=\"Estimated reading time\" \/>\n\t<meta name=\"twitter:data2\" content=\"3 minutes\" \/>\n<script type=\"application\/ld+json\" class=\"yoast-schema-graph\">{\"@context\":\"https:\\\/\\\/schema.org\",\"@graph\":[{\"@type\":\"Article\",\"@id\":\"https:\\\/\\\/www.revistarambla.com\\\/el-poeta-y-la-taxista\\\/#article\",\"isPartOf\":{\"@id\":\"https:\\\/\\\/www.revistarambla.com\\\/el-poeta-y-la-taxista\\\/\"},\"author\":{\"name\":\"Jos\u00e9 Antonio Gamero Romero\",\"@id\":\"https:\\\/\\\/www.revistarambla.com\\\/#\\\/schema\\\/person\\\/94294f57cf4910853e3280fda7339bfc\"},\"headline\":\"El poeta y la taxista\",\"datePublished\":\"2025-09-07T09:40:51+00:00\",\"mainEntityOfPage\":{\"@id\":\"https:\\\/\\\/www.revistarambla.com\\\/el-poeta-y-la-taxista\\\/\"},\"wordCount\":478,\"publisher\":{\"@id\":\"https:\\\/\\\/www.revistarambla.com\\\/#organization\"},\"image\":{\"@id\":\"https:\\\/\\\/www.revistarambla.com\\\/el-poeta-y-la-taxista\\\/#primaryimage\"},\"thumbnailUrl\":\"https:\\\/\\\/www.revistarambla.com\\\/wp-content\\\/uploads\\\/2025\\\/09\\\/7324e1e0-5a1a-42b7-b2b1-5f08d79240d8.jpg\",\"articleSection\":[\"La bodeguita de Hemingway\"],\"inLanguage\":\"en-GB\"},{\"@type\":\"WebPage\",\"@id\":\"https:\\\/\\\/www.revistarambla.com\\\/el-poeta-y-la-taxista\\\/\",\"url\":\"https:\\\/\\\/www.revistarambla.com\\\/el-poeta-y-la-taxista\\\/\",\"name\":\"El poeta y la taxista - Revista Rambla\",\"isPartOf\":{\"@id\":\"https:\\\/\\\/www.revistarambla.com\\\/#website\"},\"primaryImageOfPage\":{\"@id\":\"https:\\\/\\\/www.revistarambla.com\\\/el-poeta-y-la-taxista\\\/#primaryimage\"},\"image\":{\"@id\":\"https:\\\/\\\/www.revistarambla.com\\\/el-poeta-y-la-taxista\\\/#primaryimage\"},\"thumbnailUrl\":\"https:\\\/\\\/www.revistarambla.com\\\/wp-content\\\/uploads\\\/2025\\\/09\\\/7324e1e0-5a1a-42b7-b2b1-5f08d79240d8.jpg\",\"datePublished\":\"2025-09-07T09:40:51+00:00\",\"breadcrumb\":{\"@id\":\"https:\\\/\\\/www.revistarambla.com\\\/el-poeta-y-la-taxista\\\/#breadcrumb\"},\"inLanguage\":\"en-GB\",\"potentialAction\":[{\"@type\":\"ReadAction\",\"target\":[\"https:\\\/\\\/www.revistarambla.com\\\/el-poeta-y-la-taxista\\\/\"]}]},{\"@type\":\"ImageObject\",\"inLanguage\":\"en-GB\",\"@id\":\"https:\\\/\\\/www.revistarambla.com\\\/el-poeta-y-la-taxista\\\/#primaryimage\",\"url\":\"https:\\\/\\\/www.revistarambla.com\\\/wp-content\\\/uploads\\\/2025\\\/09\\\/7324e1e0-5a1a-42b7-b2b1-5f08d79240d8.jpg\",\"contentUrl\":\"https:\\\/\\\/www.revistarambla.com\\\/wp-content\\\/uploads\\\/2025\\\/09\\\/7324e1e0-5a1a-42b7-b2b1-5f08d79240d8.jpg\",\"width\":960,\"height\":960,\"caption\":\"TAXISTA\"},{\"@type\":\"BreadcrumbList\",\"@id\":\"https:\\\/\\\/www.revistarambla.com\\\/el-poeta-y-la-taxista\\\/#breadcrumb\",\"itemListElement\":[{\"@type\":\"ListItem\",\"position\":1,\"name\":\"Portada\",\"item\":\"https:\\\/\\\/www.revistarambla.com\\\/\"},{\"@type\":\"ListItem\",\"position\":2,\"name\":\"El poeta y la taxista\"}]},{\"@type\":\"WebSite\",\"@id\":\"https:\\\/\\\/www.revistarambla.com\\\/#website\",\"url\":\"https:\\\/\\\/www.revistarambla.com\\\/\",\"name\":\"Revista Rambla Barcelona\",\"description\":\"Periodismo independiente\",\"publisher\":{\"@id\":\"https:\\\/\\\/www.revistarambla.com\\\/#organization\"},\"potentialAction\":[{\"@type\":\"SearchAction\",\"target\":{\"@type\":\"EntryPoint\",\"urlTemplate\":\"https:\\\/\\\/www.revistarambla.com\\\/?s={search_term_string}\"},\"query-input\":{\"@type\":\"PropertyValueSpecification\",\"valueRequired\":true,\"valueName\":\"search_term_string\"}}],\"inLanguage\":\"en-GB\"},{\"@type\":\"Organization\",\"@id\":\"https:\\\/\\\/www.revistarambla.com\\\/#organization\",\"name\":\"Revista Rambla\",\"url\":\"https:\\\/\\\/www.revistarambla.com\\\/\",\"logo\":{\"@type\":\"ImageObject\",\"inLanguage\":\"en-GB\",\"@id\":\"https:\\\/\\\/www.revistarambla.com\\\/#\\\/schema\\\/logo\\\/image\\\/\",\"url\":\"https:\\\/\\\/www.revistarambla.com\\\/wp-content\\\/uploads\\\/2020\\\/09\\\/banner_rambla_1900x600_BB.png\",\"contentUrl\":\"https:\\\/\\\/www.revistarambla.com\\\/wp-content\\\/uploads\\\/2020\\\/09\\\/banner_rambla_1900x600_BB.png\",\"width\":1900,\"height\":600,\"caption\":\"Revista Rambla\"},\"image\":{\"@id\":\"https:\\\/\\\/www.revistarambla.com\\\/#\\\/schema\\\/logo\\\/image\\\/\"},\"sameAs\":[\"https:\\\/\\\/www.facebook.com\\\/revistarambla\\\/\",\"https:\\\/\\\/x.com\\\/revistarambla\",\"https:\\\/\\\/www.instagram.com\\\/revista_rambla\",\"https:\\\/\\\/es.linkedin.com\\\/company\\\/revista-rambla\"]},{\"@type\":\"Person\",\"@id\":\"https:\\\/\\\/www.revistarambla.com\\\/#\\\/schema\\\/person\\\/94294f57cf4910853e3280fda7339bfc\",\"name\":\"Jos\u00e9 Antonio Gamero Romero\",\"description\":\"Escritor sevillano finalista del premio Azor\u00edn 2014. Ha publicado en diferentes revistas como Culturamas, E\u00f1e, Visor, etc. Sus libros son: 'La invenci\u00f3n de los gigantes' (Buc\u00e9falo 2016); 'Literatura tridimensional' (Adarve 2018); 'S\u00f3crates no vino a Espa\u00f1a' (Samarcanda 2018); 'La rep\u00fablica del fin del mundo' (Tandaia 2018) y 'La bodeguita de Hemingway'.\"}]}<\/script>\n<!-- \/ Yoast SEO plugin. -->","yoast_head_json":{"title":"El poeta y la taxista - Revista Rambla","robots":{"index":"index","follow":"follow","max-snippet":"max-snippet:-1","max-image-preview":"max-image-preview:large","max-video-preview":"max-video-preview:-1"},"canonical":"https:\/\/www.revistarambla.com\/en\/el-poeta-y-la-taxista\/","og_locale":"en_GB","og_type":"article","og_title":"El poeta y la taxista - Revista Rambla","og_description":"Un escritor europeo lleg\u00f3 a Bangkok buscando inspiraci\u00f3n. Hab\u00eda le\u00eddo que la ciudad era un cruce de mundos, un lugar donde lo antiguo y lo moderno se encontraban en cada esquina. Una noche tom\u00f3 un taxi conducido por una mujer de sonrisa luminosa, que parec\u00eda comprender la ciudad mucho mejor [&hellip;]","og_url":"https:\/\/www.revistarambla.com\/en\/el-poeta-y-la-taxista\/","og_site_name":"Revista Rambla","article_publisher":"https:\/\/www.facebook.com\/revistarambla\/","article_published_time":"2025-09-07T09:40:51+00:00","og_image":[{"width":960,"height":960,"url":"https:\/\/www.revistarambla.com\/wp-content\/uploads\/2025\/09\/7324e1e0-5a1a-42b7-b2b1-5f08d79240d8.jpg","type":"image\/jpeg"}],"author":"Jos\u00e9 Antonio Gamero Romero","twitter_card":"summary_large_image","twitter_creator":"@revistarambla","twitter_site":"@revistarambla","twitter_misc":{"Written by":"Jos\u00e9 Antonio Gamero Romero","Estimated reading time":"3 minutes"},"schema":{"@context":"https:\/\/schema.org","@graph":[{"@type":"Article","@id":"https:\/\/www.revistarambla.com\/el-poeta-y-la-taxista\/#article","isPartOf":{"@id":"https:\/\/www.revistarambla.com\/el-poeta-y-la-taxista\/"},"author":{"name":"Jos\u00e9 Antonio Gamero Romero","@id":"https:\/\/www.revistarambla.com\/#\/schema\/person\/94294f57cf4910853e3280fda7339bfc"},"headline":"El poeta y la taxista","datePublished":"2025-09-07T09:40:51+00:00","mainEntityOfPage":{"@id":"https:\/\/www.revistarambla.com\/el-poeta-y-la-taxista\/"},"wordCount":478,"publisher":{"@id":"https:\/\/www.revistarambla.com\/#organization"},"image":{"@id":"https:\/\/www.revistarambla.com\/el-poeta-y-la-taxista\/#primaryimage"},"thumbnailUrl":"https:\/\/www.revistarambla.com\/wp-content\/uploads\/2025\/09\/7324e1e0-5a1a-42b7-b2b1-5f08d79240d8.jpg","articleSection":["La bodeguita de Hemingway"],"inLanguage":"en-GB"},{"@type":"WebPage","@id":"https:\/\/www.revistarambla.com\/el-poeta-y-la-taxista\/","url":"https:\/\/www.revistarambla.com\/el-poeta-y-la-taxista\/","name":"El poeta y la taxista - Revista Rambla","isPartOf":{"@id":"https:\/\/www.revistarambla.com\/#website"},"primaryImageOfPage":{"@id":"https:\/\/www.revistarambla.com\/el-poeta-y-la-taxista\/#primaryimage"},"image":{"@id":"https:\/\/www.revistarambla.com\/el-poeta-y-la-taxista\/#primaryimage"},"thumbnailUrl":"https:\/\/www.revistarambla.com\/wp-content\/uploads\/2025\/09\/7324e1e0-5a1a-42b7-b2b1-5f08d79240d8.jpg","datePublished":"2025-09-07T09:40:51+00:00","breadcrumb":{"@id":"https:\/\/www.revistarambla.com\/el-poeta-y-la-taxista\/#breadcrumb"},"inLanguage":"en-GB","potentialAction":[{"@type":"ReadAction","target":["https:\/\/www.revistarambla.com\/el-poeta-y-la-taxista\/"]}]},{"@type":"ImageObject","inLanguage":"en-GB","@id":"https:\/\/www.revistarambla.com\/el-poeta-y-la-taxista\/#primaryimage","url":"https:\/\/www.revistarambla.com\/wp-content\/uploads\/2025\/09\/7324e1e0-5a1a-42b7-b2b1-5f08d79240d8.jpg","contentUrl":"https:\/\/www.revistarambla.com\/wp-content\/uploads\/2025\/09\/7324e1e0-5a1a-42b7-b2b1-5f08d79240d8.jpg","width":960,"height":960,"caption":"TAXISTA"},{"@type":"BreadcrumbList","@id":"https:\/\/www.revistarambla.com\/el-poeta-y-la-taxista\/#breadcrumb","itemListElement":[{"@type":"ListItem","position":1,"name":"Portada","item":"https:\/\/www.revistarambla.com\/"},{"@type":"ListItem","position":2,"name":"El poeta y la taxista"}]},{"@type":"WebSite","@id":"https:\/\/www.revistarambla.com\/#website","url":"https:\/\/www.revistarambla.com\/","name":"Revista Rambla Barcelona","description":"Periodismo independiente","publisher":{"@id":"https:\/\/www.revistarambla.com\/#organization"},"potentialAction":[{"@type":"SearchAction","target":{"@type":"EntryPoint","urlTemplate":"https:\/\/www.revistarambla.com\/?s={search_term_string}"},"query-input":{"@type":"PropertyValueSpecification","valueRequired":true,"valueName":"search_term_string"}}],"inLanguage":"en-GB"},{"@type":"Organization","@id":"https:\/\/www.revistarambla.com\/#organization","name":"Revista Rambla","url":"https:\/\/www.revistarambla.com\/","logo":{"@type":"ImageObject","inLanguage":"en-GB","@id":"https:\/\/www.revistarambla.com\/#\/schema\/logo\/image\/","url":"https:\/\/www.revistarambla.com\/wp-content\/uploads\/2020\/09\/banner_rambla_1900x600_BB.png","contentUrl":"https:\/\/www.revistarambla.com\/wp-content\/uploads\/2020\/09\/banner_rambla_1900x600_BB.png","width":1900,"height":600,"caption":"Revista Rambla"},"image":{"@id":"https:\/\/www.revistarambla.com\/#\/schema\/logo\/image\/"},"sameAs":["https:\/\/www.facebook.com\/revistarambla\/","https:\/\/x.com\/revistarambla","https:\/\/www.instagram.com\/revista_rambla","https:\/\/es.linkedin.com\/company\/revista-rambla"]},{"@type":"Person","@id":"https:\/\/www.revistarambla.com\/#\/schema\/person\/94294f57cf4910853e3280fda7339bfc","name":"Jos\u00e9 Antonio Gamero Romero","description":"Escritor sevillano finalista del premio Azor\u00edn 2014. Ha publicado en diferentes revistas como Culturamas, E\u00f1e, Visor, etc. Sus libros son: 'La invenci\u00f3n de los gigantes' (Buc\u00e9falo 2016); 'Literatura tridimensional' (Adarve 2018); 'S\u00f3crates no vino a Espa\u00f1a' (Samarcanda 2018); 'La rep\u00fablica del fin del mundo' (Tandaia 2018) y 'La bodeguita de Hemingway'."}]}},"_links":{"self":[{"href":"https:\/\/www.revistarambla.com\/en\/wp-json\/wp\/v2\/posts\/66457","targetHints":{"allow":["GET"]}}],"collection":[{"href":"https:\/\/www.revistarambla.com\/en\/wp-json\/wp\/v2\/posts"}],"about":[{"href":"https:\/\/www.revistarambla.com\/en\/wp-json\/wp\/v2\/types\/post"}],"author":[{"embeddable":true,"href":"https:\/\/www.revistarambla.com\/en\/wp-json\/wp\/v2\/users\/294"}],"replies":[{"embeddable":true,"href":"https:\/\/www.revistarambla.com\/en\/wp-json\/wp\/v2\/comments?post=66457"}],"version-history":[{"count":1,"href":"https:\/\/www.revistarambla.com\/en\/wp-json\/wp\/v2\/posts\/66457\/revisions"}],"predecessor-version":[{"id":66459,"href":"https:\/\/www.revistarambla.com\/en\/wp-json\/wp\/v2\/posts\/66457\/revisions\/66459"}],"wp:featuredmedia":[{"embeddable":true,"href":"https:\/\/www.revistarambla.com\/en\/wp-json\/wp\/v2\/media\/66458"}],"wp:attachment":[{"href":"https:\/\/www.revistarambla.com\/en\/wp-json\/wp\/v2\/media?parent=66457"}],"wp:term":[{"taxonomy":"category","embeddable":true,"href":"https:\/\/www.revistarambla.com\/en\/wp-json\/wp\/v2\/categories?post=66457"},{"taxonomy":"post_tag","embeddable":true,"href":"https:\/\/www.revistarambla.com\/en\/wp-json\/wp\/v2\/tags?post=66457"}],"curies":[{"name":"wp","href":"https:\/\/api.w.org\/{rel}","templated":true}]}}