{"id":66436,"date":"2025-09-05T12:06:45","date_gmt":"2025-09-05T10:06:45","guid":{"rendered":"https:\/\/www.revistarambla.com\/?p=66436"},"modified":"2025-09-07T11:53:05","modified_gmt":"2025-09-07T09:53:05","slug":"pueblos-de-franco","status":"publish","type":"post","link":"https:\/\/www.revistarambla.com\/en\/pueblos-de-franco\/","title":{"rendered":"Pueblos de Franco"},"content":{"rendered":"<p>En las d\u00e9cadas posteriores a la Guerra Civil Espa\u00f1ola (1936-1939), el r\u00e9gimen dictatorial de Francisco Franco emprendi\u00f3 uno de los proyectos m\u00e1s ambiciosos de ingenier\u00eda social y territorial en la historia moderna de Espa\u00f1a: la creaci\u00f3n de cientos de pueblos nuevos, conocidos como \u00abpueblos de colonizaci\u00f3n\u00bb. Estos asentamientos, impulsados por el Instituto Nacional de Colonizaci\u00f3n (INC), no solo transformaron el paisaje rural del pa\u00eds, sino que tambi\u00e9n sirvieron como herramienta para consolidar el poder del r\u00e9gimen, fomentar la autosuficiencia agr\u00edcola y reubicar a miles de familias en un contexto de devastaci\u00f3n econ\u00f3mica y demogr\u00e1fica. Hoy, casi 50 a\u00f1os despu\u00e9s de la muerte de Franco, la mayor\u00eda de estos pueblos siguen habitados, integrados en la Espa\u00f1a democr\u00e1tica, aunque muchos llevan las cicatrices de su origen autoritario.<\/p>\n<h2>De la Ruina de la Guerra a la Reconstrucci\u00f3n Aut\u00e1rquica<\/h2>\n<p>La Guerra Civil dej\u00f3 Espa\u00f1a en ruinas. M\u00e1s de medio mill\u00f3n de muertos, ciudades bombardeadas y una econom\u00eda agr\u00edcola diezmada por la sequ\u00eda, la destrucci\u00f3n de infraestructuras y la p\u00e9rdida de mano de obra. Franco, victorioso en 1939, enfrentaba el desaf\u00edo de reconstruir un pa\u00eds aislado internacionalmente debido al apoyo de Hitler y Mussolini durante el conflicto. En este escenario, el r\u00e9gimen adopt\u00f3 una pol\u00edtica aut\u00e1rquica, inspirada en modelos fascistas italianos y nazis, que priorizaba la independencia econ\u00f3mica a trav\u00e9s de la explotaci\u00f3n intensiva de recursos internos.<\/p>\n<p>El agua se convirti\u00f3 en el eje central de esta estrategia. Grandes obras hidr\u00e1ulicas, como embalses y canales de riego, transformaron tierras \u00e1ridas en zonas cultivables. La Ley de Colonizaci\u00f3n de Grandes Zonas de 1939, ampliada en 1949, sent\u00f3 las bases para el INC, creado en 1939 bajo el Ministerio de Agricultura. Su misi\u00f3n: poblar y cultivar \u00e1reas despobladas o improductivas, promoviendo una \u00abcolonizaci\u00f3n interior\u00bb que evitara la emigraci\u00f3n masiva a las ciudades o al extranjero. Entre 1940 y 1970, se construyeron alrededor de 300 pueblos en 27 provincias, principalmente en Andaluc\u00eda, Extremadura, Castilla-La Mancha y el Valle del Ebro. Estos asentamientos no eran meros pueblos agr\u00edcolas; representaban un ideal falangista de orden, jerarqu\u00eda y control social, donde la arquitectura racionalista y funcional se mezclaba con elementos simb\u00f3licos como plazas centrales con iglesias y ayuntamientos, evocando una Espa\u00f1a rural idealizada y leal al Caudillo.<\/p>\n<figure id=\"attachment_66440\" aria-describedby=\"caption-attachment-66440\" style=\"width: 650px\" class=\"wp-caption aligncenter\"><img decoding=\"async\" class=\"wp-image-66440 size-full\" src=\"https:\/\/www.revistarambla.com\/wp-content\/uploads\/2025\/09\/pueblos-franco2.jpeg\" alt=\"pueblos franco\" width=\"650\" height=\"488\" srcset=\"https:\/\/www.revistarambla.com\/wp-content\/uploads\/2025\/09\/pueblos-franco2.jpeg 650w, https:\/\/www.revistarambla.com\/wp-content\/uploads\/2025\/09\/pueblos-franco2-486x365.jpeg 486w, https:\/\/www.revistarambla.com\/wp-content\/uploads\/2025\/09\/pueblos-franco2-16x12.jpeg 16w\" sizes=\"(max-width: 650px) 100vw, 650px\" \/><figcaption id=\"caption-attachment-66440\" class=\"wp-caption-text\">Villalba de Calatrava, un poblado de colonizaci\u00f3n de la comarca del Campo de Calatrava (Ciudad Real).<\/figcaption><\/figure>\n<p>Las causas de estas fundaciones eran multifac\u00e9ticas. Econ\u00f3micamente, buscaban aumentar la producci\u00f3n agr\u00edcola para combatir el hambre y la pobreza rural. Espa\u00f1a, en los a\u00f1os 40, sufr\u00eda racionamiento y un PIB per c\u00e1pita estancado; los nuevos regad\u00edos permitieron cultivar arroz, algod\u00f3n y hortalizas en zonas antes bald\u00edas. Socialmente, respond\u00edan a la sobrepoblaci\u00f3n en regiones como Galicia o Andaluc\u00eda interior, donde familias campesinas viv\u00edan en la miseria. Pol\u00edticamente, eran un instrumento de propaganda: Franco presentaba estos pueblos como \u00abmilagros\u00bb de su r\u00e9gimen, fomentando la lealtad mediante la entrega de tierras y viviendas a colonos seleccionados. Adem\u00e1s, en algunos casos, sirvieron para reprimir disidencias, como en las \u00abcolonias penitenciarias\u00bb donde presos pol\u00edticos redim\u00edan penas mediante trabajo forzado. Ideol\u00f3gicamente, encarnaban el sue\u00f1o franquista de una Espa\u00f1a \u00abverde\u00bb y autosuficiente, inspirado en la Italia mussoliniana y la Alemania hitleriana, donde el control demogr\u00e1fico reforzaba el autoritarismo.<\/p>\n<h2>Arquitectura y Planificaci\u00f3n al Servicio del R\u00e9gimen<\/h2>\n<p>El INC, dirigido por ingenieros y arquitectos como Jos\u00e9 Luis Fern\u00e1ndez del Amo o Alejandro de la Sota, dise\u00f1\u00f3 estos pueblos con un enfoque modernista adaptado al ideario nacionalcat\u00f3lico. Cada asentamiento segu\u00eda un patr\u00f3n: una cuadr\u00edcula urbana con iglesia en el centro, escuela, casas unifamiliares con huertos y edificios comunales. Los nombres a menudo homenajeaban a Franco o figuras falangistas: Guadiana del Caudillo (hoy Guadiana), Villafranco del Guadiana o Alberche del Caudillo. La construcci\u00f3n era r\u00e1pida y econ\u00f3mica, utilizando materiales locales y mano de obra barata, a veces forzada.<\/p>\n<p>Extremadura y Andaluc\u00eda concentraron la mayor\u00eda: Badajoz con m\u00e1s de 30, como Valdelacalzada o Entrerr\u00edos; C\u00e1diz con Guadalcac\u00edn del Caudillo (hoy Guadalcac\u00edn); y Ja\u00e9n con pueblos como Miraelr\u00edo. En total, se expropiaron millones de hect\u00e1reas, irrigadas por planes como el del Guadiana o el Guadalquivir. El costo fue alto: desplazamientos forzosos de comunidades aut\u00f3ctonas y un impacto ambiental duradero, con sobreexplotaci\u00f3n de acu\u00edferos. Sin embargo, estos proyectos movilizaron a unas 55.000 a 60.000 familias, creando una migraci\u00f3n interna sin precedentes.<\/p>\n<h2>Colonos Entre la Esperanza y la Obligaci\u00f3n<\/h2>\n<p>\u00bfQui\u00e9nes fueron los pioneros de estos pueblos? El INC seleccionaba colonos mediante un riguroso proceso, priorizando familias numerosas, casadas por la Iglesia, con experiencia agr\u00edcola y, preferentemente, leales al r\u00e9gimen. Proced\u00edan de zonas superpobladas como Andaluc\u00eda oriental, Extremadura o Castilla, donde el latifundismo dejaba a jornaleros en la pobreza. Muchos eran veteranos de la Guerra Civil del bando nacional, recompensados con tierras; otros, presos pol\u00edticos en \u00abcolonias redentoras\u00bb como las de Belchite o Los Rosales, donde el trabajo agr\u00edcola \u00abredim\u00eda\u00bb sus pecados ideol\u00f3gicos.<\/p>\n<figure id=\"attachment_66442\" aria-describedby=\"caption-attachment-66442\" style=\"width: 1600px\" class=\"wp-caption aligncenter\"><img decoding=\"async\" class=\"wp-image-66442 size-full\" src=\"https:\/\/www.revistarambla.com\/wp-content\/uploads\/2025\/09\/pueblos-franco-3.jpg\" alt=\"pueblos franco\" width=\"1600\" height=\"1194\" srcset=\"https:\/\/www.revistarambla.com\/wp-content\/uploads\/2025\/09\/pueblos-franco-3.jpg 1600w, https:\/\/www.revistarambla.com\/wp-content\/uploads\/2025\/09\/pueblos-franco-3-489x365.jpg 489w, https:\/\/www.revistarambla.com\/wp-content\/uploads\/2025\/09\/pueblos-franco-3-840x627.jpg 840w, https:\/\/www.revistarambla.com\/wp-content\/uploads\/2025\/09\/pueblos-franco-3-768x573.jpg 768w, https:\/\/www.revistarambla.com\/wp-content\/uploads\/2025\/09\/pueblos-franco-3-1536x1146.jpg 1536w, https:\/\/www.revistarambla.com\/wp-content\/uploads\/2025\/09\/pueblos-franco-3-16x12.jpg 16w\" sizes=\"(max-width: 1600px) 100vw, 1600px\" \/><figcaption id=\"caption-attachment-66442\" class=\"wp-caption-text\">Esquivel, uno de los pueblos de colonizaci\u00f3n m\u00e1s conocidos.<\/figcaption><\/figure>\n<p>Las condiciones iniciales eran duras. Los colonos recib\u00edan una casa b\u00e1sica (a menudo de 60-80 m\u00b2), una parcela de 5-10 hect\u00e1reas, herramientas y una vaca o mula, pero deb\u00edan pagarlos en plazos durante 20-30 a\u00f1os. A cambio, firmaban contratos que les obligaban a cultivar seg\u00fan directrices estatales, asistir a misa y participar en actos falangistas. Mujeres y ni\u00f1os contribu\u00edan al trabajo familiar, en un modelo patriarcal reforzado por el r\u00e9gimen. Testimonios, como los recogidos en libros recientes, describen la llegada a tierras v\u00edrgenes: \u00abPagamos con una vaca, un terreno y una casa muy b\u00e1sica\u00bb, recuerda un habitante de La Cartuja de Monegros en Huesca. Para muchos, era una oportunidad de escapar la miseria; para otros, una imposici\u00f3n que perpetuaba la dependencia del Estado.<\/p>\n<p>En algunos casos, como en Vegaviana (C\u00e1ceres) o Esquivel (Sevilla), los colonos inclu\u00edan inmigrantes de otras regiones, fomentando una mezcla cultural que enriqueci\u00f3 la diversidad rural. Sin embargo, la selecci\u00f3n exclu\u00eda a republicanos o disidentes, asegurando comunidades homog\u00e9neas y controladas.<\/p>\n<h2>\u00bfCu\u00e1ntos Siguen Habitados y Qu\u00e9 Ha Cambiado?<\/h2>\n<p>De los aproximadamente 300 pueblos fundados, la inmensa mayor\u00eda siguen habitados en 2025. Seg\u00fan listas exhaustivas como la del Anexo de Wikipedia, que enumera cientos en provincias como Badajoz (Valdelacalzada, Pueblonuevo del Guadiana), C\u00e1diz (El Torno, Guadalcac\u00edn) o C\u00e1ceres (Vegaviana, Rosalejo), estos asentamientos se han integrado en la red municipal espa\u00f1ola. Solo unos pocos, como algunos diseminados en zonas \u00e1ridas, han sufrido despoblaci\u00f3n parcial debido a la crisis rural actual, pero no hay registros masivos de abandonos. Por ejemplo, en Extremadura, pueblos como Entrerr\u00edos o Zurbar\u00e1n mantienen poblaciones estables de cientos de habitantes, con econom\u00edas basadas en agricultura moderna y turismo.<\/p>\n<p>La Ley de Memoria Democr\u00e1tica de 2022 ha impulsado cambios de nombres: Guadiana del Caudillo se convirti\u00f3 en Guadiana en 2017, aunque algunos resisten, como Llanos del Caudillo (Ciudad Real) o Alberche del Caudillo (Toledo), incumpliendo la norma. Hoy, estos pueblos enfrentan desaf\u00edos comunes a la Espa\u00f1a vaciada: envejecimiento poblacional y emigraci\u00f3n juvenil, pero muchos prosperan gracias a cooperativas agr\u00edcolas y subsidios europeos. Exposiciones como la del Museo ICO en 2024 destacan su valor arquitect\u00f3nico, reconoci\u00e9ndolos como patrimonio moderno.<\/p>\n<p>Ejemplos ilustran esta evoluci\u00f3n. En Entrerr\u00edos (Badajoz), fundado en 1958, los descendientes de colonos originales gestionan vi\u00f1edos y olivares, atrayendo visitantes con rutas hist\u00f3ricas. La Cartuja de Monegros (Huesca), uno de los \u00faltimos en construirse (1960s), es un \u00abpueblo milagro\u00bb que resiste la despoblaci\u00f3n con energ\u00edas renovables. Sin embargo, el legado franquista persiste en la memoria: residentes mayores recuerdan la indoctrinaci\u00f3n, mientras los j\u00f3venes lo ven como historia pasada.<\/p>\n<h2>Colonizaci\u00f3n en Catalu\u00f1a<\/h2>\n<p>En el marco de la pol\u00edtica de colonizaci\u00f3n interior impulsada por el r\u00e9gimen de Francisco Franco tras la Guerra Civil, Catalu\u00f1a no fue una excepci\u00f3n, aunque los esfuerzos se concentraron en regiones m\u00e1s \u00e1ridas del sur y centro de Espa\u00f1a. El Instituto Nacional de Colonizaci\u00f3n (INC), creado en 1939, fund\u00f3 solo cuatro pueblos en esta comunidad aut\u00f3noma, todos ellos en las provincias de Lleida y Tarragona. Estos asentamientos respond\u00edan a las mismas causas generales: la necesidad de reactivar la econom\u00eda agr\u00edcola aut\u00e1rquica, paliar el hambre posb\u00e9lica mediante nuevos regad\u00edos y reubicar a familias campesinas en zonas improductivas o pantanosas. Sin embargo, en Catalu\u00f1a, el contexto era particular: la regi\u00f3n, con una fuerte tradici\u00f3n industrial y agr\u00edcola diversa, vio estos proyectos como una forma de controlar demogr\u00e1ficamente \u00e1reas rurales y promover la ideolog\u00eda falangista en un territorio con tensiones nacionalistas reprimidas por el dictador. Los pueblos se integraron en cuencas fluviales como la del Ebro, donde se expropiaron tierras a latifundistas para crear infraestructuras hidr\u00e1ulicas y parcelas cultivables, fomentando cultivos como arroz, alfalfa y frutales.<\/p>\n<p>El m\u00e1s emblem\u00e1tico es Poblenou del Delta, originalmente Villafranco del Delta, ubicado en el Delta del Ebro (Tarragona). Fundado en 1949 e inaugurado en 1956, surgi\u00f3 para sanear terrenos pantanosos y alojar a agricultores que trabajaban en arrozales. Las causas inclu\u00edan la regularizaci\u00f3n de desahucios masivos de un latifundista local, Dami\u00e1n de Oriol, y la necesidad de aumentar la producci\u00f3n alimentaria en una zona aislada. Los primeros habitantes fueron 97 familias (alrededor de 280 personas), procedentes principalmente de desahucios en la misma comarca y otras regiones espa\u00f1olas pobres, que vivieron inicialmente en condiciones precarias hasta recibir casas b\u00e1sicas con huertos. Hoy, con unos 200 habitantes, el pueblo ha cambiado de nombre en 2003 por la Ley de Memoria Hist\u00f3rica, convirti\u00e9ndose en un destino tur\u00edstico ecol\u00f3gico con econom\u00eda basada en el arroz y el turismo, aunque enfrenta desaf\u00edos como el envejecimiento poblacional.<\/p>\n<p>En Lleida, en la comarca del Segri\u00e0, se crearon tres pueblos: Gimenells, Sucs y Pla de la Font. Gimenells, fundado en la d\u00e9cada de 1940, respondi\u00f3 a la pol\u00edtica de reorganizaci\u00f3n rural para impulsar la agroganader\u00eda en tierras expropiadas. Sus primeros colonos fueron familias emigrantes de diversas partes de Espa\u00f1a, seleccionadas por el INC para cultivar parcelas de regad\u00edo. Actualmente, es un municipio independiente desde 1991, con cerca de 1.000 habitantes, enfocado en cultivos como ma\u00edz y trigo, aunque ha sufrido \u00e9xodo rural.<\/p>\n<figure id=\"attachment_66437\" aria-describedby=\"caption-attachment-66437\" style=\"width: 700px\" class=\"wp-caption aligncenter\"><img decoding=\"async\" class=\"wp-image-66437\" src=\"https:\/\/www.revistarambla.com\/wp-content\/uploads\/2025\/09\/pla-de-la-font.jpg\" alt=\"pla de la font pueblos franco\" width=\"700\" height=\"359\" srcset=\"https:\/\/www.revistarambla.com\/wp-content\/uploads\/2025\/09\/pla-de-la-font.jpg 800w, https:\/\/www.revistarambla.com\/wp-content\/uploads\/2025\/09\/pla-de-la-font-660x338.jpg 660w, https:\/\/www.revistarambla.com\/wp-content\/uploads\/2025\/09\/pla-de-la-font-768x394.jpg 768w, https:\/\/www.revistarambla.com\/wp-content\/uploads\/2025\/09\/pla-de-la-font-18x9.jpg 18w\" sizes=\"(max-width: 700px) 100vw, 700px\" \/><figcaption id=\"caption-attachment-66437\" class=\"wp-caption-text\">Pla de la Font, en Lleida.<\/figcaption><\/figure>\n<p>Sucs, adquirido por el INC en 1944, se revitaliz\u00f3 para parcelar tierras hist\u00f3ricamente despobladas y construir infraestructuras como escuelas. Los pioneros fueron familias migrantes espa\u00f1olas, atra\u00eddas por la promesa de tierras productivas. Hoy, con unos 300 residentes, mantiene una econom\u00eda agr\u00edcola, pero lucha contra la despoblaci\u00f3n.<\/p>\n<p>Pla de la Font, establecido en 1959 como entidad descentralizada de Gimenells, abarca 2.400 hect\u00e1reas de regad\u00edo. Sus fundadores fueron colonos desplazados por inundaciones o repoblaciones forestales, recibiendo parcelas de 7-20 hect\u00e1reas. Actualmente, con alrededor de 500 habitantes, prospera con alfalfa y frutales, integr\u00e1ndose en la agricultura moderna, aunque comparte problemas demogr\u00e1ficos con el resto de la Espa\u00f1a rural.<\/p>\n<p>Estos cuatro pueblos, habitados en su totalidad, representan un legado ambiguo: aliviaron la pobreza para miles, pero impusieron un modelo autoritario en Catalu\u00f1a, donde el franquismo reprimi\u00f3 la identidad local. Hoy, bajo la democracia, han evolucionado hacia comunidades sostenibles, con cambios de nombre y reconocimiento patrimonial, recordando c\u00f3mo el r\u00e9gimen us\u00f3 la colonizaci\u00f3n para afianzar su control. (Palabras: 512)<\/p>\n<h2>Un Paisaje Inventado que Perdura<\/h2>\n<p>Los pueblos de colonizaci\u00f3n representan un cap\u00edtulo ambiguo de la historia espa\u00f1ola: un experimento que alivi\u00f3 la pobreza para miles, pero a costa de control autoritario y desigualdades. Fundados por causas econ\u00f3micas, sociales y pol\u00edticas, poblaron la Espa\u00f1a rural con colonos humildes que forjaron comunidades resilientes. Hoy, con casi todos habitados, estos asentamientos invitan a reflexionar sobre el legado del franquismo en la Espa\u00f1a contempor\u00e1nea. Como se\u00f1ala un reciente estudio, su impacto demogr\u00e1fico \u00abenraiz\u00f3\u00bb el r\u00e9gimen, pero tambi\u00e9n sembr\u00f3 las semillas de una agricultura moderna. En una era de despoblaci\u00f3n, quiz\u00e1s ofrezcan lecciones para revitalizar el campo, libres ya de las sombras del dictador.<\/p>","protected":false},"excerpt":{"rendered":"<p>En las d\u00e9cadas posteriores a la Guerra Civil Espa\u00f1ola (1936-1939), el r\u00e9gimen dictatorial de Francisco Franco emprendi\u00f3 uno de los proyectos m\u00e1s ambiciosos de ingenier\u00eda social y territorial en la historia moderna de Espa\u00f1a: la creaci\u00f3n de cientos de pueblos nuevos, conocidos como \u00abpueblos de colonizaci\u00f3n\u00bb. Estos asentamientos, impulsados por [&hellip;]<\/p>\n","protected":false},"author":3,"featured_media":66439,"comment_status":"closed","ping_status":"closed","sticky":false,"template":"","format":"standard","meta":{"footnotes":""},"categories":[562],"tags":[],"class_list":["post-66436","post","type-post","status-publish","format-standard","has-post-thumbnail","hentry","category-historia"],"yoast_head":"<!-- This site is optimized with the Yoast SEO plugin v27.5 - https:\/\/yoast.com\/product\/yoast-seo-wordpress\/ -->\n<title>Pueblos de Franco - Revista Rambla<\/title>\n<meta name=\"robots\" content=\"index, follow, max-snippet:-1, max-image-preview:large, max-video-preview:-1\" \/>\n<link rel=\"canonical\" href=\"https:\/\/www.revistarambla.com\/en\/pueblos-de-franco\/\" \/>\n<meta property=\"og:locale\" content=\"en_GB\" \/>\n<meta property=\"og:type\" content=\"article\" \/>\n<meta property=\"og:title\" content=\"Pueblos de Franco - Revista Rambla\" \/>\n<meta property=\"og:description\" content=\"En las d\u00e9cadas posteriores a la Guerra Civil Espa\u00f1ola (1936-1939), el r\u00e9gimen dictatorial de Francisco Franco emprendi\u00f3 uno de los proyectos m\u00e1s ambiciosos de ingenier\u00eda social y territorial en la historia moderna de Espa\u00f1a: la creaci\u00f3n de cientos de pueblos nuevos, conocidos como \u00abpueblos de colonizaci\u00f3n\u00bb. Estos asentamientos, impulsados por [&hellip;]\" \/>\n<meta property=\"og:url\" content=\"https:\/\/www.revistarambla.com\/en\/pueblos-de-franco\/\" \/>\n<meta property=\"og:site_name\" content=\"Revista Rambla\" \/>\n<meta property=\"article:publisher\" content=\"https:\/\/www.facebook.com\/revistarambla\/\" \/>\n<meta property=\"article:author\" content=\"https:\/\/www.facebook.com\/revistarambla\" \/>\n<meta property=\"article:published_time\" content=\"2025-09-05T10:06:45+00:00\" \/>\n<meta property=\"article:modified_time\" content=\"2025-09-07T09:53:05+00:00\" \/>\n<meta property=\"og:image\" content=\"https:\/\/www.revistarambla.com\/wp-content\/uploads\/2025\/09\/pueblos-franco.jpg\" \/>\n\t<meta property=\"og:image:width\" content=\"1920\" \/>\n\t<meta property=\"og:image:height\" content=\"1080\" \/>\n\t<meta property=\"og:image:type\" content=\"image\/jpeg\" \/>\n<meta name=\"author\" content=\"R@mbla\" \/>\n<meta name=\"twitter:card\" content=\"summary_large_image\" \/>\n<meta name=\"twitter:creator\" content=\"@revistarambla\" \/>\n<meta name=\"twitter:site\" content=\"@revistarambla\" \/>\n<meta name=\"twitter:label1\" content=\"Written by\" \/>\n\t<meta name=\"twitter:data1\" content=\"R@mbla\" \/>\n\t<meta name=\"twitter:label2\" content=\"Estimated reading time\" \/>\n\t<meta name=\"twitter:data2\" content=\"10 minutes\" \/>\n<script type=\"application\/ld+json\" class=\"yoast-schema-graph\">{\"@context\":\"https:\\\/\\\/schema.org\",\"@graph\":[{\"@type\":\"Article\",\"@id\":\"https:\\\/\\\/www.revistarambla.com\\\/pueblos-de-franco\\\/#article\",\"isPartOf\":{\"@id\":\"https:\\\/\\\/www.revistarambla.com\\\/pueblos-de-franco\\\/\"},\"author\":{\"name\":\"R@mbla\",\"@id\":\"https:\\\/\\\/www.revistarambla.com\\\/#\\\/schema\\\/person\\\/a146a5a2550b94981a75131180e1bd9c\"},\"headline\":\"Pueblos de Franco\",\"datePublished\":\"2025-09-05T10:06:45+00:00\",\"dateModified\":\"2025-09-07T09:53:05+00:00\",\"mainEntityOfPage\":{\"@id\":\"https:\\\/\\\/www.revistarambla.com\\\/pueblos-de-franco\\\/\"},\"wordCount\":2115,\"publisher\":{\"@id\":\"https:\\\/\\\/www.revistarambla.com\\\/#organization\"},\"image\":{\"@id\":\"https:\\\/\\\/www.revistarambla.com\\\/pueblos-de-franco\\\/#primaryimage\"},\"thumbnailUrl\":\"https:\\\/\\\/www.revistarambla.com\\\/wp-content\\\/uploads\\\/2025\\\/09\\\/pueblos-franco.jpg\",\"articleSection\":[\"Historia\"],\"inLanguage\":\"en-GB\"},{\"@type\":\"WebPage\",\"@id\":\"https:\\\/\\\/www.revistarambla.com\\\/pueblos-de-franco\\\/\",\"url\":\"https:\\\/\\\/www.revistarambla.com\\\/pueblos-de-franco\\\/\",\"name\":\"Pueblos de Franco - Revista Rambla\",\"isPartOf\":{\"@id\":\"https:\\\/\\\/www.revistarambla.com\\\/#website\"},\"primaryImageOfPage\":{\"@id\":\"https:\\\/\\\/www.revistarambla.com\\\/pueblos-de-franco\\\/#primaryimage\"},\"image\":{\"@id\":\"https:\\\/\\\/www.revistarambla.com\\\/pueblos-de-franco\\\/#primaryimage\"},\"thumbnailUrl\":\"https:\\\/\\\/www.revistarambla.com\\\/wp-content\\\/uploads\\\/2025\\\/09\\\/pueblos-franco.jpg\",\"datePublished\":\"2025-09-05T10:06:45+00:00\",\"dateModified\":\"2025-09-07T09:53:05+00:00\",\"breadcrumb\":{\"@id\":\"https:\\\/\\\/www.revistarambla.com\\\/pueblos-de-franco\\\/#breadcrumb\"},\"inLanguage\":\"en-GB\",\"potentialAction\":[{\"@type\":\"ReadAction\",\"target\":[\"https:\\\/\\\/www.revistarambla.com\\\/pueblos-de-franco\\\/\"]}]},{\"@type\":\"ImageObject\",\"inLanguage\":\"en-GB\",\"@id\":\"https:\\\/\\\/www.revistarambla.com\\\/pueblos-de-franco\\\/#primaryimage\",\"url\":\"https:\\\/\\\/www.revistarambla.com\\\/wp-content\\\/uploads\\\/2025\\\/09\\\/pueblos-franco.jpg\",\"contentUrl\":\"https:\\\/\\\/www.revistarambla.com\\\/wp-content\\\/uploads\\\/2025\\\/09\\\/pueblos-franco.jpg\",\"width\":1920,\"height\":1080,\"caption\":\"pueblos franco\"},{\"@type\":\"BreadcrumbList\",\"@id\":\"https:\\\/\\\/www.revistarambla.com\\\/pueblos-de-franco\\\/#breadcrumb\",\"itemListElement\":[{\"@type\":\"ListItem\",\"position\":1,\"name\":\"Portada\",\"item\":\"https:\\\/\\\/www.revistarambla.com\\\/\"},{\"@type\":\"ListItem\",\"position\":2,\"name\":\"Pueblos de Franco\"}]},{\"@type\":\"WebSite\",\"@id\":\"https:\\\/\\\/www.revistarambla.com\\\/#website\",\"url\":\"https:\\\/\\\/www.revistarambla.com\\\/\",\"name\":\"Revista Rambla Barcelona\",\"description\":\"Periodismo independiente\",\"publisher\":{\"@id\":\"https:\\\/\\\/www.revistarambla.com\\\/#organization\"},\"potentialAction\":[{\"@type\":\"SearchAction\",\"target\":{\"@type\":\"EntryPoint\",\"urlTemplate\":\"https:\\\/\\\/www.revistarambla.com\\\/?s={search_term_string}\"},\"query-input\":{\"@type\":\"PropertyValueSpecification\",\"valueRequired\":true,\"valueName\":\"search_term_string\"}}],\"inLanguage\":\"en-GB\"},{\"@type\":\"Organization\",\"@id\":\"https:\\\/\\\/www.revistarambla.com\\\/#organization\",\"name\":\"Revista Rambla\",\"url\":\"https:\\\/\\\/www.revistarambla.com\\\/\",\"logo\":{\"@type\":\"ImageObject\",\"inLanguage\":\"en-GB\",\"@id\":\"https:\\\/\\\/www.revistarambla.com\\\/#\\\/schema\\\/logo\\\/image\\\/\",\"url\":\"https:\\\/\\\/www.revistarambla.com\\\/wp-content\\\/uploads\\\/2020\\\/09\\\/banner_rambla_1900x600_BB.png\",\"contentUrl\":\"https:\\\/\\\/www.revistarambla.com\\\/wp-content\\\/uploads\\\/2020\\\/09\\\/banner_rambla_1900x600_BB.png\",\"width\":1900,\"height\":600,\"caption\":\"Revista Rambla\"},\"image\":{\"@id\":\"https:\\\/\\\/www.revistarambla.com\\\/#\\\/schema\\\/logo\\\/image\\\/\"},\"sameAs\":[\"https:\\\/\\\/www.facebook.com\\\/revistarambla\\\/\",\"https:\\\/\\\/x.com\\\/revistarambla\",\"https:\\\/\\\/www.instagram.com\\\/revista_rambla\",\"https:\\\/\\\/es.linkedin.com\\\/company\\\/revista-rambla\"]},{\"@type\":\"Person\",\"@id\":\"https:\\\/\\\/www.revistarambla.com\\\/#\\\/schema\\\/person\\\/a146a5a2550b94981a75131180e1bd9c\",\"name\":\"R@mbla\",\"description\":\"Este art\u00edculo ha sido redactado y\\\/o validado por el equipo de redacci\u00f3n de Revista Rambla.\",\"sameAs\":[\"https:\\\/\\\/www.revistarambla.com\\\/\",\"https:\\\/\\\/www.facebook.com\\\/revistarambla\",\"https:\\\/\\\/x.com\\\/revistarambla\"]}]}<\/script>\n<!-- \/ Yoast SEO plugin. -->","yoast_head_json":{"title":"Pueblos de Franco - Revista Rambla","robots":{"index":"index","follow":"follow","max-snippet":"max-snippet:-1","max-image-preview":"max-image-preview:large","max-video-preview":"max-video-preview:-1"},"canonical":"https:\/\/www.revistarambla.com\/en\/pueblos-de-franco\/","og_locale":"en_GB","og_type":"article","og_title":"Pueblos de Franco - Revista Rambla","og_description":"En las d\u00e9cadas posteriores a la Guerra Civil Espa\u00f1ola (1936-1939), el r\u00e9gimen dictatorial de Francisco Franco emprendi\u00f3 uno de los proyectos m\u00e1s ambiciosos de ingenier\u00eda social y territorial en la historia moderna de Espa\u00f1a: la creaci\u00f3n de cientos de pueblos nuevos, conocidos como \u00abpueblos de colonizaci\u00f3n\u00bb. Estos asentamientos, impulsados por [&hellip;]","og_url":"https:\/\/www.revistarambla.com\/en\/pueblos-de-franco\/","og_site_name":"Revista Rambla","article_publisher":"https:\/\/www.facebook.com\/revistarambla\/","article_author":"https:\/\/www.facebook.com\/revistarambla","article_published_time":"2025-09-05T10:06:45+00:00","article_modified_time":"2025-09-07T09:53:05+00:00","og_image":[{"width":1920,"height":1080,"url":"https:\/\/www.revistarambla.com\/wp-content\/uploads\/2025\/09\/pueblos-franco.jpg","type":"image\/jpeg"}],"author":"R@mbla","twitter_card":"summary_large_image","twitter_creator":"@revistarambla","twitter_site":"@revistarambla","twitter_misc":{"Written by":"R@mbla","Estimated reading time":"10 minutes"},"schema":{"@context":"https:\/\/schema.org","@graph":[{"@type":"Article","@id":"https:\/\/www.revistarambla.com\/pueblos-de-franco\/#article","isPartOf":{"@id":"https:\/\/www.revistarambla.com\/pueblos-de-franco\/"},"author":{"name":"R@mbla","@id":"https:\/\/www.revistarambla.com\/#\/schema\/person\/a146a5a2550b94981a75131180e1bd9c"},"headline":"Pueblos de Franco","datePublished":"2025-09-05T10:06:45+00:00","dateModified":"2025-09-07T09:53:05+00:00","mainEntityOfPage":{"@id":"https:\/\/www.revistarambla.com\/pueblos-de-franco\/"},"wordCount":2115,"publisher":{"@id":"https:\/\/www.revistarambla.com\/#organization"},"image":{"@id":"https:\/\/www.revistarambla.com\/pueblos-de-franco\/#primaryimage"},"thumbnailUrl":"https:\/\/www.revistarambla.com\/wp-content\/uploads\/2025\/09\/pueblos-franco.jpg","articleSection":["Historia"],"inLanguage":"en-GB"},{"@type":"WebPage","@id":"https:\/\/www.revistarambla.com\/pueblos-de-franco\/","url":"https:\/\/www.revistarambla.com\/pueblos-de-franco\/","name":"Pueblos de Franco - Revista Rambla","isPartOf":{"@id":"https:\/\/www.revistarambla.com\/#website"},"primaryImageOfPage":{"@id":"https:\/\/www.revistarambla.com\/pueblos-de-franco\/#primaryimage"},"image":{"@id":"https:\/\/www.revistarambla.com\/pueblos-de-franco\/#primaryimage"},"thumbnailUrl":"https:\/\/www.revistarambla.com\/wp-content\/uploads\/2025\/09\/pueblos-franco.jpg","datePublished":"2025-09-05T10:06:45+00:00","dateModified":"2025-09-07T09:53:05+00:00","breadcrumb":{"@id":"https:\/\/www.revistarambla.com\/pueblos-de-franco\/#breadcrumb"},"inLanguage":"en-GB","potentialAction":[{"@type":"ReadAction","target":["https:\/\/www.revistarambla.com\/pueblos-de-franco\/"]}]},{"@type":"ImageObject","inLanguage":"en-GB","@id":"https:\/\/www.revistarambla.com\/pueblos-de-franco\/#primaryimage","url":"https:\/\/www.revistarambla.com\/wp-content\/uploads\/2025\/09\/pueblos-franco.jpg","contentUrl":"https:\/\/www.revistarambla.com\/wp-content\/uploads\/2025\/09\/pueblos-franco.jpg","width":1920,"height":1080,"caption":"pueblos franco"},{"@type":"BreadcrumbList","@id":"https:\/\/www.revistarambla.com\/pueblos-de-franco\/#breadcrumb","itemListElement":[{"@type":"ListItem","position":1,"name":"Portada","item":"https:\/\/www.revistarambla.com\/"},{"@type":"ListItem","position":2,"name":"Pueblos de Franco"}]},{"@type":"WebSite","@id":"https:\/\/www.revistarambla.com\/#website","url":"https:\/\/www.revistarambla.com\/","name":"Revista Rambla Barcelona","description":"Periodismo independiente","publisher":{"@id":"https:\/\/www.revistarambla.com\/#organization"},"potentialAction":[{"@type":"SearchAction","target":{"@type":"EntryPoint","urlTemplate":"https:\/\/www.revistarambla.com\/?s={search_term_string}"},"query-input":{"@type":"PropertyValueSpecification","valueRequired":true,"valueName":"search_term_string"}}],"inLanguage":"en-GB"},{"@type":"Organization","@id":"https:\/\/www.revistarambla.com\/#organization","name":"Revista Rambla","url":"https:\/\/www.revistarambla.com\/","logo":{"@type":"ImageObject","inLanguage":"en-GB","@id":"https:\/\/www.revistarambla.com\/#\/schema\/logo\/image\/","url":"https:\/\/www.revistarambla.com\/wp-content\/uploads\/2020\/09\/banner_rambla_1900x600_BB.png","contentUrl":"https:\/\/www.revistarambla.com\/wp-content\/uploads\/2020\/09\/banner_rambla_1900x600_BB.png","width":1900,"height":600,"caption":"Revista Rambla"},"image":{"@id":"https:\/\/www.revistarambla.com\/#\/schema\/logo\/image\/"},"sameAs":["https:\/\/www.facebook.com\/revistarambla\/","https:\/\/x.com\/revistarambla","https:\/\/www.instagram.com\/revista_rambla","https:\/\/es.linkedin.com\/company\/revista-rambla"]},{"@type":"Person","@id":"https:\/\/www.revistarambla.com\/#\/schema\/person\/a146a5a2550b94981a75131180e1bd9c","name":"R@mbla","description":"Este art\u00edculo ha sido redactado y\/o validado por el equipo de redacci\u00f3n de Revista Rambla.","sameAs":["https:\/\/www.revistarambla.com\/","https:\/\/www.facebook.com\/revistarambla","https:\/\/x.com\/revistarambla"]}]}},"_links":{"self":[{"href":"https:\/\/www.revistarambla.com\/en\/wp-json\/wp\/v2\/posts\/66436","targetHints":{"allow":["GET"]}}],"collection":[{"href":"https:\/\/www.revistarambla.com\/en\/wp-json\/wp\/v2\/posts"}],"about":[{"href":"https:\/\/www.revistarambla.com\/en\/wp-json\/wp\/v2\/types\/post"}],"author":[{"embeddable":true,"href":"https:\/\/www.revistarambla.com\/en\/wp-json\/wp\/v2\/users\/3"}],"replies":[{"embeddable":true,"href":"https:\/\/www.revistarambla.com\/en\/wp-json\/wp\/v2\/comments?post=66436"}],"version-history":[{"count":3,"href":"https:\/\/www.revistarambla.com\/en\/wp-json\/wp\/v2\/posts\/66436\/revisions"}],"predecessor-version":[{"id":66443,"href":"https:\/\/www.revistarambla.com\/en\/wp-json\/wp\/v2\/posts\/66436\/revisions\/66443"}],"wp:featuredmedia":[{"embeddable":true,"href":"https:\/\/www.revistarambla.com\/en\/wp-json\/wp\/v2\/media\/66439"}],"wp:attachment":[{"href":"https:\/\/www.revistarambla.com\/en\/wp-json\/wp\/v2\/media?parent=66436"}],"wp:term":[{"taxonomy":"category","embeddable":true,"href":"https:\/\/www.revistarambla.com\/en\/wp-json\/wp\/v2\/categories?post=66436"},{"taxonomy":"post_tag","embeddable":true,"href":"https:\/\/www.revistarambla.com\/en\/wp-json\/wp\/v2\/tags?post=66436"}],"curies":[{"name":"wp","href":"https:\/\/api.w.org\/{rel}","templated":true}]}}