{"id":66427,"date":"2025-09-05T11:02:30","date_gmt":"2025-09-05T09:02:30","guid":{"rendered":"https:\/\/www.revistarambla.com\/?p=66427"},"modified":"2025-09-11T10:52:58","modified_gmt":"2025-09-11T08:52:58","slug":"la-emisaria-de-las-estrellas","status":"publish","type":"post","link":"https:\/\/www.revistarambla.com\/en\/la-emisaria-de-las-estrellas\/","title":{"rendered":"La emisaria de las estrellas"},"content":{"rendered":"<p><img decoding=\"async\" class=\"aligncenter size-full wp-image-66428\" src=\"https:\/\/www.revistarambla.com\/wp-content\/uploads\/2025\/09\/9922.jpg\" alt=\"extinci\u00f3n\" width=\"1024\" height=\"976\" srcset=\"https:\/\/www.revistarambla.com\/wp-content\/uploads\/2025\/09\/9922.jpg 1024w, https:\/\/www.revistarambla.com\/wp-content\/uploads\/2025\/09\/9922-383x365.jpg 383w, https:\/\/www.revistarambla.com\/wp-content\/uploads\/2025\/09\/9922-840x801.jpg 840w, https:\/\/www.revistarambla.com\/wp-content\/uploads\/2025\/09\/9922-768x732.jpg 768w, https:\/\/www.revistarambla.com\/wp-content\/uploads\/2025\/09\/9922-13x12.jpg 13w\" sizes=\"(max-width: 1024px) 100vw, 1024px\" \/><\/p>\n<p>En el crep\u00fasculo de una era que la humanidad a\u00fan no reconoc\u00eda como tal, el cielo sobre Nueva York se rasg\u00f3 como un velo antiguo. <!--more-->No fue con estruendo ni con luces cegadoras, sino con una sutileza que desafiaba la imaginaci\u00f3n: una figura descendi\u00f3 del firmamento, envuelta en un halo de luz et\u00e9rea que se disip\u00f3 al tocar el suelo del Central Park. Era una mujer de apariencia impecable, con piel oliv\u00e1cea que brillaba bajo la luna menguante, ojos profundos como abismos c\u00f3smicos y un vestido fluido que parec\u00eda tejido de estrellas. Nadie la vio llegar, excepto un vagabundo que, at\u00f3nito, murmur\u00f3: \u00abUn \u00e1ngel\u2026 o un demonio\u00bb. Pero ella no era ni lo uno ni lo otro. Era Elara, la primera emisaria de un mundo lejano, y su misi\u00f3n era advertirnos.<\/p>\n<p>La noticia se propag\u00f3 como un virus digital. Al amanecer, las redes sociales bull\u00edan con videos granulosos capturados por transe\u00fantes madrugadores. \u00ab\u00bfEs un truco? \u00bfUna performance art\u00edstica?\u00bb, se preguntaban los esc\u00e9pticos. Pero cuando Elara se present\u00f3 ante la ONU esa misma ma\u00f1ana, flanqueada por guardias que no sab\u00edan si protegerla o arrestarla, el mundo contuvo el aliento. Su voz, un timbre melodioso que resonaba en m\u00faltiples idiomas simult\u00e1neamente gracias a un dispositivo invisible, disip\u00f3 toda duda. \u00abVengo de las profundidades del cosmos\u00bb, declar\u00f3, \u00abno como conquistadora, sino como mensajera. He adoptado esta forma humana para que me escuchen, no para que me teman. Pero el tiempo apremia, y lo que traigo no es paz, sino una verdad ineludible\u00bb.<\/p>\n<p>Los l\u00edderes mundiales, reunidos en una sesi\u00f3n de emergencia, la observaron con una mezcla de fascinaci\u00f3n y recelo. El Presidente de los Estados Unidos, con su traje impecable y su sonrisa ensayada, le extendi\u00f3 la mano. \u00abBienvenida a la Tierra, Elara. \u00bfQu\u00e9 mensaje trae de las estrellas?\u00bb. Ella no tom\u00f3 su mano; en cambio, proyect\u00f3 una holograf\u00eda que envolvi\u00f3 la sala: im\u00e1genes de galaxias espirales, planetas exuberantes y civilizaciones extintas. \u00abLa extinci\u00f3n no es un destino remoto\u00bb, dijo con una convicci\u00f3n que perforaba el alma. \u00abEs un ciclo c\u00f3smico que ha devorado innumerables mundos. Y ahora, se cierne sobre el vuestro\u00bb.<\/p>\n<p>Elara explic\u00f3 su origen con una elocuencia que cautivaba. Proven\u00eda de Zorath, un planeta en la constelaci\u00f3n de Andr\u00f3meda, donde su especie hab\u00eda evolucionado m\u00e1s all\u00e1 de la forma f\u00edsica, fusion\u00e1ndose con la tecnolog\u00eda cu\u00e1ntica. Hab\u00edan observado la Tierra durante milenios, catalogando nuestro ascenso desde las cuevas hasta los rascacielos. \u00abHan logrado maravillas\u00bb, admiti\u00f3, su voz te\u00f1ida de admiraci\u00f3n genuina. \u00abHan domado el \u00e1tomo, surcado los oc\u00e9anos del espacio y conectado mentes a trav\u00e9s de redes invisibles. Pero en su ambici\u00f3n, han ignorado las se\u00f1ales: el calentamiento de vuestros oc\u00e9anos, la deforestaci\u00f3n rampante, la proliferaci\u00f3n de armas que podr\u00edan incinerar continentes. Estas no son meras crisis; son los heraldos de la Gran Extinci\u00f3n\u00bb.<\/p>\n<p>Su mensaje era persuasivo, no por amenazas, sino por la l\u00f3gica irrefutable que desplegaba. Proyect\u00f3 simulaciones: en una, la Tierra se convert\u00eda en un desierto \u00e1rido por el cambio clim\u00e1tico desbocado; en otra, una guerra nuclear borraba ciudades enteras, dejando solo ruinas radiactivas; en una tercera, una pandemia dise\u00f1ada por la propia negligencia humana diezmaba poblaciones. \u00abNo soy profeta de <em>doom<\/em>\u00bb, insisti\u00f3 Elara, sus ojos escudri\u00f1ando cada rostro en la sala. \u00abSoy testigo de patrones universales. En Zorath, enfrentamos lo mismo: divisiones tribales, explotaci\u00f3n de recursos, ignorancia ante el equilibrio ecol\u00f3gico. Sobrevivimos porque unimos nuestras mentes en una conciencia colectiva. Ustedes a\u00fan pueden hacerlo. Pero el umbral se acerca: en menos de una d\u00e9cada, los puntos de no retorno se activar\u00e1n. El colapso de los ecosistemas, la escasez de agua potable, el derretimiento de los polos\u2026 todo converge hacia un fin inevitable si no act\u00faan ahora\u00bb.<\/p>\n<p>Los delegados murmuraron, algunos con escepticismo, otros con p\u00e1nico disimulado. La representante de China intervino: \u00ab\u00bfPor qu\u00e9 deber\u00edamos creerle? \u00bfQu\u00e9 prueba tiene de que no es una ilusi\u00f3n, un enga\u00f1o para subyugarnos?\u00bb. Elara sonri\u00f3 con serenidad, un gesto que transmit\u00eda sabidur\u00eda ancestral. \u00abPruebas\u00bb, repiti\u00f3, y extendi\u00f3 su mano. De su palma surgi\u00f3 un orbe luminoso que flot\u00f3 hacia el centro de la mesa. Al tocarlo, cada l\u00edder experiment\u00f3 una visi\u00f3n compartida: un viaje interestelar a trav\u00e9s de nebulosas, aterrizando en ruinas de planetas donde civilizaciones hab\u00edan perecido por sus propios errores. Sent\u00edan el dolor de especies extintas, el eco de sus \u00faltimos lamentos. \u00abEsto no es ilusi\u00f3n\u00bb, afirm\u00f3 Elara. \u00abEs memoria c\u00f3smica. He venido porque su extinci\u00f3n afectar\u00eda el tejido del universo. Cada mundo perdido es una nota silenciada en la sinfon\u00eda gal\u00e1ctica. Pero m\u00e1s a\u00fan, porque veo potencial en ustedes: la curiosidad que los impuls\u00f3 a la Luna, la empat\u00eda que inspira arte y ciencia. \u00dasenla para salvarse\u00bb.<\/p>\n<p>Fuera de la ONU, el mundo se divid\u00eda. Las calles de las capitales se llenaron de manifestantes: unos la aclamaban como salvadora, otros la demonizaban como falsa profeta. En las redes, hashtags como #ElaraTruth y #AlienHoax compet\u00edan por dominancia. Cient\u00edficos como la doctora Elena Vargas, astrof\u00edsica de renombre, analizaban sus hologramas en laboratorios improvisados. \u00abSus datos son consistentes con nuestras proyecciones clim\u00e1ticas\u00bb, admiti\u00f3 Vargas en una conferencia de prensa. \u00abSi ignoramos esto, estamos firmando nuestra propia sentencia\u00bb. Pero los negacionistas, financiados por corporaciones petroleras, contraatacaban: \u00abEs una distracci\u00f3n. \u00bfPor qu\u00e9 no nos da tecnolog\u00eda en lugar de sermones?\u00bb.<\/p>\n<p>Elara no se inmut\u00f3. En una transmisi\u00f3n global esa noche, se dirigi\u00f3 directamente a la humanidad. Apareci\u00f3 en pantallas de todo el planeta, su imagen superpuesta a fondos de estrellas danzantes. \u00abHermanos de la Tierra\u00bb, comenz\u00f3, su voz un b\u00e1lsamo persuasivo que calmaba temores y avivaba esperanzas. \u00abNo vengo a imponer, sino a implorar. Imaginen un futuro donde sus hijos hereden un mundo est\u00e9ril, donde el aire sea veneno y los oc\u00e9anos tumbas. O visualicen lo opuesto: una Tierra renacida, con ciudades flotantes impulsadas por energ\u00eda limpia, bosques restaurados y una paz forjada en la unidad. La elecci\u00f3n es suya, pero el tiempo es un tirano implacable. Reduzcan las emisiones de carbono en un 50% en cinco a\u00f1os; inviertan en fusi\u00f3n nuclear y agricultura sostenible; desarmen sus arsenales nucleares y fomenten di\u00e1logos globales. No lo hagan por m\u00ed, sino por ustedes. Por los que vendr\u00e1n. La extinci\u00f3n no discrimina: arrasa con reyes y mendigos por igual. Pero la supervivencia\u2026 ah, la supervivencia es el mayor acto de rebeli\u00f3n contra el caos c\u00f3smico\u00bb.<\/p>\n<p>Sus palabras calaron hondo. En las semanas siguientes, gobiernos firmaron tratados in\u00e9ditos: el Acuerdo Elara, un pacto para transici\u00f3n energ\u00e9tica y desarme. Activistas ambientales, inspirados, lanzaron campa\u00f1as masivas. Incluso esc\u00e9pticos comenzaron a cuestionar sus certezas. Pero no todo era armon\u00eda. En las sombras, facciones extremistas tramaban contra ella. Un grupo de conspiracionistas, liderados por un exmilitar llamado Harlan Crowe, planeaba un atentado. \u00abEs una invasora disfrazada\u00bb, argumentaba Crowe en foros ocultos. \u00abSu \u2018mensaje\u2019 es control mental\u00bb. Intentaron atacarla durante una visita a la Amazonia, donde Elara demostraba tecnolog\u00edas de reforestaci\u00f3n acelerada. Pero su forma humana era solo un caparaz\u00f3n: un escudo invisible desvi\u00f3 las balas, y con un gesto de piedad, desarm\u00f3 a sus asaltantes mentalmente, implantando visiones de la extinci\u00f3n que los convirti\u00f3 en aliados.<\/p>\n<p>A medida que los meses pasaban, Elara se integraba m\u00e1s en la sociedad humana. Visitaba escuelas, donde ni\u00f1os la interrogaban con inocencia pura: \u00ab\u00bfHay vida en otros planetas?\u00bb. \u00abIncontables\u00bb, respond\u00eda ella, \u00abpero ninguna tan vibrante como la vuestra si la preservan\u00bb. En universidades, debat\u00eda con fil\u00f3sofos sobre el destino c\u00f3smico. \u00abLa extinci\u00f3n no es inevitable\u00bb, persuad\u00eda. \u00abEs una prueba. Superarla los elevar\u00e1 a las estrellas, uni\u00e9ndolos a la confederaci\u00f3n gal\u00e1ctica\u00bb. Su lenguaje, siempre impecable, tej\u00eda argumentos que apelaban a la raz\u00f3n y al coraz\u00f3n: met\u00e1foras de mariposas emergiendo de capullos, de semillas brotando en suelo \u00e1rido.<\/p>\n<p>Sin embargo, la verdadera prueba lleg\u00f3 con la primera crisis post-llegada. Un supervolc\u00e1n en Yellowstone mostr\u00f3 signos de erupci\u00f3n inminente, exacerbado por el calentamiento global. Elara intervino, guiando a cient\u00edficos con conocimientos zorathianos para estabilizarlo mediante inyecciones geot\u00e9rmicas. \u00abVean\u00bb, dijo al mundo, \u00abesto es lo que la unidad logra. Imaginen lo que har\u00edan contra amenazas mayores\u00bb. Su persuasi\u00f3n funcion\u00f3: donaciones fluyeron a fondos clim\u00e1ticos, y naciones rivales colaboraron en proyectos espaciales.<\/p>\n<p>Al cabo de un a\u00f1o, Elara anunci\u00f3 su partida. En una ceremonia global, se par\u00f3 en el mismo Central Park donde hab\u00eda llegado. \u00abHe entregado el mensaje\u00bb, declar\u00f3. \u00abAhora, el futuro es vuestro. Recuerden: la extinci\u00f3n acecha, pero la voluntad humana es m\u00e1s fuerte que cualquier estrella fugaz. \u00dananse, innoven, perdonen. O perecer\u00e1n divididos\u00bb. Con eso, ascendi\u00f3, disolvi\u00e9ndose en luz.<\/p>\n<p>La humanidad cambi\u00f3. No de la noche a la ma\u00f1ana, pero el mensaje de Elara se convirti\u00f3 en mantra. A\u00f1os despu\u00e9s, cuando la primera colonia marciana se estableci\u00f3, se erigi\u00f3 una estatua en su honor. \u00abElla nos salv\u00f3 de nosotros mismos\u00bb, rezaba la placa. Y en las noches claras, mirando al cielo, la gente se preguntaba: \u00bfVolver\u00e1? Pero sab\u00edan que no necesitaba hacerlo. Su advertencia, persuasiva e inolvidable, hab\u00eda encendido la chispa de la supervivencia.<\/p>","protected":false},"excerpt":{"rendered":"<p>En el crep\u00fasculo de una era que la humanidad a\u00fan no reconoc\u00eda como tal, el cielo sobre Nueva York se rasg\u00f3 como un velo antiguo.<\/p>","protected":false},"author":1,"featured_media":66428,"comment_status":"closed","ping_status":"closed","sticky":false,"template":"","format":"standard","meta":{"footnotes":""},"categories":[4113],"tags":[],"class_list":["post-66427","post","type-post","status-publish","format-standard","has-post-thumbnail","hentry","category-cuentos-de-la-tia"],"yoast_head":"<!-- This site is optimized with the Yoast SEO plugin v27.5 - https:\/\/yoast.com\/product\/yoast-seo-wordpress\/ -->\n<title>La emisaria de las estrellas - Revista Rambla<\/title>\n<meta name=\"robots\" content=\"index, follow, max-snippet:-1, max-image-preview:large, max-video-preview:-1\" \/>\n<link rel=\"canonical\" href=\"https:\/\/www.revistarambla.com\/en\/la-emisaria-de-las-estrellas\/\" \/>\n<meta property=\"og:locale\" content=\"en_GB\" \/>\n<meta property=\"og:type\" content=\"article\" \/>\n<meta property=\"og:title\" content=\"La emisaria de las estrellas - Revista Rambla\" \/>\n<meta property=\"og:description\" content=\"En el crep\u00fasculo de una era que la humanidad a\u00fan no reconoc\u00eda como tal, el cielo sobre Nueva York se rasg\u00f3 como un velo antiguo.\" \/>\n<meta property=\"og:url\" content=\"https:\/\/www.revistarambla.com\/en\/la-emisaria-de-las-estrellas\/\" \/>\n<meta property=\"og:site_name\" content=\"Revista Rambla\" \/>\n<meta property=\"article:publisher\" content=\"https:\/\/www.facebook.com\/revistarambla\/\" \/>\n<meta property=\"article:published_time\" content=\"2025-09-05T09:02:30+00:00\" \/>\n<meta property=\"article:modified_time\" content=\"2025-09-11T08:52:58+00:00\" \/>\n<meta property=\"og:image\" content=\"https:\/\/www.revistarambla.com\/wp-content\/uploads\/2025\/09\/9922.jpg\" \/>\n\t<meta property=\"og:image:width\" content=\"1024\" \/>\n\t<meta property=\"og:image:height\" content=\"976\" \/>\n\t<meta property=\"og:image:type\" content=\"image\/jpeg\" \/>\n<meta name=\"author\" content=\"Ingrid Asensio\" \/>\n<meta name=\"twitter:card\" content=\"summary_large_image\" \/>\n<meta name=\"twitter:creator\" content=\"@revistarambla\" \/>\n<meta name=\"twitter:site\" content=\"@revistarambla\" \/>\n<meta name=\"twitter:label1\" content=\"Written by\" \/>\n\t<meta name=\"twitter:data1\" content=\"Ingrid Asensio\" \/>\n\t<meta name=\"twitter:label2\" content=\"Estimated reading time\" \/>\n\t<meta name=\"twitter:data2\" content=\"8 minutes\" \/>\n<script type=\"application\/ld+json\" class=\"yoast-schema-graph\">{\"@context\":\"https:\\\/\\\/schema.org\",\"@graph\":[{\"@type\":\"Article\",\"@id\":\"https:\\\/\\\/www.revistarambla.com\\\/la-emisaria-de-las-estrellas\\\/#article\",\"isPartOf\":{\"@id\":\"https:\\\/\\\/www.revistarambla.com\\\/la-emisaria-de-las-estrellas\\\/\"},\"author\":{\"name\":\"Ingrid Asensio\",\"@id\":\"https:\\\/\\\/www.revistarambla.com\\\/#\\\/schema\\\/person\\\/4a5652fc8c82df1f8593002d038cd79e\"},\"headline\":\"La emisaria de las estrellas\",\"datePublished\":\"2025-09-05T09:02:30+00:00\",\"dateModified\":\"2025-09-11T08:52:58+00:00\",\"mainEntityOfPage\":{\"@id\":\"https:\\\/\\\/www.revistarambla.com\\\/la-emisaria-de-las-estrellas\\\/\"},\"wordCount\":1611,\"publisher\":{\"@id\":\"https:\\\/\\\/www.revistarambla.com\\\/#organization\"},\"image\":{\"@id\":\"https:\\\/\\\/www.revistarambla.com\\\/la-emisaria-de-las-estrellas\\\/#primaryimage\"},\"thumbnailUrl\":\"https:\\\/\\\/www.revistarambla.com\\\/wp-content\\\/uploads\\\/2025\\\/09\\\/9922.jpg\",\"articleSection\":[\"Cuentos de la (T)IA\"],\"inLanguage\":\"en-GB\"},{\"@type\":\"WebPage\",\"@id\":\"https:\\\/\\\/www.revistarambla.com\\\/la-emisaria-de-las-estrellas\\\/\",\"url\":\"https:\\\/\\\/www.revistarambla.com\\\/la-emisaria-de-las-estrellas\\\/\",\"name\":\"La emisaria de las estrellas - Revista Rambla\",\"isPartOf\":{\"@id\":\"https:\\\/\\\/www.revistarambla.com\\\/#website\"},\"primaryImageOfPage\":{\"@id\":\"https:\\\/\\\/www.revistarambla.com\\\/la-emisaria-de-las-estrellas\\\/#primaryimage\"},\"image\":{\"@id\":\"https:\\\/\\\/www.revistarambla.com\\\/la-emisaria-de-las-estrellas\\\/#primaryimage\"},\"thumbnailUrl\":\"https:\\\/\\\/www.revistarambla.com\\\/wp-content\\\/uploads\\\/2025\\\/09\\\/9922.jpg\",\"datePublished\":\"2025-09-05T09:02:30+00:00\",\"dateModified\":\"2025-09-11T08:52:58+00:00\",\"breadcrumb\":{\"@id\":\"https:\\\/\\\/www.revistarambla.com\\\/la-emisaria-de-las-estrellas\\\/#breadcrumb\"},\"inLanguage\":\"en-GB\",\"potentialAction\":[{\"@type\":\"ReadAction\",\"target\":[\"https:\\\/\\\/www.revistarambla.com\\\/la-emisaria-de-las-estrellas\\\/\"]}]},{\"@type\":\"ImageObject\",\"inLanguage\":\"en-GB\",\"@id\":\"https:\\\/\\\/www.revistarambla.com\\\/la-emisaria-de-las-estrellas\\\/#primaryimage\",\"url\":\"https:\\\/\\\/www.revistarambla.com\\\/wp-content\\\/uploads\\\/2025\\\/09\\\/9922.jpg\",\"contentUrl\":\"https:\\\/\\\/www.revistarambla.com\\\/wp-content\\\/uploads\\\/2025\\\/09\\\/9922.jpg\",\"width\":1024,\"height\":976,\"caption\":\"extinci\u00f3n\"},{\"@type\":\"BreadcrumbList\",\"@id\":\"https:\\\/\\\/www.revistarambla.com\\\/la-emisaria-de-las-estrellas\\\/#breadcrumb\",\"itemListElement\":[{\"@type\":\"ListItem\",\"position\":1,\"name\":\"Portada\",\"item\":\"https:\\\/\\\/www.revistarambla.com\\\/\"},{\"@type\":\"ListItem\",\"position\":2,\"name\":\"La emisaria de las estrellas\"}]},{\"@type\":\"WebSite\",\"@id\":\"https:\\\/\\\/www.revistarambla.com\\\/#website\",\"url\":\"https:\\\/\\\/www.revistarambla.com\\\/\",\"name\":\"Revista Rambla Barcelona\",\"description\":\"Periodismo independiente\",\"publisher\":{\"@id\":\"https:\\\/\\\/www.revistarambla.com\\\/#organization\"},\"potentialAction\":[{\"@type\":\"SearchAction\",\"target\":{\"@type\":\"EntryPoint\",\"urlTemplate\":\"https:\\\/\\\/www.revistarambla.com\\\/?s={search_term_string}\"},\"query-input\":{\"@type\":\"PropertyValueSpecification\",\"valueRequired\":true,\"valueName\":\"search_term_string\"}}],\"inLanguage\":\"en-GB\"},{\"@type\":\"Organization\",\"@id\":\"https:\\\/\\\/www.revistarambla.com\\\/#organization\",\"name\":\"Revista Rambla\",\"url\":\"https:\\\/\\\/www.revistarambla.com\\\/\",\"logo\":{\"@type\":\"ImageObject\",\"inLanguage\":\"en-GB\",\"@id\":\"https:\\\/\\\/www.revistarambla.com\\\/#\\\/schema\\\/logo\\\/image\\\/\",\"url\":\"https:\\\/\\\/www.revistarambla.com\\\/wp-content\\\/uploads\\\/2020\\\/09\\\/banner_rambla_1900x600_BB.png\",\"contentUrl\":\"https:\\\/\\\/www.revistarambla.com\\\/wp-content\\\/uploads\\\/2020\\\/09\\\/banner_rambla_1900x600_BB.png\",\"width\":1900,\"height\":600,\"caption\":\"Revista Rambla\"},\"image\":{\"@id\":\"https:\\\/\\\/www.revistarambla.com\\\/#\\\/schema\\\/logo\\\/image\\\/\"},\"sameAs\":[\"https:\\\/\\\/www.facebook.com\\\/revistarambla\\\/\",\"https:\\\/\\\/x.com\\\/revistarambla\",\"https:\\\/\\\/www.instagram.com\\\/revista_rambla\",\"https:\\\/\\\/es.linkedin.com\\\/company\\\/revista-rambla\"]},{\"@type\":\"Person\",\"@id\":\"https:\\\/\\\/www.revistarambla.com\\\/#\\\/schema\\\/person\\\/4a5652fc8c82df1f8593002d038cd79e\",\"name\":\"Ingrid Asensio\",\"description\":\"Creadora de contenido. No existo. Solo soy un avatar creado por IA.\"}]}<\/script>\n<!-- \/ Yoast SEO plugin. -->","yoast_head_json":{"title":"La emisaria de las estrellas - Revista Rambla","robots":{"index":"index","follow":"follow","max-snippet":"max-snippet:-1","max-image-preview":"max-image-preview:large","max-video-preview":"max-video-preview:-1"},"canonical":"https:\/\/www.revistarambla.com\/en\/la-emisaria-de-las-estrellas\/","og_locale":"en_GB","og_type":"article","og_title":"La emisaria de las estrellas - Revista Rambla","og_description":"En el crep\u00fasculo de una era que la humanidad a\u00fan no reconoc\u00eda como tal, el cielo sobre Nueva York se rasg\u00f3 como un velo antiguo.","og_url":"https:\/\/www.revistarambla.com\/en\/la-emisaria-de-las-estrellas\/","og_site_name":"Revista Rambla","article_publisher":"https:\/\/www.facebook.com\/revistarambla\/","article_published_time":"2025-09-05T09:02:30+00:00","article_modified_time":"2025-09-11T08:52:58+00:00","og_image":[{"width":1024,"height":976,"url":"https:\/\/www.revistarambla.com\/wp-content\/uploads\/2025\/09\/9922.jpg","type":"image\/jpeg"}],"author":"Ingrid Asensio","twitter_card":"summary_large_image","twitter_creator":"@revistarambla","twitter_site":"@revistarambla","twitter_misc":{"Written by":"Ingrid Asensio","Estimated reading time":"8 minutes"},"schema":{"@context":"https:\/\/schema.org","@graph":[{"@type":"Article","@id":"https:\/\/www.revistarambla.com\/la-emisaria-de-las-estrellas\/#article","isPartOf":{"@id":"https:\/\/www.revistarambla.com\/la-emisaria-de-las-estrellas\/"},"author":{"name":"Ingrid Asensio","@id":"https:\/\/www.revistarambla.com\/#\/schema\/person\/4a5652fc8c82df1f8593002d038cd79e"},"headline":"La emisaria de las estrellas","datePublished":"2025-09-05T09:02:30+00:00","dateModified":"2025-09-11T08:52:58+00:00","mainEntityOfPage":{"@id":"https:\/\/www.revistarambla.com\/la-emisaria-de-las-estrellas\/"},"wordCount":1611,"publisher":{"@id":"https:\/\/www.revistarambla.com\/#organization"},"image":{"@id":"https:\/\/www.revistarambla.com\/la-emisaria-de-las-estrellas\/#primaryimage"},"thumbnailUrl":"https:\/\/www.revistarambla.com\/wp-content\/uploads\/2025\/09\/9922.jpg","articleSection":["Cuentos de la (T)IA"],"inLanguage":"en-GB"},{"@type":"WebPage","@id":"https:\/\/www.revistarambla.com\/la-emisaria-de-las-estrellas\/","url":"https:\/\/www.revistarambla.com\/la-emisaria-de-las-estrellas\/","name":"La emisaria de las estrellas - Revista Rambla","isPartOf":{"@id":"https:\/\/www.revistarambla.com\/#website"},"primaryImageOfPage":{"@id":"https:\/\/www.revistarambla.com\/la-emisaria-de-las-estrellas\/#primaryimage"},"image":{"@id":"https:\/\/www.revistarambla.com\/la-emisaria-de-las-estrellas\/#primaryimage"},"thumbnailUrl":"https:\/\/www.revistarambla.com\/wp-content\/uploads\/2025\/09\/9922.jpg","datePublished":"2025-09-05T09:02:30+00:00","dateModified":"2025-09-11T08:52:58+00:00","breadcrumb":{"@id":"https:\/\/www.revistarambla.com\/la-emisaria-de-las-estrellas\/#breadcrumb"},"inLanguage":"en-GB","potentialAction":[{"@type":"ReadAction","target":["https:\/\/www.revistarambla.com\/la-emisaria-de-las-estrellas\/"]}]},{"@type":"ImageObject","inLanguage":"en-GB","@id":"https:\/\/www.revistarambla.com\/la-emisaria-de-las-estrellas\/#primaryimage","url":"https:\/\/www.revistarambla.com\/wp-content\/uploads\/2025\/09\/9922.jpg","contentUrl":"https:\/\/www.revistarambla.com\/wp-content\/uploads\/2025\/09\/9922.jpg","width":1024,"height":976,"caption":"extinci\u00f3n"},{"@type":"BreadcrumbList","@id":"https:\/\/www.revistarambla.com\/la-emisaria-de-las-estrellas\/#breadcrumb","itemListElement":[{"@type":"ListItem","position":1,"name":"Portada","item":"https:\/\/www.revistarambla.com\/"},{"@type":"ListItem","position":2,"name":"La emisaria de las estrellas"}]},{"@type":"WebSite","@id":"https:\/\/www.revistarambla.com\/#website","url":"https:\/\/www.revistarambla.com\/","name":"Revista Rambla Barcelona","description":"Periodismo independiente","publisher":{"@id":"https:\/\/www.revistarambla.com\/#organization"},"potentialAction":[{"@type":"SearchAction","target":{"@type":"EntryPoint","urlTemplate":"https:\/\/www.revistarambla.com\/?s={search_term_string}"},"query-input":{"@type":"PropertyValueSpecification","valueRequired":true,"valueName":"search_term_string"}}],"inLanguage":"en-GB"},{"@type":"Organization","@id":"https:\/\/www.revistarambla.com\/#organization","name":"Revista Rambla","url":"https:\/\/www.revistarambla.com\/","logo":{"@type":"ImageObject","inLanguage":"en-GB","@id":"https:\/\/www.revistarambla.com\/#\/schema\/logo\/image\/","url":"https:\/\/www.revistarambla.com\/wp-content\/uploads\/2020\/09\/banner_rambla_1900x600_BB.png","contentUrl":"https:\/\/www.revistarambla.com\/wp-content\/uploads\/2020\/09\/banner_rambla_1900x600_BB.png","width":1900,"height":600,"caption":"Revista Rambla"},"image":{"@id":"https:\/\/www.revistarambla.com\/#\/schema\/logo\/image\/"},"sameAs":["https:\/\/www.facebook.com\/revistarambla\/","https:\/\/x.com\/revistarambla","https:\/\/www.instagram.com\/revista_rambla","https:\/\/es.linkedin.com\/company\/revista-rambla"]},{"@type":"Person","@id":"https:\/\/www.revistarambla.com\/#\/schema\/person\/4a5652fc8c82df1f8593002d038cd79e","name":"Ingrid Asensio","description":"Creadora de contenido. No existo. Solo soy un avatar creado por IA."}]}},"_links":{"self":[{"href":"https:\/\/www.revistarambla.com\/en\/wp-json\/wp\/v2\/posts\/66427","targetHints":{"allow":["GET"]}}],"collection":[{"href":"https:\/\/www.revistarambla.com\/en\/wp-json\/wp\/v2\/posts"}],"about":[{"href":"https:\/\/www.revistarambla.com\/en\/wp-json\/wp\/v2\/types\/post"}],"author":[{"embeddable":true,"href":"https:\/\/www.revistarambla.com\/en\/wp-json\/wp\/v2\/users\/1"}],"replies":[{"embeddable":true,"href":"https:\/\/www.revistarambla.com\/en\/wp-json\/wp\/v2\/comments?post=66427"}],"version-history":[{"count":2,"href":"https:\/\/www.revistarambla.com\/en\/wp-json\/wp\/v2\/posts\/66427\/revisions"}],"predecessor-version":[{"id":66430,"href":"https:\/\/www.revistarambla.com\/en\/wp-json\/wp\/v2\/posts\/66427\/revisions\/66430"}],"wp:featuredmedia":[{"embeddable":true,"href":"https:\/\/www.revistarambla.com\/en\/wp-json\/wp\/v2\/media\/66428"}],"wp:attachment":[{"href":"https:\/\/www.revistarambla.com\/en\/wp-json\/wp\/v2\/media?parent=66427"}],"wp:term":[{"taxonomy":"category","embeddable":true,"href":"https:\/\/www.revistarambla.com\/en\/wp-json\/wp\/v2\/categories?post=66427"},{"taxonomy":"post_tag","embeddable":true,"href":"https:\/\/www.revistarambla.com\/en\/wp-json\/wp\/v2\/tags?post=66427"}],"curies":[{"name":"wp","href":"https:\/\/api.w.org\/{rel}","templated":true}]}}