{"id":66393,"date":"2025-09-03T13:18:33","date_gmt":"2025-09-03T11:18:33","guid":{"rendered":"https:\/\/www.revistarambla.com\/?p=66393"},"modified":"2025-09-03T13:19:07","modified_gmt":"2025-09-03T11:19:07","slug":"el-velo-de-bronce-la-escultura-abstracta-de-eudald-serra-que-inmortaliza-a-margarida-xirgu-en-barcelona","status":"publish","type":"post","link":"https:\/\/www.revistarambla.com\/en\/el-velo-de-bronce-la-escultura-abstracta-de-eudald-serra-que-inmortaliza-a-margarida-xirgu-en-barcelona\/","title":{"rendered":"El Velo de Bronce: la escultura abstracta de Eudald Serra que inmortaliza a Margarida Xirgu en Barcelona"},"content":{"rendered":"<p><img decoding=\"async\" class=\"aligncenter size-full wp-image-66394\" src=\"https:\/\/www.revistarambla.com\/wp-content\/uploads\/2025\/09\/1440px-17_Monument_a_Margarida_Xirgu_i_capella_de_lHospital.jpg\" alt=\"\" width=\"1440\" height=\"1080\" srcset=\"https:\/\/www.revistarambla.com\/wp-content\/uploads\/2025\/09\/1440px-17_Monument_a_Margarida_Xirgu_i_capella_de_lHospital.jpg 1440w, https:\/\/www.revistarambla.com\/wp-content\/uploads\/2025\/09\/1440px-17_Monument_a_Margarida_Xirgu_i_capella_de_lHospital-487x365.jpg 487w, https:\/\/www.revistarambla.com\/wp-content\/uploads\/2025\/09\/1440px-17_Monument_a_Margarida_Xirgu_i_capella_de_lHospital-840x630.jpg 840w, https:\/\/www.revistarambla.com\/wp-content\/uploads\/2025\/09\/1440px-17_Monument_a_Margarida_Xirgu_i_capella_de_lHospital-768x576.jpg 768w, https:\/\/www.revistarambla.com\/wp-content\/uploads\/2025\/09\/1440px-17_Monument_a_Margarida_Xirgu_i_capella_de_lHospital-16x12.jpg 16w\" sizes=\"(max-width: 1440px) 100vw, 1440px\" \/><\/p>\n<p>En el coraz\u00f3n del Raval barcelon\u00e9s, donde el bullicio de las Ramblas se difumina en calles empedradas cargadas de historia, se erige un monumento que parece desafiar la gravedad y el tiempo. Es la Pla\u00e7a del Canonge Colom, un rinc\u00f3n discreto frente al ic\u00f3nico Teatre Romea, donde una escultura abstracta de bronce captura la esencia ef\u00edmera del teatro. Creada por el escultor catal\u00e1n Eudald Serra i G\u00fcell en 1988, esta obra rinde homenaje a Margarida Xirgu, la legendaria actriz catalana cuya vida se entrelaz\u00f3 con el genio de <a href=\"https:\/\/www.revistarambla.com\/en\/federico-garcia-lorca-la-ultima-entrevista\/\">Federico Garc\u00eda Lorca<\/a>. No es una figura realista, sino un remolino de formas que evoca el movimiento de un tel\u00f3n o el vuelo de una tela al viento, simbolizando la pasi\u00f3n esc\u00e9nica de Xirgu. Sobre un pedestal de m\u00e1rmol verde, grabadas en letras eternas, resuenan las palabras de Lorca: \u00abLa gran Margarita Xirgu, actriz de inmaculada historia art\u00edstica. Lumbrera del teatro espa\u00f1ol y admirable creadora\u00bb. Esta inscripci\u00f3n no es solo un elogio; es un puente entre el arte dram\u00e1tico y la escultura contempor\u00e1nea, un testimonio de c\u00f3mo el exilio y la memoria se funden en el paisaje urbano de Barcelona.<\/p>\n<p>Inaugurada el 16 de diciembre de 1988, la escultura conmemora dos hitos: el centenario del nacimiento de Xirgu (1888-1969) y los 125 a\u00f1os del Teatre Romea, escenario donde la actriz estren\u00f3 algunas de sus interpretaciones m\u00e1s memorables. Con dimensiones de 224 x 73 x 45 cent\u00edmetros, la pieza de bronce se eleva sobre una peana modesta, invitando al transe\u00fante a reflexionar sobre la fugacidad del arte performativo transformado en materia perdurable. Serra, un pionero de la vanguardia escult\u00f3rica catalana de posguerra, opt\u00f3 por la abstracci\u00f3n para capturar no el rostro de Xirgu, sino su esp\u00edritu: un torbellino que sugiere el dinamismo de una actriz en escena, el eco de sus pasos en las tablas y la tragedia de su exilio. En un barrio como el Raval, repleto de contrastes entre lo antiguo y lo moderno, esta obra se convierte en un \u00abrespiro\u00bb entre el ajetreo tur\u00edstico, un recordatorio sutil de las figuras que moldearon la identidad cultural catalana.<\/p>\n<p>Para entender la profundidad de este monumento, hay que sumergirse en la vida de Margarida Xirgu, una mujer que trascendi\u00f3 las fronteras del teatro espa\u00f1ol. Nacida el 18 de junio de 1888 en Molins de Rei, un humilde pueblo cerca de Barcelona, Xirgu creci\u00f3 en un entorno obrero donde el teatro era un lujo lejano. Sin embargo, su talento innato la llev\u00f3 a debutar a los 12 a\u00f1os en el Teatre Romea con la obra <em>Mar i Cel<\/em>\u00a0de \u00c0ngel Guimer\u00e0. R\u00e1pidamente, se convirti\u00f3 en una estrella del modernismo catal\u00e1n, interpretando roles que fusionaban tradici\u00f3n y vanguardia. Su carrera despeg\u00f3 en Barcelona, donde se asoci\u00f3 con el movimiento novecentista, pero fue su colaboraci\u00f3n con Federico Garc\u00eda Lorca lo que la elev\u00f3 a la inmortalidad art\u00edstica.<\/p>\n<p>Xirgu y Lorca se conocieron en los a\u00f1os 20, y su amistad se forj\u00f3 en el fuego de la innovaci\u00f3n teatral. Ella estren\u00f3 varias de sus obras maestras, como <a href=\"https:\/\/www.revistarambla.com\/en\/mariana-pineda-estatua-de-piedra-estatua-de-cera-francisco-ayala-con-garcia-lorca\/\"><em>Mariana Pineda<\/em><\/a> (1927), <em>Bodas de Sangre<\/em> (1933) y <em>Yerma<\/em> (1934), esta \u00faltima en el propio Romea. Lorca la consideraba su musa ideal, capaz de infundir vida a sus personajes tr\u00e1gicos con una intensidad que reflejaba las tensiones sociales de la Espa\u00f1a republicana. \u00abMargarita era la voz de mi poes\u00eda\u00bb, escribi\u00f3 Lorca en cartas privadas, aunque el elogio grabado en la escultura proviene de un tributo m\u00e1s formal que el poeta le dedic\u00f3. Su relaci\u00f3n no era solo profesional; era un lazo de complicidad intelectual y pol\u00edtica. Ambos compart\u00edan ideales republicanos y un compromiso con el arte como herramienta de transformaci\u00f3n social. Xirgu, conocida como \u00abMargarita la Roja\u00bb por sus simpat\u00edas izquierdistas, utiliz\u00f3 el teatro para denunciar injusticias, lo que la convirti\u00f3 en un icono de la resistencia cultural.<\/p>\n<p>La guerra civil espa\u00f1ola (1936-1939) trunc\u00f3 esta era dorada. Lorca fue asesinado en 1936 por falangistas en Granada, un crimen que conmocion\u00f3 al mundo cultural. Xirgu, que estaba de gira en Am\u00e9rica Latina, opt\u00f3 por el exilio voluntario para evitar la represi\u00f3n franquista. Se instal\u00f3 en Uruguay, donde continu\u00f3 su carrera como directora y actriz, fundando compa\u00f1\u00edas teatrales y promoviendo el repertorio lorquiano en el Nuevo Mundo. Muri\u00f3 en Montevideo el 25 de abril de 1969, sin regresar a Espa\u00f1a, pronunciando en sus \u00faltimos d\u00edas: \u00abLos griegos ten\u00edan raz\u00f3n: el exilio era el m\u00e1s terrible de los castigos\u00bb. Su legado perdura en instituciones como el Institut Margarida Xirgu en L&#8217;Hospitalet de Llobregat y en producciones contempor\u00e1neas, como la \u00f3pera *Ainadamar* de Osvaldo Golijov, que explora su relaci\u00f3n con Lorca.<\/p>\n<p>El encargado de eternizar esta historia en bronce fue Eudald Serra i G\u00fcell, un artista cuya trayectoria refleja la resiliencia del arte catal\u00e1n bajo la dictadura. Nacido en Barcelona en 1911 en una familia humilde de los Pirineos, Serra se form\u00f3 en la Escola de la Llotja y en Bellas Artes, convirti\u00e9ndose en disc\u00edpulo de \u00c1ngel Ferrant. En 1935, particip\u00f3 en la exposici\u00f3n del grupo ADLAN (Amics de l&#8217;Art Nou), un evento escandaloso que introdujo el surrealismo en Catalu\u00f1a. Influenciado por Hans Arp y Julio Gonz\u00e1lez, su estilo evolucion\u00f3 hacia la abstracci\u00f3n org\u00e1nica, con formas curvas y vac\u00edos que sugieren vida interna.<\/p>\n<p>Un cap\u00edtulo pivotal en su vida fue su estancia en Jap\u00f3n de 1935 a 1948, huyendo de la guerra civil. All\u00ed se impregn\u00f3 del movimiento mingei, que valora la artesan\u00eda popular, y colabor\u00f3 con ceramistas como Josep Llorens i Artigas. A su regreso, Serra se consolid\u00f3 como etn\u00f3grafo y muse\u00f3grafo, contribuyendo al Museu Etnol\u00f2gic de Barcelona con esculturas antropol\u00f3gicas y recolectando arte no europeo para la Fundaci\u00f3 Folch. Sus obras p\u00fablicas, como <em>Evocaci\u00f3n del Trabajo<\/em> (1961) en Montju\u00efc o <em>Forma y Espacio<\/em>\u00a0(1966) en el Parc de la Vall d&#8217;Hebron, exploran temas abstractos con un toque oriental, priorizando la estructura org\u00e1nica sobre la figuraci\u00f3n.<\/p>\n<p>En la escultura dedicada a Xirgu, Serra aplica esta filosof\u00eda: la forma abstracta evoca remotamente una figura humana, un \u00abtejido al viento\u00bb que simboliza el movimiento esc\u00e9nico y la ausencia del exilio. No es un retrato literal, sino una met\u00e1fora po\u00e9tica, alineada con la vanguardia posguerra que rechazaba el realismo franquista en favor de la introspecci\u00f3n. Cr\u00edticos como Ricard Bru destacan c\u00f3mo Serra fusiona influencias surrealistas y japonesas para crear un di\u00e1logo entre materia y vac\u00edo, reflejando la tragedia personal de Xirgu.<\/p>\n<p>La Pla\u00e7a del Canonge Colom, nombrada en honor a un can\u00f3nigo del siglo XIX, se transforma con esta obra en un espacio de memoria teatral. Vecina al monumento a Iscle Soler, otro actor catal\u00e1n, la plaza forma un d\u00fao de homenajes que enaltecen el legado esc\u00e9nico del Raval. En un contexto actual, donde Barcelona lidia con el turismo masivo y la gentrificaci\u00f3n, esta escultura recuerda la importancia de preservar la identidad cultural. Visitantes y locales coinciden en rese\u00f1as: \u00abEs un oasis abstracto en el caos urbano\u00bb, dice un turista en plataformas como Tripadvisor.<\/p>\n<p>M\u00e1s all\u00e1 de su valor est\u00e9tico, la obra de Serra invita a reflexionar sobre el exilio cultural. Xirgu, como muchos intelectuales republicanos, export\u00f3 el esp\u00edritu lorquiano a Am\u00e9rica, influyendo en generaciones de artistas. Hoy, en una Espa\u00f1a reconciliada con su pasado, este monumento simboliza la resiliencia: un velo de bronce que no oculta, sino que revela, las capas de historia, arte y emoci\u00f3n. En palabras de Lorca, Xirgu fue una \u00ablumbrera\u00bb; Serra, con su abstracci\u00f3n, asegura que esa luz siga iluminando la Pla\u00e7a del Canonge Colom.<\/p>","protected":false},"excerpt":{"rendered":"<p>En el coraz\u00f3n del Raval barcelon\u00e9s, donde el bullicio de las Ramblas se difumina en calles empedradas cargadas de historia, se erige un monumento que parece desafiar la gravedad y el tiempo. Es la Pla\u00e7a del Canonge Colom, un rinc\u00f3n discreto frente al ic\u00f3nico Teatre Romea, donde una escultura abstracta [&hellip;]<\/p>\n","protected":false},"author":3,"featured_media":66394,"comment_status":"closed","ping_status":"closed","sticky":false,"template":"","format":"standard","meta":{"footnotes":""},"categories":[76],"tags":[],"class_list":["post-66393","post","type-post","status-publish","format-standard","has-post-thumbnail","hentry","category-barcelona"],"yoast_head":"<!-- This site is optimized with the Yoast SEO plugin v27.5 - https:\/\/yoast.com\/product\/yoast-seo-wordpress\/ -->\n<title>El Velo de Bronce: la escultura abstracta de Eudald Serra que inmortaliza a Margarida Xirgu en Barcelona - Revista Rambla<\/title>\n<meta name=\"robots\" content=\"index, follow, max-snippet:-1, max-image-preview:large, max-video-preview:-1\" \/>\n<link rel=\"canonical\" href=\"https:\/\/www.revistarambla.com\/en\/el-velo-de-bronce-la-escultura-abstracta-de-eudald-serra-que-inmortaliza-a-margarida-xirgu-en-barcelona\/\" \/>\n<meta property=\"og:locale\" content=\"en_GB\" \/>\n<meta property=\"og:type\" content=\"article\" \/>\n<meta property=\"og:title\" content=\"El Velo de Bronce: la escultura abstracta de Eudald Serra que inmortaliza a Margarida Xirgu en Barcelona - Revista Rambla\" \/>\n<meta property=\"og:description\" content=\"En el coraz\u00f3n del Raval barcelon\u00e9s, donde el bullicio de las Ramblas se difumina en calles empedradas cargadas de historia, se erige un monumento que parece desafiar la gravedad y el tiempo. Es la Pla\u00e7a del Canonge Colom, un rinc\u00f3n discreto frente al ic\u00f3nico Teatre Romea, donde una escultura abstracta [&hellip;]\" \/>\n<meta property=\"og:url\" content=\"https:\/\/www.revistarambla.com\/en\/el-velo-de-bronce-la-escultura-abstracta-de-eudald-serra-que-inmortaliza-a-margarida-xirgu-en-barcelona\/\" \/>\n<meta property=\"og:site_name\" content=\"Revista Rambla\" \/>\n<meta property=\"article:publisher\" content=\"https:\/\/www.facebook.com\/revistarambla\/\" \/>\n<meta property=\"article:author\" content=\"https:\/\/www.facebook.com\/revistarambla\" \/>\n<meta property=\"article:published_time\" content=\"2025-09-03T11:18:33+00:00\" \/>\n<meta property=\"article:modified_time\" content=\"2025-09-03T11:19:07+00:00\" \/>\n<meta property=\"og:image\" content=\"https:\/\/www.revistarambla.com\/wp-content\/uploads\/2025\/09\/1440px-17_Monument_a_Margarida_Xirgu_i_capella_de_lHospital.jpg\" \/>\n\t<meta property=\"og:image:width\" content=\"1440\" \/>\n\t<meta property=\"og:image:height\" content=\"1080\" \/>\n\t<meta property=\"og:image:type\" content=\"image\/jpeg\" \/>\n<meta name=\"author\" content=\"R@mbla\" \/>\n<meta name=\"twitter:card\" content=\"summary_large_image\" \/>\n<meta name=\"twitter:creator\" content=\"@revistarambla\" \/>\n<meta name=\"twitter:site\" content=\"@revistarambla\" \/>\n<meta name=\"twitter:label1\" content=\"Written by\" \/>\n\t<meta name=\"twitter:data1\" content=\"R@mbla\" \/>\n\t<meta name=\"twitter:label2\" content=\"Estimated reading time\" \/>\n\t<meta name=\"twitter:data2\" content=\"7 minutes\" \/>\n<script type=\"application\/ld+json\" class=\"yoast-schema-graph\">{\"@context\":\"https:\\\/\\\/schema.org\",\"@graph\":[{\"@type\":\"Article\",\"@id\":\"https:\\\/\\\/www.revistarambla.com\\\/el-velo-de-bronce-la-escultura-abstracta-de-eudald-serra-que-inmortaliza-a-margarida-xirgu-en-barcelona\\\/#article\",\"isPartOf\":{\"@id\":\"https:\\\/\\\/www.revistarambla.com\\\/el-velo-de-bronce-la-escultura-abstracta-de-eudald-serra-que-inmortaliza-a-margarida-xirgu-en-barcelona\\\/\"},\"author\":{\"name\":\"R@mbla\",\"@id\":\"https:\\\/\\\/www.revistarambla.com\\\/#\\\/schema\\\/person\\\/a146a5a2550b94981a75131180e1bd9c\"},\"headline\":\"El Velo de Bronce: la escultura abstracta de Eudald Serra que inmortaliza a Margarida Xirgu en Barcelona\",\"datePublished\":\"2025-09-03T11:18:33+00:00\",\"dateModified\":\"2025-09-03T11:19:07+00:00\",\"mainEntityOfPage\":{\"@id\":\"https:\\\/\\\/www.revistarambla.com\\\/el-velo-de-bronce-la-escultura-abstracta-de-eudald-serra-que-inmortaliza-a-margarida-xirgu-en-barcelona\\\/\"},\"wordCount\":1324,\"publisher\":{\"@id\":\"https:\\\/\\\/www.revistarambla.com\\\/#organization\"},\"image\":{\"@id\":\"https:\\\/\\\/www.revistarambla.com\\\/el-velo-de-bronce-la-escultura-abstracta-de-eudald-serra-que-inmortaliza-a-margarida-xirgu-en-barcelona\\\/#primaryimage\"},\"thumbnailUrl\":\"https:\\\/\\\/www.revistarambla.com\\\/wp-content\\\/uploads\\\/2025\\\/09\\\/1440px-17_Monument_a_Margarida_Xirgu_i_capella_de_lHospital.jpg\",\"articleSection\":[\"Barcelona\"],\"inLanguage\":\"en-GB\"},{\"@type\":\"WebPage\",\"@id\":\"https:\\\/\\\/www.revistarambla.com\\\/el-velo-de-bronce-la-escultura-abstracta-de-eudald-serra-que-inmortaliza-a-margarida-xirgu-en-barcelona\\\/\",\"url\":\"https:\\\/\\\/www.revistarambla.com\\\/el-velo-de-bronce-la-escultura-abstracta-de-eudald-serra-que-inmortaliza-a-margarida-xirgu-en-barcelona\\\/\",\"name\":\"El Velo de Bronce: la escultura abstracta de Eudald Serra que inmortaliza a Margarida Xirgu en Barcelona - Revista Rambla\",\"isPartOf\":{\"@id\":\"https:\\\/\\\/www.revistarambla.com\\\/#website\"},\"primaryImageOfPage\":{\"@id\":\"https:\\\/\\\/www.revistarambla.com\\\/el-velo-de-bronce-la-escultura-abstracta-de-eudald-serra-que-inmortaliza-a-margarida-xirgu-en-barcelona\\\/#primaryimage\"},\"image\":{\"@id\":\"https:\\\/\\\/www.revistarambla.com\\\/el-velo-de-bronce-la-escultura-abstracta-de-eudald-serra-que-inmortaliza-a-margarida-xirgu-en-barcelona\\\/#primaryimage\"},\"thumbnailUrl\":\"https:\\\/\\\/www.revistarambla.com\\\/wp-content\\\/uploads\\\/2025\\\/09\\\/1440px-17_Monument_a_Margarida_Xirgu_i_capella_de_lHospital.jpg\",\"datePublished\":\"2025-09-03T11:18:33+00:00\",\"dateModified\":\"2025-09-03T11:19:07+00:00\",\"breadcrumb\":{\"@id\":\"https:\\\/\\\/www.revistarambla.com\\\/el-velo-de-bronce-la-escultura-abstracta-de-eudald-serra-que-inmortaliza-a-margarida-xirgu-en-barcelona\\\/#breadcrumb\"},\"inLanguage\":\"en-GB\",\"potentialAction\":[{\"@type\":\"ReadAction\",\"target\":[\"https:\\\/\\\/www.revistarambla.com\\\/el-velo-de-bronce-la-escultura-abstracta-de-eudald-serra-que-inmortaliza-a-margarida-xirgu-en-barcelona\\\/\"]}]},{\"@type\":\"ImageObject\",\"inLanguage\":\"en-GB\",\"@id\":\"https:\\\/\\\/www.revistarambla.com\\\/el-velo-de-bronce-la-escultura-abstracta-de-eudald-serra-que-inmortaliza-a-margarida-xirgu-en-barcelona\\\/#primaryimage\",\"url\":\"https:\\\/\\\/www.revistarambla.com\\\/wp-content\\\/uploads\\\/2025\\\/09\\\/1440px-17_Monument_a_Margarida_Xirgu_i_capella_de_lHospital.jpg\",\"contentUrl\":\"https:\\\/\\\/www.revistarambla.com\\\/wp-content\\\/uploads\\\/2025\\\/09\\\/1440px-17_Monument_a_Margarida_Xirgu_i_capella_de_lHospital.jpg\",\"width\":1440,\"height\":1080},{\"@type\":\"BreadcrumbList\",\"@id\":\"https:\\\/\\\/www.revistarambla.com\\\/el-velo-de-bronce-la-escultura-abstracta-de-eudald-serra-que-inmortaliza-a-margarida-xirgu-en-barcelona\\\/#breadcrumb\",\"itemListElement\":[{\"@type\":\"ListItem\",\"position\":1,\"name\":\"Portada\",\"item\":\"https:\\\/\\\/www.revistarambla.com\\\/\"},{\"@type\":\"ListItem\",\"position\":2,\"name\":\"El Velo de Bronce: la escultura abstracta de Eudald Serra que inmortaliza a Margarida Xirgu en Barcelona\"}]},{\"@type\":\"WebSite\",\"@id\":\"https:\\\/\\\/www.revistarambla.com\\\/#website\",\"url\":\"https:\\\/\\\/www.revistarambla.com\\\/\",\"name\":\"Revista Rambla Barcelona\",\"description\":\"Periodismo independiente\",\"publisher\":{\"@id\":\"https:\\\/\\\/www.revistarambla.com\\\/#organization\"},\"potentialAction\":[{\"@type\":\"SearchAction\",\"target\":{\"@type\":\"EntryPoint\",\"urlTemplate\":\"https:\\\/\\\/www.revistarambla.com\\\/?s={search_term_string}\"},\"query-input\":{\"@type\":\"PropertyValueSpecification\",\"valueRequired\":true,\"valueName\":\"search_term_string\"}}],\"inLanguage\":\"en-GB\"},{\"@type\":\"Organization\",\"@id\":\"https:\\\/\\\/www.revistarambla.com\\\/#organization\",\"name\":\"Revista Rambla\",\"url\":\"https:\\\/\\\/www.revistarambla.com\\\/\",\"logo\":{\"@type\":\"ImageObject\",\"inLanguage\":\"en-GB\",\"@id\":\"https:\\\/\\\/www.revistarambla.com\\\/#\\\/schema\\\/logo\\\/image\\\/\",\"url\":\"https:\\\/\\\/www.revistarambla.com\\\/wp-content\\\/uploads\\\/2020\\\/09\\\/banner_rambla_1900x600_BB.png\",\"contentUrl\":\"https:\\\/\\\/www.revistarambla.com\\\/wp-content\\\/uploads\\\/2020\\\/09\\\/banner_rambla_1900x600_BB.png\",\"width\":1900,\"height\":600,\"caption\":\"Revista Rambla\"},\"image\":{\"@id\":\"https:\\\/\\\/www.revistarambla.com\\\/#\\\/schema\\\/logo\\\/image\\\/\"},\"sameAs\":[\"https:\\\/\\\/www.facebook.com\\\/revistarambla\\\/\",\"https:\\\/\\\/x.com\\\/revistarambla\",\"https:\\\/\\\/www.instagram.com\\\/revista_rambla\",\"https:\\\/\\\/es.linkedin.com\\\/company\\\/revista-rambla\"]},{\"@type\":\"Person\",\"@id\":\"https:\\\/\\\/www.revistarambla.com\\\/#\\\/schema\\\/person\\\/a146a5a2550b94981a75131180e1bd9c\",\"name\":\"R@mbla\",\"description\":\"Este art\u00edculo ha sido redactado y\\\/o validado por el equipo de redacci\u00f3n de Revista Rambla.\",\"sameAs\":[\"https:\\\/\\\/www.revistarambla.com\\\/\",\"https:\\\/\\\/www.facebook.com\\\/revistarambla\",\"https:\\\/\\\/x.com\\\/revistarambla\"]}]}<\/script>\n<!-- \/ Yoast SEO plugin. -->","yoast_head_json":{"title":"El Velo de Bronce: la escultura abstracta de Eudald Serra que inmortaliza a Margarida Xirgu en Barcelona - Revista Rambla","robots":{"index":"index","follow":"follow","max-snippet":"max-snippet:-1","max-image-preview":"max-image-preview:large","max-video-preview":"max-video-preview:-1"},"canonical":"https:\/\/www.revistarambla.com\/en\/el-velo-de-bronce-la-escultura-abstracta-de-eudald-serra-que-inmortaliza-a-margarida-xirgu-en-barcelona\/","og_locale":"en_GB","og_type":"article","og_title":"El Velo de Bronce: la escultura abstracta de Eudald Serra que inmortaliza a Margarida Xirgu en Barcelona - Revista Rambla","og_description":"En el coraz\u00f3n del Raval barcelon\u00e9s, donde el bullicio de las Ramblas se difumina en calles empedradas cargadas de historia, se erige un monumento que parece desafiar la gravedad y el tiempo. Es la Pla\u00e7a del Canonge Colom, un rinc\u00f3n discreto frente al ic\u00f3nico Teatre Romea, donde una escultura abstracta [&hellip;]","og_url":"https:\/\/www.revistarambla.com\/en\/el-velo-de-bronce-la-escultura-abstracta-de-eudald-serra-que-inmortaliza-a-margarida-xirgu-en-barcelona\/","og_site_name":"Revista Rambla","article_publisher":"https:\/\/www.facebook.com\/revistarambla\/","article_author":"https:\/\/www.facebook.com\/revistarambla","article_published_time":"2025-09-03T11:18:33+00:00","article_modified_time":"2025-09-03T11:19:07+00:00","og_image":[{"width":1440,"height":1080,"url":"https:\/\/www.revistarambla.com\/wp-content\/uploads\/2025\/09\/1440px-17_Monument_a_Margarida_Xirgu_i_capella_de_lHospital.jpg","type":"image\/jpeg"}],"author":"R@mbla","twitter_card":"summary_large_image","twitter_creator":"@revistarambla","twitter_site":"@revistarambla","twitter_misc":{"Written by":"R@mbla","Estimated reading time":"7 minutes"},"schema":{"@context":"https:\/\/schema.org","@graph":[{"@type":"Article","@id":"https:\/\/www.revistarambla.com\/el-velo-de-bronce-la-escultura-abstracta-de-eudald-serra-que-inmortaliza-a-margarida-xirgu-en-barcelona\/#article","isPartOf":{"@id":"https:\/\/www.revistarambla.com\/el-velo-de-bronce-la-escultura-abstracta-de-eudald-serra-que-inmortaliza-a-margarida-xirgu-en-barcelona\/"},"author":{"name":"R@mbla","@id":"https:\/\/www.revistarambla.com\/#\/schema\/person\/a146a5a2550b94981a75131180e1bd9c"},"headline":"El Velo de Bronce: la escultura abstracta de Eudald Serra que inmortaliza a Margarida Xirgu en Barcelona","datePublished":"2025-09-03T11:18:33+00:00","dateModified":"2025-09-03T11:19:07+00:00","mainEntityOfPage":{"@id":"https:\/\/www.revistarambla.com\/el-velo-de-bronce-la-escultura-abstracta-de-eudald-serra-que-inmortaliza-a-margarida-xirgu-en-barcelona\/"},"wordCount":1324,"publisher":{"@id":"https:\/\/www.revistarambla.com\/#organization"},"image":{"@id":"https:\/\/www.revistarambla.com\/el-velo-de-bronce-la-escultura-abstracta-de-eudald-serra-que-inmortaliza-a-margarida-xirgu-en-barcelona\/#primaryimage"},"thumbnailUrl":"https:\/\/www.revistarambla.com\/wp-content\/uploads\/2025\/09\/1440px-17_Monument_a_Margarida_Xirgu_i_capella_de_lHospital.jpg","articleSection":["Barcelona"],"inLanguage":"en-GB"},{"@type":"WebPage","@id":"https:\/\/www.revistarambla.com\/el-velo-de-bronce-la-escultura-abstracta-de-eudald-serra-que-inmortaliza-a-margarida-xirgu-en-barcelona\/","url":"https:\/\/www.revistarambla.com\/el-velo-de-bronce-la-escultura-abstracta-de-eudald-serra-que-inmortaliza-a-margarida-xirgu-en-barcelona\/","name":"El Velo de Bronce: la escultura abstracta de Eudald Serra que inmortaliza a Margarida Xirgu en Barcelona - Revista Rambla","isPartOf":{"@id":"https:\/\/www.revistarambla.com\/#website"},"primaryImageOfPage":{"@id":"https:\/\/www.revistarambla.com\/el-velo-de-bronce-la-escultura-abstracta-de-eudald-serra-que-inmortaliza-a-margarida-xirgu-en-barcelona\/#primaryimage"},"image":{"@id":"https:\/\/www.revistarambla.com\/el-velo-de-bronce-la-escultura-abstracta-de-eudald-serra-que-inmortaliza-a-margarida-xirgu-en-barcelona\/#primaryimage"},"thumbnailUrl":"https:\/\/www.revistarambla.com\/wp-content\/uploads\/2025\/09\/1440px-17_Monument_a_Margarida_Xirgu_i_capella_de_lHospital.jpg","datePublished":"2025-09-03T11:18:33+00:00","dateModified":"2025-09-03T11:19:07+00:00","breadcrumb":{"@id":"https:\/\/www.revistarambla.com\/el-velo-de-bronce-la-escultura-abstracta-de-eudald-serra-que-inmortaliza-a-margarida-xirgu-en-barcelona\/#breadcrumb"},"inLanguage":"en-GB","potentialAction":[{"@type":"ReadAction","target":["https:\/\/www.revistarambla.com\/el-velo-de-bronce-la-escultura-abstracta-de-eudald-serra-que-inmortaliza-a-margarida-xirgu-en-barcelona\/"]}]},{"@type":"ImageObject","inLanguage":"en-GB","@id":"https:\/\/www.revistarambla.com\/el-velo-de-bronce-la-escultura-abstracta-de-eudald-serra-que-inmortaliza-a-margarida-xirgu-en-barcelona\/#primaryimage","url":"https:\/\/www.revistarambla.com\/wp-content\/uploads\/2025\/09\/1440px-17_Monument_a_Margarida_Xirgu_i_capella_de_lHospital.jpg","contentUrl":"https:\/\/www.revistarambla.com\/wp-content\/uploads\/2025\/09\/1440px-17_Monument_a_Margarida_Xirgu_i_capella_de_lHospital.jpg","width":1440,"height":1080},{"@type":"BreadcrumbList","@id":"https:\/\/www.revistarambla.com\/el-velo-de-bronce-la-escultura-abstracta-de-eudald-serra-que-inmortaliza-a-margarida-xirgu-en-barcelona\/#breadcrumb","itemListElement":[{"@type":"ListItem","position":1,"name":"Portada","item":"https:\/\/www.revistarambla.com\/"},{"@type":"ListItem","position":2,"name":"El Velo de Bronce: la escultura abstracta de Eudald Serra que inmortaliza a Margarida Xirgu en Barcelona"}]},{"@type":"WebSite","@id":"https:\/\/www.revistarambla.com\/#website","url":"https:\/\/www.revistarambla.com\/","name":"Revista Rambla Barcelona","description":"Periodismo independiente","publisher":{"@id":"https:\/\/www.revistarambla.com\/#organization"},"potentialAction":[{"@type":"SearchAction","target":{"@type":"EntryPoint","urlTemplate":"https:\/\/www.revistarambla.com\/?s={search_term_string}"},"query-input":{"@type":"PropertyValueSpecification","valueRequired":true,"valueName":"search_term_string"}}],"inLanguage":"en-GB"},{"@type":"Organization","@id":"https:\/\/www.revistarambla.com\/#organization","name":"Revista Rambla","url":"https:\/\/www.revistarambla.com\/","logo":{"@type":"ImageObject","inLanguage":"en-GB","@id":"https:\/\/www.revistarambla.com\/#\/schema\/logo\/image\/","url":"https:\/\/www.revistarambla.com\/wp-content\/uploads\/2020\/09\/banner_rambla_1900x600_BB.png","contentUrl":"https:\/\/www.revistarambla.com\/wp-content\/uploads\/2020\/09\/banner_rambla_1900x600_BB.png","width":1900,"height":600,"caption":"Revista Rambla"},"image":{"@id":"https:\/\/www.revistarambla.com\/#\/schema\/logo\/image\/"},"sameAs":["https:\/\/www.facebook.com\/revistarambla\/","https:\/\/x.com\/revistarambla","https:\/\/www.instagram.com\/revista_rambla","https:\/\/es.linkedin.com\/company\/revista-rambla"]},{"@type":"Person","@id":"https:\/\/www.revistarambla.com\/#\/schema\/person\/a146a5a2550b94981a75131180e1bd9c","name":"R@mbla","description":"Este art\u00edculo ha sido redactado y\/o validado por el equipo de redacci\u00f3n de Revista Rambla.","sameAs":["https:\/\/www.revistarambla.com\/","https:\/\/www.facebook.com\/revistarambla","https:\/\/x.com\/revistarambla"]}]}},"_links":{"self":[{"href":"https:\/\/www.revistarambla.com\/en\/wp-json\/wp\/v2\/posts\/66393","targetHints":{"allow":["GET"]}}],"collection":[{"href":"https:\/\/www.revistarambla.com\/en\/wp-json\/wp\/v2\/posts"}],"about":[{"href":"https:\/\/www.revistarambla.com\/en\/wp-json\/wp\/v2\/types\/post"}],"author":[{"embeddable":true,"href":"https:\/\/www.revistarambla.com\/en\/wp-json\/wp\/v2\/users\/3"}],"replies":[{"embeddable":true,"href":"https:\/\/www.revistarambla.com\/en\/wp-json\/wp\/v2\/comments?post=66393"}],"version-history":[{"count":1,"href":"https:\/\/www.revistarambla.com\/en\/wp-json\/wp\/v2\/posts\/66393\/revisions"}],"predecessor-version":[{"id":66395,"href":"https:\/\/www.revistarambla.com\/en\/wp-json\/wp\/v2\/posts\/66393\/revisions\/66395"}],"wp:featuredmedia":[{"embeddable":true,"href":"https:\/\/www.revistarambla.com\/en\/wp-json\/wp\/v2\/media\/66394"}],"wp:attachment":[{"href":"https:\/\/www.revistarambla.com\/en\/wp-json\/wp\/v2\/media?parent=66393"}],"wp:term":[{"taxonomy":"category","embeddable":true,"href":"https:\/\/www.revistarambla.com\/en\/wp-json\/wp\/v2\/categories?post=66393"},{"taxonomy":"post_tag","embeddable":true,"href":"https:\/\/www.revistarambla.com\/en\/wp-json\/wp\/v2\/tags?post=66393"}],"curies":[{"name":"wp","href":"https:\/\/api.w.org\/{rel}","templated":true}]}}