{"id":66387,"date":"2025-09-03T12:54:09","date_gmt":"2025-09-03T10:54:09","guid":{"rendered":"https:\/\/www.revistarambla.com\/?p=66387"},"modified":"2025-09-03T12:54:46","modified_gmt":"2025-09-03T10:54:46","slug":"locus-amoenus-y-ecolojetas","status":"publish","type":"post","link":"https:\/\/www.revistarambla.com\/en\/locus-amoenus-y-ecolojetas\/","title":{"rendered":"\u201cLocus amoenus\u201d y \u201cecolojetas\u201d"},"content":{"rendered":"<p>El \u201c<em>locus amoenus<\/em>\u201d, junto con el \u201c<em>carpe diem<\/em>\u201d, el \u201c<em>beatus ille\u2026<\/em>\u201d, el \u201c<em>tempus fugit<\/em>\u201d y el \u201c<em>memento mori<\/em>\u201d constituyen los 5 temas recurrentes latinos, base de la felicidad para los romanos. En efecto, estos t\u00f3picos invitan a no dejar para ma\u00f1ana lo que podamos gozar hoy (\u201c<em>carpe diem<\/em>\u201d), en un contexto o ecosistema agradable, tranquilo, bello, seguro y saludable (\u201c<em>locus amoenus<\/em>\u201d), alejado del mundanal ruido (\u201c<em>beatus ille\u2026<\/em>\u201d), como dej\u00f3 verbalizado <strong>Fray Luis de Le\u00f3n <\/strong>en su <strong>\u00ab<\/strong><em>Oda a la vida retirada<\/em><strong>\u00ab<\/strong>, ya que el paso del tiempo (\u201c<em>tempus fugit<\/em>\u201d) nos conduce, s\u00ed o s\u00ed, a nuestra meta final (\u201c<em>memento mori<\/em>\u201d).<\/p>\n<h2>El \u201clocus amoenus\u201d<\/h2>\n<p>Creo que estos reiterados temas romanos reflejan tambi\u00e9n la aspiraci\u00f3n del ser humano de todas las latitudes y de todos los tiempos; y, c\u00f3mo no, tambi\u00e9n, del hombre de principios del siglo XXI. Voy a detenerme y centrarme s\u00f3lo en el \u201c<em>locus amoenus<\/em>\u201d que es un tema redundante, desde hace d\u00e9cadas, en la sociedad espa\u00f1ola, europea y mundial y en los foros internacionales.<\/p>\n<p>Hoy, este t\u00f3pico latino permitir\u00eda designar tanto a la <em>naturaleza virgen y salvaje<\/em> (cf. parques naturales, parques nacionales, reservas de la Biosfera, etc.) como a la \u201c<em>naturaleza domada o domesticada<\/em>\u201d por la mano del hombre gracias a las actividades agropecuarias, creando unos \u201cpaisajes\u201d, que no tienen nada que envidiar a la naturaleza virgen. Basta con pensar, por ejemplo, en los olivares de Ja\u00e9n, a los que dedic\u00f3 un poema reivindicativo <strong>Miguel Hern\u00e1ndez<\/strong>; en los vi\u00f1edos de La Rioja \u2014cuyos caldos fueron glosados por uno de los primeros escritores en lengua castellana, <strong>Gonzalo de Berceo<\/strong>\u2014 de la Rivera Sacra y del Bierzo; en los cerezales del Valle del Jerte; en los naranjales de Valencia; etc.<\/p>\n<p><img decoding=\"async\" class=\"aligncenter size-full wp-image-66388\" src=\"https:\/\/www.revistarambla.com\/wp-content\/uploads\/2025\/09\/ecolojetas.jpg\" alt=\"ecolojetas\" width=\"400\" height=\"186\" srcset=\"https:\/\/www.revistarambla.com\/wp-content\/uploads\/2025\/09\/ecolojetas.jpg 400w, https:\/\/www.revistarambla.com\/wp-content\/uploads\/2025\/09\/ecolojetas-18x8.jpg 18w\" sizes=\"(max-width: 400px) 100vw, 400px\" \/><\/p>\n<p>Para ilustrar el concepto de \u201clocus amoenus\u201d y ejemplificarlo, voy a referirme principalmente a la comarca leonesa de El Bierzo, un ejemplo paradigm\u00e1tico de \u201clocus amoenus\u201d y ed\u00e9nico. Aunque ha sufrido algunas heridas en el pasado remoto y a lo largo del siglo XX, a causa de las explotaciones mineras a cielo abierto (el paisaje de Las M\u00e9dulas, patrimonio de la Humanidad por la UNESCO, desde 1997, y las minas de carb\u00f3n y las canteras de pizarra y \u00e1ridos), su estatus de para\u00edso corre serio peligro.<\/p>\n<p>El Bierzo es la comarca ubicada en el noroeste de la provincia de Le\u00f3n, \u00a0caracterizada por una orogr\u00e1fica particular: una depresi\u00f3n central (Bierzo Bajo), rodeada completamente de monta\u00f1as. Durante muchas d\u00e9cadas, la econom\u00eda gir\u00f3 en torno a la extracci\u00f3n de carb\u00f3n para producir electricidad. Cuando lleg\u00f3 la crisis del carb\u00f3n, las actividades agropecuarias han conseguido tener cada vez m\u00e1s predicamento, tanto en cantidad como en calidad. Y, por otro lado, el turismo rural, cultural y gastron\u00f3mico (por ejemplo, el dios botillo y la variada chaciner\u00eda) se ha consolidado, basado en los paisajes naturales agrestes y en las actividades agropecuarias \u201cdomadoras\u201d, que han transformado y est\u00e1n transformando El Bierzo en un genuino \u201clocus amoenus\u201d, en un paisaje atractivo para todos los sentidos.<\/p>\n<h2>Ecocidio y \u201cecolojetas\u201d<\/h2>\n<p>Ahora bien, desde hace algunas d\u00e9cadas, un peligro se ha abatido ya sobre las tierras de El Bierzo: la instalaci\u00f3n de parques e\u00f3licos, cada m\u00e1s vez m\u00e1s tupidos y numerosos, que coronan todas las monta\u00f1as que circunvalan la hoya del Bierzo. Hoy, a finales del primer tercio del siglo XXI, un nuevo ecocidio se cierne, como una espada de Damocles, sobre \u00e9l y lo amenaza: la siembra de huertos solares, que van a sustituir, si no se hace nada para impedirlo, sus ub\u00e9rrimas tierras, dedicadas tradicionalmente a una agricultura diversificada y sostenible: frutas, verduras y vinos, la mayor parte de ellos con D.O. Bierzo.<\/p>\n<p>Cuando uno observa el ecocidio perpetrado ya (los parques e\u00f3licos) y lo que se avecina (los huertos solares), uno est\u00e1 obligado a levantar acta de \u201c<em>la soluci\u00f3n final<\/em>\u201d de la \u201cnaturaleza virgen y salvaje\u201d y de esa otra \u201cnaturaleza domada o domesticada\u201d por los bercianos a lo largo del tiempo, creando unos paisajes que la <strong>Asociaci\u00f3n A Morteira<\/strong> ha recogido en un rosario de fotos para ilustrar ic\u00f3nicamente la obra \u201c<em>Sabios paisajes. Naturaleza y cultura campesina del Bierzo a trav\u00e9s de las estaciones\u201d <\/em>(2020). Hojeando esta obra y ante los paisajes, cincelados al alim\u00f3n por el hombre y por la naturaleza, s\u00f3lo se puede estar de acuerdo con el lema que preside la labor encomiable de<strong> Jos\u00e9 Luis Prada<\/strong>: \u201c<em>A la naturaleza no podemos mejorarla, pero lo intentamos a tope<\/em>\u201d. Esta labor es precisamente la que anima a agricultores, ganaderos y tambi\u00e9n cazadores, grandes dise\u00f1adores y domadores de la naturaleza berciana, y los m\u00e1s interesados en mimarla, conservarla y mejorarla.<\/p>\n<p>En el momento en que redacto estas l\u00edneas, unos incendios devastadores est\u00e1n ti\u00f1endo de negro-carb\u00f3n zonas silvestres de El Bierzo y tambi\u00e9n esa joya del pasado, patrimonio de la humanidad, Las M\u00e9dulas. Los medios se han hecho y se est\u00e1n haciendo eco, minuto a minuto, de este nuevo ecocidio berciano y de otras zonas de Espa\u00f1a, como para insistir sobre ello. Ahora bien, \u00bfc\u00f3mo, por qu\u00e9 y qui\u00e9n ha propiciado o favorecido estas cat\u00e1strofes, que han puesto en peligro el presente y el futuro de esta parte paradis\u00edaca de la \u201c<a href=\"https:\/\/www.revistarambla.com\/en\/la-espana-vaciada-y-vacia\/\">Espa\u00f1a vaciada y vac\u00eda<\/a>\u201d?<\/p>\n<p>No es ajeno a este triple ecocidio (parques e\u00f3licos, huertos solares y, ahora, incendios devastadores que est\u00e1n incinerando El Bierzo por los cuatro costados) la codicia de algunos, con la connivencia de otros (los de la casta pol\u00edtica que publican en el BOE, decidiendo sobre nuestras vidas y haciendas). Adem\u00e1s, no hay que echar en saco roto la influencia real en los poderes p\u00fablicos, desde hace d\u00e9cadas, de los seguidores de esa nueva religi\u00f3n, la \u201cecolog\u00eda\u201d. Se trata de los llamados \u201cecologistas\u201d que, por sus actos e ignorancia supina en materia agropecuaria y cineg\u00e9tica, algunos tildan acertadamente de \u201c<em>ecolojetas<\/em>: urbanitas desarrapados intelectualmente, que dictan a agricultores, ganaderos y cazadores lo que deben hacer, sin tener ni idea sobre lo que despotrican. Son gentes indocumentadas que viven del cuento y sin dar un palo al agua, vendiendo su influencia real al mejor postor.<\/p>\n<p>En efecto, estos \u201c<em>ecolojetas<\/em>\u201d y sus hermanos, los \u201c<em>animalistas<\/em>\u201d \u2014con mucha ideolog\u00eda y muy poca biblioteca\u2014 no conocen nada del campo ni de la naturaleza. Y, a pesar de ello, han formado \u201clobbies\u201d para imponer sus desvar\u00edos: nada de limpiar los bosques de maleza (sotobosque) y de \u00e1rboles muertos, yesca y energ\u00eda f\u00f3sil f\u00e1cilmente inflamable en caso de incendio; nada de permitir la ganader\u00eda extensiva; eliminaci\u00f3n de presas, pantanos y azudes en un pa\u00eds con \u201cpertinaz sequ\u00eda\u201d; etc. Y lo han conseguido, gracias a la cultura \u201c<a href=\"https:\/\/www.revistarambla.com\/en\/la-amenaza-woke-y-el-nuevo-malestar-narcisista\/\"><em>woke<\/em><\/a>\u201d, a la Agenda 2030, a la Ley de Restauraci\u00f3n de la Naturaleza, a La Europa Verde y a otras aberraciones sobre el bienestar animal y la \u201crenaturalizaci\u00f3n\u201d de la naturaleza y el ecologismo mal entendido. Pretenden dar lecciones a agricultores, a ganaderos y a cazadores, que son los que saben realmente de ecologismo y que son los m\u00e1s interesados en cuidar y conservar la naturaleza. Son como esos adolescentes que pretenden ense\u00f1ar a sus padres a c\u00f3mo hacer hijos. Y, en realidad, son como los hunos de Atila: por donde pasan no vuelve a crecer la hierba.<\/p>\n<p>Ahora, con los incendios devastadores, a lo Sodoma y Gomorra, ya no se trata de conservar lo que recibimos de nuestros mayores, que ya no existe, sino de que, como el Ave F\u00e9nix, El Bierzo renazca de sus cenizas, provocadas por la incompetencia de la casta pol\u00edtica, de alta cuna o de baja cama. Y esto nos va a costar mucho esfuerzo, sudor y l\u00e1grimas, pero el empe\u00f1o merece la pena.<\/p>","protected":false},"excerpt":{"rendered":"<p>El \u201clocus amoenus\u201d, junto con el \u201ccarpe diem\u201d, el \u201cbeatus ille\u2026\u201d, el \u201ctempus fugit\u201d y el \u201cmemento mori\u201d constituyen los 5 temas recurrentes latinos, base de la felicidad para los romanos. En efecto, estos t\u00f3picos invitan a no dejar para ma\u00f1ana lo que podamos gozar hoy (\u201ccarpe diem\u201d), en un [&hellip;]<\/p>\n","protected":false},"author":17,"featured_media":66389,"comment_status":"closed","ping_status":"closed","sticky":false,"template":"","format":"standard","meta":{"footnotes":""},"categories":[4114],"tags":[],"class_list":["post-66387","post","type-post","status-publish","format-standard","has-post-thumbnail","hentry","category-cantando-las-verdades"],"yoast_head":"<!-- This site is optimized with the Yoast SEO plugin v27.5 - https:\/\/yoast.com\/product\/yoast-seo-wordpress\/ -->\n<title>\u201cLocus amoenus\u201d y \u201cecolojetas\u201d - Revista Rambla<\/title>\n<meta name=\"robots\" content=\"index, follow, max-snippet:-1, max-image-preview:large, max-video-preview:-1\" \/>\n<link rel=\"canonical\" href=\"https:\/\/www.revistarambla.com\/en\/locus-amoenus-y-ecolojetas\/\" \/>\n<meta property=\"og:locale\" content=\"en_GB\" \/>\n<meta property=\"og:type\" content=\"article\" \/>\n<meta property=\"og:title\" content=\"\u201cLocus amoenus\u201d y \u201cecolojetas\u201d - Revista Rambla\" \/>\n<meta property=\"og:description\" content=\"El \u201clocus amoenus\u201d, junto con el \u201ccarpe diem\u201d, el \u201cbeatus ille\u2026\u201d, el \u201ctempus fugit\u201d y el \u201cmemento mori\u201d constituyen los 5 temas recurrentes latinos, base de la felicidad para los romanos. En efecto, estos t\u00f3picos invitan a no dejar para ma\u00f1ana lo que podamos gozar hoy (\u201ccarpe diem\u201d), en un [&hellip;]\" \/>\n<meta property=\"og:url\" content=\"https:\/\/www.revistarambla.com\/en\/locus-amoenus-y-ecolojetas\/\" \/>\n<meta property=\"og:site_name\" content=\"Revista Rambla\" \/>\n<meta property=\"article:publisher\" content=\"https:\/\/www.facebook.com\/revistarambla\/\" \/>\n<meta property=\"article:author\" content=\"https:\/\/www.facebook.com\/manuelignacio.cabezasgonzalez\" \/>\n<meta property=\"article:published_time\" content=\"2025-09-03T10:54:09+00:00\" \/>\n<meta property=\"article:modified_time\" content=\"2025-09-03T10:54:46+00:00\" \/>\n<meta property=\"og:image\" content=\"https:\/\/www.revistarambla.com\/wp-content\/uploads\/2025\/09\/Vista_panoramica_de_Santalla_del_Bierzo.jpg\" \/>\n\t<meta property=\"og:image:width\" content=\"1024\" \/>\n\t<meta property=\"og:image:height\" content=\"487\" \/>\n\t<meta property=\"og:image:type\" content=\"image\/jpeg\" \/>\n<meta name=\"author\" content=\"Manuel Ignacio Cabezas Gonz\u00e1lez\" \/>\n<meta name=\"twitter:card\" content=\"summary_large_image\" \/>\n<meta name=\"twitter:creator\" content=\"@ManuelICabezas\" \/>\n<meta name=\"twitter:site\" content=\"@revistarambla\" \/>\n<meta name=\"twitter:label1\" content=\"Written by\" \/>\n\t<meta name=\"twitter:data1\" content=\"Manuel Ignacio Cabezas Gonz\u00e1lez\" \/>\n\t<meta name=\"twitter:label2\" content=\"Estimated reading time\" \/>\n\t<meta name=\"twitter:data2\" content=\"7 minutes\" \/>\n<script type=\"application\/ld+json\" class=\"yoast-schema-graph\">{\"@context\":\"https:\\\/\\\/schema.org\",\"@graph\":[{\"@type\":\"Article\",\"@id\":\"https:\\\/\\\/www.revistarambla.com\\\/locus-amoenus-y-ecolojetas\\\/#article\",\"isPartOf\":{\"@id\":\"https:\\\/\\\/www.revistarambla.com\\\/locus-amoenus-y-ecolojetas\\\/\"},\"author\":{\"name\":\"Manuel Ignacio Cabezas Gonz\u00e1lez\",\"@id\":\"https:\\\/\\\/www.revistarambla.com\\\/#\\\/schema\\\/person\\\/3d71c575842522757de7f4f9c9b40215\"},\"headline\":\"\u201cLocus amoenus\u201d y \u201cecolojetas\u201d\",\"datePublished\":\"2025-09-03T10:54:09+00:00\",\"dateModified\":\"2025-09-03T10:54:46+00:00\",\"mainEntityOfPage\":{\"@id\":\"https:\\\/\\\/www.revistarambla.com\\\/locus-amoenus-y-ecolojetas\\\/\"},\"wordCount\":1337,\"publisher\":{\"@id\":\"https:\\\/\\\/www.revistarambla.com\\\/#organization\"},\"image\":{\"@id\":\"https:\\\/\\\/www.revistarambla.com\\\/locus-amoenus-y-ecolojetas\\\/#primaryimage\"},\"thumbnailUrl\":\"https:\\\/\\\/www.revistarambla.com\\\/wp-content\\\/uploads\\\/2025\\\/09\\\/Vista_panoramica_de_Santalla_del_Bierzo.jpg\",\"articleSection\":[\"Cantando las verdades\"],\"inLanguage\":\"en-GB\"},{\"@type\":\"WebPage\",\"@id\":\"https:\\\/\\\/www.revistarambla.com\\\/locus-amoenus-y-ecolojetas\\\/\",\"url\":\"https:\\\/\\\/www.revistarambla.com\\\/locus-amoenus-y-ecolojetas\\\/\",\"name\":\"\u201cLocus amoenus\u201d y \u201cecolojetas\u201d - Revista Rambla\",\"isPartOf\":{\"@id\":\"https:\\\/\\\/www.revistarambla.com\\\/#website\"},\"primaryImageOfPage\":{\"@id\":\"https:\\\/\\\/www.revistarambla.com\\\/locus-amoenus-y-ecolojetas\\\/#primaryimage\"},\"image\":{\"@id\":\"https:\\\/\\\/www.revistarambla.com\\\/locus-amoenus-y-ecolojetas\\\/#primaryimage\"},\"thumbnailUrl\":\"https:\\\/\\\/www.revistarambla.com\\\/wp-content\\\/uploads\\\/2025\\\/09\\\/Vista_panoramica_de_Santalla_del_Bierzo.jpg\",\"datePublished\":\"2025-09-03T10:54:09+00:00\",\"dateModified\":\"2025-09-03T10:54:46+00:00\",\"breadcrumb\":{\"@id\":\"https:\\\/\\\/www.revistarambla.com\\\/locus-amoenus-y-ecolojetas\\\/#breadcrumb\"},\"inLanguage\":\"en-GB\",\"potentialAction\":[{\"@type\":\"ReadAction\",\"target\":[\"https:\\\/\\\/www.revistarambla.com\\\/locus-amoenus-y-ecolojetas\\\/\"]}]},{\"@type\":\"ImageObject\",\"inLanguage\":\"en-GB\",\"@id\":\"https:\\\/\\\/www.revistarambla.com\\\/locus-amoenus-y-ecolojetas\\\/#primaryimage\",\"url\":\"https:\\\/\\\/www.revistarambla.com\\\/wp-content\\\/uploads\\\/2025\\\/09\\\/Vista_panoramica_de_Santalla_del_Bierzo.jpg\",\"contentUrl\":\"https:\\\/\\\/www.revistarambla.com\\\/wp-content\\\/uploads\\\/2025\\\/09\\\/Vista_panoramica_de_Santalla_del_Bierzo.jpg\",\"width\":1024,\"height\":487,\"caption\":\"ecolojetas\"},{\"@type\":\"BreadcrumbList\",\"@id\":\"https:\\\/\\\/www.revistarambla.com\\\/locus-amoenus-y-ecolojetas\\\/#breadcrumb\",\"itemListElement\":[{\"@type\":\"ListItem\",\"position\":1,\"name\":\"Portada\",\"item\":\"https:\\\/\\\/www.revistarambla.com\\\/\"},{\"@type\":\"ListItem\",\"position\":2,\"name\":\"\u201cLocus amoenus\u201d y \u201cecolojetas\u201d\"}]},{\"@type\":\"WebSite\",\"@id\":\"https:\\\/\\\/www.revistarambla.com\\\/#website\",\"url\":\"https:\\\/\\\/www.revistarambla.com\\\/\",\"name\":\"Revista Rambla Barcelona\",\"description\":\"Periodismo independiente\",\"publisher\":{\"@id\":\"https:\\\/\\\/www.revistarambla.com\\\/#organization\"},\"potentialAction\":[{\"@type\":\"SearchAction\",\"target\":{\"@type\":\"EntryPoint\",\"urlTemplate\":\"https:\\\/\\\/www.revistarambla.com\\\/?s={search_term_string}\"},\"query-input\":{\"@type\":\"PropertyValueSpecification\",\"valueRequired\":true,\"valueName\":\"search_term_string\"}}],\"inLanguage\":\"en-GB\"},{\"@type\":\"Organization\",\"@id\":\"https:\\\/\\\/www.revistarambla.com\\\/#organization\",\"name\":\"Revista Rambla\",\"url\":\"https:\\\/\\\/www.revistarambla.com\\\/\",\"logo\":{\"@type\":\"ImageObject\",\"inLanguage\":\"en-GB\",\"@id\":\"https:\\\/\\\/www.revistarambla.com\\\/#\\\/schema\\\/logo\\\/image\\\/\",\"url\":\"https:\\\/\\\/www.revistarambla.com\\\/wp-content\\\/uploads\\\/2020\\\/09\\\/banner_rambla_1900x600_BB.png\",\"contentUrl\":\"https:\\\/\\\/www.revistarambla.com\\\/wp-content\\\/uploads\\\/2020\\\/09\\\/banner_rambla_1900x600_BB.png\",\"width\":1900,\"height\":600,\"caption\":\"Revista Rambla\"},\"image\":{\"@id\":\"https:\\\/\\\/www.revistarambla.com\\\/#\\\/schema\\\/logo\\\/image\\\/\"},\"sameAs\":[\"https:\\\/\\\/www.facebook.com\\\/revistarambla\\\/\",\"https:\\\/\\\/x.com\\\/revistarambla\",\"https:\\\/\\\/www.instagram.com\\\/revista_rambla\",\"https:\\\/\\\/es.linkedin.com\\\/company\\\/revista-rambla\"]},{\"@type\":\"Person\",\"@id\":\"https:\\\/\\\/www.revistarambla.com\\\/#\\\/schema\\\/person\\\/3d71c575842522757de7f4f9c9b40215\",\"name\":\"Manuel Ignacio Cabezas Gonz\u00e1lez\",\"description\":\"Doctor en Didactolog\u00eda de las Lenguas y de las Culturas. Profesor Titular de Ling\u00fc\u00edstica y de Ling\u00fc\u00edstica Aplicada. Departamento de Filolog\u00eda Francesa y Rom\u00e1nica (UAB).\",\"sameAs\":[\"http:\\\/\\\/honrad.blogspot.com\\\/\",\"https:\\\/\\\/www.facebook.com\\\/manuelignacio.cabezasgonzalez\",\"https:\\\/\\\/x.com\\\/ManuelICabezas\"]}]}<\/script>\n<!-- \/ Yoast SEO plugin. -->","yoast_head_json":{"title":"\u201cLocus amoenus\u201d y \u201cecolojetas\u201d - Revista Rambla","robots":{"index":"index","follow":"follow","max-snippet":"max-snippet:-1","max-image-preview":"max-image-preview:large","max-video-preview":"max-video-preview:-1"},"canonical":"https:\/\/www.revistarambla.com\/en\/locus-amoenus-y-ecolojetas\/","og_locale":"en_GB","og_type":"article","og_title":"\u201cLocus amoenus\u201d y \u201cecolojetas\u201d - Revista Rambla","og_description":"El \u201clocus amoenus\u201d, junto con el \u201ccarpe diem\u201d, el \u201cbeatus ille\u2026\u201d, el \u201ctempus fugit\u201d y el \u201cmemento mori\u201d constituyen los 5 temas recurrentes latinos, base de la felicidad para los romanos. En efecto, estos t\u00f3picos invitan a no dejar para ma\u00f1ana lo que podamos gozar hoy (\u201ccarpe diem\u201d), en un [&hellip;]","og_url":"https:\/\/www.revistarambla.com\/en\/locus-amoenus-y-ecolojetas\/","og_site_name":"Revista Rambla","article_publisher":"https:\/\/www.facebook.com\/revistarambla\/","article_author":"https:\/\/www.facebook.com\/manuelignacio.cabezasgonzalez","article_published_time":"2025-09-03T10:54:09+00:00","article_modified_time":"2025-09-03T10:54:46+00:00","og_image":[{"width":1024,"height":487,"url":"https:\/\/www.revistarambla.com\/wp-content\/uploads\/2025\/09\/Vista_panoramica_de_Santalla_del_Bierzo.jpg","type":"image\/jpeg"}],"author":"Manuel Ignacio Cabezas Gonz\u00e1lez","twitter_card":"summary_large_image","twitter_creator":"@ManuelICabezas","twitter_site":"@revistarambla","twitter_misc":{"Written by":"Manuel Ignacio Cabezas Gonz\u00e1lez","Estimated reading time":"7 minutes"},"schema":{"@context":"https:\/\/schema.org","@graph":[{"@type":"Article","@id":"https:\/\/www.revistarambla.com\/locus-amoenus-y-ecolojetas\/#article","isPartOf":{"@id":"https:\/\/www.revistarambla.com\/locus-amoenus-y-ecolojetas\/"},"author":{"name":"Manuel Ignacio Cabezas Gonz\u00e1lez","@id":"https:\/\/www.revistarambla.com\/#\/schema\/person\/3d71c575842522757de7f4f9c9b40215"},"headline":"\u201cLocus amoenus\u201d y \u201cecolojetas\u201d","datePublished":"2025-09-03T10:54:09+00:00","dateModified":"2025-09-03T10:54:46+00:00","mainEntityOfPage":{"@id":"https:\/\/www.revistarambla.com\/locus-amoenus-y-ecolojetas\/"},"wordCount":1337,"publisher":{"@id":"https:\/\/www.revistarambla.com\/#organization"},"image":{"@id":"https:\/\/www.revistarambla.com\/locus-amoenus-y-ecolojetas\/#primaryimage"},"thumbnailUrl":"https:\/\/www.revistarambla.com\/wp-content\/uploads\/2025\/09\/Vista_panoramica_de_Santalla_del_Bierzo.jpg","articleSection":["Cantando las verdades"],"inLanguage":"en-GB"},{"@type":"WebPage","@id":"https:\/\/www.revistarambla.com\/locus-amoenus-y-ecolojetas\/","url":"https:\/\/www.revistarambla.com\/locus-amoenus-y-ecolojetas\/","name":"\u201cLocus amoenus\u201d y \u201cecolojetas\u201d - Revista Rambla","isPartOf":{"@id":"https:\/\/www.revistarambla.com\/#website"},"primaryImageOfPage":{"@id":"https:\/\/www.revistarambla.com\/locus-amoenus-y-ecolojetas\/#primaryimage"},"image":{"@id":"https:\/\/www.revistarambla.com\/locus-amoenus-y-ecolojetas\/#primaryimage"},"thumbnailUrl":"https:\/\/www.revistarambla.com\/wp-content\/uploads\/2025\/09\/Vista_panoramica_de_Santalla_del_Bierzo.jpg","datePublished":"2025-09-03T10:54:09+00:00","dateModified":"2025-09-03T10:54:46+00:00","breadcrumb":{"@id":"https:\/\/www.revistarambla.com\/locus-amoenus-y-ecolojetas\/#breadcrumb"},"inLanguage":"en-GB","potentialAction":[{"@type":"ReadAction","target":["https:\/\/www.revistarambla.com\/locus-amoenus-y-ecolojetas\/"]}]},{"@type":"ImageObject","inLanguage":"en-GB","@id":"https:\/\/www.revistarambla.com\/locus-amoenus-y-ecolojetas\/#primaryimage","url":"https:\/\/www.revistarambla.com\/wp-content\/uploads\/2025\/09\/Vista_panoramica_de_Santalla_del_Bierzo.jpg","contentUrl":"https:\/\/www.revistarambla.com\/wp-content\/uploads\/2025\/09\/Vista_panoramica_de_Santalla_del_Bierzo.jpg","width":1024,"height":487,"caption":"ecolojetas"},{"@type":"BreadcrumbList","@id":"https:\/\/www.revistarambla.com\/locus-amoenus-y-ecolojetas\/#breadcrumb","itemListElement":[{"@type":"ListItem","position":1,"name":"Portada","item":"https:\/\/www.revistarambla.com\/"},{"@type":"ListItem","position":2,"name":"\u201cLocus amoenus\u201d y \u201cecolojetas\u201d"}]},{"@type":"WebSite","@id":"https:\/\/www.revistarambla.com\/#website","url":"https:\/\/www.revistarambla.com\/","name":"Revista Rambla Barcelona","description":"Periodismo independiente","publisher":{"@id":"https:\/\/www.revistarambla.com\/#organization"},"potentialAction":[{"@type":"SearchAction","target":{"@type":"EntryPoint","urlTemplate":"https:\/\/www.revistarambla.com\/?s={search_term_string}"},"query-input":{"@type":"PropertyValueSpecification","valueRequired":true,"valueName":"search_term_string"}}],"inLanguage":"en-GB"},{"@type":"Organization","@id":"https:\/\/www.revistarambla.com\/#organization","name":"Revista Rambla","url":"https:\/\/www.revistarambla.com\/","logo":{"@type":"ImageObject","inLanguage":"en-GB","@id":"https:\/\/www.revistarambla.com\/#\/schema\/logo\/image\/","url":"https:\/\/www.revistarambla.com\/wp-content\/uploads\/2020\/09\/banner_rambla_1900x600_BB.png","contentUrl":"https:\/\/www.revistarambla.com\/wp-content\/uploads\/2020\/09\/banner_rambla_1900x600_BB.png","width":1900,"height":600,"caption":"Revista Rambla"},"image":{"@id":"https:\/\/www.revistarambla.com\/#\/schema\/logo\/image\/"},"sameAs":["https:\/\/www.facebook.com\/revistarambla\/","https:\/\/x.com\/revistarambla","https:\/\/www.instagram.com\/revista_rambla","https:\/\/es.linkedin.com\/company\/revista-rambla"]},{"@type":"Person","@id":"https:\/\/www.revistarambla.com\/#\/schema\/person\/3d71c575842522757de7f4f9c9b40215","name":"Manuel Ignacio Cabezas Gonz\u00e1lez","description":"Doctor en Didactolog\u00eda de las Lenguas y de las Culturas. Profesor Titular de Ling\u00fc\u00edstica y de Ling\u00fc\u00edstica Aplicada. Departamento de Filolog\u00eda Francesa y Rom\u00e1nica (UAB).","sameAs":["http:\/\/honrad.blogspot.com\/","https:\/\/www.facebook.com\/manuelignacio.cabezasgonzalez","https:\/\/x.com\/ManuelICabezas"]}]}},"_links":{"self":[{"href":"https:\/\/www.revistarambla.com\/en\/wp-json\/wp\/v2\/posts\/66387","targetHints":{"allow":["GET"]}}],"collection":[{"href":"https:\/\/www.revistarambla.com\/en\/wp-json\/wp\/v2\/posts"}],"about":[{"href":"https:\/\/www.revistarambla.com\/en\/wp-json\/wp\/v2\/types\/post"}],"author":[{"embeddable":true,"href":"https:\/\/www.revistarambla.com\/en\/wp-json\/wp\/v2\/users\/17"}],"replies":[{"embeddable":true,"href":"https:\/\/www.revistarambla.com\/en\/wp-json\/wp\/v2\/comments?post=66387"}],"version-history":[{"count":1,"href":"https:\/\/www.revistarambla.com\/en\/wp-json\/wp\/v2\/posts\/66387\/revisions"}],"predecessor-version":[{"id":66390,"href":"https:\/\/www.revistarambla.com\/en\/wp-json\/wp\/v2\/posts\/66387\/revisions\/66390"}],"wp:featuredmedia":[{"embeddable":true,"href":"https:\/\/www.revistarambla.com\/en\/wp-json\/wp\/v2\/media\/66389"}],"wp:attachment":[{"href":"https:\/\/www.revistarambla.com\/en\/wp-json\/wp\/v2\/media?parent=66387"}],"wp:term":[{"taxonomy":"category","embeddable":true,"href":"https:\/\/www.revistarambla.com\/en\/wp-json\/wp\/v2\/categories?post=66387"},{"taxonomy":"post_tag","embeddable":true,"href":"https:\/\/www.revistarambla.com\/en\/wp-json\/wp\/v2\/tags?post=66387"}],"curies":[{"name":"wp","href":"https:\/\/api.w.org\/{rel}","templated":true}]}}