{"id":66383,"date":"2025-09-03T12:48:25","date_gmt":"2025-09-03T10:48:25","guid":{"rendered":"https:\/\/www.revistarambla.com\/?p=66383"},"modified":"2025-09-03T12:48:25","modified_gmt":"2025-09-03T10:48:25","slug":"mujeres-solidarias-y-un-final-de-pelicula","status":"publish","type":"post","link":"https:\/\/www.revistarambla.com\/en\/mujeres-solidarias-y-un-final-de-pelicula\/","title":{"rendered":"Mujeres solidarias y un final de pel\u00edcula"},"content":{"rendered":"<p><em><b>De una lucha colectiva femenina a la pantalla grande. <\/b><b><span lang=\"ES\">TROP CHAUD (DEMASIADO CALOR) es el relato f\u00edlmico documentado con perfecci\u00f3n historiogr\u00e1fica y con l\u00e1grimas de emoci\u00f3n de una victoria ciudadana portadora de esperanza universal.<\/span><\/b><\/em><\/p>\n<p>El 9 abril de 2024,\u00a0el Tribunal Europeo de Derechos Humanos (TEDH), con sede en Estrasburgo, Francia, conden\u00f3 a Suiza por no cumplir con sus compromisos con la protecci\u00f3n del clima. Este veredicto, que el Gobierno suizo rechaz\u00f3 en agosto del mismo a\u00f1o, fue el resultado de un largo proceso jur\u00eddico de m\u00e1s de ocho a\u00f1os a trav\u00e9s de diferentes instancias helv\u00e9ticas y, finalmente, el Tribunal Europeo.<\/p>\n<p>Promovido por las \u201cAncianas por el clima\u201d, una asociaci\u00f3n suiza que nuclea a 3.000 mujeres con una edad media de setenta y tres a\u00f1os, el motor de verdad y principal argumento de este juicio fue que, si bien el cambio clim\u00e1tico afecta a todos, nadie puede negar sus efectos particularmente nocivos sobre la tercera edad. La sentencia, ciertamente relevante como precedente jur\u00eddico, sostiene que Suiza viol\u00f3 el Convenio Europeo de Derechos Humanos por no tomar todas las medidas necesarias para mitigar el impacto del cambio clim\u00e1tico (<a href=\"https:\/\/en.klimaseniorinnen.ch\/wp-content\/uploads\/2024\/12\/Spanish-Resumen-sentencia-Tribunal-Europeo-de-Derechos-Humanos-del-9-de-abril-de-2024.pdf\" target=\"_blank\" rel=\"nofollow noopener\" data-saferedirecturl=\"https:\/\/www.google.com\/url?q=https:\/\/en.klimaseniorinnen.ch\/wp-content\/uploads\/2024\/12\/Spanish-Resumen-sentencia-Tribunal-Europeo-de-Derechos-Humanos-del-9-de-abril-de-2024.pdf&amp;source=gmail&amp;ust=1756982680742000&amp;usg=AOvVaw0sRof3RqN0kcs-A45OHKCc\"><i>https:\/\/en.klimaseniorinnen.<wbr \/>ch\/wp-content\/uploads\/2024\/12\/<wbr \/>Spanish-Resumen-sentencia-<wbr \/>Tribunal-Europeo-de-Derechos-<wbr \/>Humanos-del-9-de-abril-de-<wbr \/>2024.pdf<\/i><\/a>).<\/p>\n<p><b>Un viaje con final \u201cinesperado\u201d<\/b><\/p>\n<p>Justo un a\u00f1o m\u00e1s tarde de esa hist\u00f3rica sentencia, en abril pasado, se estren\u00f3 en Suiza alemana <i>TROP CHAUD<\/i> (<i>Demasiado Calor<\/i>) film documental del realizador Benjam\u00edn Weiss que tiene como coautor a Daniel Hitzig. El estreno en las salas de la Suiza francesa ser\u00e1 en la segunda quincena de septiembre, y en las de la Suiza italiana en noviembre.<\/p>\n<p><i>Trop Chaud,<\/i> un \u201cviaje\u201d con la c\u00e1mara que acompa\u00f1a a las querellantes a lo largo del proceso jur\u00eddico, y retratando con particular rigor documental la preparaci\u00f3n del alegato acusatorio ante el Tribunal europeo, mantiene la tensi\u00f3n de un verdadero <i>thriller<\/i> o, m\u00e1s precisamente, de un policial con un \u201cculpable\u201d desenmascarado de antemano. Este periplo f\u00edlmico culmina con una inesperada victoria de inmensa proporci\u00f3n que a partir de ahora abre las puertas a demandas y sanciones similares contra pa\u00edses que no hagan lo suficiente frente a la crisis clim\u00e1tica (<a href=\"https:\/\/trop-chaud.ch\/fr\/\" target=\"_blank\" rel=\"nofollow noopener\" data-saferedirecturl=\"https:\/\/www.google.com\/url?q=https:\/\/trop-chaud.ch\/fr\/&amp;source=gmail&amp;ust=1756982680742000&amp;usg=AOvVaw38OPvl7R4_JulvhZy-Y6sK\"><i>https:\/\/trop-chaud.ch\/fr\/<\/i><\/a>).<\/p>\n<p>En entrevista exclusiva<i> <\/i>Weiss y Hitzig, tambi\u00e9n coproductores de la pel\u00edcula, coinciden en que su obra trata de \u201cun viaje cuyo resultado, como a menudo pasa con muchos documentales, era incierto\u201d. Hitzig (66 a\u00f1os), de larga trayectoria en el periodismo, el trabajo humanitario y la cooperaci\u00f3n con el desarrollo, explica: \u201cNo sab\u00edamos que las Ancianas por el Clima iban a ganar en todos los frentes en Estrasburgo, ni que Suiza se negar\u00eda a acatar la decisi\u00f3n\u201d. Sin embargo, agrega, \u201cdesde el principio ten\u00edamos muy claro que quer\u00edamos contar una historia compleja: \u00bfc\u00f3mo se produce el cambio clim\u00e1tico?, \u00bfqu\u00e9 hay detr\u00e1s de la idea de exigir medidas de protecci\u00f3n del clima por medios legales? Y nos propusimos presentarlo de la forma m\u00e1s sencilla y atractiva posible\u201d.<\/p>\n<p><img decoding=\"async\" class=\"aligncenter wp-image-66384 size-full\" src=\"https:\/\/www.revistarambla.com\/wp-content\/uploads\/2025\/09\/Affiche-Trop-Cahud.jpg\" alt=\"Mujeres solidarias\" width=\"567\" height=\"814\" srcset=\"https:\/\/www.revistarambla.com\/wp-content\/uploads\/2025\/09\/Affiche-Trop-Cahud.jpg 567w, https:\/\/www.revistarambla.com\/wp-content\/uploads\/2025\/09\/Affiche-Trop-Cahud-254x365.jpg 254w, https:\/\/www.revistarambla.com\/wp-content\/uploads\/2025\/09\/Affiche-Trop-Cahud-8x12.jpg 8w\" sizes=\"(max-width: 567px) 100vw, 567px\" \/><\/p>\n<p>Benjam\u00edn Weiss, de 42 a\u00f1os, con una formaci\u00f3n cinematogr\u00e1fica en California, Estados Unidos, explica que al elegir a qui\u00e9nes entrevistar decidieron priorizar a las propias activistas de la asociaci\u00f3n de mujeres mayores de todas las regiones del pa\u00eds, que se expresan en las tres lenguas nacionales (alem\u00e1n, franc\u00e9s e italiano) y que deb\u00edan ocupar el lugar m\u00e1s destacado en tanto protagonistas. Adem\u00e1s, decidieron dialogar con expertos, juristas y climat\u00f3logos. Viajando casi siempre en tren, y con un peque\u00f1o equipo de dos personas, recorrieron muchos rincones de Suiza, as\u00ed como Estrasburgo, \u00c1msterdam, Par\u00eds, Hamburgo y Gran Breta\u00f1a. El riguroso car\u00e1cter documental de la pel\u00edcula explica la inclusi\u00f3n de una gran gama de documentos (tambi\u00e9n accesibles en Internet). Entre otros, los alegatos de ambas partes y la publicaci\u00f3n de la sentencia del Tribunal de Estrasburgo, as\u00ed como los debates sobre este tema que se dieron en las dos C\u00e1maras del Parlamento helv\u00e9tico (<a href=\"https:\/\/www.youtube.com\/watch?v=Grf2UgvYwvk\" target=\"_blank\" rel=\"nofollow noopener\" data-saferedirecturl=\"https:\/\/www.google.com\/url?q=https:\/\/www.youtube.com\/watch?v%3DGrf2UgvYwvk&amp;source=gmail&amp;ust=1756982680742000&amp;usg=AOvVaw1Dm94ZV3w0ShgRjw8YBl3I\"><i>https:\/\/www.youtube.com\/<wbr \/>watch?v=Grf2UgvYwvk<\/i><\/a>).<\/p>\n<p><b>Marat\u00f3n contra el tiempo y la crisis clim\u00e1tica<\/b><\/p>\n<div>\n<p>Debido a la rapidez con que avanza el cambio clim\u00e1tico, no hab\u00eda tiempo que perder, coinciden ambos cineastas. Por eso se lanzaron, aceleradamente, y junto con las mujeres de la organizaci\u00f3n demandante, a la campa\u00f1a de b\u00fasqueda de fondos con una convocatoria a la sociedad civil. De esta manera pudieron reunir una gran parte del modesto presupuesto de base de 300 mil francos (unos 370 mil d\u00f3lares). Con esa misma celeridad apuraron el trabajo de postproducci\u00f3n para estrenar su pel\u00edcula el 9 de abril de este a\u00f1o, primer aniversario de la sentencia del Tribunal de Estrasburgo.<\/p>\n<p>Durante las pr\u00f3ximas semanas se confrontan a nuevos retos como promover y acompa\u00f1ar la distribuci\u00f3n de <i>TROP CHAUD <\/i>en toda Suiza, incluyendo la proyecci\u00f3n en enero de 2026 en el pr\u00f3ximo Festival de Cine de Solothurn, Suiza. \u00a0Adem\u00e1s, iniciaron el contacto con una treintena de festivales internacionales en la perspectiva de presentar el film. Sin duda, el desaf\u00edo m\u00e1s ambicioso para los productores es lograr que en abril de 2026, en ocasi\u00f3n del segundo aniversario de la victoria de las Ancianas por el Clima, pueda verse por Internet en diferentes idiomas y de forma gratuita. Una fundaci\u00f3n ya se ha mostrado dispuesta a sostener una campa\u00f1a de impacto para sostener esa difusi\u00f3n amplia. \u201cAspiramos a que esta historia sea conocida en Suiza y en el extranjero por miles, y de ser posible, por centenas de miles de personas\u201d, comentaron los realizadores.<\/p>\n<p><b>Multiplicar una victoria social<\/b><\/p>\n<p>\u00bfUn simple sue\u00f1o, o la certeza de Weiss y Hitzig en el contenido universal de su pel\u00edcula y su impacto sobre p\u00fablicos diversos? Weiss responde: \u201cEstamos convencidos de que el combate de esas mujeres jubiladas a favor del clima es una historia de esperanza. Prueba que juntos, las y los ciudadanos pueden lograr grandes cosas. En nuestra opini\u00f3n, este mensaje merece ser escuchado y visto por el mayor n\u00famero posible de gente\u201d.<\/p>\n<p>Seg\u00fan Hitzig, \u201cSe <span lang=\"ES\">trata de mirar y asumir un combate colectivo con acento femenino. Una victoria jur\u00eddica sorprendente a partir de una sentencia muy bien fundamentada ante el Tribunal Europeo. Y tambi\u00e9n mostrar la actitud oficial de Suiza, que pone en cuesti\u00f3n el Estado de Derecho, o que lo limita, al no aceptar ni respetar una sentencia del Tribunal Europeo en su contra y que por lo tanto no le conviene\u201d. <\/span><\/p>\n<p><span lang=\"ES\">Una reflexi\u00f3n adicional no menos importante, comenta Hitzig, es que no se debe<\/span><i> <\/i>subestimar el hecho de que las Ancianas por el Clima hayan roto dos tab\u00faes. Por una parte, estas mujeres han acusado ante un tribunal internacional a su propio pa\u00eds. Por otra, se han sentido con derecho, que por supuesto les corresponde leg\u00edtimamente, a seguir activas pol\u00edticamente como mujeres jubiladas y sin aceptar que se las desconozca porque biol\u00f3gicamente ya pertenezcan a la generaci\u00f3n\u00a0 de las abuelas.<\/p>\n<p>La conclusi\u00f3n compartida por Weiss y Hitzig va m\u00e1s all\u00e1 de su propia obra y toca directamente la compleja coyuntura planetaria. El trabajo que signific\u00f3 <i>TROP CHAUD<\/i> se inscribe en un periodo de cambios radicales y de p\u00e9rdida de certezas, explican. El orden mundial basado en normas de convivencia parece hoy pertenecer al pasado. Las guerras, los conflictos y los aranceles aduaneros ocupan los grandes titulares de los medios de comunicaci\u00f3n y, por lo tanto, preocupan mucho m\u00e1s que el peligro que el cambio clim\u00e1tico representa para la humanidad.<\/p>\n<p>En esta situaci\u00f3n, acotan, \u201cfue un privilegio trabajar en la pel\u00edcula con tantas personas abiertas a argumentos razonables\u201d. Sin embargo, es preocupante que, en algunos espacios y en ciertas ocasiones, se les haya negado a las Ancianas por el Clima el derecho a expresarse y debatir sobre su propia visi\u00f3n. Y concluyen: \u201cComo cineastas, partimos de la base de que la negaci\u00f3n colectiva ante los grandes retos no har\u00e1 avanzar a la humanidad, sino lo contrario\u201d.<\/p>\n<\/div>","protected":false},"excerpt":{"rendered":"<p>De una lucha colectiva femenina a la pantalla grande. TROP CHAUD (DEMASIADO CALOR) es el relato f\u00edlmico documentado con perfecci\u00f3n historiogr\u00e1fica y con l\u00e1grimas de emoci\u00f3n de una victoria ciudadana portadora de esperanza universal. El 9 abril de 2024,\u00a0el Tribunal Europeo de Derechos Humanos (TEDH), con sede en Estrasburgo, Francia, [&hellip;]<\/p>\n","protected":false},"author":24,"featured_media":66385,"comment_status":"closed","ping_status":"closed","sticky":false,"template":"","format":"standard","meta":{"footnotes":""},"categories":[4108],"tags":[],"class_list":["post-66383","post","type-post","status-publish","format-standard","has-post-thumbnail","hentry","category-el-apunte-de-sergio-ferrari"],"yoast_head":"<!-- This site is optimized with the Yoast SEO plugin v27.5 - https:\/\/yoast.com\/product\/yoast-seo-wordpress\/ -->\n<title>Mujeres solidarias y un final de pel\u00edcula - Revista Rambla<\/title>\n<meta name=\"robots\" content=\"index, follow, max-snippet:-1, max-image-preview:large, max-video-preview:-1\" \/>\n<link rel=\"canonical\" href=\"https:\/\/www.revistarambla.com\/en\/mujeres-solidarias-y-un-final-de-pelicula\/\" \/>\n<meta property=\"og:locale\" content=\"en_GB\" \/>\n<meta property=\"og:type\" content=\"article\" \/>\n<meta property=\"og:title\" content=\"Mujeres solidarias y un final de pel\u00edcula - Revista Rambla\" \/>\n<meta property=\"og:description\" content=\"De una lucha colectiva femenina a la pantalla grande. TROP CHAUD (DEMASIADO CALOR) es el relato f\u00edlmico documentado con perfecci\u00f3n historiogr\u00e1fica y con l\u00e1grimas de emoci\u00f3n de una victoria ciudadana portadora de esperanza universal. El 9 abril de 2024,\u00a0el Tribunal Europeo de Derechos Humanos (TEDH), con sede en Estrasburgo, Francia, [&hellip;]\" \/>\n<meta property=\"og:url\" content=\"https:\/\/www.revistarambla.com\/en\/mujeres-solidarias-y-un-final-de-pelicula\/\" \/>\n<meta property=\"og:site_name\" content=\"Revista Rambla\" \/>\n<meta property=\"article:publisher\" content=\"https:\/\/www.facebook.com\/revistarambla\/\" \/>\n<meta property=\"article:author\" content=\"https:\/\/www.facebook.com\/sergio.ferrari.9655\" \/>\n<meta property=\"article:published_time\" content=\"2025-09-03T10:48:25+00:00\" \/>\n<meta property=\"og:image\" content=\"https:\/\/www.revistarambla.com\/wp-content\/uploads\/2025\/09\/Las-Ancianas-suizas-por-el-clima-en-una-de-sus-asambleas-para-defiir-los-pasos-del-proceso-impulsado-ante-el-Tribunal-Europeo-de-Estrasburgo.-Foto-MattoGrosso-Films.jpg\" \/>\n\t<meta property=\"og:image:width\" content=\"1000\" \/>\n\t<meta property=\"og:image:height\" content=\"563\" \/>\n\t<meta property=\"og:image:type\" content=\"image\/jpeg\" \/>\n<meta name=\"author\" content=\"Sergio Ferrari\" \/>\n<meta name=\"twitter:card\" content=\"summary_large_image\" \/>\n<meta name=\"twitter:creator\" content=\"@SergiooFerrari\" \/>\n<meta name=\"twitter:site\" content=\"@revistarambla\" \/>\n<meta name=\"twitter:label1\" content=\"Written by\" \/>\n\t<meta name=\"twitter:data1\" content=\"Sergio Ferrari\" \/>\n\t<meta name=\"twitter:label2\" content=\"Estimated reading time\" \/>\n\t<meta name=\"twitter:data2\" content=\"7 minutes\" \/>\n<script type=\"application\/ld+json\" class=\"yoast-schema-graph\">{\"@context\":\"https:\\\/\\\/schema.org\",\"@graph\":[{\"@type\":\"Article\",\"@id\":\"https:\\\/\\\/www.revistarambla.com\\\/mujeres-solidarias-y-un-final-de-pelicula\\\/#article\",\"isPartOf\":{\"@id\":\"https:\\\/\\\/www.revistarambla.com\\\/mujeres-solidarias-y-un-final-de-pelicula\\\/\"},\"author\":{\"name\":\"Sergio Ferrari\",\"@id\":\"https:\\\/\\\/www.revistarambla.com\\\/#\\\/schema\\\/person\\\/339e2410a25811f9912d8a8551fa5d96\"},\"headline\":\"Mujeres solidarias y un final de pel\u00edcula\",\"datePublished\":\"2025-09-03T10:48:25+00:00\",\"mainEntityOfPage\":{\"@id\":\"https:\\\/\\\/www.revistarambla.com\\\/mujeres-solidarias-y-un-final-de-pelicula\\\/\"},\"wordCount\":1386,\"publisher\":{\"@id\":\"https:\\\/\\\/www.revistarambla.com\\\/#organization\"},\"image\":{\"@id\":\"https:\\\/\\\/www.revistarambla.com\\\/mujeres-solidarias-y-un-final-de-pelicula\\\/#primaryimage\"},\"thumbnailUrl\":\"https:\\\/\\\/www.revistarambla.com\\\/wp-content\\\/uploads\\\/2025\\\/09\\\/Las-Ancianas-suizas-por-el-clima-en-una-de-sus-asambleas-para-defiir-los-pasos-del-proceso-impulsado-ante-el-Tribunal-Europeo-de-Estrasburgo.-Foto-MattoGrosso-Films.jpg\",\"articleSection\":[\"El Apunte\"],\"inLanguage\":\"en-GB\"},{\"@type\":\"WebPage\",\"@id\":\"https:\\\/\\\/www.revistarambla.com\\\/mujeres-solidarias-y-un-final-de-pelicula\\\/\",\"url\":\"https:\\\/\\\/www.revistarambla.com\\\/mujeres-solidarias-y-un-final-de-pelicula\\\/\",\"name\":\"Mujeres solidarias y un final de pel\u00edcula - Revista Rambla\",\"isPartOf\":{\"@id\":\"https:\\\/\\\/www.revistarambla.com\\\/#website\"},\"primaryImageOfPage\":{\"@id\":\"https:\\\/\\\/www.revistarambla.com\\\/mujeres-solidarias-y-un-final-de-pelicula\\\/#primaryimage\"},\"image\":{\"@id\":\"https:\\\/\\\/www.revistarambla.com\\\/mujeres-solidarias-y-un-final-de-pelicula\\\/#primaryimage\"},\"thumbnailUrl\":\"https:\\\/\\\/www.revistarambla.com\\\/wp-content\\\/uploads\\\/2025\\\/09\\\/Las-Ancianas-suizas-por-el-clima-en-una-de-sus-asambleas-para-defiir-los-pasos-del-proceso-impulsado-ante-el-Tribunal-Europeo-de-Estrasburgo.-Foto-MattoGrosso-Films.jpg\",\"datePublished\":\"2025-09-03T10:48:25+00:00\",\"breadcrumb\":{\"@id\":\"https:\\\/\\\/www.revistarambla.com\\\/mujeres-solidarias-y-un-final-de-pelicula\\\/#breadcrumb\"},\"inLanguage\":\"en-GB\",\"potentialAction\":[{\"@type\":\"ReadAction\",\"target\":[\"https:\\\/\\\/www.revistarambla.com\\\/mujeres-solidarias-y-un-final-de-pelicula\\\/\"]}]},{\"@type\":\"ImageObject\",\"inLanguage\":\"en-GB\",\"@id\":\"https:\\\/\\\/www.revistarambla.com\\\/mujeres-solidarias-y-un-final-de-pelicula\\\/#primaryimage\",\"url\":\"https:\\\/\\\/www.revistarambla.com\\\/wp-content\\\/uploads\\\/2025\\\/09\\\/Las-Ancianas-suizas-por-el-clima-en-una-de-sus-asambleas-para-defiir-los-pasos-del-proceso-impulsado-ante-el-Tribunal-Europeo-de-Estrasburgo.-Foto-MattoGrosso-Films.jpg\",\"contentUrl\":\"https:\\\/\\\/www.revistarambla.com\\\/wp-content\\\/uploads\\\/2025\\\/09\\\/Las-Ancianas-suizas-por-el-clima-en-una-de-sus-asambleas-para-defiir-los-pasos-del-proceso-impulsado-ante-el-Tribunal-Europeo-de-Estrasburgo.-Foto-MattoGrosso-Films.jpg\",\"width\":1000,\"height\":563},{\"@type\":\"BreadcrumbList\",\"@id\":\"https:\\\/\\\/www.revistarambla.com\\\/mujeres-solidarias-y-un-final-de-pelicula\\\/#breadcrumb\",\"itemListElement\":[{\"@type\":\"ListItem\",\"position\":1,\"name\":\"Portada\",\"item\":\"https:\\\/\\\/www.revistarambla.com\\\/\"},{\"@type\":\"ListItem\",\"position\":2,\"name\":\"Mujeres solidarias y un final de pel\u00edcula\"}]},{\"@type\":\"WebSite\",\"@id\":\"https:\\\/\\\/www.revistarambla.com\\\/#website\",\"url\":\"https:\\\/\\\/www.revistarambla.com\\\/\",\"name\":\"Revista Rambla Barcelona\",\"description\":\"Periodismo independiente\",\"publisher\":{\"@id\":\"https:\\\/\\\/www.revistarambla.com\\\/#organization\"},\"potentialAction\":[{\"@type\":\"SearchAction\",\"target\":{\"@type\":\"EntryPoint\",\"urlTemplate\":\"https:\\\/\\\/www.revistarambla.com\\\/?s={search_term_string}\"},\"query-input\":{\"@type\":\"PropertyValueSpecification\",\"valueRequired\":true,\"valueName\":\"search_term_string\"}}],\"inLanguage\":\"en-GB\"},{\"@type\":\"Organization\",\"@id\":\"https:\\\/\\\/www.revistarambla.com\\\/#organization\",\"name\":\"Revista Rambla\",\"url\":\"https:\\\/\\\/www.revistarambla.com\\\/\",\"logo\":{\"@type\":\"ImageObject\",\"inLanguage\":\"en-GB\",\"@id\":\"https:\\\/\\\/www.revistarambla.com\\\/#\\\/schema\\\/logo\\\/image\\\/\",\"url\":\"https:\\\/\\\/www.revistarambla.com\\\/wp-content\\\/uploads\\\/2020\\\/09\\\/banner_rambla_1900x600_BB.png\",\"contentUrl\":\"https:\\\/\\\/www.revistarambla.com\\\/wp-content\\\/uploads\\\/2020\\\/09\\\/banner_rambla_1900x600_BB.png\",\"width\":1900,\"height\":600,\"caption\":\"Revista Rambla\"},\"image\":{\"@id\":\"https:\\\/\\\/www.revistarambla.com\\\/#\\\/schema\\\/logo\\\/image\\\/\"},\"sameAs\":[\"https:\\\/\\\/www.facebook.com\\\/revistarambla\\\/\",\"https:\\\/\\\/x.com\\\/revistarambla\",\"https:\\\/\\\/www.instagram.com\\\/revista_rambla\",\"https:\\\/\\\/es.linkedin.com\\\/company\\\/revista-rambla\"]},{\"@type\":\"Person\",\"@id\":\"https:\\\/\\\/www.revistarambla.com\\\/#\\\/schema\\\/person\\\/339e2410a25811f9912d8a8551fa5d96\",\"name\":\"Sergio Ferrari\",\"description\":\"Periodista argentino radicado en Berna, Suiza. Acreditado ante el Gobierno suizo. Colaborador regular de numerosos medios latinoamericanos y europeos.\",\"sameAs\":[\"https:\\\/\\\/www.voltairenet.org\\\/auteur120173.html?lang=es\",\"https:\\\/\\\/www.facebook.com\\\/sergio.ferrari.9655\",\"https:\\\/\\\/x.com\\\/SergiooFerrari\"]}]}<\/script>\n<!-- \/ Yoast SEO plugin. -->","yoast_head_json":{"title":"Mujeres solidarias y un final de pel\u00edcula - Revista Rambla","robots":{"index":"index","follow":"follow","max-snippet":"max-snippet:-1","max-image-preview":"max-image-preview:large","max-video-preview":"max-video-preview:-1"},"canonical":"https:\/\/www.revistarambla.com\/en\/mujeres-solidarias-y-un-final-de-pelicula\/","og_locale":"en_GB","og_type":"article","og_title":"Mujeres solidarias y un final de pel\u00edcula - Revista Rambla","og_description":"De una lucha colectiva femenina a la pantalla grande. TROP CHAUD (DEMASIADO CALOR) es el relato f\u00edlmico documentado con perfecci\u00f3n historiogr\u00e1fica y con l\u00e1grimas de emoci\u00f3n de una victoria ciudadana portadora de esperanza universal. El 9 abril de 2024,\u00a0el Tribunal Europeo de Derechos Humanos (TEDH), con sede en Estrasburgo, Francia, [&hellip;]","og_url":"https:\/\/www.revistarambla.com\/en\/mujeres-solidarias-y-un-final-de-pelicula\/","og_site_name":"Revista Rambla","article_publisher":"https:\/\/www.facebook.com\/revistarambla\/","article_author":"https:\/\/www.facebook.com\/sergio.ferrari.9655","article_published_time":"2025-09-03T10:48:25+00:00","og_image":[{"width":1000,"height":563,"url":"https:\/\/www.revistarambla.com\/wp-content\/uploads\/2025\/09\/Las-Ancianas-suizas-por-el-clima-en-una-de-sus-asambleas-para-defiir-los-pasos-del-proceso-impulsado-ante-el-Tribunal-Europeo-de-Estrasburgo.-Foto-MattoGrosso-Films.jpg","type":"image\/jpeg"}],"author":"Sergio Ferrari","twitter_card":"summary_large_image","twitter_creator":"@SergiooFerrari","twitter_site":"@revistarambla","twitter_misc":{"Written by":"Sergio Ferrari","Estimated reading time":"7 minutes"},"schema":{"@context":"https:\/\/schema.org","@graph":[{"@type":"Article","@id":"https:\/\/www.revistarambla.com\/mujeres-solidarias-y-un-final-de-pelicula\/#article","isPartOf":{"@id":"https:\/\/www.revistarambla.com\/mujeres-solidarias-y-un-final-de-pelicula\/"},"author":{"name":"Sergio Ferrari","@id":"https:\/\/www.revistarambla.com\/#\/schema\/person\/339e2410a25811f9912d8a8551fa5d96"},"headline":"Mujeres solidarias y un final de pel\u00edcula","datePublished":"2025-09-03T10:48:25+00:00","mainEntityOfPage":{"@id":"https:\/\/www.revistarambla.com\/mujeres-solidarias-y-un-final-de-pelicula\/"},"wordCount":1386,"publisher":{"@id":"https:\/\/www.revistarambla.com\/#organization"},"image":{"@id":"https:\/\/www.revistarambla.com\/mujeres-solidarias-y-un-final-de-pelicula\/#primaryimage"},"thumbnailUrl":"https:\/\/www.revistarambla.com\/wp-content\/uploads\/2025\/09\/Las-Ancianas-suizas-por-el-clima-en-una-de-sus-asambleas-para-defiir-los-pasos-del-proceso-impulsado-ante-el-Tribunal-Europeo-de-Estrasburgo.-Foto-MattoGrosso-Films.jpg","articleSection":["El Apunte"],"inLanguage":"en-GB"},{"@type":"WebPage","@id":"https:\/\/www.revistarambla.com\/mujeres-solidarias-y-un-final-de-pelicula\/","url":"https:\/\/www.revistarambla.com\/mujeres-solidarias-y-un-final-de-pelicula\/","name":"Mujeres solidarias y un final de pel\u00edcula - Revista Rambla","isPartOf":{"@id":"https:\/\/www.revistarambla.com\/#website"},"primaryImageOfPage":{"@id":"https:\/\/www.revistarambla.com\/mujeres-solidarias-y-un-final-de-pelicula\/#primaryimage"},"image":{"@id":"https:\/\/www.revistarambla.com\/mujeres-solidarias-y-un-final-de-pelicula\/#primaryimage"},"thumbnailUrl":"https:\/\/www.revistarambla.com\/wp-content\/uploads\/2025\/09\/Las-Ancianas-suizas-por-el-clima-en-una-de-sus-asambleas-para-defiir-los-pasos-del-proceso-impulsado-ante-el-Tribunal-Europeo-de-Estrasburgo.-Foto-MattoGrosso-Films.jpg","datePublished":"2025-09-03T10:48:25+00:00","breadcrumb":{"@id":"https:\/\/www.revistarambla.com\/mujeres-solidarias-y-un-final-de-pelicula\/#breadcrumb"},"inLanguage":"en-GB","potentialAction":[{"@type":"ReadAction","target":["https:\/\/www.revistarambla.com\/mujeres-solidarias-y-un-final-de-pelicula\/"]}]},{"@type":"ImageObject","inLanguage":"en-GB","@id":"https:\/\/www.revistarambla.com\/mujeres-solidarias-y-un-final-de-pelicula\/#primaryimage","url":"https:\/\/www.revistarambla.com\/wp-content\/uploads\/2025\/09\/Las-Ancianas-suizas-por-el-clima-en-una-de-sus-asambleas-para-defiir-los-pasos-del-proceso-impulsado-ante-el-Tribunal-Europeo-de-Estrasburgo.-Foto-MattoGrosso-Films.jpg","contentUrl":"https:\/\/www.revistarambla.com\/wp-content\/uploads\/2025\/09\/Las-Ancianas-suizas-por-el-clima-en-una-de-sus-asambleas-para-defiir-los-pasos-del-proceso-impulsado-ante-el-Tribunal-Europeo-de-Estrasburgo.-Foto-MattoGrosso-Films.jpg","width":1000,"height":563},{"@type":"BreadcrumbList","@id":"https:\/\/www.revistarambla.com\/mujeres-solidarias-y-un-final-de-pelicula\/#breadcrumb","itemListElement":[{"@type":"ListItem","position":1,"name":"Portada","item":"https:\/\/www.revistarambla.com\/"},{"@type":"ListItem","position":2,"name":"Mujeres solidarias y un final de pel\u00edcula"}]},{"@type":"WebSite","@id":"https:\/\/www.revistarambla.com\/#website","url":"https:\/\/www.revistarambla.com\/","name":"Revista Rambla Barcelona","description":"Periodismo independiente","publisher":{"@id":"https:\/\/www.revistarambla.com\/#organization"},"potentialAction":[{"@type":"SearchAction","target":{"@type":"EntryPoint","urlTemplate":"https:\/\/www.revistarambla.com\/?s={search_term_string}"},"query-input":{"@type":"PropertyValueSpecification","valueRequired":true,"valueName":"search_term_string"}}],"inLanguage":"en-GB"},{"@type":"Organization","@id":"https:\/\/www.revistarambla.com\/#organization","name":"Revista Rambla","url":"https:\/\/www.revistarambla.com\/","logo":{"@type":"ImageObject","inLanguage":"en-GB","@id":"https:\/\/www.revistarambla.com\/#\/schema\/logo\/image\/","url":"https:\/\/www.revistarambla.com\/wp-content\/uploads\/2020\/09\/banner_rambla_1900x600_BB.png","contentUrl":"https:\/\/www.revistarambla.com\/wp-content\/uploads\/2020\/09\/banner_rambla_1900x600_BB.png","width":1900,"height":600,"caption":"Revista Rambla"},"image":{"@id":"https:\/\/www.revistarambla.com\/#\/schema\/logo\/image\/"},"sameAs":["https:\/\/www.facebook.com\/revistarambla\/","https:\/\/x.com\/revistarambla","https:\/\/www.instagram.com\/revista_rambla","https:\/\/es.linkedin.com\/company\/revista-rambla"]},{"@type":"Person","@id":"https:\/\/www.revistarambla.com\/#\/schema\/person\/339e2410a25811f9912d8a8551fa5d96","name":"Sergio Ferrari","description":"Periodista argentino radicado en Berna, Suiza. Acreditado ante el Gobierno suizo. Colaborador regular de numerosos medios latinoamericanos y europeos.","sameAs":["https:\/\/www.voltairenet.org\/auteur120173.html?lang=es","https:\/\/www.facebook.com\/sergio.ferrari.9655","https:\/\/x.com\/SergiooFerrari"]}]}},"_links":{"self":[{"href":"https:\/\/www.revistarambla.com\/en\/wp-json\/wp\/v2\/posts\/66383","targetHints":{"allow":["GET"]}}],"collection":[{"href":"https:\/\/www.revistarambla.com\/en\/wp-json\/wp\/v2\/posts"}],"about":[{"href":"https:\/\/www.revistarambla.com\/en\/wp-json\/wp\/v2\/types\/post"}],"author":[{"embeddable":true,"href":"https:\/\/www.revistarambla.com\/en\/wp-json\/wp\/v2\/users\/24"}],"replies":[{"embeddable":true,"href":"https:\/\/www.revistarambla.com\/en\/wp-json\/wp\/v2\/comments?post=66383"}],"version-history":[{"count":1,"href":"https:\/\/www.revistarambla.com\/en\/wp-json\/wp\/v2\/posts\/66383\/revisions"}],"predecessor-version":[{"id":66386,"href":"https:\/\/www.revistarambla.com\/en\/wp-json\/wp\/v2\/posts\/66383\/revisions\/66386"}],"wp:featuredmedia":[{"embeddable":true,"href":"https:\/\/www.revistarambla.com\/en\/wp-json\/wp\/v2\/media\/66385"}],"wp:attachment":[{"href":"https:\/\/www.revistarambla.com\/en\/wp-json\/wp\/v2\/media?parent=66383"}],"wp:term":[{"taxonomy":"category","embeddable":true,"href":"https:\/\/www.revistarambla.com\/en\/wp-json\/wp\/v2\/categories?post=66383"},{"taxonomy":"post_tag","embeddable":true,"href":"https:\/\/www.revistarambla.com\/en\/wp-json\/wp\/v2\/tags?post=66383"}],"curies":[{"name":"wp","href":"https:\/\/api.w.org\/{rel}","templated":true}]}}