{"id":66381,"date":"2025-09-02T13:37:12","date_gmt":"2025-09-02T11:37:12","guid":{"rendered":"https:\/\/www.revistarambla.com\/?p=66381"},"modified":"2025-09-02T13:37:12","modified_gmt":"2025-09-02T11:37:12","slug":"tres-policias-se-suicidan-en-un-dia-diez-en-lo-que-va-de-ano","status":"publish","type":"post","link":"https:\/\/www.revistarambla.com\/en\/tres-policias-se-suicidan-en-un-dia-diez-en-lo-que-va-de-ano\/","title":{"rendered":"Tres polic\u00edas se suicidan en un d\u00eda; diez en lo que va de a\u00f1o"},"content":{"rendered":"<p>La Polic\u00eda Nacional espa\u00f1ola vive uno de sus momentos m\u00e1s sombr\u00edos en lo que va de a\u00f1o. En tan solo ocho meses de 2025, diez agentes han decidido poner fin a sus vidas, tres de ellos ayer. Estos hechos, ocurridos en Madrid, Ja\u00e9n y Las Palmas de Gran Canaria, han sacudido al cuerpo policial y han reavivado el debate sobre la salud mental en las fuerzas de seguridad. Sindicatos como JUPOL, el mayoritario en la Polic\u00eda Nacional, alertan de un \u00abgrave problema\u00bb que se agrava por la falta de recursos y la indiferencia institucional. Mientras el D\u00eda Mundial para la Prevenci\u00f3n del Suicidio se acerca el 10 de septiembre, expertos y representantes sindicales exigen medidas urgentes para evitar que esta lacra siga cobr\u00e1ndose vidas.<\/p>\n<h2>Jornada negra para la Polic\u00eda Nacional<\/h2>\n<p>El lunes 1 de septiembre de 2025 quedar\u00e1 marcado en la historia de la Polic\u00eda Nacional como uno de los d\u00edas m\u00e1s oscuros. Tres agentes, en diferentes puntos de la geograf\u00eda espa\u00f1ola, optaron por el suicidio. El primero se registr\u00f3 en Madrid, donde un polic\u00eda destinado en la capital puso fin a su vida en circunstancias que a\u00fan se investigan, pero que, fuentes sindicales, se atribuyen a un c\u00famulo de estr\u00e9s laboral acumulado. Horas despu\u00e9s, en Ja\u00e9n, otro agente hizo lo propio, causando consternaci\u00f3n en la comisar\u00eda local y en la comunidad andaluza. Finalmente, en Las Palmas de Gran Canaria, un tercer polic\u00eda complet\u00f3 esta cadena de tragedias, elevando el contador anual a diez suicidios en el cuerpo.<\/p>\n<p>Estos incidentes no son aislados. Seg\u00fan datos recopilados por sindicatos y organizaciones, los suicidios en la Polic\u00eda Nacional han mostrado una tendencia al alza en los \u00faltimos a\u00f1os. En 2025, los diez casos superan ya los registrados en todo 2024, cuando se contabilizaron diez, y los seis de 2023. Esta escalada preocupa a los expertos, que se\u00f1alan que detr\u00e1s de cada n\u00famero hay una historia de sufrimiento silencioso.<\/p>\n<p>JUPOL, en un comunicado emitido este martes, lament\u00f3 profundamente las p\u00e9rdidas y subray\u00f3 que \u00abdetr\u00e1s de cada cifra hay una familia destrozada, compa\u00f1eros en shock y un sistema que falla en proteger a sus propios miembros\u00bb. El sindicato, que representa a miles de agentes, denuncia que los recursos actuales son \u00abtotalmente insuficientes\u00bb para una plantilla que supera los 75.000 polic\u00edas en activo.<\/p>\n<h2>Una tendencia preocupante<\/h2>\n<p>Para entender la magnitud del problema, es necesario mirar hacia atr\u00e1s. En Espa\u00f1a, los suicidios en las fuerzas de seguridad \u2013incluyendo Polic\u00eda Nacional y Guardia Civil\u2013 han sido una \u00ablacra\u00bb constante, con una media de unos 20 casos al a\u00f1o en la \u00faltima d\u00e9cada. Espec\u00edficamente en la Polic\u00eda Nacional, las cifras oscilan entre 8 y 13 anuales. Por ejemplo, en 2017 se registraron 13 suicidios, el a\u00f1o m\u00e1s negro hasta entonces, mientras que en 2020, en plena pandemia, la cifra baj\u00f3 a 9, posiblemente influida por el confinamiento y los cambios en las din\u00e1micas laborales.<\/p>\n<p>Seg\u00fan un informe del Gobierno espa\u00f1ol de 2020, entre 2001 y 2020 se produjeron 160 suicidios en la Polic\u00eda Nacional y 235 en la Guardia Civil, cifras que se mantienen como \u00abmateria reservada\u00bb por su sensibilidad. En comparaci\u00f3n con la poblaci\u00f3n general, los agentes de polic\u00eda tienen un riesgo de suicidio hasta un 54% mayor, seg\u00fan estudios de a\u00f1os anteriores. La tasa media de edad de los afectados ronda los 42-47 a\u00f1os, con un predominio de hombres, aunque las mujeres, que representan alrededor del 15% de la plantilla, tambi\u00e9n est\u00e1n expuestas.<\/p>\n<p>En 2023, el Instituto Nacional de Estad\u00edstica (INE) report\u00f3 4.116 suicidios en toda Espa\u00f1a, un incremento del 1,6% respecto al a\u00f1o anterior. Sin embargo, en el \u00e1mbito policial, las cifras no bajan. Durante el mandato de Pedro S\u00e1nchez, la media anual ha superado las hist\u00f3ricas, alcanzando 21,88 suicidios combinados entre Polic\u00eda y Guardia Civil. Estos datos, aunque alarmantes, podr\u00edan subestimar la realidad, ya que muchos casos se clasifican como \u00abaccidentes\u00bb para evitar estigmas.<\/p>\n<h2>Estr\u00e9s, presi\u00f3n y silencio<\/h2>\n<p>\u00bfQu\u00e9 lleva a un agente de polic\u00eda a tomar una decisi\u00f3n tan dr\u00e1stica? Los expertos coinciden en que el suicidio en este colectivo es multifactorial. El estr\u00e9s cr\u00f3nico es el principal culpable: exposici\u00f3n diaria a violencia, delitos graves, turnos irregulares y la responsabilidad de proteger a la sociedad generan un desgaste emocional inmenso. \u00abLos polic\u00edas no son superh\u00e9roes; son personas que acumulan traumas sin el apoyo necesario\u00bb, explica un psic\u00f3logo especializado en fuerzas de seguridad, que prefiere mantener el anonimato.<\/p>\n<p>A esto se suma la falta de reconocimiento institucional, bajos salarios en comparaci\u00f3n con el riesgo asumido y la burocracia asfixiante. En Ja\u00e9n, por ejemplo, el suicidio reciente ha sido atribuido por compa\u00f1eros a una combinaci\u00f3n de problemas personales agravados por el trabajo. \u00abEs una profesi\u00f3n que te consume por dentro\u00bb, confiesa un agente en activo de la comisar\u00eda jiennense.<\/p>\n<p>Otro factor clave es el estigma alrededor de la salud mental. Muchos polic\u00edas temen pedir ayuda por miedo a ser apartados de sus puestos o vistos como \u00abd\u00e9biles\u00bb. Seg\u00fan JUPOL, la formaci\u00f3n inicial en la academia no incluye preparaci\u00f3n espec\u00edfica para manejar el estr\u00e9s emocional, dejando a los agentes desprotegidos ante crisis. Adem\u00e1s, la pandemia de COVID-19 y eventos recientes como disturbios sociales han exacerbado el problema, con un aumento del 54% en suicidios policiales desde 2021.<\/p>\n<h2>Reacciones sindicales<\/h2>\n<p>La respuesta de los sindicatos no se ha hecho esperar. JUPOL ha sido el m\u00e1s vocal, exigiendo al Ministerio del Interior y a la Direcci\u00f3n General de la Polic\u00eda una \u00abrespuesta inmediata\u00bb. Proponen aumentar el n\u00famero de psic\u00f3logos especializados \u2013actualmente, el Gabinete de Intervenci\u00f3n Psicosocial cuenta con recursos limitados\u2013, implementar protocolos de detecci\u00f3n temprana de se\u00f1ales de alerta y lanzar campa\u00f1as de concienciaci\u00f3n internas.<\/p>\n<p>La Uni\u00f3n Federal de Polic\u00eda (UFP) se une al clamor, sugiriendo una mesa de estudio conjunta para analizar patrones comunes y reforzar el apoyo psicol\u00f3gico. \u00abNo podemos seguir ignorando esto mientras perdemos compa\u00f1eros\u00bb, afirma un portavoz de UFP.<\/p>\n<p>En Ja\u00e9n, la consternaci\u00f3n local ha llevado a JUPOL a reclamar recursos espec\u00edficos para provincias con menos apoyo, destacando que tragedias como esta podr\u00edan evitarse con intervenci\u00f3n temprana.<\/p>\n<h2>Medidas existentes<\/h2>\n<p>La Polic\u00eda Nacional no parte de cero en la prevenci\u00f3n del suicidio. Desde 2018, la Brigada Central de Investigaci\u00f3n Tecnol\u00f3gica opera una unidad especializada en monitorear redes sociales para detectar intenciones suicidas. Esta \u00abpatrulla virtual\u00bb ha intervenido en 259 casos hasta 2024, con 18 m\u00e1s en 2025, salvando vidas al alertar a familias y autoridades. El 36% de los casos involucran menores, pero tambi\u00e9n se extiende a adultos, incluyendo agentes. Un ejemplo reciente: dos agentes en Marbella evitaron un suicidio mediante una estrategia discreta, demostrando la efectividad de estas iniciativas.<\/p>\n<p>A nivel nacional, el Plan de Acci\u00f3n para la Prevenci\u00f3n del Suicidio 2025-2027, aprobado por el Ministerio de Sanidad, incluye medidas como l\u00edneas de atenci\u00f3n 24\/7 y campa\u00f1as p\u00fablicas. Sin embargo, cr\u00edticos se\u00f1alan que no aborda espec\u00edficamente las necesidades de las fuerzas de seguridad, donde el acceso a armas facilita actos impulsivos.<\/p>\n<p>La Polic\u00eda ofrece un tel\u00e9fono de asistencia psicol\u00f3gica (91 582 10 43) y JUPOL su servicio SOS (633 722 848), pero estos son paliativos, no preventivos.<\/p>\n<p>La oleada de suicidios en 2025 debe servir como punto de inflexi\u00f3n. Expertos como los de la Fundaci\u00f3n ANAR insisten en la necesidad de destigmatizar la salud mental y proporcionar herramientas desde la formaci\u00f3n inicial. \u00abCada suicidio es un fracaso colectivo\u00bb, resume un informe sobre el tema.<\/p>","protected":false},"excerpt":{"rendered":"<p>La Polic\u00eda Nacional espa\u00f1ola vive uno de sus momentos m\u00e1s sombr\u00edos en lo que va de a\u00f1o. En tan solo ocho meses de 2025, diez agentes han decidido poner fin a sus vidas, tres de ellos ayer. Estos hechos, ocurridos en Madrid, Ja\u00e9n y Las Palmas de Gran Canaria, han [&hellip;]<\/p>\n","protected":false},"author":3,"featured_media":45581,"comment_status":"closed","ping_status":"closed","sticky":false,"template":"","format":"standard","meta":{"footnotes":""},"categories":[58],"tags":[],"class_list":["post-66381","post","type-post","status-publish","format-standard","has-post-thumbnail","hentry","category-estado-espanol"],"yoast_head":"<!-- This site is optimized with the Yoast SEO plugin v27.5 - https:\/\/yoast.com\/product\/yoast-seo-wordpress\/ -->\n<title>Tres polic\u00edas se suicidan en un d\u00eda; diez en lo que va de a\u00f1o - Revista Rambla<\/title>\n<meta name=\"robots\" content=\"index, follow, max-snippet:-1, max-image-preview:large, max-video-preview:-1\" \/>\n<link rel=\"canonical\" href=\"https:\/\/www.revistarambla.com\/en\/tres-policias-se-suicidan-en-un-dia-diez-en-lo-que-va-de-ano\/\" \/>\n<meta property=\"og:locale\" content=\"en_GB\" \/>\n<meta property=\"og:type\" content=\"article\" \/>\n<meta property=\"og:title\" content=\"Tres polic\u00edas se suicidan en un d\u00eda; diez en lo que va de a\u00f1o - Revista Rambla\" \/>\n<meta property=\"og:description\" content=\"La Polic\u00eda Nacional espa\u00f1ola vive uno de sus momentos m\u00e1s sombr\u00edos en lo que va de a\u00f1o. En tan solo ocho meses de 2025, diez agentes han decidido poner fin a sus vidas, tres de ellos ayer. Estos hechos, ocurridos en Madrid, Ja\u00e9n y Las Palmas de Gran Canaria, han [&hellip;]\" \/>\n<meta property=\"og:url\" content=\"https:\/\/www.revistarambla.com\/en\/tres-policias-se-suicidan-en-un-dia-diez-en-lo-que-va-de-ano\/\" \/>\n<meta property=\"og:site_name\" content=\"Revista Rambla\" \/>\n<meta property=\"article:publisher\" content=\"https:\/\/www.facebook.com\/revistarambla\/\" \/>\n<meta property=\"article:author\" content=\"https:\/\/www.facebook.com\/revistarambla\" \/>\n<meta property=\"article:published_time\" content=\"2025-09-02T11:37:12+00:00\" \/>\n<meta property=\"og:image\" content=\"https:\/\/www.revistarambla.com\/wp-content\/uploads\/2022\/08\/policia-nacional-ceuta-melilla.jpg\" \/>\n\t<meta property=\"og:image:width\" content=\"800\" \/>\n\t<meta property=\"og:image:height\" content=\"550\" \/>\n\t<meta property=\"og:image:type\" content=\"image\/jpeg\" \/>\n<meta name=\"author\" content=\"R@mbla\" \/>\n<meta name=\"twitter:card\" content=\"summary_large_image\" \/>\n<meta name=\"twitter:creator\" content=\"@revistarambla\" \/>\n<meta name=\"twitter:site\" content=\"@revistarambla\" \/>\n<meta name=\"twitter:label1\" content=\"Written by\" \/>\n\t<meta name=\"twitter:data1\" content=\"R@mbla\" \/>\n\t<meta name=\"twitter:label2\" content=\"Estimated reading time\" \/>\n\t<meta name=\"twitter:data2\" content=\"6 minutes\" \/>\n<script type=\"application\/ld+json\" class=\"yoast-schema-graph\">{\"@context\":\"https:\\\/\\\/schema.org\",\"@graph\":[{\"@type\":\"Article\",\"@id\":\"https:\\\/\\\/www.revistarambla.com\\\/tres-policias-se-suicidan-en-un-dia-diez-en-lo-que-va-de-ano\\\/#article\",\"isPartOf\":{\"@id\":\"https:\\\/\\\/www.revistarambla.com\\\/tres-policias-se-suicidan-en-un-dia-diez-en-lo-que-va-de-ano\\\/\"},\"author\":{\"name\":\"R@mbla\",\"@id\":\"https:\\\/\\\/www.revistarambla.com\\\/#\\\/schema\\\/person\\\/a146a5a2550b94981a75131180e1bd9c\"},\"headline\":\"Tres polic\u00edas se suicidan en un d\u00eda; diez en lo que va de a\u00f1o\",\"datePublished\":\"2025-09-02T11:37:12+00:00\",\"mainEntityOfPage\":{\"@id\":\"https:\\\/\\\/www.revistarambla.com\\\/tres-policias-se-suicidan-en-un-dia-diez-en-lo-que-va-de-ano\\\/\"},\"wordCount\":1312,\"publisher\":{\"@id\":\"https:\\\/\\\/www.revistarambla.com\\\/#organization\"},\"image\":{\"@id\":\"https:\\\/\\\/www.revistarambla.com\\\/tres-policias-se-suicidan-en-un-dia-diez-en-lo-que-va-de-ano\\\/#primaryimage\"},\"thumbnailUrl\":\"https:\\\/\\\/www.revistarambla.com\\\/wp-content\\\/uploads\\\/2022\\\/08\\\/policia-nacional-ceuta-melilla.jpg\",\"articleSection\":[\"Estado Espa\u00f1ol\"],\"inLanguage\":\"en-GB\"},{\"@type\":\"WebPage\",\"@id\":\"https:\\\/\\\/www.revistarambla.com\\\/tres-policias-se-suicidan-en-un-dia-diez-en-lo-que-va-de-ano\\\/\",\"url\":\"https:\\\/\\\/www.revistarambla.com\\\/tres-policias-se-suicidan-en-un-dia-diez-en-lo-que-va-de-ano\\\/\",\"name\":\"Tres polic\u00edas se suicidan en un d\u00eda; diez en lo que va de a\u00f1o - Revista Rambla\",\"isPartOf\":{\"@id\":\"https:\\\/\\\/www.revistarambla.com\\\/#website\"},\"primaryImageOfPage\":{\"@id\":\"https:\\\/\\\/www.revistarambla.com\\\/tres-policias-se-suicidan-en-un-dia-diez-en-lo-que-va-de-ano\\\/#primaryimage\"},\"image\":{\"@id\":\"https:\\\/\\\/www.revistarambla.com\\\/tres-policias-se-suicidan-en-un-dia-diez-en-lo-que-va-de-ano\\\/#primaryimage\"},\"thumbnailUrl\":\"https:\\\/\\\/www.revistarambla.com\\\/wp-content\\\/uploads\\\/2022\\\/08\\\/policia-nacional-ceuta-melilla.jpg\",\"datePublished\":\"2025-09-02T11:37:12+00:00\",\"breadcrumb\":{\"@id\":\"https:\\\/\\\/www.revistarambla.com\\\/tres-policias-se-suicidan-en-un-dia-diez-en-lo-que-va-de-ano\\\/#breadcrumb\"},\"inLanguage\":\"en-GB\",\"potentialAction\":[{\"@type\":\"ReadAction\",\"target\":[\"https:\\\/\\\/www.revistarambla.com\\\/tres-policias-se-suicidan-en-un-dia-diez-en-lo-que-va-de-ano\\\/\"]}]},{\"@type\":\"ImageObject\",\"inLanguage\":\"en-GB\",\"@id\":\"https:\\\/\\\/www.revistarambla.com\\\/tres-policias-se-suicidan-en-un-dia-diez-en-lo-que-va-de-ano\\\/#primaryimage\",\"url\":\"https:\\\/\\\/www.revistarambla.com\\\/wp-content\\\/uploads\\\/2022\\\/08\\\/policia-nacional-ceuta-melilla.jpg\",\"contentUrl\":\"https:\\\/\\\/www.revistarambla.com\\\/wp-content\\\/uploads\\\/2022\\\/08\\\/policia-nacional-ceuta-melilla.jpg\",\"width\":800,\"height\":550,\"caption\":\"suicidios polic\u00eda\"},{\"@type\":\"BreadcrumbList\",\"@id\":\"https:\\\/\\\/www.revistarambla.com\\\/tres-policias-se-suicidan-en-un-dia-diez-en-lo-que-va-de-ano\\\/#breadcrumb\",\"itemListElement\":[{\"@type\":\"ListItem\",\"position\":1,\"name\":\"Portada\",\"item\":\"https:\\\/\\\/www.revistarambla.com\\\/\"},{\"@type\":\"ListItem\",\"position\":2,\"name\":\"Tres polic\u00edas se suicidan en un d\u00eda; diez en lo que va de a\u00f1o\"}]},{\"@type\":\"WebSite\",\"@id\":\"https:\\\/\\\/www.revistarambla.com\\\/#website\",\"url\":\"https:\\\/\\\/www.revistarambla.com\\\/\",\"name\":\"Revista Rambla Barcelona\",\"description\":\"Periodismo independiente\",\"publisher\":{\"@id\":\"https:\\\/\\\/www.revistarambla.com\\\/#organization\"},\"potentialAction\":[{\"@type\":\"SearchAction\",\"target\":{\"@type\":\"EntryPoint\",\"urlTemplate\":\"https:\\\/\\\/www.revistarambla.com\\\/?s={search_term_string}\"},\"query-input\":{\"@type\":\"PropertyValueSpecification\",\"valueRequired\":true,\"valueName\":\"search_term_string\"}}],\"inLanguage\":\"en-GB\"},{\"@type\":\"Organization\",\"@id\":\"https:\\\/\\\/www.revistarambla.com\\\/#organization\",\"name\":\"Revista Rambla\",\"url\":\"https:\\\/\\\/www.revistarambla.com\\\/\",\"logo\":{\"@type\":\"ImageObject\",\"inLanguage\":\"en-GB\",\"@id\":\"https:\\\/\\\/www.revistarambla.com\\\/#\\\/schema\\\/logo\\\/image\\\/\",\"url\":\"https:\\\/\\\/www.revistarambla.com\\\/wp-content\\\/uploads\\\/2020\\\/09\\\/banner_rambla_1900x600_BB.png\",\"contentUrl\":\"https:\\\/\\\/www.revistarambla.com\\\/wp-content\\\/uploads\\\/2020\\\/09\\\/banner_rambla_1900x600_BB.png\",\"width\":1900,\"height\":600,\"caption\":\"Revista Rambla\"},\"image\":{\"@id\":\"https:\\\/\\\/www.revistarambla.com\\\/#\\\/schema\\\/logo\\\/image\\\/\"},\"sameAs\":[\"https:\\\/\\\/www.facebook.com\\\/revistarambla\\\/\",\"https:\\\/\\\/x.com\\\/revistarambla\",\"https:\\\/\\\/www.instagram.com\\\/revista_rambla\",\"https:\\\/\\\/es.linkedin.com\\\/company\\\/revista-rambla\"]},{\"@type\":\"Person\",\"@id\":\"https:\\\/\\\/www.revistarambla.com\\\/#\\\/schema\\\/person\\\/a146a5a2550b94981a75131180e1bd9c\",\"name\":\"R@mbla\",\"description\":\"Este art\u00edculo ha sido redactado y\\\/o validado por el equipo de redacci\u00f3n de Revista Rambla.\",\"sameAs\":[\"https:\\\/\\\/www.revistarambla.com\\\/\",\"https:\\\/\\\/www.facebook.com\\\/revistarambla\",\"https:\\\/\\\/x.com\\\/revistarambla\"]}]}<\/script>\n<!-- \/ Yoast SEO plugin. -->","yoast_head_json":{"title":"Tres polic\u00edas se suicidan en un d\u00eda; diez en lo que va de a\u00f1o - Revista Rambla","robots":{"index":"index","follow":"follow","max-snippet":"max-snippet:-1","max-image-preview":"max-image-preview:large","max-video-preview":"max-video-preview:-1"},"canonical":"https:\/\/www.revistarambla.com\/en\/tres-policias-se-suicidan-en-un-dia-diez-en-lo-que-va-de-ano\/","og_locale":"en_GB","og_type":"article","og_title":"Tres polic\u00edas se suicidan en un d\u00eda; diez en lo que va de a\u00f1o - Revista Rambla","og_description":"La Polic\u00eda Nacional espa\u00f1ola vive uno de sus momentos m\u00e1s sombr\u00edos en lo que va de a\u00f1o. En tan solo ocho meses de 2025, diez agentes han decidido poner fin a sus vidas, tres de ellos ayer. Estos hechos, ocurridos en Madrid, Ja\u00e9n y Las Palmas de Gran Canaria, han [&hellip;]","og_url":"https:\/\/www.revistarambla.com\/en\/tres-policias-se-suicidan-en-un-dia-diez-en-lo-que-va-de-ano\/","og_site_name":"Revista Rambla","article_publisher":"https:\/\/www.facebook.com\/revistarambla\/","article_author":"https:\/\/www.facebook.com\/revistarambla","article_published_time":"2025-09-02T11:37:12+00:00","og_image":[{"width":800,"height":550,"url":"https:\/\/www.revistarambla.com\/wp-content\/uploads\/2022\/08\/policia-nacional-ceuta-melilla.jpg","type":"image\/jpeg"}],"author":"R@mbla","twitter_card":"summary_large_image","twitter_creator":"@revistarambla","twitter_site":"@revistarambla","twitter_misc":{"Written by":"R@mbla","Estimated reading time":"6 minutes"},"schema":{"@context":"https:\/\/schema.org","@graph":[{"@type":"Article","@id":"https:\/\/www.revistarambla.com\/tres-policias-se-suicidan-en-un-dia-diez-en-lo-que-va-de-ano\/#article","isPartOf":{"@id":"https:\/\/www.revistarambla.com\/tres-policias-se-suicidan-en-un-dia-diez-en-lo-que-va-de-ano\/"},"author":{"name":"R@mbla","@id":"https:\/\/www.revistarambla.com\/#\/schema\/person\/a146a5a2550b94981a75131180e1bd9c"},"headline":"Tres polic\u00edas se suicidan en un d\u00eda; diez en lo que va de a\u00f1o","datePublished":"2025-09-02T11:37:12+00:00","mainEntityOfPage":{"@id":"https:\/\/www.revistarambla.com\/tres-policias-se-suicidan-en-un-dia-diez-en-lo-que-va-de-ano\/"},"wordCount":1312,"publisher":{"@id":"https:\/\/www.revistarambla.com\/#organization"},"image":{"@id":"https:\/\/www.revistarambla.com\/tres-policias-se-suicidan-en-un-dia-diez-en-lo-que-va-de-ano\/#primaryimage"},"thumbnailUrl":"https:\/\/www.revistarambla.com\/wp-content\/uploads\/2022\/08\/policia-nacional-ceuta-melilla.jpg","articleSection":["Estado Espa\u00f1ol"],"inLanguage":"en-GB"},{"@type":"WebPage","@id":"https:\/\/www.revistarambla.com\/tres-policias-se-suicidan-en-un-dia-diez-en-lo-que-va-de-ano\/","url":"https:\/\/www.revistarambla.com\/tres-policias-se-suicidan-en-un-dia-diez-en-lo-que-va-de-ano\/","name":"Tres polic\u00edas se suicidan en un d\u00eda; diez en lo que va de a\u00f1o - Revista Rambla","isPartOf":{"@id":"https:\/\/www.revistarambla.com\/#website"},"primaryImageOfPage":{"@id":"https:\/\/www.revistarambla.com\/tres-policias-se-suicidan-en-un-dia-diez-en-lo-que-va-de-ano\/#primaryimage"},"image":{"@id":"https:\/\/www.revistarambla.com\/tres-policias-se-suicidan-en-un-dia-diez-en-lo-que-va-de-ano\/#primaryimage"},"thumbnailUrl":"https:\/\/www.revistarambla.com\/wp-content\/uploads\/2022\/08\/policia-nacional-ceuta-melilla.jpg","datePublished":"2025-09-02T11:37:12+00:00","breadcrumb":{"@id":"https:\/\/www.revistarambla.com\/tres-policias-se-suicidan-en-un-dia-diez-en-lo-que-va-de-ano\/#breadcrumb"},"inLanguage":"en-GB","potentialAction":[{"@type":"ReadAction","target":["https:\/\/www.revistarambla.com\/tres-policias-se-suicidan-en-un-dia-diez-en-lo-que-va-de-ano\/"]}]},{"@type":"ImageObject","inLanguage":"en-GB","@id":"https:\/\/www.revistarambla.com\/tres-policias-se-suicidan-en-un-dia-diez-en-lo-que-va-de-ano\/#primaryimage","url":"https:\/\/www.revistarambla.com\/wp-content\/uploads\/2022\/08\/policia-nacional-ceuta-melilla.jpg","contentUrl":"https:\/\/www.revistarambla.com\/wp-content\/uploads\/2022\/08\/policia-nacional-ceuta-melilla.jpg","width":800,"height":550,"caption":"suicidios polic\u00eda"},{"@type":"BreadcrumbList","@id":"https:\/\/www.revistarambla.com\/tres-policias-se-suicidan-en-un-dia-diez-en-lo-que-va-de-ano\/#breadcrumb","itemListElement":[{"@type":"ListItem","position":1,"name":"Portada","item":"https:\/\/www.revistarambla.com\/"},{"@type":"ListItem","position":2,"name":"Tres polic\u00edas se suicidan en un d\u00eda; diez en lo que va de a\u00f1o"}]},{"@type":"WebSite","@id":"https:\/\/www.revistarambla.com\/#website","url":"https:\/\/www.revistarambla.com\/","name":"Revista Rambla Barcelona","description":"Periodismo independiente","publisher":{"@id":"https:\/\/www.revistarambla.com\/#organization"},"potentialAction":[{"@type":"SearchAction","target":{"@type":"EntryPoint","urlTemplate":"https:\/\/www.revistarambla.com\/?s={search_term_string}"},"query-input":{"@type":"PropertyValueSpecification","valueRequired":true,"valueName":"search_term_string"}}],"inLanguage":"en-GB"},{"@type":"Organization","@id":"https:\/\/www.revistarambla.com\/#organization","name":"Revista Rambla","url":"https:\/\/www.revistarambla.com\/","logo":{"@type":"ImageObject","inLanguage":"en-GB","@id":"https:\/\/www.revistarambla.com\/#\/schema\/logo\/image\/","url":"https:\/\/www.revistarambla.com\/wp-content\/uploads\/2020\/09\/banner_rambla_1900x600_BB.png","contentUrl":"https:\/\/www.revistarambla.com\/wp-content\/uploads\/2020\/09\/banner_rambla_1900x600_BB.png","width":1900,"height":600,"caption":"Revista Rambla"},"image":{"@id":"https:\/\/www.revistarambla.com\/#\/schema\/logo\/image\/"},"sameAs":["https:\/\/www.facebook.com\/revistarambla\/","https:\/\/x.com\/revistarambla","https:\/\/www.instagram.com\/revista_rambla","https:\/\/es.linkedin.com\/company\/revista-rambla"]},{"@type":"Person","@id":"https:\/\/www.revistarambla.com\/#\/schema\/person\/a146a5a2550b94981a75131180e1bd9c","name":"R@mbla","description":"Este art\u00edculo ha sido redactado y\/o validado por el equipo de redacci\u00f3n de Revista Rambla.","sameAs":["https:\/\/www.revistarambla.com\/","https:\/\/www.facebook.com\/revistarambla","https:\/\/x.com\/revistarambla"]}]}},"_links":{"self":[{"href":"https:\/\/www.revistarambla.com\/en\/wp-json\/wp\/v2\/posts\/66381","targetHints":{"allow":["GET"]}}],"collection":[{"href":"https:\/\/www.revistarambla.com\/en\/wp-json\/wp\/v2\/posts"}],"about":[{"href":"https:\/\/www.revistarambla.com\/en\/wp-json\/wp\/v2\/types\/post"}],"author":[{"embeddable":true,"href":"https:\/\/www.revistarambla.com\/en\/wp-json\/wp\/v2\/users\/3"}],"replies":[{"embeddable":true,"href":"https:\/\/www.revistarambla.com\/en\/wp-json\/wp\/v2\/comments?post=66381"}],"version-history":[{"count":1,"href":"https:\/\/www.revistarambla.com\/en\/wp-json\/wp\/v2\/posts\/66381\/revisions"}],"predecessor-version":[{"id":66382,"href":"https:\/\/www.revistarambla.com\/en\/wp-json\/wp\/v2\/posts\/66381\/revisions\/66382"}],"wp:featuredmedia":[{"embeddable":true,"href":"https:\/\/www.revistarambla.com\/en\/wp-json\/wp\/v2\/media\/45581"}],"wp:attachment":[{"href":"https:\/\/www.revistarambla.com\/en\/wp-json\/wp\/v2\/media?parent=66381"}],"wp:term":[{"taxonomy":"category","embeddable":true,"href":"https:\/\/www.revistarambla.com\/en\/wp-json\/wp\/v2\/categories?post=66381"},{"taxonomy":"post_tag","embeddable":true,"href":"https:\/\/www.revistarambla.com\/en\/wp-json\/wp\/v2\/tags?post=66381"}],"curies":[{"name":"wp","href":"https:\/\/api.w.org\/{rel}","templated":true}]}}