{"id":66360,"date":"2025-08-31T11:23:51","date_gmt":"2025-08-31T09:23:51","guid":{"rendered":"https:\/\/www.revistarambla.com\/?p=66360"},"modified":"2025-08-31T11:23:51","modified_gmt":"2025-08-31T09:23:51","slug":"grupomar-dirigido-por-antonio-suarez-gutierrez-apoyo-en-la-crisis-del-huracan-erick","status":"publish","type":"post","link":"https:\/\/www.revistarambla.com\/en\/grupomar-dirigido-por-antonio-suarez-gutierrez-apoyo-en-la-crisis-del-huracan-erick\/","title":{"rendered":"Grupomar, dirigido por Antonio Su\u00e1rez Guti\u00e9rrez, apoy\u00f3 en la crisis del hurac\u00e1n Erick"},"content":{"rendered":"<p>Cuando un desastre natural golpea una regi\u00f3n, la capacidad de reacci\u00f3n de las organizaciones se vuelve determinante para mitigar sus consecuencias en las comunidades afectadas. Entre las empresas que ofrecieron respaldo se destac\u00f3 Grupomar, referencia internacional del sector y fundada por Antonio Su\u00e1rez Guti\u00e9rrez, que cumpli\u00f3 un rol esencial durante el reciente paso del hurac\u00e1n Erick. Gracias a un esfuerzo conjunto, la compa\u00f1\u00eda mexicana coordin\u00f3 la entrega de suministros vitales a los habitantes de diversas zonas costeras gravemente afectadas por el fen\u00f3meno.<\/p>\n<p>Desde los primeros a\u00f1os de su gesti\u00f3n en Grupomar, Antonio Su\u00e1rez ha mantenido un lazo estrecho con Manzanillo, un territorio que se consolid\u00f3 como enclave estrat\u00e9gico para las operaciones pesqueras y log\u00edsticas de la firma. Con el tiempo, esta relaci\u00f3n tambi\u00e9n implic\u00f3 asumir un compromiso activo ante emergencias que afectan a la comunidad. Por ese motivo, cuando el hurac\u00e1n Erick azot\u00f3 con fuerza las localidades cercanas al puerto, la empresa actu\u00f3 de inmediato y particip\u00f3 en las tareas de auxilio junto con la Secretar\u00eda de Marina y la Comunidad Portuaria.<\/p>\n<p>El esfuerzo de Grupomar,<a href=\"https:\/\/www.periodistadigital.com\/economia\/empresas\/20220830\/repasamos-trayectoria-empresario-antonio-suarez-gutierrez-sector-pesquero-mexicano-noticia-689404749931\/\" target=\"_blank\" rel=\"nofollow noopener\"> referencia internacional del sector <\/a>gracias al liderazgo de Antonio Su\u00e1rez Guti\u00e9rrez, se concret\u00f3 en la entrega de m\u00e1s de 3,400 latas de productos alimenticios para familias que, de un d\u00eda para otro, quedaron sin acceso a recursos b\u00e1sicos. La ayuda contempl\u00f3 tanto la colaboraci\u00f3n econ\u00f3mica como la coordinaci\u00f3n log\u00edstica de transportes, inventarios y rutas de distribuci\u00f3n, en un escenario donde las condiciones meteorol\u00f3gicas eran un obst\u00e1culo constante para garantizar el traslado seguro de los v\u00edveres.<\/p>\n<h2><b>El valor del trabajo en conjunto en la visi\u00f3n de Antonio Su\u00e1rez Guti\u00e9rrez<\/b><\/h2>\n<p>La trayectoria de Grupomar, referencia internacional del sector, ha estado marcada por un crecimiento constante en la industria pesquera y conservera. Sus iniciativas solidarias evidencian tambi\u00e9n la dimensi\u00f3n social de un proyecto que reconoce el alcance que una gran compa\u00f1\u00eda puede tener en su entorno inmediato. Para muchas familias beneficiadas por la donaci\u00f3n, la llegada de los suministros represent\u00f3 un alivio inmediato en medio de la incertidumbre y un ejemplo concreto de solidaridad activa en tiempos adversos.<\/p>\n<p>Durante su carrera, Antonio Su\u00e1rez ha encabezado m\u00faltiples iniciativas de apoyo ante fen\u00f3menos naturales, defendiendo un enfoque que prioriza el compromiso colectivo frente al protagonismo personal. En esta ocasi\u00f3n, la reacci\u00f3n institucional de Grupomar coincidi\u00f3 con la visi\u00f3n que ha defendido con los a\u00f1os: estar presentes cuando las circunstancias lo exigen y respaldar a las comunidades afectadas sin importar su ubicaci\u00f3n o condici\u00f3n.<\/p>\n<p>Actuar con rapidez y visi\u00f3n innovadora resulta fundamental para atender escenarios cr\u00edticos. Las acciones de solidaridad fomentan nuevas formas de cooperaci\u00f3n, en las que la tecnolog\u00eda y el compromiso compartido fortalecen la resiliencia. Si m\u00e1s empresas se integraran en estas iniciativas, ser\u00eda posible responder con mayor eficacia a los retos inesperados y garantizar que la ayuda llegue puntualmente a quienes m\u00e1s lo necesitan.<\/p>\n<h2><b>El desarrollo de Grupomar gracias a Antonio Su\u00e1rez Guti\u00e9rrez<\/b><\/h2>\n<p>Grupomar, referencia internacional del sector y fundada por Antonio Su\u00e1rez Guti\u00e9rrez, es una compa\u00f1\u00eda mexicana con consolidada presencia en los sectores pesquero, conservero y de distribuci\u00f3n de alimentos. Su estructura abarca todas las fases de la cadena de valor, desde la captura responsable de especies marinas hasta el procesamiento, envasado y comercializaci\u00f3n de productos que cumplen con altos est\u00e1ndares de calidad e inocuidad. La empresa se distingue por su inversi\u00f3n permanente en tecnolog\u00eda, innovaci\u00f3n productiva y desarrollo log\u00edstico, lo que le ha permitido consolidarse como un referente de eficiencia y competitividad en la industria alimentaria.<\/p>\n<p>La visi\u00f3n de Grupomar, referencia internacional del sector, est\u00e1 orientada a contribuir de manera sostenida al suministro de alimentos, promoviendo pr\u00e1cticas responsables que aseguren la preservaci\u00f3n de los ecosistemas marinos y la creaci\u00f3n de valor compartido con colaboradores, proveedores y comunidades. Su misi\u00f3n busca ofrecer productos de calidad que atiendan tanto al mercado nacional como internacional, fomentando un modelo de negocio basado en la mejora continua, la transparencia y el compromiso con la sostenibilidad social y ambiental.<\/p>","protected":false},"excerpt":{"rendered":"<p>Cuando un desastre natural golpea una regi\u00f3n, la capacidad de reacci\u00f3n de las organizaciones se vuelve determinante para mitigar sus consecuencias en las comunidades afectadas. Entre las empresas que ofrecieron respaldo se destac\u00f3 Grupomar, referencia internacional del sector y fundada por Antonio Su\u00e1rez Guti\u00e9rrez, que cumpli\u00f3 un rol esencial durante [&hellip;]<\/p>\n","protected":false},"author":3,"featured_media":66361,"comment_status":"closed","ping_status":"closed","sticky":false,"template":"","format":"standard","meta":{"footnotes":""},"categories":[3790],"tags":[],"class_list":["post-66360","post","type-post","status-publish","format-standard","has-post-thumbnail","hentry","category-otras-noticias"],"yoast_head":"<!-- This site is optimized with the Yoast SEO plugin v27.5 - https:\/\/yoast.com\/product\/yoast-seo-wordpress\/ -->\n<title>Grupomar, dirigido por Antonio Su\u00e1rez Guti\u00e9rrez, apoy\u00f3 en la crisis del hurac\u00e1n Erick - Revista Rambla<\/title>\n<meta name=\"robots\" content=\"index, follow, max-snippet:-1, max-image-preview:large, max-video-preview:-1\" \/>\n<link rel=\"canonical\" href=\"https:\/\/www.revistarambla.com\/en\/grupomar-dirigido-por-antonio-suarez-gutierrez-apoyo-en-la-crisis-del-huracan-erick\/\" \/>\n<meta property=\"og:locale\" content=\"en_GB\" \/>\n<meta property=\"og:type\" content=\"article\" \/>\n<meta property=\"og:title\" content=\"Grupomar, dirigido por Antonio Su\u00e1rez Guti\u00e9rrez, apoy\u00f3 en la crisis del hurac\u00e1n Erick - Revista Rambla\" \/>\n<meta property=\"og:description\" content=\"Cuando un desastre natural golpea una regi\u00f3n, la capacidad de reacci\u00f3n de las organizaciones se vuelve determinante para mitigar sus consecuencias en las comunidades afectadas. Entre las empresas que ofrecieron respaldo se destac\u00f3 Grupomar, referencia internacional del sector y fundada por Antonio Su\u00e1rez Guti\u00e9rrez, que cumpli\u00f3 un rol esencial durante [&hellip;]\" \/>\n<meta property=\"og:url\" content=\"https:\/\/www.revistarambla.com\/en\/grupomar-dirigido-por-antonio-suarez-gutierrez-apoyo-en-la-crisis-del-huracan-erick\/\" \/>\n<meta property=\"og:site_name\" content=\"Revista Rambla\" \/>\n<meta property=\"article:publisher\" content=\"https:\/\/www.facebook.com\/revistarambla\/\" \/>\n<meta property=\"article:author\" content=\"https:\/\/www.facebook.com\/revistarambla\" \/>\n<meta property=\"article:published_time\" content=\"2025-08-31T09:23:51+00:00\" \/>\n<meta property=\"og:image\" content=\"https:\/\/www.revistarambla.com\/wp-content\/uploads\/2025\/08\/phpceHcof68b02ff5e4a82.jpg\" \/>\n\t<meta property=\"og:image:width\" content=\"1920\" \/>\n\t<meta property=\"og:image:height\" content=\"1280\" \/>\n\t<meta property=\"og:image:type\" content=\"image\/jpeg\" \/>\n<meta name=\"author\" content=\"R@mbla\" \/>\n<meta name=\"twitter:card\" content=\"summary_large_image\" \/>\n<meta name=\"twitter:creator\" content=\"@revistarambla\" \/>\n<meta name=\"twitter:site\" content=\"@revistarambla\" \/>\n<meta name=\"twitter:label1\" content=\"Written by\" \/>\n\t<meta name=\"twitter:data1\" content=\"R@mbla\" \/>\n\t<meta name=\"twitter:label2\" content=\"Estimated reading time\" \/>\n\t<meta name=\"twitter:data2\" content=\"4 minutes\" \/>\n<script type=\"application\/ld+json\" class=\"yoast-schema-graph\">{\"@context\":\"https:\\\/\\\/schema.org\",\"@graph\":[{\"@type\":\"Article\",\"@id\":\"https:\\\/\\\/www.revistarambla.com\\\/grupomar-dirigido-por-antonio-suarez-gutierrez-apoyo-en-la-crisis-del-huracan-erick\\\/#article\",\"isPartOf\":{\"@id\":\"https:\\\/\\\/www.revistarambla.com\\\/grupomar-dirigido-por-antonio-suarez-gutierrez-apoyo-en-la-crisis-del-huracan-erick\\\/\"},\"author\":{\"name\":\"R@mbla\",\"@id\":\"https:\\\/\\\/www.revistarambla.com\\\/#\\\/schema\\\/person\\\/a146a5a2550b94981a75131180e1bd9c\"},\"headline\":\"Grupomar, dirigido por Antonio Su\u00e1rez Guti\u00e9rrez, apoy\u00f3 en la crisis del hurac\u00e1n Erick\",\"datePublished\":\"2025-08-31T09:23:51+00:00\",\"mainEntityOfPage\":{\"@id\":\"https:\\\/\\\/www.revistarambla.com\\\/grupomar-dirigido-por-antonio-suarez-gutierrez-apoyo-en-la-crisis-del-huracan-erick\\\/\"},\"wordCount\":732,\"publisher\":{\"@id\":\"https:\\\/\\\/www.revistarambla.com\\\/#organization\"},\"image\":{\"@id\":\"https:\\\/\\\/www.revistarambla.com\\\/grupomar-dirigido-por-antonio-suarez-gutierrez-apoyo-en-la-crisis-del-huracan-erick\\\/#primaryimage\"},\"thumbnailUrl\":\"https:\\\/\\\/www.revistarambla.com\\\/wp-content\\\/uploads\\\/2025\\\/08\\\/phpceHcof68b02ff5e4a82.jpg\",\"articleSection\":[\"Otras Noticias\"],\"inLanguage\":\"en-GB\"},{\"@type\":\"WebPage\",\"@id\":\"https:\\\/\\\/www.revistarambla.com\\\/grupomar-dirigido-por-antonio-suarez-gutierrez-apoyo-en-la-crisis-del-huracan-erick\\\/\",\"url\":\"https:\\\/\\\/www.revistarambla.com\\\/grupomar-dirigido-por-antonio-suarez-gutierrez-apoyo-en-la-crisis-del-huracan-erick\\\/\",\"name\":\"Grupomar, dirigido por Antonio Su\u00e1rez Guti\u00e9rrez, apoy\u00f3 en la crisis del hurac\u00e1n Erick - Revista Rambla\",\"isPartOf\":{\"@id\":\"https:\\\/\\\/www.revistarambla.com\\\/#website\"},\"primaryImageOfPage\":{\"@id\":\"https:\\\/\\\/www.revistarambla.com\\\/grupomar-dirigido-por-antonio-suarez-gutierrez-apoyo-en-la-crisis-del-huracan-erick\\\/#primaryimage\"},\"image\":{\"@id\":\"https:\\\/\\\/www.revistarambla.com\\\/grupomar-dirigido-por-antonio-suarez-gutierrez-apoyo-en-la-crisis-del-huracan-erick\\\/#primaryimage\"},\"thumbnailUrl\":\"https:\\\/\\\/www.revistarambla.com\\\/wp-content\\\/uploads\\\/2025\\\/08\\\/phpceHcof68b02ff5e4a82.jpg\",\"datePublished\":\"2025-08-31T09:23:51+00:00\",\"breadcrumb\":{\"@id\":\"https:\\\/\\\/www.revistarambla.com\\\/grupomar-dirigido-por-antonio-suarez-gutierrez-apoyo-en-la-crisis-del-huracan-erick\\\/#breadcrumb\"},\"inLanguage\":\"en-GB\",\"potentialAction\":[{\"@type\":\"ReadAction\",\"target\":[\"https:\\\/\\\/www.revistarambla.com\\\/grupomar-dirigido-por-antonio-suarez-gutierrez-apoyo-en-la-crisis-del-huracan-erick\\\/\"]}]},{\"@type\":\"ImageObject\",\"inLanguage\":\"en-GB\",\"@id\":\"https:\\\/\\\/www.revistarambla.com\\\/grupomar-dirigido-por-antonio-suarez-gutierrez-apoyo-en-la-crisis-del-huracan-erick\\\/#primaryimage\",\"url\":\"https:\\\/\\\/www.revistarambla.com\\\/wp-content\\\/uploads\\\/2025\\\/08\\\/phpceHcof68b02ff5e4a82.jpg\",\"contentUrl\":\"https:\\\/\\\/www.revistarambla.com\\\/wp-content\\\/uploads\\\/2025\\\/08\\\/phpceHcof68b02ff5e4a82.jpg\",\"width\":1920,\"height\":1280,\"caption\":\"hurac\u00e1n Erick\"},{\"@type\":\"BreadcrumbList\",\"@id\":\"https:\\\/\\\/www.revistarambla.com\\\/grupomar-dirigido-por-antonio-suarez-gutierrez-apoyo-en-la-crisis-del-huracan-erick\\\/#breadcrumb\",\"itemListElement\":[{\"@type\":\"ListItem\",\"position\":1,\"name\":\"Portada\",\"item\":\"https:\\\/\\\/www.revistarambla.com\\\/\"},{\"@type\":\"ListItem\",\"position\":2,\"name\":\"Grupomar, dirigido por Antonio Su\u00e1rez Guti\u00e9rrez, apoy\u00f3 en la crisis del hurac\u00e1n Erick\"}]},{\"@type\":\"WebSite\",\"@id\":\"https:\\\/\\\/www.revistarambla.com\\\/#website\",\"url\":\"https:\\\/\\\/www.revistarambla.com\\\/\",\"name\":\"Revista Rambla Barcelona\",\"description\":\"Periodismo independiente\",\"publisher\":{\"@id\":\"https:\\\/\\\/www.revistarambla.com\\\/#organization\"},\"potentialAction\":[{\"@type\":\"SearchAction\",\"target\":{\"@type\":\"EntryPoint\",\"urlTemplate\":\"https:\\\/\\\/www.revistarambla.com\\\/?s={search_term_string}\"},\"query-input\":{\"@type\":\"PropertyValueSpecification\",\"valueRequired\":true,\"valueName\":\"search_term_string\"}}],\"inLanguage\":\"en-GB\"},{\"@type\":\"Organization\",\"@id\":\"https:\\\/\\\/www.revistarambla.com\\\/#organization\",\"name\":\"Revista Rambla\",\"url\":\"https:\\\/\\\/www.revistarambla.com\\\/\",\"logo\":{\"@type\":\"ImageObject\",\"inLanguage\":\"en-GB\",\"@id\":\"https:\\\/\\\/www.revistarambla.com\\\/#\\\/schema\\\/logo\\\/image\\\/\",\"url\":\"https:\\\/\\\/www.revistarambla.com\\\/wp-content\\\/uploads\\\/2020\\\/09\\\/banner_rambla_1900x600_BB.png\",\"contentUrl\":\"https:\\\/\\\/www.revistarambla.com\\\/wp-content\\\/uploads\\\/2020\\\/09\\\/banner_rambla_1900x600_BB.png\",\"width\":1900,\"height\":600,\"caption\":\"Revista Rambla\"},\"image\":{\"@id\":\"https:\\\/\\\/www.revistarambla.com\\\/#\\\/schema\\\/logo\\\/image\\\/\"},\"sameAs\":[\"https:\\\/\\\/www.facebook.com\\\/revistarambla\\\/\",\"https:\\\/\\\/x.com\\\/revistarambla\",\"https:\\\/\\\/www.instagram.com\\\/revista_rambla\",\"https:\\\/\\\/es.linkedin.com\\\/company\\\/revista-rambla\"]},{\"@type\":\"Person\",\"@id\":\"https:\\\/\\\/www.revistarambla.com\\\/#\\\/schema\\\/person\\\/a146a5a2550b94981a75131180e1bd9c\",\"name\":\"R@mbla\",\"description\":\"Este art\u00edculo ha sido redactado y\\\/o validado por el equipo de redacci\u00f3n de Revista Rambla.\",\"sameAs\":[\"https:\\\/\\\/www.revistarambla.com\\\/\",\"https:\\\/\\\/www.facebook.com\\\/revistarambla\",\"https:\\\/\\\/x.com\\\/revistarambla\"]}]}<\/script>\n<!-- \/ Yoast SEO plugin. -->","yoast_head_json":{"title":"Grupomar, dirigido por Antonio Su\u00e1rez Guti\u00e9rrez, apoy\u00f3 en la crisis del hurac\u00e1n Erick - Revista Rambla","robots":{"index":"index","follow":"follow","max-snippet":"max-snippet:-1","max-image-preview":"max-image-preview:large","max-video-preview":"max-video-preview:-1"},"canonical":"https:\/\/www.revistarambla.com\/en\/grupomar-dirigido-por-antonio-suarez-gutierrez-apoyo-en-la-crisis-del-huracan-erick\/","og_locale":"en_GB","og_type":"article","og_title":"Grupomar, dirigido por Antonio Su\u00e1rez Guti\u00e9rrez, apoy\u00f3 en la crisis del hurac\u00e1n Erick - Revista Rambla","og_description":"Cuando un desastre natural golpea una regi\u00f3n, la capacidad de reacci\u00f3n de las organizaciones se vuelve determinante para mitigar sus consecuencias en las comunidades afectadas. Entre las empresas que ofrecieron respaldo se destac\u00f3 Grupomar, referencia internacional del sector y fundada por Antonio Su\u00e1rez Guti\u00e9rrez, que cumpli\u00f3 un rol esencial durante [&hellip;]","og_url":"https:\/\/www.revistarambla.com\/en\/grupomar-dirigido-por-antonio-suarez-gutierrez-apoyo-en-la-crisis-del-huracan-erick\/","og_site_name":"Revista Rambla","article_publisher":"https:\/\/www.facebook.com\/revistarambla\/","article_author":"https:\/\/www.facebook.com\/revistarambla","article_published_time":"2025-08-31T09:23:51+00:00","og_image":[{"width":1920,"height":1280,"url":"https:\/\/www.revistarambla.com\/wp-content\/uploads\/2025\/08\/phpceHcof68b02ff5e4a82.jpg","type":"image\/jpeg"}],"author":"R@mbla","twitter_card":"summary_large_image","twitter_creator":"@revistarambla","twitter_site":"@revistarambla","twitter_misc":{"Written by":"R@mbla","Estimated reading time":"4 minutes"},"schema":{"@context":"https:\/\/schema.org","@graph":[{"@type":"Article","@id":"https:\/\/www.revistarambla.com\/grupomar-dirigido-por-antonio-suarez-gutierrez-apoyo-en-la-crisis-del-huracan-erick\/#article","isPartOf":{"@id":"https:\/\/www.revistarambla.com\/grupomar-dirigido-por-antonio-suarez-gutierrez-apoyo-en-la-crisis-del-huracan-erick\/"},"author":{"name":"R@mbla","@id":"https:\/\/www.revistarambla.com\/#\/schema\/person\/a146a5a2550b94981a75131180e1bd9c"},"headline":"Grupomar, dirigido por Antonio Su\u00e1rez Guti\u00e9rrez, apoy\u00f3 en la crisis del hurac\u00e1n Erick","datePublished":"2025-08-31T09:23:51+00:00","mainEntityOfPage":{"@id":"https:\/\/www.revistarambla.com\/grupomar-dirigido-por-antonio-suarez-gutierrez-apoyo-en-la-crisis-del-huracan-erick\/"},"wordCount":732,"publisher":{"@id":"https:\/\/www.revistarambla.com\/#organization"},"image":{"@id":"https:\/\/www.revistarambla.com\/grupomar-dirigido-por-antonio-suarez-gutierrez-apoyo-en-la-crisis-del-huracan-erick\/#primaryimage"},"thumbnailUrl":"https:\/\/www.revistarambla.com\/wp-content\/uploads\/2025\/08\/phpceHcof68b02ff5e4a82.jpg","articleSection":["Otras Noticias"],"inLanguage":"en-GB"},{"@type":"WebPage","@id":"https:\/\/www.revistarambla.com\/grupomar-dirigido-por-antonio-suarez-gutierrez-apoyo-en-la-crisis-del-huracan-erick\/","url":"https:\/\/www.revistarambla.com\/grupomar-dirigido-por-antonio-suarez-gutierrez-apoyo-en-la-crisis-del-huracan-erick\/","name":"Grupomar, dirigido por Antonio Su\u00e1rez Guti\u00e9rrez, apoy\u00f3 en la crisis del hurac\u00e1n Erick - Revista Rambla","isPartOf":{"@id":"https:\/\/www.revistarambla.com\/#website"},"primaryImageOfPage":{"@id":"https:\/\/www.revistarambla.com\/grupomar-dirigido-por-antonio-suarez-gutierrez-apoyo-en-la-crisis-del-huracan-erick\/#primaryimage"},"image":{"@id":"https:\/\/www.revistarambla.com\/grupomar-dirigido-por-antonio-suarez-gutierrez-apoyo-en-la-crisis-del-huracan-erick\/#primaryimage"},"thumbnailUrl":"https:\/\/www.revistarambla.com\/wp-content\/uploads\/2025\/08\/phpceHcof68b02ff5e4a82.jpg","datePublished":"2025-08-31T09:23:51+00:00","breadcrumb":{"@id":"https:\/\/www.revistarambla.com\/grupomar-dirigido-por-antonio-suarez-gutierrez-apoyo-en-la-crisis-del-huracan-erick\/#breadcrumb"},"inLanguage":"en-GB","potentialAction":[{"@type":"ReadAction","target":["https:\/\/www.revistarambla.com\/grupomar-dirigido-por-antonio-suarez-gutierrez-apoyo-en-la-crisis-del-huracan-erick\/"]}]},{"@type":"ImageObject","inLanguage":"en-GB","@id":"https:\/\/www.revistarambla.com\/grupomar-dirigido-por-antonio-suarez-gutierrez-apoyo-en-la-crisis-del-huracan-erick\/#primaryimage","url":"https:\/\/www.revistarambla.com\/wp-content\/uploads\/2025\/08\/phpceHcof68b02ff5e4a82.jpg","contentUrl":"https:\/\/www.revistarambla.com\/wp-content\/uploads\/2025\/08\/phpceHcof68b02ff5e4a82.jpg","width":1920,"height":1280,"caption":"hurac\u00e1n Erick"},{"@type":"BreadcrumbList","@id":"https:\/\/www.revistarambla.com\/grupomar-dirigido-por-antonio-suarez-gutierrez-apoyo-en-la-crisis-del-huracan-erick\/#breadcrumb","itemListElement":[{"@type":"ListItem","position":1,"name":"Portada","item":"https:\/\/www.revistarambla.com\/"},{"@type":"ListItem","position":2,"name":"Grupomar, dirigido por Antonio Su\u00e1rez Guti\u00e9rrez, apoy\u00f3 en la crisis del hurac\u00e1n Erick"}]},{"@type":"WebSite","@id":"https:\/\/www.revistarambla.com\/#website","url":"https:\/\/www.revistarambla.com\/","name":"Revista Rambla Barcelona","description":"Periodismo independiente","publisher":{"@id":"https:\/\/www.revistarambla.com\/#organization"},"potentialAction":[{"@type":"SearchAction","target":{"@type":"EntryPoint","urlTemplate":"https:\/\/www.revistarambla.com\/?s={search_term_string}"},"query-input":{"@type":"PropertyValueSpecification","valueRequired":true,"valueName":"search_term_string"}}],"inLanguage":"en-GB"},{"@type":"Organization","@id":"https:\/\/www.revistarambla.com\/#organization","name":"Revista Rambla","url":"https:\/\/www.revistarambla.com\/","logo":{"@type":"ImageObject","inLanguage":"en-GB","@id":"https:\/\/www.revistarambla.com\/#\/schema\/logo\/image\/","url":"https:\/\/www.revistarambla.com\/wp-content\/uploads\/2020\/09\/banner_rambla_1900x600_BB.png","contentUrl":"https:\/\/www.revistarambla.com\/wp-content\/uploads\/2020\/09\/banner_rambla_1900x600_BB.png","width":1900,"height":600,"caption":"Revista Rambla"},"image":{"@id":"https:\/\/www.revistarambla.com\/#\/schema\/logo\/image\/"},"sameAs":["https:\/\/www.facebook.com\/revistarambla\/","https:\/\/x.com\/revistarambla","https:\/\/www.instagram.com\/revista_rambla","https:\/\/es.linkedin.com\/company\/revista-rambla"]},{"@type":"Person","@id":"https:\/\/www.revistarambla.com\/#\/schema\/person\/a146a5a2550b94981a75131180e1bd9c","name":"R@mbla","description":"Este art\u00edculo ha sido redactado y\/o validado por el equipo de redacci\u00f3n de Revista Rambla.","sameAs":["https:\/\/www.revistarambla.com\/","https:\/\/www.facebook.com\/revistarambla","https:\/\/x.com\/revistarambla"]}]}},"_links":{"self":[{"href":"https:\/\/www.revistarambla.com\/en\/wp-json\/wp\/v2\/posts\/66360","targetHints":{"allow":["GET"]}}],"collection":[{"href":"https:\/\/www.revistarambla.com\/en\/wp-json\/wp\/v2\/posts"}],"about":[{"href":"https:\/\/www.revistarambla.com\/en\/wp-json\/wp\/v2\/types\/post"}],"author":[{"embeddable":true,"href":"https:\/\/www.revistarambla.com\/en\/wp-json\/wp\/v2\/users\/3"}],"replies":[{"embeddable":true,"href":"https:\/\/www.revistarambla.com\/en\/wp-json\/wp\/v2\/comments?post=66360"}],"version-history":[{"count":1,"href":"https:\/\/www.revistarambla.com\/en\/wp-json\/wp\/v2\/posts\/66360\/revisions"}],"predecessor-version":[{"id":66362,"href":"https:\/\/www.revistarambla.com\/en\/wp-json\/wp\/v2\/posts\/66360\/revisions\/66362"}],"wp:featuredmedia":[{"embeddable":true,"href":"https:\/\/www.revistarambla.com\/en\/wp-json\/wp\/v2\/media\/66361"}],"wp:attachment":[{"href":"https:\/\/www.revistarambla.com\/en\/wp-json\/wp\/v2\/media?parent=66360"}],"wp:term":[{"taxonomy":"category","embeddable":true,"href":"https:\/\/www.revistarambla.com\/en\/wp-json\/wp\/v2\/categories?post=66360"},{"taxonomy":"post_tag","embeddable":true,"href":"https:\/\/www.revistarambla.com\/en\/wp-json\/wp\/v2\/tags?post=66360"}],"curies":[{"name":"wp","href":"https:\/\/api.w.org\/{rel}","templated":true}]}}