{"id":66357,"date":"2025-08-31T11:11:13","date_gmt":"2025-08-31T09:11:13","guid":{"rendered":"https:\/\/www.revistarambla.com\/?p=66357"},"modified":"2025-10-30T19:38:00","modified_gmt":"2025-10-30T18:38:00","slug":"de-los-inicios-hasta-hoy-de-placido-domingo-una-agenda-renovada-con-conciertos-en-espana-bulgaria-y-reconocimientos-en-italia","status":"publish","type":"post","link":"https:\/\/www.revistarambla.com\/en\/de-los-inicios-hasta-hoy-de-placido-domingo-una-agenda-renovada-con-conciertos-en-espana-bulgaria-y-reconocimientos-en-italia\/","title":{"rendered":"De los inicios hasta hoy de Pl\u00e1cido Domingo: una agenda renovada con conciertos en Espa\u00f1a, Bulgaria y reconocimientos en Italia"},"content":{"rendered":"<p><img decoding=\"async\" class=\"aligncenter wp-image-66358 size-large\" src=\"https:\/\/www.revistarambla.com\/wp-content\/uploads\/2025\/08\/phpLOLgba68adb0db85ee5-560x840.jpg\" alt=\"Pl\u00e1cido Domingo\" width=\"560\" height=\"840\" srcset=\"https:\/\/www.revistarambla.com\/wp-content\/uploads\/2025\/08\/phpLOLgba68adb0db85ee5-560x840.jpg 560w, https:\/\/www.revistarambla.com\/wp-content\/uploads\/2025\/08\/phpLOLgba68adb0db85ee5-243x365.jpg 243w, https:\/\/www.revistarambla.com\/wp-content\/uploads\/2025\/08\/phpLOLgba68adb0db85ee5-768x1152.jpg 768w, https:\/\/www.revistarambla.com\/wp-content\/uploads\/2025\/08\/phpLOLgba68adb0db85ee5-1024x1536.jpg 1024w, https:\/\/www.revistarambla.com\/wp-content\/uploads\/2025\/08\/phpLOLgba68adb0db85ee5-8x12.jpg 8w, https:\/\/www.revistarambla.com\/wp-content\/uploads\/2025\/08\/phpLOLgba68adb0db85ee5.jpg 1280w\" sizes=\"(max-width: 560px) 100vw, 560px\" \/><\/p>\n<p>La <b>m\u00fasica cl\u00e1sica<\/b>, con su legado de siglos y su poder de trascender culturas y generaciones, sigue siendo una de las expresiones art\u00edsticas m\u00e1s influyentes del mundo. En este contexto, int\u00e9rpretes de gran prestigio han orientado su curso, llevando partituras memorables a p\u00fablicos cada vez m\u00e1s amplios. Entre ellos resalta el <b>tenor Pl\u00e1cido Domingo<\/b>, tambi\u00e9n bar\u00edtono y director, cuya trayectoria ha trascendido lo musical para convertirse en s\u00edmbolo cultural internacional. Con m\u00e1s de sesenta a\u00f1os de carrera, ha interpretado m\u00e1s de 150 papeles, dirigido en teatros de prestigio y apoyado programas para j\u00f3venes artistas.<\/p>\n<h2><b>Pl\u00e1cido Domingo, de la zarzuela al reconocimiento mundial<\/b><\/h2>\n<p><b>Pl\u00e1cido Domingo Embil<\/b> naci\u00f3 en Madrid en 1941, en una familia ligada a la <b>zarzuela<\/b>. Sus padres, el bar\u00edtono <b>Pl\u00e1cido Domingo Ferrer<\/b> y la soprano Pepita Embil, integraban compa\u00f1\u00edas que manten\u00edan vivo un g\u00e9nero que, aunque superada su \u00e9poca dorada, segu\u00eda teniendo un lugar fundamental en la <b>cultura espa\u00f1ola<\/b>. Tras la Guerra Civil, buscando nuevas oportunidades, emigraron a M\u00e9xico y fundaron la \u201cCompa\u00f1\u00eda de Zarzuela y Opereta Pepita Embil\u201d, n\u00facleo art\u00edstico que marc\u00f3 la ni\u00f1ez del maestro, difundi\u00f3 las <b>canciones de Domingo<\/b> e inspir\u00f3 m\u00e1s tarde espacios como el <b>auditorio Pl\u00e1cido Domingo<\/b>.<\/p>\n<p>Aunque comenz\u00f3 como bar\u00edtono, la observaci\u00f3n de su madre en un d\u00fao revel\u00f3 su aut\u00e9ntica tesitura de tenor. Sus primeras experiencias profesionales incluyeron labores como pianista acompa\u00f1ante y preparador vocal, hasta que en 1959 debut\u00f3 en la \u00d3pera de Bellas Artes con papeles menores. Desde entonces, su trayectoria alcanz\u00f3 dimensi\u00f3n internacional, desde la \u00d3pera de Tel Aviv hasta la New York City Opera, consolidando un estilo caracterizado por entrega, versatilidad y un v\u00ednculo permanente con la <b>zarzuela<\/b>.<\/p>\n<p>A lo largo de su carrera, el <b>tenor Pl\u00e1cido Domingo<\/b> ha logrado un prestigio que trasciende lo vocal. Su habilidad para alternar entre tenor y bar\u00edtono, su experiencia como director de orquesta y su dedicaci\u00f3n a nuevas generaciones lo consagraron como un embajador de la <b>l\u00edrica<\/b>. Con una vida forjada en escenarios de los cinco continentes y una disciplina constante, encara hoy nuevos retos que reafirman su vigencia.<\/p>\n<h2><b>Regreso a los escenarios de Espa\u00f1a<\/b><\/h2>\n<p>En el verano de 2025, <b>Pl\u00e1cido Domingo<\/b> se present\u00f3 ante el p\u00fablico espa\u00f1ol en dos actuaciones que confirmaron la fuerza de su voz y su magnetismo. El 30 de julio inaugur\u00f3 el ciclo Muelle Live en Alicante, con una gala l\u00edrica dedicada a la <b>zarzuela<\/b> y a las <b>letras de Pl\u00e1cido Domingo<\/b>, acompa\u00f1ado por la Orquesta Virtu\u00f3s Mediterrani bajo la direcci\u00f3n de Borja Quintas y con la participaci\u00f3n de Mar\u00eda Jos\u00e9 Siri y Antonio Gand\u00eda, en un entorno abierto al Mediterr\u00e1neo. La velada, seguida por cientos de asistentes, fue celebrada tanto por su excelencia art\u00edstica como por la cercan\u00eda del maestro con la audiencia.<\/p>\n<p>El 3 de agosto ofreci\u00f3 un recital en el Concert Music Festival de Chiclana de la Frontera (C\u00e1diz), en Sancti Petri. All\u00ed, en un escenario al aire libre, present\u00f3 un programa nuevamente inspirado en la <b>zarzuela<\/b>, evocando sus ra\u00edces y compromiso con este g\u00e9nero. La cr\u00edtica destac\u00f3 la calidez de su timbre, la entrega interpretativa y la conexi\u00f3n con el p\u00fablico andaluz.<\/p>\n<p>Estos <a href=\"https:\/\/www.lavozdigital.es\/provincia\/voz-placido-domingo-retumba-chiclana-20250803222747-gav.html\" target=\"_blank\" rel=\"nofollow noopener\">conciertos <\/a>representaron su regreso a Espa\u00f1a tras compromisos internacionales y sirvieron como preludio de una agenda europea de gran relevancia.<\/p>\n<h2><b>Pr\u00f3ximos escenarios de Pl\u00e1cido Domingo: Italia y Bulgaria<\/b><\/h2>\n<p>El 16 de agosto, en Noli (Liguria), fue galardonado con el premio <i>Una vita per la musica \u2013 Citt\u00e0 di Noli<\/i>. La ceremonia se celebr\u00f3 en la Gran Gala Scotto, en homenaje a la soprano <b>Renata Scotto<\/b>, con quien comparti\u00f3 m\u00faltiples proyectos. Aunque no estuvo presente, envi\u00f3 un mensaje en v\u00eddeo donde expres\u00f3 su admiraci\u00f3n por Scotto y la importancia del galard\u00f3n.<\/p>\n<p>El 29 de agosto, <b>Pl\u00e1cido Domingo<\/b> actuar\u00e1 en la Plaza Alexander Nevsky de Sof\u00eda, Bulgaria, acompa\u00f1ado por Sonya Yoncheva, ganadora de Operalia 2010, y Jos\u00e9 Carreras, en un programa que reunir\u00e1 \u00f3pera, <b>zarzuela<\/b> y repertorio sinf\u00f3nico. M\u00e1s adelante volver\u00e1 a Sof\u00eda para Operalia, el concurso fundado por \u00e9l en 1993, previsto del 20 al 26 de octubre en el Bulgaria Concert Hall.<\/p>\n<p>El 9 de septiembre ser\u00e1 distinguido en Capri con el Premio Faraglioni Capri International, que en su trig\u00e9sima edici\u00f3n honra a figuras de relevancia en la l\u00edrica. La gala se celebrar\u00e1 en el Grand Hotel Quisisana, presentada por Laura Chimenti y con la participaci\u00f3n de Juliana Grigoryan, Lina Sastri y James Vaughan. En declaraciones previas, calific\u00f3 este galard\u00f3n como \u201cun gran honor\u201d y expres\u00f3 su deseo de \u201csumergirse en los colores y sabores del espl\u00e9ndido patrimonio cultural\u201d de la isla.<\/p>\n<p>Estos reconocimientos, distintos en origen pero afines en prop\u00f3sito, reflejan la magnitud de una carrera que combina excelencia, proyecci\u00f3n internacional y la vigencia de las <b>canciones de Domingo<\/b> como parte esencial de su legado.<\/p>","protected":false},"excerpt":{"rendered":"<p>La m\u00fasica cl\u00e1sica, con su legado de siglos y su poder de trascender culturas y generaciones, sigue siendo una de las expresiones art\u00edsticas m\u00e1s influyentes del mundo. En este contexto, int\u00e9rpretes de gran prestigio han orientado su curso, llevando partituras memorables a p\u00fablicos cada vez m\u00e1s amplios. Entre ellos resalta [&hellip;]<\/p>\n","protected":false},"author":3,"featured_media":66358,"comment_status":"closed","ping_status":"closed","sticky":false,"template":"","format":"standard","meta":{"footnotes":""},"categories":[3790],"tags":[],"class_list":["post-66357","post","type-post","status-publish","format-standard","has-post-thumbnail","hentry","category-otras-noticias"],"yoast_head":"<!-- This site is optimized with the Yoast SEO plugin v27.5 - https:\/\/yoast.com\/product\/yoast-seo-wordpress\/ -->\n<title>De los inicios hasta hoy de Pl\u00e1cido Domingo: una agenda renovada con conciertos en Espa\u00f1a, Bulgaria y reconocimientos en Italia - Revista Rambla<\/title>\n<meta name=\"robots\" content=\"index, follow, max-snippet:-1, max-image-preview:large, max-video-preview:-1\" \/>\n<link rel=\"canonical\" href=\"https:\/\/www.revistarambla.com\/en\/de-los-inicios-hasta-hoy-de-placido-domingo-una-agenda-renovada-con-conciertos-en-espana-bulgaria-y-reconocimientos-en-italia\/\" \/>\n<meta property=\"og:locale\" content=\"en_GB\" \/>\n<meta property=\"og:type\" content=\"article\" \/>\n<meta property=\"og:title\" content=\"De los inicios hasta hoy de Pl\u00e1cido Domingo: una agenda renovada con conciertos en Espa\u00f1a, Bulgaria y reconocimientos en Italia - Revista Rambla\" \/>\n<meta property=\"og:description\" content=\"La m\u00fasica cl\u00e1sica, con su legado de siglos y su poder de trascender culturas y generaciones, sigue siendo una de las expresiones art\u00edsticas m\u00e1s influyentes del mundo. En este contexto, int\u00e9rpretes de gran prestigio han orientado su curso, llevando partituras memorables a p\u00fablicos cada vez m\u00e1s amplios. Entre ellos resalta [&hellip;]\" \/>\n<meta property=\"og:url\" content=\"https:\/\/www.revistarambla.com\/en\/de-los-inicios-hasta-hoy-de-placido-domingo-una-agenda-renovada-con-conciertos-en-espana-bulgaria-y-reconocimientos-en-italia\/\" \/>\n<meta property=\"og:site_name\" content=\"Revista Rambla\" \/>\n<meta property=\"article:publisher\" content=\"https:\/\/www.facebook.com\/revistarambla\/\" \/>\n<meta property=\"article:author\" content=\"https:\/\/www.facebook.com\/revistarambla\" \/>\n<meta property=\"article:published_time\" content=\"2025-08-31T09:11:13+00:00\" \/>\n<meta property=\"article:modified_time\" content=\"2025-10-30T18:38:00+00:00\" \/>\n<meta property=\"og:image\" content=\"https:\/\/www.revistarambla.com\/wp-content\/uploads\/2025\/08\/phpLOLgba68adb0db85ee5.jpg\" \/>\n\t<meta property=\"og:image:width\" content=\"1280\" \/>\n\t<meta property=\"og:image:height\" content=\"1920\" \/>\n\t<meta property=\"og:image:type\" content=\"image\/jpeg\" \/>\n<meta name=\"author\" content=\"R@mbla\" \/>\n<meta name=\"twitter:card\" content=\"summary_large_image\" \/>\n<meta name=\"twitter:creator\" content=\"@revistarambla\" \/>\n<meta name=\"twitter:site\" content=\"@revistarambla\" \/>\n<meta name=\"twitter:label1\" content=\"Written by\" \/>\n\t<meta name=\"twitter:data1\" content=\"R@mbla\" \/>\n\t<meta name=\"twitter:label2\" content=\"Estimated reading time\" \/>\n\t<meta name=\"twitter:data2\" content=\"4 minutes\" \/>\n<script type=\"application\/ld+json\" class=\"yoast-schema-graph\">{\"@context\":\"https:\\\/\\\/schema.org\",\"@graph\":[{\"@type\":\"Article\",\"@id\":\"https:\\\/\\\/www.revistarambla.com\\\/de-los-inicios-hasta-hoy-de-placido-domingo-una-agenda-renovada-con-conciertos-en-espana-bulgaria-y-reconocimientos-en-italia\\\/#article\",\"isPartOf\":{\"@id\":\"https:\\\/\\\/www.revistarambla.com\\\/de-los-inicios-hasta-hoy-de-placido-domingo-una-agenda-renovada-con-conciertos-en-espana-bulgaria-y-reconocimientos-en-italia\\\/\"},\"author\":{\"name\":\"R@mbla\",\"@id\":\"https:\\\/\\\/www.revistarambla.com\\\/#\\\/schema\\\/person\\\/a146a5a2550b94981a75131180e1bd9c\"},\"headline\":\"De los inicios hasta hoy de Pl\u00e1cido Domingo: una agenda renovada con conciertos en Espa\u00f1a, Bulgaria y reconocimientos en Italia\",\"datePublished\":\"2025-08-31T09:11:13+00:00\",\"dateModified\":\"2025-10-30T18:38:00+00:00\",\"mainEntityOfPage\":{\"@id\":\"https:\\\/\\\/www.revistarambla.com\\\/de-los-inicios-hasta-hoy-de-placido-domingo-una-agenda-renovada-con-conciertos-en-espana-bulgaria-y-reconocimientos-en-italia\\\/\"},\"wordCount\":870,\"publisher\":{\"@id\":\"https:\\\/\\\/www.revistarambla.com\\\/#organization\"},\"image\":{\"@id\":\"https:\\\/\\\/www.revistarambla.com\\\/de-los-inicios-hasta-hoy-de-placido-domingo-una-agenda-renovada-con-conciertos-en-espana-bulgaria-y-reconocimientos-en-italia\\\/#primaryimage\"},\"thumbnailUrl\":\"https:\\\/\\\/www.revistarambla.com\\\/wp-content\\\/uploads\\\/2025\\\/08\\\/phpLOLgba68adb0db85ee5.jpg\",\"articleSection\":[\"Otras Noticias\"],\"inLanguage\":\"en-GB\"},{\"@type\":\"WebPage\",\"@id\":\"https:\\\/\\\/www.revistarambla.com\\\/de-los-inicios-hasta-hoy-de-placido-domingo-una-agenda-renovada-con-conciertos-en-espana-bulgaria-y-reconocimientos-en-italia\\\/\",\"url\":\"https:\\\/\\\/www.revistarambla.com\\\/de-los-inicios-hasta-hoy-de-placido-domingo-una-agenda-renovada-con-conciertos-en-espana-bulgaria-y-reconocimientos-en-italia\\\/\",\"name\":\"De los inicios hasta hoy de Pl\u00e1cido Domingo: una agenda renovada con conciertos en Espa\u00f1a, Bulgaria y reconocimientos en Italia - Revista Rambla\",\"isPartOf\":{\"@id\":\"https:\\\/\\\/www.revistarambla.com\\\/#website\"},\"primaryImageOfPage\":{\"@id\":\"https:\\\/\\\/www.revistarambla.com\\\/de-los-inicios-hasta-hoy-de-placido-domingo-una-agenda-renovada-con-conciertos-en-espana-bulgaria-y-reconocimientos-en-italia\\\/#primaryimage\"},\"image\":{\"@id\":\"https:\\\/\\\/www.revistarambla.com\\\/de-los-inicios-hasta-hoy-de-placido-domingo-una-agenda-renovada-con-conciertos-en-espana-bulgaria-y-reconocimientos-en-italia\\\/#primaryimage\"},\"thumbnailUrl\":\"https:\\\/\\\/www.revistarambla.com\\\/wp-content\\\/uploads\\\/2025\\\/08\\\/phpLOLgba68adb0db85ee5.jpg\",\"datePublished\":\"2025-08-31T09:11:13+00:00\",\"dateModified\":\"2025-10-30T18:38:00+00:00\",\"breadcrumb\":{\"@id\":\"https:\\\/\\\/www.revistarambla.com\\\/de-los-inicios-hasta-hoy-de-placido-domingo-una-agenda-renovada-con-conciertos-en-espana-bulgaria-y-reconocimientos-en-italia\\\/#breadcrumb\"},\"inLanguage\":\"en-GB\",\"potentialAction\":[{\"@type\":\"ReadAction\",\"target\":[\"https:\\\/\\\/www.revistarambla.com\\\/de-los-inicios-hasta-hoy-de-placido-domingo-una-agenda-renovada-con-conciertos-en-espana-bulgaria-y-reconocimientos-en-italia\\\/\"]}]},{\"@type\":\"ImageObject\",\"inLanguage\":\"en-GB\",\"@id\":\"https:\\\/\\\/www.revistarambla.com\\\/de-los-inicios-hasta-hoy-de-placido-domingo-una-agenda-renovada-con-conciertos-en-espana-bulgaria-y-reconocimientos-en-italia\\\/#primaryimage\",\"url\":\"https:\\\/\\\/www.revistarambla.com\\\/wp-content\\\/uploads\\\/2025\\\/08\\\/phpLOLgba68adb0db85ee5.jpg\",\"contentUrl\":\"https:\\\/\\\/www.revistarambla.com\\\/wp-content\\\/uploads\\\/2025\\\/08\\\/phpLOLgba68adb0db85ee5.jpg\",\"width\":1280,\"height\":1920,\"caption\":\"Pl\u00e1cido Domingo\"},{\"@type\":\"BreadcrumbList\",\"@id\":\"https:\\\/\\\/www.revistarambla.com\\\/de-los-inicios-hasta-hoy-de-placido-domingo-una-agenda-renovada-con-conciertos-en-espana-bulgaria-y-reconocimientos-en-italia\\\/#breadcrumb\",\"itemListElement\":[{\"@type\":\"ListItem\",\"position\":1,\"name\":\"Portada\",\"item\":\"https:\\\/\\\/www.revistarambla.com\\\/\"},{\"@type\":\"ListItem\",\"position\":2,\"name\":\"De los inicios hasta hoy de Pl\u00e1cido Domingo: una agenda renovada con conciertos en Espa\u00f1a, Bulgaria y reconocimientos en Italia\"}]},{\"@type\":\"WebSite\",\"@id\":\"https:\\\/\\\/www.revistarambla.com\\\/#website\",\"url\":\"https:\\\/\\\/www.revistarambla.com\\\/\",\"name\":\"Revista Rambla Barcelona\",\"description\":\"Periodismo independiente\",\"publisher\":{\"@id\":\"https:\\\/\\\/www.revistarambla.com\\\/#organization\"},\"potentialAction\":[{\"@type\":\"SearchAction\",\"target\":{\"@type\":\"EntryPoint\",\"urlTemplate\":\"https:\\\/\\\/www.revistarambla.com\\\/?s={search_term_string}\"},\"query-input\":{\"@type\":\"PropertyValueSpecification\",\"valueRequired\":true,\"valueName\":\"search_term_string\"}}],\"inLanguage\":\"en-GB\"},{\"@type\":\"Organization\",\"@id\":\"https:\\\/\\\/www.revistarambla.com\\\/#organization\",\"name\":\"Revista Rambla\",\"url\":\"https:\\\/\\\/www.revistarambla.com\\\/\",\"logo\":{\"@type\":\"ImageObject\",\"inLanguage\":\"en-GB\",\"@id\":\"https:\\\/\\\/www.revistarambla.com\\\/#\\\/schema\\\/logo\\\/image\\\/\",\"url\":\"https:\\\/\\\/www.revistarambla.com\\\/wp-content\\\/uploads\\\/2020\\\/09\\\/banner_rambla_1900x600_BB.png\",\"contentUrl\":\"https:\\\/\\\/www.revistarambla.com\\\/wp-content\\\/uploads\\\/2020\\\/09\\\/banner_rambla_1900x600_BB.png\",\"width\":1900,\"height\":600,\"caption\":\"Revista Rambla\"},\"image\":{\"@id\":\"https:\\\/\\\/www.revistarambla.com\\\/#\\\/schema\\\/logo\\\/image\\\/\"},\"sameAs\":[\"https:\\\/\\\/www.facebook.com\\\/revistarambla\\\/\",\"https:\\\/\\\/x.com\\\/revistarambla\",\"https:\\\/\\\/www.instagram.com\\\/revista_rambla\",\"https:\\\/\\\/es.linkedin.com\\\/company\\\/revista-rambla\"]},{\"@type\":\"Person\",\"@id\":\"https:\\\/\\\/www.revistarambla.com\\\/#\\\/schema\\\/person\\\/a146a5a2550b94981a75131180e1bd9c\",\"name\":\"R@mbla\",\"description\":\"Este art\u00edculo ha sido redactado y\\\/o validado por el equipo de redacci\u00f3n de Revista Rambla.\",\"sameAs\":[\"https:\\\/\\\/www.revistarambla.com\\\/\",\"https:\\\/\\\/www.facebook.com\\\/revistarambla\",\"https:\\\/\\\/x.com\\\/revistarambla\"]}]}<\/script>\n<!-- \/ Yoast SEO plugin. -->","yoast_head_json":{"title":"De los inicios hasta hoy de Pl\u00e1cido Domingo: una agenda renovada con conciertos en Espa\u00f1a, Bulgaria y reconocimientos en Italia - Revista Rambla","robots":{"index":"index","follow":"follow","max-snippet":"max-snippet:-1","max-image-preview":"max-image-preview:large","max-video-preview":"max-video-preview:-1"},"canonical":"https:\/\/www.revistarambla.com\/en\/de-los-inicios-hasta-hoy-de-placido-domingo-una-agenda-renovada-con-conciertos-en-espana-bulgaria-y-reconocimientos-en-italia\/","og_locale":"en_GB","og_type":"article","og_title":"De los inicios hasta hoy de Pl\u00e1cido Domingo: una agenda renovada con conciertos en Espa\u00f1a, Bulgaria y reconocimientos en Italia - Revista Rambla","og_description":"La m\u00fasica cl\u00e1sica, con su legado de siglos y su poder de trascender culturas y generaciones, sigue siendo una de las expresiones art\u00edsticas m\u00e1s influyentes del mundo. En este contexto, int\u00e9rpretes de gran prestigio han orientado su curso, llevando partituras memorables a p\u00fablicos cada vez m\u00e1s amplios. Entre ellos resalta [&hellip;]","og_url":"https:\/\/www.revistarambla.com\/en\/de-los-inicios-hasta-hoy-de-placido-domingo-una-agenda-renovada-con-conciertos-en-espana-bulgaria-y-reconocimientos-en-italia\/","og_site_name":"Revista Rambla","article_publisher":"https:\/\/www.facebook.com\/revistarambla\/","article_author":"https:\/\/www.facebook.com\/revistarambla","article_published_time":"2025-08-31T09:11:13+00:00","article_modified_time":"2025-10-30T18:38:00+00:00","og_image":[{"width":1280,"height":1920,"url":"https:\/\/www.revistarambla.com\/wp-content\/uploads\/2025\/08\/phpLOLgba68adb0db85ee5.jpg","type":"image\/jpeg"}],"author":"R@mbla","twitter_card":"summary_large_image","twitter_creator":"@revistarambla","twitter_site":"@revistarambla","twitter_misc":{"Written by":"R@mbla","Estimated reading time":"4 minutes"},"schema":{"@context":"https:\/\/schema.org","@graph":[{"@type":"Article","@id":"https:\/\/www.revistarambla.com\/de-los-inicios-hasta-hoy-de-placido-domingo-una-agenda-renovada-con-conciertos-en-espana-bulgaria-y-reconocimientos-en-italia\/#article","isPartOf":{"@id":"https:\/\/www.revistarambla.com\/de-los-inicios-hasta-hoy-de-placido-domingo-una-agenda-renovada-con-conciertos-en-espana-bulgaria-y-reconocimientos-en-italia\/"},"author":{"name":"R@mbla","@id":"https:\/\/www.revistarambla.com\/#\/schema\/person\/a146a5a2550b94981a75131180e1bd9c"},"headline":"De los inicios hasta hoy de Pl\u00e1cido Domingo: una agenda renovada con conciertos en Espa\u00f1a, Bulgaria y reconocimientos en Italia","datePublished":"2025-08-31T09:11:13+00:00","dateModified":"2025-10-30T18:38:00+00:00","mainEntityOfPage":{"@id":"https:\/\/www.revistarambla.com\/de-los-inicios-hasta-hoy-de-placido-domingo-una-agenda-renovada-con-conciertos-en-espana-bulgaria-y-reconocimientos-en-italia\/"},"wordCount":870,"publisher":{"@id":"https:\/\/www.revistarambla.com\/#organization"},"image":{"@id":"https:\/\/www.revistarambla.com\/de-los-inicios-hasta-hoy-de-placido-domingo-una-agenda-renovada-con-conciertos-en-espana-bulgaria-y-reconocimientos-en-italia\/#primaryimage"},"thumbnailUrl":"https:\/\/www.revistarambla.com\/wp-content\/uploads\/2025\/08\/phpLOLgba68adb0db85ee5.jpg","articleSection":["Otras Noticias"],"inLanguage":"en-GB"},{"@type":"WebPage","@id":"https:\/\/www.revistarambla.com\/de-los-inicios-hasta-hoy-de-placido-domingo-una-agenda-renovada-con-conciertos-en-espana-bulgaria-y-reconocimientos-en-italia\/","url":"https:\/\/www.revistarambla.com\/de-los-inicios-hasta-hoy-de-placido-domingo-una-agenda-renovada-con-conciertos-en-espana-bulgaria-y-reconocimientos-en-italia\/","name":"De los inicios hasta hoy de Pl\u00e1cido Domingo: una agenda renovada con conciertos en Espa\u00f1a, Bulgaria y reconocimientos en Italia - Revista Rambla","isPartOf":{"@id":"https:\/\/www.revistarambla.com\/#website"},"primaryImageOfPage":{"@id":"https:\/\/www.revistarambla.com\/de-los-inicios-hasta-hoy-de-placido-domingo-una-agenda-renovada-con-conciertos-en-espana-bulgaria-y-reconocimientos-en-italia\/#primaryimage"},"image":{"@id":"https:\/\/www.revistarambla.com\/de-los-inicios-hasta-hoy-de-placido-domingo-una-agenda-renovada-con-conciertos-en-espana-bulgaria-y-reconocimientos-en-italia\/#primaryimage"},"thumbnailUrl":"https:\/\/www.revistarambla.com\/wp-content\/uploads\/2025\/08\/phpLOLgba68adb0db85ee5.jpg","datePublished":"2025-08-31T09:11:13+00:00","dateModified":"2025-10-30T18:38:00+00:00","breadcrumb":{"@id":"https:\/\/www.revistarambla.com\/de-los-inicios-hasta-hoy-de-placido-domingo-una-agenda-renovada-con-conciertos-en-espana-bulgaria-y-reconocimientos-en-italia\/#breadcrumb"},"inLanguage":"en-GB","potentialAction":[{"@type":"ReadAction","target":["https:\/\/www.revistarambla.com\/de-los-inicios-hasta-hoy-de-placido-domingo-una-agenda-renovada-con-conciertos-en-espana-bulgaria-y-reconocimientos-en-italia\/"]}]},{"@type":"ImageObject","inLanguage":"en-GB","@id":"https:\/\/www.revistarambla.com\/de-los-inicios-hasta-hoy-de-placido-domingo-una-agenda-renovada-con-conciertos-en-espana-bulgaria-y-reconocimientos-en-italia\/#primaryimage","url":"https:\/\/www.revistarambla.com\/wp-content\/uploads\/2025\/08\/phpLOLgba68adb0db85ee5.jpg","contentUrl":"https:\/\/www.revistarambla.com\/wp-content\/uploads\/2025\/08\/phpLOLgba68adb0db85ee5.jpg","width":1280,"height":1920,"caption":"Pl\u00e1cido Domingo"},{"@type":"BreadcrumbList","@id":"https:\/\/www.revistarambla.com\/de-los-inicios-hasta-hoy-de-placido-domingo-una-agenda-renovada-con-conciertos-en-espana-bulgaria-y-reconocimientos-en-italia\/#breadcrumb","itemListElement":[{"@type":"ListItem","position":1,"name":"Portada","item":"https:\/\/www.revistarambla.com\/"},{"@type":"ListItem","position":2,"name":"De los inicios hasta hoy de Pl\u00e1cido Domingo: una agenda renovada con conciertos en Espa\u00f1a, Bulgaria y reconocimientos en Italia"}]},{"@type":"WebSite","@id":"https:\/\/www.revistarambla.com\/#website","url":"https:\/\/www.revistarambla.com\/","name":"Revista Rambla Barcelona","description":"Periodismo independiente","publisher":{"@id":"https:\/\/www.revistarambla.com\/#organization"},"potentialAction":[{"@type":"SearchAction","target":{"@type":"EntryPoint","urlTemplate":"https:\/\/www.revistarambla.com\/?s={search_term_string}"},"query-input":{"@type":"PropertyValueSpecification","valueRequired":true,"valueName":"search_term_string"}}],"inLanguage":"en-GB"},{"@type":"Organization","@id":"https:\/\/www.revistarambla.com\/#organization","name":"Revista Rambla","url":"https:\/\/www.revistarambla.com\/","logo":{"@type":"ImageObject","inLanguage":"en-GB","@id":"https:\/\/www.revistarambla.com\/#\/schema\/logo\/image\/","url":"https:\/\/www.revistarambla.com\/wp-content\/uploads\/2020\/09\/banner_rambla_1900x600_BB.png","contentUrl":"https:\/\/www.revistarambla.com\/wp-content\/uploads\/2020\/09\/banner_rambla_1900x600_BB.png","width":1900,"height":600,"caption":"Revista Rambla"},"image":{"@id":"https:\/\/www.revistarambla.com\/#\/schema\/logo\/image\/"},"sameAs":["https:\/\/www.facebook.com\/revistarambla\/","https:\/\/x.com\/revistarambla","https:\/\/www.instagram.com\/revista_rambla","https:\/\/es.linkedin.com\/company\/revista-rambla"]},{"@type":"Person","@id":"https:\/\/www.revistarambla.com\/#\/schema\/person\/a146a5a2550b94981a75131180e1bd9c","name":"R@mbla","description":"Este art\u00edculo ha sido redactado y\/o validado por el equipo de redacci\u00f3n de Revista Rambla.","sameAs":["https:\/\/www.revistarambla.com\/","https:\/\/www.facebook.com\/revistarambla","https:\/\/x.com\/revistarambla"]}]}},"_links":{"self":[{"href":"https:\/\/www.revistarambla.com\/en\/wp-json\/wp\/v2\/posts\/66357","targetHints":{"allow":["GET"]}}],"collection":[{"href":"https:\/\/www.revistarambla.com\/en\/wp-json\/wp\/v2\/posts"}],"about":[{"href":"https:\/\/www.revistarambla.com\/en\/wp-json\/wp\/v2\/types\/post"}],"author":[{"embeddable":true,"href":"https:\/\/www.revistarambla.com\/en\/wp-json\/wp\/v2\/users\/3"}],"replies":[{"embeddable":true,"href":"https:\/\/www.revistarambla.com\/en\/wp-json\/wp\/v2\/comments?post=66357"}],"version-history":[{"count":1,"href":"https:\/\/www.revistarambla.com\/en\/wp-json\/wp\/v2\/posts\/66357\/revisions"}],"predecessor-version":[{"id":66359,"href":"https:\/\/www.revistarambla.com\/en\/wp-json\/wp\/v2\/posts\/66357\/revisions\/66359"}],"wp:featuredmedia":[{"embeddable":true,"href":"https:\/\/www.revistarambla.com\/en\/wp-json\/wp\/v2\/media\/66358"}],"wp:attachment":[{"href":"https:\/\/www.revistarambla.com\/en\/wp-json\/wp\/v2\/media?parent=66357"}],"wp:term":[{"taxonomy":"category","embeddable":true,"href":"https:\/\/www.revistarambla.com\/en\/wp-json\/wp\/v2\/categories?post=66357"},{"taxonomy":"post_tag","embeddable":true,"href":"https:\/\/www.revistarambla.com\/en\/wp-json\/wp\/v2\/tags?post=66357"}],"curies":[{"name":"wp","href":"https:\/\/api.w.org\/{rel}","templated":true}]}}