{"id":66343,"date":"2025-08-30T12:49:42","date_gmt":"2025-08-30T10:49:42","guid":{"rendered":"https:\/\/www.revistarambla.com\/?p=66343"},"modified":"2025-08-30T12:54:30","modified_gmt":"2025-08-30T10:54:30","slug":"jubilados-abandonan-ibiza-por-el-alto-costo-de-la-vida-y-se-mudan-a-valencia-o-alicante","status":"publish","type":"post","link":"https:\/\/www.revistarambla.com\/en\/jubilados-abandonan-ibiza-por-el-alto-costo-de-la-vida-y-se-mudan-a-valencia-o-alicante\/","title":{"rendered":"Jubilados abandonan Ibiza por el alto costo de la vida y se mudan a Valencia o Alicante"},"content":{"rendered":"<p>En las id\u00edlicas playas de Ibiza, donde el sol mediterr\u00e1neo brilla con intensidad y el turismo de lujo genera millones, una realidad menos glamurosa est\u00e1 emergiendo. Cada vez m\u00e1s jubilados, aquellos que han pasado d\u00e9cadas contribuyendo a la econom\u00eda isle\u00f1a, se ven obligados a vender sus propiedades y abandonar la isla ante la imparable carest\u00eda de la vida. Este fen\u00f3meno no es aislado: pensionistas y residentes de otras edades optan por trasladarse a pueblos tranquilos de Valencia o Alicante, donde sus pensiones rinden m\u00e1s y la calidad de vida parece m\u00e1s accesible. Seg\u00fan expertos y testimonios recopilados, el alto costo de la vivienda, la cesta de la compra y los desplazamientos est\u00e1n expulsando a una generaci\u00f3n que so\u00f1aba con envejecer en el para\u00edso balear.<\/p>\n<p>Ibiza, conocida mundialmente por sus fiestas y paisajes, enfrenta una crisis silenciosa. El boom tur\u00edstico ha disparado los precios, convirtiendo la isla en un destino prohibitivo para muchos locales. Jubilados que trabajaron en hosteler\u00eda, construcci\u00f3n o servicios ahora luchan por llegar a fin de mes con pensiones modestas. \u00abLa carest\u00eda de la vida tiene muchas derivadas\u00bb, explica Jos\u00e9 Antonio Verdugo, codelegado en Ibiza del Colegio Oficial de Administradores de Fincas de Baleares. \u00c9l ha detectado un aumento en las ventas de viviendas por parte de pensionistas que se marchan a la pen\u00ednsula. Esta tendencia se acelera en 2025, con datos que muestran un saldo migratorio negativo entre Baleares y varias comunidades aut\u00f3nomas espa\u00f1olas.<\/p>\n<h2>Turismo masivo y precios por las nubes<\/h2>\n<p>El alto costo de la vida en Ibiza no es un secreto. En 2024, Baleares recibi\u00f3 18,7 millones de turistas, un r\u00e9cord que ha saturado la isla y elevado los precios de todo: desde el alquiler hasta el pan diario. La vivienda es el epicentro de la crisis. El precio medio por metro cuadrado supera los 3.670 euros, superando los m\u00e1ximos de la burbuja inmobiliaria de 2007. Para los jubilados, que a menudo dependen de pensiones calculadas sobre salarios bajos y contratos fijos discontinuos t\u00edpicos del sector tur\u00edstico, esto es insostenible. En Baleares, la pensi\u00f3n media de jubilaci\u00f3n es una de las m\u00e1s bajas de Espa\u00f1a, solo por encima de regiones como Andaluc\u00eda o Extremadura, rondando los 1.300 euros mensuales en muchos casos.<\/p>\n<p>El sindicato UGT ha denunciado repetidamente esta situaci\u00f3n. Pedro Berruezo, secretario general de la Uni\u00f3n de Jubilados y Pensionistas de UGT en Baleares, explica que \u00abmuchos jubilados vinieron a trabajar y ahora regresan a sus lugares de origen, donde pueden llevar una vida mucho m\u00e1s desahogada\u00bb. No solo afecta a inmigrantes de anta\u00f1o; isle\u00f1os nativos tambi\u00e9n se marchan. La cesta de la compra en las islas es una de las m\u00e1s caras del pa\u00eds, y los desplazamientos dependen del avi\u00f3n, con precios elevados y sin descuentos efectivos para residentes que viajen con veh\u00edculo. Adem\u00e1s, la masificaci\u00f3n ha deteriorado servicios como la sanidad, con esperas de hasta dos semanas para una cita m\u00e9dica, y colapsos en el tr\u00e1fico diario.<\/p>\n<p>Otro factor clave es la proliferaci\u00f3n de infraviviendas. En Ibiza, muchos residentes, incluyendo jubilados, recurren a caravanas o chabolas ante la imposibilidad de pagar alquileres que se disparan en nuevos contratos. Esto genera riesgos, como incendios en poblados improvisados, y tensiones con comunidades vecinas. Verdugo lamenta: \u00abEs complicado encontrar una soluci\u00f3n porque los precios est\u00e1n por las nubes\u00bb. La Fundaci\u00f3n Deixalles, que ofrece programas de orientaci\u00f3n laboral, registr\u00f3 en 2023 un aumento del 15% en personas de 60 a 68 a\u00f1os buscando empleo, con un 50% de mujeres en este grupo. Raquel Mart\u00ednez, coordinadora de Deixalles en Ibiza, confirma que la carest\u00eda obliga a muchos pensionistas a trabajar para complementar sus ingresos.<\/p>\n<h2>De Ibiza a la pen\u00ednsula en busca de alivio<\/h2>\n<p>Las historias personales ilustran el drama. Esteban Hern\u00e1ndez, un sevillano de 72 a\u00f1os que lleg\u00f3 a Mallorca en 1968 como conductor de autocar, se mud\u00f3 a Aranjuez (Madrid) en 2015. Su pensi\u00f3n de 1.300 euros no le alcanzaba en Baleares. Vendi\u00f3 su casa de 74 m\u00b2 en Mallorca y compr\u00f3 una de 120 m\u00b2 en Aranjuez, con dinero sobrante. \u00abAqu\u00ed la vida es m\u00e1s econ\u00f3mica, el dinero se estira m\u00e1s\u00bb, relata Hern\u00e1ndez, destacando el menor costo de la cesta de la compra y el ocio.<\/p>\n<p>Jos\u00e9 Mar\u00eda, un cacere\u00f1o de 63 a\u00f1os que vivi\u00f3 en Ibiza hasta 2021, se prejubil\u00f3 en 2016 y se traslad\u00f3 a Elche. Compr\u00f3 un piso en 2004, pero el alto costo de vida le impuls\u00f3 a venderlo. En Elche, accede a cursos de formaci\u00f3n y ocio asequible, algo escaso en Ibiza, enfocado al turismo. \u00abCon la pensi\u00f3n de jubilado te puedes permitir m\u00e1s en la Pen\u00ednsula\u00bb, resume. Rosa Redolat, una usuaria de X (anteriormente Twitter), confirma esta experiencia: \u00abPuedo confirmar que lo que dice el art\u00edculo es real, aqu\u00ed una que se ha venido a Valencia y de momento encantada con el cambio\u00bb.<\/p>\n<p>No solo jubilados: un treinta\u00f1ero ibicenco con lazos en Valencia se mud\u00f3 recientemente a un pueblo cercano, donde consigui\u00f3 una hipoteca viable, algo impensable en Ibiza. Berruezo de UGT describe un \u00abgoteo continuo\u00bb de migraciones, incluyendo a clases medias que no pueden acceder a viviendas dignas. En 2025, esta tendencia se agrava, con expertos como Ferr\u00e1n Font de Pisos.com prediciendo subidas continuas en precios de alquiler y venta debido a la escasa oferta y alta demanda.<\/p>\n<h2>Destinos preferidos: Valencia y Alicante<\/h2>\n<p>Los destinos m\u00e1s comunes son pueblos de Valencia y Alicante, como Denia, Pego o Elche. Estas \u00e1reas ofrecen viviendas m\u00e1s baratas, con metros cuadrados a precios inferiores y un costo de vida menor. En Valencia, el precio medio es significativamente m\u00e1s bajo que en Baleares, permitiendo a los jubilados comprar propiedades m\u00e1s amplias y modernas. Alicante atrae por su clima similar y proximidad al mar, sin la masificaci\u00f3n tur\u00edstica de Ibiza. Hern\u00e1ndez y Jos\u00e9 Mar\u00eda destacan el acceso a servicios, cursos y ocio cultural, inexistentes o caros en las islas.<\/p>\n<p>Datos del Ibestat muestran un saldo migratorio negativo con once comunidades aut\u00f3nomas entre 2021-2023, reflejando esta \u00abexpulsi\u00f3n\u00bb hacia la Espa\u00f1a vaciada. UGT reclama un plus de compensaci\u00f3n por insularidad para pensionistas, similar al de trabajadores activos, argumentando que 1.300 euros no rinden igual en Baleares que en Galicia o Extremadura.<\/p>\n<h2>Impactos en Ibiza y las comunidades de destino<\/h2>\n<p>En Ibiza, esta migraci\u00f3n deja vac\u00edos sociales y econ\u00f3micos. La p\u00e9rdida de residentes locales agrava la dependencia del turismo estacional, y el aumento de infraviviendas genera tensiones. En las zonas de destino, como Valencia y Alicante, la llegada de jubilados baleares impulsa el mercado inmobiliario local, pero tambi\u00e9n presiona servicios si no se gestiona bien. Sin embargo, muchos ven beneficios: \u00abVenden subiendo en Ibiza por un precio bastante elevado y con esa cantidad compran en la pen\u00ednsula algo mejor\u00bb, se\u00f1alan expertos.<\/p>\n<p>La crisis habitacional se extiende a j\u00f3venes, que abandonan el hogar parental a los 30 a\u00f1os en promedio, y a clases medias, incluyendo divorciados que comparten piso o vuelven con padres. Oxfam Intermon alerta de \u00abpobreza invisible\u00bb en Baleares, donde salarios altos no compensan el costo de vida.<\/p>\n<h2>Carest\u00eda<\/h2>\n<p>La migraci\u00f3n de jubilados de Ibiza por el alto costo de la vida es un s\u00edntoma de un modelo tur\u00edstico insostenible. Mientras el lujo atrae visitantes, expulsa a quienes construyeron la isla. Soluciones como el \u00abAlquiler Seguro\u00bb o promociones de vivienda asequible son insuficientes, seg\u00fan expertos. UGT y otros reclaman pol\u00edticas urgentes: plus insularidad, control de precios y diversificaci\u00f3n econ\u00f3mica. Sin cambios, m\u00e1s pensionistas vender\u00e1n sus casas y se marchar\u00e1n, dejando Ibiza como un para\u00edso solo para turistas adinerados. En Valencia y Alicante, encuentran refugio, pero el debate sobre la sostenibilidad balear urge en 2025.<\/p>","protected":false},"excerpt":{"rendered":"<p>En las id\u00edlicas playas de Ibiza, donde el sol mediterr\u00e1neo brilla con intensidad y el turismo de lujo genera millones, una realidad menos glamurosa est\u00e1 emergiendo. Cada vez m\u00e1s jubilados, aquellos que han pasado d\u00e9cadas contribuyendo a la econom\u00eda isle\u00f1a, se ven obligados a vender sus propiedades y abandonar la [&hellip;]<\/p>\n","protected":false},"author":3,"featured_media":66347,"comment_status":"closed","ping_status":"closed","sticky":false,"template":"","format":"standard","meta":{"footnotes":""},"categories":[58],"tags":[],"class_list":["post-66343","post","type-post","status-publish","format-standard","has-post-thumbnail","hentry","category-estado-espanol"],"yoast_head":"<!-- This site is optimized with the Yoast SEO plugin v27.5 - https:\/\/yoast.com\/product\/yoast-seo-wordpress\/ -->\n<title>Jubilados abandonan Ibiza por el alto costo de la vida y se mudan a Valencia o Alicante - Revista Rambla<\/title>\n<meta name=\"robots\" content=\"index, follow, max-snippet:-1, max-image-preview:large, max-video-preview:-1\" \/>\n<link rel=\"canonical\" href=\"https:\/\/www.revistarambla.com\/en\/jubilados-abandonan-ibiza-por-el-alto-costo-de-la-vida-y-se-mudan-a-valencia-o-alicante\/\" \/>\n<meta property=\"og:locale\" content=\"en_GB\" \/>\n<meta property=\"og:type\" content=\"article\" \/>\n<meta property=\"og:title\" content=\"Jubilados abandonan Ibiza por el alto costo de la vida y se mudan a Valencia o Alicante - Revista Rambla\" \/>\n<meta property=\"og:description\" content=\"En las id\u00edlicas playas de Ibiza, donde el sol mediterr\u00e1neo brilla con intensidad y el turismo de lujo genera millones, una realidad menos glamurosa est\u00e1 emergiendo. Cada vez m\u00e1s jubilados, aquellos que han pasado d\u00e9cadas contribuyendo a la econom\u00eda isle\u00f1a, se ven obligados a vender sus propiedades y abandonar la [&hellip;]\" \/>\n<meta property=\"og:url\" content=\"https:\/\/www.revistarambla.com\/en\/jubilados-abandonan-ibiza-por-el-alto-costo-de-la-vida-y-se-mudan-a-valencia-o-alicante\/\" \/>\n<meta property=\"og:site_name\" content=\"Revista Rambla\" \/>\n<meta property=\"article:publisher\" content=\"https:\/\/www.facebook.com\/revistarambla\/\" \/>\n<meta property=\"article:author\" content=\"https:\/\/www.facebook.com\/revistarambla\" \/>\n<meta property=\"article:published_time\" content=\"2025-08-30T10:49:42+00:00\" \/>\n<meta property=\"article:modified_time\" content=\"2025-08-30T10:54:30+00:00\" \/>\n<meta property=\"og:image\" content=\"https:\/\/www.revistarambla.com\/wp-content\/uploads\/2025\/08\/jubilados-ibiza.jpg\" \/>\n\t<meta property=\"og:image:width\" content=\"1280\" \/>\n\t<meta property=\"og:image:height\" content=\"1024\" \/>\n\t<meta property=\"og:image:type\" content=\"image\/jpeg\" \/>\n<meta name=\"author\" content=\"R@mbla\" \/>\n<meta name=\"twitter:card\" content=\"summary_large_image\" \/>\n<meta name=\"twitter:creator\" content=\"@revistarambla\" \/>\n<meta name=\"twitter:site\" content=\"@revistarambla\" \/>\n<meta name=\"twitter:label1\" content=\"Written by\" \/>\n\t<meta name=\"twitter:data1\" content=\"R@mbla\" \/>\n\t<meta name=\"twitter:label2\" content=\"Estimated reading time\" \/>\n\t<meta name=\"twitter:data2\" content=\"6 minutes\" \/>\n<script type=\"application\/ld+json\" class=\"yoast-schema-graph\">{\"@context\":\"https:\\\/\\\/schema.org\",\"@graph\":[{\"@type\":\"Article\",\"@id\":\"https:\\\/\\\/www.revistarambla.com\\\/jubilados-abandonan-ibiza-por-el-alto-costo-de-la-vida-y-se-mudan-a-valencia-o-alicante\\\/#article\",\"isPartOf\":{\"@id\":\"https:\\\/\\\/www.revistarambla.com\\\/jubilados-abandonan-ibiza-por-el-alto-costo-de-la-vida-y-se-mudan-a-valencia-o-alicante\\\/\"},\"author\":{\"name\":\"R@mbla\",\"@id\":\"https:\\\/\\\/www.revistarambla.com\\\/#\\\/schema\\\/person\\\/a146a5a2550b94981a75131180e1bd9c\"},\"headline\":\"Jubilados abandonan Ibiza por el alto costo de la vida y se mudan a Valencia o Alicante\",\"datePublished\":\"2025-08-30T10:49:42+00:00\",\"dateModified\":\"2025-08-30T10:54:30+00:00\",\"mainEntityOfPage\":{\"@id\":\"https:\\\/\\\/www.revistarambla.com\\\/jubilados-abandonan-ibiza-por-el-alto-costo-de-la-vida-y-se-mudan-a-valencia-o-alicante\\\/\"},\"wordCount\":1345,\"publisher\":{\"@id\":\"https:\\\/\\\/www.revistarambla.com\\\/#organization\"},\"image\":{\"@id\":\"https:\\\/\\\/www.revistarambla.com\\\/jubilados-abandonan-ibiza-por-el-alto-costo-de-la-vida-y-se-mudan-a-valencia-o-alicante\\\/#primaryimage\"},\"thumbnailUrl\":\"https:\\\/\\\/www.revistarambla.com\\\/wp-content\\\/uploads\\\/2025\\\/08\\\/jubilados-ibiza.jpg\",\"articleSection\":[\"Estado Espa\u00f1ol\"],\"inLanguage\":\"en-GB\"},{\"@type\":\"WebPage\",\"@id\":\"https:\\\/\\\/www.revistarambla.com\\\/jubilados-abandonan-ibiza-por-el-alto-costo-de-la-vida-y-se-mudan-a-valencia-o-alicante\\\/\",\"url\":\"https:\\\/\\\/www.revistarambla.com\\\/jubilados-abandonan-ibiza-por-el-alto-costo-de-la-vida-y-se-mudan-a-valencia-o-alicante\\\/\",\"name\":\"Jubilados abandonan Ibiza por el alto costo de la vida y se mudan a Valencia o Alicante - Revista Rambla\",\"isPartOf\":{\"@id\":\"https:\\\/\\\/www.revistarambla.com\\\/#website\"},\"primaryImageOfPage\":{\"@id\":\"https:\\\/\\\/www.revistarambla.com\\\/jubilados-abandonan-ibiza-por-el-alto-costo-de-la-vida-y-se-mudan-a-valencia-o-alicante\\\/#primaryimage\"},\"image\":{\"@id\":\"https:\\\/\\\/www.revistarambla.com\\\/jubilados-abandonan-ibiza-por-el-alto-costo-de-la-vida-y-se-mudan-a-valencia-o-alicante\\\/#primaryimage\"},\"thumbnailUrl\":\"https:\\\/\\\/www.revistarambla.com\\\/wp-content\\\/uploads\\\/2025\\\/08\\\/jubilados-ibiza.jpg\",\"datePublished\":\"2025-08-30T10:49:42+00:00\",\"dateModified\":\"2025-08-30T10:54:30+00:00\",\"breadcrumb\":{\"@id\":\"https:\\\/\\\/www.revistarambla.com\\\/jubilados-abandonan-ibiza-por-el-alto-costo-de-la-vida-y-se-mudan-a-valencia-o-alicante\\\/#breadcrumb\"},\"inLanguage\":\"en-GB\",\"potentialAction\":[{\"@type\":\"ReadAction\",\"target\":[\"https:\\\/\\\/www.revistarambla.com\\\/jubilados-abandonan-ibiza-por-el-alto-costo-de-la-vida-y-se-mudan-a-valencia-o-alicante\\\/\"]}]},{\"@type\":\"ImageObject\",\"inLanguage\":\"en-GB\",\"@id\":\"https:\\\/\\\/www.revistarambla.com\\\/jubilados-abandonan-ibiza-por-el-alto-costo-de-la-vida-y-se-mudan-a-valencia-o-alicante\\\/#primaryimage\",\"url\":\"https:\\\/\\\/www.revistarambla.com\\\/wp-content\\\/uploads\\\/2025\\\/08\\\/jubilados-ibiza.jpg\",\"contentUrl\":\"https:\\\/\\\/www.revistarambla.com\\\/wp-content\\\/uploads\\\/2025\\\/08\\\/jubilados-ibiza.jpg\",\"width\":1280,\"height\":1024,\"caption\":\"jubilados ibiza\"},{\"@type\":\"BreadcrumbList\",\"@id\":\"https:\\\/\\\/www.revistarambla.com\\\/jubilados-abandonan-ibiza-por-el-alto-costo-de-la-vida-y-se-mudan-a-valencia-o-alicante\\\/#breadcrumb\",\"itemListElement\":[{\"@type\":\"ListItem\",\"position\":1,\"name\":\"Portada\",\"item\":\"https:\\\/\\\/www.revistarambla.com\\\/\"},{\"@type\":\"ListItem\",\"position\":2,\"name\":\"Jubilados abandonan Ibiza por el alto costo de la vida y se mudan a Valencia o Alicante\"}]},{\"@type\":\"WebSite\",\"@id\":\"https:\\\/\\\/www.revistarambla.com\\\/#website\",\"url\":\"https:\\\/\\\/www.revistarambla.com\\\/\",\"name\":\"Revista Rambla Barcelona\",\"description\":\"Periodismo independiente\",\"publisher\":{\"@id\":\"https:\\\/\\\/www.revistarambla.com\\\/#organization\"},\"potentialAction\":[{\"@type\":\"SearchAction\",\"target\":{\"@type\":\"EntryPoint\",\"urlTemplate\":\"https:\\\/\\\/www.revistarambla.com\\\/?s={search_term_string}\"},\"query-input\":{\"@type\":\"PropertyValueSpecification\",\"valueRequired\":true,\"valueName\":\"search_term_string\"}}],\"inLanguage\":\"en-GB\"},{\"@type\":\"Organization\",\"@id\":\"https:\\\/\\\/www.revistarambla.com\\\/#organization\",\"name\":\"Revista Rambla\",\"url\":\"https:\\\/\\\/www.revistarambla.com\\\/\",\"logo\":{\"@type\":\"ImageObject\",\"inLanguage\":\"en-GB\",\"@id\":\"https:\\\/\\\/www.revistarambla.com\\\/#\\\/schema\\\/logo\\\/image\\\/\",\"url\":\"https:\\\/\\\/www.revistarambla.com\\\/wp-content\\\/uploads\\\/2020\\\/09\\\/banner_rambla_1900x600_BB.png\",\"contentUrl\":\"https:\\\/\\\/www.revistarambla.com\\\/wp-content\\\/uploads\\\/2020\\\/09\\\/banner_rambla_1900x600_BB.png\",\"width\":1900,\"height\":600,\"caption\":\"Revista Rambla\"},\"image\":{\"@id\":\"https:\\\/\\\/www.revistarambla.com\\\/#\\\/schema\\\/logo\\\/image\\\/\"},\"sameAs\":[\"https:\\\/\\\/www.facebook.com\\\/revistarambla\\\/\",\"https:\\\/\\\/x.com\\\/revistarambla\",\"https:\\\/\\\/www.instagram.com\\\/revista_rambla\",\"https:\\\/\\\/es.linkedin.com\\\/company\\\/revista-rambla\"]},{\"@type\":\"Person\",\"@id\":\"https:\\\/\\\/www.revistarambla.com\\\/#\\\/schema\\\/person\\\/a146a5a2550b94981a75131180e1bd9c\",\"name\":\"R@mbla\",\"description\":\"Este art\u00edculo ha sido redactado y\\\/o validado por el equipo de redacci\u00f3n de Revista Rambla.\",\"sameAs\":[\"https:\\\/\\\/www.revistarambla.com\\\/\",\"https:\\\/\\\/www.facebook.com\\\/revistarambla\",\"https:\\\/\\\/x.com\\\/revistarambla\"]}]}<\/script>\n<!-- \/ Yoast SEO plugin. -->","yoast_head_json":{"title":"Jubilados abandonan Ibiza por el alto costo de la vida y se mudan a Valencia o Alicante - Revista Rambla","robots":{"index":"index","follow":"follow","max-snippet":"max-snippet:-1","max-image-preview":"max-image-preview:large","max-video-preview":"max-video-preview:-1"},"canonical":"https:\/\/www.revistarambla.com\/en\/jubilados-abandonan-ibiza-por-el-alto-costo-de-la-vida-y-se-mudan-a-valencia-o-alicante\/","og_locale":"en_GB","og_type":"article","og_title":"Jubilados abandonan Ibiza por el alto costo de la vida y se mudan a Valencia o Alicante - Revista Rambla","og_description":"En las id\u00edlicas playas de Ibiza, donde el sol mediterr\u00e1neo brilla con intensidad y el turismo de lujo genera millones, una realidad menos glamurosa est\u00e1 emergiendo. Cada vez m\u00e1s jubilados, aquellos que han pasado d\u00e9cadas contribuyendo a la econom\u00eda isle\u00f1a, se ven obligados a vender sus propiedades y abandonar la [&hellip;]","og_url":"https:\/\/www.revistarambla.com\/en\/jubilados-abandonan-ibiza-por-el-alto-costo-de-la-vida-y-se-mudan-a-valencia-o-alicante\/","og_site_name":"Revista Rambla","article_publisher":"https:\/\/www.facebook.com\/revistarambla\/","article_author":"https:\/\/www.facebook.com\/revistarambla","article_published_time":"2025-08-30T10:49:42+00:00","article_modified_time":"2025-08-30T10:54:30+00:00","og_image":[{"width":1280,"height":1024,"url":"https:\/\/www.revistarambla.com\/wp-content\/uploads\/2025\/08\/jubilados-ibiza.jpg","type":"image\/jpeg"}],"author":"R@mbla","twitter_card":"summary_large_image","twitter_creator":"@revistarambla","twitter_site":"@revistarambla","twitter_misc":{"Written by":"R@mbla","Estimated reading time":"6 minutes"},"schema":{"@context":"https:\/\/schema.org","@graph":[{"@type":"Article","@id":"https:\/\/www.revistarambla.com\/jubilados-abandonan-ibiza-por-el-alto-costo-de-la-vida-y-se-mudan-a-valencia-o-alicante\/#article","isPartOf":{"@id":"https:\/\/www.revistarambla.com\/jubilados-abandonan-ibiza-por-el-alto-costo-de-la-vida-y-se-mudan-a-valencia-o-alicante\/"},"author":{"name":"R@mbla","@id":"https:\/\/www.revistarambla.com\/#\/schema\/person\/a146a5a2550b94981a75131180e1bd9c"},"headline":"Jubilados abandonan Ibiza por el alto costo de la vida y se mudan a Valencia o Alicante","datePublished":"2025-08-30T10:49:42+00:00","dateModified":"2025-08-30T10:54:30+00:00","mainEntityOfPage":{"@id":"https:\/\/www.revistarambla.com\/jubilados-abandonan-ibiza-por-el-alto-costo-de-la-vida-y-se-mudan-a-valencia-o-alicante\/"},"wordCount":1345,"publisher":{"@id":"https:\/\/www.revistarambla.com\/#organization"},"image":{"@id":"https:\/\/www.revistarambla.com\/jubilados-abandonan-ibiza-por-el-alto-costo-de-la-vida-y-se-mudan-a-valencia-o-alicante\/#primaryimage"},"thumbnailUrl":"https:\/\/www.revistarambla.com\/wp-content\/uploads\/2025\/08\/jubilados-ibiza.jpg","articleSection":["Estado Espa\u00f1ol"],"inLanguage":"en-GB"},{"@type":"WebPage","@id":"https:\/\/www.revistarambla.com\/jubilados-abandonan-ibiza-por-el-alto-costo-de-la-vida-y-se-mudan-a-valencia-o-alicante\/","url":"https:\/\/www.revistarambla.com\/jubilados-abandonan-ibiza-por-el-alto-costo-de-la-vida-y-se-mudan-a-valencia-o-alicante\/","name":"Jubilados abandonan Ibiza por el alto costo de la vida y se mudan a Valencia o Alicante - Revista Rambla","isPartOf":{"@id":"https:\/\/www.revistarambla.com\/#website"},"primaryImageOfPage":{"@id":"https:\/\/www.revistarambla.com\/jubilados-abandonan-ibiza-por-el-alto-costo-de-la-vida-y-se-mudan-a-valencia-o-alicante\/#primaryimage"},"image":{"@id":"https:\/\/www.revistarambla.com\/jubilados-abandonan-ibiza-por-el-alto-costo-de-la-vida-y-se-mudan-a-valencia-o-alicante\/#primaryimage"},"thumbnailUrl":"https:\/\/www.revistarambla.com\/wp-content\/uploads\/2025\/08\/jubilados-ibiza.jpg","datePublished":"2025-08-30T10:49:42+00:00","dateModified":"2025-08-30T10:54:30+00:00","breadcrumb":{"@id":"https:\/\/www.revistarambla.com\/jubilados-abandonan-ibiza-por-el-alto-costo-de-la-vida-y-se-mudan-a-valencia-o-alicante\/#breadcrumb"},"inLanguage":"en-GB","potentialAction":[{"@type":"ReadAction","target":["https:\/\/www.revistarambla.com\/jubilados-abandonan-ibiza-por-el-alto-costo-de-la-vida-y-se-mudan-a-valencia-o-alicante\/"]}]},{"@type":"ImageObject","inLanguage":"en-GB","@id":"https:\/\/www.revistarambla.com\/jubilados-abandonan-ibiza-por-el-alto-costo-de-la-vida-y-se-mudan-a-valencia-o-alicante\/#primaryimage","url":"https:\/\/www.revistarambla.com\/wp-content\/uploads\/2025\/08\/jubilados-ibiza.jpg","contentUrl":"https:\/\/www.revistarambla.com\/wp-content\/uploads\/2025\/08\/jubilados-ibiza.jpg","width":1280,"height":1024,"caption":"jubilados ibiza"},{"@type":"BreadcrumbList","@id":"https:\/\/www.revistarambla.com\/jubilados-abandonan-ibiza-por-el-alto-costo-de-la-vida-y-se-mudan-a-valencia-o-alicante\/#breadcrumb","itemListElement":[{"@type":"ListItem","position":1,"name":"Portada","item":"https:\/\/www.revistarambla.com\/"},{"@type":"ListItem","position":2,"name":"Jubilados abandonan Ibiza por el alto costo de la vida y se mudan a Valencia o Alicante"}]},{"@type":"WebSite","@id":"https:\/\/www.revistarambla.com\/#website","url":"https:\/\/www.revistarambla.com\/","name":"Revista Rambla Barcelona","description":"Periodismo independiente","publisher":{"@id":"https:\/\/www.revistarambla.com\/#organization"},"potentialAction":[{"@type":"SearchAction","target":{"@type":"EntryPoint","urlTemplate":"https:\/\/www.revistarambla.com\/?s={search_term_string}"},"query-input":{"@type":"PropertyValueSpecification","valueRequired":true,"valueName":"search_term_string"}}],"inLanguage":"en-GB"},{"@type":"Organization","@id":"https:\/\/www.revistarambla.com\/#organization","name":"Revista Rambla","url":"https:\/\/www.revistarambla.com\/","logo":{"@type":"ImageObject","inLanguage":"en-GB","@id":"https:\/\/www.revistarambla.com\/#\/schema\/logo\/image\/","url":"https:\/\/www.revistarambla.com\/wp-content\/uploads\/2020\/09\/banner_rambla_1900x600_BB.png","contentUrl":"https:\/\/www.revistarambla.com\/wp-content\/uploads\/2020\/09\/banner_rambla_1900x600_BB.png","width":1900,"height":600,"caption":"Revista Rambla"},"image":{"@id":"https:\/\/www.revistarambla.com\/#\/schema\/logo\/image\/"},"sameAs":["https:\/\/www.facebook.com\/revistarambla\/","https:\/\/x.com\/revistarambla","https:\/\/www.instagram.com\/revista_rambla","https:\/\/es.linkedin.com\/company\/revista-rambla"]},{"@type":"Person","@id":"https:\/\/www.revistarambla.com\/#\/schema\/person\/a146a5a2550b94981a75131180e1bd9c","name":"R@mbla","description":"Este art\u00edculo ha sido redactado y\/o validado por el equipo de redacci\u00f3n de Revista Rambla.","sameAs":["https:\/\/www.revistarambla.com\/","https:\/\/www.facebook.com\/revistarambla","https:\/\/x.com\/revistarambla"]}]}},"_links":{"self":[{"href":"https:\/\/www.revistarambla.com\/en\/wp-json\/wp\/v2\/posts\/66343","targetHints":{"allow":["GET"]}}],"collection":[{"href":"https:\/\/www.revistarambla.com\/en\/wp-json\/wp\/v2\/posts"}],"about":[{"href":"https:\/\/www.revistarambla.com\/en\/wp-json\/wp\/v2\/types\/post"}],"author":[{"embeddable":true,"href":"https:\/\/www.revistarambla.com\/en\/wp-json\/wp\/v2\/users\/3"}],"replies":[{"embeddable":true,"href":"https:\/\/www.revistarambla.com\/en\/wp-json\/wp\/v2\/comments?post=66343"}],"version-history":[{"count":1,"href":"https:\/\/www.revistarambla.com\/en\/wp-json\/wp\/v2\/posts\/66343\/revisions"}],"predecessor-version":[{"id":66345,"href":"https:\/\/www.revistarambla.com\/en\/wp-json\/wp\/v2\/posts\/66343\/revisions\/66345"}],"wp:featuredmedia":[{"embeddable":true,"href":"https:\/\/www.revistarambla.com\/en\/wp-json\/wp\/v2\/media\/66347"}],"wp:attachment":[{"href":"https:\/\/www.revistarambla.com\/en\/wp-json\/wp\/v2\/media?parent=66343"}],"wp:term":[{"taxonomy":"category","embeddable":true,"href":"https:\/\/www.revistarambla.com\/en\/wp-json\/wp\/v2\/categories?post=66343"},{"taxonomy":"post_tag","embeddable":true,"href":"https:\/\/www.revistarambla.com\/en\/wp-json\/wp\/v2\/tags?post=66343"}],"curies":[{"name":"wp","href":"https:\/\/api.w.org\/{rel}","templated":true}]}}