{"id":66330,"date":"2025-08-29T13:29:29","date_gmt":"2025-08-29T11:29:29","guid":{"rendered":"https:\/\/www.revistarambla.com\/?p=66330"},"modified":"2025-08-29T13:29:29","modified_gmt":"2025-08-29T11:29:29","slug":"disturbios-en-la-fiesta-mayor-de-sants-dos-detenidos-por-agredir-a-agentes-tras-un-incidente-de-acoso","status":"publish","type":"post","link":"https:\/\/www.revistarambla.com\/en\/disturbios-en-la-fiesta-mayor-de-sants-dos-detenidos-por-agredir-a-agentes-tras-un-incidente-de-acoso\/","title":{"rendered":"Disturbios en la fiesta mayor de Sants: dos detenidos por agredir a agentes tras un incidente de acoso"},"content":{"rendered":"<p>Barcelona, 29 de agosto de 2025 \u2013 La Fiesta Mayor de Sants, uno de los eventos m\u00e1s emblem\u00e1ticos del verano barcelon\u00e9s, ha sido marcada este a\u00f1o por un incidente de violencia que ha empa\u00f1ado el esp\u00edritu festivo del barrio. En plena madrugada del jueves 28 de agosto, dos personas \u2013una de ellas menor de edad\u2013 fueron detenidas por des\u00f3rdenes p\u00fablicos y atentado contra agentes de la autoridad, despu\u00e9s de que los Mossos d&#8217;Esquadra intervinieran en un caso de acoso a mujeres en el punto lila de la fiesta. Los hechos, ocurridos en el carrer de Viriat, justo delante de la estaci\u00f3n de Sants, han generado conmoci\u00f3n entre los vecinos y participantes, recordando la vulnerabilidad de los espacios p\u00fablicos durante celebraciones masivas.<\/p>\n<p>La Fiesta Mayor de Sants, que se celebra anualmente en honor a Sant Bartomeu, es una tradici\u00f3n arraigada en el tejido social del barrio. Este 2025, las festividades comenzaron el s\u00e1bado 23 de agosto con un pasacalle inaugural a las 18:30 horas, recorriendo las calles desde la pla\u00e7a de la Marina hasta el parc de l&#8217;Espanya Industrial. El programa, que se extiende hasta el 31 de agosto, incluye m\u00e1s de 180 conciertos gratuitos al aire libre, bailes populares, competiciones de calles decoradas y actividades para todas las edades, como talleres infantiles, castellers y correfocs. Once calles han sido adornadas con tem\u00e1ticas creativas, desde motivos ecol\u00f3gicos hasta homenajes culturales, atrayendo a miles de visitantes locales y turistas. Entre los actos destacados figuran conciertos de artistas como La F\u00famiga, Mushkaa o Figa Flawas en escenarios como el parc de l&#8217;Espanya Industrial y la pla\u00e7a de Joan Pelegr\u00ed, que han convertido el barrio en un hervidero de m\u00fasica y alegr\u00eda nocturna.<\/p>\n<p>Sin embargo, detr\u00e1s de esta fachada festiva, la seguridad ha sido un tema recurrente. El Ayuntamiento de Barcelona ha reforzado los dispositivos de vigilancia, con presencia aumentada de la Guardia Urbana y los Mossos d&#8217;Esquadra, especialmente en zonas de alta concentraci\u00f3n de p\u00fablico. Este a\u00f1o, se ha prestado especial atenci\u00f3n a la prevenci\u00f3n de violencias machistas, con la instalaci\u00f3n de puntos lilas \u2013espacios seguros donde se ofrece atenci\u00f3n a v\u00edctimas de acoso o agresiones sexuales\u2013. Estos puntos, operativos desde las 22:00 hasta las 3:00 horas en d\u00edas clave, forman parte de una estrategia municipal para garantizar entornos inclusivos y libres de violencia de g\u00e9nero durante las fiestas mayores. En Sants, el punto lila se ubic\u00f3 en el aparcamiento de autobuses del carrer de Viriat, un \u00e1rea estrat\u00e9gica cerca de la estaci\u00f3n, pero tambi\u00e9n propensa a aglomeraciones nocturnas.<\/p>\n<p>Fue precisamente en este punto lila donde se origin\u00f3 el incidente. Seg\u00fan fuentes policiales, alrededor de la madrugada del jueves, el personal del punto lila alert\u00f3 a los Mossos d&#8217;Esquadra sobre la presencia de un individuo que estaba increpando e incomodando a un grupo de mujeres que participaban en las celebraciones. Las v\u00edctimas, descritas como j\u00f3venes que disfrutaban de un acto festivo, reportaron comportamientos hostiles que inclu\u00edan insultos y acoso verbal, lo que activ\u00f3 el protocolo de intervenci\u00f3n inmediata. Los agentes se desplazaron r\u00e1pidamente al lugar y, tras constatar los hechos, solicitaron al sospechoso que se identificara. Este momento fue el detonante de los disturbios: el individuo se resisti\u00f3, generando un altercado que escal\u00f3 r\u00e1pidamente.<\/p>\n<p>Testigos oculares, capturados en un v\u00eddeo viral publicado en TikTok por el usuario xiakaiwang25, describen escenas de caos: un grupo de personas corriendo mientras los polic\u00edas intentaban controlar la situaci\u00f3n. En medio del tumulto, dos j\u00f3venes \u2013uno menor de edad\u2013 intervinieron de manera violenta, agrediendo a un agente de los Mossos y a otro de la Guardia Urbana. Aunque no se han detallado lesiones graves, el asalto a los agentes fue calificado como atentado contra la autoridad, un delito que conlleva penas significativas. Los detenidos, acusados tambi\u00e9n de des\u00f3rdenes p\u00fablicos, fueron trasladados a dependencias policiales para su procesamiento. Fuentes de los Mossos confirmaron a medios locales que el operativo se realiz\u00f3 sin mayores incidentes adicionales, aunque el v\u00eddeo muestra una tensi\u00f3n palpable en el ambiente.<\/p>\n<p>Este episodio no es aislado en el contexto de las fiestas mayores de Barcelona este verano. La Fiesta Mayor de Gr\u00e0cia, celebrada semanas antes, tambi\u00e9n sufri\u00f3 vandalismo, incluyendo un incendio intencionado en una portalada decorada en el carrer Verdi y robos en varias calles adornadas. En Sants, se han reportado casos similares de hurtos y destrozos en decoraciones, lo que ha llevado a vecinos a expresar su frustraci\u00f3n. \u00abLas fiestas son para disfrutar, pero cada a\u00f1o hay m\u00e1s inseguridad\u00bb, comenta Mar\u00eda L\u00f3pez, una residente de toda la vida en el barrio, en conversaci\u00f3n con esta revista. \u00abEl punto lila es una gran idea, pero necesitamos m\u00e1s presencia policial para que no escalen estos conflictos\u00bb.<\/p>\n<p>Expertos en seguridad urbana coinciden en que las fiestas mayores representan un desaf\u00edo log\u00edstico. Seg\u00fan un informe reciente del Observatorio de Violencia de G\u00e9nero de Catalu\u00f1a, los eventos masivos incrementan un 30% las denuncias por acoso en espacios p\u00fablicos durante el verano. \u00abLos puntos lilas son esenciales, pero deben ir acompa\u00f1ados de educaci\u00f3n preventiva y coordinaci\u00f3n entre cuerpos policiales\u00bb, explica Laura Ferrer, soci\u00f3loga especializada en g\u00e9nero y urbanismo. En Sants, el dispositivo de seguridad incluye patrullas reforzadas y c\u00e1maras de vigilancia, pero incidentes como este destacan las brechas existentes.<\/p>\n<p>La respuesta de las autoridades ha sido inmediata. El Ayuntamiento ha reiterado su compromiso con la tolerancia cero ante la violencia machista, anunciando revisiones en los protocolos de los puntos lilas. \u00abTrabajamos para que las fiestas sean seguras para todos, especialmente para las mujeres\u00bb, declar\u00f3 un portavoz municipal. Mientras tanto, los organizadores de la Fiesta Mayor de Sants han enfatizado que el incidente no define el evento: \u00abSants sigue siendo un barrio acogedor, y las actividades contin\u00faan con normalidad\u00bb, asegur\u00f3 Joan Mart\u00ednez, miembro de la Federaci\u00f3 de Festes de Sants.<\/p>\n<p>A nivel hist\u00f3rico, la Fiesta Mayor de Sants data del siglo XIX, evolucionando de una celebraci\u00f3n religiosa a un festival comunitario que fomenta la identidad barrial. Este a\u00f1o, con un presupuesto municipal de m\u00e1s de 200.000 euros, se han programado actividades inclusivas como talleres de igualdad de g\u00e9nero y conciertos con artistas femeninas destacadas, en un esfuerzo por promover valores positivos. Sin embargo, episodios como el del carrer de Viriat recuerdan que, pese a los avances, persisten desaf\u00edos en la convivencia.<\/p>\n<p>En el barrio, las opiniones est\u00e1n divididas. Algunos vecinos culpan al aumento de turismo y aglomeraciones, mientras que otros ven en el incidente un reflejo de problemas sociales m\u00e1s profundos, como la polarizaci\u00f3n y el estr\u00e9s post-pandemia. \u00abEs triste que un acosador empa\u00f1e la fiesta, pero la r\u00e1pida intervenci\u00f3n de los Mossos evit\u00f3 males mayores\u00bb, opina Eduard G\u00f3mez, un participante habitual. Por su parte, grupos feministas locales han convocado una concentraci\u00f3n pac\u00edfica para el fin de semana, reclamando m\u00e1s recursos para prevenir la violencia de g\u00e9nero en eventos p\u00fablicos.<\/p>\n<p>A medida que la Fiesta Mayor de Sants avanza hacia su cierre el 31 de agosto, con el tradicional piromusical y la entrega de premios a las calles decoradas, el barrio se esfuerza por recuperar el esp\u00edritu festivo. Este incidente, aunque lamentable, sirve como recordatorio de la importancia de la vigilancia colectiva y el respeto mutuo. Barcelona, ciudad de contrastes, sigue demostrando que sus fiestas son un espejo de su sociedad: vibrantes, pero no exentas de tensiones. La clave reside en aprender de estos eventos para fortalecer la convivencia, asegurando que futuras ediciones sean no solo alegres, sino tambi\u00e9n seguras para todos.<\/p>","protected":false},"excerpt":{"rendered":"<p>Barcelona, 29 de agosto de 2025 \u2013 La Fiesta Mayor de Sants, uno de los eventos m\u00e1s emblem\u00e1ticos del verano barcelon\u00e9s, ha sido marcada este a\u00f1o por un incidente de violencia que ha empa\u00f1ado el esp\u00edritu festivo del barrio. En plena madrugada del jueves 28 de agosto, dos personas \u2013una [&hellip;]<\/p>\n","protected":false},"author":3,"featured_media":47035,"comment_status":"closed","ping_status":"closed","sticky":false,"template":"","format":"standard","meta":{"footnotes":""},"categories":[76],"tags":[],"class_list":["post-66330","post","type-post","status-publish","format-standard","has-post-thumbnail","hentry","category-barcelona"],"yoast_head":"<!-- This site is optimized with the Yoast SEO plugin v27.5 - https:\/\/yoast.com\/product\/yoast-seo-wordpress\/ -->\n<title>Disturbios en la fiesta mayor de Sants: dos detenidos por agredir a agentes tras un incidente de acoso - Revista Rambla<\/title>\n<meta name=\"robots\" content=\"index, follow, max-snippet:-1, max-image-preview:large, max-video-preview:-1\" \/>\n<link rel=\"canonical\" href=\"https:\/\/www.revistarambla.com\/en\/disturbios-en-la-fiesta-mayor-de-sants-dos-detenidos-por-agredir-a-agentes-tras-un-incidente-de-acoso\/\" \/>\n<meta property=\"og:locale\" content=\"en_GB\" \/>\n<meta property=\"og:type\" content=\"article\" \/>\n<meta property=\"og:title\" content=\"Disturbios en la fiesta mayor de Sants: dos detenidos por agredir a agentes tras un incidente de acoso - Revista Rambla\" \/>\n<meta property=\"og:description\" content=\"Barcelona, 29 de agosto de 2025 \u2013 La Fiesta Mayor de Sants, uno de los eventos m\u00e1s emblem\u00e1ticos del verano barcelon\u00e9s, ha sido marcada este a\u00f1o por un incidente de violencia que ha empa\u00f1ado el esp\u00edritu festivo del barrio. En plena madrugada del jueves 28 de agosto, dos personas \u2013una [&hellip;]\" \/>\n<meta property=\"og:url\" content=\"https:\/\/www.revistarambla.com\/en\/disturbios-en-la-fiesta-mayor-de-sants-dos-detenidos-por-agredir-a-agentes-tras-un-incidente-de-acoso\/\" \/>\n<meta property=\"og:site_name\" content=\"Revista Rambla\" \/>\n<meta property=\"article:publisher\" content=\"https:\/\/www.facebook.com\/revistarambla\/\" \/>\n<meta property=\"article:author\" content=\"https:\/\/www.facebook.com\/revistarambla\" \/>\n<meta property=\"article:published_time\" content=\"2025-08-29T11:29:29+00:00\" \/>\n<meta property=\"og:image\" content=\"https:\/\/www.revistarambla.com\/wp-content\/uploads\/2022\/09\/mossos.jpg\" \/>\n\t<meta property=\"og:image:width\" content=\"800\" \/>\n\t<meta property=\"og:image:height\" content=\"500\" \/>\n\t<meta property=\"og:image:type\" content=\"image\/jpeg\" \/>\n<meta name=\"author\" content=\"R@mbla\" \/>\n<meta name=\"twitter:card\" content=\"summary_large_image\" \/>\n<meta name=\"twitter:creator\" content=\"@revistarambla\" \/>\n<meta name=\"twitter:site\" content=\"@revistarambla\" \/>\n<meta name=\"twitter:label1\" content=\"Written by\" \/>\n\t<meta name=\"twitter:data1\" content=\"R@mbla\" \/>\n\t<meta name=\"twitter:label2\" content=\"Estimated reading time\" \/>\n\t<meta name=\"twitter:data2\" content=\"6 minutes\" \/>\n<script type=\"application\/ld+json\" class=\"yoast-schema-graph\">{\"@context\":\"https:\\\/\\\/schema.org\",\"@graph\":[{\"@type\":\"Article\",\"@id\":\"https:\\\/\\\/www.revistarambla.com\\\/disturbios-en-la-fiesta-mayor-de-sants-dos-detenidos-por-agredir-a-agentes-tras-un-incidente-de-acoso\\\/#article\",\"isPartOf\":{\"@id\":\"https:\\\/\\\/www.revistarambla.com\\\/disturbios-en-la-fiesta-mayor-de-sants-dos-detenidos-por-agredir-a-agentes-tras-un-incidente-de-acoso\\\/\"},\"author\":{\"name\":\"R@mbla\",\"@id\":\"https:\\\/\\\/www.revistarambla.com\\\/#\\\/schema\\\/person\\\/a146a5a2550b94981a75131180e1bd9c\"},\"headline\":\"Disturbios en la fiesta mayor de Sants: dos detenidos por agredir a agentes tras un incidente de acoso\",\"datePublished\":\"2025-08-29T11:29:29+00:00\",\"mainEntityOfPage\":{\"@id\":\"https:\\\/\\\/www.revistarambla.com\\\/disturbios-en-la-fiesta-mayor-de-sants-dos-detenidos-por-agredir-a-agentes-tras-un-incidente-de-acoso\\\/\"},\"wordCount\":1326,\"publisher\":{\"@id\":\"https:\\\/\\\/www.revistarambla.com\\\/#organization\"},\"image\":{\"@id\":\"https:\\\/\\\/www.revistarambla.com\\\/disturbios-en-la-fiesta-mayor-de-sants-dos-detenidos-por-agredir-a-agentes-tras-un-incidente-de-acoso\\\/#primaryimage\"},\"thumbnailUrl\":\"https:\\\/\\\/www.revistarambla.com\\\/wp-content\\\/uploads\\\/2022\\\/09\\\/mossos.jpg\",\"articleSection\":[\"Barcelona\"],\"inLanguage\":\"en-GB\"},{\"@type\":\"WebPage\",\"@id\":\"https:\\\/\\\/www.revistarambla.com\\\/disturbios-en-la-fiesta-mayor-de-sants-dos-detenidos-por-agredir-a-agentes-tras-un-incidente-de-acoso\\\/\",\"url\":\"https:\\\/\\\/www.revistarambla.com\\\/disturbios-en-la-fiesta-mayor-de-sants-dos-detenidos-por-agredir-a-agentes-tras-un-incidente-de-acoso\\\/\",\"name\":\"Disturbios en la fiesta mayor de Sants: dos detenidos por agredir a agentes tras un incidente de acoso - Revista Rambla\",\"isPartOf\":{\"@id\":\"https:\\\/\\\/www.revistarambla.com\\\/#website\"},\"primaryImageOfPage\":{\"@id\":\"https:\\\/\\\/www.revistarambla.com\\\/disturbios-en-la-fiesta-mayor-de-sants-dos-detenidos-por-agredir-a-agentes-tras-un-incidente-de-acoso\\\/#primaryimage\"},\"image\":{\"@id\":\"https:\\\/\\\/www.revistarambla.com\\\/disturbios-en-la-fiesta-mayor-de-sants-dos-detenidos-por-agredir-a-agentes-tras-un-incidente-de-acoso\\\/#primaryimage\"},\"thumbnailUrl\":\"https:\\\/\\\/www.revistarambla.com\\\/wp-content\\\/uploads\\\/2022\\\/09\\\/mossos.jpg\",\"datePublished\":\"2025-08-29T11:29:29+00:00\",\"breadcrumb\":{\"@id\":\"https:\\\/\\\/www.revistarambla.com\\\/disturbios-en-la-fiesta-mayor-de-sants-dos-detenidos-por-agredir-a-agentes-tras-un-incidente-de-acoso\\\/#breadcrumb\"},\"inLanguage\":\"en-GB\",\"potentialAction\":[{\"@type\":\"ReadAction\",\"target\":[\"https:\\\/\\\/www.revistarambla.com\\\/disturbios-en-la-fiesta-mayor-de-sants-dos-detenidos-por-agredir-a-agentes-tras-un-incidente-de-acoso\\\/\"]}]},{\"@type\":\"ImageObject\",\"inLanguage\":\"en-GB\",\"@id\":\"https:\\\/\\\/www.revistarambla.com\\\/disturbios-en-la-fiesta-mayor-de-sants-dos-detenidos-por-agredir-a-agentes-tras-un-incidente-de-acoso\\\/#primaryimage\",\"url\":\"https:\\\/\\\/www.revistarambla.com\\\/wp-content\\\/uploads\\\/2022\\\/09\\\/mossos.jpg\",\"contentUrl\":\"https:\\\/\\\/www.revistarambla.com\\\/wp-content\\\/uploads\\\/2022\\\/09\\\/mossos.jpg\",\"width\":800,\"height\":500,\"caption\":\"fiesta mayor de Sants\"},{\"@type\":\"BreadcrumbList\",\"@id\":\"https:\\\/\\\/www.revistarambla.com\\\/disturbios-en-la-fiesta-mayor-de-sants-dos-detenidos-por-agredir-a-agentes-tras-un-incidente-de-acoso\\\/#breadcrumb\",\"itemListElement\":[{\"@type\":\"ListItem\",\"position\":1,\"name\":\"Portada\",\"item\":\"https:\\\/\\\/www.revistarambla.com\\\/\"},{\"@type\":\"ListItem\",\"position\":2,\"name\":\"Disturbios en la fiesta mayor de Sants: dos detenidos por agredir a agentes tras un incidente de acoso\"}]},{\"@type\":\"WebSite\",\"@id\":\"https:\\\/\\\/www.revistarambla.com\\\/#website\",\"url\":\"https:\\\/\\\/www.revistarambla.com\\\/\",\"name\":\"Revista Rambla Barcelona\",\"description\":\"Periodismo independiente\",\"publisher\":{\"@id\":\"https:\\\/\\\/www.revistarambla.com\\\/#organization\"},\"potentialAction\":[{\"@type\":\"SearchAction\",\"target\":{\"@type\":\"EntryPoint\",\"urlTemplate\":\"https:\\\/\\\/www.revistarambla.com\\\/?s={search_term_string}\"},\"query-input\":{\"@type\":\"PropertyValueSpecification\",\"valueRequired\":true,\"valueName\":\"search_term_string\"}}],\"inLanguage\":\"en-GB\"},{\"@type\":\"Organization\",\"@id\":\"https:\\\/\\\/www.revistarambla.com\\\/#organization\",\"name\":\"Revista Rambla\",\"url\":\"https:\\\/\\\/www.revistarambla.com\\\/\",\"logo\":{\"@type\":\"ImageObject\",\"inLanguage\":\"en-GB\",\"@id\":\"https:\\\/\\\/www.revistarambla.com\\\/#\\\/schema\\\/logo\\\/image\\\/\",\"url\":\"https:\\\/\\\/www.revistarambla.com\\\/wp-content\\\/uploads\\\/2020\\\/09\\\/banner_rambla_1900x600_BB.png\",\"contentUrl\":\"https:\\\/\\\/www.revistarambla.com\\\/wp-content\\\/uploads\\\/2020\\\/09\\\/banner_rambla_1900x600_BB.png\",\"width\":1900,\"height\":600,\"caption\":\"Revista Rambla\"},\"image\":{\"@id\":\"https:\\\/\\\/www.revistarambla.com\\\/#\\\/schema\\\/logo\\\/image\\\/\"},\"sameAs\":[\"https:\\\/\\\/www.facebook.com\\\/revistarambla\\\/\",\"https:\\\/\\\/x.com\\\/revistarambla\",\"https:\\\/\\\/www.instagram.com\\\/revista_rambla\",\"https:\\\/\\\/es.linkedin.com\\\/company\\\/revista-rambla\"]},{\"@type\":\"Person\",\"@id\":\"https:\\\/\\\/www.revistarambla.com\\\/#\\\/schema\\\/person\\\/a146a5a2550b94981a75131180e1bd9c\",\"name\":\"R@mbla\",\"description\":\"Este art\u00edculo ha sido redactado y\\\/o validado por el equipo de redacci\u00f3n de Revista Rambla.\",\"sameAs\":[\"https:\\\/\\\/www.revistarambla.com\\\/\",\"https:\\\/\\\/www.facebook.com\\\/revistarambla\",\"https:\\\/\\\/x.com\\\/revistarambla\"]}]}<\/script>\n<!-- \/ Yoast SEO plugin. -->","yoast_head_json":{"title":"Disturbios en la fiesta mayor de Sants: dos detenidos por agredir a agentes tras un incidente de acoso - Revista Rambla","robots":{"index":"index","follow":"follow","max-snippet":"max-snippet:-1","max-image-preview":"max-image-preview:large","max-video-preview":"max-video-preview:-1"},"canonical":"https:\/\/www.revistarambla.com\/en\/disturbios-en-la-fiesta-mayor-de-sants-dos-detenidos-por-agredir-a-agentes-tras-un-incidente-de-acoso\/","og_locale":"en_GB","og_type":"article","og_title":"Disturbios en la fiesta mayor de Sants: dos detenidos por agredir a agentes tras un incidente de acoso - Revista Rambla","og_description":"Barcelona, 29 de agosto de 2025 \u2013 La Fiesta Mayor de Sants, uno de los eventos m\u00e1s emblem\u00e1ticos del verano barcelon\u00e9s, ha sido marcada este a\u00f1o por un incidente de violencia que ha empa\u00f1ado el esp\u00edritu festivo del barrio. En plena madrugada del jueves 28 de agosto, dos personas \u2013una [&hellip;]","og_url":"https:\/\/www.revistarambla.com\/en\/disturbios-en-la-fiesta-mayor-de-sants-dos-detenidos-por-agredir-a-agentes-tras-un-incidente-de-acoso\/","og_site_name":"Revista Rambla","article_publisher":"https:\/\/www.facebook.com\/revistarambla\/","article_author":"https:\/\/www.facebook.com\/revistarambla","article_published_time":"2025-08-29T11:29:29+00:00","og_image":[{"width":800,"height":500,"url":"https:\/\/www.revistarambla.com\/wp-content\/uploads\/2022\/09\/mossos.jpg","type":"image\/jpeg"}],"author":"R@mbla","twitter_card":"summary_large_image","twitter_creator":"@revistarambla","twitter_site":"@revistarambla","twitter_misc":{"Written by":"R@mbla","Estimated reading time":"6 minutes"},"schema":{"@context":"https:\/\/schema.org","@graph":[{"@type":"Article","@id":"https:\/\/www.revistarambla.com\/disturbios-en-la-fiesta-mayor-de-sants-dos-detenidos-por-agredir-a-agentes-tras-un-incidente-de-acoso\/#article","isPartOf":{"@id":"https:\/\/www.revistarambla.com\/disturbios-en-la-fiesta-mayor-de-sants-dos-detenidos-por-agredir-a-agentes-tras-un-incidente-de-acoso\/"},"author":{"name":"R@mbla","@id":"https:\/\/www.revistarambla.com\/#\/schema\/person\/a146a5a2550b94981a75131180e1bd9c"},"headline":"Disturbios en la fiesta mayor de Sants: dos detenidos por agredir a agentes tras un incidente de acoso","datePublished":"2025-08-29T11:29:29+00:00","mainEntityOfPage":{"@id":"https:\/\/www.revistarambla.com\/disturbios-en-la-fiesta-mayor-de-sants-dos-detenidos-por-agredir-a-agentes-tras-un-incidente-de-acoso\/"},"wordCount":1326,"publisher":{"@id":"https:\/\/www.revistarambla.com\/#organization"},"image":{"@id":"https:\/\/www.revistarambla.com\/disturbios-en-la-fiesta-mayor-de-sants-dos-detenidos-por-agredir-a-agentes-tras-un-incidente-de-acoso\/#primaryimage"},"thumbnailUrl":"https:\/\/www.revistarambla.com\/wp-content\/uploads\/2022\/09\/mossos.jpg","articleSection":["Barcelona"],"inLanguage":"en-GB"},{"@type":"WebPage","@id":"https:\/\/www.revistarambla.com\/disturbios-en-la-fiesta-mayor-de-sants-dos-detenidos-por-agredir-a-agentes-tras-un-incidente-de-acoso\/","url":"https:\/\/www.revistarambla.com\/disturbios-en-la-fiesta-mayor-de-sants-dos-detenidos-por-agredir-a-agentes-tras-un-incidente-de-acoso\/","name":"Disturbios en la fiesta mayor de Sants: dos detenidos por agredir a agentes tras un incidente de acoso - Revista Rambla","isPartOf":{"@id":"https:\/\/www.revistarambla.com\/#website"},"primaryImageOfPage":{"@id":"https:\/\/www.revistarambla.com\/disturbios-en-la-fiesta-mayor-de-sants-dos-detenidos-por-agredir-a-agentes-tras-un-incidente-de-acoso\/#primaryimage"},"image":{"@id":"https:\/\/www.revistarambla.com\/disturbios-en-la-fiesta-mayor-de-sants-dos-detenidos-por-agredir-a-agentes-tras-un-incidente-de-acoso\/#primaryimage"},"thumbnailUrl":"https:\/\/www.revistarambla.com\/wp-content\/uploads\/2022\/09\/mossos.jpg","datePublished":"2025-08-29T11:29:29+00:00","breadcrumb":{"@id":"https:\/\/www.revistarambla.com\/disturbios-en-la-fiesta-mayor-de-sants-dos-detenidos-por-agredir-a-agentes-tras-un-incidente-de-acoso\/#breadcrumb"},"inLanguage":"en-GB","potentialAction":[{"@type":"ReadAction","target":["https:\/\/www.revistarambla.com\/disturbios-en-la-fiesta-mayor-de-sants-dos-detenidos-por-agredir-a-agentes-tras-un-incidente-de-acoso\/"]}]},{"@type":"ImageObject","inLanguage":"en-GB","@id":"https:\/\/www.revistarambla.com\/disturbios-en-la-fiesta-mayor-de-sants-dos-detenidos-por-agredir-a-agentes-tras-un-incidente-de-acoso\/#primaryimage","url":"https:\/\/www.revistarambla.com\/wp-content\/uploads\/2022\/09\/mossos.jpg","contentUrl":"https:\/\/www.revistarambla.com\/wp-content\/uploads\/2022\/09\/mossos.jpg","width":800,"height":500,"caption":"fiesta mayor de Sants"},{"@type":"BreadcrumbList","@id":"https:\/\/www.revistarambla.com\/disturbios-en-la-fiesta-mayor-de-sants-dos-detenidos-por-agredir-a-agentes-tras-un-incidente-de-acoso\/#breadcrumb","itemListElement":[{"@type":"ListItem","position":1,"name":"Portada","item":"https:\/\/www.revistarambla.com\/"},{"@type":"ListItem","position":2,"name":"Disturbios en la fiesta mayor de Sants: dos detenidos por agredir a agentes tras un incidente de acoso"}]},{"@type":"WebSite","@id":"https:\/\/www.revistarambla.com\/#website","url":"https:\/\/www.revistarambla.com\/","name":"Revista Rambla Barcelona","description":"Periodismo independiente","publisher":{"@id":"https:\/\/www.revistarambla.com\/#organization"},"potentialAction":[{"@type":"SearchAction","target":{"@type":"EntryPoint","urlTemplate":"https:\/\/www.revistarambla.com\/?s={search_term_string}"},"query-input":{"@type":"PropertyValueSpecification","valueRequired":true,"valueName":"search_term_string"}}],"inLanguage":"en-GB"},{"@type":"Organization","@id":"https:\/\/www.revistarambla.com\/#organization","name":"Revista Rambla","url":"https:\/\/www.revistarambla.com\/","logo":{"@type":"ImageObject","inLanguage":"en-GB","@id":"https:\/\/www.revistarambla.com\/#\/schema\/logo\/image\/","url":"https:\/\/www.revistarambla.com\/wp-content\/uploads\/2020\/09\/banner_rambla_1900x600_BB.png","contentUrl":"https:\/\/www.revistarambla.com\/wp-content\/uploads\/2020\/09\/banner_rambla_1900x600_BB.png","width":1900,"height":600,"caption":"Revista Rambla"},"image":{"@id":"https:\/\/www.revistarambla.com\/#\/schema\/logo\/image\/"},"sameAs":["https:\/\/www.facebook.com\/revistarambla\/","https:\/\/x.com\/revistarambla","https:\/\/www.instagram.com\/revista_rambla","https:\/\/es.linkedin.com\/company\/revista-rambla"]},{"@type":"Person","@id":"https:\/\/www.revistarambla.com\/#\/schema\/person\/a146a5a2550b94981a75131180e1bd9c","name":"R@mbla","description":"Este art\u00edculo ha sido redactado y\/o validado por el equipo de redacci\u00f3n de Revista Rambla.","sameAs":["https:\/\/www.revistarambla.com\/","https:\/\/www.facebook.com\/revistarambla","https:\/\/x.com\/revistarambla"]}]}},"_links":{"self":[{"href":"https:\/\/www.revistarambla.com\/en\/wp-json\/wp\/v2\/posts\/66330","targetHints":{"allow":["GET"]}}],"collection":[{"href":"https:\/\/www.revistarambla.com\/en\/wp-json\/wp\/v2\/posts"}],"about":[{"href":"https:\/\/www.revistarambla.com\/en\/wp-json\/wp\/v2\/types\/post"}],"author":[{"embeddable":true,"href":"https:\/\/www.revistarambla.com\/en\/wp-json\/wp\/v2\/users\/3"}],"replies":[{"embeddable":true,"href":"https:\/\/www.revistarambla.com\/en\/wp-json\/wp\/v2\/comments?post=66330"}],"version-history":[{"count":1,"href":"https:\/\/www.revistarambla.com\/en\/wp-json\/wp\/v2\/posts\/66330\/revisions"}],"predecessor-version":[{"id":66331,"href":"https:\/\/www.revistarambla.com\/en\/wp-json\/wp\/v2\/posts\/66330\/revisions\/66331"}],"wp:featuredmedia":[{"embeddable":true,"href":"https:\/\/www.revistarambla.com\/en\/wp-json\/wp\/v2\/media\/47035"}],"wp:attachment":[{"href":"https:\/\/www.revistarambla.com\/en\/wp-json\/wp\/v2\/media?parent=66330"}],"wp:term":[{"taxonomy":"category","embeddable":true,"href":"https:\/\/www.revistarambla.com\/en\/wp-json\/wp\/v2\/categories?post=66330"},{"taxonomy":"post_tag","embeddable":true,"href":"https:\/\/www.revistarambla.com\/en\/wp-json\/wp\/v2\/tags?post=66330"}],"curies":[{"name":"wp","href":"https:\/\/api.w.org\/{rel}","templated":true}]}}