{"id":66306,"date":"2025-08-26T14:15:25","date_gmt":"2025-08-26T12:15:25","guid":{"rendered":"https:\/\/www.revistarambla.com\/?p=66306"},"modified":"2025-08-26T14:15:25","modified_gmt":"2025-08-26T12:15:25","slug":"clases-de-bachata-en-zaragoza-la-vuelta-al-ritmo-tras-el-verano","status":"publish","type":"post","link":"https:\/\/www.revistarambla.com\/en\/clases-de-bachata-en-zaragoza-la-vuelta-al-ritmo-tras-el-verano\/","title":{"rendered":"Clases de Bachata en Zaragoza: la vuelta al ritmo tras el verano"},"content":{"rendered":"<p>Septiembre no es solo sin\u00f3nimo de libros, mochilas y la vuelta al colegio. Cada a\u00f1o, miles de adultos y j\u00f3venes deciden aprovechar este mes para retomar algo que va mucho m\u00e1s all\u00e1 de los estudios: <b>aprender a bailar<\/b>. En Zaragoza, las <b>academias de baile<\/b> viven su particular \u201cvuelta al cole\u201d con un auge imparable en la demanda de <b>clases de Bachata<\/b> y <b>clases de Salsa<\/b>. Y es que la fiebre del baile no solo no ha bajado, sino que est\u00e1 m\u00e1s viva que nunca.<\/p>\n<h2><b>Un fen\u00f3meno en auge: clases de Bachata en Zaragoza<\/b><\/h2>\n<p>Las <a href=\"https:\/\/www.clasesbachatazaragoza.com\/\"><b>clases de bachata en Zaragoza<\/b><\/a> se han convertido en la actividad estrella para muchos. Lo que antes era una actividad marginal hoy se presenta como una alternativa popular, urbana, divertida y asequible. La m\u00fasica latina, en especial la bachata moderna con fusiones pop, ha logrado enganchar a un p\u00fablico joven y adulto que busca m\u00e1s que pasos de baile: busca una experiencia social y emocional completa.<\/p>\n<p>Durante los \u00faltimos a\u00f1os, la oferta de <b>academias de bachata<\/b> en Zaragoza se ha disparado. Desde academias tradicionales hasta grupos informales en bares, parques o gimnasios, todos quieren aprender a moverse con gracia al ritmo de Romeo Santos o Prince Royce. El resultado es una ciudad en la que cualquier d\u00eda de la semana puedes encontrar una clase de bachata cerca de tu barrio.<\/p>\n<h2><b>Las clases de Salsa en Zaragoza no se quedan atr\u00e1s<\/b><\/h2>\n<p>La <b>salsa<\/b>, ese baile vibrante y elegante que lleva d\u00e9cadas en la escena mundial, sigue manteniendo su estatus. Aunque la bachata ha ganado terreno en los \u00faltimos tiempos, las <a href=\"https:\/\/www.clasessalsazaragoza.com\/\"><b>clases de salsa en Zaragoza<\/b><\/a> siguen siendo muy solicitadas, especialmente entre quienes quieren un aprendizaje m\u00e1s t\u00e9cnico o buscan una comunidad consolidada.<\/p>\n<p>Los estilos que m\u00e1s se ense\u00f1an en Zaragoza son la salsa en l\u00ednea (estilo Los \u00c1ngeles) y la salsa cubana. Cada uno con sus peculiaridades, pero ambos comparten la misma esencia: conexi\u00f3n, ritmo, expresi\u00f3n y diversi\u00f3n. Las <b>academias de salsa<\/b> ofrecen niveles para todos: desde personas que no han bailado nunca hasta avanzados que buscan perfeccionar su estilo o competir.<\/p>\n<h2><b>M\u00e1s que baile: razones para empezar<\/b><\/h2>\n<p>\u00bfPor qu\u00e9 tanta gente decide empezar clases de baile en septiembre? Hablamos con Clara, responsable del proyecto <a href=\"https:\/\/www.clasesbachatazaragoza.com\/\"><b>Clases Bachata Zaragoza<\/b><\/a>, quien nos da una visi\u00f3n clara: \u201cLa mayor\u00eda de nuestros alumnos empiezan por un motivo social. Algunos quieren hacer amigos, otros buscan pareja, otros simplemente quieren salir de la rutina. Pero al final todos se quedan por lo bien que se sienten bailando. Es adictivo, pero en el buen sentido\u201d.<\/p>\n<p>Clara tambi\u00e9n apunta a otro fen\u00f3meno interesante: el baile como terapia emocional. \u201cDespu\u00e9s de la pandemia, muchas personas descubrieron que bailar les ayudaba con la ansiedad, la soledad o incluso con la autoestima. Te obliga a mirar a los ojos, a tocar, a conectar con alguien real. Es todo lo contrario al m\u00f3vil o a las redes sociales\u201d.<\/p>\n<p>De hecho, cada vez m\u00e1s estudios psicol\u00f3gicos recomiendan actividades como el baile social para mejorar el estado de \u00e1nimo y combatir la depresi\u00f3n leve o el estr\u00e9s cr\u00f3nico. Es movimiento, m\u00fasica, interacci\u00f3n y alegr\u00eda en estado puro.<\/p>\n<h2><b>La Bachata moderna arrasa entre los m\u00e1s j\u00f3venes<\/b><\/h2>\n<p>Un detalle interesante que comentan los profesores de academias de baile es c\u00f3mo ha cambiado el perfil de los alumnos. Hace diez a\u00f1os, el p\u00fablico era mayoritariamente adulto. Hoy en d\u00eda, los j\u00f3venes entre 18 y 30 a\u00f1os representan una parte enorme del alumnado. \u00bfEl motivo? La bachata moderna ha sabido reinventarse.<\/p>\n<p>Grupos como Aventura, CNCO o artistas como Rosal\u00eda y Manuel Turizo han llevado el g\u00e9nero a lo m\u00e1s alto de las listas musicales. Sus letras actuales, ritmos frescos y videoclips virales han convertido la bachata en algo \u201ccool\u201d, alej\u00e1ndola de la imagen anticuada que algunos le atribu\u00edan. As\u00ed, las <b>clases de bachata<\/b> se han convertido en una puerta de entrada a la cultura urbana, sin perder la conexi\u00f3n con sus ra\u00edces dominicanas.<\/p>\n<h2><b>Una ciudad que baila: Zaragoza<\/b><\/h2>\n<p>Zaragoza es una ciudad ideal para bailar. Su tama\u00f1o medio, su clima y su red de transporte p\u00fablico hacen que moverse entre academias sea sencillo. Adem\u00e1s, cada d\u00eda hay eventos, \u201ctardeos\u201d, sociales de salsa y bachata, fiestas tem\u00e1ticas y hasta congresos de baile que atraen a personas de toda Espa\u00f1a. El calendario de eventos est\u00e1 lleno durante todo el a\u00f1o, especialmente en oto\u00f1o y primavera.<\/p>\n<p>Las <b>academias de baile en Zaragoza<\/b> se han profesionalizado. Muchas de ellas cuentan con profesores formados en escuelas internacionales, incluso en pa\u00edses como Cuba o Rep\u00fablica Dominicana. Tambi\u00e9n han modernizado su imagen: redes sociales activas, v\u00eddeos en TikTok, promociones online y sistemas de inscripci\u00f3n por app o web. Aprender a bailar hoy es m\u00e1s accesible que nunca.<\/p>\n<h2><b>C\u00f3mo elegir una buena academia de salsa o bachata<\/b><\/h2>\n<p>Si est\u00e1s pensando en apuntarte a clases, Clara recomienda tener en cuenta estos factores:<\/p>\n<ul>\n<li aria-level=\"1\"><b>Ambiente:<\/b> Busca un lugar donde te sientas c\u00f3modo. El baile es confianza.<\/li>\n<li aria-level=\"1\"><b>Niveles adecuados:<\/b> Las buenas academias separan grupos por nivel para facilitar el aprendizaje.<\/li>\n<li aria-level=\"1\"><b>Horarios flexibles:<\/b> Es importante que puedas adaptar las clases a tu agenda.<\/li>\n<li aria-level=\"1\"><b>Eventos sociales:<\/b> Los mejores sitios no solo ense\u00f1an, tambi\u00e9n organizan fiestas o encuentros para practicar.<\/li>\n<\/ul>\n<p>Y, sobre todo, ten claro que no necesitas pareja para empezar. En la mayor\u00eda de <b>clases de salsa y bachata<\/b> los alumnos rotan, lo cual hace la experiencia mucho m\u00e1s din\u00e1mica y te ayuda a conocer gente nueva desde el primer d\u00eda.<\/p>\n<h2><b>Conclusi\u00f3n: septiembre, el mejor momento para empezar<\/b><\/h2>\n<p>Con la llegada de septiembre, la ciudad vuelve a vibrar. Y no solo por los colegios, los atascos o los nuevos prop\u00f3sitos. Tambi\u00e9n porque vuelve el ritmo. Las <b>clases de bachata en Zaragoza<\/b> y las <b>clases de salsa en Zaragoza<\/b> se llenan de energ\u00eda, de caras nuevas, de abrazos y de ganas de bailar.<\/p>\n<p>Si este a\u00f1o te has planteado hacer algo diferente, algo que te saque de casa, te haga moverte, sonre\u00edr y conocer gente nueva, quiz\u00e1 es el momento de poner un pie en la pista. Y qui\u00e9n sabe, lo mismo ese primer paso se convierte en tu nueva pasi\u00f3n.<\/p>\n<p>Ya no se trata solo de aprender a bailar. Se trata de vivir mejor.<\/p>","protected":false},"excerpt":{"rendered":"<p>Septiembre no es solo sin\u00f3nimo de libros, mochilas y la vuelta al colegio. Cada a\u00f1o, miles de adultos y j\u00f3venes deciden aprovechar este mes para retomar algo que va mucho m\u00e1s all\u00e1 de los estudios: aprender a bailar. En Zaragoza, las academias de baile viven su particular \u201cvuelta al cole\u201d [&hellip;]<\/p>\n","protected":false},"author":3,"featured_media":66307,"comment_status":"closed","ping_status":"closed","sticky":false,"template":"","format":"standard","meta":{"footnotes":""},"categories":[350],"tags":[],"class_list":["post-66306","post","type-post","status-publish","format-standard","has-post-thumbnail","hentry","category-miscelanea"],"yoast_head":"<!-- This site is optimized with the Yoast SEO plugin v27.5 - https:\/\/yoast.com\/product\/yoast-seo-wordpress\/ -->\n<title>Clases de Bachata en Zaragoza: la vuelta al ritmo tras el verano - Revista Rambla<\/title>\n<meta name=\"robots\" content=\"index, follow, max-snippet:-1, max-image-preview:large, max-video-preview:-1\" \/>\n<link rel=\"canonical\" href=\"https:\/\/www.revistarambla.com\/en\/clases-de-bachata-en-zaragoza-la-vuelta-al-ritmo-tras-el-verano\/\" \/>\n<meta property=\"og:locale\" content=\"en_GB\" \/>\n<meta property=\"og:type\" content=\"article\" \/>\n<meta property=\"og:title\" content=\"Clases de Bachata en Zaragoza: la vuelta al ritmo tras el verano - Revista Rambla\" \/>\n<meta property=\"og:description\" content=\"Septiembre no es solo sin\u00f3nimo de libros, mochilas y la vuelta al colegio. Cada a\u00f1o, miles de adultos y j\u00f3venes deciden aprovechar este mes para retomar algo que va mucho m\u00e1s all\u00e1 de los estudios: aprender a bailar. En Zaragoza, las academias de baile viven su particular \u201cvuelta al cole\u201d [&hellip;]\" \/>\n<meta property=\"og:url\" content=\"https:\/\/www.revistarambla.com\/en\/clases-de-bachata-en-zaragoza-la-vuelta-al-ritmo-tras-el-verano\/\" \/>\n<meta property=\"og:site_name\" content=\"Revista Rambla\" \/>\n<meta property=\"article:publisher\" content=\"https:\/\/www.facebook.com\/revistarambla\/\" \/>\n<meta property=\"article:author\" content=\"https:\/\/www.facebook.com\/revistarambla\" \/>\n<meta property=\"article:published_time\" content=\"2025-08-26T12:15:25+00:00\" \/>\n<meta property=\"og:image\" content=\"https:\/\/www.revistarambla.com\/wp-content\/uploads\/2025\/08\/phpgHnLOi68ad75dd54bca.jpg\" \/>\n\t<meta property=\"og:image:width\" content=\"1060\" \/>\n\t<meta property=\"og:image:height\" content=\"706\" \/>\n\t<meta property=\"og:image:type\" content=\"image\/jpeg\" \/>\n<meta name=\"author\" content=\"R@mbla\" \/>\n<meta name=\"twitter:card\" content=\"summary_large_image\" \/>\n<meta name=\"twitter:creator\" content=\"@revistarambla\" \/>\n<meta name=\"twitter:site\" content=\"@revistarambla\" \/>\n<meta name=\"twitter:label1\" content=\"Written by\" \/>\n\t<meta name=\"twitter:data1\" content=\"R@mbla\" \/>\n\t<meta name=\"twitter:label2\" content=\"Estimated reading time\" \/>\n\t<meta name=\"twitter:data2\" content=\"5 minutes\" \/>\n<script type=\"application\/ld+json\" class=\"yoast-schema-graph\">{\"@context\":\"https:\\\/\\\/schema.org\",\"@graph\":[{\"@type\":\"Article\",\"@id\":\"https:\\\/\\\/www.revistarambla.com\\\/clases-de-bachata-en-zaragoza-la-vuelta-al-ritmo-tras-el-verano\\\/#article\",\"isPartOf\":{\"@id\":\"https:\\\/\\\/www.revistarambla.com\\\/clases-de-bachata-en-zaragoza-la-vuelta-al-ritmo-tras-el-verano\\\/\"},\"author\":{\"name\":\"R@mbla\",\"@id\":\"https:\\\/\\\/www.revistarambla.com\\\/#\\\/schema\\\/person\\\/a146a5a2550b94981a75131180e1bd9c\"},\"headline\":\"Clases de Bachata en Zaragoza: la vuelta al ritmo tras el verano\",\"datePublished\":\"2025-08-26T12:15:25+00:00\",\"mainEntityOfPage\":{\"@id\":\"https:\\\/\\\/www.revistarambla.com\\\/clases-de-bachata-en-zaragoza-la-vuelta-al-ritmo-tras-el-verano\\\/\"},\"wordCount\":1107,\"publisher\":{\"@id\":\"https:\\\/\\\/www.revistarambla.com\\\/#organization\"},\"image\":{\"@id\":\"https:\\\/\\\/www.revistarambla.com\\\/clases-de-bachata-en-zaragoza-la-vuelta-al-ritmo-tras-el-verano\\\/#primaryimage\"},\"thumbnailUrl\":\"https:\\\/\\\/www.revistarambla.com\\\/wp-content\\\/uploads\\\/2025\\\/08\\\/phpgHnLOi68ad75dd54bca.jpg\",\"articleSection\":[\"Noticias de la vida\"],\"inLanguage\":\"en-GB\"},{\"@type\":\"WebPage\",\"@id\":\"https:\\\/\\\/www.revistarambla.com\\\/clases-de-bachata-en-zaragoza-la-vuelta-al-ritmo-tras-el-verano\\\/\",\"url\":\"https:\\\/\\\/www.revistarambla.com\\\/clases-de-bachata-en-zaragoza-la-vuelta-al-ritmo-tras-el-verano\\\/\",\"name\":\"Clases de Bachata en Zaragoza: la vuelta al ritmo tras el verano - Revista Rambla\",\"isPartOf\":{\"@id\":\"https:\\\/\\\/www.revistarambla.com\\\/#website\"},\"primaryImageOfPage\":{\"@id\":\"https:\\\/\\\/www.revistarambla.com\\\/clases-de-bachata-en-zaragoza-la-vuelta-al-ritmo-tras-el-verano\\\/#primaryimage\"},\"image\":{\"@id\":\"https:\\\/\\\/www.revistarambla.com\\\/clases-de-bachata-en-zaragoza-la-vuelta-al-ritmo-tras-el-verano\\\/#primaryimage\"},\"thumbnailUrl\":\"https:\\\/\\\/www.revistarambla.com\\\/wp-content\\\/uploads\\\/2025\\\/08\\\/phpgHnLOi68ad75dd54bca.jpg\",\"datePublished\":\"2025-08-26T12:15:25+00:00\",\"breadcrumb\":{\"@id\":\"https:\\\/\\\/www.revistarambla.com\\\/clases-de-bachata-en-zaragoza-la-vuelta-al-ritmo-tras-el-verano\\\/#breadcrumb\"},\"inLanguage\":\"en-GB\",\"potentialAction\":[{\"@type\":\"ReadAction\",\"target\":[\"https:\\\/\\\/www.revistarambla.com\\\/clases-de-bachata-en-zaragoza-la-vuelta-al-ritmo-tras-el-verano\\\/\"]}]},{\"@type\":\"ImageObject\",\"inLanguage\":\"en-GB\",\"@id\":\"https:\\\/\\\/www.revistarambla.com\\\/clases-de-bachata-en-zaragoza-la-vuelta-al-ritmo-tras-el-verano\\\/#primaryimage\",\"url\":\"https:\\\/\\\/www.revistarambla.com\\\/wp-content\\\/uploads\\\/2025\\\/08\\\/phpgHnLOi68ad75dd54bca.jpg\",\"contentUrl\":\"https:\\\/\\\/www.revistarambla.com\\\/wp-content\\\/uploads\\\/2025\\\/08\\\/phpgHnLOi68ad75dd54bca.jpg\",\"width\":1060,\"height\":706,\"caption\":\"Clases de Bachata en Zaragoza\"},{\"@type\":\"BreadcrumbList\",\"@id\":\"https:\\\/\\\/www.revistarambla.com\\\/clases-de-bachata-en-zaragoza-la-vuelta-al-ritmo-tras-el-verano\\\/#breadcrumb\",\"itemListElement\":[{\"@type\":\"ListItem\",\"position\":1,\"name\":\"Portada\",\"item\":\"https:\\\/\\\/www.revistarambla.com\\\/\"},{\"@type\":\"ListItem\",\"position\":2,\"name\":\"Clases de Bachata en Zaragoza: la vuelta al ritmo tras el verano\"}]},{\"@type\":\"WebSite\",\"@id\":\"https:\\\/\\\/www.revistarambla.com\\\/#website\",\"url\":\"https:\\\/\\\/www.revistarambla.com\\\/\",\"name\":\"Revista Rambla Barcelona\",\"description\":\"Periodismo independiente\",\"publisher\":{\"@id\":\"https:\\\/\\\/www.revistarambla.com\\\/#organization\"},\"potentialAction\":[{\"@type\":\"SearchAction\",\"target\":{\"@type\":\"EntryPoint\",\"urlTemplate\":\"https:\\\/\\\/www.revistarambla.com\\\/?s={search_term_string}\"},\"query-input\":{\"@type\":\"PropertyValueSpecification\",\"valueRequired\":true,\"valueName\":\"search_term_string\"}}],\"inLanguage\":\"en-GB\"},{\"@type\":\"Organization\",\"@id\":\"https:\\\/\\\/www.revistarambla.com\\\/#organization\",\"name\":\"Revista Rambla\",\"url\":\"https:\\\/\\\/www.revistarambla.com\\\/\",\"logo\":{\"@type\":\"ImageObject\",\"inLanguage\":\"en-GB\",\"@id\":\"https:\\\/\\\/www.revistarambla.com\\\/#\\\/schema\\\/logo\\\/image\\\/\",\"url\":\"https:\\\/\\\/www.revistarambla.com\\\/wp-content\\\/uploads\\\/2020\\\/09\\\/banner_rambla_1900x600_BB.png\",\"contentUrl\":\"https:\\\/\\\/www.revistarambla.com\\\/wp-content\\\/uploads\\\/2020\\\/09\\\/banner_rambla_1900x600_BB.png\",\"width\":1900,\"height\":600,\"caption\":\"Revista Rambla\"},\"image\":{\"@id\":\"https:\\\/\\\/www.revistarambla.com\\\/#\\\/schema\\\/logo\\\/image\\\/\"},\"sameAs\":[\"https:\\\/\\\/www.facebook.com\\\/revistarambla\\\/\",\"https:\\\/\\\/x.com\\\/revistarambla\",\"https:\\\/\\\/www.instagram.com\\\/revista_rambla\",\"https:\\\/\\\/es.linkedin.com\\\/company\\\/revista-rambla\"]},{\"@type\":\"Person\",\"@id\":\"https:\\\/\\\/www.revistarambla.com\\\/#\\\/schema\\\/person\\\/a146a5a2550b94981a75131180e1bd9c\",\"name\":\"R@mbla\",\"description\":\"Este art\u00edculo ha sido redactado y\\\/o validado por el equipo de redacci\u00f3n de Revista Rambla.\",\"sameAs\":[\"https:\\\/\\\/www.revistarambla.com\\\/\",\"https:\\\/\\\/www.facebook.com\\\/revistarambla\",\"https:\\\/\\\/x.com\\\/revistarambla\"]}]}<\/script>\n<!-- \/ Yoast SEO plugin. -->","yoast_head_json":{"title":"Clases de Bachata en Zaragoza: la vuelta al ritmo tras el verano - Revista Rambla","robots":{"index":"index","follow":"follow","max-snippet":"max-snippet:-1","max-image-preview":"max-image-preview:large","max-video-preview":"max-video-preview:-1"},"canonical":"https:\/\/www.revistarambla.com\/en\/clases-de-bachata-en-zaragoza-la-vuelta-al-ritmo-tras-el-verano\/","og_locale":"en_GB","og_type":"article","og_title":"Clases de Bachata en Zaragoza: la vuelta al ritmo tras el verano - Revista Rambla","og_description":"Septiembre no es solo sin\u00f3nimo de libros, mochilas y la vuelta al colegio. Cada a\u00f1o, miles de adultos y j\u00f3venes deciden aprovechar este mes para retomar algo que va mucho m\u00e1s all\u00e1 de los estudios: aprender a bailar. En Zaragoza, las academias de baile viven su particular \u201cvuelta al cole\u201d [&hellip;]","og_url":"https:\/\/www.revistarambla.com\/en\/clases-de-bachata-en-zaragoza-la-vuelta-al-ritmo-tras-el-verano\/","og_site_name":"Revista Rambla","article_publisher":"https:\/\/www.facebook.com\/revistarambla\/","article_author":"https:\/\/www.facebook.com\/revistarambla","article_published_time":"2025-08-26T12:15:25+00:00","og_image":[{"width":1060,"height":706,"url":"https:\/\/www.revistarambla.com\/wp-content\/uploads\/2025\/08\/phpgHnLOi68ad75dd54bca.jpg","type":"image\/jpeg"}],"author":"R@mbla","twitter_card":"summary_large_image","twitter_creator":"@revistarambla","twitter_site":"@revistarambla","twitter_misc":{"Written by":"R@mbla","Estimated reading time":"5 minutes"},"schema":{"@context":"https:\/\/schema.org","@graph":[{"@type":"Article","@id":"https:\/\/www.revistarambla.com\/clases-de-bachata-en-zaragoza-la-vuelta-al-ritmo-tras-el-verano\/#article","isPartOf":{"@id":"https:\/\/www.revistarambla.com\/clases-de-bachata-en-zaragoza-la-vuelta-al-ritmo-tras-el-verano\/"},"author":{"name":"R@mbla","@id":"https:\/\/www.revistarambla.com\/#\/schema\/person\/a146a5a2550b94981a75131180e1bd9c"},"headline":"Clases de Bachata en Zaragoza: la vuelta al ritmo tras el verano","datePublished":"2025-08-26T12:15:25+00:00","mainEntityOfPage":{"@id":"https:\/\/www.revistarambla.com\/clases-de-bachata-en-zaragoza-la-vuelta-al-ritmo-tras-el-verano\/"},"wordCount":1107,"publisher":{"@id":"https:\/\/www.revistarambla.com\/#organization"},"image":{"@id":"https:\/\/www.revistarambla.com\/clases-de-bachata-en-zaragoza-la-vuelta-al-ritmo-tras-el-verano\/#primaryimage"},"thumbnailUrl":"https:\/\/www.revistarambla.com\/wp-content\/uploads\/2025\/08\/phpgHnLOi68ad75dd54bca.jpg","articleSection":["Noticias de la vida"],"inLanguage":"en-GB"},{"@type":"WebPage","@id":"https:\/\/www.revistarambla.com\/clases-de-bachata-en-zaragoza-la-vuelta-al-ritmo-tras-el-verano\/","url":"https:\/\/www.revistarambla.com\/clases-de-bachata-en-zaragoza-la-vuelta-al-ritmo-tras-el-verano\/","name":"Clases de Bachata en Zaragoza: la vuelta al ritmo tras el verano - Revista Rambla","isPartOf":{"@id":"https:\/\/www.revistarambla.com\/#website"},"primaryImageOfPage":{"@id":"https:\/\/www.revistarambla.com\/clases-de-bachata-en-zaragoza-la-vuelta-al-ritmo-tras-el-verano\/#primaryimage"},"image":{"@id":"https:\/\/www.revistarambla.com\/clases-de-bachata-en-zaragoza-la-vuelta-al-ritmo-tras-el-verano\/#primaryimage"},"thumbnailUrl":"https:\/\/www.revistarambla.com\/wp-content\/uploads\/2025\/08\/phpgHnLOi68ad75dd54bca.jpg","datePublished":"2025-08-26T12:15:25+00:00","breadcrumb":{"@id":"https:\/\/www.revistarambla.com\/clases-de-bachata-en-zaragoza-la-vuelta-al-ritmo-tras-el-verano\/#breadcrumb"},"inLanguage":"en-GB","potentialAction":[{"@type":"ReadAction","target":["https:\/\/www.revistarambla.com\/clases-de-bachata-en-zaragoza-la-vuelta-al-ritmo-tras-el-verano\/"]}]},{"@type":"ImageObject","inLanguage":"en-GB","@id":"https:\/\/www.revistarambla.com\/clases-de-bachata-en-zaragoza-la-vuelta-al-ritmo-tras-el-verano\/#primaryimage","url":"https:\/\/www.revistarambla.com\/wp-content\/uploads\/2025\/08\/phpgHnLOi68ad75dd54bca.jpg","contentUrl":"https:\/\/www.revistarambla.com\/wp-content\/uploads\/2025\/08\/phpgHnLOi68ad75dd54bca.jpg","width":1060,"height":706,"caption":"Clases de Bachata en Zaragoza"},{"@type":"BreadcrumbList","@id":"https:\/\/www.revistarambla.com\/clases-de-bachata-en-zaragoza-la-vuelta-al-ritmo-tras-el-verano\/#breadcrumb","itemListElement":[{"@type":"ListItem","position":1,"name":"Portada","item":"https:\/\/www.revistarambla.com\/"},{"@type":"ListItem","position":2,"name":"Clases de Bachata en Zaragoza: la vuelta al ritmo tras el verano"}]},{"@type":"WebSite","@id":"https:\/\/www.revistarambla.com\/#website","url":"https:\/\/www.revistarambla.com\/","name":"Revista Rambla Barcelona","description":"Periodismo independiente","publisher":{"@id":"https:\/\/www.revistarambla.com\/#organization"},"potentialAction":[{"@type":"SearchAction","target":{"@type":"EntryPoint","urlTemplate":"https:\/\/www.revistarambla.com\/?s={search_term_string}"},"query-input":{"@type":"PropertyValueSpecification","valueRequired":true,"valueName":"search_term_string"}}],"inLanguage":"en-GB"},{"@type":"Organization","@id":"https:\/\/www.revistarambla.com\/#organization","name":"Revista Rambla","url":"https:\/\/www.revistarambla.com\/","logo":{"@type":"ImageObject","inLanguage":"en-GB","@id":"https:\/\/www.revistarambla.com\/#\/schema\/logo\/image\/","url":"https:\/\/www.revistarambla.com\/wp-content\/uploads\/2020\/09\/banner_rambla_1900x600_BB.png","contentUrl":"https:\/\/www.revistarambla.com\/wp-content\/uploads\/2020\/09\/banner_rambla_1900x600_BB.png","width":1900,"height":600,"caption":"Revista Rambla"},"image":{"@id":"https:\/\/www.revistarambla.com\/#\/schema\/logo\/image\/"},"sameAs":["https:\/\/www.facebook.com\/revistarambla\/","https:\/\/x.com\/revistarambla","https:\/\/www.instagram.com\/revista_rambla","https:\/\/es.linkedin.com\/company\/revista-rambla"]},{"@type":"Person","@id":"https:\/\/www.revistarambla.com\/#\/schema\/person\/a146a5a2550b94981a75131180e1bd9c","name":"R@mbla","description":"Este art\u00edculo ha sido redactado y\/o validado por el equipo de redacci\u00f3n de Revista Rambla.","sameAs":["https:\/\/www.revistarambla.com\/","https:\/\/www.facebook.com\/revistarambla","https:\/\/x.com\/revistarambla"]}]}},"_links":{"self":[{"href":"https:\/\/www.revistarambla.com\/en\/wp-json\/wp\/v2\/posts\/66306","targetHints":{"allow":["GET"]}}],"collection":[{"href":"https:\/\/www.revistarambla.com\/en\/wp-json\/wp\/v2\/posts"}],"about":[{"href":"https:\/\/www.revistarambla.com\/en\/wp-json\/wp\/v2\/types\/post"}],"author":[{"embeddable":true,"href":"https:\/\/www.revistarambla.com\/en\/wp-json\/wp\/v2\/users\/3"}],"replies":[{"embeddable":true,"href":"https:\/\/www.revistarambla.com\/en\/wp-json\/wp\/v2\/comments?post=66306"}],"version-history":[{"count":1,"href":"https:\/\/www.revistarambla.com\/en\/wp-json\/wp\/v2\/posts\/66306\/revisions"}],"predecessor-version":[{"id":66308,"href":"https:\/\/www.revistarambla.com\/en\/wp-json\/wp\/v2\/posts\/66306\/revisions\/66308"}],"wp:featuredmedia":[{"embeddable":true,"href":"https:\/\/www.revistarambla.com\/en\/wp-json\/wp\/v2\/media\/66307"}],"wp:attachment":[{"href":"https:\/\/www.revistarambla.com\/en\/wp-json\/wp\/v2\/media?parent=66306"}],"wp:term":[{"taxonomy":"category","embeddable":true,"href":"https:\/\/www.revistarambla.com\/en\/wp-json\/wp\/v2\/categories?post=66306"},{"taxonomy":"post_tag","embeddable":true,"href":"https:\/\/www.revistarambla.com\/en\/wp-json\/wp\/v2\/tags?post=66306"}],"curies":[{"name":"wp","href":"https:\/\/api.w.org\/{rel}","templated":true}]}}