{"id":66303,"date":"2025-08-26T14:13:31","date_gmt":"2025-08-26T12:13:31","guid":{"rendered":"https:\/\/www.revistarambla.com\/?p=66303"},"modified":"2025-08-26T14:13:31","modified_gmt":"2025-08-26T12:13:31","slug":"sudaderas-personalizadas-para-grupos-calidad-diseno-y-union-en-una-sola-prenda","status":"publish","type":"post","link":"https:\/\/www.revistarambla.com\/en\/sudaderas-personalizadas-para-grupos-calidad-diseno-y-union-en-una-sola-prenda\/","title":{"rendered":"Sudaderas personalizadas para grupos: calidad, dise\u00f1o y uni\u00f3n en una sola prenda"},"content":{"rendered":"<p>Hoy queremos abordar un tema que supera el simple \u00e1mbito de la moda: las <a href=\"https:\/\/www.kronix.es\/Sudaderas-grupos-baratas.html\" target=\"_blank\" rel=\"nofollow noopener\"><b>sudaderas personalizadas para grupos<\/b><\/a>. Si alguna vez has deseado formar parte de un equipo, conmemorar una ocasi\u00f3n especial o contar con una prenda que identifique a tu colectivo, estas sudaderas son la opci\u00f3n perfecta. Y lo mejor es que hoy en d\u00eda es sencillo encontrar sudaderas para grupos baratas que no renuncian a la calidad ni al dise\u00f1o que todos anhelan.<\/p>\n<p>\u00bfD\u00f3nde puedes conseguirlas? En el sitio web de <b>Kronix<\/b>. Este taller especializado en serigraf\u00eda e impresi\u00f3n se dedica a crear ropa y productos personalizados para grupos, abarcando desde sudaderas para institutos, viajes de fin de curso y eventos universitarios, hasta colaboraciones con empresas, equipos deportivos o cualquier tipo de asociaci\u00f3n.<\/p>\n<h2><b>\u00bfC\u00f3mo consigue Kronix fabricar sudaderas econ\u00f3micas y de calidad?<\/b><\/h2>\n<p>\u00bfDe qu\u00e9 sirve una sudadera extremadamente econ\u00f3mica si tras un par de lavados pierde toda su forma y textura? Realmente no tiene valor. Por esta raz\u00f3n, en <b>Kronix<\/b> optan por utilizar materiales como el algod\u00f3n de hilo continuo (ringspun) y combinaciones de algod\u00f3n y poli\u00e9ster que garantizan suavidad y resistencia. Estas prendas est\u00e1n dise\u00f1adas para soportar un uso diario y conservar su buen estado con el paso del tiempo.<\/p>\n<p>Adem\u00e1s, al trabajar con pedidos en gran cantidad, pueden ofrecer precios competitivos sin sacrificar la calidad del producto final.<\/p>\n<h2><b>El poder de la personalizaci\u00f3n: mucho m\u00e1s que un dise\u00f1o<\/b><\/h2>\n<p>Las <b>sudaderas personalizadas<\/b> constituyen una forma ideal para crear una <b>identidad visual de grupo<\/b>. Son una oportunidad para que todos los integrantes participen en algo distintivo y representativo.<\/p>\n<p>Personalizar una sudadera no significa \u00fanicamente colocar un logotipo o una frase. Es darle vida a una idea com\u00fan. Ya sea en un viaje de fin de curso, un intercambio universitario, un equipo deportivo o una asociaci\u00f3n, el resultado es una prenda \u00fanica que define al grupo.<\/p>\n<h2><b>Ocasiones para lucir sudaderas en grupo<\/b><\/h2>\n<p>Las sudaderas grupales son muy vers\u00e1tiles y se ajustan a un sinf\u00edn de ocasiones. Por ejemplo, son muy populares para viajes de fin de curso, ceremonias de graduaci\u00f3n, programas Erasmus o para grupos de intercambio. Los equipos deportivos y asociaciones las utilizan tanto por razones pr\u00e1cticas como emocionales, ya que funcionan como un uniforme, mientras que las empresas emplean estas sudaderas para fortalecer su imagen corporativa en ferias y exposiciones.<\/p>\n<h2><b>\u00bfC\u00f3mo seleccionar las sudaderas ideales?<\/b><\/h2>\n<p>El secreto est\u00e1 en escoger la t\u00e9cnica de personalizaci\u00f3n y el dise\u00f1o que se ajusten mejor a lo que necesit\u00e1is.<\/p>\n<p>En pedidos grandes, la serigraf\u00eda es una opci\u00f3n muy valorada. Permite estampar los dise\u00f1os con rapidez y conseguir un acabado profesional. Para dise\u00f1os m\u00e1s complejos o con m\u00faltiples colores, la impresi\u00f3n digital o el uso de vinilo de corte ofrecen resultados de excelente calidad.<\/p>\n<p>En <b>Kronix <\/b>ofrecen distintos paquetes de personalizaci\u00f3n para que pod\u00e1is elegir el que mejor encaja con vuestras ideas:<\/p>\n<ul>\n<li><b>Pack Essential:<\/b> una alternativa sencilla y econ\u00f3mica. La sudadera lleva un logo bordado o impreso en el pecho.<\/li>\n<li><b>Pack Studio:<\/b> incluye el nombre o apodo ubicado en la espalda.<\/li>\n<li><b>Pack Signature:<\/b> pensado para quienes buscan la excelencia, con bordados y detalles premium.<\/li>\n<\/ul>\n<h2><b>Un consejo final<\/b><\/h2>\n<p>A veces, menos puede ser mucho m\u00e1s. Un dise\u00f1o simple pero bien concebido puede generar un impacto mayor que uno m\u00e1s cargado. Un logo minimalista en un color que contraste con la sudadera o unas iniciales con una tipograf\u00eda original pueden resultar visualmente atractivos y a la vez mantener el presupuesto bajo. No es necesario complicarse para lograr un buen resultado.<\/p>\n<p>As\u00ed que ya lo sab\u00e9is, si vuestro grupo necesita una imagen com\u00fan, las sudaderas personalizadas son mucho m\u00e1s que una simple prenda. \u00a1Visita la web de <b>Kronix <\/b>para descubrir todas las tallas y colores disponibles!<\/p>","protected":false},"excerpt":{"rendered":"<p>Hoy queremos abordar un tema que supera el simple \u00e1mbito de la moda: las sudaderas personalizadas para grupos. Si alguna vez has deseado formar parte de un equipo, conmemorar una ocasi\u00f3n especial o contar con una prenda que identifique a tu colectivo, estas sudaderas son la opci\u00f3n perfecta. Y lo [&hellip;]<\/p>\n","protected":false},"author":3,"featured_media":66304,"comment_status":"closed","ping_status":"closed","sticky":false,"template":"","format":"standard","meta":{"footnotes":""},"categories":[3790],"tags":[],"class_list":["post-66303","post","type-post","status-publish","format-standard","has-post-thumbnail","hentry","category-otras-noticias"],"yoast_head":"<!-- This site is optimized with the Yoast SEO plugin v27.5 - https:\/\/yoast.com\/product\/yoast-seo-wordpress\/ -->\n<title>Sudaderas personalizadas para grupos: calidad, dise\u00f1o y uni\u00f3n en una sola prenda - Revista Rambla<\/title>\n<meta name=\"robots\" content=\"index, follow, max-snippet:-1, max-image-preview:large, max-video-preview:-1\" \/>\n<link rel=\"canonical\" href=\"https:\/\/www.revistarambla.com\/en\/sudaderas-personalizadas-para-grupos-calidad-diseno-y-union-en-una-sola-prenda\/\" \/>\n<meta property=\"og:locale\" content=\"en_GB\" \/>\n<meta property=\"og:type\" content=\"article\" \/>\n<meta property=\"og:title\" content=\"Sudaderas personalizadas para grupos: calidad, dise\u00f1o y uni\u00f3n en una sola prenda - Revista Rambla\" \/>\n<meta property=\"og:description\" content=\"Hoy queremos abordar un tema que supera el simple \u00e1mbito de la moda: las sudaderas personalizadas para grupos. Si alguna vez has deseado formar parte de un equipo, conmemorar una ocasi\u00f3n especial o contar con una prenda que identifique a tu colectivo, estas sudaderas son la opci\u00f3n perfecta. Y lo [&hellip;]\" \/>\n<meta property=\"og:url\" content=\"https:\/\/www.revistarambla.com\/en\/sudaderas-personalizadas-para-grupos-calidad-diseno-y-union-en-una-sola-prenda\/\" \/>\n<meta property=\"og:site_name\" content=\"Revista Rambla\" \/>\n<meta property=\"article:publisher\" content=\"https:\/\/www.facebook.com\/revistarambla\/\" \/>\n<meta property=\"article:author\" content=\"https:\/\/www.facebook.com\/revistarambla\" \/>\n<meta property=\"article:published_time\" content=\"2025-08-26T12:13:31+00:00\" \/>\n<meta property=\"og:image\" content=\"https:\/\/www.revistarambla.com\/wp-content\/uploads\/2025\/08\/phpnkbCBk68ac644e1f880.jpg\" \/>\n\t<meta property=\"og:image:width\" content=\"1200\" \/>\n\t<meta property=\"og:image:height\" content=\"821\" \/>\n\t<meta property=\"og:image:type\" content=\"image\/jpeg\" \/>\n<meta name=\"author\" content=\"R@mbla\" \/>\n<meta name=\"twitter:card\" content=\"summary_large_image\" \/>\n<meta name=\"twitter:creator\" content=\"@revistarambla\" \/>\n<meta name=\"twitter:site\" content=\"@revistarambla\" \/>\n<meta name=\"twitter:label1\" content=\"Written by\" \/>\n\t<meta name=\"twitter:data1\" content=\"R@mbla\" \/>\n\t<meta name=\"twitter:label2\" content=\"Estimated reading time\" \/>\n\t<meta name=\"twitter:data2\" content=\"4 minutes\" \/>\n<script type=\"application\/ld+json\" class=\"yoast-schema-graph\">{\"@context\":\"https:\\\/\\\/schema.org\",\"@graph\":[{\"@type\":\"Article\",\"@id\":\"https:\\\/\\\/www.revistarambla.com\\\/sudaderas-personalizadas-para-grupos-calidad-diseno-y-union-en-una-sola-prenda\\\/#article\",\"isPartOf\":{\"@id\":\"https:\\\/\\\/www.revistarambla.com\\\/sudaderas-personalizadas-para-grupos-calidad-diseno-y-union-en-una-sola-prenda\\\/\"},\"author\":{\"name\":\"R@mbla\",\"@id\":\"https:\\\/\\\/www.revistarambla.com\\\/#\\\/schema\\\/person\\\/a146a5a2550b94981a75131180e1bd9c\"},\"headline\":\"Sudaderas personalizadas para grupos: calidad, dise\u00f1o y uni\u00f3n en una sola prenda\",\"datePublished\":\"2025-08-26T12:13:31+00:00\",\"mainEntityOfPage\":{\"@id\":\"https:\\\/\\\/www.revistarambla.com\\\/sudaderas-personalizadas-para-grupos-calidad-diseno-y-union-en-una-sola-prenda\\\/\"},\"wordCount\":674,\"publisher\":{\"@id\":\"https:\\\/\\\/www.revistarambla.com\\\/#organization\"},\"image\":{\"@id\":\"https:\\\/\\\/www.revistarambla.com\\\/sudaderas-personalizadas-para-grupos-calidad-diseno-y-union-en-una-sola-prenda\\\/#primaryimage\"},\"thumbnailUrl\":\"https:\\\/\\\/www.revistarambla.com\\\/wp-content\\\/uploads\\\/2025\\\/08\\\/phpnkbCBk68ac644e1f880.jpg\",\"articleSection\":[\"Otras Noticias\"],\"inLanguage\":\"en-GB\"},{\"@type\":\"WebPage\",\"@id\":\"https:\\\/\\\/www.revistarambla.com\\\/sudaderas-personalizadas-para-grupos-calidad-diseno-y-union-en-una-sola-prenda\\\/\",\"url\":\"https:\\\/\\\/www.revistarambla.com\\\/sudaderas-personalizadas-para-grupos-calidad-diseno-y-union-en-una-sola-prenda\\\/\",\"name\":\"Sudaderas personalizadas para grupos: calidad, dise\u00f1o y uni\u00f3n en una sola prenda - Revista Rambla\",\"isPartOf\":{\"@id\":\"https:\\\/\\\/www.revistarambla.com\\\/#website\"},\"primaryImageOfPage\":{\"@id\":\"https:\\\/\\\/www.revistarambla.com\\\/sudaderas-personalizadas-para-grupos-calidad-diseno-y-union-en-una-sola-prenda\\\/#primaryimage\"},\"image\":{\"@id\":\"https:\\\/\\\/www.revistarambla.com\\\/sudaderas-personalizadas-para-grupos-calidad-diseno-y-union-en-una-sola-prenda\\\/#primaryimage\"},\"thumbnailUrl\":\"https:\\\/\\\/www.revistarambla.com\\\/wp-content\\\/uploads\\\/2025\\\/08\\\/phpnkbCBk68ac644e1f880.jpg\",\"datePublished\":\"2025-08-26T12:13:31+00:00\",\"breadcrumb\":{\"@id\":\"https:\\\/\\\/www.revistarambla.com\\\/sudaderas-personalizadas-para-grupos-calidad-diseno-y-union-en-una-sola-prenda\\\/#breadcrumb\"},\"inLanguage\":\"en-GB\",\"potentialAction\":[{\"@type\":\"ReadAction\",\"target\":[\"https:\\\/\\\/www.revistarambla.com\\\/sudaderas-personalizadas-para-grupos-calidad-diseno-y-union-en-una-sola-prenda\\\/\"]}]},{\"@type\":\"ImageObject\",\"inLanguage\":\"en-GB\",\"@id\":\"https:\\\/\\\/www.revistarambla.com\\\/sudaderas-personalizadas-para-grupos-calidad-diseno-y-union-en-una-sola-prenda\\\/#primaryimage\",\"url\":\"https:\\\/\\\/www.revistarambla.com\\\/wp-content\\\/uploads\\\/2025\\\/08\\\/phpnkbCBk68ac644e1f880.jpg\",\"contentUrl\":\"https:\\\/\\\/www.revistarambla.com\\\/wp-content\\\/uploads\\\/2025\\\/08\\\/phpnkbCBk68ac644e1f880.jpg\",\"width\":1200,\"height\":821,\"caption\":\"Kronix\"},{\"@type\":\"BreadcrumbList\",\"@id\":\"https:\\\/\\\/www.revistarambla.com\\\/sudaderas-personalizadas-para-grupos-calidad-diseno-y-union-en-una-sola-prenda\\\/#breadcrumb\",\"itemListElement\":[{\"@type\":\"ListItem\",\"position\":1,\"name\":\"Portada\",\"item\":\"https:\\\/\\\/www.revistarambla.com\\\/\"},{\"@type\":\"ListItem\",\"position\":2,\"name\":\"Sudaderas personalizadas para grupos: calidad, dise\u00f1o y uni\u00f3n en una sola prenda\"}]},{\"@type\":\"WebSite\",\"@id\":\"https:\\\/\\\/www.revistarambla.com\\\/#website\",\"url\":\"https:\\\/\\\/www.revistarambla.com\\\/\",\"name\":\"Revista Rambla Barcelona\",\"description\":\"Periodismo independiente\",\"publisher\":{\"@id\":\"https:\\\/\\\/www.revistarambla.com\\\/#organization\"},\"potentialAction\":[{\"@type\":\"SearchAction\",\"target\":{\"@type\":\"EntryPoint\",\"urlTemplate\":\"https:\\\/\\\/www.revistarambla.com\\\/?s={search_term_string}\"},\"query-input\":{\"@type\":\"PropertyValueSpecification\",\"valueRequired\":true,\"valueName\":\"search_term_string\"}}],\"inLanguage\":\"en-GB\"},{\"@type\":\"Organization\",\"@id\":\"https:\\\/\\\/www.revistarambla.com\\\/#organization\",\"name\":\"Revista Rambla\",\"url\":\"https:\\\/\\\/www.revistarambla.com\\\/\",\"logo\":{\"@type\":\"ImageObject\",\"inLanguage\":\"en-GB\",\"@id\":\"https:\\\/\\\/www.revistarambla.com\\\/#\\\/schema\\\/logo\\\/image\\\/\",\"url\":\"https:\\\/\\\/www.revistarambla.com\\\/wp-content\\\/uploads\\\/2020\\\/09\\\/banner_rambla_1900x600_BB.png\",\"contentUrl\":\"https:\\\/\\\/www.revistarambla.com\\\/wp-content\\\/uploads\\\/2020\\\/09\\\/banner_rambla_1900x600_BB.png\",\"width\":1900,\"height\":600,\"caption\":\"Revista Rambla\"},\"image\":{\"@id\":\"https:\\\/\\\/www.revistarambla.com\\\/#\\\/schema\\\/logo\\\/image\\\/\"},\"sameAs\":[\"https:\\\/\\\/www.facebook.com\\\/revistarambla\\\/\",\"https:\\\/\\\/x.com\\\/revistarambla\",\"https:\\\/\\\/www.instagram.com\\\/revista_rambla\",\"https:\\\/\\\/es.linkedin.com\\\/company\\\/revista-rambla\"]},{\"@type\":\"Person\",\"@id\":\"https:\\\/\\\/www.revistarambla.com\\\/#\\\/schema\\\/person\\\/a146a5a2550b94981a75131180e1bd9c\",\"name\":\"R@mbla\",\"description\":\"Este art\u00edculo ha sido redactado y\\\/o validado por el equipo de redacci\u00f3n de Revista Rambla.\",\"sameAs\":[\"https:\\\/\\\/www.revistarambla.com\\\/\",\"https:\\\/\\\/www.facebook.com\\\/revistarambla\",\"https:\\\/\\\/x.com\\\/revistarambla\"]}]}<\/script>\n<!-- \/ Yoast SEO plugin. -->","yoast_head_json":{"title":"Sudaderas personalizadas para grupos: calidad, dise\u00f1o y uni\u00f3n en una sola prenda - Revista Rambla","robots":{"index":"index","follow":"follow","max-snippet":"max-snippet:-1","max-image-preview":"max-image-preview:large","max-video-preview":"max-video-preview:-1"},"canonical":"https:\/\/www.revistarambla.com\/en\/sudaderas-personalizadas-para-grupos-calidad-diseno-y-union-en-una-sola-prenda\/","og_locale":"en_GB","og_type":"article","og_title":"Sudaderas personalizadas para grupos: calidad, dise\u00f1o y uni\u00f3n en una sola prenda - Revista Rambla","og_description":"Hoy queremos abordar un tema que supera el simple \u00e1mbito de la moda: las sudaderas personalizadas para grupos. Si alguna vez has deseado formar parte de un equipo, conmemorar una ocasi\u00f3n especial o contar con una prenda que identifique a tu colectivo, estas sudaderas son la opci\u00f3n perfecta. Y lo [&hellip;]","og_url":"https:\/\/www.revistarambla.com\/en\/sudaderas-personalizadas-para-grupos-calidad-diseno-y-union-en-una-sola-prenda\/","og_site_name":"Revista Rambla","article_publisher":"https:\/\/www.facebook.com\/revistarambla\/","article_author":"https:\/\/www.facebook.com\/revistarambla","article_published_time":"2025-08-26T12:13:31+00:00","og_image":[{"width":1200,"height":821,"url":"https:\/\/www.revistarambla.com\/wp-content\/uploads\/2025\/08\/phpnkbCBk68ac644e1f880.jpg","type":"image\/jpeg"}],"author":"R@mbla","twitter_card":"summary_large_image","twitter_creator":"@revistarambla","twitter_site":"@revistarambla","twitter_misc":{"Written by":"R@mbla","Estimated reading time":"4 minutes"},"schema":{"@context":"https:\/\/schema.org","@graph":[{"@type":"Article","@id":"https:\/\/www.revistarambla.com\/sudaderas-personalizadas-para-grupos-calidad-diseno-y-union-en-una-sola-prenda\/#article","isPartOf":{"@id":"https:\/\/www.revistarambla.com\/sudaderas-personalizadas-para-grupos-calidad-diseno-y-union-en-una-sola-prenda\/"},"author":{"name":"R@mbla","@id":"https:\/\/www.revistarambla.com\/#\/schema\/person\/a146a5a2550b94981a75131180e1bd9c"},"headline":"Sudaderas personalizadas para grupos: calidad, dise\u00f1o y uni\u00f3n en una sola prenda","datePublished":"2025-08-26T12:13:31+00:00","mainEntityOfPage":{"@id":"https:\/\/www.revistarambla.com\/sudaderas-personalizadas-para-grupos-calidad-diseno-y-union-en-una-sola-prenda\/"},"wordCount":674,"publisher":{"@id":"https:\/\/www.revistarambla.com\/#organization"},"image":{"@id":"https:\/\/www.revistarambla.com\/sudaderas-personalizadas-para-grupos-calidad-diseno-y-union-en-una-sola-prenda\/#primaryimage"},"thumbnailUrl":"https:\/\/www.revistarambla.com\/wp-content\/uploads\/2025\/08\/phpnkbCBk68ac644e1f880.jpg","articleSection":["Otras Noticias"],"inLanguage":"en-GB"},{"@type":"WebPage","@id":"https:\/\/www.revistarambla.com\/sudaderas-personalizadas-para-grupos-calidad-diseno-y-union-en-una-sola-prenda\/","url":"https:\/\/www.revistarambla.com\/sudaderas-personalizadas-para-grupos-calidad-diseno-y-union-en-una-sola-prenda\/","name":"Sudaderas personalizadas para grupos: calidad, dise\u00f1o y uni\u00f3n en una sola prenda - Revista Rambla","isPartOf":{"@id":"https:\/\/www.revistarambla.com\/#website"},"primaryImageOfPage":{"@id":"https:\/\/www.revistarambla.com\/sudaderas-personalizadas-para-grupos-calidad-diseno-y-union-en-una-sola-prenda\/#primaryimage"},"image":{"@id":"https:\/\/www.revistarambla.com\/sudaderas-personalizadas-para-grupos-calidad-diseno-y-union-en-una-sola-prenda\/#primaryimage"},"thumbnailUrl":"https:\/\/www.revistarambla.com\/wp-content\/uploads\/2025\/08\/phpnkbCBk68ac644e1f880.jpg","datePublished":"2025-08-26T12:13:31+00:00","breadcrumb":{"@id":"https:\/\/www.revistarambla.com\/sudaderas-personalizadas-para-grupos-calidad-diseno-y-union-en-una-sola-prenda\/#breadcrumb"},"inLanguage":"en-GB","potentialAction":[{"@type":"ReadAction","target":["https:\/\/www.revistarambla.com\/sudaderas-personalizadas-para-grupos-calidad-diseno-y-union-en-una-sola-prenda\/"]}]},{"@type":"ImageObject","inLanguage":"en-GB","@id":"https:\/\/www.revistarambla.com\/sudaderas-personalizadas-para-grupos-calidad-diseno-y-union-en-una-sola-prenda\/#primaryimage","url":"https:\/\/www.revistarambla.com\/wp-content\/uploads\/2025\/08\/phpnkbCBk68ac644e1f880.jpg","contentUrl":"https:\/\/www.revistarambla.com\/wp-content\/uploads\/2025\/08\/phpnkbCBk68ac644e1f880.jpg","width":1200,"height":821,"caption":"Kronix"},{"@type":"BreadcrumbList","@id":"https:\/\/www.revistarambla.com\/sudaderas-personalizadas-para-grupos-calidad-diseno-y-union-en-una-sola-prenda\/#breadcrumb","itemListElement":[{"@type":"ListItem","position":1,"name":"Portada","item":"https:\/\/www.revistarambla.com\/"},{"@type":"ListItem","position":2,"name":"Sudaderas personalizadas para grupos: calidad, dise\u00f1o y uni\u00f3n en una sola prenda"}]},{"@type":"WebSite","@id":"https:\/\/www.revistarambla.com\/#website","url":"https:\/\/www.revistarambla.com\/","name":"Revista Rambla Barcelona","description":"Periodismo independiente","publisher":{"@id":"https:\/\/www.revistarambla.com\/#organization"},"potentialAction":[{"@type":"SearchAction","target":{"@type":"EntryPoint","urlTemplate":"https:\/\/www.revistarambla.com\/?s={search_term_string}"},"query-input":{"@type":"PropertyValueSpecification","valueRequired":true,"valueName":"search_term_string"}}],"inLanguage":"en-GB"},{"@type":"Organization","@id":"https:\/\/www.revistarambla.com\/#organization","name":"Revista Rambla","url":"https:\/\/www.revistarambla.com\/","logo":{"@type":"ImageObject","inLanguage":"en-GB","@id":"https:\/\/www.revistarambla.com\/#\/schema\/logo\/image\/","url":"https:\/\/www.revistarambla.com\/wp-content\/uploads\/2020\/09\/banner_rambla_1900x600_BB.png","contentUrl":"https:\/\/www.revistarambla.com\/wp-content\/uploads\/2020\/09\/banner_rambla_1900x600_BB.png","width":1900,"height":600,"caption":"Revista Rambla"},"image":{"@id":"https:\/\/www.revistarambla.com\/#\/schema\/logo\/image\/"},"sameAs":["https:\/\/www.facebook.com\/revistarambla\/","https:\/\/x.com\/revistarambla","https:\/\/www.instagram.com\/revista_rambla","https:\/\/es.linkedin.com\/company\/revista-rambla"]},{"@type":"Person","@id":"https:\/\/www.revistarambla.com\/#\/schema\/person\/a146a5a2550b94981a75131180e1bd9c","name":"R@mbla","description":"Este art\u00edculo ha sido redactado y\/o validado por el equipo de redacci\u00f3n de Revista Rambla.","sameAs":["https:\/\/www.revistarambla.com\/","https:\/\/www.facebook.com\/revistarambla","https:\/\/x.com\/revistarambla"]}]}},"_links":{"self":[{"href":"https:\/\/www.revistarambla.com\/en\/wp-json\/wp\/v2\/posts\/66303","targetHints":{"allow":["GET"]}}],"collection":[{"href":"https:\/\/www.revistarambla.com\/en\/wp-json\/wp\/v2\/posts"}],"about":[{"href":"https:\/\/www.revistarambla.com\/en\/wp-json\/wp\/v2\/types\/post"}],"author":[{"embeddable":true,"href":"https:\/\/www.revistarambla.com\/en\/wp-json\/wp\/v2\/users\/3"}],"replies":[{"embeddable":true,"href":"https:\/\/www.revistarambla.com\/en\/wp-json\/wp\/v2\/comments?post=66303"}],"version-history":[{"count":1,"href":"https:\/\/www.revistarambla.com\/en\/wp-json\/wp\/v2\/posts\/66303\/revisions"}],"predecessor-version":[{"id":66305,"href":"https:\/\/www.revistarambla.com\/en\/wp-json\/wp\/v2\/posts\/66303\/revisions\/66305"}],"wp:featuredmedia":[{"embeddable":true,"href":"https:\/\/www.revistarambla.com\/en\/wp-json\/wp\/v2\/media\/66304"}],"wp:attachment":[{"href":"https:\/\/www.revistarambla.com\/en\/wp-json\/wp\/v2\/media?parent=66303"}],"wp:term":[{"taxonomy":"category","embeddable":true,"href":"https:\/\/www.revistarambla.com\/en\/wp-json\/wp\/v2\/categories?post=66303"},{"taxonomy":"post_tag","embeddable":true,"href":"https:\/\/www.revistarambla.com\/en\/wp-json\/wp\/v2\/tags?post=66303"}],"curies":[{"name":"wp","href":"https:\/\/api.w.org\/{rel}","templated":true}]}}