{"id":66290,"date":"2025-08-25T11:41:51","date_gmt":"2025-08-25T09:41:51","guid":{"rendered":"https:\/\/www.revistarambla.com\/?p=66290"},"modified":"2025-08-27T20:10:03","modified_gmt":"2025-08-27T18:10:03","slug":"cuando-juventud-rima-con-exclusion","status":"publish","type":"post","link":"https:\/\/www.revistarambla.com\/en\/cuando-juventud-rima-con-exclusion\/","title":{"rendered":"Cuando juventud rima con exclusi\u00f3n"},"content":{"rendered":"<p><b>Uno de cada cuatro j\u00f3venes no tendr\u00e1 un empleo ni lograr\u00e1 estudiar en el transcurso de 2025. La exclusi\u00f3n de una buena parte de la juventud interpela a la sociedad planetaria. Se trata de m\u00e1s de 260 millones de j\u00f3venes de entre 14 y 24 a\u00f1os en todo el mundo que integran la categor\u00eda de los NiNi, es decir, los que no trabajan, no estudian, ni tampoco logran realizar alg\u00fan tipo de formaci\u00f3n artesano-profesional. La tendencia es preocupante y va en aumento<\/b>.<\/p>\n<p>Seg\u00fan el Informe 2024 de la misma OIT, En 2023, los NiNi eran uno de cada cinco j\u00f3venes del mundo, es decir, el 20,4%. En tanto, se mantiene la discriminaci\u00f3n de g\u00e9nero: la tasa mundial de NiNi de las mujeres j\u00f3venes duplic\u00f3 en 2023 la de sus pares masculinos (28,1% y 13,1%, respectivamente) (<a href=\"https:\/\/www.ilo.org\/es\/node\/666121\" target=\"_blank\" rel=\"nofollow noopener\" data-saferedirecturl=\"https:\/\/www.google.com\/url?q=https:\/\/www.ilo.org\/es\/node\/666121&amp;source=gmail&amp;ust=1756200300828000&amp;usg=AOvVaw2svxG63wU6UQpkYq4_NFo2\"><i>https:\/\/www.ilo.org\/es\/node\/<wbr \/>666121<\/i><\/a>).<\/p>\n<p>Al quedar fuera del mercado de trabajo y del mundo educativo, los NiNi \u00a0reflejan la compleja tendencia llena de obst\u00e1culos hacia la integraci\u00f3n de la juventud en el mundo laboral. En un reciente art\u00edculo publicado por la Organizaci\u00f3n Internacional del Trabajo (OIT), Niall O\u2019Higgins, uno de sus investigadores estrellas, trata de clarificar con palabras simples el concepto de los NiNi. Incluye \u201ca todos los j\u00f3venes desempleados que no est\u00e1n cursando estudios, as\u00ed como un grupo mucho m\u00e1s amplio de j\u00f3venes que no tienen trabajo y no participan en ninguna actividad de formaci\u00f3n formal, pero que, por una u otra raz\u00f3n, tampoco buscan trabajo activamente\u201d.<\/p>\n<p>O&#8217;Higgins explica que aunque la tasa de NiNi no es en absoluto un indicador perfecto de c\u00f3mo se comportan los mercados laborales juveniles, \u201ces dif\u00edcil imaginar un indicador \u00fanico que lo sea o pueda serlo\u201d. Seg\u00fan el investigador, para medir dicho comportamiento la tasa de NiNi es m\u00e1s adecuada que la tradicional tasa de desempleo juvenil que se utilizaba anteriormente y que continua a emplearse en muchos estudios y estad\u00edsticas oficiales.<\/p>\n<p>En ese sentido, afirma O\u2019Higgins, \u201cla proporci\u00f3n de NiNis en la poblaci\u00f3n es un indicador m\u00e1s informativo de la magnitud del reto que supone el empleo juvenil\u201d.\u00a0 Los j\u00f3venes NiNi superan el n\u00famero de sus pares desempleados. La mayor\u00eda de ellos son mujeres j\u00f3venes y a una parte numerosa le gustar\u00eda trabajar, pero no busca un empleo activamente, ya sea por falta de disponibilidad, por escasez de puestos de trabajo, o porque otros obst\u00e1culos como las responsabilidades de cuidado familiar le impide aspirar a integrarse en el mundo del trabajo formal. En 2015 las Naciones Unidas adoptaron\u00a0como objetivo n\u00famero 8 ac\u00e1pite 6 de los Objetivos de Desarrollo del Milenio de lucha contra la pobreza la reducci\u00f3n sustancial de la\u00a0<a href=\"https:\/\/ilostat.ilo.org\/es\/data\/snapshots\/youth-neet-rate\/\" target=\"_blank\" rel=\"nofollow noopener\" data-saferedirecturl=\"https:\/\/www.google.com\/url?q=https:\/\/ilostat.ilo.org\/es\/data\/snapshots\/youth-neet-rate\/&amp;source=gmail&amp;ust=1756200300828000&amp;usg=AOvVaw0UGSmH90kRmjW6bqlLsR5_\">tasa de NiNi<\/a>. Significa que dicha tasa es el instrumento en que internacionalmente se puede evaluar el progreso hacia la integraci\u00f3n efectiva de los j\u00f3venes en el mundo laboral. Teniendo en cuenta tal criterio, seg\u00fan el investigador de la OIT, \u201clos avances hasta la fecha han sido bastante modestos\u201d.<\/p>\n<p>En ese marco, subraya O\u2019Higgins, la condici\u00f3n de NiNi es un indicador m\u00e1s fiable que el concepto de desempleo para analizar la vulnerabilidad o la fragilidad social. En contextos en los que el acceso a la protecci\u00f3n social es limitado o inexistente los j\u00f3venes solo pueden permitirse estar desempleados durante un tiempo mientras buscan oportunidades de trabajo razonables si sus familias tienen recursos para mantenerlos. Los j\u00f3venes m\u00e1s pobres y vulnerables no pueden permitirse ese \u201clujo\u201d. Incluso aun en los pa\u00edses de ingresos altos, los j\u00f3venes NiNi, fuera del mercado laboral,\u00a0<a href=\"https:\/\/www.cogitatiopress.com\/politicsandgovernance\/article\/view\/7469\" target=\"_blank\" rel=\"nofollow noopener\" data-saferedirecturl=\"https:\/\/www.google.com\/url?q=https:\/\/www.cogitatiopress.com\/politicsandgovernance\/article\/view\/7469&amp;source=gmail&amp;ust=1756200300828000&amp;usg=AOvVaw1HBp65ZTFHPD0pfNWvxprN\">corren un riesgo mayor de exclusi\u00f3n econ\u00f3mica y social a largo plazo<\/a>. Realidad que se agrava en el caso de las mujeres j\u00f3venes con responsabilidades de cuidado, es decir, aquellas que se dedican a la atenci\u00f3n de familiares mayores, menores o enfermos.<\/p>\n<p>Con la revisi\u00f3n de las estad\u00edsticas internacionales sobre el empleo, <a href=\"https:\/\/www.ilo.org\/es\/resource\/resolucion-de-modificacion-de-la-resolucion-sobre-las-estadisticas-del-1\" target=\"_blank\" rel=\"nofollow noopener\" data-saferedirecturl=\"https:\/\/www.google.com\/url?q=https:\/\/www.ilo.org\/es\/resource\/resolucion-de-modificacion-de-la-resolucion-sobre-las-estadisticas-del-1&amp;source=gmail&amp;ust=1756200300828000&amp;usg=AOvVaw34NBOKL3dFleLU1Ypa2O5r\">para ser considerado como empleado es condici\u00f3n recibir una remuneraci\u00f3n<\/a>. Esto significa que los j\u00f3venes que realizan trabajos no remunerados, como la agricultura de subsistencia, no se consideran activos laboralmente y, por lo tanto, si no est\u00e1n cursando alg\u00fan tipo de estudio, se les identifica como NiNi (<a href=\"https:\/\/www.ilo.org\/es\/resource\/articulo\/medir-lo-importante-los-nini-frente-al-desempleo-juvenil#:~:text=La%20OIT%20estima%20que%20en,estudian%20ni%20siguen%20una%20formaci%C3%B3n\" target=\"_blank\" rel=\"nofollow noopener\" data-saferedirecturl=\"https:\/\/www.google.com\/url?q=https:\/\/www.ilo.org\/es\/resource\/articulo\/medir-lo-importante-los-nini-frente-al-desempleo-juvenil%23:~:text%3DLa%2520OIT%2520estima%2520que%2520en,estudian%2520ni%2520siguen%2520una%2520formaci%25C3%25B3n&amp;source=gmail&amp;ust=1756200300828000&amp;usg=AOvVaw2tQfxoBDbTBJOhDQ0m86YR\"><i>https:\/\/www.ilo.org\/es\/<wbr \/>resource\/articulo\/medir-lo-<wbr \/>importante-los-nini-frente-al-<wbr \/>desempleo-juvenil#:~:text=La%<wbr \/>20OIT%20estima%20que%20en,<wbr \/>estudian%20ni%20siguen%20una%<wbr \/>20formaci%C3%B3n<\/i><\/a>).<b><\/b><\/p>\n<p><b>Latinoam\u00e9rica y la marginalidad juvenil<\/b><\/p>\n<p>En Am\u00e9rica Latina, coincidiendo con las estad\u00edsticas mundiales, uno de cada cuatro j\u00f3venes de entre 18 y 24 a\u00f1os no estudia ni cuenta con un trabajo asalariado. De ese total, m\u00e1s del 70% son mujeres dedicadas exclusivamente a los cuidados del hogar.<\/p>\n<p>Seg\u00fan la Organizaci\u00f3n Internacional del Trabajo (OIT) las tasas de informalidad juvenil alcanzan en el continente latinoamericano cerca del 60%, en comparaci\u00f3n con el 47,5% de los adultos, en tanto los ingresos de las personas j\u00f3venes representan el 60% de los ingresos de los adultos (<a href=\"https:\/\/www.ilo.org\/sites\/default\/files\/2025-02\/Informe%20juventud%20en%20cambio%202025.pdf\" target=\"_blank\" rel=\"nofollow noopener\" data-saferedirecturl=\"https:\/\/www.google.com\/url?q=https:\/\/www.ilo.org\/sites\/default\/files\/2025-02\/Informe%2520juventud%2520en%2520cambio%25202025.pdf&amp;source=gmail&amp;ust=1756200300828000&amp;usg=AOvVaw1iWbd7mH5mJdf3Rrtg35Bn\"><i>https:\/\/www.ilo.org\/sites\/<wbr \/>default\/files\/2025-02\/Informe%<wbr \/>20juventud%20en%20cambio%<wbr \/>202025.pdf<\/i><\/a>).<\/p>\n<p>Por su parte, en noviembre de 2024 la Comisi\u00f3n Econ\u00f3mica para Am\u00e9rica Latina (CEPAL) public\u00f3 el <i>Estudio prospectivo del empleo juvenil en Am\u00e9rica Latina. <\/i>El mismo concluye que las perspectivas hasta el 2030 no son demasiado optimistas: \u201ccontinuar\u00e1 la tendencia de desplazamiento de las y los j\u00f3venes desde la agricultura y manufactura hacia el sector de los servicios\u201d. Seg\u00fan la CEPAL, en el marco de un escenario realista que incluye datos de 16 pa\u00edses de la regi\u00f3n (y s\u00f3lo considerando el aumento en la tasa de finalizaci\u00f3n de secundaria como variable estrat\u00e9gica en el an\u00e1lisis prospectivo), m\u00e1s de 1,2 millones de j\u00f3venes dejar\u00edan el sector agr\u00edcola, cerca de 640 mil el manufacturero y m\u00e1s de 1,8 millones ingresar\u00edan al sector servicios, que, en la regi\u00f3n, se caracteriza por bajos niveles de productividad laboral. Es decir, en caso de confirmarse esa tendencia, se dar\u00e1 una degradaci\u00f3n de la calidad y la productividad del trabajo juvenil.<\/p>\n<p>Cifras que podr\u00edan aumentar debido a la intensificaci\u00f3n de la migraci\u00f3n interna producto del cambio clim\u00e1tico y de la reconfiguraci\u00f3n de la migraci\u00f3n intrarregional. Seg\u00fan el estudio de la CEPAL, si no se implementan medidas para anticipar estos cambios podr\u00eda ocurrir que el mayor n\u00famero de j\u00f3venes que busca empleo supere la demanda existente, en particular, en zonas urbanas. M\u00e1s a\u00fan, el desajuste entre oferta y demanda podr\u00eda profundizarse debido a los procesos de automatizaci\u00f3n, grave riesgo que enfrenta en particular la poblaci\u00f3n juvenil. Esta situaci\u00f3n impactar\u00eda en mayores niveles de desocupaci\u00f3n en ese grupo etario y en el aumento de los sectores informales (<a href=\"https:\/\/repositorio.cepal.org\/server\/api\/core\/bitstreams\/846790fb-eb41-41b3-ba0a-e7dd80347bd7\/content\" target=\"_blank\" rel=\"nofollow noopener\" data-saferedirecturl=\"https:\/\/www.google.com\/url?q=https:\/\/repositorio.cepal.org\/server\/api\/core\/bitstreams\/846790fb-eb41-41b3-ba0a-e7dd80347bd7\/content&amp;source=gmail&amp;ust=1756200300828000&amp;usg=AOvVaw0Ny_LDaIo3iqcqmVzfaxQa\"><i>https:\/\/repositorio.cepal.<wbr \/>org\/server\/api\/core\/<wbr \/>bitstreams\/846790fb-eb41-41b3-<wbr \/>ba0a-e7dd80347bd7\/content<\/i><\/a>).<i><\/i><\/p>\n<p><b>Europa no va mejor<\/b><\/p>\n<p>No s\u00f3lo los NiNi pagan el precio de la marginalidad en los pa\u00edses en desarrollo. Tambi\u00e9n en naciones y regiones de altos ingresos la juventud experimenta golpes cotidianos a sus aspiraciones de progreso social. La segunda semana de agosto un informe del Sindicato Comisiones Obreras (CCOO) de Espa\u00f1a dise\u00f1\u00f3 una radiograf\u00eda impactante de la situaci\u00f3n en ese pa\u00eds europeo. Seg\u00fan el sindicato, los j\u00f3venes ganan un 25% menos que la media nacional; un 43% ha trabajado sin contar con un contrato formal y una de cada tres corre el riesgo de caer en la pobreza o en la exclusi\u00f3n social. El informe presenta un sombr\u00edo balance retrospectivo y llega a la conclusi\u00f3n que la juventud gana actualmente un 20% menos de lo que percib\u00edan \u201cnuestros padres y madres a nuestra edad\u201d.<\/p>\n<p>Pau Garcia Orrit, secretaria confederal de Juventud de CCOO sostiene: \u201cAunque en los \u00faltimos a\u00f1os se han producido avances significativos en el \u00e1mbito laboral juvenil \u2014mejoras en el acceso al empleo y condiciones de trabajo, incluso en un contexto marcado por sucesivas crisis y situaciones excepcionales\u2014 la precariedad estructural sigue condicionando profundamente la vida de la juventud en Espa\u00f1a\u201d. Si bien el desempleo juvenil ha descendido a m\u00ednimos hist\u00f3ricos,\u00a0el pa\u00eds ib\u00e9rico contin\u00faa en el primer lugar de precariedad juvenil en Europa. Agravado por un fen\u00f3meno no menos preocupante: el 85% de la juventud sigue viviendo con sus padres y madres.\u00a0\u201cEl acceso a un alquiler asequible se ha convertido en una odisea, y la emancipaci\u00f3n es un horizonte cada vez m\u00e1s lejano. Comprar una vivienda es directamente imposible para la mayor\u00eda de la juventud\u201d.<\/p>\n<p>La central sindical advierte que el presente sin estabilidad ni certezas ha convertido a\u00a0la juventud en una categor\u00eda cada vez m\u00e1s vac\u00eda de significado.\u00a0Ser joven hoy ya no es una etapa en la que se aprenda a construir un proyecto de vida, sino que es sin\u00f3nimo de inseguridad, precariedad y falta de expectativas. Una juventud \u201cvaciada de contenido real\u201d (<a href=\"https:\/\/www.ccoo.es\/noticia:734394--La_juventud_no_se_rinde_Jovenes_CCOO_exige_respuestas_para_una_situacion_de_emergencia&amp;opc_id=8c53f4de8f8f09d2e54f19daf8d8ed95\" target=\"_blank\" rel=\"nofollow noopener\" data-saferedirecturl=\"https:\/\/www.google.com\/url?q=https:\/\/www.ccoo.es\/noticia:734394--La_juventud_no_se_rinde_Jovenes_CCOO_exige_respuestas_para_una_situacion_de_emergencia%26opc_id%3D8c53f4de8f8f09d2e54f19daf8d8ed95&amp;source=gmail&amp;ust=1756200300828000&amp;usg=AOvVaw1VPys4JquVx_V87wiFdb_X\"><i>https:\/\/www.ccoo.es\/noticia:<wbr \/>734394&#8211;La_juventud_no_se_<wbr \/>rinde_Jovenes_CCOO_exige_<wbr \/>respuestas_para_una_situacion_<wbr \/>de_emergencia&amp;opc_id=<wbr \/>8c53f4de8f8f09d2e54f19daf8d8ed<wbr \/>95<\/i><\/a>).<\/p>\n<p>La precariedad laboral y educativa de la juventud contin\u00faa siendo un flagelo con profundas repercusiones sociales. Aunque golpea principalmente a pa\u00edses del Sur Global no se limita a este marco geogr\u00e1fico. Diez pa\u00edses europeos tienen tasas de desempleo juvenil que oscilan entre el 19% y el 25%. A la cabeza Espa\u00f1a y Rumania, con una o un joven cada cuatro en el desempleo, seguidos de cerca por Suecia. En tanto Finlandia, Italia, B\u00e9lgica, Portugal y Francia se ubican en torno de uno cada cinco. La exclusi\u00f3n juvenil aparece as\u00ed casi como una norma, en un mundo regido de m\u00e1s en m\u00e1s por los hombres adultos.<\/p>","protected":false},"excerpt":{"rendered":"<p>Uno de cada cuatro j\u00f3venes no tendr\u00e1 un empleo ni lograr\u00e1 estudiar en el transcurso de 2025. La exclusi\u00f3n de una buena parte de la juventud interpela a la sociedad planetaria. Se trata de m\u00e1s de 260 millones de j\u00f3venes de entre 14 y 24 a\u00f1os en todo el mundo [&hellip;]<\/p>\n","protected":false},"author":24,"featured_media":66291,"comment_status":"closed","ping_status":"closed","sticky":false,"template":"","format":"standard","meta":{"footnotes":""},"categories":[4108],"tags":[],"class_list":["post-66290","post","type-post","status-publish","format-standard","has-post-thumbnail","hentry","category-el-apunte-de-sergio-ferrari"],"yoast_head":"<!-- This site is optimized with the Yoast SEO plugin v27.5 - https:\/\/yoast.com\/product\/yoast-seo-wordpress\/ -->\n<title>Cuando juventud rima con exclusi\u00f3n - Revista Rambla<\/title>\n<meta name=\"robots\" content=\"index, follow, max-snippet:-1, max-image-preview:large, max-video-preview:-1\" \/>\n<link rel=\"canonical\" href=\"https:\/\/www.revistarambla.com\/en\/cuando-juventud-rima-con-exclusion\/\" \/>\n<meta property=\"og:locale\" content=\"en_GB\" \/>\n<meta property=\"og:type\" content=\"article\" \/>\n<meta property=\"og:title\" content=\"Cuando juventud rima con exclusi\u00f3n - Revista Rambla\" \/>\n<meta property=\"og:description\" content=\"Uno de cada cuatro j\u00f3venes no tendr\u00e1 un empleo ni lograr\u00e1 estudiar en el transcurso de 2025. La exclusi\u00f3n de una buena parte de la juventud interpela a la sociedad planetaria. Se trata de m\u00e1s de 260 millones de j\u00f3venes de entre 14 y 24 a\u00f1os en todo el mundo [&hellip;]\" \/>\n<meta property=\"og:url\" content=\"https:\/\/www.revistarambla.com\/en\/cuando-juventud-rima-con-exclusion\/\" \/>\n<meta property=\"og:site_name\" content=\"Revista Rambla\" \/>\n<meta property=\"article:publisher\" content=\"https:\/\/www.facebook.com\/revistarambla\/\" \/>\n<meta property=\"article:author\" content=\"https:\/\/www.facebook.com\/sergio.ferrari.9655\" \/>\n<meta property=\"article:published_time\" content=\"2025-08-25T09:41:51+00:00\" \/>\n<meta property=\"article:modified_time\" content=\"2025-08-27T18:10:03+00:00\" \/>\n<meta property=\"og:image\" content=\"https:\/\/www.revistarambla.com\/wp-content\/uploads\/2025\/08\/Hacia-2030-se-preve-un-desplazamiento-significativo-de-la-juventud-del-campo-hacia-actividades-de-servicio-.-Foto-Heba-Khamis_FAO.jpg\" \/>\n\t<meta property=\"og:image:width\" content=\"1920\" \/>\n\t<meta property=\"og:image:height\" content=\"1201\" \/>\n\t<meta property=\"og:image:type\" content=\"image\/jpeg\" \/>\n<meta name=\"author\" content=\"Sergio Ferrari\" \/>\n<meta name=\"twitter:card\" content=\"summary_large_image\" \/>\n<meta name=\"twitter:creator\" content=\"@SergiooFerrari\" \/>\n<meta name=\"twitter:site\" content=\"@revistarambla\" \/>\n<meta name=\"twitter:label1\" content=\"Written by\" \/>\n\t<meta name=\"twitter:data1\" content=\"Sergio Ferrari\" \/>\n\t<meta name=\"twitter:label2\" content=\"Estimated reading time\" \/>\n\t<meta name=\"twitter:data2\" content=\"7 minutes\" \/>\n<script type=\"application\/ld+json\" class=\"yoast-schema-graph\">{\"@context\":\"https:\\\/\\\/schema.org\",\"@graph\":[{\"@type\":\"Article\",\"@id\":\"https:\\\/\\\/www.revistarambla.com\\\/cuando-juventud-rima-con-exclusion\\\/#article\",\"isPartOf\":{\"@id\":\"https:\\\/\\\/www.revistarambla.com\\\/cuando-juventud-rima-con-exclusion\\\/\"},\"author\":{\"name\":\"Sergio Ferrari\",\"@id\":\"https:\\\/\\\/www.revistarambla.com\\\/#\\\/schema\\\/person\\\/339e2410a25811f9912d8a8551fa5d96\"},\"headline\":\"Cuando juventud rima con exclusi\u00f3n\",\"datePublished\":\"2025-08-25T09:41:51+00:00\",\"dateModified\":\"2025-08-27T18:10:03+00:00\",\"mainEntityOfPage\":{\"@id\":\"https:\\\/\\\/www.revistarambla.com\\\/cuando-juventud-rima-con-exclusion\\\/\"},\"wordCount\":1671,\"publisher\":{\"@id\":\"https:\\\/\\\/www.revistarambla.com\\\/#organization\"},\"image\":{\"@id\":\"https:\\\/\\\/www.revistarambla.com\\\/cuando-juventud-rima-con-exclusion\\\/#primaryimage\"},\"thumbnailUrl\":\"https:\\\/\\\/www.revistarambla.com\\\/wp-content\\\/uploads\\\/2025\\\/08\\\/Hacia-2030-se-preve-un-desplazamiento-significativo-de-la-juventud-del-campo-hacia-actividades-de-servicio-.-Foto-Heba-Khamis_FAO.jpg\",\"articleSection\":[\"El Apunte\"],\"inLanguage\":\"en-GB\"},{\"@type\":\"WebPage\",\"@id\":\"https:\\\/\\\/www.revistarambla.com\\\/cuando-juventud-rima-con-exclusion\\\/\",\"url\":\"https:\\\/\\\/www.revistarambla.com\\\/cuando-juventud-rima-con-exclusion\\\/\",\"name\":\"Cuando juventud rima con exclusi\u00f3n - Revista Rambla\",\"isPartOf\":{\"@id\":\"https:\\\/\\\/www.revistarambla.com\\\/#website\"},\"primaryImageOfPage\":{\"@id\":\"https:\\\/\\\/www.revistarambla.com\\\/cuando-juventud-rima-con-exclusion\\\/#primaryimage\"},\"image\":{\"@id\":\"https:\\\/\\\/www.revistarambla.com\\\/cuando-juventud-rima-con-exclusion\\\/#primaryimage\"},\"thumbnailUrl\":\"https:\\\/\\\/www.revistarambla.com\\\/wp-content\\\/uploads\\\/2025\\\/08\\\/Hacia-2030-se-preve-un-desplazamiento-significativo-de-la-juventud-del-campo-hacia-actividades-de-servicio-.-Foto-Heba-Khamis_FAO.jpg\",\"datePublished\":\"2025-08-25T09:41:51+00:00\",\"dateModified\":\"2025-08-27T18:10:03+00:00\",\"breadcrumb\":{\"@id\":\"https:\\\/\\\/www.revistarambla.com\\\/cuando-juventud-rima-con-exclusion\\\/#breadcrumb\"},\"inLanguage\":\"en-GB\",\"potentialAction\":[{\"@type\":\"ReadAction\",\"target\":[\"https:\\\/\\\/www.revistarambla.com\\\/cuando-juventud-rima-con-exclusion\\\/\"]}]},{\"@type\":\"ImageObject\",\"inLanguage\":\"en-GB\",\"@id\":\"https:\\\/\\\/www.revistarambla.com\\\/cuando-juventud-rima-con-exclusion\\\/#primaryimage\",\"url\":\"https:\\\/\\\/www.revistarambla.com\\\/wp-content\\\/uploads\\\/2025\\\/08\\\/Hacia-2030-se-preve-un-desplazamiento-significativo-de-la-juventud-del-campo-hacia-actividades-de-servicio-.-Foto-Heba-Khamis_FAO.jpg\",\"contentUrl\":\"https:\\\/\\\/www.revistarambla.com\\\/wp-content\\\/uploads\\\/2025\\\/08\\\/Hacia-2030-se-preve-un-desplazamiento-significativo-de-la-juventud-del-campo-hacia-actividades-de-servicio-.-Foto-Heba-Khamis_FAO.jpg\",\"width\":1920,\"height\":1201,\"caption\":\"10 July 2018, Bangar el Sokor, Nubaria, Egypt. Labourers are loading tomatoes to the wholesalers trucks.\"},{\"@type\":\"BreadcrumbList\",\"@id\":\"https:\\\/\\\/www.revistarambla.com\\\/cuando-juventud-rima-con-exclusion\\\/#breadcrumb\",\"itemListElement\":[{\"@type\":\"ListItem\",\"position\":1,\"name\":\"Portada\",\"item\":\"https:\\\/\\\/www.revistarambla.com\\\/\"},{\"@type\":\"ListItem\",\"position\":2,\"name\":\"Cuando juventud rima con exclusi\u00f3n\"}]},{\"@type\":\"WebSite\",\"@id\":\"https:\\\/\\\/www.revistarambla.com\\\/#website\",\"url\":\"https:\\\/\\\/www.revistarambla.com\\\/\",\"name\":\"Revista Rambla Barcelona\",\"description\":\"Periodismo independiente\",\"publisher\":{\"@id\":\"https:\\\/\\\/www.revistarambla.com\\\/#organization\"},\"potentialAction\":[{\"@type\":\"SearchAction\",\"target\":{\"@type\":\"EntryPoint\",\"urlTemplate\":\"https:\\\/\\\/www.revistarambla.com\\\/?s={search_term_string}\"},\"query-input\":{\"@type\":\"PropertyValueSpecification\",\"valueRequired\":true,\"valueName\":\"search_term_string\"}}],\"inLanguage\":\"en-GB\"},{\"@type\":\"Organization\",\"@id\":\"https:\\\/\\\/www.revistarambla.com\\\/#organization\",\"name\":\"Revista Rambla\",\"url\":\"https:\\\/\\\/www.revistarambla.com\\\/\",\"logo\":{\"@type\":\"ImageObject\",\"inLanguage\":\"en-GB\",\"@id\":\"https:\\\/\\\/www.revistarambla.com\\\/#\\\/schema\\\/logo\\\/image\\\/\",\"url\":\"https:\\\/\\\/www.revistarambla.com\\\/wp-content\\\/uploads\\\/2020\\\/09\\\/banner_rambla_1900x600_BB.png\",\"contentUrl\":\"https:\\\/\\\/www.revistarambla.com\\\/wp-content\\\/uploads\\\/2020\\\/09\\\/banner_rambla_1900x600_BB.png\",\"width\":1900,\"height\":600,\"caption\":\"Revista Rambla\"},\"image\":{\"@id\":\"https:\\\/\\\/www.revistarambla.com\\\/#\\\/schema\\\/logo\\\/image\\\/\"},\"sameAs\":[\"https:\\\/\\\/www.facebook.com\\\/revistarambla\\\/\",\"https:\\\/\\\/x.com\\\/revistarambla\",\"https:\\\/\\\/www.instagram.com\\\/revista_rambla\",\"https:\\\/\\\/es.linkedin.com\\\/company\\\/revista-rambla\"]},{\"@type\":\"Person\",\"@id\":\"https:\\\/\\\/www.revistarambla.com\\\/#\\\/schema\\\/person\\\/339e2410a25811f9912d8a8551fa5d96\",\"name\":\"Sergio Ferrari\",\"description\":\"Periodista argentino radicado en Berna, Suiza. Acreditado ante el Gobierno suizo. Colaborador regular de numerosos medios latinoamericanos y europeos.\",\"sameAs\":[\"https:\\\/\\\/www.voltairenet.org\\\/auteur120173.html?lang=es\",\"https:\\\/\\\/www.facebook.com\\\/sergio.ferrari.9655\",\"https:\\\/\\\/x.com\\\/SergiooFerrari\"]}]}<\/script>\n<!-- \/ Yoast SEO plugin. -->","yoast_head_json":{"title":"Cuando juventud rima con exclusi\u00f3n - Revista Rambla","robots":{"index":"index","follow":"follow","max-snippet":"max-snippet:-1","max-image-preview":"max-image-preview:large","max-video-preview":"max-video-preview:-1"},"canonical":"https:\/\/www.revistarambla.com\/en\/cuando-juventud-rima-con-exclusion\/","og_locale":"en_GB","og_type":"article","og_title":"Cuando juventud rima con exclusi\u00f3n - Revista Rambla","og_description":"Uno de cada cuatro j\u00f3venes no tendr\u00e1 un empleo ni lograr\u00e1 estudiar en el transcurso de 2025. La exclusi\u00f3n de una buena parte de la juventud interpela a la sociedad planetaria. Se trata de m\u00e1s de 260 millones de j\u00f3venes de entre 14 y 24 a\u00f1os en todo el mundo [&hellip;]","og_url":"https:\/\/www.revistarambla.com\/en\/cuando-juventud-rima-con-exclusion\/","og_site_name":"Revista Rambla","article_publisher":"https:\/\/www.facebook.com\/revistarambla\/","article_author":"https:\/\/www.facebook.com\/sergio.ferrari.9655","article_published_time":"2025-08-25T09:41:51+00:00","article_modified_time":"2025-08-27T18:10:03+00:00","og_image":[{"width":1920,"height":1201,"url":"https:\/\/www.revistarambla.com\/wp-content\/uploads\/2025\/08\/Hacia-2030-se-preve-un-desplazamiento-significativo-de-la-juventud-del-campo-hacia-actividades-de-servicio-.-Foto-Heba-Khamis_FAO.jpg","type":"image\/jpeg"}],"author":"Sergio Ferrari","twitter_card":"summary_large_image","twitter_creator":"@SergiooFerrari","twitter_site":"@revistarambla","twitter_misc":{"Written by":"Sergio Ferrari","Estimated reading time":"7 minutes"},"schema":{"@context":"https:\/\/schema.org","@graph":[{"@type":"Article","@id":"https:\/\/www.revistarambla.com\/cuando-juventud-rima-con-exclusion\/#article","isPartOf":{"@id":"https:\/\/www.revistarambla.com\/cuando-juventud-rima-con-exclusion\/"},"author":{"name":"Sergio Ferrari","@id":"https:\/\/www.revistarambla.com\/#\/schema\/person\/339e2410a25811f9912d8a8551fa5d96"},"headline":"Cuando juventud rima con exclusi\u00f3n","datePublished":"2025-08-25T09:41:51+00:00","dateModified":"2025-08-27T18:10:03+00:00","mainEntityOfPage":{"@id":"https:\/\/www.revistarambla.com\/cuando-juventud-rima-con-exclusion\/"},"wordCount":1671,"publisher":{"@id":"https:\/\/www.revistarambla.com\/#organization"},"image":{"@id":"https:\/\/www.revistarambla.com\/cuando-juventud-rima-con-exclusion\/#primaryimage"},"thumbnailUrl":"https:\/\/www.revistarambla.com\/wp-content\/uploads\/2025\/08\/Hacia-2030-se-preve-un-desplazamiento-significativo-de-la-juventud-del-campo-hacia-actividades-de-servicio-.-Foto-Heba-Khamis_FAO.jpg","articleSection":["El Apunte"],"inLanguage":"en-GB"},{"@type":"WebPage","@id":"https:\/\/www.revistarambla.com\/cuando-juventud-rima-con-exclusion\/","url":"https:\/\/www.revistarambla.com\/cuando-juventud-rima-con-exclusion\/","name":"Cuando juventud rima con exclusi\u00f3n - Revista Rambla","isPartOf":{"@id":"https:\/\/www.revistarambla.com\/#website"},"primaryImageOfPage":{"@id":"https:\/\/www.revistarambla.com\/cuando-juventud-rima-con-exclusion\/#primaryimage"},"image":{"@id":"https:\/\/www.revistarambla.com\/cuando-juventud-rima-con-exclusion\/#primaryimage"},"thumbnailUrl":"https:\/\/www.revistarambla.com\/wp-content\/uploads\/2025\/08\/Hacia-2030-se-preve-un-desplazamiento-significativo-de-la-juventud-del-campo-hacia-actividades-de-servicio-.-Foto-Heba-Khamis_FAO.jpg","datePublished":"2025-08-25T09:41:51+00:00","dateModified":"2025-08-27T18:10:03+00:00","breadcrumb":{"@id":"https:\/\/www.revistarambla.com\/cuando-juventud-rima-con-exclusion\/#breadcrumb"},"inLanguage":"en-GB","potentialAction":[{"@type":"ReadAction","target":["https:\/\/www.revistarambla.com\/cuando-juventud-rima-con-exclusion\/"]}]},{"@type":"ImageObject","inLanguage":"en-GB","@id":"https:\/\/www.revistarambla.com\/cuando-juventud-rima-con-exclusion\/#primaryimage","url":"https:\/\/www.revistarambla.com\/wp-content\/uploads\/2025\/08\/Hacia-2030-se-preve-un-desplazamiento-significativo-de-la-juventud-del-campo-hacia-actividades-de-servicio-.-Foto-Heba-Khamis_FAO.jpg","contentUrl":"https:\/\/www.revistarambla.com\/wp-content\/uploads\/2025\/08\/Hacia-2030-se-preve-un-desplazamiento-significativo-de-la-juventud-del-campo-hacia-actividades-de-servicio-.-Foto-Heba-Khamis_FAO.jpg","width":1920,"height":1201,"caption":"10 July 2018, Bangar el Sokor, Nubaria, Egypt. Labourers are loading tomatoes to the wholesalers trucks."},{"@type":"BreadcrumbList","@id":"https:\/\/www.revistarambla.com\/cuando-juventud-rima-con-exclusion\/#breadcrumb","itemListElement":[{"@type":"ListItem","position":1,"name":"Portada","item":"https:\/\/www.revistarambla.com\/"},{"@type":"ListItem","position":2,"name":"Cuando juventud rima con exclusi\u00f3n"}]},{"@type":"WebSite","@id":"https:\/\/www.revistarambla.com\/#website","url":"https:\/\/www.revistarambla.com\/","name":"Revista Rambla Barcelona","description":"Periodismo independiente","publisher":{"@id":"https:\/\/www.revistarambla.com\/#organization"},"potentialAction":[{"@type":"SearchAction","target":{"@type":"EntryPoint","urlTemplate":"https:\/\/www.revistarambla.com\/?s={search_term_string}"},"query-input":{"@type":"PropertyValueSpecification","valueRequired":true,"valueName":"search_term_string"}}],"inLanguage":"en-GB"},{"@type":"Organization","@id":"https:\/\/www.revistarambla.com\/#organization","name":"Revista Rambla","url":"https:\/\/www.revistarambla.com\/","logo":{"@type":"ImageObject","inLanguage":"en-GB","@id":"https:\/\/www.revistarambla.com\/#\/schema\/logo\/image\/","url":"https:\/\/www.revistarambla.com\/wp-content\/uploads\/2020\/09\/banner_rambla_1900x600_BB.png","contentUrl":"https:\/\/www.revistarambla.com\/wp-content\/uploads\/2020\/09\/banner_rambla_1900x600_BB.png","width":1900,"height":600,"caption":"Revista Rambla"},"image":{"@id":"https:\/\/www.revistarambla.com\/#\/schema\/logo\/image\/"},"sameAs":["https:\/\/www.facebook.com\/revistarambla\/","https:\/\/x.com\/revistarambla","https:\/\/www.instagram.com\/revista_rambla","https:\/\/es.linkedin.com\/company\/revista-rambla"]},{"@type":"Person","@id":"https:\/\/www.revistarambla.com\/#\/schema\/person\/339e2410a25811f9912d8a8551fa5d96","name":"Sergio Ferrari","description":"Periodista argentino radicado en Berna, Suiza. Acreditado ante el Gobierno suizo. Colaborador regular de numerosos medios latinoamericanos y europeos.","sameAs":["https:\/\/www.voltairenet.org\/auteur120173.html?lang=es","https:\/\/www.facebook.com\/sergio.ferrari.9655","https:\/\/x.com\/SergiooFerrari"]}]}},"_links":{"self":[{"href":"https:\/\/www.revistarambla.com\/en\/wp-json\/wp\/v2\/posts\/66290","targetHints":{"allow":["GET"]}}],"collection":[{"href":"https:\/\/www.revistarambla.com\/en\/wp-json\/wp\/v2\/posts"}],"about":[{"href":"https:\/\/www.revistarambla.com\/en\/wp-json\/wp\/v2\/types\/post"}],"author":[{"embeddable":true,"href":"https:\/\/www.revistarambla.com\/en\/wp-json\/wp\/v2\/users\/24"}],"replies":[{"embeddable":true,"href":"https:\/\/www.revistarambla.com\/en\/wp-json\/wp\/v2\/comments?post=66290"}],"version-history":[{"count":2,"href":"https:\/\/www.revistarambla.com\/en\/wp-json\/wp\/v2\/posts\/66290\/revisions"}],"predecessor-version":[{"id":66322,"href":"https:\/\/www.revistarambla.com\/en\/wp-json\/wp\/v2\/posts\/66290\/revisions\/66322"}],"wp:featuredmedia":[{"embeddable":true,"href":"https:\/\/www.revistarambla.com\/en\/wp-json\/wp\/v2\/media\/66291"}],"wp:attachment":[{"href":"https:\/\/www.revistarambla.com\/en\/wp-json\/wp\/v2\/media?parent=66290"}],"wp:term":[{"taxonomy":"category","embeddable":true,"href":"https:\/\/www.revistarambla.com\/en\/wp-json\/wp\/v2\/categories?post=66290"},{"taxonomy":"post_tag","embeddable":true,"href":"https:\/\/www.revistarambla.com\/en\/wp-json\/wp\/v2\/tags?post=66290"}],"curies":[{"name":"wp","href":"https:\/\/api.w.org\/{rel}","templated":true}]}}