{"id":66265,"date":"2025-08-24T12:28:46","date_gmt":"2025-08-24T10:28:46","guid":{"rendered":"https:\/\/www.revistarambla.com\/?p=66265"},"modified":"2025-09-27T09:43:46","modified_gmt":"2025-09-27T07:43:46","slug":"helene-roger-viollet-la-lente-indomable-que-capturo-la-historia","status":"publish","type":"post","link":"https:\/\/www.revistarambla.com\/en\/helene-roger-viollet-la-lente-indomable-que-capturo-la-historia\/","title":{"rendered":"H\u00e9l\u00e8ne Roger-Viollet: la lente indomable que captur\u00f3 la historia"},"content":{"rendered":"<p>En un mundo donde las mujeres eran relegadas a los m\u00e1rgenes de la historia, H\u00e9l\u00e8ne Roger-Viollet (1901-1985) desafi\u00f3 las normas con una c\u00e1mara en la mano y una visi\u00f3n que trascendi\u00f3 fronteras y \u00e9pocas. Pionera del fotoperiodismo, fundadora de la prestigiosa agencia fotogr\u00e1fica Roger-Viollet, y testigo privilegiada de los horrores y esperanzas de la guerra civil espa\u00f1ola, su vida es un testimonio de valent\u00eda, talento y tragedia. Sin embargo, su legado, eclipsado por un crimen brutal, merece ser rescatado del olvido.<\/p>\n<p>H\u00e9l\u00e8ne Pauline Henriette Marie Roger naci\u00f3 el 10 de julio de 1901 en el coraz\u00f3n de Par\u00eds, en el seno de una familia marcada por la creatividad y el compromiso social. Su padre, Henri Roger, un ingeniero qu\u00edmico y fot\u00f3grafo aficionado, fue su primer mentor. Desde ni\u00f1a, H\u00e9l\u00e8ne creci\u00f3 entre negativos y c\u00e1maras, aprendiendo los secretos del laboratorio fotogr\u00e1fico en una era en que la fotograf\u00eda era una novedad t\u00e9cnica y art\u00edstica. Su madre, Jeanne Viollet, descendiente de una familia comprometida con los derechos humanos, le inculc\u00f3 un sentido de justicia que marcar\u00eda su activismo posterior. Este entorno, donde la ciencia y la sensibilidad se entrelazaban, forj\u00f3 a una joven curiosa y determinada.<\/p>\n<p>En una \u00e9poca en que las mujeres ten\u00edan acceso limitado a la educaci\u00f3n superior, H\u00e9l\u00e8ne se inscribi\u00f3 en la Escuela de Periodismo de Par\u00eds, una de las pocas de su promoci\u00f3n. All\u00ed conoci\u00f3 a Jean-Victor Fischer, un joven alem\u00e1n que se convertir\u00eda en su compa\u00f1ero inseparable, tanto en la vida como en el trabajo. Juntos, desafiaron las convenciones de una sociedad patriarcal, no solo por su colaboraci\u00f3n profesional, sino porque H\u00e9l\u00e8ne, conocida en su agencia como \u201cla jefa\u201d, asumi\u00f3 un liderazgo que incomodaba a muchos, incluido, seg\u00fan algunas teor\u00edas, a su propio esposo.<\/p>\n<figure id=\"attachment_66267\" aria-describedby=\"caption-attachment-66267\" style=\"width: 1000px\" class=\"wp-caption aligncenter\"><img decoding=\"async\" class=\"wp-image-66267 size-full\" src=\"https:\/\/www.revistarambla.com\/wp-content\/uploads\/2025\/08\/E93ED3E1-1E9B-47FF-A3753D21DE99E1F1.webp\" alt=\"H\u00e9l\u00e8ne Roger-Viollet\" width=\"1000\" height=\"558\" srcset=\"https:\/\/www.revistarambla.com\/wp-content\/uploads\/2025\/08\/E93ED3E1-1E9B-47FF-A3753D21DE99E1F1.webp 1000w, https:\/\/www.revistarambla.com\/wp-content\/uploads\/2025\/08\/E93ED3E1-1E9B-47FF-A3753D21DE99E1F1-654x365.webp 654w, https:\/\/www.revistarambla.com\/wp-content\/uploads\/2025\/08\/E93ED3E1-1E9B-47FF-A3753D21DE99E1F1-840x469.webp 840w, https:\/\/www.revistarambla.com\/wp-content\/uploads\/2025\/08\/E93ED3E1-1E9B-47FF-A3753D21DE99E1F1-500x280.webp 500w, https:\/\/www.revistarambla.com\/wp-content\/uploads\/2025\/08\/E93ED3E1-1E9B-47FF-A3753D21DE99E1F1-768x429.webp 768w, https:\/\/www.revistarambla.com\/wp-content\/uploads\/2025\/08\/E93ED3E1-1E9B-47FF-A3753D21DE99E1F1-18x10.webp 18w, https:\/\/www.revistarambla.com\/wp-content\/uploads\/2025\/08\/E93ED3E1-1E9B-47FF-A3753D21DE99E1F1-600x335.webp 600w\" sizes=\"(max-width: 1000px) 100vw, 1000px\" \/><figcaption id=\"caption-attachment-66267\" class=\"wp-caption-text\">Imagen de la agencia Roger-Viollet en la que H\u00e9l\u00e8ne y Jean pedalean cerca de Saint-\u00c9tienne, en el a\u00f1o 1936.<\/figcaption><\/figure>\n<p>H\u00e9l\u00e8ne no solo fue una pionera por su incursi\u00f3n en el fotoperiodismo, un campo dominado por hombres, sino tambi\u00e9n por su activismo. En la d\u00e9cada de 1930, se uni\u00f3 a la lucha por el sufragio femenino junto a figuras como Louise Weiss, participando en campa\u00f1as p\u00fablicas durante las elecciones legislativas de 1936. Su compromiso con los derechos de las mujeres no era mera ret\u00f3rica: lo viv\u00eda en cada decisi\u00f3n, desde su formaci\u00f3n profesional hasta su decisi\u00f3n de no tener hijos para dedicarse plenamente a su carrera. Este aspecto, poco destacado en las narrativas tradicionales, revela a una mujer que prioriz\u00f3 su vocaci\u00f3n en una \u00e9poca en que tal elecci\u00f3n era casi revolucionaria.<\/p>\n<h2>La guerra civil espa\u00f1ola: testigo de la tragedia<\/h2>\n<p>El verano de 1936 marc\u00f3 un punto de inflexi\u00f3n en la carrera de H\u00e9l\u00e8ne Roger-Viollet. Junto a Jean Fischer, parti\u00f3 en bicicleta hacia Andorra con la intenci\u00f3n de documentar las primeras vacaciones pagadas del Frente Popular franc\u00e9s. Sin embargo, lo que encontraron en la frontera fue mucho m\u00e1s trascendental: miles de espa\u00f1oles huyendo de la Guerra Civil. Con su Rolleiflex, H\u00e9l\u00e8ne captur\u00f3 im\u00e1genes que se convertir\u00edan en algunas de las primeras cr\u00f3nicas visuales del conflicto, publicadas en medios internacionales como <em>L\u2019Illustration<\/em>. Una de sus fotograf\u00edas m\u00e1s ic\u00f3nicas, tomada en febrero de 1939, muestra a la familia Gracia, devastada por la guerra: un padre, Mariano, sosteniendo la mano de su hija Alicia, que hab\u00eda perdido una pierna, mientras el peque\u00f1o Amadeo, tambi\u00e9n mutilado, camina ayudado por un vecino. Esta imagen, publicada en <em>L\u2019Illustration<\/em>, se convirti\u00f3 en un s\u00edmbolo del \u00e9xodo republicano, capturando el dolor humano con una sensibilidad que trascend\u00eda el sensacionalismo.<\/p>\n<p><img decoding=\"async\" class=\"size-full wp-image-66266 aligncenter\" src=\"https:\/\/www.revistarambla.com\/wp-content\/uploads\/2025\/08\/Helene-Roger-Viollet_2.jpeg\" alt=\"H\u00e9l\u00e8ne Roger-Viollet\" width=\"330\" height=\"471\" srcset=\"https:\/\/www.revistarambla.com\/wp-content\/uploads\/2025\/08\/Helene-Roger-Viollet_2.jpeg 330w, https:\/\/www.revistarambla.com\/wp-content\/uploads\/2025\/08\/Helene-Roger-Viollet_2-256x365.jpeg 256w, https:\/\/www.revistarambla.com\/wp-content\/uploads\/2025\/08\/Helene-Roger-Viollet_2-8x12.jpeg 8w\" sizes=\"(max-width: 330px) 100vw, 330px\" \/><\/p>\n<p>H\u00e9l\u00e8ne no se limit\u00f3 a fotografiar desde la distancia. Se involucr\u00f3 profundamente en las escenas que documentaba, como lo demuestra una imagen en la que aparece ella misma entre un grupo de anarquistas ocupando un convento en la Seu d&#8217;Urgell, Catalu\u00f1a, en julio de 1936. Esta participaci\u00f3n activa, poco com\u00fan entre los fotoperiodistas de la \u00e9poca, revela su valent\u00eda y su compromiso con capturar la verdad, incluso a riesgo de su propia seguridad. A diferencia de figuras como Robert Capa o Gerda Taro, cuya obra en la guerra civil espa\u00f1ola alcanz\u00f3 fama inmediata, las im\u00e1genes de H\u00e9l\u00e8ne fueron menos reconocidas en su momento, en parte porque su trabajo qued\u00f3 subsumido bajo el nombre de la agencia Roger-Viollet, que ella misma fund\u00f3 en 1938 junto a Fischer.<\/p>\n<p>La guerra civil espa\u00f1ola no solo consolid\u00f3 a H\u00e9l\u00e8ne como fotoperiodista, sino que tambi\u00e9n marc\u00f3 el inicio de su agencia, un proyecto ambicioso que buscaba preservar y difundir im\u00e1genes hist\u00f3ricas. La pareja adquiri\u00f3 la tienda de Laurence Olivier en el n\u00famero 6 de la rue de Seine, en Par\u00eds, y la transform\u00f3 en la <em>Documentation Photographique G\u00e9n\u00e9rale Roger-Viollet<\/em>. Este espacio, que combinaba el archivo fotogr\u00e1fico de su padre con sus propias im\u00e1genes, se convirti\u00f3 en un referente mundial, con una colecci\u00f3n que hoy abarca m\u00e1s de seis millones de im\u00e1genes, desde daguerrotipos hasta reportajes contempor\u00e1neos.<\/p>\n<h2>Un final ensombrecido por la tragedia<\/h2>\n<p>La vida de H\u00e9l\u00e8ne Roger-Viollet, sin embargo, no puede contarse sin abordar su tr\u00e1gico final. El 27 de enero de 1985, a los 83 a\u00f1os, fue asesinada en su domicilio parisino por su esposo, Jean-Victor Fischer. El crimen, que conmocion\u00f3 a la sociedad francesa, fue de una brutalidad estremecedora: H\u00e9l\u00e8ne fue golpeada con una barra de hierro y degollada con quince cortes de navaja. La autopsia revel\u00f3 rastros de barbit\u00faricos en su garganta, sugiriendo un intento de Fischer de obligarla a ingerirlos antes del asesinato. Fischer, tras intentar encubrir el crimen como un suicidio, se quit\u00f3 la vida en prisi\u00f3n semanas despu\u00e9s, dejando sin respuesta la pregunta que a\u00fan resuena: \u00bfpor qu\u00e9?<\/p>\n<p><img decoding=\"async\" class=\"size-full wp-image-66270 aligncenter\" src=\"https:\/\/www.revistarambla.com\/wp-content\/uploads\/2025\/08\/Helene-Roger-Viollet5.jpg\" alt=\"\" width=\"1000\" height=\"1009\" srcset=\"https:\/\/www.revistarambla.com\/wp-content\/uploads\/2025\/08\/Helene-Roger-Viollet5.jpg 1000w, https:\/\/www.revistarambla.com\/wp-content\/uploads\/2025\/08\/Helene-Roger-Viollet5-362x365.jpg 362w, https:\/\/www.revistarambla.com\/wp-content\/uploads\/2025\/08\/Helene-Roger-Viollet5-833x840.jpg 833w, https:\/\/www.revistarambla.com\/wp-content\/uploads\/2025\/08\/Helene-Roger-Viollet5-768x775.jpg 768w, https:\/\/www.revistarambla.com\/wp-content\/uploads\/2025\/08\/Helene-Roger-Viollet5-12x12.jpg 12w, https:\/\/www.revistarambla.com\/wp-content\/uploads\/2025\/08\/Helene-Roger-Viollet5-150x150.jpg 150w, https:\/\/www.revistarambla.com\/wp-content\/uploads\/2025\/08\/Helene-Roger-Viollet5-70x70.jpg 70w\" sizes=\"(max-width: 1000px) 100vw, 1000px\" \/><\/p>\n<p>Las teor\u00edas sobre los motivos del asesinato son variadas. Algunos, como la escritora Ang\u00e9lica Morales en su novela <em>Est\u00e1s en mis ojos<\/em> (2025), sugieren que el ego de Fischer, herido por vivir a la sombra de una mujer m\u00e1s exitosa, pudo haber desencadenado el crimen. Otros apuntan a tensiones personales exacerbadas por la edad, el consumo de alcohol y medicamentos, o conflictos sobre el destino de la agencia. Lo cierto es que el asesinato no solo puso fin a la vida de H\u00e9l\u00e8ne, sino que tambi\u00e9n ensombreci\u00f3 su legado. La prensa de la \u00e9poca, m\u00e1s interesada en el sensacionalismo del crimen que en su obra, contribuy\u00f3 a que su nombre quedara asociado al esc\u00e1ndalo en lugar de a su contribuci\u00f3n al fotoperiodismo.<\/p>\n<p>Un detalle poco conocido es que, apenas nueve d\u00edas antes del crimen, H\u00e9l\u00e8ne y Fischer hab\u00edan redactado un testamento legando su colecci\u00f3n a la Ciudad de Par\u00eds. Este gesto, que buscaba preservar su trabajo para la posteridad, desencaden\u00f3 una disputa legal de casi una d\u00e9cada con la familia, hasta que en 1994 la colecci\u00f3n pas\u00f3 definitivamente a manos municipales. En 2004, la creaci\u00f3n de la <em>Parisienne de Photographie<\/em> garantiz\u00f3 la digitalizaci\u00f3n y difusi\u00f3n de sus archivos, pero no fue hasta 2021 que una exposici\u00f3n en la galer\u00eda Roger-Viollet, titulada <em>Les Voyages d\u2019H\u00e9l\u00e8ne: une vie \u00e0 documenter le monde<\/em>, rindi\u00f3 homenaje exclusivo a su obra, distinguiendo sus fotograf\u00edas por el \u00e1ngulo bajo de su Rolleiflex, consecuencia de su peque\u00f1a estatura.<\/p>\n<h2>Un legado que resurge<\/h2>\n<p>La vida de H\u00e9l\u00e8ne Roger-Viollet es una paradoja: una mujer que rompi\u00f3 barreras, document\u00f3 los dramas de su tiempo y cre\u00f3 una instituci\u00f3n que preserv\u00f3 la memoria visual del mundo, pero cuya muerte violenta amenaz\u00f3 con reducirla a una nota al pie de p\u00e1gina. Su paso por la guerra civil espa\u00f1ola, donde captur\u00f3 la humanidad en medio del caos, no solo la consolid\u00f3 como una de las primeras mujeres fotoperiodistas, sino que tambi\u00e9n demostr\u00f3 su capacidad para encontrar belleza y verdad en la adversidad. Su activismo por los derechos de las mujeres, su liderazgo en la agencia Roger-Viollet y su incansable b\u00fasqueda de im\u00e1genes alrededor del mundo \u2014desde Cuba hasta Siria\u2014 revelan a una figura que merece un lugar destacado en la historia de la fotograf\u00eda.<\/p>\n<p><img decoding=\"async\" class=\"aligncenter wp-image-66269 size-full\" src=\"https:\/\/www.revistarambla.com\/wp-content\/uploads\/2025\/08\/Helene-Roger-Viollet4.jpg\" alt=\"\" width=\"1000\" height=\"1011\" srcset=\"https:\/\/www.revistarambla.com\/wp-content\/uploads\/2025\/08\/Helene-Roger-Viollet4.jpg 1000w, https:\/\/www.revistarambla.com\/wp-content\/uploads\/2025\/08\/Helene-Roger-Viollet4-361x365.jpg 361w, https:\/\/www.revistarambla.com\/wp-content\/uploads\/2025\/08\/Helene-Roger-Viollet4-831x840.jpg 831w, https:\/\/www.revistarambla.com\/wp-content\/uploads\/2025\/08\/Helene-Roger-Viollet4-768x776.jpg 768w, https:\/\/www.revistarambla.com\/wp-content\/uploads\/2025\/08\/Helene-Roger-Viollet4-12x12.jpg 12w, https:\/\/www.revistarambla.com\/wp-content\/uploads\/2025\/08\/Helene-Roger-Viollet4-70x70.jpg 70w\" sizes=\"(max-width: 1000px) 100vw, 1000px\" \/><\/p>\n<p>Hoy, cuando revisamos sus im\u00e1genes, no solo vemos el pasado a trav\u00e9s de su lente, sino tambi\u00e9n el esp\u00edritu de una mujer que se neg\u00f3 a ser silenciada, incluso cuando el mundo intent\u00f3 olvidarla. La exposici\u00f3n de 2021 en Par\u00eds fue un primer paso para devolverle su voz, pero es nuestra responsabilidad, como amantes de la historia, asegurarnos de que su nombre resuene no por su tr\u00e1gico final, sino por su vida indomable. H\u00e9l\u00e8ne Roger-Viollet no fue una v\u00edctima; fue una visionaria que, con cada clic de su c\u00e1mara, desafi\u00f3 al tiempo y al olvido.<\/p>","protected":false},"excerpt":{"rendered":"<p>En un mundo donde las mujeres eran relegadas a los m\u00e1rgenes de la historia, H\u00e9l\u00e8ne Roger-Viollet (1901-1985) desafi\u00f3 las normas con una c\u00e1mara en la mano y una visi\u00f3n que trascendi\u00f3 fronteras y \u00e9pocas. Pionera del fotoperiodismo, fundadora de la prestigiosa agencia fotogr\u00e1fica Roger-Viollet, y testigo privilegiada de los horrores [&hellip;]<\/p>\n","protected":false},"author":3,"featured_media":66268,"comment_status":"closed","ping_status":"closed","sticky":false,"template":"","format":"standard","meta":{"footnotes":""},"categories":[64],"tags":[],"class_list":["post-66265","post","type-post","status-publish","format-standard","has-post-thumbnail","hentry","category-arte"],"yoast_head":"<!-- This site is optimized with the Yoast SEO plugin v27.5 - https:\/\/yoast.com\/product\/yoast-seo-wordpress\/ -->\n<title>H\u00e9l\u00e8ne Roger-Viollet: la lente indomable que captur\u00f3 la historia - Revista Rambla<\/title>\n<meta name=\"robots\" content=\"index, follow, max-snippet:-1, max-image-preview:large, max-video-preview:-1\" \/>\n<link rel=\"canonical\" href=\"https:\/\/www.revistarambla.com\/en\/helene-roger-viollet-la-lente-indomable-que-capturo-la-historia\/\" \/>\n<meta property=\"og:locale\" content=\"en_GB\" \/>\n<meta property=\"og:type\" content=\"article\" \/>\n<meta property=\"og:title\" content=\"H\u00e9l\u00e8ne Roger-Viollet: la lente indomable que captur\u00f3 la historia - Revista Rambla\" \/>\n<meta property=\"og:description\" content=\"En un mundo donde las mujeres eran relegadas a los m\u00e1rgenes de la historia, H\u00e9l\u00e8ne Roger-Viollet (1901-1985) desafi\u00f3 las normas con una c\u00e1mara en la mano y una visi\u00f3n que trascendi\u00f3 fronteras y \u00e9pocas. Pionera del fotoperiodismo, fundadora de la prestigiosa agencia fotogr\u00e1fica Roger-Viollet, y testigo privilegiada de los horrores [&hellip;]\" \/>\n<meta property=\"og:url\" content=\"https:\/\/www.revistarambla.com\/en\/helene-roger-viollet-la-lente-indomable-que-capturo-la-historia\/\" \/>\n<meta property=\"og:site_name\" content=\"Revista Rambla\" \/>\n<meta property=\"article:publisher\" content=\"https:\/\/www.facebook.com\/revistarambla\/\" \/>\n<meta property=\"article:author\" content=\"https:\/\/www.facebook.com\/revistarambla\" \/>\n<meta property=\"article:published_time\" content=\"2025-08-24T10:28:46+00:00\" \/>\n<meta property=\"article:modified_time\" content=\"2025-09-27T07:43:46+00:00\" \/>\n<meta property=\"og:image\" content=\"https:\/\/www.revistarambla.com\/wp-content\/uploads\/2025\/08\/Helene-Roger-Viollet3.jpg\" \/>\n\t<meta property=\"og:image:width\" content=\"932\" \/>\n\t<meta property=\"og:image:height\" content=\"1024\" \/>\n\t<meta property=\"og:image:type\" content=\"image\/jpeg\" \/>\n<meta name=\"author\" content=\"R@mbla\" \/>\n<meta name=\"twitter:card\" content=\"summary_large_image\" \/>\n<meta name=\"twitter:creator\" content=\"@revistarambla\" \/>\n<meta name=\"twitter:site\" content=\"@revistarambla\" \/>\n<meta name=\"twitter:label1\" content=\"Written by\" \/>\n\t<meta name=\"twitter:data1\" content=\"R@mbla\" \/>\n\t<meta name=\"twitter:label2\" content=\"Estimated reading time\" \/>\n\t<meta name=\"twitter:data2\" content=\"8 minutes\" \/>\n<script type=\"application\/ld+json\" class=\"yoast-schema-graph\">{\"@context\":\"https:\\\/\\\/schema.org\",\"@graph\":[{\"@type\":\"Article\",\"@id\":\"https:\\\/\\\/www.revistarambla.com\\\/helene-roger-viollet-la-lente-indomable-que-capturo-la-historia\\\/#article\",\"isPartOf\":{\"@id\":\"https:\\\/\\\/www.revistarambla.com\\\/helene-roger-viollet-la-lente-indomable-que-capturo-la-historia\\\/\"},\"author\":{\"name\":\"R@mbla\",\"@id\":\"https:\\\/\\\/www.revistarambla.com\\\/#\\\/schema\\\/person\\\/a146a5a2550b94981a75131180e1bd9c\"},\"headline\":\"H\u00e9l\u00e8ne Roger-Viollet: la lente indomable que captur\u00f3 la historia\",\"datePublished\":\"2025-08-24T10:28:46+00:00\",\"dateModified\":\"2025-09-27T07:43:46+00:00\",\"mainEntityOfPage\":{\"@id\":\"https:\\\/\\\/www.revistarambla.com\\\/helene-roger-viollet-la-lente-indomable-que-capturo-la-historia\\\/\"},\"wordCount\":1544,\"publisher\":{\"@id\":\"https:\\\/\\\/www.revistarambla.com\\\/#organization\"},\"image\":{\"@id\":\"https:\\\/\\\/www.revistarambla.com\\\/helene-roger-viollet-la-lente-indomable-que-capturo-la-historia\\\/#primaryimage\"},\"thumbnailUrl\":\"https:\\\/\\\/www.revistarambla.com\\\/wp-content\\\/uploads\\\/2025\\\/08\\\/Helene-Roger-Viollet3.jpg\",\"articleSection\":[\"Arte\"],\"inLanguage\":\"en-GB\"},{\"@type\":\"WebPage\",\"@id\":\"https:\\\/\\\/www.revistarambla.com\\\/helene-roger-viollet-la-lente-indomable-que-capturo-la-historia\\\/\",\"url\":\"https:\\\/\\\/www.revistarambla.com\\\/helene-roger-viollet-la-lente-indomable-que-capturo-la-historia\\\/\",\"name\":\"H\u00e9l\u00e8ne Roger-Viollet: la lente indomable que captur\u00f3 la historia - Revista Rambla\",\"isPartOf\":{\"@id\":\"https:\\\/\\\/www.revistarambla.com\\\/#website\"},\"primaryImageOfPage\":{\"@id\":\"https:\\\/\\\/www.revistarambla.com\\\/helene-roger-viollet-la-lente-indomable-que-capturo-la-historia\\\/#primaryimage\"},\"image\":{\"@id\":\"https:\\\/\\\/www.revistarambla.com\\\/helene-roger-viollet-la-lente-indomable-que-capturo-la-historia\\\/#primaryimage\"},\"thumbnailUrl\":\"https:\\\/\\\/www.revistarambla.com\\\/wp-content\\\/uploads\\\/2025\\\/08\\\/Helene-Roger-Viollet3.jpg\",\"datePublished\":\"2025-08-24T10:28:46+00:00\",\"dateModified\":\"2025-09-27T07:43:46+00:00\",\"breadcrumb\":{\"@id\":\"https:\\\/\\\/www.revistarambla.com\\\/helene-roger-viollet-la-lente-indomable-que-capturo-la-historia\\\/#breadcrumb\"},\"inLanguage\":\"en-GB\",\"potentialAction\":[{\"@type\":\"ReadAction\",\"target\":[\"https:\\\/\\\/www.revistarambla.com\\\/helene-roger-viollet-la-lente-indomable-que-capturo-la-historia\\\/\"]}]},{\"@type\":\"ImageObject\",\"inLanguage\":\"en-GB\",\"@id\":\"https:\\\/\\\/www.revistarambla.com\\\/helene-roger-viollet-la-lente-indomable-que-capturo-la-historia\\\/#primaryimage\",\"url\":\"https:\\\/\\\/www.revistarambla.com\\\/wp-content\\\/uploads\\\/2025\\\/08\\\/Helene-Roger-Viollet3.jpg\",\"contentUrl\":\"https:\\\/\\\/www.revistarambla.com\\\/wp-content\\\/uploads\\\/2025\\\/08\\\/Helene-Roger-Viollet3.jpg\",\"width\":932,\"height\":1024,\"caption\":\"H\u00e9l\u00e8ne Roger-Viollet\"},{\"@type\":\"BreadcrumbList\",\"@id\":\"https:\\\/\\\/www.revistarambla.com\\\/helene-roger-viollet-la-lente-indomable-que-capturo-la-historia\\\/#breadcrumb\",\"itemListElement\":[{\"@type\":\"ListItem\",\"position\":1,\"name\":\"Portada\",\"item\":\"https:\\\/\\\/www.revistarambla.com\\\/\"},{\"@type\":\"ListItem\",\"position\":2,\"name\":\"H\u00e9l\u00e8ne Roger-Viollet: la lente indomable que captur\u00f3 la historia\"}]},{\"@type\":\"WebSite\",\"@id\":\"https:\\\/\\\/www.revistarambla.com\\\/#website\",\"url\":\"https:\\\/\\\/www.revistarambla.com\\\/\",\"name\":\"Revista Rambla Barcelona\",\"description\":\"Periodismo independiente\",\"publisher\":{\"@id\":\"https:\\\/\\\/www.revistarambla.com\\\/#organization\"},\"potentialAction\":[{\"@type\":\"SearchAction\",\"target\":{\"@type\":\"EntryPoint\",\"urlTemplate\":\"https:\\\/\\\/www.revistarambla.com\\\/?s={search_term_string}\"},\"query-input\":{\"@type\":\"PropertyValueSpecification\",\"valueRequired\":true,\"valueName\":\"search_term_string\"}}],\"inLanguage\":\"en-GB\"},{\"@type\":\"Organization\",\"@id\":\"https:\\\/\\\/www.revistarambla.com\\\/#organization\",\"name\":\"Revista Rambla\",\"url\":\"https:\\\/\\\/www.revistarambla.com\\\/\",\"logo\":{\"@type\":\"ImageObject\",\"inLanguage\":\"en-GB\",\"@id\":\"https:\\\/\\\/www.revistarambla.com\\\/#\\\/schema\\\/logo\\\/image\\\/\",\"url\":\"https:\\\/\\\/www.revistarambla.com\\\/wp-content\\\/uploads\\\/2020\\\/09\\\/banner_rambla_1900x600_BB.png\",\"contentUrl\":\"https:\\\/\\\/www.revistarambla.com\\\/wp-content\\\/uploads\\\/2020\\\/09\\\/banner_rambla_1900x600_BB.png\",\"width\":1900,\"height\":600,\"caption\":\"Revista Rambla\"},\"image\":{\"@id\":\"https:\\\/\\\/www.revistarambla.com\\\/#\\\/schema\\\/logo\\\/image\\\/\"},\"sameAs\":[\"https:\\\/\\\/www.facebook.com\\\/revistarambla\\\/\",\"https:\\\/\\\/x.com\\\/revistarambla\",\"https:\\\/\\\/www.instagram.com\\\/revista_rambla\",\"https:\\\/\\\/es.linkedin.com\\\/company\\\/revista-rambla\"]},{\"@type\":\"Person\",\"@id\":\"https:\\\/\\\/www.revistarambla.com\\\/#\\\/schema\\\/person\\\/a146a5a2550b94981a75131180e1bd9c\",\"name\":\"R@mbla\",\"description\":\"Este art\u00edculo ha sido redactado y\\\/o validado por el equipo de redacci\u00f3n de Revista Rambla.\",\"sameAs\":[\"https:\\\/\\\/www.revistarambla.com\\\/\",\"https:\\\/\\\/www.facebook.com\\\/revistarambla\",\"https:\\\/\\\/x.com\\\/revistarambla\"]}]}<\/script>\n<!-- \/ Yoast SEO plugin. -->","yoast_head_json":{"title":"H\u00e9l\u00e8ne Roger-Viollet: la lente indomable que captur\u00f3 la historia - Revista Rambla","robots":{"index":"index","follow":"follow","max-snippet":"max-snippet:-1","max-image-preview":"max-image-preview:large","max-video-preview":"max-video-preview:-1"},"canonical":"https:\/\/www.revistarambla.com\/en\/helene-roger-viollet-la-lente-indomable-que-capturo-la-historia\/","og_locale":"en_GB","og_type":"article","og_title":"H\u00e9l\u00e8ne Roger-Viollet: la lente indomable que captur\u00f3 la historia - Revista Rambla","og_description":"En un mundo donde las mujeres eran relegadas a los m\u00e1rgenes de la historia, H\u00e9l\u00e8ne Roger-Viollet (1901-1985) desafi\u00f3 las normas con una c\u00e1mara en la mano y una visi\u00f3n que trascendi\u00f3 fronteras y \u00e9pocas. Pionera del fotoperiodismo, fundadora de la prestigiosa agencia fotogr\u00e1fica Roger-Viollet, y testigo privilegiada de los horrores [&hellip;]","og_url":"https:\/\/www.revistarambla.com\/en\/helene-roger-viollet-la-lente-indomable-que-capturo-la-historia\/","og_site_name":"Revista Rambla","article_publisher":"https:\/\/www.facebook.com\/revistarambla\/","article_author":"https:\/\/www.facebook.com\/revistarambla","article_published_time":"2025-08-24T10:28:46+00:00","article_modified_time":"2025-09-27T07:43:46+00:00","og_image":[{"width":932,"height":1024,"url":"https:\/\/www.revistarambla.com\/wp-content\/uploads\/2025\/08\/Helene-Roger-Viollet3.jpg","type":"image\/jpeg"}],"author":"R@mbla","twitter_card":"summary_large_image","twitter_creator":"@revistarambla","twitter_site":"@revistarambla","twitter_misc":{"Written by":"R@mbla","Estimated reading time":"8 minutes"},"schema":{"@context":"https:\/\/schema.org","@graph":[{"@type":"Article","@id":"https:\/\/www.revistarambla.com\/helene-roger-viollet-la-lente-indomable-que-capturo-la-historia\/#article","isPartOf":{"@id":"https:\/\/www.revistarambla.com\/helene-roger-viollet-la-lente-indomable-que-capturo-la-historia\/"},"author":{"name":"R@mbla","@id":"https:\/\/www.revistarambla.com\/#\/schema\/person\/a146a5a2550b94981a75131180e1bd9c"},"headline":"H\u00e9l\u00e8ne Roger-Viollet: la lente indomable que captur\u00f3 la historia","datePublished":"2025-08-24T10:28:46+00:00","dateModified":"2025-09-27T07:43:46+00:00","mainEntityOfPage":{"@id":"https:\/\/www.revistarambla.com\/helene-roger-viollet-la-lente-indomable-que-capturo-la-historia\/"},"wordCount":1544,"publisher":{"@id":"https:\/\/www.revistarambla.com\/#organization"},"image":{"@id":"https:\/\/www.revistarambla.com\/helene-roger-viollet-la-lente-indomable-que-capturo-la-historia\/#primaryimage"},"thumbnailUrl":"https:\/\/www.revistarambla.com\/wp-content\/uploads\/2025\/08\/Helene-Roger-Viollet3.jpg","articleSection":["Arte"],"inLanguage":"en-GB"},{"@type":"WebPage","@id":"https:\/\/www.revistarambla.com\/helene-roger-viollet-la-lente-indomable-que-capturo-la-historia\/","url":"https:\/\/www.revistarambla.com\/helene-roger-viollet-la-lente-indomable-que-capturo-la-historia\/","name":"H\u00e9l\u00e8ne Roger-Viollet: la lente indomable que captur\u00f3 la historia - Revista Rambla","isPartOf":{"@id":"https:\/\/www.revistarambla.com\/#website"},"primaryImageOfPage":{"@id":"https:\/\/www.revistarambla.com\/helene-roger-viollet-la-lente-indomable-que-capturo-la-historia\/#primaryimage"},"image":{"@id":"https:\/\/www.revistarambla.com\/helene-roger-viollet-la-lente-indomable-que-capturo-la-historia\/#primaryimage"},"thumbnailUrl":"https:\/\/www.revistarambla.com\/wp-content\/uploads\/2025\/08\/Helene-Roger-Viollet3.jpg","datePublished":"2025-08-24T10:28:46+00:00","dateModified":"2025-09-27T07:43:46+00:00","breadcrumb":{"@id":"https:\/\/www.revistarambla.com\/helene-roger-viollet-la-lente-indomable-que-capturo-la-historia\/#breadcrumb"},"inLanguage":"en-GB","potentialAction":[{"@type":"ReadAction","target":["https:\/\/www.revistarambla.com\/helene-roger-viollet-la-lente-indomable-que-capturo-la-historia\/"]}]},{"@type":"ImageObject","inLanguage":"en-GB","@id":"https:\/\/www.revistarambla.com\/helene-roger-viollet-la-lente-indomable-que-capturo-la-historia\/#primaryimage","url":"https:\/\/www.revistarambla.com\/wp-content\/uploads\/2025\/08\/Helene-Roger-Viollet3.jpg","contentUrl":"https:\/\/www.revistarambla.com\/wp-content\/uploads\/2025\/08\/Helene-Roger-Viollet3.jpg","width":932,"height":1024,"caption":"H\u00e9l\u00e8ne Roger-Viollet"},{"@type":"BreadcrumbList","@id":"https:\/\/www.revistarambla.com\/helene-roger-viollet-la-lente-indomable-que-capturo-la-historia\/#breadcrumb","itemListElement":[{"@type":"ListItem","position":1,"name":"Portada","item":"https:\/\/www.revistarambla.com\/"},{"@type":"ListItem","position":2,"name":"H\u00e9l\u00e8ne Roger-Viollet: la lente indomable que captur\u00f3 la historia"}]},{"@type":"WebSite","@id":"https:\/\/www.revistarambla.com\/#website","url":"https:\/\/www.revistarambla.com\/","name":"Revista Rambla Barcelona","description":"Periodismo independiente","publisher":{"@id":"https:\/\/www.revistarambla.com\/#organization"},"potentialAction":[{"@type":"SearchAction","target":{"@type":"EntryPoint","urlTemplate":"https:\/\/www.revistarambla.com\/?s={search_term_string}"},"query-input":{"@type":"PropertyValueSpecification","valueRequired":true,"valueName":"search_term_string"}}],"inLanguage":"en-GB"},{"@type":"Organization","@id":"https:\/\/www.revistarambla.com\/#organization","name":"Revista Rambla","url":"https:\/\/www.revistarambla.com\/","logo":{"@type":"ImageObject","inLanguage":"en-GB","@id":"https:\/\/www.revistarambla.com\/#\/schema\/logo\/image\/","url":"https:\/\/www.revistarambla.com\/wp-content\/uploads\/2020\/09\/banner_rambla_1900x600_BB.png","contentUrl":"https:\/\/www.revistarambla.com\/wp-content\/uploads\/2020\/09\/banner_rambla_1900x600_BB.png","width":1900,"height":600,"caption":"Revista Rambla"},"image":{"@id":"https:\/\/www.revistarambla.com\/#\/schema\/logo\/image\/"},"sameAs":["https:\/\/www.facebook.com\/revistarambla\/","https:\/\/x.com\/revistarambla","https:\/\/www.instagram.com\/revista_rambla","https:\/\/es.linkedin.com\/company\/revista-rambla"]},{"@type":"Person","@id":"https:\/\/www.revistarambla.com\/#\/schema\/person\/a146a5a2550b94981a75131180e1bd9c","name":"R@mbla","description":"Este art\u00edculo ha sido redactado y\/o validado por el equipo de redacci\u00f3n de Revista Rambla.","sameAs":["https:\/\/www.revistarambla.com\/","https:\/\/www.facebook.com\/revistarambla","https:\/\/x.com\/revistarambla"]}]}},"_links":{"self":[{"href":"https:\/\/www.revistarambla.com\/en\/wp-json\/wp\/v2\/posts\/66265","targetHints":{"allow":["GET"]}}],"collection":[{"href":"https:\/\/www.revistarambla.com\/en\/wp-json\/wp\/v2\/posts"}],"about":[{"href":"https:\/\/www.revistarambla.com\/en\/wp-json\/wp\/v2\/types\/post"}],"author":[{"embeddable":true,"href":"https:\/\/www.revistarambla.com\/en\/wp-json\/wp\/v2\/users\/3"}],"replies":[{"embeddable":true,"href":"https:\/\/www.revistarambla.com\/en\/wp-json\/wp\/v2\/comments?post=66265"}],"version-history":[{"count":4,"href":"https:\/\/www.revistarambla.com\/en\/wp-json\/wp\/v2\/posts\/66265\/revisions"}],"predecessor-version":[{"id":66274,"href":"https:\/\/www.revistarambla.com\/en\/wp-json\/wp\/v2\/posts\/66265\/revisions\/66274"}],"wp:featuredmedia":[{"embeddable":true,"href":"https:\/\/www.revistarambla.com\/en\/wp-json\/wp\/v2\/media\/66268"}],"wp:attachment":[{"href":"https:\/\/www.revistarambla.com\/en\/wp-json\/wp\/v2\/media?parent=66265"}],"wp:term":[{"taxonomy":"category","embeddable":true,"href":"https:\/\/www.revistarambla.com\/en\/wp-json\/wp\/v2\/categories?post=66265"},{"taxonomy":"post_tag","embeddable":true,"href":"https:\/\/www.revistarambla.com\/en\/wp-json\/wp\/v2\/tags?post=66265"}],"curies":[{"name":"wp","href":"https:\/\/api.w.org\/{rel}","templated":true}]}}