{"id":66261,"date":"2025-08-23T13:33:05","date_gmt":"2025-08-23T11:33:05","guid":{"rendered":"https:\/\/www.revistarambla.com\/?p=66261"},"modified":"2025-08-23T13:33:05","modified_gmt":"2025-08-23T11:33:05","slug":"la-comunidad-de-los-peregrinos-de-la-eucaristia-origen-mision-y-presencia-internacional","status":"publish","type":"post","link":"https:\/\/www.revistarambla.com\/en\/la-comunidad-de-los-peregrinos-de-la-eucaristia-origen-mision-y-presencia-internacional\/","title":{"rendered":"La comunidad de los Peregrinos de la Eucarist\u00eda: origen, misi\u00f3n y presencia internacional"},"content":{"rendered":"<p>Los <a href=\"https:\/\/about.me\/peregrinoseucaristia\"><b>Peregrinos de la Eucarist\u00eda<\/b><\/a> son una comunidad cat\u00f3lica de vida consagrada que naci\u00f3 en <b>Colombia<\/b> con el prop\u00f3sito de vivir y anunciar la <b>presencia real de Cristo en el Sacramento del altar<\/b>. Surgieron a partir de una experiencia vocacional que uni\u00f3 a j\u00f3venes creyentes deseosos de encarnar en su vida cotidiana el misterio eucar\u00edstico, convirti\u00e9ndose en alimento para el mundo por medio de la oraci\u00f3n, la misi\u00f3n y el servicio. Desde el comienzo, se configuraron como una familia espiritual formada por sacerdotes, consagrados, consagradas y laicos, unidos en un mismo carisma que sit\u00faa la <b>Eucarist\u00eda<\/b> como fuente y culmen de la vida cristiana.<\/p>\n<p>Con el paso de los a\u00f1os se consolidaron como un movimiento internacional que desarrolla iniciativas pastorales, sociales, culturales y musicales orientadas a renovar la fe de las comunidades. <b>Su identidad se expresa en un estilo evang\u00e9lico sencillo, donde la pobreza, la gratuidad del servicio y la alegr\u00eda son signos visibles de una espiritualidad que proclama a Cristo vivo y real en medio de la historia.<\/b><\/p>\n<h2><b>Origen y misi\u00f3n de los Peregrinos de la Eucarist\u00eda<\/b><\/h2>\n<p>El <a href=\"https:\/\/www.elconfidencialdigital.com\/articulo\/noticias\/historia-peregrinos-eucaristia-camino-fe-mision-consagracion\/20250704121216971516.html\">nacimiento<\/a> de los <b>Peregrinos de la Eucarist\u00eda<\/b> surge en el encuentro providencial de dos j\u00f3venes universitarios colombianos: el <b>padre Francesco Mar\u00eda de la Sant\u00edsima Trinidad<\/b> y la <b>madre Amada Clara de los Sagrados Corazones de Jes\u00fas y Mar\u00eda<\/b>. Tras vivir una profunda experiencia de conversi\u00f3n, decidieron fundar la <a href=\"https:\/\/www.instagram.com\/peregrinosdelaeucaristia\/\">comunidad<\/a> en <b>2005<\/b>. Desde el inicio contaron con el apoyo de <b>monse\u00f1or Ra\u00fal Scarrone<\/b>, obispo de la di\u00f3cesis de <b>Florida-Durazno en Uruguay<\/b>, quien acompa\u00f1\u00f3 sus primeros pasos.<\/p>\n<p>El carisma de la comunidad se fundamenta en una <b>espiritualidad eucar\u00edstica y mariana<\/b>. La adoraci\u00f3n al Sant\u00edsimo, la oraci\u00f3n constante, la escucha de la Palabra de Dios, la confianza en la providencia y la comuni\u00f3n con la Iglesia son los pilares de su estilo de vida. <b>La devoci\u00f3n a la Virgen Mar\u00eda, bajo la advocaci\u00f3n de la Madre de la Eucarist\u00eda, ocupa un lugar central<\/b>, ya que ella ense\u00f1a al peregrino a vivir como Jes\u00fas, con humildad y entrega.<\/p>\n<p>Durante los primeros a\u00f1os, los fundadores y los primeros hermanos recorrieron diversas regiones de <b>Colombia<\/b> con un estilo misionero itinerante. All\u00ed organizaron vigilias eucar\u00edsticas, conciertos, jornadas de adoraci\u00f3n y actividades con familias y j\u00f3venes. A pesar de las limitaciones materiales propias de una fundaci\u00f3n, lograron ofrecer acompa\u00f1amiento espiritual y fortalecer la fe de las comunidades que los acog\u00edan.<\/p>\n<p>Con el tiempo, la comunidad se estructur\u00f3 en distintas ramas: sacerdotes y hermanos consagrados, hermanas consagradas y laicos comprometidos. <b>Cada grupo vive el carisma desde su propia vocaci\u00f3n, aunque todos comparten la misma misi\u00f3n de llevar a Cristo Eucarist\u00eda al coraz\u00f3n del mundo.<\/b> Los consagrados de ambas ramas residen en casas independientes, pero colaboran estrechamente en la oraci\u00f3n, la evangelizaci\u00f3n y las actividades formativas, donde tambi\u00e9n participan los laicos. Esta comuni\u00f3n de vocaciones expresa la riqueza de la familia espiritual.<\/p>\n<p><b>La misi\u00f3n de los Peregrinos se basa en la convicci\u00f3n de que la Eucarist\u00eda no es un simple s\u00edmbolo, sino el centro vivo de la fe cristiana.<\/b> De ella nace la fuerza que impulsa sus obras pastorales, sociales y culturales. Con este esp\u00edritu, han impulsado vigilias, encuentros eucar\u00edsticos, acompa\u00f1amiento a familias, misiones en zonas rurales y una labor musical que busca evangelizar a trav\u00e9s del arte.<\/p>\n<h2><b>Presencia internacional y proyecci\u00f3n cultural<\/b><\/h2>\n<p>Con el paso de los a\u00f1os, los <b>Peregrinos de la Eucarist\u00eda<\/b> expandieron su misi\u00f3n m\u00e1s all\u00e1 de <b>Colombia<\/b>, alcanzando pa\u00edses de <b>Am\u00e9rica Latina<\/b> y <b>Europa<\/b>. En <b>Espa\u00f1a<\/b> consolidaron su presencia en di\u00f3cesis como <b>Pamplona-Tudela<\/b>, <b>Getafe<\/b>, <b>Vitoria<\/b> y <b>Sevilla<\/b>. Uno de sus proyectos m\u00e1s representativos se encuentra en el <b>santuario de Nuestra Se\u00f1ora de Est\u00edbaliz<\/b>, en <b>\u00c1lava<\/b>, donde revitalizaron un antiguo monasterio y lo transformaron en un espacio de acogida espiritual y social.<\/p>\n<p>En este lugar desarrollaron <b>Amaren Etxea<\/b>, un proyecto que integra un restaurante, un bar y una casa de espiritualidad. <b>M\u00e1s que un servicio gastron\u00f3mico, se trata de un espacio de hospitalidad donde se ofrece cercan\u00eda y acompa\u00f1amiento humano.<\/b> Todo el conjunto busca reflejar la misi\u00f3n de la comunidad: acercar la <b>Eucarist\u00eda<\/b> a la vida concreta de las personas, uniendo la dimensi\u00f3n espiritual con las necesidades cotidianas.<\/p>\n<p>La comunidad ha participado en encuentros eucar\u00edsticos internacionales, compartiendo su experiencia espiritual y colaborando con otras realidades eclesiales. Estas iniciativas han enriquecido su labor y mostrado c\u00f3mo el <b>carisma eucar\u00edstico<\/b> puede dar respuestas a los desaf\u00edos pastorales de la Iglesia actual.<\/p>\n<p>Una caracter\u00edstica distintiva de los <b>Peregrinos de la Eucarist\u00eda<\/b> es su <b>producci\u00f3n musical<\/b>. A lo largo de los a\u00f1os han compuesto varios \u00e1lbumes con canciones propias interpretadas por miembros de la comunidad, disponibles en <a href=\"https:\/\/www.youtube.com\/@peregrinosdelaeucaristiaof\">plataformas digitales<\/a> como <b>Spotify<\/b>, <b>YouTube<\/b> y <b>Deezer<\/b>. Entre sus obras destaca <i>Vuelve al Coraz\u00f3n de Jes\u00fas<\/i>, creada con motivo del <b>centenario de la consagraci\u00f3n de Espa\u00f1a al Sagrado Coraz\u00f3n<\/b> en el <b>Cerro de los \u00c1ngeles<\/b>, en <b>Getafe<\/b>. <b>La m\u00fasica se ha convertido en un medio de evangelizaci\u00f3n que transmite su espiritualidad de manera sencilla y cercana.<\/b><\/p>\n<p>Hoy los <b>Peregrinos de la Eucarist\u00eda<\/b> contin\u00faan su labor desde una visi\u00f3n integradora que combina adoraci\u00f3n, vida comunitaria y compromiso pastoral. <b>Fieles a su lema evang\u00e9lico \u201cDadles vosotros de comer\u201d, buscan responder al hambre de Dios en el coraz\u00f3n humano y ser testigos de la presencia viva de Cristo en el mundo.<\/b><\/p>","protected":false},"excerpt":{"rendered":"<p>Los Peregrinos de la Eucarist\u00eda son una comunidad cat\u00f3lica de vida consagrada que naci\u00f3 en Colombia con el prop\u00f3sito de vivir y anunciar la presencia real de Cristo en el Sacramento del altar. Surgieron a partir de una experiencia vocacional que uni\u00f3 a j\u00f3venes creyentes deseosos de encarnar en su [&hellip;]<\/p>\n","protected":false},"author":3,"featured_media":66262,"comment_status":"closed","ping_status":"closed","sticky":false,"template":"","format":"standard","meta":{"footnotes":""},"categories":[3790],"tags":[],"class_list":["post-66261","post","type-post","status-publish","format-standard","has-post-thumbnail","hentry","category-otras-noticias"],"yoast_head":"<!-- This site is optimized with the Yoast SEO plugin v27.5 - https:\/\/yoast.com\/product\/yoast-seo-wordpress\/ -->\n<title>La comunidad de los Peregrinos de la Eucarist\u00eda: origen, misi\u00f3n y presencia internacional - Revista Rambla<\/title>\n<meta name=\"robots\" content=\"index, follow, max-snippet:-1, max-image-preview:large, max-video-preview:-1\" \/>\n<link rel=\"canonical\" href=\"https:\/\/www.revistarambla.com\/en\/la-comunidad-de-los-peregrinos-de-la-eucaristia-origen-mision-y-presencia-internacional\/\" \/>\n<meta property=\"og:locale\" content=\"en_GB\" \/>\n<meta property=\"og:type\" content=\"article\" \/>\n<meta property=\"og:title\" content=\"La comunidad de los Peregrinos de la Eucarist\u00eda: origen, misi\u00f3n y presencia internacional - Revista Rambla\" \/>\n<meta property=\"og:description\" content=\"Los Peregrinos de la Eucarist\u00eda son una comunidad cat\u00f3lica de vida consagrada que naci\u00f3 en Colombia con el prop\u00f3sito de vivir y anunciar la presencia real de Cristo en el Sacramento del altar. Surgieron a partir de una experiencia vocacional que uni\u00f3 a j\u00f3venes creyentes deseosos de encarnar en su [&hellip;]\" \/>\n<meta property=\"og:url\" content=\"https:\/\/www.revistarambla.com\/en\/la-comunidad-de-los-peregrinos-de-la-eucaristia-origen-mision-y-presencia-internacional\/\" \/>\n<meta property=\"og:site_name\" content=\"Revista Rambla\" \/>\n<meta property=\"article:publisher\" content=\"https:\/\/www.facebook.com\/revistarambla\/\" \/>\n<meta property=\"article:author\" content=\"https:\/\/www.facebook.com\/revistarambla\" \/>\n<meta property=\"article:published_time\" content=\"2025-08-23T11:33:05+00:00\" \/>\n<meta property=\"og:image\" content=\"https:\/\/www.revistarambla.com\/wp-content\/uploads\/2025\/08\/phpfbDABC68a85de17fee1.jpg\" \/>\n\t<meta property=\"og:image:width\" content=\"1280\" \/>\n\t<meta property=\"og:image:height\" content=\"853\" \/>\n\t<meta property=\"og:image:type\" content=\"image\/jpeg\" \/>\n<meta name=\"author\" content=\"R@mbla\" \/>\n<meta name=\"twitter:card\" content=\"summary_large_image\" \/>\n<meta name=\"twitter:creator\" content=\"@revistarambla\" \/>\n<meta name=\"twitter:site\" content=\"@revistarambla\" \/>\n<meta name=\"twitter:label1\" content=\"Written by\" \/>\n\t<meta name=\"twitter:data1\" content=\"R@mbla\" \/>\n\t<meta name=\"twitter:label2\" content=\"Estimated reading time\" \/>\n\t<meta name=\"twitter:data2\" content=\"5 minutes\" \/>\n<script type=\"application\/ld+json\" class=\"yoast-schema-graph\">{\"@context\":\"https:\\\/\\\/schema.org\",\"@graph\":[{\"@type\":\"Article\",\"@id\":\"https:\\\/\\\/www.revistarambla.com\\\/la-comunidad-de-los-peregrinos-de-la-eucaristia-origen-mision-y-presencia-internacional\\\/#article\",\"isPartOf\":{\"@id\":\"https:\\\/\\\/www.revistarambla.com\\\/la-comunidad-de-los-peregrinos-de-la-eucaristia-origen-mision-y-presencia-internacional\\\/\"},\"author\":{\"name\":\"R@mbla\",\"@id\":\"https:\\\/\\\/www.revistarambla.com\\\/#\\\/schema\\\/person\\\/a146a5a2550b94981a75131180e1bd9c\"},\"headline\":\"La comunidad de los Peregrinos de la Eucarist\u00eda: origen, misi\u00f3n y presencia internacional\",\"datePublished\":\"2025-08-23T11:33:05+00:00\",\"mainEntityOfPage\":{\"@id\":\"https:\\\/\\\/www.revistarambla.com\\\/la-comunidad-de-los-peregrinos-de-la-eucaristia-origen-mision-y-presencia-internacional\\\/\"},\"wordCount\":976,\"publisher\":{\"@id\":\"https:\\\/\\\/www.revistarambla.com\\\/#organization\"},\"image\":{\"@id\":\"https:\\\/\\\/www.revistarambla.com\\\/la-comunidad-de-los-peregrinos-de-la-eucaristia-origen-mision-y-presencia-internacional\\\/#primaryimage\"},\"thumbnailUrl\":\"https:\\\/\\\/www.revistarambla.com\\\/wp-content\\\/uploads\\\/2025\\\/08\\\/phpfbDABC68a85de17fee1.jpg\",\"articleSection\":[\"Otras Noticias\"],\"inLanguage\":\"en-GB\"},{\"@type\":\"WebPage\",\"@id\":\"https:\\\/\\\/www.revistarambla.com\\\/la-comunidad-de-los-peregrinos-de-la-eucaristia-origen-mision-y-presencia-internacional\\\/\",\"url\":\"https:\\\/\\\/www.revistarambla.com\\\/la-comunidad-de-los-peregrinos-de-la-eucaristia-origen-mision-y-presencia-internacional\\\/\",\"name\":\"La comunidad de los Peregrinos de la Eucarist\u00eda: origen, misi\u00f3n y presencia internacional - Revista Rambla\",\"isPartOf\":{\"@id\":\"https:\\\/\\\/www.revistarambla.com\\\/#website\"},\"primaryImageOfPage\":{\"@id\":\"https:\\\/\\\/www.revistarambla.com\\\/la-comunidad-de-los-peregrinos-de-la-eucaristia-origen-mision-y-presencia-internacional\\\/#primaryimage\"},\"image\":{\"@id\":\"https:\\\/\\\/www.revistarambla.com\\\/la-comunidad-de-los-peregrinos-de-la-eucaristia-origen-mision-y-presencia-internacional\\\/#primaryimage\"},\"thumbnailUrl\":\"https:\\\/\\\/www.revistarambla.com\\\/wp-content\\\/uploads\\\/2025\\\/08\\\/phpfbDABC68a85de17fee1.jpg\",\"datePublished\":\"2025-08-23T11:33:05+00:00\",\"breadcrumb\":{\"@id\":\"https:\\\/\\\/www.revistarambla.com\\\/la-comunidad-de-los-peregrinos-de-la-eucaristia-origen-mision-y-presencia-internacional\\\/#breadcrumb\"},\"inLanguage\":\"en-GB\",\"potentialAction\":[{\"@type\":\"ReadAction\",\"target\":[\"https:\\\/\\\/www.revistarambla.com\\\/la-comunidad-de-los-peregrinos-de-la-eucaristia-origen-mision-y-presencia-internacional\\\/\"]}]},{\"@type\":\"ImageObject\",\"inLanguage\":\"en-GB\",\"@id\":\"https:\\\/\\\/www.revistarambla.com\\\/la-comunidad-de-los-peregrinos-de-la-eucaristia-origen-mision-y-presencia-internacional\\\/#primaryimage\",\"url\":\"https:\\\/\\\/www.revistarambla.com\\\/wp-content\\\/uploads\\\/2025\\\/08\\\/phpfbDABC68a85de17fee1.jpg\",\"contentUrl\":\"https:\\\/\\\/www.revistarambla.com\\\/wp-content\\\/uploads\\\/2025\\\/08\\\/phpfbDABC68a85de17fee1.jpg\",\"width\":1280,\"height\":853,\"caption\":\"Peregrinos de la Eucarist\u00eda\"},{\"@type\":\"BreadcrumbList\",\"@id\":\"https:\\\/\\\/www.revistarambla.com\\\/la-comunidad-de-los-peregrinos-de-la-eucaristia-origen-mision-y-presencia-internacional\\\/#breadcrumb\",\"itemListElement\":[{\"@type\":\"ListItem\",\"position\":1,\"name\":\"Portada\",\"item\":\"https:\\\/\\\/www.revistarambla.com\\\/\"},{\"@type\":\"ListItem\",\"position\":2,\"name\":\"La comunidad de los Peregrinos de la Eucarist\u00eda: origen, misi\u00f3n y presencia internacional\"}]},{\"@type\":\"WebSite\",\"@id\":\"https:\\\/\\\/www.revistarambla.com\\\/#website\",\"url\":\"https:\\\/\\\/www.revistarambla.com\\\/\",\"name\":\"Revista Rambla Barcelona\",\"description\":\"Periodismo independiente\",\"publisher\":{\"@id\":\"https:\\\/\\\/www.revistarambla.com\\\/#organization\"},\"potentialAction\":[{\"@type\":\"SearchAction\",\"target\":{\"@type\":\"EntryPoint\",\"urlTemplate\":\"https:\\\/\\\/www.revistarambla.com\\\/?s={search_term_string}\"},\"query-input\":{\"@type\":\"PropertyValueSpecification\",\"valueRequired\":true,\"valueName\":\"search_term_string\"}}],\"inLanguage\":\"en-GB\"},{\"@type\":\"Organization\",\"@id\":\"https:\\\/\\\/www.revistarambla.com\\\/#organization\",\"name\":\"Revista Rambla\",\"url\":\"https:\\\/\\\/www.revistarambla.com\\\/\",\"logo\":{\"@type\":\"ImageObject\",\"inLanguage\":\"en-GB\",\"@id\":\"https:\\\/\\\/www.revistarambla.com\\\/#\\\/schema\\\/logo\\\/image\\\/\",\"url\":\"https:\\\/\\\/www.revistarambla.com\\\/wp-content\\\/uploads\\\/2020\\\/09\\\/banner_rambla_1900x600_BB.png\",\"contentUrl\":\"https:\\\/\\\/www.revistarambla.com\\\/wp-content\\\/uploads\\\/2020\\\/09\\\/banner_rambla_1900x600_BB.png\",\"width\":1900,\"height\":600,\"caption\":\"Revista Rambla\"},\"image\":{\"@id\":\"https:\\\/\\\/www.revistarambla.com\\\/#\\\/schema\\\/logo\\\/image\\\/\"},\"sameAs\":[\"https:\\\/\\\/www.facebook.com\\\/revistarambla\\\/\",\"https:\\\/\\\/x.com\\\/revistarambla\",\"https:\\\/\\\/www.instagram.com\\\/revista_rambla\",\"https:\\\/\\\/es.linkedin.com\\\/company\\\/revista-rambla\"]},{\"@type\":\"Person\",\"@id\":\"https:\\\/\\\/www.revistarambla.com\\\/#\\\/schema\\\/person\\\/a146a5a2550b94981a75131180e1bd9c\",\"name\":\"R@mbla\",\"description\":\"Este art\u00edculo ha sido redactado y\\\/o validado por el equipo de redacci\u00f3n de Revista Rambla.\",\"sameAs\":[\"https:\\\/\\\/www.revistarambla.com\\\/\",\"https:\\\/\\\/www.facebook.com\\\/revistarambla\",\"https:\\\/\\\/x.com\\\/revistarambla\"]}]}<\/script>\n<!-- \/ Yoast SEO plugin. -->","yoast_head_json":{"title":"La comunidad de los Peregrinos de la Eucarist\u00eda: origen, misi\u00f3n y presencia internacional - Revista Rambla","robots":{"index":"index","follow":"follow","max-snippet":"max-snippet:-1","max-image-preview":"max-image-preview:large","max-video-preview":"max-video-preview:-1"},"canonical":"https:\/\/www.revistarambla.com\/en\/la-comunidad-de-los-peregrinos-de-la-eucaristia-origen-mision-y-presencia-internacional\/","og_locale":"en_GB","og_type":"article","og_title":"La comunidad de los Peregrinos de la Eucarist\u00eda: origen, misi\u00f3n y presencia internacional - Revista Rambla","og_description":"Los Peregrinos de la Eucarist\u00eda son una comunidad cat\u00f3lica de vida consagrada que naci\u00f3 en Colombia con el prop\u00f3sito de vivir y anunciar la presencia real de Cristo en el Sacramento del altar. Surgieron a partir de una experiencia vocacional que uni\u00f3 a j\u00f3venes creyentes deseosos de encarnar en su [&hellip;]","og_url":"https:\/\/www.revistarambla.com\/en\/la-comunidad-de-los-peregrinos-de-la-eucaristia-origen-mision-y-presencia-internacional\/","og_site_name":"Revista Rambla","article_publisher":"https:\/\/www.facebook.com\/revistarambla\/","article_author":"https:\/\/www.facebook.com\/revistarambla","article_published_time":"2025-08-23T11:33:05+00:00","og_image":[{"width":1280,"height":853,"url":"https:\/\/www.revistarambla.com\/wp-content\/uploads\/2025\/08\/phpfbDABC68a85de17fee1.jpg","type":"image\/jpeg"}],"author":"R@mbla","twitter_card":"summary_large_image","twitter_creator":"@revistarambla","twitter_site":"@revistarambla","twitter_misc":{"Written by":"R@mbla","Estimated reading time":"5 minutes"},"schema":{"@context":"https:\/\/schema.org","@graph":[{"@type":"Article","@id":"https:\/\/www.revistarambla.com\/la-comunidad-de-los-peregrinos-de-la-eucaristia-origen-mision-y-presencia-internacional\/#article","isPartOf":{"@id":"https:\/\/www.revistarambla.com\/la-comunidad-de-los-peregrinos-de-la-eucaristia-origen-mision-y-presencia-internacional\/"},"author":{"name":"R@mbla","@id":"https:\/\/www.revistarambla.com\/#\/schema\/person\/a146a5a2550b94981a75131180e1bd9c"},"headline":"La comunidad de los Peregrinos de la Eucarist\u00eda: origen, misi\u00f3n y presencia internacional","datePublished":"2025-08-23T11:33:05+00:00","mainEntityOfPage":{"@id":"https:\/\/www.revistarambla.com\/la-comunidad-de-los-peregrinos-de-la-eucaristia-origen-mision-y-presencia-internacional\/"},"wordCount":976,"publisher":{"@id":"https:\/\/www.revistarambla.com\/#organization"},"image":{"@id":"https:\/\/www.revistarambla.com\/la-comunidad-de-los-peregrinos-de-la-eucaristia-origen-mision-y-presencia-internacional\/#primaryimage"},"thumbnailUrl":"https:\/\/www.revistarambla.com\/wp-content\/uploads\/2025\/08\/phpfbDABC68a85de17fee1.jpg","articleSection":["Otras Noticias"],"inLanguage":"en-GB"},{"@type":"WebPage","@id":"https:\/\/www.revistarambla.com\/la-comunidad-de-los-peregrinos-de-la-eucaristia-origen-mision-y-presencia-internacional\/","url":"https:\/\/www.revistarambla.com\/la-comunidad-de-los-peregrinos-de-la-eucaristia-origen-mision-y-presencia-internacional\/","name":"La comunidad de los Peregrinos de la Eucarist\u00eda: origen, misi\u00f3n y presencia internacional - Revista Rambla","isPartOf":{"@id":"https:\/\/www.revistarambla.com\/#website"},"primaryImageOfPage":{"@id":"https:\/\/www.revistarambla.com\/la-comunidad-de-los-peregrinos-de-la-eucaristia-origen-mision-y-presencia-internacional\/#primaryimage"},"image":{"@id":"https:\/\/www.revistarambla.com\/la-comunidad-de-los-peregrinos-de-la-eucaristia-origen-mision-y-presencia-internacional\/#primaryimage"},"thumbnailUrl":"https:\/\/www.revistarambla.com\/wp-content\/uploads\/2025\/08\/phpfbDABC68a85de17fee1.jpg","datePublished":"2025-08-23T11:33:05+00:00","breadcrumb":{"@id":"https:\/\/www.revistarambla.com\/la-comunidad-de-los-peregrinos-de-la-eucaristia-origen-mision-y-presencia-internacional\/#breadcrumb"},"inLanguage":"en-GB","potentialAction":[{"@type":"ReadAction","target":["https:\/\/www.revistarambla.com\/la-comunidad-de-los-peregrinos-de-la-eucaristia-origen-mision-y-presencia-internacional\/"]}]},{"@type":"ImageObject","inLanguage":"en-GB","@id":"https:\/\/www.revistarambla.com\/la-comunidad-de-los-peregrinos-de-la-eucaristia-origen-mision-y-presencia-internacional\/#primaryimage","url":"https:\/\/www.revistarambla.com\/wp-content\/uploads\/2025\/08\/phpfbDABC68a85de17fee1.jpg","contentUrl":"https:\/\/www.revistarambla.com\/wp-content\/uploads\/2025\/08\/phpfbDABC68a85de17fee1.jpg","width":1280,"height":853,"caption":"Peregrinos de la Eucarist\u00eda"},{"@type":"BreadcrumbList","@id":"https:\/\/www.revistarambla.com\/la-comunidad-de-los-peregrinos-de-la-eucaristia-origen-mision-y-presencia-internacional\/#breadcrumb","itemListElement":[{"@type":"ListItem","position":1,"name":"Portada","item":"https:\/\/www.revistarambla.com\/"},{"@type":"ListItem","position":2,"name":"La comunidad de los Peregrinos de la Eucarist\u00eda: origen, misi\u00f3n y presencia internacional"}]},{"@type":"WebSite","@id":"https:\/\/www.revistarambla.com\/#website","url":"https:\/\/www.revistarambla.com\/","name":"Revista Rambla Barcelona","description":"Periodismo independiente","publisher":{"@id":"https:\/\/www.revistarambla.com\/#organization"},"potentialAction":[{"@type":"SearchAction","target":{"@type":"EntryPoint","urlTemplate":"https:\/\/www.revistarambla.com\/?s={search_term_string}"},"query-input":{"@type":"PropertyValueSpecification","valueRequired":true,"valueName":"search_term_string"}}],"inLanguage":"en-GB"},{"@type":"Organization","@id":"https:\/\/www.revistarambla.com\/#organization","name":"Revista Rambla","url":"https:\/\/www.revistarambla.com\/","logo":{"@type":"ImageObject","inLanguage":"en-GB","@id":"https:\/\/www.revistarambla.com\/#\/schema\/logo\/image\/","url":"https:\/\/www.revistarambla.com\/wp-content\/uploads\/2020\/09\/banner_rambla_1900x600_BB.png","contentUrl":"https:\/\/www.revistarambla.com\/wp-content\/uploads\/2020\/09\/banner_rambla_1900x600_BB.png","width":1900,"height":600,"caption":"Revista Rambla"},"image":{"@id":"https:\/\/www.revistarambla.com\/#\/schema\/logo\/image\/"},"sameAs":["https:\/\/www.facebook.com\/revistarambla\/","https:\/\/x.com\/revistarambla","https:\/\/www.instagram.com\/revista_rambla","https:\/\/es.linkedin.com\/company\/revista-rambla"]},{"@type":"Person","@id":"https:\/\/www.revistarambla.com\/#\/schema\/person\/a146a5a2550b94981a75131180e1bd9c","name":"R@mbla","description":"Este art\u00edculo ha sido redactado y\/o validado por el equipo de redacci\u00f3n de Revista Rambla.","sameAs":["https:\/\/www.revistarambla.com\/","https:\/\/www.facebook.com\/revistarambla","https:\/\/x.com\/revistarambla"]}]}},"_links":{"self":[{"href":"https:\/\/www.revistarambla.com\/en\/wp-json\/wp\/v2\/posts\/66261","targetHints":{"allow":["GET"]}}],"collection":[{"href":"https:\/\/www.revistarambla.com\/en\/wp-json\/wp\/v2\/posts"}],"about":[{"href":"https:\/\/www.revistarambla.com\/en\/wp-json\/wp\/v2\/types\/post"}],"author":[{"embeddable":true,"href":"https:\/\/www.revistarambla.com\/en\/wp-json\/wp\/v2\/users\/3"}],"replies":[{"embeddable":true,"href":"https:\/\/www.revistarambla.com\/en\/wp-json\/wp\/v2\/comments?post=66261"}],"version-history":[{"count":1,"href":"https:\/\/www.revistarambla.com\/en\/wp-json\/wp\/v2\/posts\/66261\/revisions"}],"predecessor-version":[{"id":66263,"href":"https:\/\/www.revistarambla.com\/en\/wp-json\/wp\/v2\/posts\/66261\/revisions\/66263"}],"wp:featuredmedia":[{"embeddable":true,"href":"https:\/\/www.revistarambla.com\/en\/wp-json\/wp\/v2\/media\/66262"}],"wp:attachment":[{"href":"https:\/\/www.revistarambla.com\/en\/wp-json\/wp\/v2\/media?parent=66261"}],"wp:term":[{"taxonomy":"category","embeddable":true,"href":"https:\/\/www.revistarambla.com\/en\/wp-json\/wp\/v2\/categories?post=66261"},{"taxonomy":"post_tag","embeddable":true,"href":"https:\/\/www.revistarambla.com\/en\/wp-json\/wp\/v2\/tags?post=66261"}],"curies":[{"name":"wp","href":"https:\/\/api.w.org\/{rel}","templated":true}]}}