{"id":66258,"date":"2025-08-23T13:31:01","date_gmt":"2025-08-23T11:31:01","guid":{"rendered":"https:\/\/www.revistarambla.com\/?p=66258"},"modified":"2025-08-23T13:31:01","modified_gmt":"2025-08-23T11:31:01","slug":"liderazgo-estrategico-en-stadler-valencia-segun-inigo-parra","status":"publish","type":"post","link":"https:\/\/www.revistarambla.com\/en\/liderazgo-estrategico-en-stadler-valencia-segun-inigo-parra\/","title":{"rendered":"Liderazgo estrat\u00e9gico en Stadler Valencia seg\u00fan \u00cd\u00f1igo Parra"},"content":{"rendered":"<p><img decoding=\"async\" class=\"size-full wp-image-66259 aligncenter\" src=\"https:\/\/www.revistarambla.com\/wp-content\/uploads\/2025\/08\/phpkeHfPB68a85c0f375e0.jpg\" alt=\"Stadler Valencia\" width=\"1920\" height=\"1281\" srcset=\"https:\/\/www.revistarambla.com\/wp-content\/uploads\/2025\/08\/phpkeHfPB68a85c0f375e0.jpg 1920w, https:\/\/www.revistarambla.com\/wp-content\/uploads\/2025\/08\/phpkeHfPB68a85c0f375e0-547x365.jpg 547w, https:\/\/www.revistarambla.com\/wp-content\/uploads\/2025\/08\/phpkeHfPB68a85c0f375e0-840x560.jpg 840w, https:\/\/www.revistarambla.com\/wp-content\/uploads\/2025\/08\/phpkeHfPB68a85c0f375e0-768x512.jpg 768w, https:\/\/www.revistarambla.com\/wp-content\/uploads\/2025\/08\/phpkeHfPB68a85c0f375e0-1536x1025.jpg 1536w, https:\/\/www.revistarambla.com\/wp-content\/uploads\/2025\/08\/phpkeHfPB68a85c0f375e0-18x12.jpg 18w\" sizes=\"(max-width: 1920px) 100vw, 1920px\" \/><\/p>\n<p>El entorno global atraviesa una etapa de <b>inestabilidad sostenida<\/b>que condiciona el crecimiento econ\u00f3mico y la planificaci\u00f3n empresarial. La pandemia, un conflicto armado en Europa, tensiones comerciales que han afectado a las cadenas de suministro y la amenaza de nuevas barreras arancelarias han configurado un panorama exigente. En Espa\u00f1a, el reciente apag\u00f3n el\u00e9ctrico revel\u00f3 la fragilidad de unas infraestructuras que precisan inversi\u00f3n y modernizaci\u00f3n. En este escenario, \u00cd\u00f1igo <a href=\"https:\/\/metropoliabierta.elespanol.com\/recomendados\/20250626\/inigo-parra-destaca-colaboracion-internacional-entrega-citylink-saarbahn\/1003742668914_0.html\" target=\"_blank\" rel=\"nofollow noopener\">Parra<\/a>, presidente de Stadler Valencia, afirma que el liderazgo debe ejercerse con anticipaci\u00f3n, determinaci\u00f3n y capacidad de adaptaci\u00f3n para garantizar la competitividad y la resiliencia.<\/p>\n<p>En la <b>jornada empresarial anual Paco Pons<\/b>, organizada por la Asociaci\u00f3n Valenciana de Empresarios (AVE) y la Asociaci\u00f3n para el Progreso de la Direcci\u00f3n (APD), Parra explic\u00f3 c\u00f3mo las organizaciones pueden prepararse para actuar con eficacia en entornos cambiantes. \u201cEl entorno ha cambiado radicalmente en los \u00faltimos a\u00f1os. No solamente por acontecimientos impredecibles como la covid o la guerra, sino tambi\u00e9n con otros que nos toca gestionar desde hace tiempo como la falta de personal, la p\u00e9rdida de know how en muchas industrias y una inestabilidad macroecon\u00f3mica que nos afecta constantemente\u00bb, expuso, recalcando que el liderazgo debe ser \u00e1gil y proactivo.<\/p>\n<p>Parra sostiene que un liderazgo efectivo requiere un objetivo claro, decisiones firmes, humildad para aceptar errores y una comunicaci\u00f3n constante que fluya por toda la empresa. Considera que las compa\u00f1\u00edas con visi\u00f3n de futuro son aquellas que se anticipan a los cambios, se adaptan r\u00e1pidamente y fomentan el talento interno. \u201cEn definitiva, tiene que ser una compa\u00f1\u00eda valiente y sin miedo\u00bb, afirm\u00f3, destacando que la valent\u00eda empresarial debe estar respaldada por estrategia y planificaci\u00f3n.<\/p>\n<h3><b>Stadler Valencia como reflejo del liderazgo de \u00cd\u00f1igo Parra<\/b><\/h3>\n<p>En palabras de Parra: \u00abUna compa\u00f1\u00eda es siempre la sombra de una persona, ya sea el CEO, el due\u00f1o o el fundador, que es el que marca\u00bb. A\u00f1adi\u00f3: \u201cSiempre digo que la verdadera ventaja competitiva de una firma no es un producto, una manera de hacer o unos servicios, sino su gente y qui\u00e9n gestiona a ese personal\u201d. En Stadler Valencia, este principio se materializa en un liderazgo que pone a las personas como eje de la organizaci\u00f3n.<\/p>\n<h3><b>Autocr\u00edtica como base de un liderazgo s\u00f3lido<\/b><\/h3>\n<p>Para Parra, el liderazgo comienza con la <b>capacidad de revisarse a uno mismo<\/b>. La autocr\u00edtica, unida a una visi\u00f3n amplia, permite adaptarse a los cambios sin desviarse de los objetivos. Adem\u00e1s, integrar diferentes perspectivas dentro de los equipos enriquece el proceso de decisi\u00f3n y fortalece la estructura organizativa.<\/p>\n<p>Parra considera que la \u201cdejaci\u00f3n de autoridad\u201d es uno de los problemas actuales en las empresas. Defiende establecer pocas normas claras y, si no se cumplen, invitar a la persona a abandonar la organizaci\u00f3n. \u201cEs hacerle tambi\u00e9n un favor porque esa persona no est\u00e1 alineada con los valores\u201d. Para \u00e9l, ejercer autoridad es parte del liderazgo y debe centrarse en sacar el m\u00e1ximo potencial de cada trabajador: \u201cSomos nosotros, los jefes, los que tenemos que sacar todo lo que puede dar una persona. Esa es nuestra misi\u00f3n\u201d.<\/p>\n<p>Parra defiende que un buen l\u00edder debe tener la humildad para reconocer cu\u00e1ndo ha llegado el momento de dar paso a nuevas generaciones. Esto implica desarrollarse plenamente, tomar decisiones clave y garantizar un traspaso ordenado que mantenga la estabilidad de la empresa.<\/p>\n<p>Su modelo se fundamenta en la coherencia entre el discurso y la acci\u00f3n, la responsabilidad y la capacidad de anticipar desaf\u00edos. Est\u00e1 convencido de que las compa\u00f1\u00edas que perduren ser\u00e1n aquellas que cuenten con l\u00edderes que escuchen, act\u00faen con firmeza y fortalezcan estructuras s\u00f3lidas para el futuro.<\/p>","protected":false},"excerpt":{"rendered":"<p>El entorno global atraviesa una etapa de inestabilidad sostenidaque condiciona el crecimiento econ\u00f3mico y la planificaci\u00f3n empresarial. La pandemia, un conflicto armado en Europa, tensiones comerciales que han afectado a las cadenas de suministro y la amenaza de nuevas barreras arancelarias han configurado un panorama exigente. En Espa\u00f1a, el reciente [&hellip;]<\/p>\n","protected":false},"author":3,"featured_media":66259,"comment_status":"closed","ping_status":"closed","sticky":false,"template":"","format":"standard","meta":{"footnotes":""},"categories":[3790],"tags":[],"class_list":["post-66258","post","type-post","status-publish","format-standard","has-post-thumbnail","hentry","category-otras-noticias"],"yoast_head":"<!-- This site is optimized with the Yoast SEO plugin v27.5 - https:\/\/yoast.com\/product\/yoast-seo-wordpress\/ -->\n<title>Liderazgo estrat\u00e9gico en Stadler Valencia seg\u00fan \u00cd\u00f1igo Parra - Revista Rambla<\/title>\n<meta name=\"robots\" content=\"index, follow, max-snippet:-1, max-image-preview:large, max-video-preview:-1\" \/>\n<link rel=\"canonical\" href=\"https:\/\/www.revistarambla.com\/en\/liderazgo-estrategico-en-stadler-valencia-segun-inigo-parra\/\" \/>\n<meta property=\"og:locale\" content=\"en_GB\" \/>\n<meta property=\"og:type\" content=\"article\" \/>\n<meta property=\"og:title\" content=\"Liderazgo estrat\u00e9gico en Stadler Valencia seg\u00fan \u00cd\u00f1igo Parra - Revista Rambla\" \/>\n<meta property=\"og:description\" content=\"El entorno global atraviesa una etapa de inestabilidad sostenidaque condiciona el crecimiento econ\u00f3mico y la planificaci\u00f3n empresarial. La pandemia, un conflicto armado en Europa, tensiones comerciales que han afectado a las cadenas de suministro y la amenaza de nuevas barreras arancelarias han configurado un panorama exigente. En Espa\u00f1a, el reciente [&hellip;]\" \/>\n<meta property=\"og:url\" content=\"https:\/\/www.revistarambla.com\/en\/liderazgo-estrategico-en-stadler-valencia-segun-inigo-parra\/\" \/>\n<meta property=\"og:site_name\" content=\"Revista Rambla\" \/>\n<meta property=\"article:publisher\" content=\"https:\/\/www.facebook.com\/revistarambla\/\" \/>\n<meta property=\"article:author\" content=\"https:\/\/www.facebook.com\/revistarambla\" \/>\n<meta property=\"article:published_time\" content=\"2025-08-23T11:31:01+00:00\" \/>\n<meta property=\"og:image\" content=\"https:\/\/www.revistarambla.com\/wp-content\/uploads\/2025\/08\/phpkeHfPB68a85c0f375e0.jpg\" \/>\n\t<meta property=\"og:image:width\" content=\"1920\" \/>\n\t<meta property=\"og:image:height\" content=\"1281\" \/>\n\t<meta property=\"og:image:type\" content=\"image\/jpeg\" \/>\n<meta name=\"author\" content=\"R@mbla\" \/>\n<meta name=\"twitter:card\" content=\"summary_large_image\" \/>\n<meta name=\"twitter:creator\" content=\"@revistarambla\" \/>\n<meta name=\"twitter:site\" content=\"@revistarambla\" \/>\n<meta name=\"twitter:label1\" content=\"Written by\" \/>\n\t<meta name=\"twitter:data1\" content=\"R@mbla\" \/>\n\t<meta name=\"twitter:label2\" content=\"Estimated reading time\" \/>\n\t<meta name=\"twitter:data2\" content=\"4 minutes\" \/>\n<script type=\"application\/ld+json\" class=\"yoast-schema-graph\">{\"@context\":\"https:\\\/\\\/schema.org\",\"@graph\":[{\"@type\":\"Article\",\"@id\":\"https:\\\/\\\/www.revistarambla.com\\\/liderazgo-estrategico-en-stadler-valencia-segun-inigo-parra\\\/#article\",\"isPartOf\":{\"@id\":\"https:\\\/\\\/www.revistarambla.com\\\/liderazgo-estrategico-en-stadler-valencia-segun-inigo-parra\\\/\"},\"author\":{\"name\":\"R@mbla\",\"@id\":\"https:\\\/\\\/www.revistarambla.com\\\/#\\\/schema\\\/person\\\/a146a5a2550b94981a75131180e1bd9c\"},\"headline\":\"Liderazgo estrat\u00e9gico en Stadler Valencia seg\u00fan \u00cd\u00f1igo Parra\",\"datePublished\":\"2025-08-23T11:31:01+00:00\",\"mainEntityOfPage\":{\"@id\":\"https:\\\/\\\/www.revistarambla.com\\\/liderazgo-estrategico-en-stadler-valencia-segun-inigo-parra\\\/\"},\"wordCount\":645,\"publisher\":{\"@id\":\"https:\\\/\\\/www.revistarambla.com\\\/#organization\"},\"image\":{\"@id\":\"https:\\\/\\\/www.revistarambla.com\\\/liderazgo-estrategico-en-stadler-valencia-segun-inigo-parra\\\/#primaryimage\"},\"thumbnailUrl\":\"https:\\\/\\\/www.revistarambla.com\\\/wp-content\\\/uploads\\\/2025\\\/08\\\/phpkeHfPB68a85c0f375e0.jpg\",\"articleSection\":[\"Otras Noticias\"],\"inLanguage\":\"en-GB\"},{\"@type\":\"WebPage\",\"@id\":\"https:\\\/\\\/www.revistarambla.com\\\/liderazgo-estrategico-en-stadler-valencia-segun-inigo-parra\\\/\",\"url\":\"https:\\\/\\\/www.revistarambla.com\\\/liderazgo-estrategico-en-stadler-valencia-segun-inigo-parra\\\/\",\"name\":\"Liderazgo estrat\u00e9gico en Stadler Valencia seg\u00fan \u00cd\u00f1igo Parra - Revista Rambla\",\"isPartOf\":{\"@id\":\"https:\\\/\\\/www.revistarambla.com\\\/#website\"},\"primaryImageOfPage\":{\"@id\":\"https:\\\/\\\/www.revistarambla.com\\\/liderazgo-estrategico-en-stadler-valencia-segun-inigo-parra\\\/#primaryimage\"},\"image\":{\"@id\":\"https:\\\/\\\/www.revistarambla.com\\\/liderazgo-estrategico-en-stadler-valencia-segun-inigo-parra\\\/#primaryimage\"},\"thumbnailUrl\":\"https:\\\/\\\/www.revistarambla.com\\\/wp-content\\\/uploads\\\/2025\\\/08\\\/phpkeHfPB68a85c0f375e0.jpg\",\"datePublished\":\"2025-08-23T11:31:01+00:00\",\"breadcrumb\":{\"@id\":\"https:\\\/\\\/www.revistarambla.com\\\/liderazgo-estrategico-en-stadler-valencia-segun-inigo-parra\\\/#breadcrumb\"},\"inLanguage\":\"en-GB\",\"potentialAction\":[{\"@type\":\"ReadAction\",\"target\":[\"https:\\\/\\\/www.revistarambla.com\\\/liderazgo-estrategico-en-stadler-valencia-segun-inigo-parra\\\/\"]}]},{\"@type\":\"ImageObject\",\"inLanguage\":\"en-GB\",\"@id\":\"https:\\\/\\\/www.revistarambla.com\\\/liderazgo-estrategico-en-stadler-valencia-segun-inigo-parra\\\/#primaryimage\",\"url\":\"https:\\\/\\\/www.revistarambla.com\\\/wp-content\\\/uploads\\\/2025\\\/08\\\/phpkeHfPB68a85c0f375e0.jpg\",\"contentUrl\":\"https:\\\/\\\/www.revistarambla.com\\\/wp-content\\\/uploads\\\/2025\\\/08\\\/phpkeHfPB68a85c0f375e0.jpg\",\"width\":1920,\"height\":1281,\"caption\":\"Stadler Valencia\"},{\"@type\":\"BreadcrumbList\",\"@id\":\"https:\\\/\\\/www.revistarambla.com\\\/liderazgo-estrategico-en-stadler-valencia-segun-inigo-parra\\\/#breadcrumb\",\"itemListElement\":[{\"@type\":\"ListItem\",\"position\":1,\"name\":\"Portada\",\"item\":\"https:\\\/\\\/www.revistarambla.com\\\/\"},{\"@type\":\"ListItem\",\"position\":2,\"name\":\"Liderazgo estrat\u00e9gico en Stadler Valencia seg\u00fan \u00cd\u00f1igo Parra\"}]},{\"@type\":\"WebSite\",\"@id\":\"https:\\\/\\\/www.revistarambla.com\\\/#website\",\"url\":\"https:\\\/\\\/www.revistarambla.com\\\/\",\"name\":\"Revista Rambla Barcelona\",\"description\":\"Periodismo independiente\",\"publisher\":{\"@id\":\"https:\\\/\\\/www.revistarambla.com\\\/#organization\"},\"potentialAction\":[{\"@type\":\"SearchAction\",\"target\":{\"@type\":\"EntryPoint\",\"urlTemplate\":\"https:\\\/\\\/www.revistarambla.com\\\/?s={search_term_string}\"},\"query-input\":{\"@type\":\"PropertyValueSpecification\",\"valueRequired\":true,\"valueName\":\"search_term_string\"}}],\"inLanguage\":\"en-GB\"},{\"@type\":\"Organization\",\"@id\":\"https:\\\/\\\/www.revistarambla.com\\\/#organization\",\"name\":\"Revista Rambla\",\"url\":\"https:\\\/\\\/www.revistarambla.com\\\/\",\"logo\":{\"@type\":\"ImageObject\",\"inLanguage\":\"en-GB\",\"@id\":\"https:\\\/\\\/www.revistarambla.com\\\/#\\\/schema\\\/logo\\\/image\\\/\",\"url\":\"https:\\\/\\\/www.revistarambla.com\\\/wp-content\\\/uploads\\\/2020\\\/09\\\/banner_rambla_1900x600_BB.png\",\"contentUrl\":\"https:\\\/\\\/www.revistarambla.com\\\/wp-content\\\/uploads\\\/2020\\\/09\\\/banner_rambla_1900x600_BB.png\",\"width\":1900,\"height\":600,\"caption\":\"Revista Rambla\"},\"image\":{\"@id\":\"https:\\\/\\\/www.revistarambla.com\\\/#\\\/schema\\\/logo\\\/image\\\/\"},\"sameAs\":[\"https:\\\/\\\/www.facebook.com\\\/revistarambla\\\/\",\"https:\\\/\\\/x.com\\\/revistarambla\",\"https:\\\/\\\/www.instagram.com\\\/revista_rambla\",\"https:\\\/\\\/es.linkedin.com\\\/company\\\/revista-rambla\"]},{\"@type\":\"Person\",\"@id\":\"https:\\\/\\\/www.revistarambla.com\\\/#\\\/schema\\\/person\\\/a146a5a2550b94981a75131180e1bd9c\",\"name\":\"R@mbla\",\"description\":\"Este art\u00edculo ha sido redactado y\\\/o validado por el equipo de redacci\u00f3n de Revista Rambla.\",\"sameAs\":[\"https:\\\/\\\/www.revistarambla.com\\\/\",\"https:\\\/\\\/www.facebook.com\\\/revistarambla\",\"https:\\\/\\\/x.com\\\/revistarambla\"]}]}<\/script>\n<!-- \/ Yoast SEO plugin. -->","yoast_head_json":{"title":"Liderazgo estrat\u00e9gico en Stadler Valencia seg\u00fan \u00cd\u00f1igo Parra - Revista Rambla","robots":{"index":"index","follow":"follow","max-snippet":"max-snippet:-1","max-image-preview":"max-image-preview:large","max-video-preview":"max-video-preview:-1"},"canonical":"https:\/\/www.revistarambla.com\/en\/liderazgo-estrategico-en-stadler-valencia-segun-inigo-parra\/","og_locale":"en_GB","og_type":"article","og_title":"Liderazgo estrat\u00e9gico en Stadler Valencia seg\u00fan \u00cd\u00f1igo Parra - Revista Rambla","og_description":"El entorno global atraviesa una etapa de inestabilidad sostenidaque condiciona el crecimiento econ\u00f3mico y la planificaci\u00f3n empresarial. La pandemia, un conflicto armado en Europa, tensiones comerciales que han afectado a las cadenas de suministro y la amenaza de nuevas barreras arancelarias han configurado un panorama exigente. En Espa\u00f1a, el reciente [&hellip;]","og_url":"https:\/\/www.revistarambla.com\/en\/liderazgo-estrategico-en-stadler-valencia-segun-inigo-parra\/","og_site_name":"Revista Rambla","article_publisher":"https:\/\/www.facebook.com\/revistarambla\/","article_author":"https:\/\/www.facebook.com\/revistarambla","article_published_time":"2025-08-23T11:31:01+00:00","og_image":[{"width":1920,"height":1281,"url":"https:\/\/www.revistarambla.com\/wp-content\/uploads\/2025\/08\/phpkeHfPB68a85c0f375e0.jpg","type":"image\/jpeg"}],"author":"R@mbla","twitter_card":"summary_large_image","twitter_creator":"@revistarambla","twitter_site":"@revistarambla","twitter_misc":{"Written by":"R@mbla","Estimated reading time":"4 minutes"},"schema":{"@context":"https:\/\/schema.org","@graph":[{"@type":"Article","@id":"https:\/\/www.revistarambla.com\/liderazgo-estrategico-en-stadler-valencia-segun-inigo-parra\/#article","isPartOf":{"@id":"https:\/\/www.revistarambla.com\/liderazgo-estrategico-en-stadler-valencia-segun-inigo-parra\/"},"author":{"name":"R@mbla","@id":"https:\/\/www.revistarambla.com\/#\/schema\/person\/a146a5a2550b94981a75131180e1bd9c"},"headline":"Liderazgo estrat\u00e9gico en Stadler Valencia seg\u00fan \u00cd\u00f1igo Parra","datePublished":"2025-08-23T11:31:01+00:00","mainEntityOfPage":{"@id":"https:\/\/www.revistarambla.com\/liderazgo-estrategico-en-stadler-valencia-segun-inigo-parra\/"},"wordCount":645,"publisher":{"@id":"https:\/\/www.revistarambla.com\/#organization"},"image":{"@id":"https:\/\/www.revistarambla.com\/liderazgo-estrategico-en-stadler-valencia-segun-inigo-parra\/#primaryimage"},"thumbnailUrl":"https:\/\/www.revistarambla.com\/wp-content\/uploads\/2025\/08\/phpkeHfPB68a85c0f375e0.jpg","articleSection":["Otras Noticias"],"inLanguage":"en-GB"},{"@type":"WebPage","@id":"https:\/\/www.revistarambla.com\/liderazgo-estrategico-en-stadler-valencia-segun-inigo-parra\/","url":"https:\/\/www.revistarambla.com\/liderazgo-estrategico-en-stadler-valencia-segun-inigo-parra\/","name":"Liderazgo estrat\u00e9gico en Stadler Valencia seg\u00fan \u00cd\u00f1igo Parra - Revista Rambla","isPartOf":{"@id":"https:\/\/www.revistarambla.com\/#website"},"primaryImageOfPage":{"@id":"https:\/\/www.revistarambla.com\/liderazgo-estrategico-en-stadler-valencia-segun-inigo-parra\/#primaryimage"},"image":{"@id":"https:\/\/www.revistarambla.com\/liderazgo-estrategico-en-stadler-valencia-segun-inigo-parra\/#primaryimage"},"thumbnailUrl":"https:\/\/www.revistarambla.com\/wp-content\/uploads\/2025\/08\/phpkeHfPB68a85c0f375e0.jpg","datePublished":"2025-08-23T11:31:01+00:00","breadcrumb":{"@id":"https:\/\/www.revistarambla.com\/liderazgo-estrategico-en-stadler-valencia-segun-inigo-parra\/#breadcrumb"},"inLanguage":"en-GB","potentialAction":[{"@type":"ReadAction","target":["https:\/\/www.revistarambla.com\/liderazgo-estrategico-en-stadler-valencia-segun-inigo-parra\/"]}]},{"@type":"ImageObject","inLanguage":"en-GB","@id":"https:\/\/www.revistarambla.com\/liderazgo-estrategico-en-stadler-valencia-segun-inigo-parra\/#primaryimage","url":"https:\/\/www.revistarambla.com\/wp-content\/uploads\/2025\/08\/phpkeHfPB68a85c0f375e0.jpg","contentUrl":"https:\/\/www.revistarambla.com\/wp-content\/uploads\/2025\/08\/phpkeHfPB68a85c0f375e0.jpg","width":1920,"height":1281,"caption":"Stadler Valencia"},{"@type":"BreadcrumbList","@id":"https:\/\/www.revistarambla.com\/liderazgo-estrategico-en-stadler-valencia-segun-inigo-parra\/#breadcrumb","itemListElement":[{"@type":"ListItem","position":1,"name":"Portada","item":"https:\/\/www.revistarambla.com\/"},{"@type":"ListItem","position":2,"name":"Liderazgo estrat\u00e9gico en Stadler Valencia seg\u00fan \u00cd\u00f1igo Parra"}]},{"@type":"WebSite","@id":"https:\/\/www.revistarambla.com\/#website","url":"https:\/\/www.revistarambla.com\/","name":"Revista Rambla Barcelona","description":"Periodismo independiente","publisher":{"@id":"https:\/\/www.revistarambla.com\/#organization"},"potentialAction":[{"@type":"SearchAction","target":{"@type":"EntryPoint","urlTemplate":"https:\/\/www.revistarambla.com\/?s={search_term_string}"},"query-input":{"@type":"PropertyValueSpecification","valueRequired":true,"valueName":"search_term_string"}}],"inLanguage":"en-GB"},{"@type":"Organization","@id":"https:\/\/www.revistarambla.com\/#organization","name":"Revista Rambla","url":"https:\/\/www.revistarambla.com\/","logo":{"@type":"ImageObject","inLanguage":"en-GB","@id":"https:\/\/www.revistarambla.com\/#\/schema\/logo\/image\/","url":"https:\/\/www.revistarambla.com\/wp-content\/uploads\/2020\/09\/banner_rambla_1900x600_BB.png","contentUrl":"https:\/\/www.revistarambla.com\/wp-content\/uploads\/2020\/09\/banner_rambla_1900x600_BB.png","width":1900,"height":600,"caption":"Revista Rambla"},"image":{"@id":"https:\/\/www.revistarambla.com\/#\/schema\/logo\/image\/"},"sameAs":["https:\/\/www.facebook.com\/revistarambla\/","https:\/\/x.com\/revistarambla","https:\/\/www.instagram.com\/revista_rambla","https:\/\/es.linkedin.com\/company\/revista-rambla"]},{"@type":"Person","@id":"https:\/\/www.revistarambla.com\/#\/schema\/person\/a146a5a2550b94981a75131180e1bd9c","name":"R@mbla","description":"Este art\u00edculo ha sido redactado y\/o validado por el equipo de redacci\u00f3n de Revista Rambla.","sameAs":["https:\/\/www.revistarambla.com\/","https:\/\/www.facebook.com\/revistarambla","https:\/\/x.com\/revistarambla"]}]}},"_links":{"self":[{"href":"https:\/\/www.revistarambla.com\/en\/wp-json\/wp\/v2\/posts\/66258","targetHints":{"allow":["GET"]}}],"collection":[{"href":"https:\/\/www.revistarambla.com\/en\/wp-json\/wp\/v2\/posts"}],"about":[{"href":"https:\/\/www.revistarambla.com\/en\/wp-json\/wp\/v2\/types\/post"}],"author":[{"embeddable":true,"href":"https:\/\/www.revistarambla.com\/en\/wp-json\/wp\/v2\/users\/3"}],"replies":[{"embeddable":true,"href":"https:\/\/www.revistarambla.com\/en\/wp-json\/wp\/v2\/comments?post=66258"}],"version-history":[{"count":1,"href":"https:\/\/www.revistarambla.com\/en\/wp-json\/wp\/v2\/posts\/66258\/revisions"}],"predecessor-version":[{"id":66260,"href":"https:\/\/www.revistarambla.com\/en\/wp-json\/wp\/v2\/posts\/66258\/revisions\/66260"}],"wp:featuredmedia":[{"embeddable":true,"href":"https:\/\/www.revistarambla.com\/en\/wp-json\/wp\/v2\/media\/66259"}],"wp:attachment":[{"href":"https:\/\/www.revistarambla.com\/en\/wp-json\/wp\/v2\/media?parent=66258"}],"wp:term":[{"taxonomy":"category","embeddable":true,"href":"https:\/\/www.revistarambla.com\/en\/wp-json\/wp\/v2\/categories?post=66258"},{"taxonomy":"post_tag","embeddable":true,"href":"https:\/\/www.revistarambla.com\/en\/wp-json\/wp\/v2\/tags?post=66258"}],"curies":[{"name":"wp","href":"https:\/\/api.w.org\/{rel}","templated":true}]}}