{"id":66251,"date":"2025-08-23T13:05:12","date_gmt":"2025-08-23T11:05:12","guid":{"rendered":"https:\/\/www.revistarambla.com\/?p=66251"},"modified":"2025-08-25T11:42:11","modified_gmt":"2025-08-25T09:42:11","slug":"de-incendios-chinos-y-litio","status":"publish","type":"post","link":"https:\/\/www.revistarambla.com\/en\/de-incendios-chinos-y-litio\/","title":{"rendered":"De incendios, chinos y litio"},"content":{"rendered":"<p>En pleno agosto de 2025, Espa\u00f1a enfrenta una de las peores olas de incendios forestales de las \u00faltimas d\u00e9cadas. Galicia y Castilla y Le\u00f3n, dos de las regiones m\u00e1s afectadas, han visto arder miles de hect\u00e1reas, con consecuencias devastadoras para el medio ambiente, la econom\u00eda local y las comunidades rurales. En medio de esta crisis, ha surgido una teor\u00eda conspirativa que apunta directamente a China: se alega que el gigante asi\u00e1tico estar\u00eda detr\u00e1s de estos fuegos intencionados, con el objetivo de despejar terrenos para extraer litio y tierras raras, minerales cr\u00edticos para la transici\u00f3n energ\u00e9tica y la industria tecnol\u00f3gica. Esta narrativa, amplificada en redes sociales y algunos medios alternativos, sugiere que empresas chinas tienen intereses directos en estas zonas y que el Gobierno espa\u00f1ol podr\u00eda estar implicado en acuerdos opacos. Lo que emerge es un panorama complejo, donde la realidad de la crisis clim\u00e1tica y econ\u00f3mica se entremezcla con especulaciones sin base s\u00f3lida.<\/p>\n<h3>El Devastador Escenario de los Incendios<\/h3>\n<p>Desde principios de agosto de 2025, Espa\u00f1a ha registrado m\u00e1s de 200 incendios forestales activos, con un impacto acumulado que supera las 350.000 hect\u00e1reas quemadas, seg\u00fan datos del Ministerio para la Transici\u00f3n Ecol\u00f3gica y el Reto Demogr\u00e1fico. Galicia y Castilla y Le\u00f3n concentran el 85,3% de la superficie afectada entre el 3 y el 18 de agosto, con focos graves en provincias como Ourense, Pontevedra, Le\u00f3n y Zamora. En Galicia, se mantienen activos al menos cinco grandes incendios, algunos estabilizados, pero a\u00fan no extinguidos, mientras que en Castilla y Le\u00f3n persisten 19 focos, aunque las condiciones meteorol\u00f3gicas han mejorado ligeramente con bajadas de temperatura y aumento de humedad.<\/p>\n<p>El balance humano es tr\u00e1gico: un voluntario falleci\u00f3 en un incendio en Asturias, y miles de personas han sido evacuadas en regiones como Jarilla (C\u00e1ceres) y Anllares del Sil (Le\u00f3n). El presidente del Gobierno, Pedro S\u00e1nchez, ha visitado las zonas afectadas y anunciado la movilizaci\u00f3n de \u00abtodos los recursos\u00bb estatales, incluyendo el despliegue de la Unidad Militar de Emergencias (UME) y apoyo a\u00e9reo. Sin embargo, cr\u00edticos se\u00f1alan que la respuesta ha sido insuficiente, con demandas de hasta 100.000 soldados y voluntarios adicionales.<\/p>\n<p>Estos incendios no son un fen\u00f3meno aislado. Espa\u00f1a ha experimentado un aumento en la intensidad de los fuegos forestales en los \u00faltimos a\u00f1os, atribuido al cambio clim\u00e1tico, la sequ\u00eda prolongada y pr\u00e1cticas agr\u00edcolas como la quema de rastrojos. Seg\u00fan el European Forest Fire Information System (EFFIS), el pa\u00eds concentra casi el 40% de las hect\u00e1reas quemadas en Europa este verano. Pero en redes sociales, como X (anteriormente Twitter), usuarios han correlacionado los mapas de incendios con yacimientos minerales, alimentando la teor\u00eda de un origen intencionado ligado a intereses econ\u00f3micos.<\/p>\n<h3>Los Recursos Minerales: Litio y tierras raras en el Foco<\/h3>\n<p>Espa\u00f1a posee importantes reservas de minerales cr\u00edticos, esenciales para bater\u00edas de veh\u00edculos el\u00e9ctricos, turbinas e\u00f3licas y dispositivos electr\u00f3nicos. Seg\u00fan el Instituto Geol\u00f3gico y Minero de Espa\u00f1a (IGME), el pa\u00eds es el segundo productor de cobre en la UE y cuenta con las mayores reservas de litio en Europa. Galicia y Castilla y Le\u00f3n destacan por su potencial: en Galicia, el Complejo Gali\u00f1eiro alberga concentraciones de tierras raras como bastnasita, mientras que en Castilla y Le\u00f3n, yacimientos en el Domo del Tormes (Salamanca y Zamora) contienen lantano y cerio. Otras regiones como Extremadura y Castilla-La Mancha tambi\u00e9n figuran en mapas de exploraci\u00f3n, con proyectos para extraer litio, wolframio, cobalto y n\u00edquel.<\/p>\n<p>En marzo de 2025, la Uni\u00f3n Europea seleccion\u00f3 siete proyectos mineros en Espa\u00f1a para reducir la dependencia de importaciones, principalmente de China, que controla el 68% de la producci\u00f3n mundial de tierras raras. Estos incluyen minas en Extremadura (litio), Galicia (wolframio) y Castilla-La Mancha (tierras raras). El Gobierno espa\u00f1ol lanz\u00f3 un plan de acci\u00f3n para explorar yacimientos nuevos y escombreras antiguas, con el potencial de crear 100.000 empleos. Salamanca, por ejemplo, alberga la \u00fanica mina activa de wolframio en Europa.<\/p>\n<p>La coincidencia geogr\u00e1fica es innegable: muchas zonas incendiadas, como Ourense en Galicia o Le\u00f3n en Castilla y Le\u00f3n, se superponen con \u00e1reas de inter\u00e9s minero. Publicaciones en redes sociales, como un post en X del usuario @javiermart6644 del 18 de agosto de 2025, afirman: \u00abEspa\u00f1a arde sobre todo en Galicia y CyL, muy ricas en litio. S\u00e1nchez curiosamente se reuni\u00f3 con empresas chinas como Tianqi o CATL\u00bb. Otro usuario, @UXIA84413255, vincula los fuegos a un \u00abplan retorcido para extraer el litio y otros minerales que tanto ansia China\u00bb.<\/p>\n<h3>Intereses Chinos en la Miner\u00eda Espa\u00f1ola<\/h3>\n<p>China domina el mercado global de litio y tierras raras, con empresas como Tianqi Lithium y CATL liderando la producci\u00f3n de bater\u00edas. En Espa\u00f1a, el inter\u00e9s chino es evidente. En mayo de 2025, durante una visita oficial de Pedro S\u00e1nchez a China, se revelaron documentos donde Pek\u00edn exig\u00eda control sobre grandes yacimientos de litio a cambio de inversiones. Fuentes como <em>The Objective<\/em> reportaron que China busca participaciones en proyectos espa\u00f1oles para asegurar suministros, en un contexto de guerra comercial con EE.UU. y Europa.<\/p>\n<p>Empresas chinas han explorado alianzas: por ejemplo, Xinjiang TBEA ha invertido en litio boliviano, y patrones similares se ven en Espa\u00f1a. Berkeley Energy, operadora de un yacimiento de litio en Salamanca (31 km\u00b2), ha sido mencionada en contextos de posible colaboraci\u00f3n china. Sin embargo, no hay concesiones directas confirmadas a firmas chinas en las zonas incendiadas. La UE financia proyectos para \u00abautonom\u00eda estrat\u00e9gica\u00bb, priorizando operadores europeos, aunque China ha mostrado \u00abinter\u00e9s prioritario\u00bb en litio espa\u00f1ol, seg\u00fan El Diario de Madrid.<\/p>\n<p>En un video en X del 19 de agosto, usuarios como @wankel58 alegan que los incendios \u00abagilizar\u00e1n y abaratar\u00e1n la explotaci\u00f3n\u00bb por manos extranjeras, vinculando a S\u00e1nchez y Zapatero con acuerdos opacos. Pero informes de la Comisi\u00f3n Europea enfatizan que los proyectos seleccionados son nacionales o europeos, no chinos.<\/p>\n<h3>An\u00e1lisis de la Teor\u00eda Conspirativa: \u00bfEvidencias o Especulaciones?<\/h3>\n<p>La narrativa conspirativa gana tracci\u00f3n en plataformas como X, donde b\u00fasquedas sem\u00e1nticas revelan posts como el de @Capitana_espana: \u00abS\u00f3lo macroincendios donde est\u00e1n las tierras raras&#8230; Parece que el acuerdo S\u00e1nchez-Zapatero con China inclu\u00eda la venta de esta parte del territorio\u00bb. Un video en YouTube titulado \u00abBREAKING NEWS THE SECRET PACT: CHINA WANTS LITHIUM\u00bb amplifica estas ideas, sugiriendo que los fuegos son intencionados para \u00ablimpiar\u00bb terrenos.<\/p>\n<p>Sin embargo, fuentes solventes desmontan esta teor\u00eda. Maldita.es, un medio de verificaci\u00f3n independiente, clasifica como bulo la afirmaci\u00f3n de que \u00ablos incendios de agosto de 2025 est\u00e1n localizados en yacimientos de tierras raras concedidos a China\u00bb. Explican que los fuegos son generalizados, no precisos en concesiones mineras, y que no hay pruebas de intencionalidad ligada a Pek\u00edn. Los mapas de yacimientos (IGME) e incendios (EFFIS) muestran superposiciones parciales, pero esto se debe a la geolog\u00eda natural de regiones monta\u00f1osas y rurales, propensas tanto a minerales como a fuegos.<\/p>\n<p>Expertos como los del IGME y la UE destacan que la extracci\u00f3n minera no requiere quemar terrenos; al contrario, los incendios complican operaciones al da\u00f1ar infraestructuras y generar oposici\u00f3n local. No hay arrestos vinculados a sabotaje extranjero, solo casos aislados de pir\u00f3manos locales o negligencias agr\u00edcolas. Cient\u00edficos chinos han estudiado fuegos hist\u00f3ricos, pero no hay conexi\u00f3n con Espa\u00f1a.<\/p>\n<p>La teor\u00eda se asemeja a otras conspiraciones, como las que culpan al \u00abGobierno\u00bb de incendios en Maui (Haw\u00e1i) para agendas verdes. En Espa\u00f1a, se alimenta de desconfianza hacia S\u00e1nchez y la transici\u00f3n energ\u00e9tica, pero carece de evidencias concretas: no hay documentos filtrados, testigos o investigaciones oficiales que apunten a China.<\/p>\n<h3>Una Crisis Real, una Teor\u00eda sin Fundamento<\/h3>\n<p>Los incendios en Galicia y Castilla y Le\u00f3n son una tragedia ambiental agravada por el clima y la gesti\u00f3n, no una trama china. Si bien China tiene intereses en litio espa\u00f1ol y hay coincidencias geogr\u00e1ficas, no existe evidencia de conspiraci\u00f3n. Fuentes como Maldita.es, El Pa\u00eds y la UE confirman que las afirmaciones son especulativas, amplificadas por desinformaci\u00f3n en redes. En lugar de teor\u00edas, urge invertir en prevenci\u00f3n y transparencia minera para evitar que crisis reales se conviertan en caldo de cultivo para bulos.<\/p>\n<p>Este reportaje subraya la necesidad de periodismo basado en hechos: los verdaderos desaf\u00edos son el cambio clim\u00e1tico y la dependencia mineral, no fantasmas geopol\u00edticos. Mientras <a href=\"https:\/\/www.revistarambla.com\/en\/por-que-no-arde-soria-la-provincia-con-la-mayor-masa-boscosa-de-espana-que-resiste-al-fuego\/\">Espa\u00f1a arde<\/a>, la prioridad debe ser extinguir los fuegos y proteger su soberan\u00eda energ\u00e9tica, sin ceder a narrativas divisivas.<\/p>","protected":false},"excerpt":{"rendered":"<p>Una teor\u00eda de la conspiraci\u00f3n apunta a China como la mano inductora de los incendios en Galicia y Castilla y Le\u00f3n para la extracci\u00f3n de litio y tierras raras. La \u00faltima visita de Pedro S\u00e1nchez a Asia alimenta las sospechas de muchos &#8216;conspiranoicos&#8217;<\/p>","protected":false},"author":3,"featured_media":66252,"comment_status":"closed","ping_status":"closed","sticky":false,"template":"","format":"standard","meta":{"footnotes":""},"categories":[58],"tags":[],"class_list":["post-66251","post","type-post","status-publish","format-standard","has-post-thumbnail","hentry","category-estado-espanol"],"yoast_head":"<!-- This site is optimized with the Yoast SEO plugin v27.5 - https:\/\/yoast.com\/product\/yoast-seo-wordpress\/ -->\n<title>De incendios, chinos y litio - Revista Rambla<\/title>\n<meta name=\"robots\" content=\"index, follow, max-snippet:-1, max-image-preview:large, max-video-preview:-1\" \/>\n<link rel=\"canonical\" href=\"https:\/\/www.revistarambla.com\/en\/de-incendios-chinos-y-litio\/\" \/>\n<meta property=\"og:locale\" content=\"en_GB\" \/>\n<meta property=\"og:type\" content=\"article\" \/>\n<meta property=\"og:title\" content=\"De incendios, chinos y litio - Revista Rambla\" \/>\n<meta property=\"og:description\" content=\"Una teor\u00eda de la conspiraci\u00f3n apunta a China como la mano inductora de los incendios en Galicia y Castilla y Le\u00f3n para la extracci\u00f3n de litio y tierras raras. La \u00faltima visita de Pedro S\u00e1nchez a Asia alimenta las sospechas de muchos &#039;conspiranoicos&#039;\" \/>\n<meta property=\"og:url\" content=\"https:\/\/www.revistarambla.com\/en\/de-incendios-chinos-y-litio\/\" \/>\n<meta property=\"og:site_name\" content=\"Revista Rambla\" \/>\n<meta property=\"article:publisher\" content=\"https:\/\/www.facebook.com\/revistarambla\/\" \/>\n<meta property=\"article:author\" content=\"https:\/\/www.facebook.com\/revistarambla\" \/>\n<meta property=\"article:published_time\" content=\"2025-08-23T11:05:12+00:00\" \/>\n<meta property=\"article:modified_time\" content=\"2025-08-25T09:42:11+00:00\" \/>\n<meta property=\"og:image\" content=\"https:\/\/www.revistarambla.com\/wp-content\/uploads\/2025\/08\/incencios-espana-2025.webp\" \/>\n\t<meta property=\"og:image:width\" content=\"1280\" \/>\n\t<meta property=\"og:image:height\" content=\"853\" \/>\n\t<meta property=\"og:image:type\" content=\"image\/webp\" \/>\n<meta name=\"author\" content=\"R@mbla\" \/>\n<meta name=\"twitter:card\" content=\"summary_large_image\" \/>\n<meta name=\"twitter:creator\" content=\"@revistarambla\" \/>\n<meta name=\"twitter:site\" content=\"@revistarambla\" \/>\n<meta name=\"twitter:label1\" content=\"Written by\" \/>\n\t<meta name=\"twitter:data1\" content=\"R@mbla\" \/>\n\t<meta name=\"twitter:label2\" content=\"Estimated reading time\" \/>\n\t<meta name=\"twitter:data2\" content=\"7 minutes\" \/>\n<script type=\"application\/ld+json\" class=\"yoast-schema-graph\">{\"@context\":\"https:\\\/\\\/schema.org\",\"@graph\":[{\"@type\":\"Article\",\"@id\":\"https:\\\/\\\/www.revistarambla.com\\\/de-incendios-chinos-y-litio\\\/#article\",\"isPartOf\":{\"@id\":\"https:\\\/\\\/www.revistarambla.com\\\/de-incendios-chinos-y-litio\\\/\"},\"author\":{\"name\":\"R@mbla\",\"@id\":\"https:\\\/\\\/www.revistarambla.com\\\/#\\\/schema\\\/person\\\/a146a5a2550b94981a75131180e1bd9c\"},\"headline\":\"De incendios, chinos y litio\",\"datePublished\":\"2025-08-23T11:05:12+00:00\",\"dateModified\":\"2025-08-25T09:42:11+00:00\",\"mainEntityOfPage\":{\"@id\":\"https:\\\/\\\/www.revistarambla.com\\\/de-incendios-chinos-y-litio\\\/\"},\"wordCount\":1485,\"publisher\":{\"@id\":\"https:\\\/\\\/www.revistarambla.com\\\/#organization\"},\"image\":{\"@id\":\"https:\\\/\\\/www.revistarambla.com\\\/de-incendios-chinos-y-litio\\\/#primaryimage\"},\"thumbnailUrl\":\"https:\\\/\\\/www.revistarambla.com\\\/wp-content\\\/uploads\\\/2025\\\/08\\\/incencios-espana-2025.webp\",\"articleSection\":[\"Estado Espa\u00f1ol\"],\"inLanguage\":\"en-GB\"},{\"@type\":\"WebPage\",\"@id\":\"https:\\\/\\\/www.revistarambla.com\\\/de-incendios-chinos-y-litio\\\/\",\"url\":\"https:\\\/\\\/www.revistarambla.com\\\/de-incendios-chinos-y-litio\\\/\",\"name\":\"De incendios, chinos y litio - Revista Rambla\",\"isPartOf\":{\"@id\":\"https:\\\/\\\/www.revistarambla.com\\\/#website\"},\"primaryImageOfPage\":{\"@id\":\"https:\\\/\\\/www.revistarambla.com\\\/de-incendios-chinos-y-litio\\\/#primaryimage\"},\"image\":{\"@id\":\"https:\\\/\\\/www.revistarambla.com\\\/de-incendios-chinos-y-litio\\\/#primaryimage\"},\"thumbnailUrl\":\"https:\\\/\\\/www.revistarambla.com\\\/wp-content\\\/uploads\\\/2025\\\/08\\\/incencios-espana-2025.webp\",\"datePublished\":\"2025-08-23T11:05:12+00:00\",\"dateModified\":\"2025-08-25T09:42:11+00:00\",\"breadcrumb\":{\"@id\":\"https:\\\/\\\/www.revistarambla.com\\\/de-incendios-chinos-y-litio\\\/#breadcrumb\"},\"inLanguage\":\"en-GB\",\"potentialAction\":[{\"@type\":\"ReadAction\",\"target\":[\"https:\\\/\\\/www.revistarambla.com\\\/de-incendios-chinos-y-litio\\\/\"]}]},{\"@type\":\"ImageObject\",\"inLanguage\":\"en-GB\",\"@id\":\"https:\\\/\\\/www.revistarambla.com\\\/de-incendios-chinos-y-litio\\\/#primaryimage\",\"url\":\"https:\\\/\\\/www.revistarambla.com\\\/wp-content\\\/uploads\\\/2025\\\/08\\\/incencios-espana-2025.webp\",\"contentUrl\":\"https:\\\/\\\/www.revistarambla.com\\\/wp-content\\\/uploads\\\/2025\\\/08\\\/incencios-espana-2025.webp\",\"width\":1280,\"height\":853,\"caption\":\"incendios espa\u00f1a china\"},{\"@type\":\"BreadcrumbList\",\"@id\":\"https:\\\/\\\/www.revistarambla.com\\\/de-incendios-chinos-y-litio\\\/#breadcrumb\",\"itemListElement\":[{\"@type\":\"ListItem\",\"position\":1,\"name\":\"Portada\",\"item\":\"https:\\\/\\\/www.revistarambla.com\\\/\"},{\"@type\":\"ListItem\",\"position\":2,\"name\":\"De incendios, chinos y litio\"}]},{\"@type\":\"WebSite\",\"@id\":\"https:\\\/\\\/www.revistarambla.com\\\/#website\",\"url\":\"https:\\\/\\\/www.revistarambla.com\\\/\",\"name\":\"Revista Rambla Barcelona\",\"description\":\"Periodismo independiente\",\"publisher\":{\"@id\":\"https:\\\/\\\/www.revistarambla.com\\\/#organization\"},\"potentialAction\":[{\"@type\":\"SearchAction\",\"target\":{\"@type\":\"EntryPoint\",\"urlTemplate\":\"https:\\\/\\\/www.revistarambla.com\\\/?s={search_term_string}\"},\"query-input\":{\"@type\":\"PropertyValueSpecification\",\"valueRequired\":true,\"valueName\":\"search_term_string\"}}],\"inLanguage\":\"en-GB\"},{\"@type\":\"Organization\",\"@id\":\"https:\\\/\\\/www.revistarambla.com\\\/#organization\",\"name\":\"Revista Rambla\",\"url\":\"https:\\\/\\\/www.revistarambla.com\\\/\",\"logo\":{\"@type\":\"ImageObject\",\"inLanguage\":\"en-GB\",\"@id\":\"https:\\\/\\\/www.revistarambla.com\\\/#\\\/schema\\\/logo\\\/image\\\/\",\"url\":\"https:\\\/\\\/www.revistarambla.com\\\/wp-content\\\/uploads\\\/2020\\\/09\\\/banner_rambla_1900x600_BB.png\",\"contentUrl\":\"https:\\\/\\\/www.revistarambla.com\\\/wp-content\\\/uploads\\\/2020\\\/09\\\/banner_rambla_1900x600_BB.png\",\"width\":1900,\"height\":600,\"caption\":\"Revista Rambla\"},\"image\":{\"@id\":\"https:\\\/\\\/www.revistarambla.com\\\/#\\\/schema\\\/logo\\\/image\\\/\"},\"sameAs\":[\"https:\\\/\\\/www.facebook.com\\\/revistarambla\\\/\",\"https:\\\/\\\/x.com\\\/revistarambla\",\"https:\\\/\\\/www.instagram.com\\\/revista_rambla\",\"https:\\\/\\\/es.linkedin.com\\\/company\\\/revista-rambla\"]},{\"@type\":\"Person\",\"@id\":\"https:\\\/\\\/www.revistarambla.com\\\/#\\\/schema\\\/person\\\/a146a5a2550b94981a75131180e1bd9c\",\"name\":\"R@mbla\",\"description\":\"Este art\u00edculo ha sido redactado y\\\/o validado por el equipo de redacci\u00f3n de Revista Rambla.\",\"sameAs\":[\"https:\\\/\\\/www.revistarambla.com\\\/\",\"https:\\\/\\\/www.facebook.com\\\/revistarambla\",\"https:\\\/\\\/x.com\\\/revistarambla\"]}]}<\/script>\n<!-- \/ Yoast SEO plugin. -->","yoast_head_json":{"title":"De incendios, chinos y litio - Revista Rambla","robots":{"index":"index","follow":"follow","max-snippet":"max-snippet:-1","max-image-preview":"max-image-preview:large","max-video-preview":"max-video-preview:-1"},"canonical":"https:\/\/www.revistarambla.com\/en\/de-incendios-chinos-y-litio\/","og_locale":"en_GB","og_type":"article","og_title":"De incendios, chinos y litio - Revista Rambla","og_description":"Una teor\u00eda de la conspiraci\u00f3n apunta a China como la mano inductora de los incendios en Galicia y Castilla y Le\u00f3n para la extracci\u00f3n de litio y tierras raras. La \u00faltima visita de Pedro S\u00e1nchez a Asia alimenta las sospechas de muchos 'conspiranoicos'","og_url":"https:\/\/www.revistarambla.com\/en\/de-incendios-chinos-y-litio\/","og_site_name":"Revista Rambla","article_publisher":"https:\/\/www.facebook.com\/revistarambla\/","article_author":"https:\/\/www.facebook.com\/revistarambla","article_published_time":"2025-08-23T11:05:12+00:00","article_modified_time":"2025-08-25T09:42:11+00:00","og_image":[{"width":1280,"height":853,"url":"https:\/\/www.revistarambla.com\/wp-content\/uploads\/2025\/08\/incencios-espana-2025.webp","type":"image\/webp"}],"author":"R@mbla","twitter_card":"summary_large_image","twitter_creator":"@revistarambla","twitter_site":"@revistarambla","twitter_misc":{"Written by":"R@mbla","Estimated reading time":"7 minutes"},"schema":{"@context":"https:\/\/schema.org","@graph":[{"@type":"Article","@id":"https:\/\/www.revistarambla.com\/de-incendios-chinos-y-litio\/#article","isPartOf":{"@id":"https:\/\/www.revistarambla.com\/de-incendios-chinos-y-litio\/"},"author":{"name":"R@mbla","@id":"https:\/\/www.revistarambla.com\/#\/schema\/person\/a146a5a2550b94981a75131180e1bd9c"},"headline":"De incendios, chinos y litio","datePublished":"2025-08-23T11:05:12+00:00","dateModified":"2025-08-25T09:42:11+00:00","mainEntityOfPage":{"@id":"https:\/\/www.revistarambla.com\/de-incendios-chinos-y-litio\/"},"wordCount":1485,"publisher":{"@id":"https:\/\/www.revistarambla.com\/#organization"},"image":{"@id":"https:\/\/www.revistarambla.com\/de-incendios-chinos-y-litio\/#primaryimage"},"thumbnailUrl":"https:\/\/www.revistarambla.com\/wp-content\/uploads\/2025\/08\/incencios-espana-2025.webp","articleSection":["Estado Espa\u00f1ol"],"inLanguage":"en-GB"},{"@type":"WebPage","@id":"https:\/\/www.revistarambla.com\/de-incendios-chinos-y-litio\/","url":"https:\/\/www.revistarambla.com\/de-incendios-chinos-y-litio\/","name":"De incendios, chinos y litio - Revista Rambla","isPartOf":{"@id":"https:\/\/www.revistarambla.com\/#website"},"primaryImageOfPage":{"@id":"https:\/\/www.revistarambla.com\/de-incendios-chinos-y-litio\/#primaryimage"},"image":{"@id":"https:\/\/www.revistarambla.com\/de-incendios-chinos-y-litio\/#primaryimage"},"thumbnailUrl":"https:\/\/www.revistarambla.com\/wp-content\/uploads\/2025\/08\/incencios-espana-2025.webp","datePublished":"2025-08-23T11:05:12+00:00","dateModified":"2025-08-25T09:42:11+00:00","breadcrumb":{"@id":"https:\/\/www.revistarambla.com\/de-incendios-chinos-y-litio\/#breadcrumb"},"inLanguage":"en-GB","potentialAction":[{"@type":"ReadAction","target":["https:\/\/www.revistarambla.com\/de-incendios-chinos-y-litio\/"]}]},{"@type":"ImageObject","inLanguage":"en-GB","@id":"https:\/\/www.revistarambla.com\/de-incendios-chinos-y-litio\/#primaryimage","url":"https:\/\/www.revistarambla.com\/wp-content\/uploads\/2025\/08\/incencios-espana-2025.webp","contentUrl":"https:\/\/www.revistarambla.com\/wp-content\/uploads\/2025\/08\/incencios-espana-2025.webp","width":1280,"height":853,"caption":"incendios espa\u00f1a china"},{"@type":"BreadcrumbList","@id":"https:\/\/www.revistarambla.com\/de-incendios-chinos-y-litio\/#breadcrumb","itemListElement":[{"@type":"ListItem","position":1,"name":"Portada","item":"https:\/\/www.revistarambla.com\/"},{"@type":"ListItem","position":2,"name":"De incendios, chinos y litio"}]},{"@type":"WebSite","@id":"https:\/\/www.revistarambla.com\/#website","url":"https:\/\/www.revistarambla.com\/","name":"Revista Rambla Barcelona","description":"Periodismo independiente","publisher":{"@id":"https:\/\/www.revistarambla.com\/#organization"},"potentialAction":[{"@type":"SearchAction","target":{"@type":"EntryPoint","urlTemplate":"https:\/\/www.revistarambla.com\/?s={search_term_string}"},"query-input":{"@type":"PropertyValueSpecification","valueRequired":true,"valueName":"search_term_string"}}],"inLanguage":"en-GB"},{"@type":"Organization","@id":"https:\/\/www.revistarambla.com\/#organization","name":"Revista Rambla","url":"https:\/\/www.revistarambla.com\/","logo":{"@type":"ImageObject","inLanguage":"en-GB","@id":"https:\/\/www.revistarambla.com\/#\/schema\/logo\/image\/","url":"https:\/\/www.revistarambla.com\/wp-content\/uploads\/2020\/09\/banner_rambla_1900x600_BB.png","contentUrl":"https:\/\/www.revistarambla.com\/wp-content\/uploads\/2020\/09\/banner_rambla_1900x600_BB.png","width":1900,"height":600,"caption":"Revista Rambla"},"image":{"@id":"https:\/\/www.revistarambla.com\/#\/schema\/logo\/image\/"},"sameAs":["https:\/\/www.facebook.com\/revistarambla\/","https:\/\/x.com\/revistarambla","https:\/\/www.instagram.com\/revista_rambla","https:\/\/es.linkedin.com\/company\/revista-rambla"]},{"@type":"Person","@id":"https:\/\/www.revistarambla.com\/#\/schema\/person\/a146a5a2550b94981a75131180e1bd9c","name":"R@mbla","description":"Este art\u00edculo ha sido redactado y\/o validado por el equipo de redacci\u00f3n de Revista Rambla.","sameAs":["https:\/\/www.revistarambla.com\/","https:\/\/www.facebook.com\/revistarambla","https:\/\/x.com\/revistarambla"]}]}},"_links":{"self":[{"href":"https:\/\/www.revistarambla.com\/en\/wp-json\/wp\/v2\/posts\/66251","targetHints":{"allow":["GET"]}}],"collection":[{"href":"https:\/\/www.revistarambla.com\/en\/wp-json\/wp\/v2\/posts"}],"about":[{"href":"https:\/\/www.revistarambla.com\/en\/wp-json\/wp\/v2\/types\/post"}],"author":[{"embeddable":true,"href":"https:\/\/www.revistarambla.com\/en\/wp-json\/wp\/v2\/users\/3"}],"replies":[{"embeddable":true,"href":"https:\/\/www.revistarambla.com\/en\/wp-json\/wp\/v2\/comments?post=66251"}],"version-history":[{"count":2,"href":"https:\/\/www.revistarambla.com\/en\/wp-json\/wp\/v2\/posts\/66251\/revisions"}],"predecessor-version":[{"id":66254,"href":"https:\/\/www.revistarambla.com\/en\/wp-json\/wp\/v2\/posts\/66251\/revisions\/66254"}],"wp:featuredmedia":[{"embeddable":true,"href":"https:\/\/www.revistarambla.com\/en\/wp-json\/wp\/v2\/media\/66252"}],"wp:attachment":[{"href":"https:\/\/www.revistarambla.com\/en\/wp-json\/wp\/v2\/media?parent=66251"}],"wp:term":[{"taxonomy":"category","embeddable":true,"href":"https:\/\/www.revistarambla.com\/en\/wp-json\/wp\/v2\/categories?post=66251"},{"taxonomy":"post_tag","embeddable":true,"href":"https:\/\/www.revistarambla.com\/en\/wp-json\/wp\/v2\/tags?post=66251"}],"curies":[{"name":"wp","href":"https:\/\/api.w.org\/{rel}","templated":true}]}}