{"id":66247,"date":"2025-08-22T20:43:09","date_gmt":"2025-08-22T18:43:09","guid":{"rendered":"https:\/\/www.revistarambla.com\/?p=66247"},"modified":"2025-08-23T13:06:44","modified_gmt":"2025-08-23T11:06:44","slug":"decenas-de-barcos-zarparan-desde-barcelona-en-la-mayor-mision-humanitaria-para-romper-el-bloqueo-de-gaza","status":"publish","type":"post","link":"https:\/\/www.revistarambla.com\/en\/decenas-de-barcos-zarparan-desde-barcelona-en-la-mayor-mision-humanitaria-para-romper-el-bloqueo-de-gaza\/","title":{"rendered":"Decenas de barcos zarpar\u00e1n desde Barcelona en la mayor misi\u00f3n humanitaria para romper el bloqueo de Gaza"},"content":{"rendered":"<p>En un anuncio que ha captado la atenci\u00f3n internacional, representantes de la Flotilla Global Sumud 2025 han revelado planes para lanzar la que se describe como la \u00abmayor misi\u00f3n humanitaria\u00bb organizada desde el inicio del bloqueo israel\u00ed a la Franja de Gaza en 2007. Decenas de barcos partir\u00e1n del puerto de Barcelona el pr\u00f3ximo 31 de agosto, con el objetivo de romper el asedio mar\u00edtimo y entregar ayuda vital a la poblaci\u00f3n palestina. Esta iniciativa, que tambi\u00e9n incluye salidas desde otros puertos como T\u00fanez el 4 de septiembre, cuenta con la participaci\u00f3n de figuras p\u00fablicas destacadas, entre ellas la activista sueca Greta Thunberg, quien se embarcar\u00e1 en una de las naves desde la capital catalana.<\/p>\n<p>El anuncio se realiz\u00f3 este viernes en una conferencia de prensa en Barcelona, donde organizadores de la coalici\u00f3n enfatizaron el car\u00e1cter no violento de la misi\u00f3n. \u00abNo solo llevamos ayuda; llevamos un mensaje: el asedio debe terminar\u00bb, declar\u00f3 un portavoz de la Flotilla Global Sumud, citando la urgente necesidad de abrir un corredor humanitario ante la crisis en Gaza. La iniciativa surge en un contexto de creciente tensi\u00f3n en Oriente Medio, con informes de hambruna, desplazamientos masivos y bombardeos continuos que han afectado a m\u00e1s de dos millones de palestinos en la Franja.<\/p>\n<h2>El origen y los objetivos de la Flotilla Global Sumud<\/h2>\n<p>La Flotilla Global Sumud toma su nombre de la palabra \u00e1rabe \u00absumud\u00bb, que significa \u00abresistencia\u00bb o \u00abperseverancia\u00bb, simbolizando la tenacidad del pueblo palestino frente a d\u00e9cadas de ocupaci\u00f3n y bloqueo. Organizada por una coalici\u00f3n internacional que incluye al Maghreb Sumud Flotilla, la Freedom Flotilla Coalition, el Global Movement to Gaza y Sumud Nusantara, la misi\u00f3n representa un esfuerzo colectivo de activistas de 44 pa\u00edses. Seg\u00fan los organizadores, esta ser\u00e1 la mayor movilizaci\u00f3n mar\u00edtima civil coordinada jam\u00e1s emprendida hacia Gaza, superando intentos previos como las flotillas de libertad de 2010, que terminaron en tragedias como el asalto israel\u00ed al Mavi Marmara, donde murieron nueve activistas.<\/p>\n<p>Los objetivos son claros: romper el bloqueo naval impuesto por Israel, que restringe el acceso a bienes esenciales, medicamentos y materiales de construcci\u00f3n; entregar ayuda humanitaria directamente a las comunidades palestinas; y llamar la atenci\u00f3n global sobre lo que los organizadores describen como un \u00abgenocidio en curso\u00bb. \u00abSomos independientes, internacionales y no afiliados a ning\u00fan gobierno o partido pol\u00edtico. Nuestra lealtad es con la justicia, la libertad y la santidad de la vida humana\u00bb, afirmaron en su sitio web oficial. La flota, compuesta principalmente por embarcaciones peque\u00f1as, llevar\u00e1 carga humanitaria que incluye suministros m\u00e9dicos, alimentos no perecederos y equipo para reconstrucci\u00f3n, evitando las rutas terrestres frecuentemente obstruidas en los cruces de Rafah y Erez.<\/p>\n<p><img decoding=\"async\" class=\"aligncenter wp-image-66249 size-full\" src=\"https:\/\/www.revistarambla.com\/wp-content\/uploads\/2025\/08\/480.jpg\" alt=\"Flotilla Global Sumud\" width=\"600\" height=\"480\" srcset=\"https:\/\/www.revistarambla.com\/wp-content\/uploads\/2025\/08\/480.jpg 600w, https:\/\/www.revistarambla.com\/wp-content\/uploads\/2025\/08\/480-456x365.jpg 456w, https:\/\/www.revistarambla.com\/wp-content\/uploads\/2025\/08\/480-15x12.jpg 15w\" sizes=\"(max-width: 600px) 100vw, 600px\" \/><\/p>\n<p>Hist\u00f3ricamente, el bloqueo de Gaza se remonta a 2007, cuando Israel y Egipto impusieron restricciones tras la toma de control de Ham\u00e1s en la Franja. Organizaciones internacionales como la ONU han calificado el asedio como una \u00abcastigo colectivo\u00bb que viola el derecho internacional humanitario. Intentos previos de flotillas, como las de la Freedom Flotilla Coalition en los \u00faltimos 15 a\u00f1os, han enfrentado interceptaciones por la marina israel\u00ed, detenciones y, en algunos casos, violencia. Sin embargo, los organizadores de Sumud insisten en que su enfoque es estrictamente pac\u00edfico y basado en la solidaridad global.<\/p>\n<h2>De Greta Thunberg a celebridades internacionales<\/h2>\n<p>Uno de los aspectos m\u00e1s llamativos de esta misi\u00f3n es la participaci\u00f3n de figuras p\u00fablicas de renombre, que aportan visibilidad y credibilidad al esfuerzo. Greta Thunberg, la joven activista clim\u00e1tica sueca de 22 a\u00f1os, ha confirmado su presencia en una de las embarcaciones que zarpar\u00e1n desde Barcelona. Thunberg, quien ya particip\u00f3 en un intento similar en junio de 2025 y fue detenida y deportada por las autoridades israel\u00edes, ha descrito la flotilla como \u00abla mayor tentativa para romper el asedio ilegal israel\u00ed sobre Gaza\u00bb. En una publicaci\u00f3n en Instagram que ha acumulado millones de vistas, Thunberg declar\u00f3: \u00abOn August 31st we are launching the biggest attempt ever to break the illegal Israeli siege over Gaza with dozens of boats sailing from Spain\u00bb.<\/p>\n<p>Thunberg no estar\u00e1 sola. La iniciativa cuenta con la adhesi\u00f3n de celebridades como la actriz estadounidense Susan Sarandon, conocida por su activismo en causas humanitarias; el actor sueco Gustaf Skarsg\u00e5rd; el irland\u00e9s Liam Cunningham, famoso por su rol en \u00abGame of Thrones\u00bb; y Mandla Mandela, nieto del ic\u00f3nico l\u00edder sudafricano Nelson Mandela. Sarandon, quien ha criticado p\u00fablicamente la pol\u00edtica israel\u00ed, enfatiz\u00f3 en una entrevista reciente: \u00abEsta flotilla no es solo sobre ayuda; es sobre desafiar un sistema de opresi\u00f3n que el mundo ha ignorado demasiado tiempo\u00bb.<\/p>\n<p>Adem\u00e1s de estas estrellas, la flotilla incluye a miles de voluntarios an\u00f3nimos: m\u00e9dicos, abogados, cl\u00e9rigos, artistas y marineros de a pie. M\u00e1s de 15.000 personas han solicitado unirse, reflejando un apoyo masivo global. Delegaciones de 44 pa\u00edses, incluyendo Suiza, Brasil y varios naciones europeas, han comprometido su participaci\u00f3n, con equipos en tierra coordinando acciones de solidaridad en ciudades y puertos.<\/p>\n<h2>Preparativos en Barcelona y el impacto local<\/h2>\n<p>Barcelona, como punto de partida principal, se ha convertido en el epicentro de los preparativos. El puerto de la ciudad acoger\u00e1 decenas de barcos, muchos de ellos fletados por organizaciones locales e internacionales. Activistas locales han organizado manifestaciones de apoyo, como la reciente marcha del 9 de agosto, donde miles de barceloneses se unieron para denunciar el \u00abgenocidio\u00bb y el asedio ilegal. La alcald\u00eda de Barcelona, conocida por su postura propalestina, ha expresado apoyo simb\u00f3lico, aunque no oficial, a la iniciativa, destacando el rol de la ciudad en movimientos de solidaridad internacional.<\/p>\n<p>Yasemin Acar, una de las organizadoras basada en Berl\u00edn, pero con v\u00ednculos en Barcelona, explic\u00f3 en una entrevista: \u00abHe estado en diferentes movimientos, pero el centro siempre ha sido la justicia. Esta flotilla es un llamado a la acci\u00f3n colectiva\u00bb. Los preparativos incluyen entrenamientos en navegaci\u00f3n no violenta, simulacros de interceptaci\u00f3n y campa\u00f1as de recaudaci\u00f3n de fondos, que han superado expectativas a trav\u00e9s de plataformas como Chuffed.<\/p>\n<p>Para la comunidad local, esta misi\u00f3n representa una oportunidad para posicionar Barcelona como un hub de activismo humanitario. Comercios portuarios, ONG catalanas y voluntarios han contribuido con donaciones y log\u00edstica. Sin embargo, no faltan preocupaciones: algunos residentes temen tensiones diplom\u00e1ticas con Israel, que ha calificado previas flotillas como \u00abprovocaciones\u00bb.<\/p>\n<h2>Riesgos, reacciones y perspectivas futuras<\/h2>\n<p>La misi\u00f3n no est\u00e1 exenta de riesgos. Israel ha advertido que no permitir\u00e1 el paso de la flotilla, citando preocupaciones de seguridad y el control de Ham\u00e1s en Gaza. En el pasado, intervenciones navales han resultado en detenciones masivas y, en 2010, en muertes. Los organizadores, conscientes de esto, han enfatizado su compromiso con la no violencia y han llamado a gobiernos internacionales a proteger la misi\u00f3n bajo el derecho mar\u00edtimo internacional.<\/p>\n<p>Reacciones internacionales son mixtas. Mientras grupos propalestinos aplauden la iniciativa, cr\u00edticos la ven como un acto pol\u00edtico que podr\u00eda escalar el conflicto. La ONU y organizaciones como Amnist\u00eda Internacional han instado a un levantamiento del bloqueo, pero no han endosado espec\u00edficamente la flotilla. En Espa\u00f1a, el gobierno ha mantenido silencio, aunque figuras pol\u00edticas progresistas han expresado simpat\u00eda.<\/p>\n<p>A medida que se acerca el 31 de agosto, la Flotilla Global Sumud simboliza un momento pivotal en la solidaridad global. Con Thunberg y otros al frente, esta misi\u00f3n podr\u00eda no solo entregar ayuda, sino tambi\u00e9n forzar un debate mundial sobre el asedio a Gaza. Como dijo un organizador: \u00abCuando el mundo se queda en silencio, nosotros zarpamos\u00bb.<\/p>","protected":false},"excerpt":{"rendered":"<p>La Flotilla Global Sumud 2025<\/p>","protected":false},"author":3,"featured_media":66248,"comment_status":"closed","ping_status":"closed","sticky":false,"template":"","format":"standard","meta":{"footnotes":""},"categories":[76],"tags":[],"class_list":["post-66247","post","type-post","status-publish","format-standard","has-post-thumbnail","hentry","category-barcelona"],"yoast_head":"<!-- This site is optimized with the Yoast SEO plugin v27.5 - https:\/\/yoast.com\/product\/yoast-seo-wordpress\/ -->\n<title>Decenas de barcos zarpar\u00e1n desde Barcelona en la mayor misi\u00f3n humanitaria para romper el bloqueo de Gaza - Revista Rambla<\/title>\n<meta name=\"robots\" content=\"index, follow, max-snippet:-1, max-image-preview:large, max-video-preview:-1\" \/>\n<link rel=\"canonical\" href=\"https:\/\/www.revistarambla.com\/en\/decenas-de-barcos-zarparan-desde-barcelona-en-la-mayor-mision-humanitaria-para-romper-el-bloqueo-de-gaza\/\" \/>\n<meta property=\"og:locale\" content=\"en_GB\" \/>\n<meta property=\"og:type\" content=\"article\" \/>\n<meta property=\"og:title\" content=\"Decenas de barcos zarpar\u00e1n desde Barcelona en la mayor misi\u00f3n humanitaria para romper el bloqueo de Gaza - Revista Rambla\" \/>\n<meta property=\"og:description\" content=\"La Flotilla Global Sumud 2025\" \/>\n<meta property=\"og:url\" content=\"https:\/\/www.revistarambla.com\/en\/decenas-de-barcos-zarparan-desde-barcelona-en-la-mayor-mision-humanitaria-para-romper-el-bloqueo-de-gaza\/\" \/>\n<meta property=\"og:site_name\" content=\"Revista Rambla\" \/>\n<meta property=\"article:publisher\" content=\"https:\/\/www.facebook.com\/revistarambla\/\" \/>\n<meta property=\"article:author\" content=\"https:\/\/www.facebook.com\/revistarambla\" \/>\n<meta property=\"article:published_time\" content=\"2025-08-22T18:43:09+00:00\" \/>\n<meta property=\"article:modified_time\" content=\"2025-08-23T11:06:44+00:00\" \/>\n<meta property=\"og:image\" content=\"https:\/\/www.revistarambla.com\/wp-content\/uploads\/2025\/08\/flotilla-palestina-e1755711592805.jpg\" \/>\n\t<meta property=\"og:image:width\" content=\"1000\" \/>\n\t<meta property=\"og:image:height\" content=\"666\" \/>\n\t<meta property=\"og:image:type\" content=\"image\/jpeg\" \/>\n<meta name=\"author\" content=\"R@mbla\" \/>\n<meta name=\"twitter:card\" content=\"summary_large_image\" \/>\n<meta name=\"twitter:creator\" content=\"@revistarambla\" \/>\n<meta name=\"twitter:site\" content=\"@revistarambla\" \/>\n<meta name=\"twitter:label1\" content=\"Written by\" \/>\n\t<meta name=\"twitter:data1\" content=\"R@mbla\" \/>\n\t<meta name=\"twitter:label2\" content=\"Estimated reading time\" \/>\n\t<meta name=\"twitter:data2\" content=\"6 minutes\" \/>\n<script type=\"application\/ld+json\" class=\"yoast-schema-graph\">{\"@context\":\"https:\\\/\\\/schema.org\",\"@graph\":[{\"@type\":\"Article\",\"@id\":\"https:\\\/\\\/www.revistarambla.com\\\/decenas-de-barcos-zarparan-desde-barcelona-en-la-mayor-mision-humanitaria-para-romper-el-bloqueo-de-gaza\\\/#article\",\"isPartOf\":{\"@id\":\"https:\\\/\\\/www.revistarambla.com\\\/decenas-de-barcos-zarparan-desde-barcelona-en-la-mayor-mision-humanitaria-para-romper-el-bloqueo-de-gaza\\\/\"},\"author\":{\"name\":\"R@mbla\",\"@id\":\"https:\\\/\\\/www.revistarambla.com\\\/#\\\/schema\\\/person\\\/a146a5a2550b94981a75131180e1bd9c\"},\"headline\":\"Decenas de barcos zarpar\u00e1n desde Barcelona en la mayor misi\u00f3n humanitaria para romper el bloqueo de Gaza\",\"datePublished\":\"2025-08-22T18:43:09+00:00\",\"dateModified\":\"2025-08-23T11:06:44+00:00\",\"mainEntityOfPage\":{\"@id\":\"https:\\\/\\\/www.revistarambla.com\\\/decenas-de-barcos-zarparan-desde-barcelona-en-la-mayor-mision-humanitaria-para-romper-el-bloqueo-de-gaza\\\/\"},\"wordCount\":1301,\"publisher\":{\"@id\":\"https:\\\/\\\/www.revistarambla.com\\\/#organization\"},\"image\":{\"@id\":\"https:\\\/\\\/www.revistarambla.com\\\/decenas-de-barcos-zarparan-desde-barcelona-en-la-mayor-mision-humanitaria-para-romper-el-bloqueo-de-gaza\\\/#primaryimage\"},\"thumbnailUrl\":\"https:\\\/\\\/www.revistarambla.com\\\/wp-content\\\/uploads\\\/2025\\\/08\\\/flotilla-palestina-e1755711592805.jpg\",\"articleSection\":[\"Barcelona\"],\"inLanguage\":\"en-GB\"},{\"@type\":\"WebPage\",\"@id\":\"https:\\\/\\\/www.revistarambla.com\\\/decenas-de-barcos-zarparan-desde-barcelona-en-la-mayor-mision-humanitaria-para-romper-el-bloqueo-de-gaza\\\/\",\"url\":\"https:\\\/\\\/www.revistarambla.com\\\/decenas-de-barcos-zarparan-desde-barcelona-en-la-mayor-mision-humanitaria-para-romper-el-bloqueo-de-gaza\\\/\",\"name\":\"Decenas de barcos zarpar\u00e1n desde Barcelona en la mayor misi\u00f3n humanitaria para romper el bloqueo de Gaza - Revista Rambla\",\"isPartOf\":{\"@id\":\"https:\\\/\\\/www.revistarambla.com\\\/#website\"},\"primaryImageOfPage\":{\"@id\":\"https:\\\/\\\/www.revistarambla.com\\\/decenas-de-barcos-zarparan-desde-barcelona-en-la-mayor-mision-humanitaria-para-romper-el-bloqueo-de-gaza\\\/#primaryimage\"},\"image\":{\"@id\":\"https:\\\/\\\/www.revistarambla.com\\\/decenas-de-barcos-zarparan-desde-barcelona-en-la-mayor-mision-humanitaria-para-romper-el-bloqueo-de-gaza\\\/#primaryimage\"},\"thumbnailUrl\":\"https:\\\/\\\/www.revistarambla.com\\\/wp-content\\\/uploads\\\/2025\\\/08\\\/flotilla-palestina-e1755711592805.jpg\",\"datePublished\":\"2025-08-22T18:43:09+00:00\",\"dateModified\":\"2025-08-23T11:06:44+00:00\",\"breadcrumb\":{\"@id\":\"https:\\\/\\\/www.revistarambla.com\\\/decenas-de-barcos-zarparan-desde-barcelona-en-la-mayor-mision-humanitaria-para-romper-el-bloqueo-de-gaza\\\/#breadcrumb\"},\"inLanguage\":\"en-GB\",\"potentialAction\":[{\"@type\":\"ReadAction\",\"target\":[\"https:\\\/\\\/www.revistarambla.com\\\/decenas-de-barcos-zarparan-desde-barcelona-en-la-mayor-mision-humanitaria-para-romper-el-bloqueo-de-gaza\\\/\"]}]},{\"@type\":\"ImageObject\",\"inLanguage\":\"en-GB\",\"@id\":\"https:\\\/\\\/www.revistarambla.com\\\/decenas-de-barcos-zarparan-desde-barcelona-en-la-mayor-mision-humanitaria-para-romper-el-bloqueo-de-gaza\\\/#primaryimage\",\"url\":\"https:\\\/\\\/www.revistarambla.com\\\/wp-content\\\/uploads\\\/2025\\\/08\\\/flotilla-palestina-e1755711592805.jpg\",\"contentUrl\":\"https:\\\/\\\/www.revistarambla.com\\\/wp-content\\\/uploads\\\/2025\\\/08\\\/flotilla-palestina-e1755711592805.jpg\",\"width\":1000,\"height\":666,\"caption\":\"Flotilla Global Sumud\"},{\"@type\":\"BreadcrumbList\",\"@id\":\"https:\\\/\\\/www.revistarambla.com\\\/decenas-de-barcos-zarparan-desde-barcelona-en-la-mayor-mision-humanitaria-para-romper-el-bloqueo-de-gaza\\\/#breadcrumb\",\"itemListElement\":[{\"@type\":\"ListItem\",\"position\":1,\"name\":\"Portada\",\"item\":\"https:\\\/\\\/www.revistarambla.com\\\/\"},{\"@type\":\"ListItem\",\"position\":2,\"name\":\"Decenas de barcos zarpar\u00e1n desde Barcelona en la mayor misi\u00f3n humanitaria para romper el bloqueo de Gaza\"}]},{\"@type\":\"WebSite\",\"@id\":\"https:\\\/\\\/www.revistarambla.com\\\/#website\",\"url\":\"https:\\\/\\\/www.revistarambla.com\\\/\",\"name\":\"Revista Rambla Barcelona\",\"description\":\"Periodismo independiente\",\"publisher\":{\"@id\":\"https:\\\/\\\/www.revistarambla.com\\\/#organization\"},\"potentialAction\":[{\"@type\":\"SearchAction\",\"target\":{\"@type\":\"EntryPoint\",\"urlTemplate\":\"https:\\\/\\\/www.revistarambla.com\\\/?s={search_term_string}\"},\"query-input\":{\"@type\":\"PropertyValueSpecification\",\"valueRequired\":true,\"valueName\":\"search_term_string\"}}],\"inLanguage\":\"en-GB\"},{\"@type\":\"Organization\",\"@id\":\"https:\\\/\\\/www.revistarambla.com\\\/#organization\",\"name\":\"Revista Rambla\",\"url\":\"https:\\\/\\\/www.revistarambla.com\\\/\",\"logo\":{\"@type\":\"ImageObject\",\"inLanguage\":\"en-GB\",\"@id\":\"https:\\\/\\\/www.revistarambla.com\\\/#\\\/schema\\\/logo\\\/image\\\/\",\"url\":\"https:\\\/\\\/www.revistarambla.com\\\/wp-content\\\/uploads\\\/2020\\\/09\\\/banner_rambla_1900x600_BB.png\",\"contentUrl\":\"https:\\\/\\\/www.revistarambla.com\\\/wp-content\\\/uploads\\\/2020\\\/09\\\/banner_rambla_1900x600_BB.png\",\"width\":1900,\"height\":600,\"caption\":\"Revista Rambla\"},\"image\":{\"@id\":\"https:\\\/\\\/www.revistarambla.com\\\/#\\\/schema\\\/logo\\\/image\\\/\"},\"sameAs\":[\"https:\\\/\\\/www.facebook.com\\\/revistarambla\\\/\",\"https:\\\/\\\/x.com\\\/revistarambla\",\"https:\\\/\\\/www.instagram.com\\\/revista_rambla\",\"https:\\\/\\\/es.linkedin.com\\\/company\\\/revista-rambla\"]},{\"@type\":\"Person\",\"@id\":\"https:\\\/\\\/www.revistarambla.com\\\/#\\\/schema\\\/person\\\/a146a5a2550b94981a75131180e1bd9c\",\"name\":\"R@mbla\",\"description\":\"Este art\u00edculo ha sido redactado y\\\/o validado por el equipo de redacci\u00f3n de Revista Rambla.\",\"sameAs\":[\"https:\\\/\\\/www.revistarambla.com\\\/\",\"https:\\\/\\\/www.facebook.com\\\/revistarambla\",\"https:\\\/\\\/x.com\\\/revistarambla\"]}]}<\/script>\n<!-- \/ Yoast SEO plugin. -->","yoast_head_json":{"title":"Decenas de barcos zarpar\u00e1n desde Barcelona en la mayor misi\u00f3n humanitaria para romper el bloqueo de Gaza - Revista Rambla","robots":{"index":"index","follow":"follow","max-snippet":"max-snippet:-1","max-image-preview":"max-image-preview:large","max-video-preview":"max-video-preview:-1"},"canonical":"https:\/\/www.revistarambla.com\/en\/decenas-de-barcos-zarparan-desde-barcelona-en-la-mayor-mision-humanitaria-para-romper-el-bloqueo-de-gaza\/","og_locale":"en_GB","og_type":"article","og_title":"Decenas de barcos zarpar\u00e1n desde Barcelona en la mayor misi\u00f3n humanitaria para romper el bloqueo de Gaza - Revista Rambla","og_description":"La Flotilla Global Sumud 2025","og_url":"https:\/\/www.revistarambla.com\/en\/decenas-de-barcos-zarparan-desde-barcelona-en-la-mayor-mision-humanitaria-para-romper-el-bloqueo-de-gaza\/","og_site_name":"Revista Rambla","article_publisher":"https:\/\/www.facebook.com\/revistarambla\/","article_author":"https:\/\/www.facebook.com\/revistarambla","article_published_time":"2025-08-22T18:43:09+00:00","article_modified_time":"2025-08-23T11:06:44+00:00","og_image":[{"width":1000,"height":666,"url":"https:\/\/www.revistarambla.com\/wp-content\/uploads\/2025\/08\/flotilla-palestina-e1755711592805.jpg","type":"image\/jpeg"}],"author":"R@mbla","twitter_card":"summary_large_image","twitter_creator":"@revistarambla","twitter_site":"@revistarambla","twitter_misc":{"Written by":"R@mbla","Estimated reading time":"6 minutes"},"schema":{"@context":"https:\/\/schema.org","@graph":[{"@type":"Article","@id":"https:\/\/www.revistarambla.com\/decenas-de-barcos-zarparan-desde-barcelona-en-la-mayor-mision-humanitaria-para-romper-el-bloqueo-de-gaza\/#article","isPartOf":{"@id":"https:\/\/www.revistarambla.com\/decenas-de-barcos-zarparan-desde-barcelona-en-la-mayor-mision-humanitaria-para-romper-el-bloqueo-de-gaza\/"},"author":{"name":"R@mbla","@id":"https:\/\/www.revistarambla.com\/#\/schema\/person\/a146a5a2550b94981a75131180e1bd9c"},"headline":"Decenas de barcos zarpar\u00e1n desde Barcelona en la mayor misi\u00f3n humanitaria para romper el bloqueo de Gaza","datePublished":"2025-08-22T18:43:09+00:00","dateModified":"2025-08-23T11:06:44+00:00","mainEntityOfPage":{"@id":"https:\/\/www.revistarambla.com\/decenas-de-barcos-zarparan-desde-barcelona-en-la-mayor-mision-humanitaria-para-romper-el-bloqueo-de-gaza\/"},"wordCount":1301,"publisher":{"@id":"https:\/\/www.revistarambla.com\/#organization"},"image":{"@id":"https:\/\/www.revistarambla.com\/decenas-de-barcos-zarparan-desde-barcelona-en-la-mayor-mision-humanitaria-para-romper-el-bloqueo-de-gaza\/#primaryimage"},"thumbnailUrl":"https:\/\/www.revistarambla.com\/wp-content\/uploads\/2025\/08\/flotilla-palestina-e1755711592805.jpg","articleSection":["Barcelona"],"inLanguage":"en-GB"},{"@type":"WebPage","@id":"https:\/\/www.revistarambla.com\/decenas-de-barcos-zarparan-desde-barcelona-en-la-mayor-mision-humanitaria-para-romper-el-bloqueo-de-gaza\/","url":"https:\/\/www.revistarambla.com\/decenas-de-barcos-zarparan-desde-barcelona-en-la-mayor-mision-humanitaria-para-romper-el-bloqueo-de-gaza\/","name":"Decenas de barcos zarpar\u00e1n desde Barcelona en la mayor misi\u00f3n humanitaria para romper el bloqueo de Gaza - Revista Rambla","isPartOf":{"@id":"https:\/\/www.revistarambla.com\/#website"},"primaryImageOfPage":{"@id":"https:\/\/www.revistarambla.com\/decenas-de-barcos-zarparan-desde-barcelona-en-la-mayor-mision-humanitaria-para-romper-el-bloqueo-de-gaza\/#primaryimage"},"image":{"@id":"https:\/\/www.revistarambla.com\/decenas-de-barcos-zarparan-desde-barcelona-en-la-mayor-mision-humanitaria-para-romper-el-bloqueo-de-gaza\/#primaryimage"},"thumbnailUrl":"https:\/\/www.revistarambla.com\/wp-content\/uploads\/2025\/08\/flotilla-palestina-e1755711592805.jpg","datePublished":"2025-08-22T18:43:09+00:00","dateModified":"2025-08-23T11:06:44+00:00","breadcrumb":{"@id":"https:\/\/www.revistarambla.com\/decenas-de-barcos-zarparan-desde-barcelona-en-la-mayor-mision-humanitaria-para-romper-el-bloqueo-de-gaza\/#breadcrumb"},"inLanguage":"en-GB","potentialAction":[{"@type":"ReadAction","target":["https:\/\/www.revistarambla.com\/decenas-de-barcos-zarparan-desde-barcelona-en-la-mayor-mision-humanitaria-para-romper-el-bloqueo-de-gaza\/"]}]},{"@type":"ImageObject","inLanguage":"en-GB","@id":"https:\/\/www.revistarambla.com\/decenas-de-barcos-zarparan-desde-barcelona-en-la-mayor-mision-humanitaria-para-romper-el-bloqueo-de-gaza\/#primaryimage","url":"https:\/\/www.revistarambla.com\/wp-content\/uploads\/2025\/08\/flotilla-palestina-e1755711592805.jpg","contentUrl":"https:\/\/www.revistarambla.com\/wp-content\/uploads\/2025\/08\/flotilla-palestina-e1755711592805.jpg","width":1000,"height":666,"caption":"Flotilla Global Sumud"},{"@type":"BreadcrumbList","@id":"https:\/\/www.revistarambla.com\/decenas-de-barcos-zarparan-desde-barcelona-en-la-mayor-mision-humanitaria-para-romper-el-bloqueo-de-gaza\/#breadcrumb","itemListElement":[{"@type":"ListItem","position":1,"name":"Portada","item":"https:\/\/www.revistarambla.com\/"},{"@type":"ListItem","position":2,"name":"Decenas de barcos zarpar\u00e1n desde Barcelona en la mayor misi\u00f3n humanitaria para romper el bloqueo de Gaza"}]},{"@type":"WebSite","@id":"https:\/\/www.revistarambla.com\/#website","url":"https:\/\/www.revistarambla.com\/","name":"Revista Rambla Barcelona","description":"Periodismo independiente","publisher":{"@id":"https:\/\/www.revistarambla.com\/#organization"},"potentialAction":[{"@type":"SearchAction","target":{"@type":"EntryPoint","urlTemplate":"https:\/\/www.revistarambla.com\/?s={search_term_string}"},"query-input":{"@type":"PropertyValueSpecification","valueRequired":true,"valueName":"search_term_string"}}],"inLanguage":"en-GB"},{"@type":"Organization","@id":"https:\/\/www.revistarambla.com\/#organization","name":"Revista Rambla","url":"https:\/\/www.revistarambla.com\/","logo":{"@type":"ImageObject","inLanguage":"en-GB","@id":"https:\/\/www.revistarambla.com\/#\/schema\/logo\/image\/","url":"https:\/\/www.revistarambla.com\/wp-content\/uploads\/2020\/09\/banner_rambla_1900x600_BB.png","contentUrl":"https:\/\/www.revistarambla.com\/wp-content\/uploads\/2020\/09\/banner_rambla_1900x600_BB.png","width":1900,"height":600,"caption":"Revista Rambla"},"image":{"@id":"https:\/\/www.revistarambla.com\/#\/schema\/logo\/image\/"},"sameAs":["https:\/\/www.facebook.com\/revistarambla\/","https:\/\/x.com\/revistarambla","https:\/\/www.instagram.com\/revista_rambla","https:\/\/es.linkedin.com\/company\/revista-rambla"]},{"@type":"Person","@id":"https:\/\/www.revistarambla.com\/#\/schema\/person\/a146a5a2550b94981a75131180e1bd9c","name":"R@mbla","description":"Este art\u00edculo ha sido redactado y\/o validado por el equipo de redacci\u00f3n de Revista Rambla.","sameAs":["https:\/\/www.revistarambla.com\/","https:\/\/www.facebook.com\/revistarambla","https:\/\/x.com\/revistarambla"]}]}},"_links":{"self":[{"href":"https:\/\/www.revistarambla.com\/en\/wp-json\/wp\/v2\/posts\/66247","targetHints":{"allow":["GET"]}}],"collection":[{"href":"https:\/\/www.revistarambla.com\/en\/wp-json\/wp\/v2\/posts"}],"about":[{"href":"https:\/\/www.revistarambla.com\/en\/wp-json\/wp\/v2\/types\/post"}],"author":[{"embeddable":true,"href":"https:\/\/www.revistarambla.com\/en\/wp-json\/wp\/v2\/users\/3"}],"replies":[{"embeddable":true,"href":"https:\/\/www.revistarambla.com\/en\/wp-json\/wp\/v2\/comments?post=66247"}],"version-history":[{"count":1,"href":"https:\/\/www.revistarambla.com\/en\/wp-json\/wp\/v2\/posts\/66247\/revisions"}],"predecessor-version":[{"id":66250,"href":"https:\/\/www.revistarambla.com\/en\/wp-json\/wp\/v2\/posts\/66247\/revisions\/66250"}],"wp:featuredmedia":[{"embeddable":true,"href":"https:\/\/www.revistarambla.com\/en\/wp-json\/wp\/v2\/media\/66248"}],"wp:attachment":[{"href":"https:\/\/www.revistarambla.com\/en\/wp-json\/wp\/v2\/media?parent=66247"}],"wp:term":[{"taxonomy":"category","embeddable":true,"href":"https:\/\/www.revistarambla.com\/en\/wp-json\/wp\/v2\/categories?post=66247"},{"taxonomy":"post_tag","embeddable":true,"href":"https:\/\/www.revistarambla.com\/en\/wp-json\/wp\/v2\/tags?post=66247"}],"curies":[{"name":"wp","href":"https:\/\/api.w.org\/{rel}","templated":true}]}}