{"id":66245,"date":"2025-08-22T20:32:10","date_gmt":"2025-08-22T18:32:10","guid":{"rendered":"https:\/\/www.revistarambla.com\/?p=66245"},"modified":"2025-08-22T20:32:10","modified_gmt":"2025-08-22T18:32:10","slug":"israel-veta-la-entrada-del-alcalde-de-barcelona-jaume-collboni","status":"publish","type":"post","link":"https:\/\/www.revistarambla.com\/en\/israel-veta-la-entrada-del-alcalde-de-barcelona-jaume-collboni\/","title":{"rendered":"Israel veta la entrada del alcalde de Barcelona, Jaume Collboni"},"content":{"rendered":"<p>En un giro inesperado que ha sacudido las relaciones internacionales de la Ciudad Condal, el Gobierno de Israel ha denegado la entrada al alcalde de Barcelona, Jaume Collboni, quien ten\u00eda previsto iniciar un viaje oficial a la regi\u00f3n este viernes 22 de agosto de 2025. La decisi\u00f3n, comunicada a \u00faltima hora, ha sido calificada por el propio Collboni como un \u00abacto hostil\u00bb destinado a aislar al pueblo palestino y ocultar violaciones de derechos humanos. Este veto no solo frustra una agenda cargada de simbolismo, sino que resalta las crecientes fricciones entre Barcelona y el Estado israel\u00ed, derivadas de la reciente suspensi\u00f3n de relaciones institucionales por parte del Ayuntamiento. En un contexto de conflicto prolongado en Oriente Medio, este episodio subraya c\u00f3mo las decisiones locales pueden tener repercusiones globales, afectando la imagen de Barcelona como una ciudad comprometida con la paz y la justicia internacional.<\/p>\n<p>Collboni, del Partido de los Socialistas de Catalu\u00f1a (PSC), asumi\u00f3 la alcald\u00eda en junio de 2023 tras un acuerdo postelectoral que lo posicion\u00f3 como el primer alcalde abiertamente gay de la ciudad. Su mandato ha estado marcado por un enfoque en temas sociales, econ\u00f3micos y, cada vez m\u00e1s, en posicionamientos internacionales, especialmente respecto al conflicto palestino-israel\u00ed. El viaje planeado representaba un paso audaz en esta direcci\u00f3n: una gira de cuatro d\u00edas que inclu\u00eda visitas a Jerusal\u00e9n, Ramala y Bel\u00e9n, con el objetivo de fortalecer lazos con autoridades palestinas y promover iniciativas de cooperaci\u00f3n. Entre los hitos destacados figuraba la inauguraci\u00f3n de la \u00abCalle Barcelona\u00bb en Ramala, un gesto simb\u00f3lico al apoyo hist\u00f3rico de la ciudad catalana a la causa palestina. Adem\u00e1s, el itinerario contemplaba reuniones con el primer ministro palestino, Mohammad Mustafa, y los alcaldes de Ramala y Bel\u00e9n, as\u00ed como visitas a proyectos de la ONU en campos de refugiados en Jordania, encuentros con ONGs israel\u00edes cr\u00edticas con el gobierno de Netanyahu, y ofrendas florales en las tumbas de Yitzhak Rabin y Yasser Arafat. No faltaba una parada en el museo del Holocausto Yad Vashem en Jerusal\u00e9n, un gesto a la memoria hist\u00f3rica que buscaba equilibrar el enfoque pro-palestino del viaje.<\/p>\n<p>La comitiva, integrada por miembros del gabinete municipal y periodistas, hab\u00eda recibido autorizaciones previas, pero el veto se centr\u00f3 exclusivamente en Collboni. Fuentes municipales confirmaron que el alcalde suspendi\u00f3 el viaje entero para no dejar atr\u00e1s su liderazgo, permaneciendo en Barcelona. Este no es un incidente aislado: Israel ha vetado en el pasado a otros funcionarios extranjeros, como 27 diputados franceses de izquierda en abril, dos parlamentarios brit\u00e1nicos y dos diputados europeos en febrero, todos por posturas cr\u00edticas hacia el Estado hebreo. La denegaci\u00f3n lleg\u00f3 horas antes del despegue previsto hacia el aeropuerto Ben Gurion de Tel Aviv, transformando lo que iba a ser un acto de diplomacia municipal en un esc\u00e1ndalo internacional.<\/p>\n<p>El Ministerio del Interior israel\u00ed, a trav\u00e9s de la Autoridad de Poblaci\u00f3n, Inmigraci\u00f3n y Fronteras (PIBA), justific\u00f3 la medida \u00abde acuerdo con la Ley de Entrada a Israel\u00bb, en coordinaci\u00f3n con el Ministerio de Exteriores y el Consejo de Seguridad Nacional. Fuentes diplom\u00e1ticas israel\u00edes fueron m\u00e1s expl\u00edcitas: asociaron el veto directamente a la decisi\u00f3n del Ayuntamiento de Barcelona, tomada en mayo de 2025, de suspender las relaciones institucionales con Israel y romper el acuerdo de hermanamiento con Tel Aviv. \u00abLa decisi\u00f3n del Ayuntamiento de Barcelona de boicotear al Estado de Israel tiene consecuencias\u00bb, declararon, a\u00f1adiendo que \u00abno es aceptable que quien act\u00faa para boicotear a Israel y romper v\u00ednculos con \u00e9l pueda ser considerado un invitado bienvenido\u00bb. Acusaron a Collboni de tener \u00abantecedentes de difamaci\u00f3n del Estado y participaci\u00f3n en un boicot a Israel\u00bb, refiri\u00e9ndose a declaraciones y acciones que consideran una \u00abpol\u00edtica hostil e incitadora contra Israel y sus ciudadanos de manera sistem\u00e1tica\u00bb.<\/p>\n<p>Esta respuesta israel\u00ed refleja una estrategia m\u00e1s amplia del gobierno de Benjamin Netanyahu, que ha endurecido su postura contra entidades y personas que apoyan boicots o critican sus pol\u00edticas en los territorios ocupados. El contexto inmediato es la ofensiva militar en Gaza, iniciada tras los ataques de Ham\u00e1s el 7 de octubre de 2023, que ha causado decenas de miles de muertes civiles y ha generado condenas internacionales. Barcelona, con su tradici\u00f3n de activismo pro-palestino, se ha posicionado en el centro de esta controversia, atrayendo tanto elogios de grupos palestinos como cr\u00edticas de Israel.<\/p>\n<p>Jaume Collboni no tard\u00f3 en reaccionar. A trav\u00e9s de una publicaci\u00f3n en Instagram, denunci\u00f3 el veto como un intento del Gobierno israel\u00ed por \u00abaislar al pueblo palestino y ocultar al mundo las constantes violaciones de los Derechos Humanos que sufren\u00bb. Afirm\u00f3 que esta medida solo \u00abrefuerza\u00bb su determinaci\u00f3n y la de Barcelona para trabajar \u00abincansablemente por la paz, la justicia y el reconocimiento de los derechos del pueblo palestino\u00bb. En declaraciones posteriores, reflexion\u00f3 sobre c\u00f3mo el episodio subraya la urgencia de una soluci\u00f3n de dos Estados, aline\u00e1ndose con la posici\u00f3n oficial del Gobierno espa\u00f1ol. Fuentes municipales enfatizaron que el viaje fue invitado por autoridades palestinas en agradecimiento al \u00abv\u00ednculo hist\u00f3rico\u00bb de Barcelona con Ramala y Bel\u00e9n, ciudades con las que mantiene hermanamientos desde hace d\u00e9cadas.<\/p>\n<p>El veto se enra\u00edza en la declaraci\u00f3n institucional aprobada por el Pleno del Ayuntamiento de Barcelona el pasado mayo. Con los votos a favor del PSC, Barcelona en Com\u00fa (BCom\u00fa) y Esquerra Republicana de Catalunya (ERC), el consistorio decidi\u00f3 romper relaciones con Israel \u00abhasta que se restablezca el respeto al Derecho Internacional y se garanticen los derechos del pueblo palestino\u00bb. Esta medida incluy\u00f3 la suspensi\u00f3n del hermanamiento con Tel Aviv, establecido en 1998, y la prohibici\u00f3n de pabellones israel\u00edes o de empresas vinculadas a la ocupaci\u00f3n en la Fira de Barcelona. Collboni justific\u00f3 entonces la decisi\u00f3n, citando \u00abel sufrimiento y la muerte en Gaza durante el \u00faltimo a\u00f1o y medio, y los recientes ataques del Gobierno israel\u00ed, que hacen inviable cualquier relaci\u00f3n\u00bb.<\/p>\n<p>Esta no es la primera vez que Barcelona adopta posturas similares. Bajo la anterior alcaldesa, Ada Colau (BCom\u00fa), en febrero de 2023, se suspendieron temporalmente las relaciones con Israel por la \u00abviolaci\u00f3n sistem\u00e1tica de los derechos humanos del pueblo palestino\u00bb. Collboni, al asumir el cargo, inicialmente dej\u00f3 sin efecto esa medida para \u00abreconstruir puentes\u00bb, pero la escalada del conflicto en Gaza lo llev\u00f3 a revertir esa posici\u00f3n en mayo de 2025. La decisi\u00f3n fue aplaudida por Ham\u00e1s, que la calific\u00f3 de \u00abpaso positivo\u00bb y llam\u00f3 a m\u00e1s boicots, lo que gener\u00f3 controversia en c\u00edrculos proisrael\u00edes. En Barcelona, una ciudad con una vibrante comunidad jud\u00eda y un flujo constante de turistas israel\u00edes, esta pol\u00edtica ha dividido opiniones: algunos ven en ella un acto de solidaridad \u00e9tica, mientras que otros la critican por potenciales impactos econ\u00f3micos y culturales.<\/p>\n<p>En el plano nacional, las relaciones entre Espa\u00f1a e Israel han sido tensas desde que el Gobierno de Pedro S\u00e1nchez reconoci\u00f3 el Estado palestino en mayo de 2024, junto a Irlanda y Noruega. Israel retir\u00f3 a su embajadora en Madrid hace m\u00e1s de un a\u00f1o, y episodios como este veto a Collboni agravan la brecha. Espa\u00f1a, bajo el liderazgo socialista, ha sido vocal en su condena a la ofensiva en Gaza, exigiendo un alto el fuego inmediato y apoyando investigaciones de la Corte Penal Internacional sobre posibles cr\u00edmenes de guerra. Barcelona, como capital catalana, amplifica esta voz, posicion\u00e1ndose como un faro de progresismo en Europa.<\/p>\n<p>Las reacciones no se han hecho esperar. El Ministerio de Asuntos Exteriores espa\u00f1ol protest\u00f3 formalmente ante el encargado de negocios israel\u00ed en Madrid, expresando su desacuerdo con la denegaci\u00f3n. El Ministerio palestino de Asuntos Exteriores conden\u00f3 el veto como parte de una \u00abguerra de ocupaci\u00f3n\u00bb contra los palestinos y sus aliados, cuestionando la autoridad de Israel como \u00abpotencia ocupante\u00bb para decidir sobre accesos a territorios palestinos. En el \u00e1mbito local, figuras como Ada Colau respaldaron a Collboni, mientras que partidos de oposici\u00f3n como Junts per Catalunya y el PP criticaron el enfoque como \u00abunilateral\u00bb y potencialmente da\u00f1ino para la diplomacia municipal. Medios israel\u00edes, como Ynet y Haaretz, framed the incident as a consequence of anti-Israel stances, while international outlets highlighted it as evidence of Israel&#8217;s hardening against critics.<\/p>\n<p>Este veto plantea interrogantes sobre el rol de las ciudades en la geopol\u00edtica. Para Barcelona, una metr\u00f3polis global con aspiraciones de liderazgo en derechos humanos, representa un desaf\u00edo: \u00bfc\u00f3mo equilibrar el activismo con las relaciones internacionales? Econ\u00f3micamente, podr\u00eda afectar intercambios con Israel, un socio en tecnolog\u00eda e innovaci\u00f3n, aunque el impacto directo sea limitado. Pol\u00edticamente, fortalece la imagen de Collboni como defensor de causas justas, potencialmente consolidando su base electoral de cara a futuras elecciones.<\/p>\n<p>En conclusi\u00f3n, el veto a Jaume Collboni no es solo un incidente diplom\u00e1tico, sino un recordatorio de c\u00f3mo el conflicto palestino-israel\u00ed reverbera en rincones lejanos como Barcelona. Mientras el alcalde reafirma su compromiso con la paz, este episodio invita a la reflexi\u00f3n sobre el costo de la solidaridad en un mundo polarizado. La Ciudad Condal, con su historia de resistencia y apertura, sigue navegando estas aguas turbulentas, priorizando valores sobre conveniencias.<\/p>","protected":false},"excerpt":{"rendered":"<p>Tensiones Diplom\u00e1ticas y el Compromiso con Palestina<\/p>","protected":false},"author":3,"featured_media":55536,"comment_status":"closed","ping_status":"closed","sticky":false,"template":"","format":"standard","meta":{"footnotes":""},"categories":[76],"tags":[],"class_list":["post-66245","post","type-post","status-publish","format-standard","has-post-thumbnail","hentry","category-barcelona"],"yoast_head":"<!-- This site is optimized with the Yoast SEO plugin v27.5 - https:\/\/yoast.com\/product\/yoast-seo-wordpress\/ -->\n<title>Israel veta la entrada del alcalde de Barcelona, Jaume Collboni - Revista Rambla<\/title>\n<meta name=\"robots\" content=\"index, follow, max-snippet:-1, max-image-preview:large, max-video-preview:-1\" \/>\n<link rel=\"canonical\" href=\"https:\/\/www.revistarambla.com\/en\/israel-veta-la-entrada-del-alcalde-de-barcelona-jaume-collboni\/\" \/>\n<meta property=\"og:locale\" content=\"en_GB\" \/>\n<meta property=\"og:type\" content=\"article\" \/>\n<meta property=\"og:title\" content=\"Israel veta la entrada del alcalde de Barcelona, Jaume Collboni - Revista Rambla\" \/>\n<meta property=\"og:description\" content=\"Tensiones Diplom\u00e1ticas y el Compromiso con Palestina\" \/>\n<meta property=\"og:url\" content=\"https:\/\/www.revistarambla.com\/en\/israel-veta-la-entrada-del-alcalde-de-barcelona-jaume-collboni\/\" \/>\n<meta property=\"og:site_name\" content=\"Revista Rambla\" \/>\n<meta property=\"article:publisher\" content=\"https:\/\/www.facebook.com\/revistarambla\/\" \/>\n<meta property=\"article:author\" content=\"https:\/\/www.facebook.com\/revistarambla\" \/>\n<meta property=\"article:published_time\" content=\"2025-08-22T18:32:10+00:00\" \/>\n<meta property=\"og:image\" content=\"https:\/\/www.revistarambla.com\/wp-content\/uploads\/2023\/06\/jaume-collboni-llegada-pleno-constitucion-ayuntamiento-barcelona_98.webp\" \/>\n\t<meta property=\"og:image:width\" content=\"1900\" \/>\n\t<meta property=\"og:image:height\" content=\"1069\" \/>\n\t<meta property=\"og:image:type\" content=\"image\/webp\" \/>\n<meta name=\"author\" content=\"R@mbla\" \/>\n<meta name=\"twitter:card\" content=\"summary_large_image\" \/>\n<meta name=\"twitter:creator\" content=\"@revistarambla\" \/>\n<meta name=\"twitter:site\" content=\"@revistarambla\" \/>\n<meta name=\"twitter:label1\" content=\"Written by\" \/>\n\t<meta name=\"twitter:data1\" content=\"R@mbla\" \/>\n\t<meta name=\"twitter:label2\" content=\"Estimated reading time\" \/>\n\t<meta name=\"twitter:data2\" content=\"7 minutes\" \/>\n<script type=\"application\/ld+json\" class=\"yoast-schema-graph\">{\"@context\":\"https:\\\/\\\/schema.org\",\"@graph\":[{\"@type\":\"Article\",\"@id\":\"https:\\\/\\\/www.revistarambla.com\\\/israel-veta-la-entrada-del-alcalde-de-barcelona-jaume-collboni\\\/#article\",\"isPartOf\":{\"@id\":\"https:\\\/\\\/www.revistarambla.com\\\/israel-veta-la-entrada-del-alcalde-de-barcelona-jaume-collboni\\\/\"},\"author\":{\"name\":\"R@mbla\",\"@id\":\"https:\\\/\\\/www.revistarambla.com\\\/#\\\/schema\\\/person\\\/a146a5a2550b94981a75131180e1bd9c\"},\"headline\":\"Israel veta la entrada del alcalde de Barcelona, Jaume Collboni\",\"datePublished\":\"2025-08-22T18:32:10+00:00\",\"mainEntityOfPage\":{\"@id\":\"https:\\\/\\\/www.revistarambla.com\\\/israel-veta-la-entrada-del-alcalde-de-barcelona-jaume-collboni\\\/\"},\"wordCount\":1581,\"publisher\":{\"@id\":\"https:\\\/\\\/www.revistarambla.com\\\/#organization\"},\"image\":{\"@id\":\"https:\\\/\\\/www.revistarambla.com\\\/israel-veta-la-entrada-del-alcalde-de-barcelona-jaume-collboni\\\/#primaryimage\"},\"thumbnailUrl\":\"https:\\\/\\\/www.revistarambla.com\\\/wp-content\\\/uploads\\\/2023\\\/06\\\/jaume-collboni-llegada-pleno-constitucion-ayuntamiento-barcelona_98.webp\",\"articleSection\":[\"Barcelona\"],\"inLanguage\":\"en-GB\"},{\"@type\":\"WebPage\",\"@id\":\"https:\\\/\\\/www.revistarambla.com\\\/israel-veta-la-entrada-del-alcalde-de-barcelona-jaume-collboni\\\/\",\"url\":\"https:\\\/\\\/www.revistarambla.com\\\/israel-veta-la-entrada-del-alcalde-de-barcelona-jaume-collboni\\\/\",\"name\":\"Israel veta la entrada del alcalde de Barcelona, Jaume Collboni - Revista Rambla\",\"isPartOf\":{\"@id\":\"https:\\\/\\\/www.revistarambla.com\\\/#website\"},\"primaryImageOfPage\":{\"@id\":\"https:\\\/\\\/www.revistarambla.com\\\/israel-veta-la-entrada-del-alcalde-de-barcelona-jaume-collboni\\\/#primaryimage\"},\"image\":{\"@id\":\"https:\\\/\\\/www.revistarambla.com\\\/israel-veta-la-entrada-del-alcalde-de-barcelona-jaume-collboni\\\/#primaryimage\"},\"thumbnailUrl\":\"https:\\\/\\\/www.revistarambla.com\\\/wp-content\\\/uploads\\\/2023\\\/06\\\/jaume-collboni-llegada-pleno-constitucion-ayuntamiento-barcelona_98.webp\",\"datePublished\":\"2025-08-22T18:32:10+00:00\",\"breadcrumb\":{\"@id\":\"https:\\\/\\\/www.revistarambla.com\\\/israel-veta-la-entrada-del-alcalde-de-barcelona-jaume-collboni\\\/#breadcrumb\"},\"inLanguage\":\"en-GB\",\"potentialAction\":[{\"@type\":\"ReadAction\",\"target\":[\"https:\\\/\\\/www.revistarambla.com\\\/israel-veta-la-entrada-del-alcalde-de-barcelona-jaume-collboni\\\/\"]}]},{\"@type\":\"ImageObject\",\"inLanguage\":\"en-GB\",\"@id\":\"https:\\\/\\\/www.revistarambla.com\\\/israel-veta-la-entrada-del-alcalde-de-barcelona-jaume-collboni\\\/#primaryimage\",\"url\":\"https:\\\/\\\/www.revistarambla.com\\\/wp-content\\\/uploads\\\/2023\\\/06\\\/jaume-collboni-llegada-pleno-constitucion-ayuntamiento-barcelona_98.webp\",\"contentUrl\":\"https:\\\/\\\/www.revistarambla.com\\\/wp-content\\\/uploads\\\/2023\\\/06\\\/jaume-collboni-llegada-pleno-constitucion-ayuntamiento-barcelona_98.webp\",\"width\":1900,\"height\":1069,\"caption\":\"veto collboni israel\"},{\"@type\":\"BreadcrumbList\",\"@id\":\"https:\\\/\\\/www.revistarambla.com\\\/israel-veta-la-entrada-del-alcalde-de-barcelona-jaume-collboni\\\/#breadcrumb\",\"itemListElement\":[{\"@type\":\"ListItem\",\"position\":1,\"name\":\"Portada\",\"item\":\"https:\\\/\\\/www.revistarambla.com\\\/\"},{\"@type\":\"ListItem\",\"position\":2,\"name\":\"Israel veta la entrada del alcalde de Barcelona, Jaume Collboni\"}]},{\"@type\":\"WebSite\",\"@id\":\"https:\\\/\\\/www.revistarambla.com\\\/#website\",\"url\":\"https:\\\/\\\/www.revistarambla.com\\\/\",\"name\":\"Revista Rambla Barcelona\",\"description\":\"Periodismo independiente\",\"publisher\":{\"@id\":\"https:\\\/\\\/www.revistarambla.com\\\/#organization\"},\"potentialAction\":[{\"@type\":\"SearchAction\",\"target\":{\"@type\":\"EntryPoint\",\"urlTemplate\":\"https:\\\/\\\/www.revistarambla.com\\\/?s={search_term_string}\"},\"query-input\":{\"@type\":\"PropertyValueSpecification\",\"valueRequired\":true,\"valueName\":\"search_term_string\"}}],\"inLanguage\":\"en-GB\"},{\"@type\":\"Organization\",\"@id\":\"https:\\\/\\\/www.revistarambla.com\\\/#organization\",\"name\":\"Revista Rambla\",\"url\":\"https:\\\/\\\/www.revistarambla.com\\\/\",\"logo\":{\"@type\":\"ImageObject\",\"inLanguage\":\"en-GB\",\"@id\":\"https:\\\/\\\/www.revistarambla.com\\\/#\\\/schema\\\/logo\\\/image\\\/\",\"url\":\"https:\\\/\\\/www.revistarambla.com\\\/wp-content\\\/uploads\\\/2020\\\/09\\\/banner_rambla_1900x600_BB.png\",\"contentUrl\":\"https:\\\/\\\/www.revistarambla.com\\\/wp-content\\\/uploads\\\/2020\\\/09\\\/banner_rambla_1900x600_BB.png\",\"width\":1900,\"height\":600,\"caption\":\"Revista Rambla\"},\"image\":{\"@id\":\"https:\\\/\\\/www.revistarambla.com\\\/#\\\/schema\\\/logo\\\/image\\\/\"},\"sameAs\":[\"https:\\\/\\\/www.facebook.com\\\/revistarambla\\\/\",\"https:\\\/\\\/x.com\\\/revistarambla\",\"https:\\\/\\\/www.instagram.com\\\/revista_rambla\",\"https:\\\/\\\/es.linkedin.com\\\/company\\\/revista-rambla\"]},{\"@type\":\"Person\",\"@id\":\"https:\\\/\\\/www.revistarambla.com\\\/#\\\/schema\\\/person\\\/a146a5a2550b94981a75131180e1bd9c\",\"name\":\"R@mbla\",\"description\":\"Este art\u00edculo ha sido redactado y\\\/o validado por el equipo de redacci\u00f3n de Revista Rambla.\",\"sameAs\":[\"https:\\\/\\\/www.revistarambla.com\\\/\",\"https:\\\/\\\/www.facebook.com\\\/revistarambla\",\"https:\\\/\\\/x.com\\\/revistarambla\"]}]}<\/script>\n<!-- \/ Yoast SEO plugin. -->","yoast_head_json":{"title":"Israel veta la entrada del alcalde de Barcelona, Jaume Collboni - Revista Rambla","robots":{"index":"index","follow":"follow","max-snippet":"max-snippet:-1","max-image-preview":"max-image-preview:large","max-video-preview":"max-video-preview:-1"},"canonical":"https:\/\/www.revistarambla.com\/en\/israel-veta-la-entrada-del-alcalde-de-barcelona-jaume-collboni\/","og_locale":"en_GB","og_type":"article","og_title":"Israel veta la entrada del alcalde de Barcelona, Jaume Collboni - Revista Rambla","og_description":"Tensiones Diplom\u00e1ticas y el Compromiso con Palestina","og_url":"https:\/\/www.revistarambla.com\/en\/israel-veta-la-entrada-del-alcalde-de-barcelona-jaume-collboni\/","og_site_name":"Revista Rambla","article_publisher":"https:\/\/www.facebook.com\/revistarambla\/","article_author":"https:\/\/www.facebook.com\/revistarambla","article_published_time":"2025-08-22T18:32:10+00:00","og_image":[{"width":1900,"height":1069,"url":"https:\/\/www.revistarambla.com\/wp-content\/uploads\/2023\/06\/jaume-collboni-llegada-pleno-constitucion-ayuntamiento-barcelona_98.webp","type":"image\/webp"}],"author":"R@mbla","twitter_card":"summary_large_image","twitter_creator":"@revistarambla","twitter_site":"@revistarambla","twitter_misc":{"Written by":"R@mbla","Estimated reading time":"7 minutes"},"schema":{"@context":"https:\/\/schema.org","@graph":[{"@type":"Article","@id":"https:\/\/www.revistarambla.com\/israel-veta-la-entrada-del-alcalde-de-barcelona-jaume-collboni\/#article","isPartOf":{"@id":"https:\/\/www.revistarambla.com\/israel-veta-la-entrada-del-alcalde-de-barcelona-jaume-collboni\/"},"author":{"name":"R@mbla","@id":"https:\/\/www.revistarambla.com\/#\/schema\/person\/a146a5a2550b94981a75131180e1bd9c"},"headline":"Israel veta la entrada del alcalde de Barcelona, Jaume Collboni","datePublished":"2025-08-22T18:32:10+00:00","mainEntityOfPage":{"@id":"https:\/\/www.revistarambla.com\/israel-veta-la-entrada-del-alcalde-de-barcelona-jaume-collboni\/"},"wordCount":1581,"publisher":{"@id":"https:\/\/www.revistarambla.com\/#organization"},"image":{"@id":"https:\/\/www.revistarambla.com\/israel-veta-la-entrada-del-alcalde-de-barcelona-jaume-collboni\/#primaryimage"},"thumbnailUrl":"https:\/\/www.revistarambla.com\/wp-content\/uploads\/2023\/06\/jaume-collboni-llegada-pleno-constitucion-ayuntamiento-barcelona_98.webp","articleSection":["Barcelona"],"inLanguage":"en-GB"},{"@type":"WebPage","@id":"https:\/\/www.revistarambla.com\/israel-veta-la-entrada-del-alcalde-de-barcelona-jaume-collboni\/","url":"https:\/\/www.revistarambla.com\/israel-veta-la-entrada-del-alcalde-de-barcelona-jaume-collboni\/","name":"Israel veta la entrada del alcalde de Barcelona, Jaume Collboni - Revista Rambla","isPartOf":{"@id":"https:\/\/www.revistarambla.com\/#website"},"primaryImageOfPage":{"@id":"https:\/\/www.revistarambla.com\/israel-veta-la-entrada-del-alcalde-de-barcelona-jaume-collboni\/#primaryimage"},"image":{"@id":"https:\/\/www.revistarambla.com\/israel-veta-la-entrada-del-alcalde-de-barcelona-jaume-collboni\/#primaryimage"},"thumbnailUrl":"https:\/\/www.revistarambla.com\/wp-content\/uploads\/2023\/06\/jaume-collboni-llegada-pleno-constitucion-ayuntamiento-barcelona_98.webp","datePublished":"2025-08-22T18:32:10+00:00","breadcrumb":{"@id":"https:\/\/www.revistarambla.com\/israel-veta-la-entrada-del-alcalde-de-barcelona-jaume-collboni\/#breadcrumb"},"inLanguage":"en-GB","potentialAction":[{"@type":"ReadAction","target":["https:\/\/www.revistarambla.com\/israel-veta-la-entrada-del-alcalde-de-barcelona-jaume-collboni\/"]}]},{"@type":"ImageObject","inLanguage":"en-GB","@id":"https:\/\/www.revistarambla.com\/israel-veta-la-entrada-del-alcalde-de-barcelona-jaume-collboni\/#primaryimage","url":"https:\/\/www.revistarambla.com\/wp-content\/uploads\/2023\/06\/jaume-collboni-llegada-pleno-constitucion-ayuntamiento-barcelona_98.webp","contentUrl":"https:\/\/www.revistarambla.com\/wp-content\/uploads\/2023\/06\/jaume-collboni-llegada-pleno-constitucion-ayuntamiento-barcelona_98.webp","width":1900,"height":1069,"caption":"veto collboni israel"},{"@type":"BreadcrumbList","@id":"https:\/\/www.revistarambla.com\/israel-veta-la-entrada-del-alcalde-de-barcelona-jaume-collboni\/#breadcrumb","itemListElement":[{"@type":"ListItem","position":1,"name":"Portada","item":"https:\/\/www.revistarambla.com\/"},{"@type":"ListItem","position":2,"name":"Israel veta la entrada del alcalde de Barcelona, Jaume Collboni"}]},{"@type":"WebSite","@id":"https:\/\/www.revistarambla.com\/#website","url":"https:\/\/www.revistarambla.com\/","name":"Revista Rambla Barcelona","description":"Periodismo independiente","publisher":{"@id":"https:\/\/www.revistarambla.com\/#organization"},"potentialAction":[{"@type":"SearchAction","target":{"@type":"EntryPoint","urlTemplate":"https:\/\/www.revistarambla.com\/?s={search_term_string}"},"query-input":{"@type":"PropertyValueSpecification","valueRequired":true,"valueName":"search_term_string"}}],"inLanguage":"en-GB"},{"@type":"Organization","@id":"https:\/\/www.revistarambla.com\/#organization","name":"Revista Rambla","url":"https:\/\/www.revistarambla.com\/","logo":{"@type":"ImageObject","inLanguage":"en-GB","@id":"https:\/\/www.revistarambla.com\/#\/schema\/logo\/image\/","url":"https:\/\/www.revistarambla.com\/wp-content\/uploads\/2020\/09\/banner_rambla_1900x600_BB.png","contentUrl":"https:\/\/www.revistarambla.com\/wp-content\/uploads\/2020\/09\/banner_rambla_1900x600_BB.png","width":1900,"height":600,"caption":"Revista Rambla"},"image":{"@id":"https:\/\/www.revistarambla.com\/#\/schema\/logo\/image\/"},"sameAs":["https:\/\/www.facebook.com\/revistarambla\/","https:\/\/x.com\/revistarambla","https:\/\/www.instagram.com\/revista_rambla","https:\/\/es.linkedin.com\/company\/revista-rambla"]},{"@type":"Person","@id":"https:\/\/www.revistarambla.com\/#\/schema\/person\/a146a5a2550b94981a75131180e1bd9c","name":"R@mbla","description":"Este art\u00edculo ha sido redactado y\/o validado por el equipo de redacci\u00f3n de Revista Rambla.","sameAs":["https:\/\/www.revistarambla.com\/","https:\/\/www.facebook.com\/revistarambla","https:\/\/x.com\/revistarambla"]}]}},"_links":{"self":[{"href":"https:\/\/www.revistarambla.com\/en\/wp-json\/wp\/v2\/posts\/66245","targetHints":{"allow":["GET"]}}],"collection":[{"href":"https:\/\/www.revistarambla.com\/en\/wp-json\/wp\/v2\/posts"}],"about":[{"href":"https:\/\/www.revistarambla.com\/en\/wp-json\/wp\/v2\/types\/post"}],"author":[{"embeddable":true,"href":"https:\/\/www.revistarambla.com\/en\/wp-json\/wp\/v2\/users\/3"}],"replies":[{"embeddable":true,"href":"https:\/\/www.revistarambla.com\/en\/wp-json\/wp\/v2\/comments?post=66245"}],"version-history":[{"count":1,"href":"https:\/\/www.revistarambla.com\/en\/wp-json\/wp\/v2\/posts\/66245\/revisions"}],"predecessor-version":[{"id":66246,"href":"https:\/\/www.revistarambla.com\/en\/wp-json\/wp\/v2\/posts\/66245\/revisions\/66246"}],"wp:featuredmedia":[{"embeddable":true,"href":"https:\/\/www.revistarambla.com\/en\/wp-json\/wp\/v2\/media\/55536"}],"wp:attachment":[{"href":"https:\/\/www.revistarambla.com\/en\/wp-json\/wp\/v2\/media?parent=66245"}],"wp:term":[{"taxonomy":"category","embeddable":true,"href":"https:\/\/www.revistarambla.com\/en\/wp-json\/wp\/v2\/categories?post=66245"},{"taxonomy":"post_tag","embeddable":true,"href":"https:\/\/www.revistarambla.com\/en\/wp-json\/wp\/v2\/tags?post=66245"}],"curies":[{"name":"wp","href":"https:\/\/api.w.org\/{rel}","templated":true}]}}