{"id":66241,"date":"2025-08-22T20:23:42","date_gmt":"2025-08-22T18:23:42","guid":{"rendered":"https:\/\/www.revistarambla.com\/?p=66241"},"modified":"2025-09-06T00:17:19","modified_gmt":"2025-09-05T22:17:19","slug":"calella-celebra-el-festival-pionero-dedicado-a-la-armonica","status":"publish","type":"post","link":"https:\/\/www.revistarambla.com\/en\/calella-celebra-el-festival-pionero-dedicado-a-la-armonica\/","title":{"rendered":"Calella celebra el festival pionero dedicado a la arm\u00f3nica"},"content":{"rendered":"<p>Calella, la capital tur\u00edstica del Maresme, en Barcelona, vuelve a ser la capital europea de la arm\u00f3nica por unos d\u00edas, ya que celebra la cuarta edici\u00f3n del Calella Harm\u00f2nica Festival del 11 al 14 de septiembre. Es el \u00fanico festival dedicado exclusivamente a la arm\u00f3nica en todo el Estado y re\u00fane a los mejores armonistas de la escena internacional. Es hoy un punto de encuentro para m\u00fasicos profesionales, estudiantes y amantes del instrumento de todo el mundo. A trav\u00e9s de conciertos, formaci\u00f3n y actividades participativas, el festival reivindica la riqueza expresiva y cultural de este peque\u00f1o instrumento, pero inmensamente vers\u00e1til.<\/p>\n<p>Para conocer m\u00e1s detalles de esta cuarta edici\u00f3n, hablamos con su Director Art\u00edstico, el armonicista Joan Pau Cumellas. Est\u00e1 muy satisfecho de ver c\u00f3mo su proyecto se va consolidando y, antes de empezar esta cuarta edici\u00f3n, reconoce que \u201cya tenemos artistas en cartera esperando para el a\u00f1o que viene y hay una continuidad asegurada. El certamen se consolida. El a\u00f1o pasado ya llegamos a todo el mundo y empezamos a ser conocidos\u201d.<\/p>\n<p>Pero lo que m\u00e1s complace a Cumellas es que cada a\u00f1o se van introduciendo m\u00e1s estilos en el Calella Harm\u00f2nica Festival. Empez\u00f3 recogiendo el guante del Festival de Blues y Jazz de Calella, pero ahora ya acoge todo tipo de estilos que se pueden interpretar con este instrumento, desde la World Music al Country o a la m\u00fasica pop. En este sentido, el Director Art\u00edstico del certamen valora como muy enriquecedor que \u201ccada artista que viene es muy diferente a los dem\u00e1s y cada d\u00eda es una ocasi\u00f3n para ver cosas diferentes. Mi obsesi\u00f3n es descubrir la cara oculta de la arm\u00f3nica, porque este instrumento da para mucho. Este a\u00f1o el festival tendr\u00e1 mucho color\u201d.<\/p>\n<p>Analizando el programa de este festival, ya en su primer d\u00eda habr\u00e1 estilos diferentes interpretados con la arm\u00f3nica. Ser\u00e1 el jueves 11 de septiembre. Al coincidir con la Diada, habr\u00e1 una colaboraci\u00f3n con el \u201cCor Ess\u00e8ncia\u201d, dirigido por Lourdes Bartol\u00ed con la participaci\u00f3n de Joan Pau Cumellas. Ser\u00e1 un repertorio de pop-rock catal\u00e1n y alguna pieza tradicional. Ese mismo jueves 11 de septiembre se cierra el d\u00eda con un concierto breve, llamado \u201cArm\u00f3nica reuni\u00f3n\u201d, aprovechando que ya estar\u00e1n en Calella todos los artistas.<\/p>\n<p>El viernes ser\u00e1 el d\u00eda para la actuaci\u00f3n de un tr\u00edo de arm\u00f3nicas, una formaci\u00f3n poco habitual para este instrumento. Ser\u00e1 el turno de Crispy Aguirre (arm\u00f3nicas de acordes, crom\u00e1tica, diat\u00f3nica, Harmonetta y voz), Andr\u00e9s Chorny (arm\u00f3nica de bajo, crom\u00e1tica, piano y voz) y el portugu\u00e9s Ricardo Silva (crom\u00e1tica y diat\u00f3nica). Abraz\u00e1n g\u00e9neros como el tango, la milonga, el folclore y el jazz. Se trata de m\u00fasicos de alto nivel, con experiencia tanto en Argentina como en festivales de todo el mundo.<\/p>\n<p>Joan Pau Cumellas explica orgulloso que \u201cnunca hab\u00edamos tra\u00eddo un tr\u00edo de arm\u00f3nica orquestado. Una arm\u00f3nica hace los contrabajos, otra hace acordes y la tercera es el solista. Aprovechan para hacer m\u00fasica de ra\u00edz argentina, folklore argentino. Luego, tambi\u00e9n alg\u00fan tango y milonga tambi\u00e9n. Tambi\u00e9n algo de jazz\u201d.<\/p>\n<h2>Filip Jers<\/h2>\n<p>Despu\u00e9s de este tr\u00edo, ser\u00e1 el turno para el armonicista Filip Jers, uno de los armonistas m\u00e1s destacados del mundo y en la escena musical sueca. Su forma de tocar la arm\u00f3nica es \u00fanica por su arte y sonido, llena de emoci\u00f3n y juego. Su paleta musical es l\u00edrica, colorida y llena de contrastes. Jers fue el primer armonicista que se gradu\u00f3 en la Royal Academy of Music de Estocolmo y ha tocado en m\u00e1s de 30 pa\u00edses de todo el mundo.<br \/>\nFilip Jers toca en el Calella Harmonica Festival junto al guitarrista Emil Ernebro. Ambos m\u00fasicos se caracterizan por un enorme virtuosismo. Con gran entusiasmo, desarrollan un sonido incre\u00edblemente energ\u00e9tico en el escenario.<\/p>\n<p>El Blues m\u00e1s tradicional no puede faltar en una cita como la de Calella (Maresme) y Santos Puertas demostrar\u00e1 el toque ac\u00fastico cl\u00e1sico del Blues. Para cerrar el programa el viernes 12 de septiembre, uno de los dos miembros de The Suitcase Brothers no falta a su cita con Calella. Otro Bluesman que estar\u00e1 en Calella es el americano Greg Island. Dar\u00e1 otro toque de Blues puro al festival.<\/p>\n<p>El s\u00e1bado d\u00edas 13 de septiembre ser\u00e1 el turno para la harmonicista y compositora Ariel Bart, que combina el jazz cl\u00e1sico, la m\u00fasica cl\u00e1sica occidental y algunas reminiscencias de Oriente Medio, traspasando los l\u00edmites de la arm\u00f3nica y aventur\u00e1ndose en territorios inexplorados. Ariel sabe c\u00f3mo resaltar los sentimientos \u00fanicos que evoca su arm\u00f3nica: un toque de nostalgia con momentos de pura alegr\u00eda. Le acompa\u00f1an Arseny Rykov en el piano y Fabian Timm en el contrabajo.<\/p>\n<p>La sesi\u00f3n del s\u00e1bado incluye tambi\u00e9n un concierto de Cece Giannotti &amp; Apr\u00e8s Minuit. Gianotti actuar\u00e1 en Calella para presentar su \u00faltimo disco dedicado a la m\u00fasica italiana. Es un grupo completo. Habr\u00e1 pop, rock y Blues.<\/p>\n<h2>Exposici\u00f3n de Joan Linux<\/h2>\n<p>El domingo 14, nuevas clases impartidas por expertos y una Jam Session cerrar\u00e1n esta cuarta edici\u00f3n del Calella Harm\u00f2nica Festival. Estos d\u00edas, Calella ser\u00e1 el centro de muchas actividades paralelas relacionadas con la arm\u00f3nica. Desde demostraciones en los colegios a master classes para profesionales. Tambi\u00e9n se podr\u00e1 contemplar una exposici\u00f3n de fotograf\u00edas de Joan Linux: \u201cPreses falses, 40 anys de blues a Barcelona\u201d. Son fotos que Joan Linux ha ido recopilando durante estos a\u00f1os siguiendo de cerca la escena del Blues. Delante de su c\u00e1mara han pasado todos los artistas del pa\u00eds y ha seleccionado las mejoras tomas para esta exposici\u00f3n. Las recopil\u00f3 todas en un libro imprescindible.<\/p>\n<p>Para m\u00e1s informaci\u00f3n: <a href=\"http:\/\/www.calellaharmonicafestival.es\">www.calellaharmonicafestival.es<\/a><\/p>\n<p><img decoding=\"async\" class=\"aligncenter wp-image-66243 size-full\" src=\"https:\/\/www.revistarambla.com\/wp-content\/uploads\/2025\/08\/CARTEL-DEL-CALELLA-HARMONICA-FESTIVAL-2025.jpg\" alt=\"calella harm\u00f3nica\" width=\"1358\" height=\"1920\" srcset=\"https:\/\/www.revistarambla.com\/wp-content\/uploads\/2025\/08\/CARTEL-DEL-CALELLA-HARMONICA-FESTIVAL-2025.jpg 1358w, https:\/\/www.revistarambla.com\/wp-content\/uploads\/2025\/08\/CARTEL-DEL-CALELLA-HARMONICA-FESTIVAL-2025-258x365.jpg 258w, https:\/\/www.revistarambla.com\/wp-content\/uploads\/2025\/08\/CARTEL-DEL-CALELLA-HARMONICA-FESTIVAL-2025-594x840.jpg 594w, https:\/\/www.revistarambla.com\/wp-content\/uploads\/2025\/08\/CARTEL-DEL-CALELLA-HARMONICA-FESTIVAL-2025-768x1086.jpg 768w, https:\/\/www.revistarambla.com\/wp-content\/uploads\/2025\/08\/CARTEL-DEL-CALELLA-HARMONICA-FESTIVAL-2025-1086x1536.jpg 1086w, https:\/\/www.revistarambla.com\/wp-content\/uploads\/2025\/08\/CARTEL-DEL-CALELLA-HARMONICA-FESTIVAL-2025-8x12.jpg 8w\" sizes=\"(max-width: 1358px) 100vw, 1358px\" \/><\/p>","protected":false},"excerpt":{"rendered":"<p>Filip Jers y Ariel Bart son algunas de las estrellas de este instrumento que pasan por el certamen<\/p>","protected":false},"author":33,"featured_media":66242,"comment_status":"closed","ping_status":"closed","sticky":false,"template":"","format":"standard","meta":{"footnotes":""},"categories":[65],"tags":[],"class_list":["post-66241","post","type-post","status-publish","format-standard","has-post-thumbnail","hentry","category-musica"],"yoast_head":"<!-- This site is optimized with the Yoast SEO plugin v27.5 - https:\/\/yoast.com\/product\/yoast-seo-wordpress\/ -->\n<title>Calella celebra el festival pionero dedicado a la arm\u00f3nica - Revista Rambla<\/title>\n<meta name=\"robots\" content=\"index, follow, max-snippet:-1, max-image-preview:large, max-video-preview:-1\" \/>\n<link rel=\"canonical\" href=\"https:\/\/www.revistarambla.com\/en\/calella-celebra-el-festival-pionero-dedicado-a-la-armonica\/\" \/>\n<meta property=\"og:locale\" content=\"en_GB\" \/>\n<meta property=\"og:type\" content=\"article\" \/>\n<meta property=\"og:title\" content=\"Calella celebra el festival pionero dedicado a la arm\u00f3nica - Revista Rambla\" \/>\n<meta property=\"og:description\" content=\"Filip Jers y Ariel Bart son algunas de las estrellas de este instrumento que pasan por el certamen\" \/>\n<meta property=\"og:url\" content=\"https:\/\/www.revistarambla.com\/en\/calella-celebra-el-festival-pionero-dedicado-a-la-armonica\/\" \/>\n<meta property=\"og:site_name\" content=\"Revista Rambla\" \/>\n<meta property=\"article:publisher\" content=\"https:\/\/www.facebook.com\/revistarambla\/\" \/>\n<meta property=\"article:published_time\" content=\"2025-08-22T18:23:42+00:00\" \/>\n<meta property=\"article:modified_time\" content=\"2025-09-05T22:17:19+00:00\" \/>\n<meta property=\"og:image\" content=\"https:\/\/www.revistarambla.com\/wp-content\/uploads\/2025\/08\/Joan-Pau-Cumellas-foto-de-Joan-Linux.jpg\" \/>\n\t<meta property=\"og:image:width\" content=\"1275\" \/>\n\t<meta property=\"og:image:height\" content=\"859\" \/>\n\t<meta property=\"og:image:type\" content=\"image\/jpeg\" \/>\n<meta name=\"author\" content=\"\u00c0lex M. Franquet\" \/>\n<meta name=\"twitter:card\" content=\"summary_large_image\" \/>\n<meta name=\"twitter:creator\" content=\"@revistarambla\" \/>\n<meta name=\"twitter:site\" content=\"@revistarambla\" \/>\n<meta name=\"twitter:label1\" content=\"Written by\" \/>\n\t<meta name=\"twitter:data1\" content=\"\u00c0lex M. Franquet\" \/>\n\t<meta name=\"twitter:label2\" content=\"Estimated reading time\" \/>\n\t<meta name=\"twitter:data2\" content=\"5 minutes\" \/>\n<script type=\"application\/ld+json\" class=\"yoast-schema-graph\">{\"@context\":\"https:\\\/\\\/schema.org\",\"@graph\":[{\"@type\":\"Article\",\"@id\":\"https:\\\/\\\/www.revistarambla.com\\\/calella-celebra-el-festival-pionero-dedicado-a-la-armonica\\\/#article\",\"isPartOf\":{\"@id\":\"https:\\\/\\\/www.revistarambla.com\\\/calella-celebra-el-festival-pionero-dedicado-a-la-armonica\\\/\"},\"author\":{\"name\":\"\u00c0lex M. Franquet\",\"@id\":\"https:\\\/\\\/www.revistarambla.com\\\/#\\\/schema\\\/person\\\/f970e20c8f452a7910eb4defa5fe7d7d\"},\"headline\":\"Calella celebra el festival pionero dedicado a la arm\u00f3nica\",\"datePublished\":\"2025-08-22T18:23:42+00:00\",\"dateModified\":\"2025-09-05T22:17:19+00:00\",\"mainEntityOfPage\":{\"@id\":\"https:\\\/\\\/www.revistarambla.com\\\/calella-celebra-el-festival-pionero-dedicado-a-la-armonica\\\/\"},\"wordCount\":1031,\"publisher\":{\"@id\":\"https:\\\/\\\/www.revistarambla.com\\\/#organization\"},\"image\":{\"@id\":\"https:\\\/\\\/www.revistarambla.com\\\/calella-celebra-el-festival-pionero-dedicado-a-la-armonica\\\/#primaryimage\"},\"thumbnailUrl\":\"https:\\\/\\\/www.revistarambla.com\\\/wp-content\\\/uploads\\\/2025\\\/08\\\/Joan-Pau-Cumellas-foto-de-Joan-Linux.jpg\",\"articleSection\":[\"M\u00fasica\"],\"inLanguage\":\"en-GB\"},{\"@type\":\"WebPage\",\"@id\":\"https:\\\/\\\/www.revistarambla.com\\\/calella-celebra-el-festival-pionero-dedicado-a-la-armonica\\\/\",\"url\":\"https:\\\/\\\/www.revistarambla.com\\\/calella-celebra-el-festival-pionero-dedicado-a-la-armonica\\\/\",\"name\":\"Calella celebra el festival pionero dedicado a la arm\u00f3nica - Revista Rambla\",\"isPartOf\":{\"@id\":\"https:\\\/\\\/www.revistarambla.com\\\/#website\"},\"primaryImageOfPage\":{\"@id\":\"https:\\\/\\\/www.revistarambla.com\\\/calella-celebra-el-festival-pionero-dedicado-a-la-armonica\\\/#primaryimage\"},\"image\":{\"@id\":\"https:\\\/\\\/www.revistarambla.com\\\/calella-celebra-el-festival-pionero-dedicado-a-la-armonica\\\/#primaryimage\"},\"thumbnailUrl\":\"https:\\\/\\\/www.revistarambla.com\\\/wp-content\\\/uploads\\\/2025\\\/08\\\/Joan-Pau-Cumellas-foto-de-Joan-Linux.jpg\",\"datePublished\":\"2025-08-22T18:23:42+00:00\",\"dateModified\":\"2025-09-05T22:17:19+00:00\",\"breadcrumb\":{\"@id\":\"https:\\\/\\\/www.revistarambla.com\\\/calella-celebra-el-festival-pionero-dedicado-a-la-armonica\\\/#breadcrumb\"},\"inLanguage\":\"en-GB\",\"potentialAction\":[{\"@type\":\"ReadAction\",\"target\":[\"https:\\\/\\\/www.revistarambla.com\\\/calella-celebra-el-festival-pionero-dedicado-a-la-armonica\\\/\"]}]},{\"@type\":\"ImageObject\",\"inLanguage\":\"en-GB\",\"@id\":\"https:\\\/\\\/www.revistarambla.com\\\/calella-celebra-el-festival-pionero-dedicado-a-la-armonica\\\/#primaryimage\",\"url\":\"https:\\\/\\\/www.revistarambla.com\\\/wp-content\\\/uploads\\\/2025\\\/08\\\/Joan-Pau-Cumellas-foto-de-Joan-Linux.jpg\",\"contentUrl\":\"https:\\\/\\\/www.revistarambla.com\\\/wp-content\\\/uploads\\\/2025\\\/08\\\/Joan-Pau-Cumellas-foto-de-Joan-Linux.jpg\",\"width\":1275,\"height\":859,\"caption\":\"calella harm\u00f3nica\"},{\"@type\":\"BreadcrumbList\",\"@id\":\"https:\\\/\\\/www.revistarambla.com\\\/calella-celebra-el-festival-pionero-dedicado-a-la-armonica\\\/#breadcrumb\",\"itemListElement\":[{\"@type\":\"ListItem\",\"position\":1,\"name\":\"Portada\",\"item\":\"https:\\\/\\\/www.revistarambla.com\\\/\"},{\"@type\":\"ListItem\",\"position\":2,\"name\":\"Calella celebra el festival pionero dedicado a la arm\u00f3nica\"}]},{\"@type\":\"WebSite\",\"@id\":\"https:\\\/\\\/www.revistarambla.com\\\/#website\",\"url\":\"https:\\\/\\\/www.revistarambla.com\\\/\",\"name\":\"Revista Rambla Barcelona\",\"description\":\"Periodismo independiente\",\"publisher\":{\"@id\":\"https:\\\/\\\/www.revistarambla.com\\\/#organization\"},\"potentialAction\":[{\"@type\":\"SearchAction\",\"target\":{\"@type\":\"EntryPoint\",\"urlTemplate\":\"https:\\\/\\\/www.revistarambla.com\\\/?s={search_term_string}\"},\"query-input\":{\"@type\":\"PropertyValueSpecification\",\"valueRequired\":true,\"valueName\":\"search_term_string\"}}],\"inLanguage\":\"en-GB\"},{\"@type\":\"Organization\",\"@id\":\"https:\\\/\\\/www.revistarambla.com\\\/#organization\",\"name\":\"Revista Rambla\",\"url\":\"https:\\\/\\\/www.revistarambla.com\\\/\",\"logo\":{\"@type\":\"ImageObject\",\"inLanguage\":\"en-GB\",\"@id\":\"https:\\\/\\\/www.revistarambla.com\\\/#\\\/schema\\\/logo\\\/image\\\/\",\"url\":\"https:\\\/\\\/www.revistarambla.com\\\/wp-content\\\/uploads\\\/2020\\\/09\\\/banner_rambla_1900x600_BB.png\",\"contentUrl\":\"https:\\\/\\\/www.revistarambla.com\\\/wp-content\\\/uploads\\\/2020\\\/09\\\/banner_rambla_1900x600_BB.png\",\"width\":1900,\"height\":600,\"caption\":\"Revista Rambla\"},\"image\":{\"@id\":\"https:\\\/\\\/www.revistarambla.com\\\/#\\\/schema\\\/logo\\\/image\\\/\"},\"sameAs\":[\"https:\\\/\\\/www.facebook.com\\\/revistarambla\\\/\",\"https:\\\/\\\/x.com\\\/revistarambla\",\"https:\\\/\\\/www.instagram.com\\\/revista_rambla\",\"https:\\\/\\\/es.linkedin.com\\\/company\\\/revista-rambla\"]},{\"@type\":\"Person\",\"@id\":\"https:\\\/\\\/www.revistarambla.com\\\/#\\\/schema\\\/person\\\/f970e20c8f452a7910eb4defa5fe7d7d\",\"name\":\"\u00c0lex M. Franquet\",\"description\":\"-\",\"sameAs\":[\"https:\\\/\\\/www.revistarambla.com\\\/\"]}]}<\/script>\n<!-- \/ Yoast SEO plugin. -->","yoast_head_json":{"title":"Calella celebra el festival pionero dedicado a la arm\u00f3nica - Revista Rambla","robots":{"index":"index","follow":"follow","max-snippet":"max-snippet:-1","max-image-preview":"max-image-preview:large","max-video-preview":"max-video-preview:-1"},"canonical":"https:\/\/www.revistarambla.com\/en\/calella-celebra-el-festival-pionero-dedicado-a-la-armonica\/","og_locale":"en_GB","og_type":"article","og_title":"Calella celebra el festival pionero dedicado a la arm\u00f3nica - Revista Rambla","og_description":"Filip Jers y Ariel Bart son algunas de las estrellas de este instrumento que pasan por el certamen","og_url":"https:\/\/www.revistarambla.com\/en\/calella-celebra-el-festival-pionero-dedicado-a-la-armonica\/","og_site_name":"Revista Rambla","article_publisher":"https:\/\/www.facebook.com\/revistarambla\/","article_published_time":"2025-08-22T18:23:42+00:00","article_modified_time":"2025-09-05T22:17:19+00:00","og_image":[{"width":1275,"height":859,"url":"https:\/\/www.revistarambla.com\/wp-content\/uploads\/2025\/08\/Joan-Pau-Cumellas-foto-de-Joan-Linux.jpg","type":"image\/jpeg"}],"author":"\u00c0lex M. Franquet","twitter_card":"summary_large_image","twitter_creator":"@revistarambla","twitter_site":"@revistarambla","twitter_misc":{"Written by":"\u00c0lex M. Franquet","Estimated reading time":"5 minutes"},"schema":{"@context":"https:\/\/schema.org","@graph":[{"@type":"Article","@id":"https:\/\/www.revistarambla.com\/calella-celebra-el-festival-pionero-dedicado-a-la-armonica\/#article","isPartOf":{"@id":"https:\/\/www.revistarambla.com\/calella-celebra-el-festival-pionero-dedicado-a-la-armonica\/"},"author":{"name":"\u00c0lex M. Franquet","@id":"https:\/\/www.revistarambla.com\/#\/schema\/person\/f970e20c8f452a7910eb4defa5fe7d7d"},"headline":"Calella celebra el festival pionero dedicado a la arm\u00f3nica","datePublished":"2025-08-22T18:23:42+00:00","dateModified":"2025-09-05T22:17:19+00:00","mainEntityOfPage":{"@id":"https:\/\/www.revistarambla.com\/calella-celebra-el-festival-pionero-dedicado-a-la-armonica\/"},"wordCount":1031,"publisher":{"@id":"https:\/\/www.revistarambla.com\/#organization"},"image":{"@id":"https:\/\/www.revistarambla.com\/calella-celebra-el-festival-pionero-dedicado-a-la-armonica\/#primaryimage"},"thumbnailUrl":"https:\/\/www.revistarambla.com\/wp-content\/uploads\/2025\/08\/Joan-Pau-Cumellas-foto-de-Joan-Linux.jpg","articleSection":["M\u00fasica"],"inLanguage":"en-GB"},{"@type":"WebPage","@id":"https:\/\/www.revistarambla.com\/calella-celebra-el-festival-pionero-dedicado-a-la-armonica\/","url":"https:\/\/www.revistarambla.com\/calella-celebra-el-festival-pionero-dedicado-a-la-armonica\/","name":"Calella celebra el festival pionero dedicado a la arm\u00f3nica - Revista Rambla","isPartOf":{"@id":"https:\/\/www.revistarambla.com\/#website"},"primaryImageOfPage":{"@id":"https:\/\/www.revistarambla.com\/calella-celebra-el-festival-pionero-dedicado-a-la-armonica\/#primaryimage"},"image":{"@id":"https:\/\/www.revistarambla.com\/calella-celebra-el-festival-pionero-dedicado-a-la-armonica\/#primaryimage"},"thumbnailUrl":"https:\/\/www.revistarambla.com\/wp-content\/uploads\/2025\/08\/Joan-Pau-Cumellas-foto-de-Joan-Linux.jpg","datePublished":"2025-08-22T18:23:42+00:00","dateModified":"2025-09-05T22:17:19+00:00","breadcrumb":{"@id":"https:\/\/www.revistarambla.com\/calella-celebra-el-festival-pionero-dedicado-a-la-armonica\/#breadcrumb"},"inLanguage":"en-GB","potentialAction":[{"@type":"ReadAction","target":["https:\/\/www.revistarambla.com\/calella-celebra-el-festival-pionero-dedicado-a-la-armonica\/"]}]},{"@type":"ImageObject","inLanguage":"en-GB","@id":"https:\/\/www.revistarambla.com\/calella-celebra-el-festival-pionero-dedicado-a-la-armonica\/#primaryimage","url":"https:\/\/www.revistarambla.com\/wp-content\/uploads\/2025\/08\/Joan-Pau-Cumellas-foto-de-Joan-Linux.jpg","contentUrl":"https:\/\/www.revistarambla.com\/wp-content\/uploads\/2025\/08\/Joan-Pau-Cumellas-foto-de-Joan-Linux.jpg","width":1275,"height":859,"caption":"calella harm\u00f3nica"},{"@type":"BreadcrumbList","@id":"https:\/\/www.revistarambla.com\/calella-celebra-el-festival-pionero-dedicado-a-la-armonica\/#breadcrumb","itemListElement":[{"@type":"ListItem","position":1,"name":"Portada","item":"https:\/\/www.revistarambla.com\/"},{"@type":"ListItem","position":2,"name":"Calella celebra el festival pionero dedicado a la arm\u00f3nica"}]},{"@type":"WebSite","@id":"https:\/\/www.revistarambla.com\/#website","url":"https:\/\/www.revistarambla.com\/","name":"Revista Rambla Barcelona","description":"Periodismo independiente","publisher":{"@id":"https:\/\/www.revistarambla.com\/#organization"},"potentialAction":[{"@type":"SearchAction","target":{"@type":"EntryPoint","urlTemplate":"https:\/\/www.revistarambla.com\/?s={search_term_string}"},"query-input":{"@type":"PropertyValueSpecification","valueRequired":true,"valueName":"search_term_string"}}],"inLanguage":"en-GB"},{"@type":"Organization","@id":"https:\/\/www.revistarambla.com\/#organization","name":"Revista Rambla","url":"https:\/\/www.revistarambla.com\/","logo":{"@type":"ImageObject","inLanguage":"en-GB","@id":"https:\/\/www.revistarambla.com\/#\/schema\/logo\/image\/","url":"https:\/\/www.revistarambla.com\/wp-content\/uploads\/2020\/09\/banner_rambla_1900x600_BB.png","contentUrl":"https:\/\/www.revistarambla.com\/wp-content\/uploads\/2020\/09\/banner_rambla_1900x600_BB.png","width":1900,"height":600,"caption":"Revista Rambla"},"image":{"@id":"https:\/\/www.revistarambla.com\/#\/schema\/logo\/image\/"},"sameAs":["https:\/\/www.facebook.com\/revistarambla\/","https:\/\/x.com\/revistarambla","https:\/\/www.instagram.com\/revista_rambla","https:\/\/es.linkedin.com\/company\/revista-rambla"]},{"@type":"Person","@id":"https:\/\/www.revistarambla.com\/#\/schema\/person\/f970e20c8f452a7910eb4defa5fe7d7d","name":"\u00c0lex M. Franquet","description":"-","sameAs":["https:\/\/www.revistarambla.com\/"]}]}},"_links":{"self":[{"href":"https:\/\/www.revistarambla.com\/en\/wp-json\/wp\/v2\/posts\/66241","targetHints":{"allow":["GET"]}}],"collection":[{"href":"https:\/\/www.revistarambla.com\/en\/wp-json\/wp\/v2\/posts"}],"about":[{"href":"https:\/\/www.revistarambla.com\/en\/wp-json\/wp\/v2\/types\/post"}],"author":[{"embeddable":true,"href":"https:\/\/www.revistarambla.com\/en\/wp-json\/wp\/v2\/users\/33"}],"replies":[{"embeddable":true,"href":"https:\/\/www.revistarambla.com\/en\/wp-json\/wp\/v2\/comments?post=66241"}],"version-history":[{"count":2,"href":"https:\/\/www.revistarambla.com\/en\/wp-json\/wp\/v2\/posts\/66241\/revisions"}],"predecessor-version":[{"id":66451,"href":"https:\/\/www.revistarambla.com\/en\/wp-json\/wp\/v2\/posts\/66241\/revisions\/66451"}],"wp:featuredmedia":[{"embeddable":true,"href":"https:\/\/www.revistarambla.com\/en\/wp-json\/wp\/v2\/media\/66242"}],"wp:attachment":[{"href":"https:\/\/www.revistarambla.com\/en\/wp-json\/wp\/v2\/media?parent=66241"}],"wp:term":[{"taxonomy":"category","embeddable":true,"href":"https:\/\/www.revistarambla.com\/en\/wp-json\/wp\/v2\/categories?post=66241"},{"taxonomy":"post_tag","embeddable":true,"href":"https:\/\/www.revistarambla.com\/en\/wp-json\/wp\/v2\/tags?post=66241"}],"curies":[{"name":"wp","href":"https:\/\/api.w.org\/{rel}","templated":true}]}}