{"id":66238,"date":"2025-08-21T20:36:19","date_gmt":"2025-08-21T18:36:19","guid":{"rendered":"https:\/\/www.revistarambla.com\/?p=66238"},"modified":"2025-08-22T20:43:46","modified_gmt":"2025-08-22T18:43:46","slug":"la-ultima-bala-de-la-republica","status":"publish","type":"post","link":"https:\/\/www.revistarambla.com\/en\/la-ultima-bala-de-la-republica\/","title":{"rendered":"La \u00faltima bala de la Rep\u00fablica"},"content":{"rendered":"<p>En el oto\u00f1o de 1944, mientras Europa se convulsionaba con los estertores de la Segunda Guerra Mundial, un grupo de exiliados espa\u00f1oles, curtidos en la lucha contra el nazismo en Francia, decidi\u00f3 lanzar un audaz golpe contra la dictadura de Francisco Franco. Conocida como la Operaci\u00f3n Reconquista de Espa\u00f1a, esta incursi\u00f3n en el Valle de Ar\u00e1n represent\u00f3 el \u00faltimo intento militar organizado por las fuerzas republicanas para derrocar al r\u00e9gimen franquista. Promovida por la Uni\u00f3n Nacional Espa\u00f1ola (UNE), una organizaci\u00f3n antifranquista impulsada principalmente por el Partido Comunista de Espa\u00f1a (PCE), la invasi\u00f3n buscaba conquistar un territorio estrat\u00e9gico entre los r\u00edos Cinca y Segre, establecer un gobierno provisional de la Rep\u00fablica y desencadenar un levantamiento popular generalizado. Sin embargo, las expectativas de los maquis \u2013las milicias antifascistas formadas por guerrilleros espa\u00f1oles\u2013 chocaron con la realidad de un pa\u00eds exhausto y un contexto internacional que no favoreci\u00f3 sus ambiciones.<\/p>\n<h2>Del Exilio a la Resistencia<\/h2>\n<p>La guerra civil espa\u00f1ola (1936-1939) dej\u00f3 un saldo de destrucci\u00f3n y divisi\u00f3n que perdurar\u00eda d\u00e9cadas. La victoria de Franco en abril de 1939 forz\u00f3 a cientos de miles de republicanos a exiliarse, principalmente en Francia. All\u00ed, muchos se unieron a la Resistencia francesa contra la ocupaci\u00f3n nazi durante la Segunda Guerra Mundial. Estos combatientes, conocidos como maquis (del franc\u00e9s \u00ab<a href=\"https:\/\/www.revistarambla.com\/en\/75-anos-de-los-fusilamientos-de-eysses\/\">maquisard<\/a>\u00ab, refiri\u00e9ndose a los guerrilleros que operaban en el monte), acumularon experiencia en sabotajes, emboscadas y combates irregulares. La Agrupaci\u00f3n de Guerrilleros Espa\u00f1oles (AGE), integrada por unos 9.000 hombres, jug\u00f3 un papel crucial en la liberaci\u00f3n del sur de Francia en 1944, incluyendo la toma de ciudades como Toulouse y Foix.<\/p>\n<p>El avance aliado tras el Desembarco de Normand\u00eda el 6 de junio de 1944 aviv\u00f3 las esperanzas de los exiliados. Par\u00eds fue liberada en agosto, y unidades como la 2\u00aa Divisi\u00f3n Blindada del general Leclerc, con fuerte presencia espa\u00f1ola, simbolizaban el triunfo sobre el fascismo. En este clima de euforia, l\u00edderes como Jes\u00fas Monz\u00f3n, delegado del PCE en Francia, vieron una oportunidad para extender la lucha a Espa\u00f1a. Monz\u00f3n, quien hab\u00eda reorganizado la resistencia republicana en el exilio, cre\u00eda que el pa\u00eds estaba en una \u00abetapa prerrevolucionaria\u00bb y que un impulso externo bastar\u00eda para provocar una insurrecci\u00f3n popular y la deserci\u00f3n de aliados de Franco hacia la UNE. La UNE, creada en 1942, no era solo comunista; un\u00eda a socialistas, republicanos y anarquistas dispersos por la guerra, formando una \u00abgran alianza\u00bb contra el nazismo y el franquismo, seg\u00fan la historiadora Genevi\u00e8ve Dreyfus-Armand.<\/p>\n<p>Los maquis confiaban en el descontento popular contra Franco, agravado por la posguerra, el hambre y la represi\u00f3n. Adem\u00e1s, esperaban intervenci\u00f3n aliada: con los nazis en retirada, cre\u00edan que Estados Unidos y Gran Breta\u00f1a, aliados contra Hitler, no tolerar\u00edan un r\u00e9gimen fascista en Espa\u00f1a. Proclamas desde Radio Toulouse, controlada por la UNE, y discursos de figuras como el general Jos\u00e9 Riquelme alimentaban esta ilusi\u00f3n. Sin embargo, informes internos advert\u00edan de la improbabilidad de un alzamiento masivo, y algunos l\u00edderes comunistas se opon\u00edan al plan por su precipitaci\u00f3n.<\/p>\n<h2>El Plan: Operaci\u00f3n Reconquista de Espa\u00f1a<\/h2>\n<p>La operaci\u00f3n se gest\u00f3 en Toulouse y Foix, donde se concentraron unos 13.000 veteranos espa\u00f1oles. De ellos, entre 4.000 y 7.000 voluntarios se seleccionaron para la invasi\u00f3n principal, organizada en \u00abbrigadas\u00bb y \u00abdivisiones\u00bb \u2013t\u00e9rminos propagand\u00edsticos para unidades de unos pocos cientos de hombres cada una. El mando militar recay\u00f3 en el coronel Vicente L\u00f3pez Tovar, un veterano del Ej\u00e9rcito Popular Republicano y h\u00e9roe de la Resistencia francesa, condecorado por sus acciones en la liberaci\u00f3n de Royan.<\/p>\n<p>El objetivo era conquistar el Valle de Ar\u00e1n, en los Pirineos catalanes, un enclave estrat\u00e9gico por su aislamiento: conectado con Espa\u00f1a solo por el puerto de La Bonaigua y f\u00e1cilmente accesible desde Francia. El plan consist\u00eda en entrar por la frontera francesa el 19 de octubre de 1944, tomar el territorio entre los r\u00edos Cinca y Segre, y proclamar un gobierno provisional republicano en Viella, la capital del valle. Desde all\u00ed, se esperaba que el invierno aislara el \u00e1rea de refuerzos franquistas, permitiendo consolidar la posici\u00f3n y desencadenar revueltas en otras regiones. Incursiones secundarias a lo largo de la frontera pirenaica distraer\u00edan a las fuerzas de Franco.<\/p>\n<p>El armamento era limitado: fusiles, ametralladoras y morteros capturados a los alemanes, pero insuficiente frente a un ej\u00e9rcito regular. La estrategia apostaba por la sorpresa y el apoyo popular, asumiendo que el \u00absupuesto descontento\u00bb contra Franco llevar\u00eda a alzamientos en ciudades como Barcelona o Madrid. Adem\u00e1s, se contaba con el respaldo aliado, creyendo que la presencia de un gobierno republicano en suelo espa\u00f1ol forzar\u00eda una intervenci\u00f3n similar a la de Italia o Grecia.<\/p>\n<h2>El Desarrollo de la Invasi\u00f3n<\/h2>\n<p>La fase preparatoria comenz\u00f3 el 3 de octubre con incursiones menores en Navarra y el Pa\u00eds Vasco. La 45\u00aa o 153\u00aa Brigada (250-400 hombres) entr\u00f3 por Roncesvalles, chocando con la Guardia Civil y causando bajas limitadas antes de retirarse. Otras brigadas, como la 54\u00aa en el valle de Roncal y la 10\u00aa en el Pa\u00eds Vasco, enfrentaron resistencia y falta de apoyo civil, sufriendo p\u00e9rdidas significativas \u2013la 10\u00aa perdi\u00f3 21 hombres y a su comandante, Francisco Cavero.<\/p>\n<p>El asalto principal se lanz\u00f3 el 19 de octubre a las 6 de la ma\u00f1ana. La 204\u00aa Divisi\u00f3n de Guerrilleros, al mando de L\u00f3pez Tovar, avanz\u00f3 en tres columnas: la principal hacia Viella con brigadas como la 7\u00aa, 9\u00aa, 11\u00aa y 551\u00aa; la segunda por el valle del G\u00e1llego con la 21\u00aa y 468\u00aa; y la tercera por el Port Vell de L\u00e9rida con la 3\u00aa y 402\u00aa. El progreso inicial fue r\u00e1pido: ocuparon pueblos como Baus\u00e9n, Canej\u00e1n, Les, Boss\u00f2st y Salard\u00fa, estableciendo un cuartel en Boss\u00f2st el 20 de octubre. La 11\u00aa Brigada bloque\u00f3 refuerzos en el Hospital de Viella, capturando puestos de la Guardia Civil y tomando prisioneros.<\/p>\n<p>Sin embargo, los combates se intensificaron. En Salard\u00fa y Las Bordas, la 9\u00aa Brigada luch\u00f3 con dureza, pero no pudo avanzar. La resistencia franquista, bajo el general Jos\u00e9 Moscard\u00f3, se organiz\u00f3 r\u00e1pidamente: Franco moviliz\u00f3 hasta 50.000 hombres, incluyendo tropas de \u00e9lite como la Legi\u00f3n y divisiones marroqu\u00edes, apoyadas por artiller\u00eda pesada. El puerto de La Bonaigua se convirti\u00f3 en un cuello de botella impenetrable, donde los maquis fueron bombardeados sin poder progresar hacia las tierras bajas.<\/p>\n<h2>Retirada<\/h2>\n<p>Para el 24 de octubre, el avance se estanc\u00f3. No hubo levantamientos populares: la poblaci\u00f3n local, temerosa de represalias, no se uni\u00f3, y el descontento contra Franco no se tradujo en acci\u00f3n armada. Los aliados, ocupados en Alemania, ignoraron las s\u00faplicas; Winston Churchill y Franklin D. Roosevelt priorizaban la estabilidad en Europa occidental, y Franco hab\u00eda roto lazos con Hitler para aparentar neutralidad.<\/p>\n<p>L\u00f3pez Tovar orden\u00f3 la retirada el 28 de octubre, tras solo nueve d\u00edas de ocupaci\u00f3n parcial. Los maquis se replegaron a Francia por el Puente del Rey, dejando atr\u00e1s equipo y heridos. Las bajas fueron elevadas: fuentes estiman 129 a 588 muertos entre los guerrilleros, con 800 capturados; las fuerzas franquistas perdieron alrededor de 248-300 hombres. El fracaso se atribuye a varios factores: subestimaci\u00f3n de la lealtad del ej\u00e9rcito franquista, falta de armamento pesado, ausencia de apoyo a\u00e9reo y, sobre todo, la ilusi\u00f3n de un levantamiento espont\u00e1neo.<\/p>\n<p>La invasi\u00f3n marc\u00f3 el fin de las grandes operaciones de invasi\u00f3n por parte del PCE. Monz\u00f3n fue purgado por el partido, acusado de \u00abaventurismo\u00bb, y el foco se desplaz\u00f3 a la guerrilla interna en Espa\u00f1a, que persisti\u00f3 hasta los a\u00f1os 50 pero con menor intensidad. Franco utiliz\u00f3 el episodio para reforzar su represi\u00f3n, ejecutando a prisioneros y propagandizando la \u00abinvasi\u00f3n comunista\u00bb para justificar su r\u00e9gimen.<\/p>\n<p>Hist\u00f3ricamente, la Operaci\u00f3n Reconquista de Espa\u00f1a simboliza la tenacidad de los exiliados republicanos y el aislamiento de Espa\u00f1a en la posguerra. Como se\u00f1ala el historiador Hartmut Heine, fue un \u00abintento desesperado\u00bb en un momento de transici\u00f3n global. Hoy, monumentos en Boss\u00f2st y Viella recuerdan a los ca\u00eddos, y documentales como \u00abValle de Ar\u00e1n, octubre del 44\u00bb reviven esta \u00ab\u00faltima bala de la Rep\u00fablica\u00bb.<\/p>","protected":false},"excerpt":{"rendered":"<p>La invasi\u00f3n de la Vall d&#8217;Aran, el sue\u00f1o fallido de los maquis espa\u00f1oles<\/p>","protected":false},"author":3,"featured_media":66239,"comment_status":"closed","ping_status":"closed","sticky":false,"template":"","format":"standard","meta":{"footnotes":""},"categories":[562],"tags":[],"class_list":["post-66238","post","type-post","status-publish","format-standard","has-post-thumbnail","hentry","category-historia"],"yoast_head":"<!-- This site is optimized with the Yoast SEO plugin v27.5 - https:\/\/yoast.com\/product\/yoast-seo-wordpress\/ -->\n<title>La \u00faltima bala de la Rep\u00fablica - Revista Rambla<\/title>\n<meta name=\"robots\" content=\"index, follow, max-snippet:-1, max-image-preview:large, max-video-preview:-1\" \/>\n<link rel=\"canonical\" href=\"https:\/\/www.revistarambla.com\/en\/la-ultima-bala-de-la-republica\/\" \/>\n<meta property=\"og:locale\" content=\"en_GB\" \/>\n<meta property=\"og:type\" content=\"article\" \/>\n<meta property=\"og:title\" content=\"La \u00faltima bala de la Rep\u00fablica - Revista Rambla\" \/>\n<meta property=\"og:description\" content=\"La invasi\u00f3n de la Vall d&#039;Aran, el sue\u00f1o fallido de los maquis espa\u00f1oles\" \/>\n<meta property=\"og:url\" content=\"https:\/\/www.revistarambla.com\/en\/la-ultima-bala-de-la-republica\/\" \/>\n<meta property=\"og:site_name\" content=\"Revista Rambla\" \/>\n<meta property=\"article:publisher\" content=\"https:\/\/www.facebook.com\/revistarambla\/\" \/>\n<meta property=\"article:author\" content=\"https:\/\/www.facebook.com\/revistarambla\" \/>\n<meta property=\"article:published_time\" content=\"2025-08-21T18:36:19+00:00\" \/>\n<meta property=\"article:modified_time\" content=\"2025-08-22T18:43:46+00:00\" \/>\n<meta property=\"og:image\" content=\"https:\/\/www.revistarambla.com\/wp-content\/uploads\/2025\/08\/invasion-valle-aran.jpg\" \/>\n\t<meta property=\"og:image:width\" content=\"990\" \/>\n\t<meta property=\"og:image:height\" content=\"660\" \/>\n\t<meta property=\"og:image:type\" content=\"image\/jpeg\" \/>\n<meta name=\"author\" content=\"R@mbla\" \/>\n<meta name=\"twitter:card\" content=\"summary_large_image\" \/>\n<meta name=\"twitter:creator\" content=\"@revistarambla\" \/>\n<meta name=\"twitter:site\" content=\"@revistarambla\" \/>\n<meta name=\"twitter:label1\" content=\"Written by\" \/>\n\t<meta name=\"twitter:data1\" content=\"R@mbla\" \/>\n\t<meta name=\"twitter:label2\" content=\"Estimated reading time\" \/>\n\t<meta name=\"twitter:data2\" content=\"7 minutes\" \/>\n<script type=\"application\/ld+json\" class=\"yoast-schema-graph\">{\"@context\":\"https:\\\/\\\/schema.org\",\"@graph\":[{\"@type\":\"Article\",\"@id\":\"https:\\\/\\\/www.revistarambla.com\\\/la-ultima-bala-de-la-republica\\\/#article\",\"isPartOf\":{\"@id\":\"https:\\\/\\\/www.revistarambla.com\\\/la-ultima-bala-de-la-republica\\\/\"},\"author\":{\"name\":\"R@mbla\",\"@id\":\"https:\\\/\\\/www.revistarambla.com\\\/#\\\/schema\\\/person\\\/a146a5a2550b94981a75131180e1bd9c\"},\"headline\":\"La \u00faltima bala de la Rep\u00fablica\",\"datePublished\":\"2025-08-21T18:36:19+00:00\",\"dateModified\":\"2025-08-22T18:43:46+00:00\",\"mainEntityOfPage\":{\"@id\":\"https:\\\/\\\/www.revistarambla.com\\\/la-ultima-bala-de-la-republica\\\/\"},\"wordCount\":1398,\"publisher\":{\"@id\":\"https:\\\/\\\/www.revistarambla.com\\\/#organization\"},\"image\":{\"@id\":\"https:\\\/\\\/www.revistarambla.com\\\/la-ultima-bala-de-la-republica\\\/#primaryimage\"},\"thumbnailUrl\":\"https:\\\/\\\/www.revistarambla.com\\\/wp-content\\\/uploads\\\/2025\\\/08\\\/invasion-valle-aran.jpg\",\"articleSection\":[\"Historia\"],\"inLanguage\":\"en-GB\"},{\"@type\":\"WebPage\",\"@id\":\"https:\\\/\\\/www.revistarambla.com\\\/la-ultima-bala-de-la-republica\\\/\",\"url\":\"https:\\\/\\\/www.revistarambla.com\\\/la-ultima-bala-de-la-republica\\\/\",\"name\":\"La \u00faltima bala de la Rep\u00fablica - Revista Rambla\",\"isPartOf\":{\"@id\":\"https:\\\/\\\/www.revistarambla.com\\\/#website\"},\"primaryImageOfPage\":{\"@id\":\"https:\\\/\\\/www.revistarambla.com\\\/la-ultima-bala-de-la-republica\\\/#primaryimage\"},\"image\":{\"@id\":\"https:\\\/\\\/www.revistarambla.com\\\/la-ultima-bala-de-la-republica\\\/#primaryimage\"},\"thumbnailUrl\":\"https:\\\/\\\/www.revistarambla.com\\\/wp-content\\\/uploads\\\/2025\\\/08\\\/invasion-valle-aran.jpg\",\"datePublished\":\"2025-08-21T18:36:19+00:00\",\"dateModified\":\"2025-08-22T18:43:46+00:00\",\"breadcrumb\":{\"@id\":\"https:\\\/\\\/www.revistarambla.com\\\/la-ultima-bala-de-la-republica\\\/#breadcrumb\"},\"inLanguage\":\"en-GB\",\"potentialAction\":[{\"@type\":\"ReadAction\",\"target\":[\"https:\\\/\\\/www.revistarambla.com\\\/la-ultima-bala-de-la-republica\\\/\"]}]},{\"@type\":\"ImageObject\",\"inLanguage\":\"en-GB\",\"@id\":\"https:\\\/\\\/www.revistarambla.com\\\/la-ultima-bala-de-la-republica\\\/#primaryimage\",\"url\":\"https:\\\/\\\/www.revistarambla.com\\\/wp-content\\\/uploads\\\/2025\\\/08\\\/invasion-valle-aran.jpg\",\"contentUrl\":\"https:\\\/\\\/www.revistarambla.com\\\/wp-content\\\/uploads\\\/2025\\\/08\\\/invasion-valle-aran.jpg\",\"width\":990,\"height\":660,\"caption\":\"invasion valle aran\"},{\"@type\":\"BreadcrumbList\",\"@id\":\"https:\\\/\\\/www.revistarambla.com\\\/la-ultima-bala-de-la-republica\\\/#breadcrumb\",\"itemListElement\":[{\"@type\":\"ListItem\",\"position\":1,\"name\":\"Portada\",\"item\":\"https:\\\/\\\/www.revistarambla.com\\\/\"},{\"@type\":\"ListItem\",\"position\":2,\"name\":\"La \u00faltima bala de la Rep\u00fablica\"}]},{\"@type\":\"WebSite\",\"@id\":\"https:\\\/\\\/www.revistarambla.com\\\/#website\",\"url\":\"https:\\\/\\\/www.revistarambla.com\\\/\",\"name\":\"Revista Rambla Barcelona\",\"description\":\"Periodismo independiente\",\"publisher\":{\"@id\":\"https:\\\/\\\/www.revistarambla.com\\\/#organization\"},\"potentialAction\":[{\"@type\":\"SearchAction\",\"target\":{\"@type\":\"EntryPoint\",\"urlTemplate\":\"https:\\\/\\\/www.revistarambla.com\\\/?s={search_term_string}\"},\"query-input\":{\"@type\":\"PropertyValueSpecification\",\"valueRequired\":true,\"valueName\":\"search_term_string\"}}],\"inLanguage\":\"en-GB\"},{\"@type\":\"Organization\",\"@id\":\"https:\\\/\\\/www.revistarambla.com\\\/#organization\",\"name\":\"Revista Rambla\",\"url\":\"https:\\\/\\\/www.revistarambla.com\\\/\",\"logo\":{\"@type\":\"ImageObject\",\"inLanguage\":\"en-GB\",\"@id\":\"https:\\\/\\\/www.revistarambla.com\\\/#\\\/schema\\\/logo\\\/image\\\/\",\"url\":\"https:\\\/\\\/www.revistarambla.com\\\/wp-content\\\/uploads\\\/2020\\\/09\\\/banner_rambla_1900x600_BB.png\",\"contentUrl\":\"https:\\\/\\\/www.revistarambla.com\\\/wp-content\\\/uploads\\\/2020\\\/09\\\/banner_rambla_1900x600_BB.png\",\"width\":1900,\"height\":600,\"caption\":\"Revista Rambla\"},\"image\":{\"@id\":\"https:\\\/\\\/www.revistarambla.com\\\/#\\\/schema\\\/logo\\\/image\\\/\"},\"sameAs\":[\"https:\\\/\\\/www.facebook.com\\\/revistarambla\\\/\",\"https:\\\/\\\/x.com\\\/revistarambla\",\"https:\\\/\\\/www.instagram.com\\\/revista_rambla\",\"https:\\\/\\\/es.linkedin.com\\\/company\\\/revista-rambla\"]},{\"@type\":\"Person\",\"@id\":\"https:\\\/\\\/www.revistarambla.com\\\/#\\\/schema\\\/person\\\/a146a5a2550b94981a75131180e1bd9c\",\"name\":\"R@mbla\",\"description\":\"Este art\u00edculo ha sido redactado y\\\/o validado por el equipo de redacci\u00f3n de Revista Rambla.\",\"sameAs\":[\"https:\\\/\\\/www.revistarambla.com\\\/\",\"https:\\\/\\\/www.facebook.com\\\/revistarambla\",\"https:\\\/\\\/x.com\\\/revistarambla\"]}]}<\/script>\n<!-- \/ Yoast SEO plugin. -->","yoast_head_json":{"title":"La \u00faltima bala de la Rep\u00fablica - Revista Rambla","robots":{"index":"index","follow":"follow","max-snippet":"max-snippet:-1","max-image-preview":"max-image-preview:large","max-video-preview":"max-video-preview:-1"},"canonical":"https:\/\/www.revistarambla.com\/en\/la-ultima-bala-de-la-republica\/","og_locale":"en_GB","og_type":"article","og_title":"La \u00faltima bala de la Rep\u00fablica - Revista Rambla","og_description":"La invasi\u00f3n de la Vall d'Aran, el sue\u00f1o fallido de los maquis espa\u00f1oles","og_url":"https:\/\/www.revistarambla.com\/en\/la-ultima-bala-de-la-republica\/","og_site_name":"Revista Rambla","article_publisher":"https:\/\/www.facebook.com\/revistarambla\/","article_author":"https:\/\/www.facebook.com\/revistarambla","article_published_time":"2025-08-21T18:36:19+00:00","article_modified_time":"2025-08-22T18:43:46+00:00","og_image":[{"width":990,"height":660,"url":"https:\/\/www.revistarambla.com\/wp-content\/uploads\/2025\/08\/invasion-valle-aran.jpg","type":"image\/jpeg"}],"author":"R@mbla","twitter_card":"summary_large_image","twitter_creator":"@revistarambla","twitter_site":"@revistarambla","twitter_misc":{"Written by":"R@mbla","Estimated reading time":"7 minutes"},"schema":{"@context":"https:\/\/schema.org","@graph":[{"@type":"Article","@id":"https:\/\/www.revistarambla.com\/la-ultima-bala-de-la-republica\/#article","isPartOf":{"@id":"https:\/\/www.revistarambla.com\/la-ultima-bala-de-la-republica\/"},"author":{"name":"R@mbla","@id":"https:\/\/www.revistarambla.com\/#\/schema\/person\/a146a5a2550b94981a75131180e1bd9c"},"headline":"La \u00faltima bala de la Rep\u00fablica","datePublished":"2025-08-21T18:36:19+00:00","dateModified":"2025-08-22T18:43:46+00:00","mainEntityOfPage":{"@id":"https:\/\/www.revistarambla.com\/la-ultima-bala-de-la-republica\/"},"wordCount":1398,"publisher":{"@id":"https:\/\/www.revistarambla.com\/#organization"},"image":{"@id":"https:\/\/www.revistarambla.com\/la-ultima-bala-de-la-republica\/#primaryimage"},"thumbnailUrl":"https:\/\/www.revistarambla.com\/wp-content\/uploads\/2025\/08\/invasion-valle-aran.jpg","articleSection":["Historia"],"inLanguage":"en-GB"},{"@type":"WebPage","@id":"https:\/\/www.revistarambla.com\/la-ultima-bala-de-la-republica\/","url":"https:\/\/www.revistarambla.com\/la-ultima-bala-de-la-republica\/","name":"La \u00faltima bala de la Rep\u00fablica - Revista Rambla","isPartOf":{"@id":"https:\/\/www.revistarambla.com\/#website"},"primaryImageOfPage":{"@id":"https:\/\/www.revistarambla.com\/la-ultima-bala-de-la-republica\/#primaryimage"},"image":{"@id":"https:\/\/www.revistarambla.com\/la-ultima-bala-de-la-republica\/#primaryimage"},"thumbnailUrl":"https:\/\/www.revistarambla.com\/wp-content\/uploads\/2025\/08\/invasion-valle-aran.jpg","datePublished":"2025-08-21T18:36:19+00:00","dateModified":"2025-08-22T18:43:46+00:00","breadcrumb":{"@id":"https:\/\/www.revistarambla.com\/la-ultima-bala-de-la-republica\/#breadcrumb"},"inLanguage":"en-GB","potentialAction":[{"@type":"ReadAction","target":["https:\/\/www.revistarambla.com\/la-ultima-bala-de-la-republica\/"]}]},{"@type":"ImageObject","inLanguage":"en-GB","@id":"https:\/\/www.revistarambla.com\/la-ultima-bala-de-la-republica\/#primaryimage","url":"https:\/\/www.revistarambla.com\/wp-content\/uploads\/2025\/08\/invasion-valle-aran.jpg","contentUrl":"https:\/\/www.revistarambla.com\/wp-content\/uploads\/2025\/08\/invasion-valle-aran.jpg","width":990,"height":660,"caption":"invasion valle aran"},{"@type":"BreadcrumbList","@id":"https:\/\/www.revistarambla.com\/la-ultima-bala-de-la-republica\/#breadcrumb","itemListElement":[{"@type":"ListItem","position":1,"name":"Portada","item":"https:\/\/www.revistarambla.com\/"},{"@type":"ListItem","position":2,"name":"La \u00faltima bala de la Rep\u00fablica"}]},{"@type":"WebSite","@id":"https:\/\/www.revistarambla.com\/#website","url":"https:\/\/www.revistarambla.com\/","name":"Revista Rambla Barcelona","description":"Periodismo independiente","publisher":{"@id":"https:\/\/www.revistarambla.com\/#organization"},"potentialAction":[{"@type":"SearchAction","target":{"@type":"EntryPoint","urlTemplate":"https:\/\/www.revistarambla.com\/?s={search_term_string}"},"query-input":{"@type":"PropertyValueSpecification","valueRequired":true,"valueName":"search_term_string"}}],"inLanguage":"en-GB"},{"@type":"Organization","@id":"https:\/\/www.revistarambla.com\/#organization","name":"Revista Rambla","url":"https:\/\/www.revistarambla.com\/","logo":{"@type":"ImageObject","inLanguage":"en-GB","@id":"https:\/\/www.revistarambla.com\/#\/schema\/logo\/image\/","url":"https:\/\/www.revistarambla.com\/wp-content\/uploads\/2020\/09\/banner_rambla_1900x600_BB.png","contentUrl":"https:\/\/www.revistarambla.com\/wp-content\/uploads\/2020\/09\/banner_rambla_1900x600_BB.png","width":1900,"height":600,"caption":"Revista Rambla"},"image":{"@id":"https:\/\/www.revistarambla.com\/#\/schema\/logo\/image\/"},"sameAs":["https:\/\/www.facebook.com\/revistarambla\/","https:\/\/x.com\/revistarambla","https:\/\/www.instagram.com\/revista_rambla","https:\/\/es.linkedin.com\/company\/revista-rambla"]},{"@type":"Person","@id":"https:\/\/www.revistarambla.com\/#\/schema\/person\/a146a5a2550b94981a75131180e1bd9c","name":"R@mbla","description":"Este art\u00edculo ha sido redactado y\/o validado por el equipo de redacci\u00f3n de Revista Rambla.","sameAs":["https:\/\/www.revistarambla.com\/","https:\/\/www.facebook.com\/revistarambla","https:\/\/x.com\/revistarambla"]}]}},"_links":{"self":[{"href":"https:\/\/www.revistarambla.com\/en\/wp-json\/wp\/v2\/posts\/66238","targetHints":{"allow":["GET"]}}],"collection":[{"href":"https:\/\/www.revistarambla.com\/en\/wp-json\/wp\/v2\/posts"}],"about":[{"href":"https:\/\/www.revistarambla.com\/en\/wp-json\/wp\/v2\/types\/post"}],"author":[{"embeddable":true,"href":"https:\/\/www.revistarambla.com\/en\/wp-json\/wp\/v2\/users\/3"}],"replies":[{"embeddable":true,"href":"https:\/\/www.revistarambla.com\/en\/wp-json\/wp\/v2\/comments?post=66238"}],"version-history":[{"count":1,"href":"https:\/\/www.revistarambla.com\/en\/wp-json\/wp\/v2\/posts\/66238\/revisions"}],"predecessor-version":[{"id":66240,"href":"https:\/\/www.revistarambla.com\/en\/wp-json\/wp\/v2\/posts\/66238\/revisions\/66240"}],"wp:featuredmedia":[{"embeddable":true,"href":"https:\/\/www.revistarambla.com\/en\/wp-json\/wp\/v2\/media\/66239"}],"wp:attachment":[{"href":"https:\/\/www.revistarambla.com\/en\/wp-json\/wp\/v2\/media?parent=66238"}],"wp:term":[{"taxonomy":"category","embeddable":true,"href":"https:\/\/www.revistarambla.com\/en\/wp-json\/wp\/v2\/categories?post=66238"},{"taxonomy":"post_tag","embeddable":true,"href":"https:\/\/www.revistarambla.com\/en\/wp-json\/wp\/v2\/tags?post=66238"}],"curies":[{"name":"wp","href":"https:\/\/api.w.org\/{rel}","templated":true}]}}