{"id":66223,"date":"2025-08-21T13:27:28","date_gmt":"2025-08-21T11:27:28","guid":{"rendered":"https:\/\/www.revistarambla.com\/?p=66223"},"modified":"2025-08-21T13:27:28","modified_gmt":"2025-08-21T11:27:28","slug":"plus-ultra-anuncia-la-incorporacion-de-un-sexto-airbus-a330-y-un-septimo-para-fin-de-ano","status":"publish","type":"post","link":"https:\/\/www.revistarambla.com\/en\/plus-ultra-anuncia-la-incorporacion-de-un-sexto-airbus-a330-y-un-septimo-para-fin-de-ano\/","title":{"rendered":"Plus Ultra anuncia la incorporaci\u00f3n de un sexto Airbus A330 y un s\u00e9ptimo para fin de a\u00f1o"},"content":{"rendered":"<p>Desde 2015, <b>Plus Ultra<\/b> ha orientado el crecimiento de la aerol\u00ednea hacia la <b>conectividad internacional<\/b> de largo radio. Con un sexto Airbus A330 en servicio, la compa\u00f1\u00eda refuerza su capacidad en rutas de alta demanda como Bogot\u00e1, Cartagena de Indias y Caracas, mejorando la <b>frecuencia<\/b> y su presencia en el mercado.<\/p>\n<p>Este A330-300 puede transportar a 302 pasajeros, con 30 asientos en clase business y 272 en clase turista, ofreciendo mayor espacio entre filas. Dise\u00f1ado para trayectos largos, destaca por su <b>eficiencia energ\u00e9tica<\/b>, que contribuye a reducir las emisiones de CO\u2082 por pasajero-kil\u00f3metro y a optimizar los <b>costes<\/b> operativos.<\/p>\n<p>Equipado con motores General Electric, este bimotor de fuselaje ancho y doble pasillo es capaz de cubrir m\u00e1s de 11.000 kil\u00f3metros sin escalas. Con su llegada, Plus Ultra ampl\u00eda las <b>frecuencias<\/b> en rutas hacia Iberoam\u00e9rica, donde en 2025 ha incrementado operaciones para adaptarse al aumento del <b>tr\u00e1fico<\/b> a\u00e9reo.<\/p>\n<p>Alejandro Casado, director general de Operaciones, se\u00f1al\u00f3: \u201cEl A330-300 es un avi\u00f3n perfecto para ampliar la flota de la compa\u00f1\u00eda, mejorando el confort de nuestros pasajeros y reforzando nuestro compromiso medioambiental. Es un avi\u00f3n con una fiabilidad operativa del 99,5% y con el que cuentan las mejores compa\u00f1\u00edas a\u00e9reas del mundo.\u201d Estas palabras refuerzan el compromiso con la <b>sostenibilidad<\/b> y la comodidad de los <b>pasajeros<\/b>.<\/p>\n<p>Este A330-300 sustituye al A340-300 retirado recientemente, cumpliendo con los est\u00e1ndares de certificaci\u00f3n medioambiental IEnvA de IATA. La actualizaci\u00f3n de la <b>flota<\/b> mantiene a Plus Ultra en conformidad con las normativas de <b>emisiones<\/b>internacionales.<\/p>\n<p>Seg\u00fan datos de la aerol\u00ednea, esta nueva incorporaci\u00f3n le permite ajustar frecuencias y horarios de acuerdo con cada mercado. Esta <b>adaptabilidad<\/b> resulta fundamental en un contexto donde las <b>reservas<\/b> combinan compras anticipadas y decisiones de \u00faltima hora.<\/p>\n<p>Contar con una flota homog\u00e9nea basada en el A330-300 ofrece ventajas como la reducci\u00f3n de <b>costes de mantenimiento<\/b>, la simplificaci\u00f3n de la formaci\u00f3n de pilotos y t\u00e9cnicos y una gesti\u00f3n m\u00e1s eficiente de los <b>recursos<\/b>. Este modelo, utilizado por aerol\u00edneas l\u00edderes, respalda la proyecci\u00f3n global de Plus Ultra.<\/p>\n<p>El aumento de su capacidad intercontinental mejora la <b>competitividad<\/b>de la aerol\u00ednea frente a sus rivales en corredores transatl\u00e1nticos. Esta estrategia le proporciona mayor <b>versatilidad<\/b> para combinar vuelos regulares y ch\u00e1rter.<\/p>\n<h2><b>La flexibilidad de Plus Ultra en sus operaciones internacionales<\/b><\/h2>\n<p>El Airbus A330-300 permite adaptaciones internas seg\u00fan las necesidades de cada mercado. Esta <b>flexibilidad<\/b> es clave para Plus Ultra, que mantiene acuerdos con operadores tur\u00edsticos y organismos p\u00fablicos que requieren soluciones de <b>transporte<\/b>personalizadas. As\u00ed, logra atender eficazmente tanto a viajeros corporativos como vacacionales.<\/p>\n<p>Uno de los atributos m\u00e1s relevantes de este avi\u00f3n es su bajo consumo de combustible por asiento, un elemento crucial ante la volatilidad de los <b>precios energ\u00e9ticos<\/b>. Esto permite mantener <b>tarifas<\/b> competitivas y reducir el impacto ambiental.<\/p>\n<p>La prevista llegada de un s\u00e9ptimo Airbus antes de fin de a\u00f1o refuerza el plan de crecimiento de Plus Ultra y la compa\u00f1\u00eda avanza hacia una red internacional enfocada en <b>rentabilidad<\/b> y <b>estabilidad<\/b>.<\/p>\n<p>Aunque esta expansi\u00f3n requiere una inversi\u00f3n considerable, desde <a href=\"https:\/\/www.diariodecadiz.es\/bc-cadiz\/conoce-estrategia-crecimiento-plus-ultra_0_2004165503.html\" target=\"_blank\" rel=\"nofollow noopener\"><b>Plus Ultra<\/b> <\/a>conf\u00edan en que la demanda internacional seguir\u00e1 creciendo. Este optimismo se apoya en datos sobre turismo, flujos migratorios y proyecciones de IATA, que sit\u00faan a la compa\u00f1\u00eda en una posici\u00f3n <b>ventajosa<\/b> para capitalizar estas <b>tendencias<\/b>.<\/p>\n<p>Con este escenario, Plus Ultra dispondr\u00e1 de los recursos necesarios para mantener su presencia en los mercados estrat\u00e9gicos de su red intercontinental, afianzando su papel en el transporte a\u00e9reo de <b>larga distancia<\/b>.<\/p>","protected":false},"excerpt":{"rendered":"<p>Desde 2015, Plus Ultra ha orientado el crecimiento de la aerol\u00ednea hacia la conectividad internacional de largo radio. Con un sexto Airbus A330 en servicio, la compa\u00f1\u00eda refuerza su capacidad en rutas de alta demanda como Bogot\u00e1, Cartagena de Indias y Caracas, mejorando la frecuencia y su presencia en el [&hellip;]<\/p>\n","protected":false},"author":3,"featured_media":66224,"comment_status":"closed","ping_status":"closed","sticky":false,"template":"","format":"standard","meta":{"footnotes":""},"categories":[3790],"tags":[],"class_list":["post-66223","post","type-post","status-publish","format-standard","has-post-thumbnail","hentry","category-otras-noticias"],"yoast_head":"<!-- This site is optimized with the Yoast SEO plugin v27.5 - https:\/\/yoast.com\/product\/yoast-seo-wordpress\/ -->\n<title>Plus Ultra anuncia la incorporaci\u00f3n de un sexto Airbus A330 y un s\u00e9ptimo para fin de a\u00f1o - Revista Rambla<\/title>\n<meta name=\"robots\" content=\"index, follow, max-snippet:-1, max-image-preview:large, max-video-preview:-1\" \/>\n<link rel=\"canonical\" href=\"https:\/\/www.revistarambla.com\/en\/plus-ultra-anuncia-la-incorporacion-de-un-sexto-airbus-a330-y-un-septimo-para-fin-de-ano\/\" \/>\n<meta property=\"og:locale\" content=\"en_GB\" \/>\n<meta property=\"og:type\" content=\"article\" \/>\n<meta property=\"og:title\" content=\"Plus Ultra anuncia la incorporaci\u00f3n de un sexto Airbus A330 y un s\u00e9ptimo para fin de a\u00f1o - Revista Rambla\" \/>\n<meta property=\"og:description\" content=\"Desde 2015, Plus Ultra ha orientado el crecimiento de la aerol\u00ednea hacia la conectividad internacional de largo radio. Con un sexto Airbus A330 en servicio, la compa\u00f1\u00eda refuerza su capacidad en rutas de alta demanda como Bogot\u00e1, Cartagena de Indias y Caracas, mejorando la frecuencia y su presencia en el [&hellip;]\" \/>\n<meta property=\"og:url\" content=\"https:\/\/www.revistarambla.com\/en\/plus-ultra-anuncia-la-incorporacion-de-un-sexto-airbus-a330-y-un-septimo-para-fin-de-ano\/\" \/>\n<meta property=\"og:site_name\" content=\"Revista Rambla\" \/>\n<meta property=\"article:publisher\" content=\"https:\/\/www.facebook.com\/revistarambla\/\" \/>\n<meta property=\"article:author\" content=\"https:\/\/www.facebook.com\/revistarambla\" \/>\n<meta property=\"article:published_time\" content=\"2025-08-21T11:27:28+00:00\" \/>\n<meta property=\"og:image\" content=\"https:\/\/www.revistarambla.com\/wp-content\/uploads\/2025\/08\/phpdlKoLM68a6ffcc5e398.jpg\" \/>\n\t<meta property=\"og:image:width\" content=\"1920\" \/>\n\t<meta property=\"og:image:height\" content=\"1282\" \/>\n\t<meta property=\"og:image:type\" content=\"image\/jpeg\" \/>\n<meta name=\"author\" content=\"R@mbla\" \/>\n<meta name=\"twitter:card\" content=\"summary_large_image\" \/>\n<meta name=\"twitter:creator\" content=\"@revistarambla\" \/>\n<meta name=\"twitter:site\" content=\"@revistarambla\" \/>\n<meta name=\"twitter:label1\" content=\"Written by\" \/>\n\t<meta name=\"twitter:data1\" content=\"R@mbla\" \/>\n\t<meta name=\"twitter:label2\" content=\"Estimated reading time\" \/>\n\t<meta name=\"twitter:data2\" content=\"3 minutes\" \/>\n<script type=\"application\/ld+json\" class=\"yoast-schema-graph\">{\"@context\":\"https:\\\/\\\/schema.org\",\"@graph\":[{\"@type\":\"Article\",\"@id\":\"https:\\\/\\\/www.revistarambla.com\\\/plus-ultra-anuncia-la-incorporacion-de-un-sexto-airbus-a330-y-un-septimo-para-fin-de-ano\\\/#article\",\"isPartOf\":{\"@id\":\"https:\\\/\\\/www.revistarambla.com\\\/plus-ultra-anuncia-la-incorporacion-de-un-sexto-airbus-a330-y-un-septimo-para-fin-de-ano\\\/\"},\"author\":{\"name\":\"R@mbla\",\"@id\":\"https:\\\/\\\/www.revistarambla.com\\\/#\\\/schema\\\/person\\\/a146a5a2550b94981a75131180e1bd9c\"},\"headline\":\"Plus Ultra anuncia la incorporaci\u00f3n de un sexto Airbus A330 y un s\u00e9ptimo para fin de a\u00f1o\",\"datePublished\":\"2025-08-21T11:27:28+00:00\",\"mainEntityOfPage\":{\"@id\":\"https:\\\/\\\/www.revistarambla.com\\\/plus-ultra-anuncia-la-incorporacion-de-un-sexto-airbus-a330-y-un-septimo-para-fin-de-ano\\\/\"},\"wordCount\":631,\"publisher\":{\"@id\":\"https:\\\/\\\/www.revistarambla.com\\\/#organization\"},\"image\":{\"@id\":\"https:\\\/\\\/www.revistarambla.com\\\/plus-ultra-anuncia-la-incorporacion-de-un-sexto-airbus-a330-y-un-septimo-para-fin-de-ano\\\/#primaryimage\"},\"thumbnailUrl\":\"https:\\\/\\\/www.revistarambla.com\\\/wp-content\\\/uploads\\\/2025\\\/08\\\/phpdlKoLM68a6ffcc5e398.jpg\",\"articleSection\":[\"Otras Noticias\"],\"inLanguage\":\"en-GB\"},{\"@type\":\"WebPage\",\"@id\":\"https:\\\/\\\/www.revistarambla.com\\\/plus-ultra-anuncia-la-incorporacion-de-un-sexto-airbus-a330-y-un-septimo-para-fin-de-ano\\\/\",\"url\":\"https:\\\/\\\/www.revistarambla.com\\\/plus-ultra-anuncia-la-incorporacion-de-un-sexto-airbus-a330-y-un-septimo-para-fin-de-ano\\\/\",\"name\":\"Plus Ultra anuncia la incorporaci\u00f3n de un sexto Airbus A330 y un s\u00e9ptimo para fin de a\u00f1o - Revista Rambla\",\"isPartOf\":{\"@id\":\"https:\\\/\\\/www.revistarambla.com\\\/#website\"},\"primaryImageOfPage\":{\"@id\":\"https:\\\/\\\/www.revistarambla.com\\\/plus-ultra-anuncia-la-incorporacion-de-un-sexto-airbus-a330-y-un-septimo-para-fin-de-ano\\\/#primaryimage\"},\"image\":{\"@id\":\"https:\\\/\\\/www.revistarambla.com\\\/plus-ultra-anuncia-la-incorporacion-de-un-sexto-airbus-a330-y-un-septimo-para-fin-de-ano\\\/#primaryimage\"},\"thumbnailUrl\":\"https:\\\/\\\/www.revistarambla.com\\\/wp-content\\\/uploads\\\/2025\\\/08\\\/phpdlKoLM68a6ffcc5e398.jpg\",\"datePublished\":\"2025-08-21T11:27:28+00:00\",\"breadcrumb\":{\"@id\":\"https:\\\/\\\/www.revistarambla.com\\\/plus-ultra-anuncia-la-incorporacion-de-un-sexto-airbus-a330-y-un-septimo-para-fin-de-ano\\\/#breadcrumb\"},\"inLanguage\":\"en-GB\",\"potentialAction\":[{\"@type\":\"ReadAction\",\"target\":[\"https:\\\/\\\/www.revistarambla.com\\\/plus-ultra-anuncia-la-incorporacion-de-un-sexto-airbus-a330-y-un-septimo-para-fin-de-ano\\\/\"]}]},{\"@type\":\"ImageObject\",\"inLanguage\":\"en-GB\",\"@id\":\"https:\\\/\\\/www.revistarambla.com\\\/plus-ultra-anuncia-la-incorporacion-de-un-sexto-airbus-a330-y-un-septimo-para-fin-de-ano\\\/#primaryimage\",\"url\":\"https:\\\/\\\/www.revistarambla.com\\\/wp-content\\\/uploads\\\/2025\\\/08\\\/phpdlKoLM68a6ffcc5e398.jpg\",\"contentUrl\":\"https:\\\/\\\/www.revistarambla.com\\\/wp-content\\\/uploads\\\/2025\\\/08\\\/phpdlKoLM68a6ffcc5e398.jpg\",\"width\":1920,\"height\":1282,\"caption\":\"Airbus A330\"},{\"@type\":\"BreadcrumbList\",\"@id\":\"https:\\\/\\\/www.revistarambla.com\\\/plus-ultra-anuncia-la-incorporacion-de-un-sexto-airbus-a330-y-un-septimo-para-fin-de-ano\\\/#breadcrumb\",\"itemListElement\":[{\"@type\":\"ListItem\",\"position\":1,\"name\":\"Portada\",\"item\":\"https:\\\/\\\/www.revistarambla.com\\\/\"},{\"@type\":\"ListItem\",\"position\":2,\"name\":\"Plus Ultra anuncia la incorporaci\u00f3n de un sexto Airbus A330 y un s\u00e9ptimo para fin de a\u00f1o\"}]},{\"@type\":\"WebSite\",\"@id\":\"https:\\\/\\\/www.revistarambla.com\\\/#website\",\"url\":\"https:\\\/\\\/www.revistarambla.com\\\/\",\"name\":\"Revista Rambla Barcelona\",\"description\":\"Periodismo independiente\",\"publisher\":{\"@id\":\"https:\\\/\\\/www.revistarambla.com\\\/#organization\"},\"potentialAction\":[{\"@type\":\"SearchAction\",\"target\":{\"@type\":\"EntryPoint\",\"urlTemplate\":\"https:\\\/\\\/www.revistarambla.com\\\/?s={search_term_string}\"},\"query-input\":{\"@type\":\"PropertyValueSpecification\",\"valueRequired\":true,\"valueName\":\"search_term_string\"}}],\"inLanguage\":\"en-GB\"},{\"@type\":\"Organization\",\"@id\":\"https:\\\/\\\/www.revistarambla.com\\\/#organization\",\"name\":\"Revista Rambla\",\"url\":\"https:\\\/\\\/www.revistarambla.com\\\/\",\"logo\":{\"@type\":\"ImageObject\",\"inLanguage\":\"en-GB\",\"@id\":\"https:\\\/\\\/www.revistarambla.com\\\/#\\\/schema\\\/logo\\\/image\\\/\",\"url\":\"https:\\\/\\\/www.revistarambla.com\\\/wp-content\\\/uploads\\\/2020\\\/09\\\/banner_rambla_1900x600_BB.png\",\"contentUrl\":\"https:\\\/\\\/www.revistarambla.com\\\/wp-content\\\/uploads\\\/2020\\\/09\\\/banner_rambla_1900x600_BB.png\",\"width\":1900,\"height\":600,\"caption\":\"Revista Rambla\"},\"image\":{\"@id\":\"https:\\\/\\\/www.revistarambla.com\\\/#\\\/schema\\\/logo\\\/image\\\/\"},\"sameAs\":[\"https:\\\/\\\/www.facebook.com\\\/revistarambla\\\/\",\"https:\\\/\\\/x.com\\\/revistarambla\",\"https:\\\/\\\/www.instagram.com\\\/revista_rambla\",\"https:\\\/\\\/es.linkedin.com\\\/company\\\/revista-rambla\"]},{\"@type\":\"Person\",\"@id\":\"https:\\\/\\\/www.revistarambla.com\\\/#\\\/schema\\\/person\\\/a146a5a2550b94981a75131180e1bd9c\",\"name\":\"R@mbla\",\"description\":\"Este art\u00edculo ha sido redactado y\\\/o validado por el equipo de redacci\u00f3n de Revista Rambla.\",\"sameAs\":[\"https:\\\/\\\/www.revistarambla.com\\\/\",\"https:\\\/\\\/www.facebook.com\\\/revistarambla\",\"https:\\\/\\\/x.com\\\/revistarambla\"]}]}<\/script>\n<!-- \/ Yoast SEO plugin. -->","yoast_head_json":{"title":"Plus Ultra anuncia la incorporaci\u00f3n de un sexto Airbus A330 y un s\u00e9ptimo para fin de a\u00f1o - Revista Rambla","robots":{"index":"index","follow":"follow","max-snippet":"max-snippet:-1","max-image-preview":"max-image-preview:large","max-video-preview":"max-video-preview:-1"},"canonical":"https:\/\/www.revistarambla.com\/en\/plus-ultra-anuncia-la-incorporacion-de-un-sexto-airbus-a330-y-un-septimo-para-fin-de-ano\/","og_locale":"en_GB","og_type":"article","og_title":"Plus Ultra anuncia la incorporaci\u00f3n de un sexto Airbus A330 y un s\u00e9ptimo para fin de a\u00f1o - Revista Rambla","og_description":"Desde 2015, Plus Ultra ha orientado el crecimiento de la aerol\u00ednea hacia la conectividad internacional de largo radio. Con un sexto Airbus A330 en servicio, la compa\u00f1\u00eda refuerza su capacidad en rutas de alta demanda como Bogot\u00e1, Cartagena de Indias y Caracas, mejorando la frecuencia y su presencia en el [&hellip;]","og_url":"https:\/\/www.revistarambla.com\/en\/plus-ultra-anuncia-la-incorporacion-de-un-sexto-airbus-a330-y-un-septimo-para-fin-de-ano\/","og_site_name":"Revista Rambla","article_publisher":"https:\/\/www.facebook.com\/revistarambla\/","article_author":"https:\/\/www.facebook.com\/revistarambla","article_published_time":"2025-08-21T11:27:28+00:00","og_image":[{"width":1920,"height":1282,"url":"https:\/\/www.revistarambla.com\/wp-content\/uploads\/2025\/08\/phpdlKoLM68a6ffcc5e398.jpg","type":"image\/jpeg"}],"author":"R@mbla","twitter_card":"summary_large_image","twitter_creator":"@revistarambla","twitter_site":"@revistarambla","twitter_misc":{"Written by":"R@mbla","Estimated reading time":"3 minutes"},"schema":{"@context":"https:\/\/schema.org","@graph":[{"@type":"Article","@id":"https:\/\/www.revistarambla.com\/plus-ultra-anuncia-la-incorporacion-de-un-sexto-airbus-a330-y-un-septimo-para-fin-de-ano\/#article","isPartOf":{"@id":"https:\/\/www.revistarambla.com\/plus-ultra-anuncia-la-incorporacion-de-un-sexto-airbus-a330-y-un-septimo-para-fin-de-ano\/"},"author":{"name":"R@mbla","@id":"https:\/\/www.revistarambla.com\/#\/schema\/person\/a146a5a2550b94981a75131180e1bd9c"},"headline":"Plus Ultra anuncia la incorporaci\u00f3n de un sexto Airbus A330 y un s\u00e9ptimo para fin de a\u00f1o","datePublished":"2025-08-21T11:27:28+00:00","mainEntityOfPage":{"@id":"https:\/\/www.revistarambla.com\/plus-ultra-anuncia-la-incorporacion-de-un-sexto-airbus-a330-y-un-septimo-para-fin-de-ano\/"},"wordCount":631,"publisher":{"@id":"https:\/\/www.revistarambla.com\/#organization"},"image":{"@id":"https:\/\/www.revistarambla.com\/plus-ultra-anuncia-la-incorporacion-de-un-sexto-airbus-a330-y-un-septimo-para-fin-de-ano\/#primaryimage"},"thumbnailUrl":"https:\/\/www.revistarambla.com\/wp-content\/uploads\/2025\/08\/phpdlKoLM68a6ffcc5e398.jpg","articleSection":["Otras Noticias"],"inLanguage":"en-GB"},{"@type":"WebPage","@id":"https:\/\/www.revistarambla.com\/plus-ultra-anuncia-la-incorporacion-de-un-sexto-airbus-a330-y-un-septimo-para-fin-de-ano\/","url":"https:\/\/www.revistarambla.com\/plus-ultra-anuncia-la-incorporacion-de-un-sexto-airbus-a330-y-un-septimo-para-fin-de-ano\/","name":"Plus Ultra anuncia la incorporaci\u00f3n de un sexto Airbus A330 y un s\u00e9ptimo para fin de a\u00f1o - Revista Rambla","isPartOf":{"@id":"https:\/\/www.revistarambla.com\/#website"},"primaryImageOfPage":{"@id":"https:\/\/www.revistarambla.com\/plus-ultra-anuncia-la-incorporacion-de-un-sexto-airbus-a330-y-un-septimo-para-fin-de-ano\/#primaryimage"},"image":{"@id":"https:\/\/www.revistarambla.com\/plus-ultra-anuncia-la-incorporacion-de-un-sexto-airbus-a330-y-un-septimo-para-fin-de-ano\/#primaryimage"},"thumbnailUrl":"https:\/\/www.revistarambla.com\/wp-content\/uploads\/2025\/08\/phpdlKoLM68a6ffcc5e398.jpg","datePublished":"2025-08-21T11:27:28+00:00","breadcrumb":{"@id":"https:\/\/www.revistarambla.com\/plus-ultra-anuncia-la-incorporacion-de-un-sexto-airbus-a330-y-un-septimo-para-fin-de-ano\/#breadcrumb"},"inLanguage":"en-GB","potentialAction":[{"@type":"ReadAction","target":["https:\/\/www.revistarambla.com\/plus-ultra-anuncia-la-incorporacion-de-un-sexto-airbus-a330-y-un-septimo-para-fin-de-ano\/"]}]},{"@type":"ImageObject","inLanguage":"en-GB","@id":"https:\/\/www.revistarambla.com\/plus-ultra-anuncia-la-incorporacion-de-un-sexto-airbus-a330-y-un-septimo-para-fin-de-ano\/#primaryimage","url":"https:\/\/www.revistarambla.com\/wp-content\/uploads\/2025\/08\/phpdlKoLM68a6ffcc5e398.jpg","contentUrl":"https:\/\/www.revistarambla.com\/wp-content\/uploads\/2025\/08\/phpdlKoLM68a6ffcc5e398.jpg","width":1920,"height":1282,"caption":"Airbus A330"},{"@type":"BreadcrumbList","@id":"https:\/\/www.revistarambla.com\/plus-ultra-anuncia-la-incorporacion-de-un-sexto-airbus-a330-y-un-septimo-para-fin-de-ano\/#breadcrumb","itemListElement":[{"@type":"ListItem","position":1,"name":"Portada","item":"https:\/\/www.revistarambla.com\/"},{"@type":"ListItem","position":2,"name":"Plus Ultra anuncia la incorporaci\u00f3n de un sexto Airbus A330 y un s\u00e9ptimo para fin de a\u00f1o"}]},{"@type":"WebSite","@id":"https:\/\/www.revistarambla.com\/#website","url":"https:\/\/www.revistarambla.com\/","name":"Revista Rambla Barcelona","description":"Periodismo independiente","publisher":{"@id":"https:\/\/www.revistarambla.com\/#organization"},"potentialAction":[{"@type":"SearchAction","target":{"@type":"EntryPoint","urlTemplate":"https:\/\/www.revistarambla.com\/?s={search_term_string}"},"query-input":{"@type":"PropertyValueSpecification","valueRequired":true,"valueName":"search_term_string"}}],"inLanguage":"en-GB"},{"@type":"Organization","@id":"https:\/\/www.revistarambla.com\/#organization","name":"Revista Rambla","url":"https:\/\/www.revistarambla.com\/","logo":{"@type":"ImageObject","inLanguage":"en-GB","@id":"https:\/\/www.revistarambla.com\/#\/schema\/logo\/image\/","url":"https:\/\/www.revistarambla.com\/wp-content\/uploads\/2020\/09\/banner_rambla_1900x600_BB.png","contentUrl":"https:\/\/www.revistarambla.com\/wp-content\/uploads\/2020\/09\/banner_rambla_1900x600_BB.png","width":1900,"height":600,"caption":"Revista Rambla"},"image":{"@id":"https:\/\/www.revistarambla.com\/#\/schema\/logo\/image\/"},"sameAs":["https:\/\/www.facebook.com\/revistarambla\/","https:\/\/x.com\/revistarambla","https:\/\/www.instagram.com\/revista_rambla","https:\/\/es.linkedin.com\/company\/revista-rambla"]},{"@type":"Person","@id":"https:\/\/www.revistarambla.com\/#\/schema\/person\/a146a5a2550b94981a75131180e1bd9c","name":"R@mbla","description":"Este art\u00edculo ha sido redactado y\/o validado por el equipo de redacci\u00f3n de Revista Rambla.","sameAs":["https:\/\/www.revistarambla.com\/","https:\/\/www.facebook.com\/revistarambla","https:\/\/x.com\/revistarambla"]}]}},"_links":{"self":[{"href":"https:\/\/www.revistarambla.com\/en\/wp-json\/wp\/v2\/posts\/66223","targetHints":{"allow":["GET"]}}],"collection":[{"href":"https:\/\/www.revistarambla.com\/en\/wp-json\/wp\/v2\/posts"}],"about":[{"href":"https:\/\/www.revistarambla.com\/en\/wp-json\/wp\/v2\/types\/post"}],"author":[{"embeddable":true,"href":"https:\/\/www.revistarambla.com\/en\/wp-json\/wp\/v2\/users\/3"}],"replies":[{"embeddable":true,"href":"https:\/\/www.revistarambla.com\/en\/wp-json\/wp\/v2\/comments?post=66223"}],"version-history":[{"count":1,"href":"https:\/\/www.revistarambla.com\/en\/wp-json\/wp\/v2\/posts\/66223\/revisions"}],"predecessor-version":[{"id":66225,"href":"https:\/\/www.revistarambla.com\/en\/wp-json\/wp\/v2\/posts\/66223\/revisions\/66225"}],"wp:featuredmedia":[{"embeddable":true,"href":"https:\/\/www.revistarambla.com\/en\/wp-json\/wp\/v2\/media\/66224"}],"wp:attachment":[{"href":"https:\/\/www.revistarambla.com\/en\/wp-json\/wp\/v2\/media?parent=66223"}],"wp:term":[{"taxonomy":"category","embeddable":true,"href":"https:\/\/www.revistarambla.com\/en\/wp-json\/wp\/v2\/categories?post=66223"},{"taxonomy":"post_tag","embeddable":true,"href":"https:\/\/www.revistarambla.com\/en\/wp-json\/wp\/v2\/tags?post=66223"}],"curies":[{"name":"wp","href":"https:\/\/api.w.org\/{rel}","templated":true}]}}