{"id":66214,"date":"2025-08-21T13:16:36","date_gmt":"2025-08-21T11:16:36","guid":{"rendered":"https:\/\/www.revistarambla.com\/?p=66214"},"modified":"2025-08-21T13:16:36","modified_gmt":"2025-08-21T11:16:36","slug":"barnizados-garcia-e-hijos-tradicion-y-vanguardia-en-el-arte-de-transformar-espacios","status":"publish","type":"post","link":"https:\/\/www.revistarambla.com\/en\/barnizados-garcia-e-hijos-tradicion-y-vanguardia-en-el-arte-de-transformar-espacios\/","title":{"rendered":"Barnizados Garc\u00eda e Hijos: tradici\u00f3n y vanguardia en el arte de transformar espacios"},"content":{"rendered":"<p>En el coraz\u00f3n de <b>Sevilla<\/b>, donde la artesan\u00eda se funde con la innovaci\u00f3n, se encuentra<b> Barnizados Garc\u00eda e Hijos, una empresa familiar que ha sabido convertir su oficio en una referencia dentro del sector de la carpinter\u00eda y la reforma.<\/b> Con d\u00e9cadas de experiencia, este equipo ha consolidado una filosof\u00eda clara: combinar el saber hacer de siempre con las t\u00e9cnicas m\u00e1s actuales para ofrecer soluciones integrales a quienes desean dar un nuevo aire a su hogar o negocio. Desde proyectos de gran envergadura hasta peque\u00f1os detalles que marcan la diferencia, la firma se ha distinguido por su<b> atenci\u00f3n personalizada, el cuidado por los acabados<\/b> y la capacidad de adaptarse a las necesidades de cada cliente.<\/p>\n<h2><b>Reformas que lo cambian todo<\/b><\/h2>\n<p>Uno de los servicios m\u00e1s demandados de la compa\u00f1\u00eda son las <a href=\"https:\/\/www.barnizadosgarciaehijos.com\/servicios\/reformas-integrales-sevilla\/\">reformas integrales en Sevilla<\/a>. La clave est\u00e1 en su enfoque global: no se limitan a ejecutar una obra, sino que<b> acompa\u00f1an al cliente desde la fase de dise\u00f1o<\/b> hasta el \u00faltimo retoque de decoraci\u00f3n. Este acompa\u00f1amiento garantiza no solo un resultado est\u00e9tico impecable, sino tambi\u00e9n una mejora en la funcionalidad de los espacios<b>. Cada reforma se plantea como una oportunidad de optimizar la distribuci\u00f3n, aprovechar la luz natural y aportar valor a\u00f1adido a la vivienda o local comercial.<\/b><\/p>\n<p>Adem\u00e1s, el hecho de contar con <b>un equipo multidisciplinar <\/b>permite integrar en un mismo proyecto alba\u00f1iler\u00eda, carpinter\u00eda, electricidad, pintura y mobiliario. Todo ello bajo una coordinaci\u00f3n que evita retrasos y sorpresas, algo fundamental en cualquier proceso de transformaci\u00f3n.<\/p>\n<h2><b>La importancia de la decoraci\u00f3n en cada proyecto<\/b><\/h2>\n<p>La est\u00e9tica es un lenguaje en s\u00ed mismo y <b>Barnizados Garc\u00eda e Hijos <\/b>lo entiende a la perfecci\u00f3n. Por eso ofrecen un servicio especializado de <a href=\"https:\/\/www.barnizadosgarciaehijos.com\/servicios\/decoracion-e-interiorismo-sevilla\/\">decoraci\u00f3n de interiores en Sevilla<\/a>, con propuestas que van desde un estilo cl\u00e1sico hasta los ambientes m\u00e1s contempor\u00e1neos.<\/p>\n<p>El objetivo es claro: <b>crear espacios que transmitan personalidad y confort<\/b>. Para ello, escuchan al cliente, interpretan sus gustos y dise\u00f1an ambientes donde cada detalle suma.<b> Colores, texturas, iluminaci\u00f3n y mobiliario se combinan para dar forma a entornos que no solo resultan atractivos, sino tambi\u00e9n funcionales.<\/b> Esta visi\u00f3n integral de la decoraci\u00f3n convierte cada proyecto en una propuesta \u00fanica, pensada para ser vivida y disfrutada a diario.<\/p>\n<h2><b>Muebles a medida: cuando la personalizaci\u00f3n es la clave<\/b><\/h2>\n<p>Uno de los sellos distintivos de la empresa es su capacidad para dise\u00f1ar y fabricar <a href=\"https:\/\/www.barnizadosgarciaehijos.com\/servicios\/muebles-a-medida-sevilla\/\">muebles a medida en Sevilla<\/a>. En un mercado dominado por la producci\u00f3n en serie, <b>la personalizaci\u00f3n se ha convertido en un valor diferencial<\/b>, y en este terreno <b>Barnizados Garc\u00eda e Hijos<\/b> marca la diferencia.<\/p>\n<p>Cada pieza se concibe como una soluci\u00f3n pr\u00e1ctica y est\u00e9tica, ajustada al mil\u00edmetro a las dimensiones y caracter\u00edsticas del espacio. Ya sea un armario empotrado, una estanter\u00eda funcional o un mueble exclusivo para el sal\u00f3n,<b> la empresa garantiza durabilidad, dise\u00f1o y la esencia de la aut\u00e9ntica carpinter\u00eda artesanal. <\/b>El cliente no solo recibe un mueble, sino un elemento que aporta car\u00e1cter y armon\u00eda al conjunto de la vivienda.<\/p>\n<h2><b>El arte de los acabados barnizados<\/b><\/h2>\n<p>Si hay un aspecto que distingue a <b>Barnizados Garc\u00eda e Hijos<\/b> es su maestr\u00eda en los <a href=\"https:\/\/www.barnizadosgarciaehijos.com\/servicios\/acabados-barnizados\/\">acabados barnizados<\/a>. Conscientes de que la calidad de un trabajo se mide en gran parte por sus terminaciones, la empresa ofrece barnices que<b> realzan la belleza natural de la madera<\/b> y al mismo tiempo garantizan su resistencia.<\/p>\n<p>El abanico de opciones es amplio: desde acabados brillantes que aportan luminosidad hasta tonos mate que transmiten elegancia y sobriedad. En todos los casos, el proceso se realiza con <b>materiales de primera calidad y t\u00e9cnicas que aseguran un resultado duradero<\/b>, respetuoso con el medio ambiente y pensado para resistir el paso del tiempo.<\/p>\n<h2><b>Un compromiso con el cliente y con Sevilla<\/b><\/h2>\n<p>M\u00e1s all\u00e1 de sus servicios, <b>Barnizados Garc\u00eda e Hijos <\/b>destaca por su forma de trabajar. Cada proyecto se desarrolla bajo una premisa: <b>la confianza es el pilar de toda relaci\u00f3n con el cliente<\/b>. Esa cercan\u00eda, sumada a la experiencia acumulada y a un cat\u00e1logo de servicios tan variado, convierte a la empresa en un referente en el sector.<\/p>\n<p>Su filosof\u00eda se resume en tres conceptos: <b>artesan\u00eda, innovaci\u00f3n y compromiso<\/b>. Un trinomio que les ha permitido crecer sin perder su esencia, consolid\u00e1ndose como una opci\u00f3n de confianza tanto para particulares como para empresas que buscan calidad y seriedad.<\/p>\n<p>En un sector tan competitivo como el de la reforma y la carpinter\u00eda, <b>Barnizados Garc\u00eda e Hijos<\/b> ha logrado diferenciarse apostando por la excelencia en cada detalle. Sus <b>reformas integrales en Sevilla<\/b>, su talento para la <b>decoraci\u00f3n de interiores<\/b>, su capacidad de crear <b>muebles a medida<\/b> y su dominio en los <b>acabados barnizados<\/b> son el reflejo de una empresa que entiende que los espacios no solo se habitan, tambi\u00e9n se sienten. Quien conf\u00eda en ellos no solo contrata un servicio, sino que invierte en calidad de vida y en la tranquilidad de saber que cada rinc\u00f3n de su hogar o negocio quedar\u00e1 en manos expertas.<\/p>","protected":false},"excerpt":{"rendered":"<p>En el coraz\u00f3n de Sevilla, donde la artesan\u00eda se funde con la innovaci\u00f3n, se encuentra Barnizados Garc\u00eda e Hijos, una empresa familiar que ha sabido convertir su oficio en una referencia dentro del sector de la carpinter\u00eda y la reforma. Con d\u00e9cadas de experiencia, este equipo ha consolidado una filosof\u00eda [&hellip;]<\/p>\n","protected":false},"author":3,"featured_media":66215,"comment_status":"closed","ping_status":"closed","sticky":false,"template":"","format":"standard","meta":{"footnotes":""},"categories":[3790],"tags":[],"class_list":["post-66214","post","type-post","status-publish","format-standard","has-post-thumbnail","hentry","category-otras-noticias"],"yoast_head":"<!-- This site is optimized with the Yoast SEO plugin v27.5 - https:\/\/yoast.com\/product\/yoast-seo-wordpress\/ -->\n<title>Barnizados Garc\u00eda e Hijos: tradici\u00f3n y vanguardia en el arte de transformar espacios - Revista Rambla<\/title>\n<meta name=\"robots\" content=\"index, follow, max-snippet:-1, max-image-preview:large, max-video-preview:-1\" \/>\n<link rel=\"canonical\" href=\"https:\/\/www.revistarambla.com\/en\/barnizados-garcia-e-hijos-tradicion-y-vanguardia-en-el-arte-de-transformar-espacios\/\" \/>\n<meta property=\"og:locale\" content=\"en_GB\" \/>\n<meta property=\"og:type\" content=\"article\" \/>\n<meta property=\"og:title\" content=\"Barnizados Garc\u00eda e Hijos: tradici\u00f3n y vanguardia en el arte de transformar espacios - Revista Rambla\" \/>\n<meta property=\"og:description\" content=\"En el coraz\u00f3n de Sevilla, donde la artesan\u00eda se funde con la innovaci\u00f3n, se encuentra Barnizados Garc\u00eda e Hijos, una empresa familiar que ha sabido convertir su oficio en una referencia dentro del sector de la carpinter\u00eda y la reforma. Con d\u00e9cadas de experiencia, este equipo ha consolidado una filosof\u00eda [&hellip;]\" \/>\n<meta property=\"og:url\" content=\"https:\/\/www.revistarambla.com\/en\/barnizados-garcia-e-hijos-tradicion-y-vanguardia-en-el-arte-de-transformar-espacios\/\" \/>\n<meta property=\"og:site_name\" content=\"Revista Rambla\" \/>\n<meta property=\"article:publisher\" content=\"https:\/\/www.facebook.com\/revistarambla\/\" \/>\n<meta property=\"article:author\" content=\"https:\/\/www.facebook.com\/revistarambla\" \/>\n<meta property=\"article:published_time\" content=\"2025-08-21T11:16:36+00:00\" \/>\n<meta property=\"og:image\" content=\"https:\/\/www.revistarambla.com\/wp-content\/uploads\/2025\/08\/phphFgmmh68a5be95af0f1.jpg\" \/>\n\t<meta property=\"og:image:width\" content=\"1500\" \/>\n\t<meta property=\"og:image:height\" content=\"1000\" \/>\n\t<meta property=\"og:image:type\" content=\"image\/jpeg\" \/>\n<meta name=\"author\" content=\"R@mbla\" \/>\n<meta name=\"twitter:card\" content=\"summary_large_image\" \/>\n<meta name=\"twitter:creator\" content=\"@revistarambla\" \/>\n<meta name=\"twitter:site\" content=\"@revistarambla\" \/>\n<meta name=\"twitter:label1\" content=\"Written by\" \/>\n\t<meta name=\"twitter:data1\" content=\"R@mbla\" \/>\n\t<meta name=\"twitter:label2\" content=\"Estimated reading time\" \/>\n\t<meta name=\"twitter:data2\" content=\"4 minutes\" \/>\n<script type=\"application\/ld+json\" class=\"yoast-schema-graph\">{\"@context\":\"https:\\\/\\\/schema.org\",\"@graph\":[{\"@type\":\"Article\",\"@id\":\"https:\\\/\\\/www.revistarambla.com\\\/barnizados-garcia-e-hijos-tradicion-y-vanguardia-en-el-arte-de-transformar-espacios\\\/#article\",\"isPartOf\":{\"@id\":\"https:\\\/\\\/www.revistarambla.com\\\/barnizados-garcia-e-hijos-tradicion-y-vanguardia-en-el-arte-de-transformar-espacios\\\/\"},\"author\":{\"name\":\"R@mbla\",\"@id\":\"https:\\\/\\\/www.revistarambla.com\\\/#\\\/schema\\\/person\\\/a146a5a2550b94981a75131180e1bd9c\"},\"headline\":\"Barnizados Garc\u00eda e Hijos: tradici\u00f3n y vanguardia en el arte de transformar espacios\",\"datePublished\":\"2025-08-21T11:16:36+00:00\",\"mainEntityOfPage\":{\"@id\":\"https:\\\/\\\/www.revistarambla.com\\\/barnizados-garcia-e-hijos-tradicion-y-vanguardia-en-el-arte-de-transformar-espacios\\\/\"},\"wordCount\":904,\"publisher\":{\"@id\":\"https:\\\/\\\/www.revistarambla.com\\\/#organization\"},\"image\":{\"@id\":\"https:\\\/\\\/www.revistarambla.com\\\/barnizados-garcia-e-hijos-tradicion-y-vanguardia-en-el-arte-de-transformar-espacios\\\/#primaryimage\"},\"thumbnailUrl\":\"https:\\\/\\\/www.revistarambla.com\\\/wp-content\\\/uploads\\\/2025\\\/08\\\/phphFgmmh68a5be95af0f1.jpg\",\"articleSection\":[\"Otras Noticias\"],\"inLanguage\":\"en-GB\"},{\"@type\":\"WebPage\",\"@id\":\"https:\\\/\\\/www.revistarambla.com\\\/barnizados-garcia-e-hijos-tradicion-y-vanguardia-en-el-arte-de-transformar-espacios\\\/\",\"url\":\"https:\\\/\\\/www.revistarambla.com\\\/barnizados-garcia-e-hijos-tradicion-y-vanguardia-en-el-arte-de-transformar-espacios\\\/\",\"name\":\"Barnizados Garc\u00eda e Hijos: tradici\u00f3n y vanguardia en el arte de transformar espacios - Revista Rambla\",\"isPartOf\":{\"@id\":\"https:\\\/\\\/www.revistarambla.com\\\/#website\"},\"primaryImageOfPage\":{\"@id\":\"https:\\\/\\\/www.revistarambla.com\\\/barnizados-garcia-e-hijos-tradicion-y-vanguardia-en-el-arte-de-transformar-espacios\\\/#primaryimage\"},\"image\":{\"@id\":\"https:\\\/\\\/www.revistarambla.com\\\/barnizados-garcia-e-hijos-tradicion-y-vanguardia-en-el-arte-de-transformar-espacios\\\/#primaryimage\"},\"thumbnailUrl\":\"https:\\\/\\\/www.revistarambla.com\\\/wp-content\\\/uploads\\\/2025\\\/08\\\/phphFgmmh68a5be95af0f1.jpg\",\"datePublished\":\"2025-08-21T11:16:36+00:00\",\"breadcrumb\":{\"@id\":\"https:\\\/\\\/www.revistarambla.com\\\/barnizados-garcia-e-hijos-tradicion-y-vanguardia-en-el-arte-de-transformar-espacios\\\/#breadcrumb\"},\"inLanguage\":\"en-GB\",\"potentialAction\":[{\"@type\":\"ReadAction\",\"target\":[\"https:\\\/\\\/www.revistarambla.com\\\/barnizados-garcia-e-hijos-tradicion-y-vanguardia-en-el-arte-de-transformar-espacios\\\/\"]}]},{\"@type\":\"ImageObject\",\"inLanguage\":\"en-GB\",\"@id\":\"https:\\\/\\\/www.revistarambla.com\\\/barnizados-garcia-e-hijos-tradicion-y-vanguardia-en-el-arte-de-transformar-espacios\\\/#primaryimage\",\"url\":\"https:\\\/\\\/www.revistarambla.com\\\/wp-content\\\/uploads\\\/2025\\\/08\\\/phphFgmmh68a5be95af0f1.jpg\",\"contentUrl\":\"https:\\\/\\\/www.revistarambla.com\\\/wp-content\\\/uploads\\\/2025\\\/08\\\/phphFgmmh68a5be95af0f1.jpg\",\"width\":1500,\"height\":1000,\"caption\":\"Barnizados Garc\u00eda e Hijos\"},{\"@type\":\"BreadcrumbList\",\"@id\":\"https:\\\/\\\/www.revistarambla.com\\\/barnizados-garcia-e-hijos-tradicion-y-vanguardia-en-el-arte-de-transformar-espacios\\\/#breadcrumb\",\"itemListElement\":[{\"@type\":\"ListItem\",\"position\":1,\"name\":\"Portada\",\"item\":\"https:\\\/\\\/www.revistarambla.com\\\/\"},{\"@type\":\"ListItem\",\"position\":2,\"name\":\"Barnizados Garc\u00eda e Hijos: tradici\u00f3n y vanguardia en el arte de transformar espacios\"}]},{\"@type\":\"WebSite\",\"@id\":\"https:\\\/\\\/www.revistarambla.com\\\/#website\",\"url\":\"https:\\\/\\\/www.revistarambla.com\\\/\",\"name\":\"Revista Rambla Barcelona\",\"description\":\"Periodismo independiente\",\"publisher\":{\"@id\":\"https:\\\/\\\/www.revistarambla.com\\\/#organization\"},\"potentialAction\":[{\"@type\":\"SearchAction\",\"target\":{\"@type\":\"EntryPoint\",\"urlTemplate\":\"https:\\\/\\\/www.revistarambla.com\\\/?s={search_term_string}\"},\"query-input\":{\"@type\":\"PropertyValueSpecification\",\"valueRequired\":true,\"valueName\":\"search_term_string\"}}],\"inLanguage\":\"en-GB\"},{\"@type\":\"Organization\",\"@id\":\"https:\\\/\\\/www.revistarambla.com\\\/#organization\",\"name\":\"Revista Rambla\",\"url\":\"https:\\\/\\\/www.revistarambla.com\\\/\",\"logo\":{\"@type\":\"ImageObject\",\"inLanguage\":\"en-GB\",\"@id\":\"https:\\\/\\\/www.revistarambla.com\\\/#\\\/schema\\\/logo\\\/image\\\/\",\"url\":\"https:\\\/\\\/www.revistarambla.com\\\/wp-content\\\/uploads\\\/2020\\\/09\\\/banner_rambla_1900x600_BB.png\",\"contentUrl\":\"https:\\\/\\\/www.revistarambla.com\\\/wp-content\\\/uploads\\\/2020\\\/09\\\/banner_rambla_1900x600_BB.png\",\"width\":1900,\"height\":600,\"caption\":\"Revista Rambla\"},\"image\":{\"@id\":\"https:\\\/\\\/www.revistarambla.com\\\/#\\\/schema\\\/logo\\\/image\\\/\"},\"sameAs\":[\"https:\\\/\\\/www.facebook.com\\\/revistarambla\\\/\",\"https:\\\/\\\/x.com\\\/revistarambla\",\"https:\\\/\\\/www.instagram.com\\\/revista_rambla\",\"https:\\\/\\\/es.linkedin.com\\\/company\\\/revista-rambla\"]},{\"@type\":\"Person\",\"@id\":\"https:\\\/\\\/www.revistarambla.com\\\/#\\\/schema\\\/person\\\/a146a5a2550b94981a75131180e1bd9c\",\"name\":\"R@mbla\",\"description\":\"Este art\u00edculo ha sido redactado y\\\/o validado por el equipo de redacci\u00f3n de Revista Rambla.\",\"sameAs\":[\"https:\\\/\\\/www.revistarambla.com\\\/\",\"https:\\\/\\\/www.facebook.com\\\/revistarambla\",\"https:\\\/\\\/x.com\\\/revistarambla\"]}]}<\/script>\n<!-- \/ Yoast SEO plugin. -->","yoast_head_json":{"title":"Barnizados Garc\u00eda e Hijos: tradici\u00f3n y vanguardia en el arte de transformar espacios - Revista Rambla","robots":{"index":"index","follow":"follow","max-snippet":"max-snippet:-1","max-image-preview":"max-image-preview:large","max-video-preview":"max-video-preview:-1"},"canonical":"https:\/\/www.revistarambla.com\/en\/barnizados-garcia-e-hijos-tradicion-y-vanguardia-en-el-arte-de-transformar-espacios\/","og_locale":"en_GB","og_type":"article","og_title":"Barnizados Garc\u00eda e Hijos: tradici\u00f3n y vanguardia en el arte de transformar espacios - Revista Rambla","og_description":"En el coraz\u00f3n de Sevilla, donde la artesan\u00eda se funde con la innovaci\u00f3n, se encuentra Barnizados Garc\u00eda e Hijos, una empresa familiar que ha sabido convertir su oficio en una referencia dentro del sector de la carpinter\u00eda y la reforma. Con d\u00e9cadas de experiencia, este equipo ha consolidado una filosof\u00eda [&hellip;]","og_url":"https:\/\/www.revistarambla.com\/en\/barnizados-garcia-e-hijos-tradicion-y-vanguardia-en-el-arte-de-transformar-espacios\/","og_site_name":"Revista Rambla","article_publisher":"https:\/\/www.facebook.com\/revistarambla\/","article_author":"https:\/\/www.facebook.com\/revistarambla","article_published_time":"2025-08-21T11:16:36+00:00","og_image":[{"width":1500,"height":1000,"url":"https:\/\/www.revistarambla.com\/wp-content\/uploads\/2025\/08\/phphFgmmh68a5be95af0f1.jpg","type":"image\/jpeg"}],"author":"R@mbla","twitter_card":"summary_large_image","twitter_creator":"@revistarambla","twitter_site":"@revistarambla","twitter_misc":{"Written by":"R@mbla","Estimated reading time":"4 minutes"},"schema":{"@context":"https:\/\/schema.org","@graph":[{"@type":"Article","@id":"https:\/\/www.revistarambla.com\/barnizados-garcia-e-hijos-tradicion-y-vanguardia-en-el-arte-de-transformar-espacios\/#article","isPartOf":{"@id":"https:\/\/www.revistarambla.com\/barnizados-garcia-e-hijos-tradicion-y-vanguardia-en-el-arte-de-transformar-espacios\/"},"author":{"name":"R@mbla","@id":"https:\/\/www.revistarambla.com\/#\/schema\/person\/a146a5a2550b94981a75131180e1bd9c"},"headline":"Barnizados Garc\u00eda e Hijos: tradici\u00f3n y vanguardia en el arte de transformar espacios","datePublished":"2025-08-21T11:16:36+00:00","mainEntityOfPage":{"@id":"https:\/\/www.revistarambla.com\/barnizados-garcia-e-hijos-tradicion-y-vanguardia-en-el-arte-de-transformar-espacios\/"},"wordCount":904,"publisher":{"@id":"https:\/\/www.revistarambla.com\/#organization"},"image":{"@id":"https:\/\/www.revistarambla.com\/barnizados-garcia-e-hijos-tradicion-y-vanguardia-en-el-arte-de-transformar-espacios\/#primaryimage"},"thumbnailUrl":"https:\/\/www.revistarambla.com\/wp-content\/uploads\/2025\/08\/phphFgmmh68a5be95af0f1.jpg","articleSection":["Otras Noticias"],"inLanguage":"en-GB"},{"@type":"WebPage","@id":"https:\/\/www.revistarambla.com\/barnizados-garcia-e-hijos-tradicion-y-vanguardia-en-el-arte-de-transformar-espacios\/","url":"https:\/\/www.revistarambla.com\/barnizados-garcia-e-hijos-tradicion-y-vanguardia-en-el-arte-de-transformar-espacios\/","name":"Barnizados Garc\u00eda e Hijos: tradici\u00f3n y vanguardia en el arte de transformar espacios - Revista Rambla","isPartOf":{"@id":"https:\/\/www.revistarambla.com\/#website"},"primaryImageOfPage":{"@id":"https:\/\/www.revistarambla.com\/barnizados-garcia-e-hijos-tradicion-y-vanguardia-en-el-arte-de-transformar-espacios\/#primaryimage"},"image":{"@id":"https:\/\/www.revistarambla.com\/barnizados-garcia-e-hijos-tradicion-y-vanguardia-en-el-arte-de-transformar-espacios\/#primaryimage"},"thumbnailUrl":"https:\/\/www.revistarambla.com\/wp-content\/uploads\/2025\/08\/phphFgmmh68a5be95af0f1.jpg","datePublished":"2025-08-21T11:16:36+00:00","breadcrumb":{"@id":"https:\/\/www.revistarambla.com\/barnizados-garcia-e-hijos-tradicion-y-vanguardia-en-el-arte-de-transformar-espacios\/#breadcrumb"},"inLanguage":"en-GB","potentialAction":[{"@type":"ReadAction","target":["https:\/\/www.revistarambla.com\/barnizados-garcia-e-hijos-tradicion-y-vanguardia-en-el-arte-de-transformar-espacios\/"]}]},{"@type":"ImageObject","inLanguage":"en-GB","@id":"https:\/\/www.revistarambla.com\/barnizados-garcia-e-hijos-tradicion-y-vanguardia-en-el-arte-de-transformar-espacios\/#primaryimage","url":"https:\/\/www.revistarambla.com\/wp-content\/uploads\/2025\/08\/phphFgmmh68a5be95af0f1.jpg","contentUrl":"https:\/\/www.revistarambla.com\/wp-content\/uploads\/2025\/08\/phphFgmmh68a5be95af0f1.jpg","width":1500,"height":1000,"caption":"Barnizados Garc\u00eda e Hijos"},{"@type":"BreadcrumbList","@id":"https:\/\/www.revistarambla.com\/barnizados-garcia-e-hijos-tradicion-y-vanguardia-en-el-arte-de-transformar-espacios\/#breadcrumb","itemListElement":[{"@type":"ListItem","position":1,"name":"Portada","item":"https:\/\/www.revistarambla.com\/"},{"@type":"ListItem","position":2,"name":"Barnizados Garc\u00eda e Hijos: tradici\u00f3n y vanguardia en el arte de transformar espacios"}]},{"@type":"WebSite","@id":"https:\/\/www.revistarambla.com\/#website","url":"https:\/\/www.revistarambla.com\/","name":"Revista Rambla Barcelona","description":"Periodismo independiente","publisher":{"@id":"https:\/\/www.revistarambla.com\/#organization"},"potentialAction":[{"@type":"SearchAction","target":{"@type":"EntryPoint","urlTemplate":"https:\/\/www.revistarambla.com\/?s={search_term_string}"},"query-input":{"@type":"PropertyValueSpecification","valueRequired":true,"valueName":"search_term_string"}}],"inLanguage":"en-GB"},{"@type":"Organization","@id":"https:\/\/www.revistarambla.com\/#organization","name":"Revista Rambla","url":"https:\/\/www.revistarambla.com\/","logo":{"@type":"ImageObject","inLanguage":"en-GB","@id":"https:\/\/www.revistarambla.com\/#\/schema\/logo\/image\/","url":"https:\/\/www.revistarambla.com\/wp-content\/uploads\/2020\/09\/banner_rambla_1900x600_BB.png","contentUrl":"https:\/\/www.revistarambla.com\/wp-content\/uploads\/2020\/09\/banner_rambla_1900x600_BB.png","width":1900,"height":600,"caption":"Revista Rambla"},"image":{"@id":"https:\/\/www.revistarambla.com\/#\/schema\/logo\/image\/"},"sameAs":["https:\/\/www.facebook.com\/revistarambla\/","https:\/\/x.com\/revistarambla","https:\/\/www.instagram.com\/revista_rambla","https:\/\/es.linkedin.com\/company\/revista-rambla"]},{"@type":"Person","@id":"https:\/\/www.revistarambla.com\/#\/schema\/person\/a146a5a2550b94981a75131180e1bd9c","name":"R@mbla","description":"Este art\u00edculo ha sido redactado y\/o validado por el equipo de redacci\u00f3n de Revista Rambla.","sameAs":["https:\/\/www.revistarambla.com\/","https:\/\/www.facebook.com\/revistarambla","https:\/\/x.com\/revistarambla"]}]}},"_links":{"self":[{"href":"https:\/\/www.revistarambla.com\/en\/wp-json\/wp\/v2\/posts\/66214","targetHints":{"allow":["GET"]}}],"collection":[{"href":"https:\/\/www.revistarambla.com\/en\/wp-json\/wp\/v2\/posts"}],"about":[{"href":"https:\/\/www.revistarambla.com\/en\/wp-json\/wp\/v2\/types\/post"}],"author":[{"embeddable":true,"href":"https:\/\/www.revistarambla.com\/en\/wp-json\/wp\/v2\/users\/3"}],"replies":[{"embeddable":true,"href":"https:\/\/www.revistarambla.com\/en\/wp-json\/wp\/v2\/comments?post=66214"}],"version-history":[{"count":1,"href":"https:\/\/www.revistarambla.com\/en\/wp-json\/wp\/v2\/posts\/66214\/revisions"}],"predecessor-version":[{"id":66216,"href":"https:\/\/www.revistarambla.com\/en\/wp-json\/wp\/v2\/posts\/66214\/revisions\/66216"}],"wp:featuredmedia":[{"embeddable":true,"href":"https:\/\/www.revistarambla.com\/en\/wp-json\/wp\/v2\/media\/66215"}],"wp:attachment":[{"href":"https:\/\/www.revistarambla.com\/en\/wp-json\/wp\/v2\/media?parent=66214"}],"wp:term":[{"taxonomy":"category","embeddable":true,"href":"https:\/\/www.revistarambla.com\/en\/wp-json\/wp\/v2\/categories?post=66214"},{"taxonomy":"post_tag","embeddable":true,"href":"https:\/\/www.revistarambla.com\/en\/wp-json\/wp\/v2\/tags?post=66214"}],"curies":[{"name":"wp","href":"https:\/\/api.w.org\/{rel}","templated":true}]}}