{"id":66202,"date":"2025-08-20T20:09:04","date_gmt":"2025-08-20T18:09:04","guid":{"rendered":"https:\/\/www.revistarambla.com\/?p=66202"},"modified":"2025-08-20T20:09:04","modified_gmt":"2025-08-20T18:09:04","slug":"un-rendista-de-mataro-denuncia-els-seus-llogaters-com-si-fossin-ocupes-i-jutjats-ho-admet","status":"publish","type":"post","link":"https:\/\/www.revistarambla.com\/en\/un-rendista-de-mataro-denuncia-els-seus-llogaters-com-si-fossin-ocupes-i-jutjats-ho-admet\/","title":{"rendered":"Un rendista de Matar\u00f3 denuncia els seus llogaters com si fossin ocupes i Jutjats ho admet"},"content":{"rendered":"<p>El dimecres 27 d\u2019agost, l\u2019Arquimedes i l\u2019Ana faran front al segon desnonament cautelar en un mes. El primer, assenyalat el dia 25 de juliol, en una franja hor\u00e0ria indeterminada a partir de les 6:00\u202fh, el van aconseguir aturar gr\u00e0cies a una mobilitzaci\u00f3 d\u2019\u00faltima hora per part del Sindicat d\u2019Habitatge de Matar\u00f3, secci\u00f3 local del Sindicat d\u2019Habitatge Socialista de Catalunya.<\/p>\n<p>L\u2019Arquimedes viu des del 2022 en aquest pis de la Ronda Alfons X el Savi, amb la seva dona i els seus fills, i paga 1000\u202f\u20ac al mes. El contracte est\u00e0 en vigor i t\u00e9 tots els pagaments al dia, per\u00f2 la propietat es va presentar a la porta de casa fa uns mesos, exigint que marxessin perqu\u00e8 volien recuperar el pis.<\/p>\n<p>Com que hi ha un contracte de lloguer en vigor, la propietat hauria de fer una den\u00fancia civil i demostrar que necessita el pis per viure i que no t\u00e9 altres propietats.<\/p>\n<p>En lloc d\u2019aix\u00f2, ha fet una den\u00fancia penal contra la dona, l\u2019Ana, que no consta al contracte, al\u00b7legant que hauria ocupat el pis. El m\u00e9s extraordinari de tot plegat \u00e9s que el mateix propietari havia acompanyat l\u2019Ana (a la qual ara acusa d\u2019ocupaci\u00f3) i havia posat la seva signatura perqu\u00e8 s\u2019empadron\u00e9s al pis, ara fa uns anys. Aix\u00ed ho ha explicat l\u2019Ana en un v\u00eddeo publicat a les xarxes socials del Sindicat de Matar\u00f3.<\/p>\n<p>L\u2019Arquimedes encara no dona cr\u00e8dit: \u201c\u00c9s com si diguessin que els meus fills s\u00f3n ocupes perqu\u00e8 no estan al contracte\u201d.<\/p>\n<p>Incre\u00efblement, un jutge d\u2019instrucci\u00f3 no sols ha acceptat la den\u00fancia, sin\u00f3 que va ordenar un primer desnonament cautelar (sense judici previ), notificant-los amb 2 dies de marge. Aquest primer desnonament, previst per al divendres 25 de juliol, es va parar provisionalment gr\u00e0cies a una mobilitzaci\u00f3 d\u2019\u00faltima hora del Sindicat d\u2019Habitatge de Matar\u00f3. Per\u00f2 la jutgessa insisteix i ha ordenat un segon desnonament cautelar per al dimecres 27.<\/p>\n<p>Des del Sindicat, denuncien el que consideren un clar\u00edssim frau legal i un precedent nefast per als drets de tots els llogaters en el futur. Exigeixen que Jutjats rectifiqui el nyap: \u201cEl que est\u00e0 fent Jutjats de Matar\u00f3 \u00e9s molt i molt greu. La campanya per generar alarma social sobre l\u2019ocupaci\u00f3 ens ha portat a aquest extrem: un propietari considera els seus llogaters, amb contracte i tot, com ocupes, i un jutge ho avala. \u00c9s un atropellament sense precedents als drets dels llogaters. I si no fos pel Sindicat, aquesta fam\u00edlia ja fa temps que estaria al carrer\u201d.<\/p>","protected":false},"excerpt":{"rendered":"<p>La propietat ha denunciat la dona del titular del contracte com si fos una ocupa i Jutjats de Matar\u00f3 ha ordenat un desnonament cautelar<\/p>","protected":false},"author":15,"featured_media":66203,"comment_status":"closed","ping_status":"closed","sticky":false,"template":"","format":"standard","meta":{"footnotes":""},"categories":[4079],"tags":[],"class_list":["post-66202","post","type-post","status-publish","format-standard","has-post-thumbnail","hentry","category-tribuna-libre"],"yoast_head":"<!-- This site is optimized with the Yoast SEO plugin v27.5 - https:\/\/yoast.com\/product\/yoast-seo-wordpress\/ -->\n<title>Un rendista de Matar\u00f3 denuncia els seus llogaters com si fossin ocupes i Jutjats ho admet - Revista Rambla<\/title>\n<meta name=\"robots\" content=\"index, follow, max-snippet:-1, max-image-preview:large, max-video-preview:-1\" \/>\n<link rel=\"canonical\" href=\"https:\/\/www.revistarambla.com\/en\/un-rendista-de-mataro-denuncia-els-seus-llogaters-com-si-fossin-ocupes-i-jutjats-ho-admet\/\" \/>\n<meta property=\"og:locale\" content=\"en_GB\" \/>\n<meta property=\"og:type\" content=\"article\" \/>\n<meta property=\"og:title\" content=\"Un rendista de Matar\u00f3 denuncia els seus llogaters com si fossin ocupes i Jutjats ho admet - Revista Rambla\" \/>\n<meta property=\"og:description\" content=\"La propietat ha denunciat la dona del titular del contracte com si fos una ocupa i Jutjats de Matar\u00f3 ha ordenat un desnonament cautelar\" \/>\n<meta property=\"og:url\" content=\"https:\/\/www.revistarambla.com\/en\/un-rendista-de-mataro-denuncia-els-seus-llogaters-com-si-fossin-ocupes-i-jutjats-ho-admet\/\" \/>\n<meta property=\"og:site_name\" content=\"Revista Rambla\" \/>\n<meta property=\"article:publisher\" content=\"https:\/\/www.facebook.com\/revistarambla\/\" \/>\n<meta property=\"article:published_time\" content=\"2025-08-20T18:09:04+00:00\" \/>\n<meta property=\"og:image\" content=\"https:\/\/www.revistarambla.com\/wp-content\/uploads\/2025\/08\/LLOGATERS-OCUPES-MATARO.jpeg\" \/>\n\t<meta property=\"og:image:width\" content=\"739\" \/>\n\t<meta property=\"og:image:height\" content=\"591\" \/>\n\t<meta property=\"og:image:type\" content=\"image\/jpeg\" \/>\n<meta name=\"author\" content=\"Sindicat Habitatge Matar\u00f3\" \/>\n<meta name=\"twitter:card\" content=\"summary_large_image\" \/>\n<meta name=\"twitter:creator\" content=\"@revistarambla\" \/>\n<meta name=\"twitter:site\" content=\"@revistarambla\" \/>\n<meta name=\"twitter:label1\" content=\"Written by\" \/>\n\t<meta name=\"twitter:data1\" content=\"Sindicat Habitatge Matar\u00f3\" \/>\n\t<meta name=\"twitter:label2\" content=\"Estimated reading time\" \/>\n\t<meta name=\"twitter:data2\" content=\"3 minutes\" \/>\n<script type=\"application\/ld+json\" class=\"yoast-schema-graph\">{\"@context\":\"https:\\\/\\\/schema.org\",\"@graph\":[{\"@type\":\"Article\",\"@id\":\"https:\\\/\\\/www.revistarambla.com\\\/un-rendista-de-mataro-denuncia-els-seus-llogaters-com-si-fossin-ocupes-i-jutjats-ho-admet\\\/#article\",\"isPartOf\":{\"@id\":\"https:\\\/\\\/www.revistarambla.com\\\/un-rendista-de-mataro-denuncia-els-seus-llogaters-com-si-fossin-ocupes-i-jutjats-ho-admet\\\/\"},\"author\":{\"name\":\"Sindicat Habitatge Matar\u00f3\",\"@id\":\"https:\\\/\\\/www.revistarambla.com\\\/#\\\/schema\\\/person\\\/2b19179a8ace334b829ad72cc6e6ce97\"},\"headline\":\"Un rendista de Matar\u00f3 denuncia els seus llogaters com si fossin ocupes i Jutjats ho admet\",\"datePublished\":\"2025-08-20T18:09:04+00:00\",\"mainEntityOfPage\":{\"@id\":\"https:\\\/\\\/www.revistarambla.com\\\/un-rendista-de-mataro-denuncia-els-seus-llogaters-com-si-fossin-ocupes-i-jutjats-ho-admet\\\/\"},\"wordCount\":454,\"publisher\":{\"@id\":\"https:\\\/\\\/www.revistarambla.com\\\/#organization\"},\"image\":{\"@id\":\"https:\\\/\\\/www.revistarambla.com\\\/un-rendista-de-mataro-denuncia-els-seus-llogaters-com-si-fossin-ocupes-i-jutjats-ho-admet\\\/#primaryimage\"},\"thumbnailUrl\":\"https:\\\/\\\/www.revistarambla.com\\\/wp-content\\\/uploads\\\/2025\\\/08\\\/LLOGATERS-OCUPES-MATARO.jpeg\",\"articleSection\":[\"Tribuna Libre\"],\"inLanguage\":\"en-GB\"},{\"@type\":\"WebPage\",\"@id\":\"https:\\\/\\\/www.revistarambla.com\\\/un-rendista-de-mataro-denuncia-els-seus-llogaters-com-si-fossin-ocupes-i-jutjats-ho-admet\\\/\",\"url\":\"https:\\\/\\\/www.revistarambla.com\\\/un-rendista-de-mataro-denuncia-els-seus-llogaters-com-si-fossin-ocupes-i-jutjats-ho-admet\\\/\",\"name\":\"Un rendista de Matar\u00f3 denuncia els seus llogaters com si fossin ocupes i Jutjats ho admet - Revista Rambla\",\"isPartOf\":{\"@id\":\"https:\\\/\\\/www.revistarambla.com\\\/#website\"},\"primaryImageOfPage\":{\"@id\":\"https:\\\/\\\/www.revistarambla.com\\\/un-rendista-de-mataro-denuncia-els-seus-llogaters-com-si-fossin-ocupes-i-jutjats-ho-admet\\\/#primaryimage\"},\"image\":{\"@id\":\"https:\\\/\\\/www.revistarambla.com\\\/un-rendista-de-mataro-denuncia-els-seus-llogaters-com-si-fossin-ocupes-i-jutjats-ho-admet\\\/#primaryimage\"},\"thumbnailUrl\":\"https:\\\/\\\/www.revistarambla.com\\\/wp-content\\\/uploads\\\/2025\\\/08\\\/LLOGATERS-OCUPES-MATARO.jpeg\",\"datePublished\":\"2025-08-20T18:09:04+00:00\",\"breadcrumb\":{\"@id\":\"https:\\\/\\\/www.revistarambla.com\\\/un-rendista-de-mataro-denuncia-els-seus-llogaters-com-si-fossin-ocupes-i-jutjats-ho-admet\\\/#breadcrumb\"},\"inLanguage\":\"en-GB\",\"potentialAction\":[{\"@type\":\"ReadAction\",\"target\":[\"https:\\\/\\\/www.revistarambla.com\\\/un-rendista-de-mataro-denuncia-els-seus-llogaters-com-si-fossin-ocupes-i-jutjats-ho-admet\\\/\"]}]},{\"@type\":\"ImageObject\",\"inLanguage\":\"en-GB\",\"@id\":\"https:\\\/\\\/www.revistarambla.com\\\/un-rendista-de-mataro-denuncia-els-seus-llogaters-com-si-fossin-ocupes-i-jutjats-ho-admet\\\/#primaryimage\",\"url\":\"https:\\\/\\\/www.revistarambla.com\\\/wp-content\\\/uploads\\\/2025\\\/08\\\/LLOGATERS-OCUPES-MATARO.jpeg\",\"contentUrl\":\"https:\\\/\\\/www.revistarambla.com\\\/wp-content\\\/uploads\\\/2025\\\/08\\\/LLOGATERS-OCUPES-MATARO.jpeg\",\"width\":739,\"height\":591,\"caption\":\"LLOGATERS OCUPES MATAR\u00d3\"},{\"@type\":\"BreadcrumbList\",\"@id\":\"https:\\\/\\\/www.revistarambla.com\\\/un-rendista-de-mataro-denuncia-els-seus-llogaters-com-si-fossin-ocupes-i-jutjats-ho-admet\\\/#breadcrumb\",\"itemListElement\":[{\"@type\":\"ListItem\",\"position\":1,\"name\":\"Portada\",\"item\":\"https:\\\/\\\/www.revistarambla.com\\\/\"},{\"@type\":\"ListItem\",\"position\":2,\"name\":\"Un rendista de Matar\u00f3 denuncia els seus llogaters com si fossin ocupes i Jutjats ho admet\"}]},{\"@type\":\"WebSite\",\"@id\":\"https:\\\/\\\/www.revistarambla.com\\\/#website\",\"url\":\"https:\\\/\\\/www.revistarambla.com\\\/\",\"name\":\"Revista Rambla Barcelona\",\"description\":\"Periodismo independiente\",\"publisher\":{\"@id\":\"https:\\\/\\\/www.revistarambla.com\\\/#organization\"},\"potentialAction\":[{\"@type\":\"SearchAction\",\"target\":{\"@type\":\"EntryPoint\",\"urlTemplate\":\"https:\\\/\\\/www.revistarambla.com\\\/?s={search_term_string}\"},\"query-input\":{\"@type\":\"PropertyValueSpecification\",\"valueRequired\":true,\"valueName\":\"search_term_string\"}}],\"inLanguage\":\"en-GB\"},{\"@type\":\"Organization\",\"@id\":\"https:\\\/\\\/www.revistarambla.com\\\/#organization\",\"name\":\"Revista Rambla\",\"url\":\"https:\\\/\\\/www.revistarambla.com\\\/\",\"logo\":{\"@type\":\"ImageObject\",\"inLanguage\":\"en-GB\",\"@id\":\"https:\\\/\\\/www.revistarambla.com\\\/#\\\/schema\\\/logo\\\/image\\\/\",\"url\":\"https:\\\/\\\/www.revistarambla.com\\\/wp-content\\\/uploads\\\/2020\\\/09\\\/banner_rambla_1900x600_BB.png\",\"contentUrl\":\"https:\\\/\\\/www.revistarambla.com\\\/wp-content\\\/uploads\\\/2020\\\/09\\\/banner_rambla_1900x600_BB.png\",\"width\":1900,\"height\":600,\"caption\":\"Revista Rambla\"},\"image\":{\"@id\":\"https:\\\/\\\/www.revistarambla.com\\\/#\\\/schema\\\/logo\\\/image\\\/\"},\"sameAs\":[\"https:\\\/\\\/www.facebook.com\\\/revistarambla\\\/\",\"https:\\\/\\\/x.com\\\/revistarambla\",\"https:\\\/\\\/www.instagram.com\\\/revista_rambla\",\"https:\\\/\\\/es.linkedin.com\\\/company\\\/revista-rambla\"]},{\"@type\":\"Person\",\"@id\":\"https:\\\/\\\/www.revistarambla.com\\\/#\\\/schema\\\/person\\\/2b19179a8ace334b829ad72cc6e6ce97\",\"name\":\"Sindicat Habitatge Matar\u00f3\"}]}<\/script>\n<!-- \/ Yoast SEO plugin. -->","yoast_head_json":{"title":"Un rendista de Matar\u00f3 denuncia els seus llogaters com si fossin ocupes i Jutjats ho admet - Revista Rambla","robots":{"index":"index","follow":"follow","max-snippet":"max-snippet:-1","max-image-preview":"max-image-preview:large","max-video-preview":"max-video-preview:-1"},"canonical":"https:\/\/www.revistarambla.com\/en\/un-rendista-de-mataro-denuncia-els-seus-llogaters-com-si-fossin-ocupes-i-jutjats-ho-admet\/","og_locale":"en_GB","og_type":"article","og_title":"Un rendista de Matar\u00f3 denuncia els seus llogaters com si fossin ocupes i Jutjats ho admet - Revista Rambla","og_description":"La propietat ha denunciat la dona del titular del contracte com si fos una ocupa i Jutjats de Matar\u00f3 ha ordenat un desnonament cautelar","og_url":"https:\/\/www.revistarambla.com\/en\/un-rendista-de-mataro-denuncia-els-seus-llogaters-com-si-fossin-ocupes-i-jutjats-ho-admet\/","og_site_name":"Revista Rambla","article_publisher":"https:\/\/www.facebook.com\/revistarambla\/","article_published_time":"2025-08-20T18:09:04+00:00","og_image":[{"width":739,"height":591,"url":"https:\/\/www.revistarambla.com\/wp-content\/uploads\/2025\/08\/LLOGATERS-OCUPES-MATARO.jpeg","type":"image\/jpeg"}],"author":"Sindicat Habitatge Matar\u00f3","twitter_card":"summary_large_image","twitter_creator":"@revistarambla","twitter_site":"@revistarambla","twitter_misc":{"Written by":"Sindicat Habitatge Matar\u00f3","Estimated reading time":"3 minutes"},"schema":{"@context":"https:\/\/schema.org","@graph":[{"@type":"Article","@id":"https:\/\/www.revistarambla.com\/un-rendista-de-mataro-denuncia-els-seus-llogaters-com-si-fossin-ocupes-i-jutjats-ho-admet\/#article","isPartOf":{"@id":"https:\/\/www.revistarambla.com\/un-rendista-de-mataro-denuncia-els-seus-llogaters-com-si-fossin-ocupes-i-jutjats-ho-admet\/"},"author":{"name":"Sindicat Habitatge Matar\u00f3","@id":"https:\/\/www.revistarambla.com\/#\/schema\/person\/2b19179a8ace334b829ad72cc6e6ce97"},"headline":"Un rendista de Matar\u00f3 denuncia els seus llogaters com si fossin ocupes i Jutjats ho admet","datePublished":"2025-08-20T18:09:04+00:00","mainEntityOfPage":{"@id":"https:\/\/www.revistarambla.com\/un-rendista-de-mataro-denuncia-els-seus-llogaters-com-si-fossin-ocupes-i-jutjats-ho-admet\/"},"wordCount":454,"publisher":{"@id":"https:\/\/www.revistarambla.com\/#organization"},"image":{"@id":"https:\/\/www.revistarambla.com\/un-rendista-de-mataro-denuncia-els-seus-llogaters-com-si-fossin-ocupes-i-jutjats-ho-admet\/#primaryimage"},"thumbnailUrl":"https:\/\/www.revistarambla.com\/wp-content\/uploads\/2025\/08\/LLOGATERS-OCUPES-MATARO.jpeg","articleSection":["Tribuna Libre"],"inLanguage":"en-GB"},{"@type":"WebPage","@id":"https:\/\/www.revistarambla.com\/un-rendista-de-mataro-denuncia-els-seus-llogaters-com-si-fossin-ocupes-i-jutjats-ho-admet\/","url":"https:\/\/www.revistarambla.com\/un-rendista-de-mataro-denuncia-els-seus-llogaters-com-si-fossin-ocupes-i-jutjats-ho-admet\/","name":"Un rendista de Matar\u00f3 denuncia els seus llogaters com si fossin ocupes i Jutjats ho admet - Revista Rambla","isPartOf":{"@id":"https:\/\/www.revistarambla.com\/#website"},"primaryImageOfPage":{"@id":"https:\/\/www.revistarambla.com\/un-rendista-de-mataro-denuncia-els-seus-llogaters-com-si-fossin-ocupes-i-jutjats-ho-admet\/#primaryimage"},"image":{"@id":"https:\/\/www.revistarambla.com\/un-rendista-de-mataro-denuncia-els-seus-llogaters-com-si-fossin-ocupes-i-jutjats-ho-admet\/#primaryimage"},"thumbnailUrl":"https:\/\/www.revistarambla.com\/wp-content\/uploads\/2025\/08\/LLOGATERS-OCUPES-MATARO.jpeg","datePublished":"2025-08-20T18:09:04+00:00","breadcrumb":{"@id":"https:\/\/www.revistarambla.com\/un-rendista-de-mataro-denuncia-els-seus-llogaters-com-si-fossin-ocupes-i-jutjats-ho-admet\/#breadcrumb"},"inLanguage":"en-GB","potentialAction":[{"@type":"ReadAction","target":["https:\/\/www.revistarambla.com\/un-rendista-de-mataro-denuncia-els-seus-llogaters-com-si-fossin-ocupes-i-jutjats-ho-admet\/"]}]},{"@type":"ImageObject","inLanguage":"en-GB","@id":"https:\/\/www.revistarambla.com\/un-rendista-de-mataro-denuncia-els-seus-llogaters-com-si-fossin-ocupes-i-jutjats-ho-admet\/#primaryimage","url":"https:\/\/www.revistarambla.com\/wp-content\/uploads\/2025\/08\/LLOGATERS-OCUPES-MATARO.jpeg","contentUrl":"https:\/\/www.revistarambla.com\/wp-content\/uploads\/2025\/08\/LLOGATERS-OCUPES-MATARO.jpeg","width":739,"height":591,"caption":"LLOGATERS OCUPES MATAR\u00d3"},{"@type":"BreadcrumbList","@id":"https:\/\/www.revistarambla.com\/un-rendista-de-mataro-denuncia-els-seus-llogaters-com-si-fossin-ocupes-i-jutjats-ho-admet\/#breadcrumb","itemListElement":[{"@type":"ListItem","position":1,"name":"Portada","item":"https:\/\/www.revistarambla.com\/"},{"@type":"ListItem","position":2,"name":"Un rendista de Matar\u00f3 denuncia els seus llogaters com si fossin ocupes i Jutjats ho admet"}]},{"@type":"WebSite","@id":"https:\/\/www.revistarambla.com\/#website","url":"https:\/\/www.revistarambla.com\/","name":"Revista Rambla Barcelona","description":"Periodismo independiente","publisher":{"@id":"https:\/\/www.revistarambla.com\/#organization"},"potentialAction":[{"@type":"SearchAction","target":{"@type":"EntryPoint","urlTemplate":"https:\/\/www.revistarambla.com\/?s={search_term_string}"},"query-input":{"@type":"PropertyValueSpecification","valueRequired":true,"valueName":"search_term_string"}}],"inLanguage":"en-GB"},{"@type":"Organization","@id":"https:\/\/www.revistarambla.com\/#organization","name":"Revista Rambla","url":"https:\/\/www.revistarambla.com\/","logo":{"@type":"ImageObject","inLanguage":"en-GB","@id":"https:\/\/www.revistarambla.com\/#\/schema\/logo\/image\/","url":"https:\/\/www.revistarambla.com\/wp-content\/uploads\/2020\/09\/banner_rambla_1900x600_BB.png","contentUrl":"https:\/\/www.revistarambla.com\/wp-content\/uploads\/2020\/09\/banner_rambla_1900x600_BB.png","width":1900,"height":600,"caption":"Revista Rambla"},"image":{"@id":"https:\/\/www.revistarambla.com\/#\/schema\/logo\/image\/"},"sameAs":["https:\/\/www.facebook.com\/revistarambla\/","https:\/\/x.com\/revistarambla","https:\/\/www.instagram.com\/revista_rambla","https:\/\/es.linkedin.com\/company\/revista-rambla"]},{"@type":"Person","@id":"https:\/\/www.revistarambla.com\/#\/schema\/person\/2b19179a8ace334b829ad72cc6e6ce97","name":"Sindicat Habitatge Matar\u00f3"}]}},"_links":{"self":[{"href":"https:\/\/www.revistarambla.com\/en\/wp-json\/wp\/v2\/posts\/66202","targetHints":{"allow":["GET"]}}],"collection":[{"href":"https:\/\/www.revistarambla.com\/en\/wp-json\/wp\/v2\/posts"}],"about":[{"href":"https:\/\/www.revistarambla.com\/en\/wp-json\/wp\/v2\/types\/post"}],"author":[{"embeddable":true,"href":"https:\/\/www.revistarambla.com\/en\/wp-json\/wp\/v2\/users\/15"}],"replies":[{"embeddable":true,"href":"https:\/\/www.revistarambla.com\/en\/wp-json\/wp\/v2\/comments?post=66202"}],"version-history":[{"count":1,"href":"https:\/\/www.revistarambla.com\/en\/wp-json\/wp\/v2\/posts\/66202\/revisions"}],"predecessor-version":[{"id":66205,"href":"https:\/\/www.revistarambla.com\/en\/wp-json\/wp\/v2\/posts\/66202\/revisions\/66205"}],"wp:featuredmedia":[{"embeddable":true,"href":"https:\/\/www.revistarambla.com\/en\/wp-json\/wp\/v2\/media\/66203"}],"wp:attachment":[{"href":"https:\/\/www.revistarambla.com\/en\/wp-json\/wp\/v2\/media?parent=66202"}],"wp:term":[{"taxonomy":"category","embeddable":true,"href":"https:\/\/www.revistarambla.com\/en\/wp-json\/wp\/v2\/categories?post=66202"},{"taxonomy":"post_tag","embeddable":true,"href":"https:\/\/www.revistarambla.com\/en\/wp-json\/wp\/v2\/tags?post=66202"}],"curies":[{"name":"wp","href":"https:\/\/api.w.org\/{rel}","templated":true}]}}