{"id":66196,"date":"2025-08-20T14:09:20","date_gmt":"2025-08-20T12:09:20","guid":{"rendered":"https:\/\/www.revistarambla.com\/?p=66196"},"modified":"2025-08-20T14:09:20","modified_gmt":"2025-08-20T12:09:20","slug":"netanyahu-como-figura-nietzscheana-del-anticristo","status":"publish","type":"post","link":"https:\/\/www.revistarambla.com\/en\/netanyahu-como-figura-nietzscheana-del-anticristo\/","title":{"rendered":"Netanyahu como figura nietzscheana del Anticristo"},"content":{"rendered":"<h2><em>\u00bfCu\u00e1ntos m\u00e1s palestinos tienen que morir para desvelar a un falso profeta?<\/em><\/h2>\n<h4>1. Introducci\u00f3n: el periodista en Delfos<\/h4>\n<p>Un periodista moderno recorre las ruinas del antiguo Or\u00e1culo de Delfos, c\u00e1mara de sabidur\u00eda y misterio. Entre columnas derruidas y s\u00edmbolos tallados en piedra, una pitonisa lo llama: \u201cHe visto tu llegada. Traigo un art\u00edculo que debes conocer\u2026 pero cuidado: revelar su contenido podr\u00eda considerarse secreto de Estado.\u201d La pitonisa despliega ante \u00e9l un pergamino digital: su lectura no solo promete comprender a Benjamin Netanyahu desde la perspectiva nietzscheana, sino tambi\u00e9n develar los hilos invisibles del poder.<\/p>\n<p>Lo m\u00e1s inquietante: seg\u00fan ella, un programa similar a Pegasus ha espiado a todas las pitonisas modernas, garantizando que la adivinaci\u00f3n quede controlada. Ning\u00fan mensaje divino se escapa al ojo de los poderosos. La voz de la pitonisa se convierte en advertencia y broma a la vez: \u201cSi entiendes esto, recuerda\u2026 la verdad siempre tiene due\u00f1os.\u201d<\/p>\n<p>Incluso algunos or\u00e1culos digitales comentaban entre ellos sobre sus jefes invisibles, como si fueran empleados de la NSA divina, revisando cada profec\u00eda y memorizando cada mirada de asombro de los curiosos. Era un espionaje tan absurdo como perfecto.<\/p>\n<h4>2. Netanyahu como voluntad de poder colectiva<\/h4>\n<p>Su liderazgo ha encarnado una afirmaci\u00f3n radical de supervivencia y dominio existencial: frente a amenazas reales o imaginarias, ha forjado alianzas, movilizado emociones y consolidado un Estado que afirma identidad, territorio y memoria. Todo con una potencia dionis\u00edaca nietzscheana, aunque tensionada por su estilo partidista.<\/p>\n<h4>3. Lo \u201cdivino irracional\u201d y el juda\u00edsmo nacional<\/h4>\n<p>Nietzsche deseaba una experiencia trascendente imbricada en lo terrenal. El proyecto liderado por Netanyahu manifiesta esa tensi\u00f3n: no reivindica el ascetismo cristiano, sino una fe hist\u00f3rica que busca afirmarse en la tierra.<\/p>\n<h4>4. Biograf\u00eda, padre y controversias judiciales<\/h4>\n<p>Benjamin Netanyahu naci\u00f3 el 21 de octubre de 1949 en Tel Aviv. Su padre, Benzion Netanyahu, naci\u00f3 como Mieczys\u0142aw Miekowsky en Varsovia, Polonia, y m\u00e1s tarde cambi\u00f3 su apellido tras emigrar a Palestina. Benzion fue un prominente historiador y acad\u00e9mico, especializado en historia jud\u00eda medieval, que influy\u00f3 en la formaci\u00f3n intelectual de su hijo.<br \/>\nBenjamin Netanyahu milit\u00f3 en la \u00e9lite militar Sayeret Matkal y posteriormente trabaj\u00f3 como consultor econ\u00f3mico y diplom\u00e1tico antes de convertirse en primer ministro por varios periodos (1996\u20131999, 2009\u20132021 y desde 2022). Desde 2019 enfrenta un juicio por corrupci\u00f3n en tres causas (casos 1000, 2000 y 4000) y, en 2024, el Tribunal Penal Internacional emiti\u00f3 una orden de arresto por presuntos cr\u00edmenes de guerra y de lesa humanidad en Gaza.<\/p>\n<h4>5. El uso pol\u00edtico y personal de lo divino<\/h4>\n<p>En su trayectoria, Netanyahu ha mostrado c\u00f3mo lo divino puede ser instrumentalizado para fines pol\u00edticos e incluso personales. Referencias religiosas y s\u00edmbolos sagrados a menudo se movilizan para fortalecer su autoridad, justificar decisiones estrat\u00e9gicas o consolidar apoyo electoral. Lo que Nietzsche habr\u00eda se\u00f1alado como una manipulaci\u00f3n de la espiritualidad para intereses terrenales se evidencia en la manera en que la fe y la historia religiosa se convierten en herramientas de poder m\u00e1s que en fines en s\u00ed mismos.<\/p>\n<h4>6. Cr\u00edtica: el titiritero que no cree en nada<\/h4>\n<p>Pero, \u00bfqu\u00e9 tal si todo esto no fuera m\u00e1s que una farsa demasiado bien urdida? Imagina un titiritero invisible \u2014alguien que no cree en nada\u2014 cuya \u00fanica habilidad es provocar que otros pierdan la raz\u00f3n. Mientras millones discuten\u2026 \u00e9l bosteza aburrido, ajustando marionetas, redactando lemas o dise\u00f1ando estrategias de marketing cultural. La gran ideolog\u00eda no ser\u00eda ni juda\u00edsmo, ni cristianismo, ni nihilismo: ser\u00eda un \u201ccreer en el no creer\u201d, generando fanatismo en quienes todav\u00eda buscan consuelo en ideas ajenas.<\/p>\n<p>Incluso las pitonisas, con sus t\u00fanicas y serpentinas, deb\u00edan enviar sus predicciones encriptadas a servidores secretos, mientras el titiritero invisible tomaba notas con una taza de caf\u00e9, como director de una obra divina absurda.<\/p>\n<h4>7. Conclusi\u00f3n<\/h4>\n<p>Netanyahu puede ser visto como un \u201cAnticristo colectivo\u201d nietzscheano: cuestiona modelos morales decadentes y afirma una identidad vital. Pero bajo esa narrativa puede ocultarse la pulsi\u00f3n de poder \u2014la voluntad de poder m\u00e1s aut\u00e9ntica: la de dominar sin creer. La paradoja nietzscheana reaparece: todo gran acto de afirmaci\u00f3n puede ser, al mismo tiempo, una m\u00e1scara hegem\u00f3nica.<\/p>\n<p>Y el periodista, al cerrar el pergamino digital de la pitonisa, siente un escalofr\u00edo: incluso los secretos de los or\u00e1culos est\u00e1n bajo vigilancia, y la verdad puede ser m\u00e1s teatro que revelaci\u00f3n.<\/p>","protected":false},"excerpt":{"rendered":"<p>\u00bfCu\u00e1ntos m\u00e1s palestinos tienen que morir para desvelar a un falso profeta? 1. Introducci\u00f3n: el periodista en Delfos Un periodista moderno recorre las ruinas del antiguo Or\u00e1culo de Delfos, c\u00e1mara de sabidur\u00eda y misterio. Entre columnas derruidas y s\u00edmbolos tallados en piedra, una pitonisa lo llama: \u201cHe visto tu llegada. [&hellip;]<\/p>\n","protected":false},"author":294,"featured_media":57692,"comment_status":"closed","ping_status":"closed","sticky":false,"template":"","format":"standard","meta":{"footnotes":""},"categories":[3908],"tags":[],"class_list":["post-66196","post","type-post","status-publish","format-standard","has-post-thumbnail","hentry","category-la-bodeguita-de-hemingway"],"yoast_head":"<!-- This site is optimized with the Yoast SEO plugin v27.5 - https:\/\/yoast.com\/product\/yoast-seo-wordpress\/ -->\n<title>Netanyahu como figura nietzscheana del Anticristo - Revista Rambla<\/title>\n<meta name=\"robots\" content=\"index, follow, max-snippet:-1, max-image-preview:large, max-video-preview:-1\" \/>\n<link rel=\"canonical\" href=\"https:\/\/www.revistarambla.com\/en\/netanyahu-como-figura-nietzscheana-del-anticristo\/\" \/>\n<meta property=\"og:locale\" content=\"en_GB\" \/>\n<meta property=\"og:type\" content=\"article\" \/>\n<meta property=\"og:title\" content=\"Netanyahu como figura nietzscheana del Anticristo - Revista Rambla\" \/>\n<meta property=\"og:description\" content=\"\u00bfCu\u00e1ntos m\u00e1s palestinos tienen que morir para desvelar a un falso profeta? 1. Introducci\u00f3n: el periodista en Delfos Un periodista moderno recorre las ruinas del antiguo Or\u00e1culo de Delfos, c\u00e1mara de sabidur\u00eda y misterio. Entre columnas derruidas y s\u00edmbolos tallados en piedra, una pitonisa lo llama: \u201cHe visto tu llegada. [&hellip;]\" \/>\n<meta property=\"og:url\" content=\"https:\/\/www.revistarambla.com\/en\/netanyahu-como-figura-nietzscheana-del-anticristo\/\" \/>\n<meta property=\"og:site_name\" content=\"Revista Rambla\" \/>\n<meta property=\"article:publisher\" content=\"https:\/\/www.facebook.com\/revistarambla\/\" \/>\n<meta property=\"article:published_time\" content=\"2025-08-20T12:09:20+00:00\" \/>\n<meta property=\"og:image\" content=\"https:\/\/www.revistarambla.com\/wp-content\/uploads\/2023\/12\/netanyahu-israel-gaza-guerra-palestina.jpg\" \/>\n\t<meta property=\"og:image:width\" content=\"1600\" \/>\n\t<meta property=\"og:image:height\" content=\"1239\" \/>\n\t<meta property=\"og:image:type\" content=\"image\/jpeg\" \/>\n<meta name=\"author\" content=\"Jos\u00e9 Antonio Gamero Romero\" \/>\n<meta name=\"twitter:card\" content=\"summary_large_image\" \/>\n<meta name=\"twitter:creator\" content=\"@revistarambla\" \/>\n<meta name=\"twitter:site\" content=\"@revistarambla\" \/>\n<meta name=\"twitter:label1\" content=\"Written by\" \/>\n\t<meta name=\"twitter:data1\" content=\"Jos\u00e9 Antonio Gamero Romero\" \/>\n\t<meta name=\"twitter:label2\" content=\"Estimated reading time\" \/>\n\t<meta name=\"twitter:data2\" content=\"4 minutes\" \/>\n<script type=\"application\/ld+json\" class=\"yoast-schema-graph\">{\"@context\":\"https:\\\/\\\/schema.org\",\"@graph\":[{\"@type\":\"Article\",\"@id\":\"https:\\\/\\\/www.revistarambla.com\\\/netanyahu-como-figura-nietzscheana-del-anticristo\\\/#article\",\"isPartOf\":{\"@id\":\"https:\\\/\\\/www.revistarambla.com\\\/netanyahu-como-figura-nietzscheana-del-anticristo\\\/\"},\"author\":{\"name\":\"Jos\u00e9 Antonio Gamero Romero\",\"@id\":\"https:\\\/\\\/www.revistarambla.com\\\/#\\\/schema\\\/person\\\/94294f57cf4910853e3280fda7339bfc\"},\"headline\":\"Netanyahu como figura nietzscheana del Anticristo\",\"datePublished\":\"2025-08-20T12:09:20+00:00\",\"mainEntityOfPage\":{\"@id\":\"https:\\\/\\\/www.revistarambla.com\\\/netanyahu-como-figura-nietzscheana-del-anticristo\\\/\"},\"wordCount\":762,\"publisher\":{\"@id\":\"https:\\\/\\\/www.revistarambla.com\\\/#organization\"},\"image\":{\"@id\":\"https:\\\/\\\/www.revistarambla.com\\\/netanyahu-como-figura-nietzscheana-del-anticristo\\\/#primaryimage\"},\"thumbnailUrl\":\"https:\\\/\\\/www.revistarambla.com\\\/wp-content\\\/uploads\\\/2023\\\/12\\\/netanyahu-israel-gaza-guerra-palestina.jpg\",\"articleSection\":[\"La bodeguita de Hemingway\"],\"inLanguage\":\"en-GB\"},{\"@type\":\"WebPage\",\"@id\":\"https:\\\/\\\/www.revistarambla.com\\\/netanyahu-como-figura-nietzscheana-del-anticristo\\\/\",\"url\":\"https:\\\/\\\/www.revistarambla.com\\\/netanyahu-como-figura-nietzscheana-del-anticristo\\\/\",\"name\":\"Netanyahu como figura nietzscheana del Anticristo - Revista Rambla\",\"isPartOf\":{\"@id\":\"https:\\\/\\\/www.revistarambla.com\\\/#website\"},\"primaryImageOfPage\":{\"@id\":\"https:\\\/\\\/www.revistarambla.com\\\/netanyahu-como-figura-nietzscheana-del-anticristo\\\/#primaryimage\"},\"image\":{\"@id\":\"https:\\\/\\\/www.revistarambla.com\\\/netanyahu-como-figura-nietzscheana-del-anticristo\\\/#primaryimage\"},\"thumbnailUrl\":\"https:\\\/\\\/www.revistarambla.com\\\/wp-content\\\/uploads\\\/2023\\\/12\\\/netanyahu-israel-gaza-guerra-palestina.jpg\",\"datePublished\":\"2025-08-20T12:09:20+00:00\",\"breadcrumb\":{\"@id\":\"https:\\\/\\\/www.revistarambla.com\\\/netanyahu-como-figura-nietzscheana-del-anticristo\\\/#breadcrumb\"},\"inLanguage\":\"en-GB\",\"potentialAction\":[{\"@type\":\"ReadAction\",\"target\":[\"https:\\\/\\\/www.revistarambla.com\\\/netanyahu-como-figura-nietzscheana-del-anticristo\\\/\"]}]},{\"@type\":\"ImageObject\",\"inLanguage\":\"en-GB\",\"@id\":\"https:\\\/\\\/www.revistarambla.com\\\/netanyahu-como-figura-nietzscheana-del-anticristo\\\/#primaryimage\",\"url\":\"https:\\\/\\\/www.revistarambla.com\\\/wp-content\\\/uploads\\\/2023\\\/12\\\/netanyahu-israel-gaza-guerra-palestina.jpg\",\"contentUrl\":\"https:\\\/\\\/www.revistarambla.com\\\/wp-content\\\/uploads\\\/2023\\\/12\\\/netanyahu-israel-gaza-guerra-palestina.jpg\",\"width\":1600,\"height\":1239,\"caption\":\"Armamento Israel ataque ir\u00e1n genocida ocupaci\u00f3n total de Gaza\"},{\"@type\":\"BreadcrumbList\",\"@id\":\"https:\\\/\\\/www.revistarambla.com\\\/netanyahu-como-figura-nietzscheana-del-anticristo\\\/#breadcrumb\",\"itemListElement\":[{\"@type\":\"ListItem\",\"position\":1,\"name\":\"Portada\",\"item\":\"https:\\\/\\\/www.revistarambla.com\\\/\"},{\"@type\":\"ListItem\",\"position\":2,\"name\":\"Netanyahu como figura nietzscheana del Anticristo\"}]},{\"@type\":\"WebSite\",\"@id\":\"https:\\\/\\\/www.revistarambla.com\\\/#website\",\"url\":\"https:\\\/\\\/www.revistarambla.com\\\/\",\"name\":\"Revista Rambla Barcelona\",\"description\":\"Periodismo independiente\",\"publisher\":{\"@id\":\"https:\\\/\\\/www.revistarambla.com\\\/#organization\"},\"potentialAction\":[{\"@type\":\"SearchAction\",\"target\":{\"@type\":\"EntryPoint\",\"urlTemplate\":\"https:\\\/\\\/www.revistarambla.com\\\/?s={search_term_string}\"},\"query-input\":{\"@type\":\"PropertyValueSpecification\",\"valueRequired\":true,\"valueName\":\"search_term_string\"}}],\"inLanguage\":\"en-GB\"},{\"@type\":\"Organization\",\"@id\":\"https:\\\/\\\/www.revistarambla.com\\\/#organization\",\"name\":\"Revista Rambla\",\"url\":\"https:\\\/\\\/www.revistarambla.com\\\/\",\"logo\":{\"@type\":\"ImageObject\",\"inLanguage\":\"en-GB\",\"@id\":\"https:\\\/\\\/www.revistarambla.com\\\/#\\\/schema\\\/logo\\\/image\\\/\",\"url\":\"https:\\\/\\\/www.revistarambla.com\\\/wp-content\\\/uploads\\\/2020\\\/09\\\/banner_rambla_1900x600_BB.png\",\"contentUrl\":\"https:\\\/\\\/www.revistarambla.com\\\/wp-content\\\/uploads\\\/2020\\\/09\\\/banner_rambla_1900x600_BB.png\",\"width\":1900,\"height\":600,\"caption\":\"Revista Rambla\"},\"image\":{\"@id\":\"https:\\\/\\\/www.revistarambla.com\\\/#\\\/schema\\\/logo\\\/image\\\/\"},\"sameAs\":[\"https:\\\/\\\/www.facebook.com\\\/revistarambla\\\/\",\"https:\\\/\\\/x.com\\\/revistarambla\",\"https:\\\/\\\/www.instagram.com\\\/revista_rambla\",\"https:\\\/\\\/es.linkedin.com\\\/company\\\/revista-rambla\"]},{\"@type\":\"Person\",\"@id\":\"https:\\\/\\\/www.revistarambla.com\\\/#\\\/schema\\\/person\\\/94294f57cf4910853e3280fda7339bfc\",\"name\":\"Jos\u00e9 Antonio Gamero Romero\",\"description\":\"Escritor sevillano finalista del premio Azor\u00edn 2014. Ha publicado en diferentes revistas como Culturamas, E\u00f1e, Visor, etc. Sus libros son: 'La invenci\u00f3n de los gigantes' (Buc\u00e9falo 2016); 'Literatura tridimensional' (Adarve 2018); 'S\u00f3crates no vino a Espa\u00f1a' (Samarcanda 2018); 'La rep\u00fablica del fin del mundo' (Tandaia 2018) y 'La bodeguita de Hemingway'.\"}]}<\/script>\n<!-- \/ Yoast SEO plugin. -->","yoast_head_json":{"title":"Netanyahu como figura nietzscheana del Anticristo - Revista Rambla","robots":{"index":"index","follow":"follow","max-snippet":"max-snippet:-1","max-image-preview":"max-image-preview:large","max-video-preview":"max-video-preview:-1"},"canonical":"https:\/\/www.revistarambla.com\/en\/netanyahu-como-figura-nietzscheana-del-anticristo\/","og_locale":"en_GB","og_type":"article","og_title":"Netanyahu como figura nietzscheana del Anticristo - Revista Rambla","og_description":"\u00bfCu\u00e1ntos m\u00e1s palestinos tienen que morir para desvelar a un falso profeta? 1. Introducci\u00f3n: el periodista en Delfos Un periodista moderno recorre las ruinas del antiguo Or\u00e1culo de Delfos, c\u00e1mara de sabidur\u00eda y misterio. Entre columnas derruidas y s\u00edmbolos tallados en piedra, una pitonisa lo llama: \u201cHe visto tu llegada. [&hellip;]","og_url":"https:\/\/www.revistarambla.com\/en\/netanyahu-como-figura-nietzscheana-del-anticristo\/","og_site_name":"Revista Rambla","article_publisher":"https:\/\/www.facebook.com\/revistarambla\/","article_published_time":"2025-08-20T12:09:20+00:00","og_image":[{"width":1600,"height":1239,"url":"https:\/\/www.revistarambla.com\/wp-content\/uploads\/2023\/12\/netanyahu-israel-gaza-guerra-palestina.jpg","type":"image\/jpeg"}],"author":"Jos\u00e9 Antonio Gamero Romero","twitter_card":"summary_large_image","twitter_creator":"@revistarambla","twitter_site":"@revistarambla","twitter_misc":{"Written by":"Jos\u00e9 Antonio Gamero Romero","Estimated reading time":"4 minutes"},"schema":{"@context":"https:\/\/schema.org","@graph":[{"@type":"Article","@id":"https:\/\/www.revistarambla.com\/netanyahu-como-figura-nietzscheana-del-anticristo\/#article","isPartOf":{"@id":"https:\/\/www.revistarambla.com\/netanyahu-como-figura-nietzscheana-del-anticristo\/"},"author":{"name":"Jos\u00e9 Antonio Gamero Romero","@id":"https:\/\/www.revistarambla.com\/#\/schema\/person\/94294f57cf4910853e3280fda7339bfc"},"headline":"Netanyahu como figura nietzscheana del Anticristo","datePublished":"2025-08-20T12:09:20+00:00","mainEntityOfPage":{"@id":"https:\/\/www.revistarambla.com\/netanyahu-como-figura-nietzscheana-del-anticristo\/"},"wordCount":762,"publisher":{"@id":"https:\/\/www.revistarambla.com\/#organization"},"image":{"@id":"https:\/\/www.revistarambla.com\/netanyahu-como-figura-nietzscheana-del-anticristo\/#primaryimage"},"thumbnailUrl":"https:\/\/www.revistarambla.com\/wp-content\/uploads\/2023\/12\/netanyahu-israel-gaza-guerra-palestina.jpg","articleSection":["La bodeguita de Hemingway"],"inLanguage":"en-GB"},{"@type":"WebPage","@id":"https:\/\/www.revistarambla.com\/netanyahu-como-figura-nietzscheana-del-anticristo\/","url":"https:\/\/www.revistarambla.com\/netanyahu-como-figura-nietzscheana-del-anticristo\/","name":"Netanyahu como figura nietzscheana del Anticristo - Revista Rambla","isPartOf":{"@id":"https:\/\/www.revistarambla.com\/#website"},"primaryImageOfPage":{"@id":"https:\/\/www.revistarambla.com\/netanyahu-como-figura-nietzscheana-del-anticristo\/#primaryimage"},"image":{"@id":"https:\/\/www.revistarambla.com\/netanyahu-como-figura-nietzscheana-del-anticristo\/#primaryimage"},"thumbnailUrl":"https:\/\/www.revistarambla.com\/wp-content\/uploads\/2023\/12\/netanyahu-israel-gaza-guerra-palestina.jpg","datePublished":"2025-08-20T12:09:20+00:00","breadcrumb":{"@id":"https:\/\/www.revistarambla.com\/netanyahu-como-figura-nietzscheana-del-anticristo\/#breadcrumb"},"inLanguage":"en-GB","potentialAction":[{"@type":"ReadAction","target":["https:\/\/www.revistarambla.com\/netanyahu-como-figura-nietzscheana-del-anticristo\/"]}]},{"@type":"ImageObject","inLanguage":"en-GB","@id":"https:\/\/www.revistarambla.com\/netanyahu-como-figura-nietzscheana-del-anticristo\/#primaryimage","url":"https:\/\/www.revistarambla.com\/wp-content\/uploads\/2023\/12\/netanyahu-israel-gaza-guerra-palestina.jpg","contentUrl":"https:\/\/www.revistarambla.com\/wp-content\/uploads\/2023\/12\/netanyahu-israel-gaza-guerra-palestina.jpg","width":1600,"height":1239,"caption":"Armamento Israel ataque ir\u00e1n genocida ocupaci\u00f3n total de Gaza"},{"@type":"BreadcrumbList","@id":"https:\/\/www.revistarambla.com\/netanyahu-como-figura-nietzscheana-del-anticristo\/#breadcrumb","itemListElement":[{"@type":"ListItem","position":1,"name":"Portada","item":"https:\/\/www.revistarambla.com\/"},{"@type":"ListItem","position":2,"name":"Netanyahu como figura nietzscheana del Anticristo"}]},{"@type":"WebSite","@id":"https:\/\/www.revistarambla.com\/#website","url":"https:\/\/www.revistarambla.com\/","name":"Revista Rambla Barcelona","description":"Periodismo independiente","publisher":{"@id":"https:\/\/www.revistarambla.com\/#organization"},"potentialAction":[{"@type":"SearchAction","target":{"@type":"EntryPoint","urlTemplate":"https:\/\/www.revistarambla.com\/?s={search_term_string}"},"query-input":{"@type":"PropertyValueSpecification","valueRequired":true,"valueName":"search_term_string"}}],"inLanguage":"en-GB"},{"@type":"Organization","@id":"https:\/\/www.revistarambla.com\/#organization","name":"Revista Rambla","url":"https:\/\/www.revistarambla.com\/","logo":{"@type":"ImageObject","inLanguage":"en-GB","@id":"https:\/\/www.revistarambla.com\/#\/schema\/logo\/image\/","url":"https:\/\/www.revistarambla.com\/wp-content\/uploads\/2020\/09\/banner_rambla_1900x600_BB.png","contentUrl":"https:\/\/www.revistarambla.com\/wp-content\/uploads\/2020\/09\/banner_rambla_1900x600_BB.png","width":1900,"height":600,"caption":"Revista Rambla"},"image":{"@id":"https:\/\/www.revistarambla.com\/#\/schema\/logo\/image\/"},"sameAs":["https:\/\/www.facebook.com\/revistarambla\/","https:\/\/x.com\/revistarambla","https:\/\/www.instagram.com\/revista_rambla","https:\/\/es.linkedin.com\/company\/revista-rambla"]},{"@type":"Person","@id":"https:\/\/www.revistarambla.com\/#\/schema\/person\/94294f57cf4910853e3280fda7339bfc","name":"Jos\u00e9 Antonio Gamero Romero","description":"Escritor sevillano finalista del premio Azor\u00edn 2014. Ha publicado en diferentes revistas como Culturamas, E\u00f1e, Visor, etc. Sus libros son: 'La invenci\u00f3n de los gigantes' (Buc\u00e9falo 2016); 'Literatura tridimensional' (Adarve 2018); 'S\u00f3crates no vino a Espa\u00f1a' (Samarcanda 2018); 'La rep\u00fablica del fin del mundo' (Tandaia 2018) y 'La bodeguita de Hemingway'."}]}},"_links":{"self":[{"href":"https:\/\/www.revistarambla.com\/en\/wp-json\/wp\/v2\/posts\/66196","targetHints":{"allow":["GET"]}}],"collection":[{"href":"https:\/\/www.revistarambla.com\/en\/wp-json\/wp\/v2\/posts"}],"about":[{"href":"https:\/\/www.revistarambla.com\/en\/wp-json\/wp\/v2\/types\/post"}],"author":[{"embeddable":true,"href":"https:\/\/www.revistarambla.com\/en\/wp-json\/wp\/v2\/users\/294"}],"replies":[{"embeddable":true,"href":"https:\/\/www.revistarambla.com\/en\/wp-json\/wp\/v2\/comments?post=66196"}],"version-history":[{"count":2,"href":"https:\/\/www.revistarambla.com\/en\/wp-json\/wp\/v2\/posts\/66196\/revisions"}],"predecessor-version":[{"id":66198,"href":"https:\/\/www.revistarambla.com\/en\/wp-json\/wp\/v2\/posts\/66196\/revisions\/66198"}],"wp:featuredmedia":[{"embeddable":true,"href":"https:\/\/www.revistarambla.com\/en\/wp-json\/wp\/v2\/media\/57692"}],"wp:attachment":[{"href":"https:\/\/www.revistarambla.com\/en\/wp-json\/wp\/v2\/media?parent=66196"}],"wp:term":[{"taxonomy":"category","embeddable":true,"href":"https:\/\/www.revistarambla.com\/en\/wp-json\/wp\/v2\/categories?post=66196"},{"taxonomy":"post_tag","embeddable":true,"href":"https:\/\/www.revistarambla.com\/en\/wp-json\/wp\/v2\/tags?post=66196"}],"curies":[{"name":"wp","href":"https:\/\/api.w.org\/{rel}","templated":true}]}}