{"id":66193,"date":"2025-08-20T11:23:09","date_gmt":"2025-08-20T09:23:09","guid":{"rendered":"https:\/\/www.revistarambla.com\/?p=66193"},"modified":"2025-08-20T11:23:09","modified_gmt":"2025-08-20T09:23:09","slug":"un-rayo-mata-a-mas-de-200-ovejas-al-instante-cerca-de-vielha","status":"publish","type":"post","link":"https:\/\/www.revistarambla.com\/en\/un-rayo-mata-a-mas-de-200-ovejas-al-instante-cerca-de-vielha\/","title":{"rendered":"Un rayo mata a m\u00e1s de 200 ovejas al instante cerca de Vielha"},"content":{"rendered":"<p>El lunes por la tarde, el cielo sobre Vielha e Mijaran, en el coraz\u00f3n del Valle de Ar\u00e1n, se oscureci\u00f3 con nubes cargadas de furia. Una tormenta el\u00e9ctrica acompa\u00f1ada de granizo azot\u00f3 la regi\u00f3n, un fen\u00f3meno no del todo inusual en esta zona monta\u00f1osa de los Pirineos catalanes. Sin embargo, lo que ocurri\u00f3 cerca de la boca sur del t\u00fanel de Vielha, en el Cam\u00ed del Port de Vielha, convirti\u00f3 un evento clim\u00e1tico en una tragedia de proporciones devastadoras: un rayo impact\u00f3 en un reba\u00f1o, matando instant\u00e1neamente a m\u00e1s de 200 ovejas que pastaban en la zona. Este suceso no solo ha conmocionado a los ganaderos locales, sino que tambi\u00e9n ha puesto en relieve los desaf\u00edos que enfrentan quienes viven de la ganader\u00eda en un entorno tan impredecible como el pirenaico.<\/p>\n<h2>El escenario: un paisaje id\u00edlico convertido en tragedia<\/h2>\n<p>El Valle de Ar\u00e1n, conocido por su belleza natural, sus estaciones de esqu\u00ed y su rica tradici\u00f3n ganadera, es un lugar donde la vida transcurre al ritmo de las estaciones. Durante los meses de verano, los reba\u00f1os de ovejas y vacas son una vista com\u00fan en los pastos de alta monta\u00f1a, especialmente en rutas como el Cam\u00ed del Port de Vielha, que conecta el valle con la Alta Ribagor\u00e7a a trav\u00e9s de la boca sur del t\u00fanel de Vielha. Este sendero, parte del GR\u00ae211-5 y de la red de \u201cCaminos Vivos\u201d, es frecuentado por excursionistas durante el verano, atra\u00eddos por las vistas panor\u00e1micas de los Pirineos y la tranquilidad de la zona.<\/p>\n<p>El t\u00fanel de Vielha, un hito en la regi\u00f3n, es m\u00e1s que una v\u00eda de comunicaci\u00f3n. Desde su inauguraci\u00f3n en 1948 (el t\u00fanel Alfonso XIII) y su modernizaci\u00f3n con el t\u00fanel Juan Carlos I en 2007, ha sido un s\u00edmbolo de la superaci\u00f3n del aislamiento hist\u00f3rico del Valle de Ar\u00e1n. La boca sur, situada a 1.593 metros de altitud en el barranco de Mulleres, es un punto estrat\u00e9gico para los ganaderos que trasladan sus reba\u00f1os en la pr\u00e1ctica tradicional de la trashumancia.<\/p>\n<p>El lunes, sin embargo, este paisaje id\u00edlico se transform\u00f3 en un escenario de devastaci\u00f3n. Seg\u00fan los informes, un rayo impact\u00f3 directamente en un reba\u00f1o de ovejas que pastaba cerca del Cam\u00ed del Port de Vielha. La descarga el\u00e9ctrica, amplificada por el terreno h\u00famedo debido a la tormenta, mat\u00f3 a m\u00e1s de 200 animales al instante. La imagen de los cad\u00e1veres esparcidos por el camino, descrita por los ganaderos y los profesionales del Conselh Generau d\u2019Aran que acudieron al lugar, fue desoladora.<\/p>\n<h2>La respuesta inmediata: solidaridad y acci\u00f3n<\/h2>\n<p>La reacci\u00f3n de las autoridades locales y los ganaderos fue inmediata. Profesionales del Conselh Generau d\u2019Aran, junto con los propios ganaderos afectados, trabajaron arduamente para retirar los cad\u00e1veres del camino, una tarea dolorosa pero necesaria para evitar riesgos sanitarios y facilitar el paso de los excursionistas. A pesar de estos esfuerzos, algunos puntos del sendero quedaron afectados, lo que oblig\u00f3 a las autoridades a modificar ligeramente el trazado del Cam\u00ed del Port de Vielha y se\u00f1alizar una ruta alternativa temporal para evitar la zona con mayor acumulaci\u00f3n de animales muertos. Tambi\u00e9n se recomend\u00f3 a los excursionistas evitar el tramo m\u00e1s cercano al valle de Moli\u00e8res durante las primeras semanas posteriores al incidente.<\/p>\n<p>El gobierno del Valle de Ar\u00e1n expres\u00f3 su apoyo incondicional a los ganaderos afectados, reconociendo el impacto emocional y econ\u00f3mico de la p\u00e9rdida. \u201cEstamos con los ganaderos en este momento dif\u00edcil. La ganader\u00eda es una parte esencial de nuestra identidad y econom\u00eda, y haremos todo lo posible para apoyarlos\u201d, afirm\u00f3 un portavoz del Conselh Generau. Esta respuesta refleja la importancia de la ganader\u00eda en la regi\u00f3n, donde la trashumancia sigue siendo una pr\u00e1ctica viva, como lo demuestran los miles de ovejas que cruzan cada a\u00f1o municipios como Vilaller en su ruta hacia los pastos de alta monta\u00f1a.<\/p>\n<h2>El impacto econ\u00f3mico y emocional<\/h2>\n<p>La muerte de m\u00e1s de 200 ovejas representa un golpe devastador para los ganaderos afectados. En un contexto donde la ganader\u00eda extensiva ya enfrenta desaf\u00edos como los bajos precios de la lana y la carne, la competencia con productos industriales y los crecientes costos de mantenimiento, un evento de esta magnitud puede poner en riesgo la viabilidad de una explotaci\u00f3n. Cada oveja representa no solo un valor econ\u00f3mico inmediato (estimado entre 50 y 100 euros por animal, dependiendo de la edad y la raza), sino tambi\u00e9n una inversi\u00f3n a largo plazo en t\u00e9rminos de reproducci\u00f3n y producci\u00f3n de leche o carne. La p\u00e9rdida de 200 ovejas podr\u00eda traducirse en decenas de miles de euros en da\u00f1os, sin contar la producci\u00f3n futura de corderos, que un ganadero de Valdelinares estim\u00f3 en unos 10.000-12.000 euros por 164 ovejas en un caso similar en 2013.<\/p>\n<p>M\u00e1s all\u00e1 de las cifras, el impacto emocional es igualmente profundo. Para muchos ganaderos, el reba\u00f1o no es solo una fuente de ingresos, sino una forma de vida arraigada en la tradici\u00f3n. \u201cEs como perder una parte de la familia\u201d, coment\u00f3 un ganadero local que prefiri\u00f3 no ser identificado. La relaci\u00f3n entre los pastores y sus animales es cercana, forjada a trav\u00e9s de largas jornadas en el monte y el cuidado diario. Este v\u00ednculo se ve reflejado en casos como el de Feliciano Juan, un pastor de Ludiente que, en 2013, perdi\u00f3 164 corderos por un rayo y describi\u00f3 el suceso como \u201cvisto y no visto\u201d, un evento que lo dej\u00f3 conmocionado.<\/p>\n<h2>Un fen\u00f3meno no tan raro: los rayos y el ganado<\/h2>\n<p>Aunque el incidente de Vielha ha captado la atenci\u00f3n por su magnitud, no es un caso aislado. Los rayos son una amenaza conocida para el ganado en regiones monta\u00f1osas y abiertas, donde los animales suelen pastar en terrenos expuestos. En 2013, un rayo mat\u00f3 a 164 ovejas en Valdelinares, Teruel, mientras pastaban en un pinar. En 2020, 32 ovejas y una vaca murieron en Sorogain, Navarra, tras ser alcanzadas por un rayo mientras se refugiaban bajo un \u00e1rbol. M\u00e1s recientemente, en mayo de 2025, 22 vacas perecieron en Rodeiro, Pontevedra, cuando un rayo impact\u00f3 en un transformador y la corriente se propag\u00f3 a trav\u00e9s de un camino inundado. En todos estos casos, el terreno h\u00famedo o la proximidad a objetos conductores, como \u00e1rboles o estructuras met\u00e1licas, amplific\u00f3 el efecto de la descarga.<\/p>\n<p>La ciencia explica por qu\u00e9 los rayos pueden ser tan letales para el ganado. Una descarga el\u00e9ctrica de un rayo puede alcanzar tensiones superiores a los 100 millones de voltios y temperaturas de hasta 30.000 grados cent\u00edgrados. Cuando impacta en el suelo o en un objeto conductor, la corriente se propaga r\u00e1pidamente, especialmente en terrenos h\u00famedos, que act\u00faan como conductores eficientes. Los animales, con sus cuatro patas separadas en contacto con el suelo, son particularmente vulnerables, ya que la corriente puede atravesar sus cuerpos, causando paros card\u00edacos o da\u00f1os neurol\u00f3gicos irreversibles. En el caso de Vielha, la tormenta con granizo probablemente dej\u00f3 el terreno saturado de agua, lo que facilit\u00f3 la propagaci\u00f3n de la electricidad.<\/p>\n<h2>Los desaf\u00edos de la ganader\u00eda en el siglo XXI<\/h2>\n<p>El incidente de Vielha pone de manifiesto los retos a los que se enfrentan los ganaderos en un contexto de cambio clim\u00e1tico y condiciones meteorol\u00f3gicas extremas. Las tormentas el\u00e9ctricas, cada vez m\u00e1s frecuentes e intensas en los Pirineos, representan un riesgo creciente para las actividades al aire libre, especialmente en verano, cuando los reba\u00f1os est\u00e1n en los pastos de monta\u00f1a. A esto se suman otros peligros, como los ataques de depredadores (en 2017, 156 ovejas murieron despe\u00f1adas cerca del t\u00fanel de Vielha tras el ataque de un oso) y la presi\u00f3n econ\u00f3mica sobre un sector que lucha por mantenerse competitivo.<\/p>\n<p>Adem\u00e1s, la ganader\u00eda extensiva desempe\u00f1a un papel crucial en el mantenimiento de los paisajes de monta\u00f1a, previniendo incendios forestales al controlar la vegetaci\u00f3n y preservando la biodiversidad. Sin embargo, la falta de apoyos suficientes y los riesgos naturales dificultan la continuidad de esta actividad. Los seguros agrarios cubren fen\u00f3menos atmosf\u00e9ricos como los rayos, pero los ganaderos a menudo se\u00f1alan que las indemnizaciones no compensan plenamente las p\u00e9rdidas, especialmente en t\u00e9rminos de producci\u00f3n futura y el impacto emocional.<\/p>\n<p>La tragedia de Vielha ha generado un debate sobre c\u00f3mo proteger a los ganaderos de eventos clim\u00e1ticos extremos. Algunas propuestas incluyen la instalaci\u00f3n de pararrayos en zonas de pastoreo, la mejora de los sistemas de alerta meteorol\u00f3gica y el fortalecimiento de los seguros agrarios. Sin embargo, estas medidas requieren inversi\u00f3n y coordinaci\u00f3n entre las autoridades, los ganaderos y los expertos en climatolog\u00eda.<\/p>\n<p>Mientras tanto, el Valle de Ar\u00e1n se recupera lentamente del impacto. El Cam\u00ed del Port de Vielha, ahora con un trazado alternativo, sigue siendo un recordatorio de la fragilidad de la vida en la monta\u00f1a. Los ganaderos, con el apoyo de la comunidad, enfrentan el desaf\u00edo de reconstruir sus reba\u00f1os y su sustento, demostrando una resiliencia que ha caracterizado a esta regi\u00f3n durante siglos.<\/p>\n<p>En un mundo donde los fen\u00f3menos clim\u00e1ticos extremos son cada vez m\u00e1s comunes, la tragedia de Vielha no es solo una noticia local, sino un llamado a reflexionar sobre la sostenibilidad de la ganader\u00eda tradicional y la necesidad de proteger a quienes mantienen viva una forma de vida esencial para los Pirineos. Como dijo un ganadero de Rodeiro tras perder 22 vacas por un rayo: \u201cHabr\u00e1 que seguir; es lo que s\u00e9 hacer y llevo as\u00ed toda la vida\u201d.<\/p>","protected":false},"excerpt":{"rendered":"<p>El lunes por la tarde, el cielo sobre Vielha e Mijaran, en el coraz\u00f3n del Valle de Ar\u00e1n, se oscureci\u00f3 con nubes cargadas de furia. Una tormenta el\u00e9ctrica acompa\u00f1ada de granizo azot\u00f3 la regi\u00f3n, un fen\u00f3meno no del todo inusual en esta zona monta\u00f1osa de los Pirineos catalanes. Sin embargo, [&hellip;]<\/p>\n","protected":false},"author":3,"featured_media":66194,"comment_status":"closed","ping_status":"closed","sticky":false,"template":"","format":"standard","meta":{"footnotes":""},"categories":[59],"tags":[],"class_list":["post-66193","post","type-post","status-publish","format-standard","has-post-thumbnail","hentry","category-catalunya"],"yoast_head":"<!-- This site is optimized with the Yoast SEO plugin v27.5 - https:\/\/yoast.com\/product\/yoast-seo-wordpress\/ -->\n<title>Un rayo mata a m\u00e1s de 200 ovejas al instante cerca de Vielha - Revista Rambla<\/title>\n<meta name=\"robots\" content=\"index, follow, max-snippet:-1, max-image-preview:large, max-video-preview:-1\" \/>\n<link rel=\"canonical\" href=\"https:\/\/www.revistarambla.com\/en\/un-rayo-mata-a-mas-de-200-ovejas-al-instante-cerca-de-vielha\/\" \/>\n<meta property=\"og:locale\" content=\"en_GB\" \/>\n<meta property=\"og:type\" content=\"article\" \/>\n<meta property=\"og:title\" content=\"Un rayo mata a m\u00e1s de 200 ovejas al instante cerca de Vielha - Revista Rambla\" \/>\n<meta property=\"og:description\" content=\"El lunes por la tarde, el cielo sobre Vielha e Mijaran, en el coraz\u00f3n del Valle de Ar\u00e1n, se oscureci\u00f3 con nubes cargadas de furia. Una tormenta el\u00e9ctrica acompa\u00f1ada de granizo azot\u00f3 la regi\u00f3n, un fen\u00f3meno no del todo inusual en esta zona monta\u00f1osa de los Pirineos catalanes. Sin embargo, [&hellip;]\" \/>\n<meta property=\"og:url\" content=\"https:\/\/www.revistarambla.com\/en\/un-rayo-mata-a-mas-de-200-ovejas-al-instante-cerca-de-vielha\/\" \/>\n<meta property=\"og:site_name\" content=\"Revista Rambla\" \/>\n<meta property=\"article:publisher\" content=\"https:\/\/www.facebook.com\/revistarambla\/\" \/>\n<meta property=\"article:author\" content=\"https:\/\/www.facebook.com\/revistarambla\" \/>\n<meta property=\"article:published_time\" content=\"2025-08-20T09:23:09+00:00\" \/>\n<meta property=\"og:image\" content=\"https:\/\/www.revistarambla.com\/wp-content\/uploads\/2025\/08\/rayo-mata-obejas.jpeg\" \/>\n\t<meta property=\"og:image:width\" content=\"990\" \/>\n\t<meta property=\"og:image:height\" content=\"660\" \/>\n\t<meta property=\"og:image:type\" content=\"image\/jpeg\" \/>\n<meta name=\"author\" content=\"R@mbla\" \/>\n<meta name=\"twitter:card\" content=\"summary_large_image\" \/>\n<meta name=\"twitter:creator\" content=\"@revistarambla\" \/>\n<meta name=\"twitter:site\" content=\"@revistarambla\" \/>\n<meta name=\"twitter:label1\" content=\"Written by\" \/>\n\t<meta name=\"twitter:data1\" content=\"R@mbla\" \/>\n\t<meta name=\"twitter:label2\" content=\"Estimated reading time\" \/>\n\t<meta name=\"twitter:data2\" content=\"8 minutes\" \/>\n<script type=\"application\/ld+json\" class=\"yoast-schema-graph\">{\"@context\":\"https:\\\/\\\/schema.org\",\"@graph\":[{\"@type\":\"Article\",\"@id\":\"https:\\\/\\\/www.revistarambla.com\\\/un-rayo-mata-a-mas-de-200-ovejas-al-instante-cerca-de-vielha\\\/#article\",\"isPartOf\":{\"@id\":\"https:\\\/\\\/www.revistarambla.com\\\/un-rayo-mata-a-mas-de-200-ovejas-al-instante-cerca-de-vielha\\\/\"},\"author\":{\"name\":\"R@mbla\",\"@id\":\"https:\\\/\\\/www.revistarambla.com\\\/#\\\/schema\\\/person\\\/a146a5a2550b94981a75131180e1bd9c\"},\"headline\":\"Un rayo mata a m\u00e1s de 200 ovejas al instante cerca de Vielha\",\"datePublished\":\"2025-08-20T09:23:09+00:00\",\"mainEntityOfPage\":{\"@id\":\"https:\\\/\\\/www.revistarambla.com\\\/un-rayo-mata-a-mas-de-200-ovejas-al-instante-cerca-de-vielha\\\/\"},\"wordCount\":1674,\"publisher\":{\"@id\":\"https:\\\/\\\/www.revistarambla.com\\\/#organization\"},\"image\":{\"@id\":\"https:\\\/\\\/www.revistarambla.com\\\/un-rayo-mata-a-mas-de-200-ovejas-al-instante-cerca-de-vielha\\\/#primaryimage\"},\"thumbnailUrl\":\"https:\\\/\\\/www.revistarambla.com\\\/wp-content\\\/uploads\\\/2025\\\/08\\\/rayo-mata-obejas.jpeg\",\"articleSection\":[\"Catalunya\"],\"inLanguage\":\"en-GB\"},{\"@type\":\"WebPage\",\"@id\":\"https:\\\/\\\/www.revistarambla.com\\\/un-rayo-mata-a-mas-de-200-ovejas-al-instante-cerca-de-vielha\\\/\",\"url\":\"https:\\\/\\\/www.revistarambla.com\\\/un-rayo-mata-a-mas-de-200-ovejas-al-instante-cerca-de-vielha\\\/\",\"name\":\"Un rayo mata a m\u00e1s de 200 ovejas al instante cerca de Vielha - Revista Rambla\",\"isPartOf\":{\"@id\":\"https:\\\/\\\/www.revistarambla.com\\\/#website\"},\"primaryImageOfPage\":{\"@id\":\"https:\\\/\\\/www.revistarambla.com\\\/un-rayo-mata-a-mas-de-200-ovejas-al-instante-cerca-de-vielha\\\/#primaryimage\"},\"image\":{\"@id\":\"https:\\\/\\\/www.revistarambla.com\\\/un-rayo-mata-a-mas-de-200-ovejas-al-instante-cerca-de-vielha\\\/#primaryimage\"},\"thumbnailUrl\":\"https:\\\/\\\/www.revistarambla.com\\\/wp-content\\\/uploads\\\/2025\\\/08\\\/rayo-mata-obejas.jpeg\",\"datePublished\":\"2025-08-20T09:23:09+00:00\",\"breadcrumb\":{\"@id\":\"https:\\\/\\\/www.revistarambla.com\\\/un-rayo-mata-a-mas-de-200-ovejas-al-instante-cerca-de-vielha\\\/#breadcrumb\"},\"inLanguage\":\"en-GB\",\"potentialAction\":[{\"@type\":\"ReadAction\",\"target\":[\"https:\\\/\\\/www.revistarambla.com\\\/un-rayo-mata-a-mas-de-200-ovejas-al-instante-cerca-de-vielha\\\/\"]}]},{\"@type\":\"ImageObject\",\"inLanguage\":\"en-GB\",\"@id\":\"https:\\\/\\\/www.revistarambla.com\\\/un-rayo-mata-a-mas-de-200-ovejas-al-instante-cerca-de-vielha\\\/#primaryimage\",\"url\":\"https:\\\/\\\/www.revistarambla.com\\\/wp-content\\\/uploads\\\/2025\\\/08\\\/rayo-mata-obejas.jpeg\",\"contentUrl\":\"https:\\\/\\\/www.revistarambla.com\\\/wp-content\\\/uploads\\\/2025\\\/08\\\/rayo-mata-obejas.jpeg\",\"width\":990,\"height\":660,\"caption\":\"rayo mata ovejas\"},{\"@type\":\"BreadcrumbList\",\"@id\":\"https:\\\/\\\/www.revistarambla.com\\\/un-rayo-mata-a-mas-de-200-ovejas-al-instante-cerca-de-vielha\\\/#breadcrumb\",\"itemListElement\":[{\"@type\":\"ListItem\",\"position\":1,\"name\":\"Portada\",\"item\":\"https:\\\/\\\/www.revistarambla.com\\\/\"},{\"@type\":\"ListItem\",\"position\":2,\"name\":\"Un rayo mata a m\u00e1s de 200 ovejas al instante cerca de Vielha\"}]},{\"@type\":\"WebSite\",\"@id\":\"https:\\\/\\\/www.revistarambla.com\\\/#website\",\"url\":\"https:\\\/\\\/www.revistarambla.com\\\/\",\"name\":\"Revista Rambla Barcelona\",\"description\":\"Periodismo independiente\",\"publisher\":{\"@id\":\"https:\\\/\\\/www.revistarambla.com\\\/#organization\"},\"potentialAction\":[{\"@type\":\"SearchAction\",\"target\":{\"@type\":\"EntryPoint\",\"urlTemplate\":\"https:\\\/\\\/www.revistarambla.com\\\/?s={search_term_string}\"},\"query-input\":{\"@type\":\"PropertyValueSpecification\",\"valueRequired\":true,\"valueName\":\"search_term_string\"}}],\"inLanguage\":\"en-GB\"},{\"@type\":\"Organization\",\"@id\":\"https:\\\/\\\/www.revistarambla.com\\\/#organization\",\"name\":\"Revista Rambla\",\"url\":\"https:\\\/\\\/www.revistarambla.com\\\/\",\"logo\":{\"@type\":\"ImageObject\",\"inLanguage\":\"en-GB\",\"@id\":\"https:\\\/\\\/www.revistarambla.com\\\/#\\\/schema\\\/logo\\\/image\\\/\",\"url\":\"https:\\\/\\\/www.revistarambla.com\\\/wp-content\\\/uploads\\\/2020\\\/09\\\/banner_rambla_1900x600_BB.png\",\"contentUrl\":\"https:\\\/\\\/www.revistarambla.com\\\/wp-content\\\/uploads\\\/2020\\\/09\\\/banner_rambla_1900x600_BB.png\",\"width\":1900,\"height\":600,\"caption\":\"Revista Rambla\"},\"image\":{\"@id\":\"https:\\\/\\\/www.revistarambla.com\\\/#\\\/schema\\\/logo\\\/image\\\/\"},\"sameAs\":[\"https:\\\/\\\/www.facebook.com\\\/revistarambla\\\/\",\"https:\\\/\\\/x.com\\\/revistarambla\",\"https:\\\/\\\/www.instagram.com\\\/revista_rambla\",\"https:\\\/\\\/es.linkedin.com\\\/company\\\/revista-rambla\"]},{\"@type\":\"Person\",\"@id\":\"https:\\\/\\\/www.revistarambla.com\\\/#\\\/schema\\\/person\\\/a146a5a2550b94981a75131180e1bd9c\",\"name\":\"R@mbla\",\"description\":\"Este art\u00edculo ha sido redactado y\\\/o validado por el equipo de redacci\u00f3n de Revista Rambla.\",\"sameAs\":[\"https:\\\/\\\/www.revistarambla.com\\\/\",\"https:\\\/\\\/www.facebook.com\\\/revistarambla\",\"https:\\\/\\\/x.com\\\/revistarambla\"]}]}<\/script>\n<!-- \/ Yoast SEO plugin. -->","yoast_head_json":{"title":"Un rayo mata a m\u00e1s de 200 ovejas al instante cerca de Vielha - Revista Rambla","robots":{"index":"index","follow":"follow","max-snippet":"max-snippet:-1","max-image-preview":"max-image-preview:large","max-video-preview":"max-video-preview:-1"},"canonical":"https:\/\/www.revistarambla.com\/en\/un-rayo-mata-a-mas-de-200-ovejas-al-instante-cerca-de-vielha\/","og_locale":"en_GB","og_type":"article","og_title":"Un rayo mata a m\u00e1s de 200 ovejas al instante cerca de Vielha - Revista Rambla","og_description":"El lunes por la tarde, el cielo sobre Vielha e Mijaran, en el coraz\u00f3n del Valle de Ar\u00e1n, se oscureci\u00f3 con nubes cargadas de furia. Una tormenta el\u00e9ctrica acompa\u00f1ada de granizo azot\u00f3 la regi\u00f3n, un fen\u00f3meno no del todo inusual en esta zona monta\u00f1osa de los Pirineos catalanes. Sin embargo, [&hellip;]","og_url":"https:\/\/www.revistarambla.com\/en\/un-rayo-mata-a-mas-de-200-ovejas-al-instante-cerca-de-vielha\/","og_site_name":"Revista Rambla","article_publisher":"https:\/\/www.facebook.com\/revistarambla\/","article_author":"https:\/\/www.facebook.com\/revistarambla","article_published_time":"2025-08-20T09:23:09+00:00","og_image":[{"width":990,"height":660,"url":"https:\/\/www.revistarambla.com\/wp-content\/uploads\/2025\/08\/rayo-mata-obejas.jpeg","type":"image\/jpeg"}],"author":"R@mbla","twitter_card":"summary_large_image","twitter_creator":"@revistarambla","twitter_site":"@revistarambla","twitter_misc":{"Written by":"R@mbla","Estimated reading time":"8 minutes"},"schema":{"@context":"https:\/\/schema.org","@graph":[{"@type":"Article","@id":"https:\/\/www.revistarambla.com\/un-rayo-mata-a-mas-de-200-ovejas-al-instante-cerca-de-vielha\/#article","isPartOf":{"@id":"https:\/\/www.revistarambla.com\/un-rayo-mata-a-mas-de-200-ovejas-al-instante-cerca-de-vielha\/"},"author":{"name":"R@mbla","@id":"https:\/\/www.revistarambla.com\/#\/schema\/person\/a146a5a2550b94981a75131180e1bd9c"},"headline":"Un rayo mata a m\u00e1s de 200 ovejas al instante cerca de Vielha","datePublished":"2025-08-20T09:23:09+00:00","mainEntityOfPage":{"@id":"https:\/\/www.revistarambla.com\/un-rayo-mata-a-mas-de-200-ovejas-al-instante-cerca-de-vielha\/"},"wordCount":1674,"publisher":{"@id":"https:\/\/www.revistarambla.com\/#organization"},"image":{"@id":"https:\/\/www.revistarambla.com\/un-rayo-mata-a-mas-de-200-ovejas-al-instante-cerca-de-vielha\/#primaryimage"},"thumbnailUrl":"https:\/\/www.revistarambla.com\/wp-content\/uploads\/2025\/08\/rayo-mata-obejas.jpeg","articleSection":["Catalunya"],"inLanguage":"en-GB"},{"@type":"WebPage","@id":"https:\/\/www.revistarambla.com\/un-rayo-mata-a-mas-de-200-ovejas-al-instante-cerca-de-vielha\/","url":"https:\/\/www.revistarambla.com\/un-rayo-mata-a-mas-de-200-ovejas-al-instante-cerca-de-vielha\/","name":"Un rayo mata a m\u00e1s de 200 ovejas al instante cerca de Vielha - Revista Rambla","isPartOf":{"@id":"https:\/\/www.revistarambla.com\/#website"},"primaryImageOfPage":{"@id":"https:\/\/www.revistarambla.com\/un-rayo-mata-a-mas-de-200-ovejas-al-instante-cerca-de-vielha\/#primaryimage"},"image":{"@id":"https:\/\/www.revistarambla.com\/un-rayo-mata-a-mas-de-200-ovejas-al-instante-cerca-de-vielha\/#primaryimage"},"thumbnailUrl":"https:\/\/www.revistarambla.com\/wp-content\/uploads\/2025\/08\/rayo-mata-obejas.jpeg","datePublished":"2025-08-20T09:23:09+00:00","breadcrumb":{"@id":"https:\/\/www.revistarambla.com\/un-rayo-mata-a-mas-de-200-ovejas-al-instante-cerca-de-vielha\/#breadcrumb"},"inLanguage":"en-GB","potentialAction":[{"@type":"ReadAction","target":["https:\/\/www.revistarambla.com\/un-rayo-mata-a-mas-de-200-ovejas-al-instante-cerca-de-vielha\/"]}]},{"@type":"ImageObject","inLanguage":"en-GB","@id":"https:\/\/www.revistarambla.com\/un-rayo-mata-a-mas-de-200-ovejas-al-instante-cerca-de-vielha\/#primaryimage","url":"https:\/\/www.revistarambla.com\/wp-content\/uploads\/2025\/08\/rayo-mata-obejas.jpeg","contentUrl":"https:\/\/www.revistarambla.com\/wp-content\/uploads\/2025\/08\/rayo-mata-obejas.jpeg","width":990,"height":660,"caption":"rayo mata ovejas"},{"@type":"BreadcrumbList","@id":"https:\/\/www.revistarambla.com\/un-rayo-mata-a-mas-de-200-ovejas-al-instante-cerca-de-vielha\/#breadcrumb","itemListElement":[{"@type":"ListItem","position":1,"name":"Portada","item":"https:\/\/www.revistarambla.com\/"},{"@type":"ListItem","position":2,"name":"Un rayo mata a m\u00e1s de 200 ovejas al instante cerca de Vielha"}]},{"@type":"WebSite","@id":"https:\/\/www.revistarambla.com\/#website","url":"https:\/\/www.revistarambla.com\/","name":"Revista Rambla Barcelona","description":"Periodismo independiente","publisher":{"@id":"https:\/\/www.revistarambla.com\/#organization"},"potentialAction":[{"@type":"SearchAction","target":{"@type":"EntryPoint","urlTemplate":"https:\/\/www.revistarambla.com\/?s={search_term_string}"},"query-input":{"@type":"PropertyValueSpecification","valueRequired":true,"valueName":"search_term_string"}}],"inLanguage":"en-GB"},{"@type":"Organization","@id":"https:\/\/www.revistarambla.com\/#organization","name":"Revista Rambla","url":"https:\/\/www.revistarambla.com\/","logo":{"@type":"ImageObject","inLanguage":"en-GB","@id":"https:\/\/www.revistarambla.com\/#\/schema\/logo\/image\/","url":"https:\/\/www.revistarambla.com\/wp-content\/uploads\/2020\/09\/banner_rambla_1900x600_BB.png","contentUrl":"https:\/\/www.revistarambla.com\/wp-content\/uploads\/2020\/09\/banner_rambla_1900x600_BB.png","width":1900,"height":600,"caption":"Revista Rambla"},"image":{"@id":"https:\/\/www.revistarambla.com\/#\/schema\/logo\/image\/"},"sameAs":["https:\/\/www.facebook.com\/revistarambla\/","https:\/\/x.com\/revistarambla","https:\/\/www.instagram.com\/revista_rambla","https:\/\/es.linkedin.com\/company\/revista-rambla"]},{"@type":"Person","@id":"https:\/\/www.revistarambla.com\/#\/schema\/person\/a146a5a2550b94981a75131180e1bd9c","name":"R@mbla","description":"Este art\u00edculo ha sido redactado y\/o validado por el equipo de redacci\u00f3n de Revista Rambla.","sameAs":["https:\/\/www.revistarambla.com\/","https:\/\/www.facebook.com\/revistarambla","https:\/\/x.com\/revistarambla"]}]}},"_links":{"self":[{"href":"https:\/\/www.revistarambla.com\/en\/wp-json\/wp\/v2\/posts\/66193","targetHints":{"allow":["GET"]}}],"collection":[{"href":"https:\/\/www.revistarambla.com\/en\/wp-json\/wp\/v2\/posts"}],"about":[{"href":"https:\/\/www.revistarambla.com\/en\/wp-json\/wp\/v2\/types\/post"}],"author":[{"embeddable":true,"href":"https:\/\/www.revistarambla.com\/en\/wp-json\/wp\/v2\/users\/3"}],"replies":[{"embeddable":true,"href":"https:\/\/www.revistarambla.com\/en\/wp-json\/wp\/v2\/comments?post=66193"}],"version-history":[{"count":1,"href":"https:\/\/www.revistarambla.com\/en\/wp-json\/wp\/v2\/posts\/66193\/revisions"}],"predecessor-version":[{"id":66195,"href":"https:\/\/www.revistarambla.com\/en\/wp-json\/wp\/v2\/posts\/66193\/revisions\/66195"}],"wp:featuredmedia":[{"embeddable":true,"href":"https:\/\/www.revistarambla.com\/en\/wp-json\/wp\/v2\/media\/66194"}],"wp:attachment":[{"href":"https:\/\/www.revistarambla.com\/en\/wp-json\/wp\/v2\/media?parent=66193"}],"wp:term":[{"taxonomy":"category","embeddable":true,"href":"https:\/\/www.revistarambla.com\/en\/wp-json\/wp\/v2\/categories?post=66193"},{"taxonomy":"post_tag","embeddable":true,"href":"https:\/\/www.revistarambla.com\/en\/wp-json\/wp\/v2\/tags?post=66193"}],"curies":[{"name":"wp","href":"https:\/\/api.w.org\/{rel}","templated":true}]}}