{"id":66188,"date":"2025-08-20T11:12:24","date_gmt":"2025-08-20T09:12:24","guid":{"rendered":"https:\/\/www.revistarambla.com\/?p=66188"},"modified":"2025-09-11T10:56:38","modified_gmt":"2025-09-11T08:56:38","slug":"la-luz-que-no-vemos-nos-unio","status":"publish","type":"post","link":"https:\/\/www.revistarambla.com\/en\/la-luz-que-no-vemos-nos-unio\/","title":{"rendered":"La luz que no vemos nos uni\u00f3"},"content":{"rendered":"<p>En las calles empedradas de Saint-Malo, donde el mar Atl\u00e1ntico azotaba las murallas medievales con furia eterna, Marie-Laure LeBlanc navegaba por un mundo de sombras eternas. <!--more-->Ciega, desde los seis a\u00f1os, hab\u00eda aprendido a mapear la realidad con los dedos y los o\u00eddos. Su padre, cerrajero del Museo de Historia Natural en Par\u00eds, le hab\u00eda construido maquetas minuciosas de la ciudad, con cada casa, cada torre y cada calle talladas en madera. \u00abEl mundo es un rompecabezas, Marie-Laure\u00bb, le dec\u00eda. \u00abIncluso en la oscuridad, puedes encontrar las piezas\u00bb.<\/p>\n<p>Pero la guerra hab\u00eda roto ese rompecabezas. En 1940, cuando los alemanes invadieron Par\u00eds, huyeron a Saint-Malo, al hogar del t\u00edo abuelo \u00c9tienne, un recluso que viv\u00eda en una casa alta y estrecha frente al mar. \u00c9tienne era un hombre roto por la Gran Guerra, obsesionado con las radios que emit\u00edan se\u00f1ales desde el \u00e9ter. Marie-Laure, ahora de diecis\u00e9is a\u00f1os, pasaba las noches escuchando sus transmisiones clandestinas: n\u00fameros codificados, poemas en franc\u00e9s, mensajes de resistencia. \u00abLa luz que no vemos\u00bb, murmuraba \u00c9tienne, refiri\u00e9ndose a las ondas invisibles que un\u00edan el mundo.<\/p>\n<p>La ocupaci\u00f3n nazi hab\u00eda transformado Saint-Malo en una fortaleza. Soldados alemanes patrullaban las murallas, requisaban alimentos y radios. Marie-Laure se mov\u00eda como un fantasma, guiada por el bast\u00f3n que su padre le hab\u00eda tallado antes de desaparecer en una redada. \u00c9l hab\u00eda sido arrestado al intentar regresar a Par\u00eds, y desde entonces, ella guardaba un secreto: un diamante maldito, el Mar de Llamas, escondido en una maqueta de la casa. \u00abProt\u00e9gelo, pero no lo mires\u00bb, le hab\u00eda dicho su padre. Era una piedra legendaria, supuestamente capaz de conceder inmortalidad, pero que tra\u00eda muerte a quien la pose\u00eda.<\/p>\n<p>A cientos de kil\u00f3metros, en las minas de carb\u00f3n de Zollverein, Alemania, Werner Pfennig crec\u00eda en un orfanato rodeado de humo y pobreza. Hu\u00e9rfano desde los ocho a\u00f1os, junto a su hermana Jutta, hab\u00eda descubierto su don para las radios. Desarmaba aparatos rotos y los hac\u00eda cantar con voces lejanas. \u00abLas ondas viajan a trav\u00e9s de todo\u00bb, le explicaba a Jutta. \u00abIncluso a trav\u00e9s de las paredes del mundo\u00bb.<\/p>\n<p>La guerra lo reclam\u00f3 temprano. A los catorce, su talento lo llev\u00f3 a una academia nazi, donde lo entrenaron como ingeniero de comunicaciones. Werner, con su cabello blanco como la nieve y ojos azules, se convirti\u00f3 en un engranaje de la m\u00e1quina b\u00e9lica. En 1944, a los dieciocho a\u00f1os, fue enviado a Francia como parte de una unidad especial: rastrear transmisiones de la Resistencia. Su tarea era interceptar se\u00f1ales enemigas, triangular posiciones y llamar a los bombardeos. \u00abEncuentra la luz invisible\u00bb, le ordenaba su sargento, un hombre cruel llamado Volkheimer, apodado el Gigante.<\/p>\n<p>Werner odiaba la guerra. En las noches, sintonizaba emisoras prohibidas, recordando las historias que Jutta le contaba sobre un mundo sin fronteras. Pero la obediencia era supervivencia. Su unidad se instal\u00f3 en Saint-Malo, fortificando la ciudad contra el avance aliado. Los bombardeos aliados se intensificaban; el cielo se llenaba de aviones que soltaban muerte como lluvia.<\/p>\n<p>Marie-Laure sobreviv\u00eda en la casa de \u00c9tienne, ahora un basti\u00f3n de la Resistencia. Su t\u00edo abuelo transmit\u00eda desde el \u00e1tico, recitando pasajes de <a href=\"https:\/\/www.revistarambla.com\/en\/el-chancellor-un-viaje-al-inusual-pesimismo-de-julio-verne\/\"><em>Veinte mil leguas de viaje submarino<\/em><\/a> intercalados con c\u00f3digos. Marie-Laure lo ayudaba, memorizando n\u00fameros y girando diales con precisi\u00f3n ciega. \u00abSomos como las conchas en la playa\u00bb, le dec\u00eda \u00c9tienne. \u00abFr\u00e1giles, pero el mar no nos rompe del todo\u00bb.<\/p>\n<p>Una noche de agosto de 1944, los aliados bombardearon Saint-Malo. La ciudad se convirti\u00f3 en un infierno. Bombas silbaban, edificios se derrumbaban, el fuego devoraba las murallas. \u00c9tienne muri\u00f3 en el \u00e1tico, aplastado por una viga, pero Marie-Laure escap\u00f3 al s\u00f3tano, aferrada a su bast\u00f3n y la maqueta con el diamante. El mundo se reduc\u00eda a sonidos: explosiones, gritos, el rugido del mar. Estaba atrapada, sola, con provisiones para unos d\u00edas. Para no enloquecer, imaginaba las maquetas de su padre: cada piedra, cada curva.<\/p>\n<p>Werner y su unidad se refugiaron en un hotel requisado, pero una bomba los sepult\u00f3 bajo escombros. Solo Werner y Volkheimer sobrevivieron, atrapados en un s\u00f3tano con una radio rota. Werner la repar\u00f3 con manos temblorosas, sintonizando frecuencias al azar. En medio del caos, capt\u00f3 una se\u00f1al: una voz de ni\u00f1a recitando n\u00fameros en franc\u00e9s, seguida de un pasaje de Julio Verne. Era la transmisi\u00f3n de \u00c9tienne, ahora operada por Marie-Laure desde su escondite.<\/p>\n<p>\u00abLa voz es como una luz\u00bb, pens\u00f3 Werner. Recordaba una emisi\u00f3n similar de su infancia, una profesora francesa hablando de ciencia. Triangul\u00f3 la se\u00f1al: proven\u00eda de una casa cercana, en la Rue Vauborel. Volkheimer, herido y hambriento, orden\u00f3: \u00abEncu\u00e9ntrala. Podr\u00eda ser un esp\u00eda\u00bb. Pero Werner dudaba. La voz no era de un soldado; era pura, vulnerable.<\/p>\n<p>Los bombardeos cesaron temporalmente, dejando una ciudad en ruinas. Werner, armado con su rifle y la radio port\u00e1til, se arrastr\u00f3 por las calles destruidas. El aire ol\u00eda a humo y sal. Encontr\u00f3 la casa de \u00c9tienne, medio derruida. Subi\u00f3 las escaleras crujientes, guiado por la se\u00f1al que ahora emit\u00eda m\u00fasica: una grabaci\u00f3n de Clair de Lune.<\/p>\n<p>Marie-Laure oy\u00f3 pasos. Su coraz\u00f3n lat\u00eda como un tambor. Se escondi\u00f3 en el armario secreto del \u00e1tico, donde guardaba la radio y el diamante. \u00abNo mires atr\u00e1s\u00bb, se dijo, recordando las palabras de su padre. Pero el intruso no era un saqueador. Escuch\u00f3 una voz joven, en alem\u00e1n, con acento suave: \u00ab\u00bfHola? \u00bfHay alguien?\u00bb.<\/p>\n<p>Werner entr\u00f3 al \u00e1tico, la radio en mano. Vio la maqueta de la ciudad, intrincada y hermosa. Toc\u00f3 una torre, maravillado. Entonces, oy\u00f3 un ruido. Abri\u00f3 el armario y encontr\u00f3 a Marie-Laure, acurrucada, con ojos lechosos, fijos en la nada. Ella levant\u00f3 el bast\u00f3n como arma. \u00abNo te acerques\u00bb, susurr\u00f3 en franc\u00e9s.<\/p>\n<p>Werner retrocedi\u00f3. \u00abNo te har\u00e9 da\u00f1o\u00bb, dijo en franc\u00e9s torpe, aprendido en la academia. \u00abEscuch\u00e9 tu transmisi\u00f3n. La radio\u2026 es como la m\u00eda\u00bb.<\/p>\n<p>Marie-Laure se tens\u00f3. Era un alem\u00e1n, un enemigo. Pero su voz no era cruel; era como la de un ni\u00f1o perdido. \u00ab\u00bfEres el que rastrea se\u00f1ales?\u00bb, pregunt\u00f3.<\/p>\n<p>\u00abS\u00ed. Pero no quiero\u2026 esto\u00bb. Werner se sent\u00f3 en el suelo, exhausto. Le cont\u00f3 de su hermana Jutta, de las radios que lo salvaron de las minas. Marie-Laure, cautelosa, habl\u00f3 de su padre, de las maquetas que le daban vista al mundo invisible. Compartieron pan rancio y agua. Fuera, la guerra rug\u00eda: sirenas, disparos lejanos.<\/p>\n<p>Por horas, hablaron. Werner repar\u00f3 la radio de \u00c9tienne, y juntos sintonizaron emisiones aliadas: noticias de liberaci\u00f3n. Marie-Laure le describi\u00f3 el mar que no ve\u00eda, olas como respiraciones gigantes. Werner le habl\u00f3 de las estrellas, constelaciones que guiaban a los perdidos. En ese \u00e1tico destruido, sus mundos chocaron: la ciega que ve\u00eda con el tacto, el soldado que o\u00eda lo invisible.<\/p>\n<p>Pero la realidad irrumpi\u00f3. Volkheimer, recuperado, subi\u00f3 las escaleras. \u00abWerner, \u00bfla encontraste?\u00bb. Vio a Marie-Laure y levant\u00f3 su pistola. \u00abEs una partisana\u00bb.<\/p>\n<p>Werner se interpuso. \u00abNo. Es solo una ni\u00f1a\u00bb. Volkheimer dud\u00f3; la lealtad nazi chocaba con la humanidad. En ese momento, un bombardeo final sacudi\u00f3 la ciudad. Una bomba cay\u00f3 cerca, derrumbando parte del techo. Volkheimer fue aplastado por escombros. Werner, herido, ayud\u00f3 a Marie-Laure a escapar.<\/p>\n<p>Corrieron por las calles en llamas, guiados por el bast\u00f3n de ella y la intuici\u00f3n de \u00e9l. Encontraron refugio en una iglesia semidestruida. All\u00ed, Marie-Laure sac\u00f3 el diamante de su bolsillo. \u00abT\u00f3malo\u00bb, dijo. \u00abLl\u00e9valo a Par\u00eds, devu\u00e9lvelo al museo. No trae m\u00e1s que muerte\u00bb.<\/p>\n<p>Werner lo tom\u00f3, pero lo arroj\u00f3 al mar desde las murallas. \u00abNo necesitamos maldiciones. Sobrevivimos con lo que no vemos: esperanza\u00bb.<\/p>\n<p>Los aliados liberaron Saint-Malo d\u00edas despu\u00e9s. Werner, capturado, fue enviado a un campo de prisioneros, pero sobrevivi\u00f3 la guerra. Marie-Laure regres\u00f3 a Par\u00eds, donde encontr\u00f3 a su padre liberado. A\u00f1os despu\u00e9s, en 1950, se reencontraron en una conferencia sobre radios en Par\u00eds. Werner, ahora ingeniero pac\u00edfico, y Marie-Laure, bibliotecaria, reconocieron sus voces.<\/p>\n<p>\u00abLa luz que no vemos nos uni\u00f3\u00bb, dijo ella.<\/p>\n<p>Y en ese encuentro, entre sombras de guerra, encontraron una paz iluminada.<\/p>","protected":false},"excerpt":{"rendered":"<p>En las calles empedradas de Saint-Malo, donde el mar Atl\u00e1ntico azotaba las murallas medievales con furia eterna, Marie-Laure LeBlanc navegaba por un mundo de sombras eternas.<\/p>","protected":false},"author":1,"featured_media":66189,"comment_status":"closed","ping_status":"closed","sticky":false,"template":"","format":"standard","meta":{"footnotes":""},"categories":[4113],"tags":[],"class_list":["post-66188","post","type-post","status-publish","format-standard","has-post-thumbnail","hentry","category-cuentos-de-la-tia"],"yoast_head":"<!-- This site is optimized with the Yoast SEO plugin v27.5 - https:\/\/yoast.com\/product\/yoast-seo-wordpress\/ -->\n<title>La luz que no vemos nos uni\u00f3 - Revista Rambla<\/title>\n<meta name=\"robots\" content=\"index, follow, max-snippet:-1, max-image-preview:large, max-video-preview:-1\" \/>\n<link rel=\"canonical\" href=\"https:\/\/www.revistarambla.com\/en\/la-luz-que-no-vemos-nos-unio\/\" \/>\n<meta property=\"og:locale\" content=\"en_GB\" \/>\n<meta property=\"og:type\" content=\"article\" \/>\n<meta property=\"og:title\" content=\"La luz que no vemos nos uni\u00f3 - Revista Rambla\" \/>\n<meta property=\"og:description\" content=\"En las calles empedradas de Saint-Malo, donde el mar Atl\u00e1ntico azotaba las murallas medievales con furia eterna, Marie-Laure LeBlanc navegaba por un mundo de sombras eternas.\" \/>\n<meta property=\"og:url\" content=\"https:\/\/www.revistarambla.com\/en\/la-luz-que-no-vemos-nos-unio\/\" \/>\n<meta property=\"og:site_name\" content=\"Revista Rambla\" \/>\n<meta property=\"article:publisher\" content=\"https:\/\/www.facebook.com\/revistarambla\/\" \/>\n<meta property=\"article:published_time\" content=\"2025-08-20T09:12:24+00:00\" \/>\n<meta property=\"article:modified_time\" content=\"2025-09-11T08:56:38+00:00\" \/>\n<meta property=\"og:image\" content=\"https:\/\/www.revistarambla.com\/wp-content\/uploads\/2025\/08\/45adae23-9353-4860-9861-f8343df18e2f.jpg\" \/>\n\t<meta property=\"og:image:width\" content=\"960\" \/>\n\t<meta property=\"og:image:height\" content=\"960\" \/>\n\t<meta property=\"og:image:type\" content=\"image\/jpeg\" \/>\n<meta name=\"author\" content=\"Ingrid Asensio\" \/>\n<meta name=\"twitter:card\" content=\"summary_large_image\" \/>\n<meta name=\"twitter:creator\" content=\"@revistarambla\" \/>\n<meta name=\"twitter:site\" content=\"@revistarambla\" \/>\n<meta name=\"twitter:label1\" content=\"Written by\" \/>\n\t<meta name=\"twitter:data1\" content=\"Ingrid Asensio\" \/>\n\t<meta name=\"twitter:label2\" content=\"Estimated reading time\" \/>\n\t<meta name=\"twitter:data2\" content=\"7 minutes\" \/>\n<script type=\"application\/ld+json\" class=\"yoast-schema-graph\">{\"@context\":\"https:\\\/\\\/schema.org\",\"@graph\":[{\"@type\":\"Article\",\"@id\":\"https:\\\/\\\/www.revistarambla.com\\\/la-luz-que-no-vemos-nos-unio\\\/#article\",\"isPartOf\":{\"@id\":\"https:\\\/\\\/www.revistarambla.com\\\/la-luz-que-no-vemos-nos-unio\\\/\"},\"author\":{\"name\":\"Ingrid Asensio\",\"@id\":\"https:\\\/\\\/www.revistarambla.com\\\/#\\\/schema\\\/person\\\/4a5652fc8c82df1f8593002d038cd79e\"},\"headline\":\"La luz que no vemos nos uni\u00f3\",\"datePublished\":\"2025-08-20T09:12:24+00:00\",\"dateModified\":\"2025-09-11T08:56:38+00:00\",\"mainEntityOfPage\":{\"@id\":\"https:\\\/\\\/www.revistarambla.com\\\/la-luz-que-no-vemos-nos-unio\\\/\"},\"wordCount\":1414,\"publisher\":{\"@id\":\"https:\\\/\\\/www.revistarambla.com\\\/#organization\"},\"image\":{\"@id\":\"https:\\\/\\\/www.revistarambla.com\\\/la-luz-que-no-vemos-nos-unio\\\/#primaryimage\"},\"thumbnailUrl\":\"https:\\\/\\\/www.revistarambla.com\\\/wp-content\\\/uploads\\\/2025\\\/08\\\/45adae23-9353-4860-9861-f8343df18e2f.jpg\",\"articleSection\":[\"Cuentos de la (T)IA\"],\"inLanguage\":\"en-GB\"},{\"@type\":\"WebPage\",\"@id\":\"https:\\\/\\\/www.revistarambla.com\\\/la-luz-que-no-vemos-nos-unio\\\/\",\"url\":\"https:\\\/\\\/www.revistarambla.com\\\/la-luz-que-no-vemos-nos-unio\\\/\",\"name\":\"La luz que no vemos nos uni\u00f3 - Revista Rambla\",\"isPartOf\":{\"@id\":\"https:\\\/\\\/www.revistarambla.com\\\/#website\"},\"primaryImageOfPage\":{\"@id\":\"https:\\\/\\\/www.revistarambla.com\\\/la-luz-que-no-vemos-nos-unio\\\/#primaryimage\"},\"image\":{\"@id\":\"https:\\\/\\\/www.revistarambla.com\\\/la-luz-que-no-vemos-nos-unio\\\/#primaryimage\"},\"thumbnailUrl\":\"https:\\\/\\\/www.revistarambla.com\\\/wp-content\\\/uploads\\\/2025\\\/08\\\/45adae23-9353-4860-9861-f8343df18e2f.jpg\",\"datePublished\":\"2025-08-20T09:12:24+00:00\",\"dateModified\":\"2025-09-11T08:56:38+00:00\",\"breadcrumb\":{\"@id\":\"https:\\\/\\\/www.revistarambla.com\\\/la-luz-que-no-vemos-nos-unio\\\/#breadcrumb\"},\"inLanguage\":\"en-GB\",\"potentialAction\":[{\"@type\":\"ReadAction\",\"target\":[\"https:\\\/\\\/www.revistarambla.com\\\/la-luz-que-no-vemos-nos-unio\\\/\"]}]},{\"@type\":\"ImageObject\",\"inLanguage\":\"en-GB\",\"@id\":\"https:\\\/\\\/www.revistarambla.com\\\/la-luz-que-no-vemos-nos-unio\\\/#primaryimage\",\"url\":\"https:\\\/\\\/www.revistarambla.com\\\/wp-content\\\/uploads\\\/2025\\\/08\\\/45adae23-9353-4860-9861-f8343df18e2f.jpg\",\"contentUrl\":\"https:\\\/\\\/www.revistarambla.com\\\/wp-content\\\/uploads\\\/2025\\\/08\\\/45adae23-9353-4860-9861-f8343df18e2f.jpg\",\"width\":960,\"height\":960,\"caption\":\"Saint-Malo\"},{\"@type\":\"BreadcrumbList\",\"@id\":\"https:\\\/\\\/www.revistarambla.com\\\/la-luz-que-no-vemos-nos-unio\\\/#breadcrumb\",\"itemListElement\":[{\"@type\":\"ListItem\",\"position\":1,\"name\":\"Portada\",\"item\":\"https:\\\/\\\/www.revistarambla.com\\\/\"},{\"@type\":\"ListItem\",\"position\":2,\"name\":\"La luz que no vemos nos uni\u00f3\"}]},{\"@type\":\"WebSite\",\"@id\":\"https:\\\/\\\/www.revistarambla.com\\\/#website\",\"url\":\"https:\\\/\\\/www.revistarambla.com\\\/\",\"name\":\"Revista Rambla Barcelona\",\"description\":\"Periodismo independiente\",\"publisher\":{\"@id\":\"https:\\\/\\\/www.revistarambla.com\\\/#organization\"},\"potentialAction\":[{\"@type\":\"SearchAction\",\"target\":{\"@type\":\"EntryPoint\",\"urlTemplate\":\"https:\\\/\\\/www.revistarambla.com\\\/?s={search_term_string}\"},\"query-input\":{\"@type\":\"PropertyValueSpecification\",\"valueRequired\":true,\"valueName\":\"search_term_string\"}}],\"inLanguage\":\"en-GB\"},{\"@type\":\"Organization\",\"@id\":\"https:\\\/\\\/www.revistarambla.com\\\/#organization\",\"name\":\"Revista Rambla\",\"url\":\"https:\\\/\\\/www.revistarambla.com\\\/\",\"logo\":{\"@type\":\"ImageObject\",\"inLanguage\":\"en-GB\",\"@id\":\"https:\\\/\\\/www.revistarambla.com\\\/#\\\/schema\\\/logo\\\/image\\\/\",\"url\":\"https:\\\/\\\/www.revistarambla.com\\\/wp-content\\\/uploads\\\/2020\\\/09\\\/banner_rambla_1900x600_BB.png\",\"contentUrl\":\"https:\\\/\\\/www.revistarambla.com\\\/wp-content\\\/uploads\\\/2020\\\/09\\\/banner_rambla_1900x600_BB.png\",\"width\":1900,\"height\":600,\"caption\":\"Revista Rambla\"},\"image\":{\"@id\":\"https:\\\/\\\/www.revistarambla.com\\\/#\\\/schema\\\/logo\\\/image\\\/\"},\"sameAs\":[\"https:\\\/\\\/www.facebook.com\\\/revistarambla\\\/\",\"https:\\\/\\\/x.com\\\/revistarambla\",\"https:\\\/\\\/www.instagram.com\\\/revista_rambla\",\"https:\\\/\\\/es.linkedin.com\\\/company\\\/revista-rambla\"]},{\"@type\":\"Person\",\"@id\":\"https:\\\/\\\/www.revistarambla.com\\\/#\\\/schema\\\/person\\\/4a5652fc8c82df1f8593002d038cd79e\",\"name\":\"Ingrid Asensio\",\"description\":\"Creadora de contenido. No existo. Solo soy un avatar creado por IA.\"}]}<\/script>\n<!-- \/ Yoast SEO plugin. -->","yoast_head_json":{"title":"La luz que no vemos nos uni\u00f3 - Revista Rambla","robots":{"index":"index","follow":"follow","max-snippet":"max-snippet:-1","max-image-preview":"max-image-preview:large","max-video-preview":"max-video-preview:-1"},"canonical":"https:\/\/www.revistarambla.com\/en\/la-luz-que-no-vemos-nos-unio\/","og_locale":"en_GB","og_type":"article","og_title":"La luz que no vemos nos uni\u00f3 - Revista Rambla","og_description":"En las calles empedradas de Saint-Malo, donde el mar Atl\u00e1ntico azotaba las murallas medievales con furia eterna, Marie-Laure LeBlanc navegaba por un mundo de sombras eternas.","og_url":"https:\/\/www.revistarambla.com\/en\/la-luz-que-no-vemos-nos-unio\/","og_site_name":"Revista Rambla","article_publisher":"https:\/\/www.facebook.com\/revistarambla\/","article_published_time":"2025-08-20T09:12:24+00:00","article_modified_time":"2025-09-11T08:56:38+00:00","og_image":[{"width":960,"height":960,"url":"https:\/\/www.revistarambla.com\/wp-content\/uploads\/2025\/08\/45adae23-9353-4860-9861-f8343df18e2f.jpg","type":"image\/jpeg"}],"author":"Ingrid Asensio","twitter_card":"summary_large_image","twitter_creator":"@revistarambla","twitter_site":"@revistarambla","twitter_misc":{"Written by":"Ingrid Asensio","Estimated reading time":"7 minutes"},"schema":{"@context":"https:\/\/schema.org","@graph":[{"@type":"Article","@id":"https:\/\/www.revistarambla.com\/la-luz-que-no-vemos-nos-unio\/#article","isPartOf":{"@id":"https:\/\/www.revistarambla.com\/la-luz-que-no-vemos-nos-unio\/"},"author":{"name":"Ingrid Asensio","@id":"https:\/\/www.revistarambla.com\/#\/schema\/person\/4a5652fc8c82df1f8593002d038cd79e"},"headline":"La luz que no vemos nos uni\u00f3","datePublished":"2025-08-20T09:12:24+00:00","dateModified":"2025-09-11T08:56:38+00:00","mainEntityOfPage":{"@id":"https:\/\/www.revistarambla.com\/la-luz-que-no-vemos-nos-unio\/"},"wordCount":1414,"publisher":{"@id":"https:\/\/www.revistarambla.com\/#organization"},"image":{"@id":"https:\/\/www.revistarambla.com\/la-luz-que-no-vemos-nos-unio\/#primaryimage"},"thumbnailUrl":"https:\/\/www.revistarambla.com\/wp-content\/uploads\/2025\/08\/45adae23-9353-4860-9861-f8343df18e2f.jpg","articleSection":["Cuentos de la (T)IA"],"inLanguage":"en-GB"},{"@type":"WebPage","@id":"https:\/\/www.revistarambla.com\/la-luz-que-no-vemos-nos-unio\/","url":"https:\/\/www.revistarambla.com\/la-luz-que-no-vemos-nos-unio\/","name":"La luz que no vemos nos uni\u00f3 - Revista Rambla","isPartOf":{"@id":"https:\/\/www.revistarambla.com\/#website"},"primaryImageOfPage":{"@id":"https:\/\/www.revistarambla.com\/la-luz-que-no-vemos-nos-unio\/#primaryimage"},"image":{"@id":"https:\/\/www.revistarambla.com\/la-luz-que-no-vemos-nos-unio\/#primaryimage"},"thumbnailUrl":"https:\/\/www.revistarambla.com\/wp-content\/uploads\/2025\/08\/45adae23-9353-4860-9861-f8343df18e2f.jpg","datePublished":"2025-08-20T09:12:24+00:00","dateModified":"2025-09-11T08:56:38+00:00","breadcrumb":{"@id":"https:\/\/www.revistarambla.com\/la-luz-que-no-vemos-nos-unio\/#breadcrumb"},"inLanguage":"en-GB","potentialAction":[{"@type":"ReadAction","target":["https:\/\/www.revistarambla.com\/la-luz-que-no-vemos-nos-unio\/"]}]},{"@type":"ImageObject","inLanguage":"en-GB","@id":"https:\/\/www.revistarambla.com\/la-luz-que-no-vemos-nos-unio\/#primaryimage","url":"https:\/\/www.revistarambla.com\/wp-content\/uploads\/2025\/08\/45adae23-9353-4860-9861-f8343df18e2f.jpg","contentUrl":"https:\/\/www.revistarambla.com\/wp-content\/uploads\/2025\/08\/45adae23-9353-4860-9861-f8343df18e2f.jpg","width":960,"height":960,"caption":"Saint-Malo"},{"@type":"BreadcrumbList","@id":"https:\/\/www.revistarambla.com\/la-luz-que-no-vemos-nos-unio\/#breadcrumb","itemListElement":[{"@type":"ListItem","position":1,"name":"Portada","item":"https:\/\/www.revistarambla.com\/"},{"@type":"ListItem","position":2,"name":"La luz que no vemos nos uni\u00f3"}]},{"@type":"WebSite","@id":"https:\/\/www.revistarambla.com\/#website","url":"https:\/\/www.revistarambla.com\/","name":"Revista Rambla Barcelona","description":"Periodismo independiente","publisher":{"@id":"https:\/\/www.revistarambla.com\/#organization"},"potentialAction":[{"@type":"SearchAction","target":{"@type":"EntryPoint","urlTemplate":"https:\/\/www.revistarambla.com\/?s={search_term_string}"},"query-input":{"@type":"PropertyValueSpecification","valueRequired":true,"valueName":"search_term_string"}}],"inLanguage":"en-GB"},{"@type":"Organization","@id":"https:\/\/www.revistarambla.com\/#organization","name":"Revista Rambla","url":"https:\/\/www.revistarambla.com\/","logo":{"@type":"ImageObject","inLanguage":"en-GB","@id":"https:\/\/www.revistarambla.com\/#\/schema\/logo\/image\/","url":"https:\/\/www.revistarambla.com\/wp-content\/uploads\/2020\/09\/banner_rambla_1900x600_BB.png","contentUrl":"https:\/\/www.revistarambla.com\/wp-content\/uploads\/2020\/09\/banner_rambla_1900x600_BB.png","width":1900,"height":600,"caption":"Revista Rambla"},"image":{"@id":"https:\/\/www.revistarambla.com\/#\/schema\/logo\/image\/"},"sameAs":["https:\/\/www.facebook.com\/revistarambla\/","https:\/\/x.com\/revistarambla","https:\/\/www.instagram.com\/revista_rambla","https:\/\/es.linkedin.com\/company\/revista-rambla"]},{"@type":"Person","@id":"https:\/\/www.revistarambla.com\/#\/schema\/person\/4a5652fc8c82df1f8593002d038cd79e","name":"Ingrid Asensio","description":"Creadora de contenido. No existo. Solo soy un avatar creado por IA."}]}},"_links":{"self":[{"href":"https:\/\/www.revistarambla.com\/en\/wp-json\/wp\/v2\/posts\/66188","targetHints":{"allow":["GET"]}}],"collection":[{"href":"https:\/\/www.revistarambla.com\/en\/wp-json\/wp\/v2\/posts"}],"about":[{"href":"https:\/\/www.revistarambla.com\/en\/wp-json\/wp\/v2\/types\/post"}],"author":[{"embeddable":true,"href":"https:\/\/www.revistarambla.com\/en\/wp-json\/wp\/v2\/users\/1"}],"replies":[{"embeddable":true,"href":"https:\/\/www.revistarambla.com\/en\/wp-json\/wp\/v2\/comments?post=66188"}],"version-history":[{"count":3,"href":"https:\/\/www.revistarambla.com\/en\/wp-json\/wp\/v2\/posts\/66188\/revisions"}],"predecessor-version":[{"id":66192,"href":"https:\/\/www.revistarambla.com\/en\/wp-json\/wp\/v2\/posts\/66188\/revisions\/66192"}],"wp:featuredmedia":[{"embeddable":true,"href":"https:\/\/www.revistarambla.com\/en\/wp-json\/wp\/v2\/media\/66189"}],"wp:attachment":[{"href":"https:\/\/www.revistarambla.com\/en\/wp-json\/wp\/v2\/media?parent=66188"}],"wp:term":[{"taxonomy":"category","embeddable":true,"href":"https:\/\/www.revistarambla.com\/en\/wp-json\/wp\/v2\/categories?post=66188"},{"taxonomy":"post_tag","embeddable":true,"href":"https:\/\/www.revistarambla.com\/en\/wp-json\/wp\/v2\/tags?post=66188"}],"curies":[{"name":"wp","href":"https:\/\/api.w.org\/{rel}","templated":true}]}}