{"id":66185,"date":"2025-08-19T19:33:12","date_gmt":"2025-08-19T17:33:12","guid":{"rendered":"https:\/\/www.revistarambla.com\/?p=66185"},"modified":"2025-08-21T19:44:08","modified_gmt":"2025-08-21T17:44:08","slug":"el-auge-de-la-ultraderecha-en-espana-nuevos-actores-del-odio-en-un-contexto-global","status":"publish","type":"post","link":"https:\/\/www.revistarambla.com\/en\/el-auge-de-la-ultraderecha-en-espana-nuevos-actores-del-odio-en-un-contexto-global\/","title":{"rendered":"El auge de la ultraderecha en Espa\u00f1a: nuevos actores del odio en un contexto global"},"content":{"rendered":"<p>En un mundo cada vez m\u00e1s polarizado, donde las narrativas de odio se entretejen con las din\u00e1micas pol\u00edticas cotidianas, un informe reciente del Global Project Against Hate and Extremism (GPAHE) ha encendido las alarmas sobre el resurgimiento del extremismo de ultraderecha. Publicado a finales de julio de 2025, el documento titulado \u00abExtensive Network of Far-Right Hate and Extremist Groups in Spain\u00bb revela un ecosistema de grupos cada vez m\u00e1s sofisticados, coordinados y legitimados por la normalizaci\u00f3n de partidos de extrema derecha. Espa\u00f1a, que durante d\u00e9cadas se consideraba una excepci\u00f3n en Europa por su aparente inmunidad al auge ultraderechista, emerge ahora como un epicentro de esta tendencia transnacional.<\/p>\n<p>El GPAHE, una organizaci\u00f3n no gubernamental fundada en 2020 por expertas como Heidi Beirich y Wendy Via, se dedica a monitorear y combatir el odio y el extremismo a nivel global. Su misi\u00f3n incluye exponer redes transnacionales de racismo, supremacismo blanco y discriminaci\u00f3n, as\u00ed como presionar a plataformas tecnol\u00f3gicas para que asuman responsabilidad. El informe en cuesti\u00f3n forma parte de una serie de reportes por pa\u00eds, que abarcan desde M\u00e9xico hasta Europa, y destaca c\u00f3mo el extremismo de derechas no es un fen\u00f3meno aislado, sino un movimiento interconectado que amenaza instituciones democr\u00e1ticas en m\u00faltiples naciones. Seg\u00fan Beirich, \u00aben Espa\u00f1a est\u00e1 emergiendo una escena ultraderechista sofisticada, desde neonazis y supremacistas blancos hasta movimientos anti-LGBTQ+ con poder e influencia\u00bb.<\/p>\n<h2>El Contexto Hist\u00f3rico y el Cambio en Espa\u00f1a<\/h2>\n<p>Desde la Transici\u00f3n democr\u00e1tica de los a\u00f1os 70, Espa\u00f1a ha lidiado con el legado del franquismo, un r\u00e9gimen autoritario que promovi\u00f3 el nacionalismo exacerbado y la represi\u00f3n de minor\u00edas. Sin embargo, hasta 2018, el pa\u00eds parec\u00eda resistir el avance de la extrema derecha que azotaba a vecinos como Francia o Italia. La irrupci\u00f3n de Vox, liderado por Santiago Abascal, marc\u00f3 un punto de inflexi\u00f3n. Con un discurso antiinmigraci\u00f3n, antifeminista y nost\u00e1lgico del pasado imperial, Vox obtuvo representaci\u00f3n en el Parlamento y se convirti\u00f3 en socio clave para gobiernos auton\u00f3micos del Partido Popular (PP). El informe del GPAHE argumenta que esta normalizaci\u00f3n ha abierto las puertas a grupos m\u00e1s radicales, creando un \u00abefecto domin\u00f3\u00bb donde el odio se legitima en el debate p\u00fablico.<\/p>\n<p>Sociol\u00f3gicamente, este auge se explica por factores como la crisis econ\u00f3mica de 2008, que exacerb\u00f3 desigualdades y gener\u00f3 resentimiento hacia inmigrantes; la globalizaci\u00f3n cultural, percibida como una amenaza a la identidad nacional; y el rol de las redes sociales en la amplificaci\u00f3n de narrativas conspirativas. Teor\u00edas como la del \u00abGran Reemplazo\u00bb \u2013que alega un plan para sustituir a la poblaci\u00f3n blanca europea por inmigrantes\u2013 han calado hondo, fomentando un clima de xenofobia. En Espa\u00f1a, esto se manifiesta en un aumento de cr\u00edmenes de odio: seg\u00fan datos del Ministerio del Interior, los incidentes por racismo y xenofobia crecieron un 15% en 2024, con picos en regiones como Catalu\u00f1a y Andaluc\u00eda.<\/p>\n<h2>Los Nuevos Actores del Odio: Un Mapa de la Extremidad<\/h2>\n<p>El informe identifica al menos 18 grupos activos en Espa\u00f1a, desde organizaciones pol\u00edticas hasta colectivos juveniles y culturales, muchos de ellos emergentes en los \u00faltimos a\u00f1os. Estos \u00abnuevos actores del odio\u00bb combinan ideolog\u00edas tradicionales como el neonazismo con t\u00e1cticas modernas, como el uso de influencers y campa\u00f1as virales en redes sociales.<\/p>\n<p>Entre los m\u00e1s destacados se encuentran:<\/p>\n<p>&#8211; <strong>Vox y CitizenGO<\/strong>: Aunque Vox es un partido pol\u00edtico establecido, el GPAHE lo incluye por su rol en la legitimaci\u00f3n del extremismo. CitizenGO, ligada a la plataforma HazteOir, promueve campa\u00f1as anti-LGBTQ+, antiaborto y antifeministas, con influencia en pa\u00edses hispanohablantes. Ambas organizaciones exportan su modelo a Am\u00e9rica Latina, donde coordinan con aliados en M\u00e9xico y Argentina.<\/p>\n<p>&#8211; <strong>Democracia Nacional (DN) y Espa\u00f1a2000<\/strong>: Grupos veteranos con ra\u00edces en el neofascismo, promueven el \u00abremigraci\u00f3n\u00bb \u2013un eufemismo para la expulsi\u00f3n masiva de inmigrantes\u2013 y la teor\u00eda del Gran Reemplazo. DN ha organizado protestas contra mezquitas y centros de acogida.<\/p>\n<p>&#8211; <strong>Falange Espa\u00f1ola de las JONS y La Falange<\/strong>: Herederos directos del franquismo, reviven s\u00edmbolos fascistas y llaman a la unidad nacional contra \u00abel separatismo y la inmigraci\u00f3n\u00bb. Han participado en actos violentos, como el asalto a sedes independentistas en Catalu\u00f1a.<\/p>\n<p>&#8211; <strong>N\u00facleo Nacional y Se Acab\u00f3 La Fiesta<\/strong>: J\u00f3venes y din\u00e1micos, estos grupos surgieron de protestas en 2023 contra el PSOE en Madrid. N\u00facleo Nacional adopta s\u00edmbolos neonazis y antisemitas, mientras Se Acab\u00f3 La Fiesta moviliza manifestaciones antiinmigrantes con rapidez, usando TikTok y Telegram para reclutar. Un ejemplo reciente es la violencia en <a href=\"https:\/\/www.revistarambla.com\/en\/torre-pacheco-un-polvorin-de-tensiones-sociales-alentadas-por-la-ultraderecha\/\">Torre-Pacheco<\/a>, donde el grupo Deport Them Now \u2013cuyo l\u00edder fue encarcelado por incitar \u00abcacer\u00edas\u00bb contra magreb\u00edes\u2013 refleja esta radicalizaci\u00f3n callejera.<\/p>\n<p>&#8211; <strong>Frente Obrero, Alian\u00e7a Catalana y Partido Feminista<\/strong>: Menos convencionales, estos incluyen un colectivo obrero con tintes nacionalistas, un partido catal\u00e1n independentista pero xen\u00f3fobo, y el Partido Feminista de <a href=\"https:\/\/www.revistarambla.com\/en\/lidia-falcon-la-ley-contra-la-violencia-de-genero-no-puede-ser-buena-si-todos-los-partidos-la-aprobaron\/\">Lidia Falc\u00f3n<\/a>, criticado por sus posturas trans-excluyentes. Estos ilustran c\u00f3mo el odio se infiltra en movimientos progresistas o regionales.<\/p>\n<p>Desde una lente sociol\u00f3gica, estos actores representan una fragmentaci\u00f3n del extremismo: ya no son monolitos ideol\u00f3gicos, sino redes h\u00edbridas que atraen a j\u00f3venes descontentos con el sistema. La teor\u00eda de la movilizaci\u00f3n de recursos (Tilly, 1978) explica su \u00e9xito: acceso a fondos internacionales, como donaciones de fundaciones conservadoras en EE.UU., y el uso de plataformas digitales para coordinar acciones.<\/p>\n<h2>Sofisticaci\u00f3n y Coordinaci\u00f3n: De lo Local a lo Transnacional<\/h2>\n<p>Lo que hace a esta ultraderecha \u00abcada vez m\u00e1s sofisticada\u00bb, seg\u00fan el GPAHE, es su evoluci\u00f3n t\u00e1ctica. Wendy Via advierte: \u00abMuchos de estos grupos no solo est\u00e1n rescatando los s\u00edmbolos y el lenguaje del fascismo, sino que adem\u00e1s est\u00e1n forjando alianzas internacionales que amenazan las instituciones democr\u00e1ticas no solo en Europa, tambi\u00e9n en el resto del mundo\u00bb. En Espa\u00f1a, esto se ve en la integraci\u00f3n de pseudo medios e influencers que difunden desinformaci\u00f3n, como campa\u00f1as islam\u00f3fobas que celebran incidentes como el incendio de una mezquita en Piera, Catalu\u00f1a.<\/p>\n<p>La coordinaci\u00f3n es evidente en conexiones con redes globales: inspiraci\u00f3n en figuras como Tucker Carlson o Viktor Orb\u00e1n, y lazos con grupos en Hungr\u00eda, EE.UU. y Latinoam\u00e9rica. Por ejemplo, CitizenGO y la Political Network for Values (PNfV) \u2013con miembros como el exministro del PP Jaime Mayor Oreja\u2013 operan en 14 pa\u00edses, promoviendo agendas anti-progresistas. Esta transnacionalidad refleja un \u00abefecto red\u00bb sociol\u00f3gico, donde el odio se propaga como un virus social, amplificado por algoritmos de redes que priorizan contenido polarizante.<\/p>\n<p>El informe alerta sobre c\u00f3mo esta coordinaci\u00f3n fomenta violencia organizada: cr\u00edmenes de odio en aumento, con un 20% atribuibles a grupos organizados en 2024. En un contexto global, patrones similares se observan en el Reino Unido (disturbios antiinmigrantes) y Francia (avance del Rassemblement National), sugiriendo un \u00abcontagio\u00bb ideol\u00f3gico.<\/p>\n<h2>Legitimaci\u00f3n por Normalizaci\u00f3n: El Rol de los Partidos Pol\u00edticos<\/h2>\n<p>Un aspecto clave del informe es c\u00f3mo la normalizaci\u00f3n de partidos como Vox legitima el extremismo. El PP, para gobernar en regiones como Valencia o Andaluc\u00eda, ha cedido terreno ideol\u00f3gico, adoptando posturas m\u00e1s duras en inmigraci\u00f3n y g\u00e9nero. Esto crea un \u00abefecto halo\u00bb: lo que antes era marginal ahora parece aceptable. Sociol\u00f3gicamente, esto se alinea con la teor\u00eda de la ventana de Overton, donde ideas extremas se desplazan al centro del debate.<\/p>\n<p>El GPAHE se\u00f1ala que \u00abun fen\u00f3meno que no solo ocurre en Espa\u00f1a, sino que es una tendencia global de las derechas, cada vez m\u00e1s indistinguibles de sus competidores de extrema derecha\u00bb. En Latinoam\u00e9rica, Vox act\u00faa como puente, exportando estrategias a aliados en Bolivia o Chile, donde el autoritarismo gana terreno.<\/p>\n<p>Las implicaciones sociales son profundas: erosi\u00f3n de la cohesi\u00f3n, con minor\u00edas (inmigrantes, LGBTQ+, gitanos) enfrentando mayor discriminaci\u00f3n. Estudios sociol\u00f3gicos como los de Putnam (2000) sobre capital social advierten que el odio fragmenta comunidades, reduciendo la confianza interpersonal y fomentando guetos ideol\u00f3gicos.<\/p>\n<h2>Impactos Sociol\u00f3gicos y Alertas para el Futuro<\/h2>\n<p>Desde una perspectiva sociol\u00f3gica, el auge de estos grupos responde a anom\u00eda durkheimiana: en tiempos de cambio r\u00e1pido (migraci\u00f3n, crisis clim\u00e1tica), individuos buscan identidades fuertes en narrativas excluyentes. Factores como la precariedad juvenil \u2013con un 40% de desempleo sub-25 en Espa\u00f1a\u2013 y la desinformaci\u00f3n en redes agravan esto. El informe destaca el rol de mitos nacionales: el racismo hist\u00f3rico contra moriscos y jud\u00edos se traduce en antigitanismo e islamofobia modernos.<\/p>\n<p>El GPAHE urge a acciones: monitoreo gubernamental, regulaci\u00f3n de plataformas y educaci\u00f3n c\u00edvica. En Espa\u00f1a, esto implica confrontar el legado franquista en la educaci\u00f3n y promover integraci\u00f3n multicultural.<\/p>\n<p>En conclusi\u00f3n, el informe del GPAHE no es solo un diagn\u00f3stico, sino un llamado a la acci\u00f3n contra un extremismo que amenaza la tela social. Como sociedad, Espa\u00f1a \u2013y el mundo\u2013 debe elegir entre la polarizaci\u00f3n y la solidaridad. Ignorar estas alertas podr\u00eda llevar a una erosi\u00f3n irreversible de la democracia, donde el odio se convierte en norma.<\/p>","protected":false},"excerpt":{"rendered":"<p>En un mundo cada vez m\u00e1s polarizado, donde las narrativas de odio se entretejen con las din\u00e1micas pol\u00edticas cotidianas, un informe reciente del Global Project Against Hate and Extremism (GPAHE) ha encendido las alarmas sobre el resurgimiento del extremismo de ultraderecha. Publicado a finales de julio de 2025, el documento [&hellip;]<\/p>\n","protected":false},"author":3,"featured_media":21392,"comment_status":"closed","ping_status":"closed","sticky":false,"template":"","format":"standard","meta":{"footnotes":""},"categories":[58],"tags":[],"class_list":["post-66185","post","type-post","status-publish","format-standard","has-post-thumbnail","hentry","category-estado-espanol"],"yoast_head":"<!-- This site is optimized with the Yoast SEO plugin v27.5 - https:\/\/yoast.com\/product\/yoast-seo-wordpress\/ -->\n<title>El auge de la ultraderecha en Espa\u00f1a: nuevos actores del odio en un contexto global - Revista Rambla<\/title>\n<meta name=\"robots\" content=\"index, follow, max-snippet:-1, max-image-preview:large, max-video-preview:-1\" \/>\n<link rel=\"canonical\" href=\"https:\/\/www.revistarambla.com\/en\/el-auge-de-la-ultraderecha-en-espana-nuevos-actores-del-odio-en-un-contexto-global\/\" \/>\n<meta property=\"og:locale\" content=\"en_GB\" \/>\n<meta property=\"og:type\" content=\"article\" \/>\n<meta property=\"og:title\" content=\"El auge de la ultraderecha en Espa\u00f1a: nuevos actores del odio en un contexto global - Revista Rambla\" \/>\n<meta property=\"og:description\" content=\"En un mundo cada vez m\u00e1s polarizado, donde las narrativas de odio se entretejen con las din\u00e1micas pol\u00edticas cotidianas, un informe reciente del Global Project Against Hate and Extremism (GPAHE) ha encendido las alarmas sobre el resurgimiento del extremismo de ultraderecha. Publicado a finales de julio de 2025, el documento [&hellip;]\" \/>\n<meta property=\"og:url\" content=\"https:\/\/www.revistarambla.com\/en\/el-auge-de-la-ultraderecha-en-espana-nuevos-actores-del-odio-en-un-contexto-global\/\" \/>\n<meta property=\"og:site_name\" content=\"Revista Rambla\" \/>\n<meta property=\"article:publisher\" content=\"https:\/\/www.facebook.com\/revistarambla\/\" \/>\n<meta property=\"article:author\" content=\"https:\/\/www.facebook.com\/revistarambla\" \/>\n<meta property=\"article:published_time\" content=\"2025-08-19T17:33:12+00:00\" \/>\n<meta property=\"article:modified_time\" content=\"2025-08-21T17:44:08+00:00\" \/>\n<meta property=\"og:image\" content=\"https:\/\/www.revistarambla.com\/wp-content\/uploads\/2019\/11\/franco-11.jpg\" \/>\n\t<meta property=\"og:image:width\" content=\"1134\" \/>\n\t<meta property=\"og:image:height\" content=\"756\" \/>\n\t<meta property=\"og:image:type\" content=\"image\/jpeg\" \/>\n<meta name=\"author\" content=\"R@mbla\" \/>\n<meta name=\"twitter:card\" content=\"summary_large_image\" \/>\n<meta name=\"twitter:creator\" content=\"@revistarambla\" \/>\n<meta name=\"twitter:site\" content=\"@revistarambla\" \/>\n<meta name=\"twitter:label1\" content=\"Written by\" \/>\n\t<meta name=\"twitter:data1\" content=\"R@mbla\" \/>\n\t<meta name=\"twitter:label2\" content=\"Estimated reading time\" \/>\n\t<meta name=\"twitter:data2\" content=\"7 minutes\" \/>\n<script type=\"application\/ld+json\" class=\"yoast-schema-graph\">{\"@context\":\"https:\\\/\\\/schema.org\",\"@graph\":[{\"@type\":\"Article\",\"@id\":\"https:\\\/\\\/www.revistarambla.com\\\/el-auge-de-la-ultraderecha-en-espana-nuevos-actores-del-odio-en-un-contexto-global\\\/#article\",\"isPartOf\":{\"@id\":\"https:\\\/\\\/www.revistarambla.com\\\/el-auge-de-la-ultraderecha-en-espana-nuevos-actores-del-odio-en-un-contexto-global\\\/\"},\"author\":{\"name\":\"R@mbla\",\"@id\":\"https:\\\/\\\/www.revistarambla.com\\\/#\\\/schema\\\/person\\\/a146a5a2550b94981a75131180e1bd9c\"},\"headline\":\"El auge de la ultraderecha en Espa\u00f1a: nuevos actores del odio en un contexto global\",\"datePublished\":\"2025-08-19T17:33:12+00:00\",\"dateModified\":\"2025-08-21T17:44:08+00:00\",\"mainEntityOfPage\":{\"@id\":\"https:\\\/\\\/www.revistarambla.com\\\/el-auge-de-la-ultraderecha-en-espana-nuevos-actores-del-odio-en-un-contexto-global\\\/\"},\"wordCount\":1580,\"publisher\":{\"@id\":\"https:\\\/\\\/www.revistarambla.com\\\/#organization\"},\"image\":{\"@id\":\"https:\\\/\\\/www.revistarambla.com\\\/el-auge-de-la-ultraderecha-en-espana-nuevos-actores-del-odio-en-un-contexto-global\\\/#primaryimage\"},\"thumbnailUrl\":\"https:\\\/\\\/www.revistarambla.com\\\/wp-content\\\/uploads\\\/2019\\\/11\\\/franco-11.jpg\",\"articleSection\":[\"Estado Espa\u00f1ol\"],\"inLanguage\":\"en-GB\"},{\"@type\":\"WebPage\",\"@id\":\"https:\\\/\\\/www.revistarambla.com\\\/el-auge-de-la-ultraderecha-en-espana-nuevos-actores-del-odio-en-un-contexto-global\\\/\",\"url\":\"https:\\\/\\\/www.revistarambla.com\\\/el-auge-de-la-ultraderecha-en-espana-nuevos-actores-del-odio-en-un-contexto-global\\\/\",\"name\":\"El auge de la ultraderecha en Espa\u00f1a: nuevos actores del odio en un contexto global - Revista Rambla\",\"isPartOf\":{\"@id\":\"https:\\\/\\\/www.revistarambla.com\\\/#website\"},\"primaryImageOfPage\":{\"@id\":\"https:\\\/\\\/www.revistarambla.com\\\/el-auge-de-la-ultraderecha-en-espana-nuevos-actores-del-odio-en-un-contexto-global\\\/#primaryimage\"},\"image\":{\"@id\":\"https:\\\/\\\/www.revistarambla.com\\\/el-auge-de-la-ultraderecha-en-espana-nuevos-actores-del-odio-en-un-contexto-global\\\/#primaryimage\"},\"thumbnailUrl\":\"https:\\\/\\\/www.revistarambla.com\\\/wp-content\\\/uploads\\\/2019\\\/11\\\/franco-11.jpg\",\"datePublished\":\"2025-08-19T17:33:12+00:00\",\"dateModified\":\"2025-08-21T17:44:08+00:00\",\"breadcrumb\":{\"@id\":\"https:\\\/\\\/www.revistarambla.com\\\/el-auge-de-la-ultraderecha-en-espana-nuevos-actores-del-odio-en-un-contexto-global\\\/#breadcrumb\"},\"inLanguage\":\"en-GB\",\"potentialAction\":[{\"@type\":\"ReadAction\",\"target\":[\"https:\\\/\\\/www.revistarambla.com\\\/el-auge-de-la-ultraderecha-en-espana-nuevos-actores-del-odio-en-un-contexto-global\\\/\"]}]},{\"@type\":\"ImageObject\",\"inLanguage\":\"en-GB\",\"@id\":\"https:\\\/\\\/www.revistarambla.com\\\/el-auge-de-la-ultraderecha-en-espana-nuevos-actores-del-odio-en-un-contexto-global\\\/#primaryimage\",\"url\":\"https:\\\/\\\/www.revistarambla.com\\\/wp-content\\\/uploads\\\/2019\\\/11\\\/franco-11.jpg\",\"contentUrl\":\"https:\\\/\\\/www.revistarambla.com\\\/wp-content\\\/uploads\\\/2019\\\/11\\\/franco-11.jpg\",\"width\":1134,\"height\":756,\"caption\":\"auge de la ultraderecha en Espa\u00f1a\"},{\"@type\":\"BreadcrumbList\",\"@id\":\"https:\\\/\\\/www.revistarambla.com\\\/el-auge-de-la-ultraderecha-en-espana-nuevos-actores-del-odio-en-un-contexto-global\\\/#breadcrumb\",\"itemListElement\":[{\"@type\":\"ListItem\",\"position\":1,\"name\":\"Portada\",\"item\":\"https:\\\/\\\/www.revistarambla.com\\\/\"},{\"@type\":\"ListItem\",\"position\":2,\"name\":\"El auge de la ultraderecha en Espa\u00f1a: nuevos actores del odio en un contexto global\"}]},{\"@type\":\"WebSite\",\"@id\":\"https:\\\/\\\/www.revistarambla.com\\\/#website\",\"url\":\"https:\\\/\\\/www.revistarambla.com\\\/\",\"name\":\"Revista Rambla Barcelona\",\"description\":\"Periodismo independiente\",\"publisher\":{\"@id\":\"https:\\\/\\\/www.revistarambla.com\\\/#organization\"},\"potentialAction\":[{\"@type\":\"SearchAction\",\"target\":{\"@type\":\"EntryPoint\",\"urlTemplate\":\"https:\\\/\\\/www.revistarambla.com\\\/?s={search_term_string}\"},\"query-input\":{\"@type\":\"PropertyValueSpecification\",\"valueRequired\":true,\"valueName\":\"search_term_string\"}}],\"inLanguage\":\"en-GB\"},{\"@type\":\"Organization\",\"@id\":\"https:\\\/\\\/www.revistarambla.com\\\/#organization\",\"name\":\"Revista Rambla\",\"url\":\"https:\\\/\\\/www.revistarambla.com\\\/\",\"logo\":{\"@type\":\"ImageObject\",\"inLanguage\":\"en-GB\",\"@id\":\"https:\\\/\\\/www.revistarambla.com\\\/#\\\/schema\\\/logo\\\/image\\\/\",\"url\":\"https:\\\/\\\/www.revistarambla.com\\\/wp-content\\\/uploads\\\/2020\\\/09\\\/banner_rambla_1900x600_BB.png\",\"contentUrl\":\"https:\\\/\\\/www.revistarambla.com\\\/wp-content\\\/uploads\\\/2020\\\/09\\\/banner_rambla_1900x600_BB.png\",\"width\":1900,\"height\":600,\"caption\":\"Revista Rambla\"},\"image\":{\"@id\":\"https:\\\/\\\/www.revistarambla.com\\\/#\\\/schema\\\/logo\\\/image\\\/\"},\"sameAs\":[\"https:\\\/\\\/www.facebook.com\\\/revistarambla\\\/\",\"https:\\\/\\\/x.com\\\/revistarambla\",\"https:\\\/\\\/www.instagram.com\\\/revista_rambla\",\"https:\\\/\\\/es.linkedin.com\\\/company\\\/revista-rambla\"]},{\"@type\":\"Person\",\"@id\":\"https:\\\/\\\/www.revistarambla.com\\\/#\\\/schema\\\/person\\\/a146a5a2550b94981a75131180e1bd9c\",\"name\":\"R@mbla\",\"description\":\"Este art\u00edculo ha sido redactado y\\\/o validado por el equipo de redacci\u00f3n de Revista Rambla.\",\"sameAs\":[\"https:\\\/\\\/www.revistarambla.com\\\/\",\"https:\\\/\\\/www.facebook.com\\\/revistarambla\",\"https:\\\/\\\/x.com\\\/revistarambla\"]}]}<\/script>\n<!-- \/ Yoast SEO plugin. -->","yoast_head_json":{"title":"El auge de la ultraderecha en Espa\u00f1a: nuevos actores del odio en un contexto global - Revista Rambla","robots":{"index":"index","follow":"follow","max-snippet":"max-snippet:-1","max-image-preview":"max-image-preview:large","max-video-preview":"max-video-preview:-1"},"canonical":"https:\/\/www.revistarambla.com\/en\/el-auge-de-la-ultraderecha-en-espana-nuevos-actores-del-odio-en-un-contexto-global\/","og_locale":"en_GB","og_type":"article","og_title":"El auge de la ultraderecha en Espa\u00f1a: nuevos actores del odio en un contexto global - Revista Rambla","og_description":"En un mundo cada vez m\u00e1s polarizado, donde las narrativas de odio se entretejen con las din\u00e1micas pol\u00edticas cotidianas, un informe reciente del Global Project Against Hate and Extremism (GPAHE) ha encendido las alarmas sobre el resurgimiento del extremismo de ultraderecha. Publicado a finales de julio de 2025, el documento [&hellip;]","og_url":"https:\/\/www.revistarambla.com\/en\/el-auge-de-la-ultraderecha-en-espana-nuevos-actores-del-odio-en-un-contexto-global\/","og_site_name":"Revista Rambla","article_publisher":"https:\/\/www.facebook.com\/revistarambla\/","article_author":"https:\/\/www.facebook.com\/revistarambla","article_published_time":"2025-08-19T17:33:12+00:00","article_modified_time":"2025-08-21T17:44:08+00:00","og_image":[{"width":1134,"height":756,"url":"https:\/\/www.revistarambla.com\/wp-content\/uploads\/2019\/11\/franco-11.jpg","type":"image\/jpeg"}],"author":"R@mbla","twitter_card":"summary_large_image","twitter_creator":"@revistarambla","twitter_site":"@revistarambla","twitter_misc":{"Written by":"R@mbla","Estimated reading time":"7 minutes"},"schema":{"@context":"https:\/\/schema.org","@graph":[{"@type":"Article","@id":"https:\/\/www.revistarambla.com\/el-auge-de-la-ultraderecha-en-espana-nuevos-actores-del-odio-en-un-contexto-global\/#article","isPartOf":{"@id":"https:\/\/www.revistarambla.com\/el-auge-de-la-ultraderecha-en-espana-nuevos-actores-del-odio-en-un-contexto-global\/"},"author":{"name":"R@mbla","@id":"https:\/\/www.revistarambla.com\/#\/schema\/person\/a146a5a2550b94981a75131180e1bd9c"},"headline":"El auge de la ultraderecha en Espa\u00f1a: nuevos actores del odio en un contexto global","datePublished":"2025-08-19T17:33:12+00:00","dateModified":"2025-08-21T17:44:08+00:00","mainEntityOfPage":{"@id":"https:\/\/www.revistarambla.com\/el-auge-de-la-ultraderecha-en-espana-nuevos-actores-del-odio-en-un-contexto-global\/"},"wordCount":1580,"publisher":{"@id":"https:\/\/www.revistarambla.com\/#organization"},"image":{"@id":"https:\/\/www.revistarambla.com\/el-auge-de-la-ultraderecha-en-espana-nuevos-actores-del-odio-en-un-contexto-global\/#primaryimage"},"thumbnailUrl":"https:\/\/www.revistarambla.com\/wp-content\/uploads\/2019\/11\/franco-11.jpg","articleSection":["Estado Espa\u00f1ol"],"inLanguage":"en-GB"},{"@type":"WebPage","@id":"https:\/\/www.revistarambla.com\/el-auge-de-la-ultraderecha-en-espana-nuevos-actores-del-odio-en-un-contexto-global\/","url":"https:\/\/www.revistarambla.com\/el-auge-de-la-ultraderecha-en-espana-nuevos-actores-del-odio-en-un-contexto-global\/","name":"El auge de la ultraderecha en Espa\u00f1a: nuevos actores del odio en un contexto global - Revista Rambla","isPartOf":{"@id":"https:\/\/www.revistarambla.com\/#website"},"primaryImageOfPage":{"@id":"https:\/\/www.revistarambla.com\/el-auge-de-la-ultraderecha-en-espana-nuevos-actores-del-odio-en-un-contexto-global\/#primaryimage"},"image":{"@id":"https:\/\/www.revistarambla.com\/el-auge-de-la-ultraderecha-en-espana-nuevos-actores-del-odio-en-un-contexto-global\/#primaryimage"},"thumbnailUrl":"https:\/\/www.revistarambla.com\/wp-content\/uploads\/2019\/11\/franco-11.jpg","datePublished":"2025-08-19T17:33:12+00:00","dateModified":"2025-08-21T17:44:08+00:00","breadcrumb":{"@id":"https:\/\/www.revistarambla.com\/el-auge-de-la-ultraderecha-en-espana-nuevos-actores-del-odio-en-un-contexto-global\/#breadcrumb"},"inLanguage":"en-GB","potentialAction":[{"@type":"ReadAction","target":["https:\/\/www.revistarambla.com\/el-auge-de-la-ultraderecha-en-espana-nuevos-actores-del-odio-en-un-contexto-global\/"]}]},{"@type":"ImageObject","inLanguage":"en-GB","@id":"https:\/\/www.revistarambla.com\/el-auge-de-la-ultraderecha-en-espana-nuevos-actores-del-odio-en-un-contexto-global\/#primaryimage","url":"https:\/\/www.revistarambla.com\/wp-content\/uploads\/2019\/11\/franco-11.jpg","contentUrl":"https:\/\/www.revistarambla.com\/wp-content\/uploads\/2019\/11\/franco-11.jpg","width":1134,"height":756,"caption":"auge de la ultraderecha en Espa\u00f1a"},{"@type":"BreadcrumbList","@id":"https:\/\/www.revistarambla.com\/el-auge-de-la-ultraderecha-en-espana-nuevos-actores-del-odio-en-un-contexto-global\/#breadcrumb","itemListElement":[{"@type":"ListItem","position":1,"name":"Portada","item":"https:\/\/www.revistarambla.com\/"},{"@type":"ListItem","position":2,"name":"El auge de la ultraderecha en Espa\u00f1a: nuevos actores del odio en un contexto global"}]},{"@type":"WebSite","@id":"https:\/\/www.revistarambla.com\/#website","url":"https:\/\/www.revistarambla.com\/","name":"Revista Rambla Barcelona","description":"Periodismo independiente","publisher":{"@id":"https:\/\/www.revistarambla.com\/#organization"},"potentialAction":[{"@type":"SearchAction","target":{"@type":"EntryPoint","urlTemplate":"https:\/\/www.revistarambla.com\/?s={search_term_string}"},"query-input":{"@type":"PropertyValueSpecification","valueRequired":true,"valueName":"search_term_string"}}],"inLanguage":"en-GB"},{"@type":"Organization","@id":"https:\/\/www.revistarambla.com\/#organization","name":"Revista Rambla","url":"https:\/\/www.revistarambla.com\/","logo":{"@type":"ImageObject","inLanguage":"en-GB","@id":"https:\/\/www.revistarambla.com\/#\/schema\/logo\/image\/","url":"https:\/\/www.revistarambla.com\/wp-content\/uploads\/2020\/09\/banner_rambla_1900x600_BB.png","contentUrl":"https:\/\/www.revistarambla.com\/wp-content\/uploads\/2020\/09\/banner_rambla_1900x600_BB.png","width":1900,"height":600,"caption":"Revista Rambla"},"image":{"@id":"https:\/\/www.revistarambla.com\/#\/schema\/logo\/image\/"},"sameAs":["https:\/\/www.facebook.com\/revistarambla\/","https:\/\/x.com\/revistarambla","https:\/\/www.instagram.com\/revista_rambla","https:\/\/es.linkedin.com\/company\/revista-rambla"]},{"@type":"Person","@id":"https:\/\/www.revistarambla.com\/#\/schema\/person\/a146a5a2550b94981a75131180e1bd9c","name":"R@mbla","description":"Este art\u00edculo ha sido redactado y\/o validado por el equipo de redacci\u00f3n de Revista Rambla.","sameAs":["https:\/\/www.revistarambla.com\/","https:\/\/www.facebook.com\/revistarambla","https:\/\/x.com\/revistarambla"]}]}},"_links":{"self":[{"href":"https:\/\/www.revistarambla.com\/en\/wp-json\/wp\/v2\/posts\/66185","targetHints":{"allow":["GET"]}}],"collection":[{"href":"https:\/\/www.revistarambla.com\/en\/wp-json\/wp\/v2\/posts"}],"about":[{"href":"https:\/\/www.revistarambla.com\/en\/wp-json\/wp\/v2\/types\/post"}],"author":[{"embeddable":true,"href":"https:\/\/www.revistarambla.com\/en\/wp-json\/wp\/v2\/users\/3"}],"replies":[{"embeddable":true,"href":"https:\/\/www.revistarambla.com\/en\/wp-json\/wp\/v2\/comments?post=66185"}],"version-history":[{"count":2,"href":"https:\/\/www.revistarambla.com\/en\/wp-json\/wp\/v2\/posts\/66185\/revisions"}],"predecessor-version":[{"id":66187,"href":"https:\/\/www.revistarambla.com\/en\/wp-json\/wp\/v2\/posts\/66185\/revisions\/66187"}],"wp:featuredmedia":[{"embeddable":true,"href":"https:\/\/www.revistarambla.com\/en\/wp-json\/wp\/v2\/media\/21392"}],"wp:attachment":[{"href":"https:\/\/www.revistarambla.com\/en\/wp-json\/wp\/v2\/media?parent=66185"}],"wp:term":[{"taxonomy":"category","embeddable":true,"href":"https:\/\/www.revistarambla.com\/en\/wp-json\/wp\/v2\/categories?post=66185"},{"taxonomy":"post_tag","embeddable":true,"href":"https:\/\/www.revistarambla.com\/en\/wp-json\/wp\/v2\/tags?post=66185"}],"curies":[{"name":"wp","href":"https:\/\/api.w.org\/{rel}","templated":true}]}}