{"id":66175,"date":"2025-08-19T12:28:50","date_gmt":"2025-08-19T10:28:50","guid":{"rendered":"https:\/\/www.revistarambla.com\/?p=66175"},"modified":"2025-08-19T19:34:14","modified_gmt":"2025-08-19T17:34:14","slug":"un-recorrido-por-la-barcelona-de-vazquez-montalban","status":"publish","type":"post","link":"https:\/\/www.revistarambla.com\/en\/un-recorrido-por-la-barcelona-de-vazquez-montalban\/","title":{"rendered":"Un recorrido por la Barcelona de V\u00e1zquez Montalb\u00e1n"},"content":{"rendered":"<p>Barcelona, esa ciudad de contrastes donde el Mediterr\u00e1neo besa las calles empedradas, ha sido el escenario vital y literario de innumerables autores. Pero pocos la han retratado con la pasi\u00f3n cr\u00edtica y el apetito voraz de Manuel V\u00e1zquez Montalb\u00e1n (1939-2003). Escritor, periodista, poeta y gourmet empedernido, Montalb\u00e1n inmortaliz\u00f3 la capital catalana a trav\u00e9s de su ic\u00f3nico detective Pepe Carvalho, un antih\u00e9roe que deambula por barrios populares, devora platos tradicionales y quema libros en su chimenea. Sus novelas, como <em>Los mares del sur<\/em> o <em>La soledad del manager<\/em>, no solo desentra\u00f1an misterios, sino que pintan un fresco de la Barcelona posfranquista, con sus transformaciones urbanas, sus desigualdades y sus placeres sensoriales.<\/p>\n<p>En este reportaje, proponemos un recorrido por los lugares que Montalb\u00e1n frecuentaba: desde el humilde Barrio del Raval donde naci\u00f3, hasta las ramblas bulliciosas, mercados vibrantes, restaurantes legendarios y espacios culturales que inspiraron su obra. Muchos de estos sitios perduran, testigos de la evoluci\u00f3n de la ciudad, mientras que otros han desaparecido, v\u00edctimas del tiempo o la gentrificaci\u00f3n. Siguiendo esta ruta, no solo reviviremos el esp\u00edritu de Montalb\u00e1n, sino que descubriremos una Barcelona aut\u00e9ntica, lejos de los circuitos tur\u00edsticos masivos. El itinerario se puede completar en un d\u00eda caminando o en transporte p\u00fablico, con paradas para saborear la gastronom\u00eda que tanto amaba el autor.<\/p>\n<h2>El Coraz\u00f3n del Raval: Donde Todo Comenz\u00f3<\/h2>\n<p>Nuestro viaje se inicia en el Barrio del Raval, conocido en tiempos de Montalb\u00e1n como el <a href=\"https:\/\/www.revistarambla.com\/en\/cuando-barcelona-era-una-fiesta\/\"><em>Barrio Chino<\/em><\/a>, un laberinto de calles estrechas, prost\u00edbulos y vida bohemia que \u00e9l describi\u00f3 con crudeza y cari\u00f1o en novelas como <em>Tatuaje<\/em>. Nacido el 14 de junio de 1939 en la calle de la Botella n\u00famero 11, Montalb\u00e1n creci\u00f3 en este enclave multicultural, marcado por la pobreza de la posguerra y la inmigraci\u00f3n. Hoy, el edificio donde vio la luz alberga el restaurante Arume, un local gallego moderno que rinde homenaje a sus ra\u00edces con platos como vieiras con crema de ma\u00edz o pulpo a la gallega. El sitio existe y prospera, atrayendo a comensales que buscan un toque contempor\u00e1neo en un barrio gentrificado, aunque conserva el eco de la infancia humilde del escritor.<\/p>\n<p>Paseando por la Rambla del Raval, una avenida ancha y arbolada inaugurada en los a\u00f1os 90 como parte de la renovaci\u00f3n ol\u00edmpica, imaginamos a Montalb\u00e1n reflexionando sobre los cambios urban\u00edsticos que critic\u00f3 en sus cr\u00f3nicas. Esta rambla, con sus bancos y terrazas, sigue siendo un espacio p\u00fablico vivo, frecuentado por locales y turistas. Aqu\u00ed, el autor atrae ahora a curiosos, ir\u00f3nicamente, dado su escepticismo ante la \u00abturistificaci\u00f3n\u00bb de Barcelona. Cerca, en la calle Sant Rafael 24, se erige Casa Leopoldo, quiz\u00e1s el restaurante m\u00e1s emblem\u00e1tico de su universo. Fundado en 1929, era el favorito de Montalb\u00e1n y de Carvalho, donde devoraban rabo de toro,<em> cap i pota<\/em> o arroces caldosos. Cerrado temporalmente en 2020 por la pandemia, reabri\u00f3 en marzo de 2024 bajo la gesti\u00f3n del grupo Banco de Boquerones, manteniendo su esencia catalana tradicional. Hoy, con men\u00fas a unos 40-50 euros, es una obligaci\u00f3n para los fans, aunque algunos lamentan que haya perdido parte de su alma bohemia.<\/p>\n<figure id=\"attachment_66177\" aria-describedby=\"caption-attachment-66177\" style=\"width: 960px\" class=\"wp-caption aligncenter\"><img decoding=\"async\" class=\"size-full wp-image-66177\" src=\"https:\/\/www.revistarambla.com\/wp-content\/uploads\/2025\/08\/can-lluis-montalban-barcelona.jpg\" alt=\"can lluis montalban barcelona\" width=\"960\" height=\"720\" srcset=\"https:\/\/www.revistarambla.com\/wp-content\/uploads\/2025\/08\/can-lluis-montalban-barcelona.jpg 960w, https:\/\/www.revistarambla.com\/wp-content\/uploads\/2025\/08\/can-lluis-montalban-barcelona-487x365.jpg 487w, https:\/\/www.revistarambla.com\/wp-content\/uploads\/2025\/08\/can-lluis-montalban-barcelona-840x630.jpg 840w, https:\/\/www.revistarambla.com\/wp-content\/uploads\/2025\/08\/can-lluis-montalban-barcelona-768x576.jpg 768w, https:\/\/www.revistarambla.com\/wp-content\/uploads\/2025\/08\/can-lluis-montalban-barcelona-16x12.jpg 16w\" sizes=\"(max-width: 960px) 100vw, 960px\" \/><figcaption id=\"caption-attachment-66177\" class=\"wp-caption-text\">Vista actual de Can Llu\u00eds, cerrado.<\/figcaption><\/figure>\n<p>No lejos, en la calle de la Cera, yac\u00eda Can Llu\u00eds, otro refugio gastron\u00f3mico donde Carvalho ped\u00eda olleta d&#8217;Alcoi o espalda de cabrito asada. Este restaurante, con historia desde los a\u00f1os 40 y escenario de tiroteos legendarios, cerr\u00f3 definitivamente durante la pandemia, desahuciado en 2022. Su ausencia duele como un s\u00edmbolo de la Barcelona que se desvanece, pero el edificio persiste, record\u00e1ndonos la ef\u00edmera de los lugares queridos. En el Raval tambi\u00e9n frecuentaba bares como la Taberna de Manuel, descrita en sus textos como un espacio angosto y profundo, ideal para bohemios. Aunque no se especifica su ubicaci\u00f3n exacta, similares tabernas sobreviven en el barrio, como <a href=\"https:\/\/www.revistarambla.com\/en\/el-bar-marsella-la-decadencia-dorada-de-un-templo-bohemio\/\">el Marsella<\/a>, la absenta bar m\u00e1s antiguo de Europa, que Montalb\u00e1n podr\u00eda haber visitado en sus noches de juventud. El Raval entero existe, transformado, en un hub cultural con el MACBA (Museu d&#8217;Art Contemporani de Barcelona), pero conserva rincones que evocan el \u00abbarrio chino\u00bb de anta\u00f1o.<\/p>\n<h2>Las Ramblas y la Boqueria<\/h2>\n<p>Subiendo hacia La Rambla, la arteria ic\u00f3nica de Barcelona, entramos en el territorio que Montalb\u00e1n recorri\u00f3 incansablemente. Esta avenida, dividida en secciones como la Rambla de Canaletes o la Rambla dels Caputxins, era para \u00e9l un microcosmos de clases sociales, como se detalla en <em>Or\u00edgenes literarios de la Barcelona de V\u00e1zquez Montalb\u00e1n<\/em>. Comenzamos en la Fuente de Canaletes, punto de partida de muchas rutas <em>carvalhianas<\/em>, donde los cul\u00e9s celebran victorias del Bar\u00e7a, un equipo que Montalb\u00e1n adoraba y sobre el que escribi\u00f3 cr\u00f3nicas sentimentales. La fuente existe intacta, un lugar p\u00fablico gratuito para refrescarse y observar el flujo humano.<\/p>\n<p>A pocos pasos, la Cocteler\u00eda Boadas, en la calle Tallers 1, es un bar legendario fundado en 1933. Montalb\u00e1n y Carvalho brindaban aqu\u00ed con c\u00f3cteles cl\u00e1sicos, y hoy sigue abierto, sirviendo daiquiris y martinis en un ambiente art d\u00e9co. Es perfecto para una pausa, con precios razonables (alrededor de 10 euros por copa). Siguiendo La Rambla, llegamos al Mercado de la Boqueria, la \u00abcatedral de los sentidos\u00bb seg\u00fan Montalb\u00e1n, quien le dedic\u00f3 un libro entero. Este bullicioso mercado, con puestos de frutas ex\u00f3ticas, mariscos frescos y tapas, es donde Carvalho compraba ingredientes para sus festines. Existe y florece, aunque abarrotado de turistas; recomiendo visitarlo temprano para probar un pincho de bacalao o jam\u00f3n ib\u00e9rico.<\/p>\n<p>En la Plaza Real (Pla\u00e7a Reial), flanqueada por arcos neocl\u00e1sicos, Montalb\u00e1n ambient\u00f3 escenas de intriga. Aqu\u00ed, el Bar Glaciar, con sus terrazas sombreadas, era un punto de encuentro para intelectuales. Sigue operativo, ideal para un caf\u00e9 o una cerveza mientras se contempla la plaza, que conserva su vibrante atm\u00f3sfera multicultural. Cerca, la Plaza George Orwell (conocida como Pla\u00e7a del Tripi), en el Raval lim\u00edtrofe, evoca el lado alternativo del barrio, con bares ecl\u00e9cticos que Montalb\u00e1n frecuentaba. Este espacio p\u00fablico existe, aunque m\u00e1s limpio y vigilado que en los 70.<\/p>\n<h2>Teatros y Espacios Culturales: El Alma Intelectual<\/h2>\n<p>Montalb\u00e1n, hombre de letras y pol\u00edtica, era asiduo a los templos culturales de Barcelona. El Gran Teatre del Liceu, en La Rambla 51-59, es uno de ellos. Este opulento teatro de \u00f3pera, reconstruido tras un incendio en 1994 (que Montalb\u00e1n coment\u00f3 en sus escritos), representa la alta cultura que contrastaba con su origen popular. Frecuentaba funciones aqu\u00ed, y hoy sigue en pie, ofreciendo espect\u00e1culos de talla mundial. Si coincide una visita guiada (unos 15 euros), vale la pena explorar su interior barroco.<\/p>\n<p>Otro lugar asociado es el Ateneu Barcelon\u00e8s, en la calle Canuda 6, un club literario donde intelectuales como Montalb\u00e1n debat\u00edan ideas. Fundado en 1835, existe y abre al p\u00fablico para eventos culturales, con una biblioteca impresionante. En la zona alta, Vallvidrera \u2014donde Carvalho se refugia en novelas tard\u00edas\u2014 ofrece un contrapunto natural. Tomando el Funicular de Vallvidrera (en la sierra de Collserola), llegamos a este barrio boscoso que Montalb\u00e1n eligi\u00f3 como retiro. El funicular opera diariamente, y desde all\u00ed se camina a la Ermita de Santa Maria, una capilla del siglo XVI que inspira paz. Ambos sitios perduran, ideales para un final reflexivo, con vistas panor\u00e1micas de la ciudad.<\/p>\n<h2>M\u00e1s Sabores: Restaurantes que Perduran y Desaparecen<\/h2>\n<p>En el Barri G\u00f2tic, Agut (ahora Ca l&#8217;Agut, en calle Gign\u00e0s 16) era otro favorito, con guisos catalanes como fricand\u00f3 o bacalao. Cerrado durante la COVID, reabri\u00f3 en 2023, preservando su tradici\u00f3n familiar desde 1924. Senyor Parellada, en calle Argenteria 37, ofrece croquetas y bacalao a la llauna; sigue abierto, con un encanto hist\u00f3rico. Can Sol\u00e9, en Barceloneta (calle Sant Carles 4), especializado en arroces marineros desde 1903, resiste como un cl\u00e1sico.<\/p>\n<p>Sin embargo, Quo Vadis, en calle del Carme, cerr\u00f3 su versi\u00f3n original, aunque un nuevo local hom\u00f3nimo opera cerca, sirviendo tapas. Bares como La Luna, frecuentado por bohemios, evocan el lado nocturno de Montalb\u00e1n, sobreviven en el Raval.<\/p>\n<p>Recorrer la Barcelona de Montalb\u00e1n es revivir una \u00e9poca de cambios, donde la tradici\u00f3n choca con la modernidad. Muchos lugares \u2014La Rambla, Boqueria, Casa Leopoldo\u2014 existen, invitando a saborear la ciudad como \u00e9l lo hizo. Otros, como Can Llu\u00eds, han desaparecido, record\u00e1ndonos la fragilidad urbana que criticaba. En total, este itinerario de unos 5 km ofrece no solo historia, sino una experiencia sensorial: come, camina y reflexiona. Como dir\u00eda Carvalho, \u00abBarcelona es una ciudad para quemar libros\u2026 y devorar platos\u00bb. \u00bfListo para el viaje?<\/p>","protected":false},"excerpt":{"rendered":"<p>Barcelona, esa ciudad de contrastes donde el Mediterr\u00e1neo besa las calles empedradas, ha sido el escenario vital y literario de innumerables autores. Pero pocos la han retratado con la pasi\u00f3n cr\u00edtica y el apetito voraz de Manuel V\u00e1zquez Montalb\u00e1n (1939-2003). Escritor, periodista, poeta y gourmet empedernido, Montalb\u00e1n inmortaliz\u00f3 la capital [&hellip;]<\/p>\n","protected":false},"author":3,"featured_media":66178,"comment_status":"closed","ping_status":"closed","sticky":false,"template":"","format":"standard","meta":{"footnotes":""},"categories":[350],"tags":[],"class_list":["post-66175","post","type-post","status-publish","format-standard","has-post-thumbnail","hentry","category-miscelanea"],"yoast_head":"<!-- This site is optimized with the Yoast SEO plugin v27.5 - https:\/\/yoast.com\/product\/yoast-seo-wordpress\/ -->\n<title>Un recorrido por la Barcelona de V\u00e1zquez Montalb\u00e1n - Revista Rambla<\/title>\n<meta name=\"robots\" content=\"index, follow, max-snippet:-1, max-image-preview:large, max-video-preview:-1\" \/>\n<link rel=\"canonical\" href=\"https:\/\/www.revistarambla.com\/en\/un-recorrido-por-la-barcelona-de-vazquez-montalban\/\" \/>\n<meta property=\"og:locale\" content=\"en_GB\" \/>\n<meta property=\"og:type\" content=\"article\" \/>\n<meta property=\"og:title\" content=\"Un recorrido por la Barcelona de V\u00e1zquez Montalb\u00e1n - Revista Rambla\" \/>\n<meta property=\"og:description\" content=\"Barcelona, esa ciudad de contrastes donde el Mediterr\u00e1neo besa las calles empedradas, ha sido el escenario vital y literario de innumerables autores. Pero pocos la han retratado con la pasi\u00f3n cr\u00edtica y el apetito voraz de Manuel V\u00e1zquez Montalb\u00e1n (1939-2003). Escritor, periodista, poeta y gourmet empedernido, Montalb\u00e1n inmortaliz\u00f3 la capital [&hellip;]\" \/>\n<meta property=\"og:url\" content=\"https:\/\/www.revistarambla.com\/en\/un-recorrido-por-la-barcelona-de-vazquez-montalban\/\" \/>\n<meta property=\"og:site_name\" content=\"Revista Rambla\" \/>\n<meta property=\"article:publisher\" content=\"https:\/\/www.facebook.com\/revistarambla\/\" \/>\n<meta property=\"article:author\" content=\"https:\/\/www.facebook.com\/revistarambla\" \/>\n<meta property=\"article:published_time\" content=\"2025-08-19T10:28:50+00:00\" \/>\n<meta property=\"article:modified_time\" content=\"2025-08-19T17:34:14+00:00\" \/>\n<meta property=\"og:image\" content=\"https:\/\/www.revistarambla.com\/wp-content\/uploads\/2025\/08\/unnamed.jpg\" \/>\n\t<meta property=\"og:image:width\" content=\"850\" \/>\n\t<meta property=\"og:image:height\" content=\"624\" \/>\n\t<meta property=\"og:image:type\" content=\"image\/jpeg\" \/>\n<meta name=\"author\" content=\"R@mbla\" \/>\n<meta name=\"twitter:card\" content=\"summary_large_image\" \/>\n<meta name=\"twitter:creator\" content=\"@revistarambla\" \/>\n<meta name=\"twitter:site\" content=\"@revistarambla\" \/>\n<meta name=\"twitter:label1\" content=\"Written by\" \/>\n\t<meta name=\"twitter:data1\" content=\"R@mbla\" \/>\n\t<meta name=\"twitter:label2\" content=\"Estimated reading time\" \/>\n\t<meta name=\"twitter:data2\" content=\"7 minutes\" \/>\n<script type=\"application\/ld+json\" class=\"yoast-schema-graph\">{\"@context\":\"https:\\\/\\\/schema.org\",\"@graph\":[{\"@type\":\"Article\",\"@id\":\"https:\\\/\\\/www.revistarambla.com\\\/un-recorrido-por-la-barcelona-de-vazquez-montalban\\\/#article\",\"isPartOf\":{\"@id\":\"https:\\\/\\\/www.revistarambla.com\\\/un-recorrido-por-la-barcelona-de-vazquez-montalban\\\/\"},\"author\":{\"name\":\"R@mbla\",\"@id\":\"https:\\\/\\\/www.revistarambla.com\\\/#\\\/schema\\\/person\\\/a146a5a2550b94981a75131180e1bd9c\"},\"headline\":\"Un recorrido por la Barcelona de V\u00e1zquez Montalb\u00e1n\",\"datePublished\":\"2025-08-19T10:28:50+00:00\",\"dateModified\":\"2025-08-19T17:34:14+00:00\",\"mainEntityOfPage\":{\"@id\":\"https:\\\/\\\/www.revistarambla.com\\\/un-recorrido-por-la-barcelona-de-vazquez-montalban\\\/\"},\"wordCount\":1486,\"publisher\":{\"@id\":\"https:\\\/\\\/www.revistarambla.com\\\/#organization\"},\"image\":{\"@id\":\"https:\\\/\\\/www.revistarambla.com\\\/un-recorrido-por-la-barcelona-de-vazquez-montalban\\\/#primaryimage\"},\"thumbnailUrl\":\"https:\\\/\\\/www.revistarambla.com\\\/wp-content\\\/uploads\\\/2025\\\/08\\\/unnamed.jpg\",\"articleSection\":[\"Noticias de la vida\"],\"inLanguage\":\"en-GB\"},{\"@type\":\"WebPage\",\"@id\":\"https:\\\/\\\/www.revistarambla.com\\\/un-recorrido-por-la-barcelona-de-vazquez-montalban\\\/\",\"url\":\"https:\\\/\\\/www.revistarambla.com\\\/un-recorrido-por-la-barcelona-de-vazquez-montalban\\\/\",\"name\":\"Un recorrido por la Barcelona de V\u00e1zquez Montalb\u00e1n - Revista Rambla\",\"isPartOf\":{\"@id\":\"https:\\\/\\\/www.revistarambla.com\\\/#website\"},\"primaryImageOfPage\":{\"@id\":\"https:\\\/\\\/www.revistarambla.com\\\/un-recorrido-por-la-barcelona-de-vazquez-montalban\\\/#primaryimage\"},\"image\":{\"@id\":\"https:\\\/\\\/www.revistarambla.com\\\/un-recorrido-por-la-barcelona-de-vazquez-montalban\\\/#primaryimage\"},\"thumbnailUrl\":\"https:\\\/\\\/www.revistarambla.com\\\/wp-content\\\/uploads\\\/2025\\\/08\\\/unnamed.jpg\",\"datePublished\":\"2025-08-19T10:28:50+00:00\",\"dateModified\":\"2025-08-19T17:34:14+00:00\",\"breadcrumb\":{\"@id\":\"https:\\\/\\\/www.revistarambla.com\\\/un-recorrido-por-la-barcelona-de-vazquez-montalban\\\/#breadcrumb\"},\"inLanguage\":\"en-GB\",\"potentialAction\":[{\"@type\":\"ReadAction\",\"target\":[\"https:\\\/\\\/www.revistarambla.com\\\/un-recorrido-por-la-barcelona-de-vazquez-montalban\\\/\"]}]},{\"@type\":\"ImageObject\",\"inLanguage\":\"en-GB\",\"@id\":\"https:\\\/\\\/www.revistarambla.com\\\/un-recorrido-por-la-barcelona-de-vazquez-montalban\\\/#primaryimage\",\"url\":\"https:\\\/\\\/www.revistarambla.com\\\/wp-content\\\/uploads\\\/2025\\\/08\\\/unnamed.jpg\",\"contentUrl\":\"https:\\\/\\\/www.revistarambla.com\\\/wp-content\\\/uploads\\\/2025\\\/08\\\/unnamed.jpg\",\"width\":850,\"height\":624,\"caption\":\"Barcelona V\u00e1zquez Montalb\u00e1n\"},{\"@type\":\"BreadcrumbList\",\"@id\":\"https:\\\/\\\/www.revistarambla.com\\\/un-recorrido-por-la-barcelona-de-vazquez-montalban\\\/#breadcrumb\",\"itemListElement\":[{\"@type\":\"ListItem\",\"position\":1,\"name\":\"Portada\",\"item\":\"https:\\\/\\\/www.revistarambla.com\\\/\"},{\"@type\":\"ListItem\",\"position\":2,\"name\":\"Un recorrido por la Barcelona de V\u00e1zquez Montalb\u00e1n\"}]},{\"@type\":\"WebSite\",\"@id\":\"https:\\\/\\\/www.revistarambla.com\\\/#website\",\"url\":\"https:\\\/\\\/www.revistarambla.com\\\/\",\"name\":\"Revista Rambla Barcelona\",\"description\":\"Periodismo independiente\",\"publisher\":{\"@id\":\"https:\\\/\\\/www.revistarambla.com\\\/#organization\"},\"potentialAction\":[{\"@type\":\"SearchAction\",\"target\":{\"@type\":\"EntryPoint\",\"urlTemplate\":\"https:\\\/\\\/www.revistarambla.com\\\/?s={search_term_string}\"},\"query-input\":{\"@type\":\"PropertyValueSpecification\",\"valueRequired\":true,\"valueName\":\"search_term_string\"}}],\"inLanguage\":\"en-GB\"},{\"@type\":\"Organization\",\"@id\":\"https:\\\/\\\/www.revistarambla.com\\\/#organization\",\"name\":\"Revista Rambla\",\"url\":\"https:\\\/\\\/www.revistarambla.com\\\/\",\"logo\":{\"@type\":\"ImageObject\",\"inLanguage\":\"en-GB\",\"@id\":\"https:\\\/\\\/www.revistarambla.com\\\/#\\\/schema\\\/logo\\\/image\\\/\",\"url\":\"https:\\\/\\\/www.revistarambla.com\\\/wp-content\\\/uploads\\\/2020\\\/09\\\/banner_rambla_1900x600_BB.png\",\"contentUrl\":\"https:\\\/\\\/www.revistarambla.com\\\/wp-content\\\/uploads\\\/2020\\\/09\\\/banner_rambla_1900x600_BB.png\",\"width\":1900,\"height\":600,\"caption\":\"Revista Rambla\"},\"image\":{\"@id\":\"https:\\\/\\\/www.revistarambla.com\\\/#\\\/schema\\\/logo\\\/image\\\/\"},\"sameAs\":[\"https:\\\/\\\/www.facebook.com\\\/revistarambla\\\/\",\"https:\\\/\\\/x.com\\\/revistarambla\",\"https:\\\/\\\/www.instagram.com\\\/revista_rambla\",\"https:\\\/\\\/es.linkedin.com\\\/company\\\/revista-rambla\"]},{\"@type\":\"Person\",\"@id\":\"https:\\\/\\\/www.revistarambla.com\\\/#\\\/schema\\\/person\\\/a146a5a2550b94981a75131180e1bd9c\",\"name\":\"R@mbla\",\"description\":\"Este art\u00edculo ha sido redactado y\\\/o validado por el equipo de redacci\u00f3n de Revista Rambla.\",\"sameAs\":[\"https:\\\/\\\/www.revistarambla.com\\\/\",\"https:\\\/\\\/www.facebook.com\\\/revistarambla\",\"https:\\\/\\\/x.com\\\/revistarambla\"]}]}<\/script>\n<!-- \/ Yoast SEO plugin. -->","yoast_head_json":{"title":"Un recorrido por la Barcelona de V\u00e1zquez Montalb\u00e1n - Revista Rambla","robots":{"index":"index","follow":"follow","max-snippet":"max-snippet:-1","max-image-preview":"max-image-preview:large","max-video-preview":"max-video-preview:-1"},"canonical":"https:\/\/www.revistarambla.com\/en\/un-recorrido-por-la-barcelona-de-vazquez-montalban\/","og_locale":"en_GB","og_type":"article","og_title":"Un recorrido por la Barcelona de V\u00e1zquez Montalb\u00e1n - Revista Rambla","og_description":"Barcelona, esa ciudad de contrastes donde el Mediterr\u00e1neo besa las calles empedradas, ha sido el escenario vital y literario de innumerables autores. Pero pocos la han retratado con la pasi\u00f3n cr\u00edtica y el apetito voraz de Manuel V\u00e1zquez Montalb\u00e1n (1939-2003). Escritor, periodista, poeta y gourmet empedernido, Montalb\u00e1n inmortaliz\u00f3 la capital [&hellip;]","og_url":"https:\/\/www.revistarambla.com\/en\/un-recorrido-por-la-barcelona-de-vazquez-montalban\/","og_site_name":"Revista Rambla","article_publisher":"https:\/\/www.facebook.com\/revistarambla\/","article_author":"https:\/\/www.facebook.com\/revistarambla","article_published_time":"2025-08-19T10:28:50+00:00","article_modified_time":"2025-08-19T17:34:14+00:00","og_image":[{"width":850,"height":624,"url":"https:\/\/www.revistarambla.com\/wp-content\/uploads\/2025\/08\/unnamed.jpg","type":"image\/jpeg"}],"author":"R@mbla","twitter_card":"summary_large_image","twitter_creator":"@revistarambla","twitter_site":"@revistarambla","twitter_misc":{"Written by":"R@mbla","Estimated reading time":"7 minutes"},"schema":{"@context":"https:\/\/schema.org","@graph":[{"@type":"Article","@id":"https:\/\/www.revistarambla.com\/un-recorrido-por-la-barcelona-de-vazquez-montalban\/#article","isPartOf":{"@id":"https:\/\/www.revistarambla.com\/un-recorrido-por-la-barcelona-de-vazquez-montalban\/"},"author":{"name":"R@mbla","@id":"https:\/\/www.revistarambla.com\/#\/schema\/person\/a146a5a2550b94981a75131180e1bd9c"},"headline":"Un recorrido por la Barcelona de V\u00e1zquez Montalb\u00e1n","datePublished":"2025-08-19T10:28:50+00:00","dateModified":"2025-08-19T17:34:14+00:00","mainEntityOfPage":{"@id":"https:\/\/www.revistarambla.com\/un-recorrido-por-la-barcelona-de-vazquez-montalban\/"},"wordCount":1486,"publisher":{"@id":"https:\/\/www.revistarambla.com\/#organization"},"image":{"@id":"https:\/\/www.revistarambla.com\/un-recorrido-por-la-barcelona-de-vazquez-montalban\/#primaryimage"},"thumbnailUrl":"https:\/\/www.revistarambla.com\/wp-content\/uploads\/2025\/08\/unnamed.jpg","articleSection":["Noticias de la vida"],"inLanguage":"en-GB"},{"@type":"WebPage","@id":"https:\/\/www.revistarambla.com\/un-recorrido-por-la-barcelona-de-vazquez-montalban\/","url":"https:\/\/www.revistarambla.com\/un-recorrido-por-la-barcelona-de-vazquez-montalban\/","name":"Un recorrido por la Barcelona de V\u00e1zquez Montalb\u00e1n - Revista Rambla","isPartOf":{"@id":"https:\/\/www.revistarambla.com\/#website"},"primaryImageOfPage":{"@id":"https:\/\/www.revistarambla.com\/un-recorrido-por-la-barcelona-de-vazquez-montalban\/#primaryimage"},"image":{"@id":"https:\/\/www.revistarambla.com\/un-recorrido-por-la-barcelona-de-vazquez-montalban\/#primaryimage"},"thumbnailUrl":"https:\/\/www.revistarambla.com\/wp-content\/uploads\/2025\/08\/unnamed.jpg","datePublished":"2025-08-19T10:28:50+00:00","dateModified":"2025-08-19T17:34:14+00:00","breadcrumb":{"@id":"https:\/\/www.revistarambla.com\/un-recorrido-por-la-barcelona-de-vazquez-montalban\/#breadcrumb"},"inLanguage":"en-GB","potentialAction":[{"@type":"ReadAction","target":["https:\/\/www.revistarambla.com\/un-recorrido-por-la-barcelona-de-vazquez-montalban\/"]}]},{"@type":"ImageObject","inLanguage":"en-GB","@id":"https:\/\/www.revistarambla.com\/un-recorrido-por-la-barcelona-de-vazquez-montalban\/#primaryimage","url":"https:\/\/www.revistarambla.com\/wp-content\/uploads\/2025\/08\/unnamed.jpg","contentUrl":"https:\/\/www.revistarambla.com\/wp-content\/uploads\/2025\/08\/unnamed.jpg","width":850,"height":624,"caption":"Barcelona V\u00e1zquez Montalb\u00e1n"},{"@type":"BreadcrumbList","@id":"https:\/\/www.revistarambla.com\/un-recorrido-por-la-barcelona-de-vazquez-montalban\/#breadcrumb","itemListElement":[{"@type":"ListItem","position":1,"name":"Portada","item":"https:\/\/www.revistarambla.com\/"},{"@type":"ListItem","position":2,"name":"Un recorrido por la Barcelona de V\u00e1zquez Montalb\u00e1n"}]},{"@type":"WebSite","@id":"https:\/\/www.revistarambla.com\/#website","url":"https:\/\/www.revistarambla.com\/","name":"Revista Rambla Barcelona","description":"Periodismo independiente","publisher":{"@id":"https:\/\/www.revistarambla.com\/#organization"},"potentialAction":[{"@type":"SearchAction","target":{"@type":"EntryPoint","urlTemplate":"https:\/\/www.revistarambla.com\/?s={search_term_string}"},"query-input":{"@type":"PropertyValueSpecification","valueRequired":true,"valueName":"search_term_string"}}],"inLanguage":"en-GB"},{"@type":"Organization","@id":"https:\/\/www.revistarambla.com\/#organization","name":"Revista Rambla","url":"https:\/\/www.revistarambla.com\/","logo":{"@type":"ImageObject","inLanguage":"en-GB","@id":"https:\/\/www.revistarambla.com\/#\/schema\/logo\/image\/","url":"https:\/\/www.revistarambla.com\/wp-content\/uploads\/2020\/09\/banner_rambla_1900x600_BB.png","contentUrl":"https:\/\/www.revistarambla.com\/wp-content\/uploads\/2020\/09\/banner_rambla_1900x600_BB.png","width":1900,"height":600,"caption":"Revista Rambla"},"image":{"@id":"https:\/\/www.revistarambla.com\/#\/schema\/logo\/image\/"},"sameAs":["https:\/\/www.facebook.com\/revistarambla\/","https:\/\/x.com\/revistarambla","https:\/\/www.instagram.com\/revista_rambla","https:\/\/es.linkedin.com\/company\/revista-rambla"]},{"@type":"Person","@id":"https:\/\/www.revistarambla.com\/#\/schema\/person\/a146a5a2550b94981a75131180e1bd9c","name":"R@mbla","description":"Este art\u00edculo ha sido redactado y\/o validado por el equipo de redacci\u00f3n de Revista Rambla.","sameAs":["https:\/\/www.revistarambla.com\/","https:\/\/www.facebook.com\/revistarambla","https:\/\/x.com\/revistarambla"]}]}},"_links":{"self":[{"href":"https:\/\/www.revistarambla.com\/en\/wp-json\/wp\/v2\/posts\/66175","targetHints":{"allow":["GET"]}}],"collection":[{"href":"https:\/\/www.revistarambla.com\/en\/wp-json\/wp\/v2\/posts"}],"about":[{"href":"https:\/\/www.revistarambla.com\/en\/wp-json\/wp\/v2\/types\/post"}],"author":[{"embeddable":true,"href":"https:\/\/www.revistarambla.com\/en\/wp-json\/wp\/v2\/users\/3"}],"replies":[{"embeddable":true,"href":"https:\/\/www.revistarambla.com\/en\/wp-json\/wp\/v2\/comments?post=66175"}],"version-history":[{"count":2,"href":"https:\/\/www.revistarambla.com\/en\/wp-json\/wp\/v2\/posts\/66175\/revisions"}],"predecessor-version":[{"id":66180,"href":"https:\/\/www.revistarambla.com\/en\/wp-json\/wp\/v2\/posts\/66175\/revisions\/66180"}],"wp:featuredmedia":[{"embeddable":true,"href":"https:\/\/www.revistarambla.com\/en\/wp-json\/wp\/v2\/media\/66178"}],"wp:attachment":[{"href":"https:\/\/www.revistarambla.com\/en\/wp-json\/wp\/v2\/media?parent=66175"}],"wp:term":[{"taxonomy":"category","embeddable":true,"href":"https:\/\/www.revistarambla.com\/en\/wp-json\/wp\/v2\/categories?post=66175"},{"taxonomy":"post_tag","embeddable":true,"href":"https:\/\/www.revistarambla.com\/en\/wp-json\/wp\/v2\/tags?post=66175"}],"curies":[{"name":"wp","href":"https:\/\/api.w.org\/{rel}","templated":true}]}}