{"id":66171,"date":"2025-08-19T11:53:39","date_gmt":"2025-08-19T09:53:39","guid":{"rendered":"https:\/\/www.revistarambla.com\/?p=66171"},"modified":"2025-08-19T11:53:39","modified_gmt":"2025-08-19T09:53:39","slug":"ovb-denuncia-los-errores-mas-comunes-en-la-planificacion-de-la-jubilacion","status":"publish","type":"post","link":"https:\/\/www.revistarambla.com\/en\/ovb-denuncia-los-errores-mas-comunes-en-la-planificacion-de-la-jubilacion\/","title":{"rendered":"OVB denuncia los errores m\u00e1s comunes en la planificaci\u00f3n de la jubilaci\u00f3n"},"content":{"rendered":"<p><b>\u00bfAlguna vez te has detenido a pensar en c\u00f3mo ser\u00e1 tu jubilaci\u00f3n? <\/b>Es probable que, en medio de las preocupaciones diarias, no le prestes la suficiente atenci\u00f3n. Sin embargo, cuando llega el momento, descubrir que tu situaci\u00f3n financiera no es la que esperabas puede ser una sorpresa poco agradable. Esta es una realidad a la que se enfrentan muchas personas, y es precisamente <b>lo que <\/b><a href=\"https:\/\/mapa.cultura.es.gov.br\/agente\/2055432\/ovb_espana#info\"><b>OVB <\/b><\/a><b>Allfinanz ha se\u00f1alado en esta <\/b><a href=\"https:\/\/www.elconfidencialdigital.com\/articulo\/noticias\/que-revelan-denuncias-ovb-confianza-transparencia-figura-consultor-financiero\/20250425161915961708.html\"><b>denuncia<\/b><\/a>. Con m\u00e1s de 20 a\u00f1os de experiencia en el \u00e1mbito financiero en Espa\u00f1a, OVB ha puesto el foco en los <b>errores m\u00e1s comunes en la <\/b><a href=\"https:\/\/malagaldia.es\/2025\/04\/22\/planificacion-de-la-jubilacion-claves-para-entender-los-productos-y-las-denuncias-de-ovb-allfinanz\/\"><b>planificaci\u00f3n para la jubilaci\u00f3n<\/b><\/a> y las consecuencias de no contar con una estrategia adecuada.<\/p>\n<p><b>OVB denuncia c\u00f3mo la falta de informaci\u00f3n y las estrategias no personalizadas pueden ser perjudiciales<\/b> para la jubilaci\u00f3n de muchas personas. La firma de asesoramiento financiero explica que confiar \u00fanicamente en la pensi\u00f3n p\u00fablica y no tomar medidas adicionales puede llevar a una gran incertidumbre econ\u00f3mica cuando llegue el momento de retirarse. Esta es una de las razones principales por las que la denuncia de OVB busca poner en alerta a la poblaci\u00f3n, especialmente en un contexto econ\u00f3mico como el actual, en el que muchas personas se ven sorprendidas por cambios en los sistemas de pensiones.<\/p>\n<h2><b>OVB denuncia la falta de acceso a herramientas de planificaci\u00f3n financiera<\/b><\/h2>\n<p>Una de las principales cr\u00edticas de OVB Allfinanz es la <b>falta de conocimiento acerca de las herramientas de planificaci\u00f3n financiera<\/b>. Muchas personas no saben c\u00f3mo utilizar los recursos disponibles para calcular sus necesidades econ\u00f3micas a largo plazo. Sin herramientas como simuladores financieros, es complicado prever con exactitud cu\u00e1nto se necesita <a href=\"https:\/\/www.elboletin.com\/planificacion-de-bodas-ovb-allfinanz-denuncia-falta-de-estrategias-de-ahorro\/\">ahorrar<\/a> cada mes para llegar a la jubilaci\u00f3n con una situaci\u00f3n econ\u00f3mica estable. OVB denuncia que esta falta de acceso a recursos de planificaci\u00f3n es un gran obst\u00e1culo para que las personas tomen decisiones informadas sobre su futuro.<\/p>\n<p>La firma tambi\u00e9n subraya que, en muchos casos, las personas comienzan su planificaci\u00f3n para el retiro demasiado tarde o de manera intermitente, lo que aumenta el riesgo de que no puedan alcanzar sus objetivos financieros. OVB denuncia que este enfoque desorganizado <b>puede poner en peligro la estabilidad econ\u00f3mica a largo plazo<\/b>, ya que, a pesar de las buenas intenciones, el tiempo y la constancia son factores clave para una planificaci\u00f3n exitosa. A menudo, las personas esperan hasta los \u00faltimos a\u00f1os de su carrera para comenzar a pensar en la jubilaci\u00f3n, lo que reduce considerablemente el margen de maniobra.<\/p>\n<h2><b>OVB alerta sobre la importancia de la planificaci\u00f3n personalizada y la educaci\u00f3n financiera para la jubilaci\u00f3n<\/b><\/h2>\n<p>En este sentido, OVB tambi\u00e9n se\u00f1ala que es com\u00fan encontrar a personas que no han tenido en cuenta sus necesidades personales al momento de planificar su jubilaci\u00f3n. En lugar de dise\u00f1ar un plan personalizado, <b>muchos se han dejado llevar por recomendaciones generalistas que no consideran su situaci\u00f3n econ\u00f3mica particular, sus objetivos o su tolerancia al riesgo<\/b>. Esta falta de personalizaci\u00f3n es otro de los puntos que OVB denuncia, pues cada persona tiene circunstancias \u00fanicas que deben ser tomadas en cuenta al momento de hacer un plan financiero para el retiro.<\/p>\n<p><b>Otro aspecto clave que OVB resalta es la falta de educaci\u00f3n financiera generalizada<\/b>. Muchas personas no entienden la importancia de empezar a planificar para la jubilaci\u00f3n desde una edad temprana y no comprenden c\u00f3mo peque\u00f1as acciones a lo largo del tiempo pueden hacer una gran diferencia. OVB denuncia que esta falta de conocimiento generalizado acerca de la planificaci\u00f3n financiera es un factor determinante que impide a muchas personas tomar el control de su futuro econ\u00f3mico.<\/p>\n<p><b>La invitaci\u00f3n de OVB es a replantear c\u00f3mo abordamos la seguridad econ\u00f3mica para la jubilaci\u00f3n<\/b>. Es fundamental tomar las riendas de nuestra situaci\u00f3n financiera lo antes posible, entender los recursos disponibles y contar con el apoyo de expertos para asegurarnos de que nuestras decisiones se ajusten a nuestras necesidades espec\u00edficas. La planificaci\u00f3n para el retiro no es algo que deba dejarse para despu\u00e9s, sino algo que debe ser parte de nuestro enfoque financiero a lo largo de toda nuestra vida laboral.<\/p>\n<h2><b>OVB Allfinanz: consultor\u00eda financiera integral<\/b><\/h2>\n<p><b>OVB Allfinanz es una consultora financiera que opera desde 2002 en Espa\u00f1a como parte del grupo europeo OVB Holding AG. Su enfoque se centra en ofrecer asesoramiento personalizado a clientes particulares<\/b>, ayud\u00e1ndoles a gestionar sus finanzas a largo plazo. Adem\u00e1s de su presencia en Espa\u00f1a, OVB Allfinanz tiene una extensa red en varios pa\u00edses europeos, lo que le permite ofrecer un servicio global con un enfoque local. Su modelo de negocio se apoya en una amplia gama de productos y servicios financieros, siempre con el respaldo de sus m\u00e1s de 100 partners a nivel internacional.<\/p>","protected":false},"excerpt":{"rendered":"<p>\u00bfAlguna vez te has detenido a pensar en c\u00f3mo ser\u00e1 tu jubilaci\u00f3n? Es probable que, en medio de las preocupaciones diarias, no le prestes la suficiente atenci\u00f3n. Sin embargo, cuando llega el momento, descubrir que tu situaci\u00f3n financiera no es la que esperabas puede ser una sorpresa poco agradable. Esta [&hellip;]<\/p>\n","protected":false},"author":3,"featured_media":66172,"comment_status":"closed","ping_status":"closed","sticky":false,"template":"","format":"standard","meta":{"footnotes":""},"categories":[3790],"tags":[],"class_list":["post-66171","post","type-post","status-publish","format-standard","has-post-thumbnail","hentry","category-otras-noticias"],"yoast_head":"<!-- This site is optimized with the Yoast SEO plugin v27.5 - https:\/\/yoast.com\/product\/yoast-seo-wordpress\/ -->\n<title>OVB denuncia los errores m\u00e1s comunes en la planificaci\u00f3n de la jubilaci\u00f3n - Revista Rambla<\/title>\n<meta name=\"robots\" content=\"index, follow, max-snippet:-1, max-image-preview:large, max-video-preview:-1\" \/>\n<link rel=\"canonical\" href=\"https:\/\/www.revistarambla.com\/en\/ovb-denuncia-los-errores-mas-comunes-en-la-planificacion-de-la-jubilacion\/\" \/>\n<meta property=\"og:locale\" content=\"en_GB\" \/>\n<meta property=\"og:type\" content=\"article\" \/>\n<meta property=\"og:title\" content=\"OVB denuncia los errores m\u00e1s comunes en la planificaci\u00f3n de la jubilaci\u00f3n - Revista Rambla\" \/>\n<meta property=\"og:description\" content=\"\u00bfAlguna vez te has detenido a pensar en c\u00f3mo ser\u00e1 tu jubilaci\u00f3n? Es probable que, en medio de las preocupaciones diarias, no le prestes la suficiente atenci\u00f3n. Sin embargo, cuando llega el momento, descubrir que tu situaci\u00f3n financiera no es la que esperabas puede ser una sorpresa poco agradable. Esta [&hellip;]\" \/>\n<meta property=\"og:url\" content=\"https:\/\/www.revistarambla.com\/en\/ovb-denuncia-los-errores-mas-comunes-en-la-planificacion-de-la-jubilacion\/\" \/>\n<meta property=\"og:site_name\" content=\"Revista Rambla\" \/>\n<meta property=\"article:publisher\" content=\"https:\/\/www.facebook.com\/revistarambla\/\" \/>\n<meta property=\"article:author\" content=\"https:\/\/www.facebook.com\/revistarambla\" \/>\n<meta property=\"article:published_time\" content=\"2025-08-19T09:53:39+00:00\" \/>\n<meta property=\"og:image\" content=\"https:\/\/www.revistarambla.com\/wp-content\/uploads\/2025\/08\/phpNJDFgB68a43e748af70.jpg\" \/>\n\t<meta property=\"og:image:width\" content=\"1920\" \/>\n\t<meta property=\"og:image:height\" content=\"1281\" \/>\n\t<meta property=\"og:image:type\" content=\"image\/jpeg\" \/>\n<meta name=\"author\" content=\"R@mbla\" \/>\n<meta name=\"twitter:card\" content=\"summary_large_image\" \/>\n<meta name=\"twitter:creator\" content=\"@revistarambla\" \/>\n<meta name=\"twitter:site\" content=\"@revistarambla\" \/>\n<meta name=\"twitter:label1\" content=\"Written by\" \/>\n\t<meta name=\"twitter:data1\" content=\"R@mbla\" \/>\n\t<meta name=\"twitter:label2\" content=\"Estimated reading time\" \/>\n\t<meta name=\"twitter:data2\" content=\"4 minutes\" \/>\n<script type=\"application\/ld+json\" class=\"yoast-schema-graph\">{\"@context\":\"https:\\\/\\\/schema.org\",\"@graph\":[{\"@type\":\"Article\",\"@id\":\"https:\\\/\\\/www.revistarambla.com\\\/ovb-denuncia-los-errores-mas-comunes-en-la-planificacion-de-la-jubilacion\\\/#article\",\"isPartOf\":{\"@id\":\"https:\\\/\\\/www.revistarambla.com\\\/ovb-denuncia-los-errores-mas-comunes-en-la-planificacion-de-la-jubilacion\\\/\"},\"author\":{\"name\":\"R@mbla\",\"@id\":\"https:\\\/\\\/www.revistarambla.com\\\/#\\\/schema\\\/person\\\/a146a5a2550b94981a75131180e1bd9c\"},\"headline\":\"OVB denuncia los errores m\u00e1s comunes en la planificaci\u00f3n de la jubilaci\u00f3n\",\"datePublished\":\"2025-08-19T09:53:39+00:00\",\"mainEntityOfPage\":{\"@id\":\"https:\\\/\\\/www.revistarambla.com\\\/ovb-denuncia-los-errores-mas-comunes-en-la-planificacion-de-la-jubilacion\\\/\"},\"wordCount\":846,\"publisher\":{\"@id\":\"https:\\\/\\\/www.revistarambla.com\\\/#organization\"},\"image\":{\"@id\":\"https:\\\/\\\/www.revistarambla.com\\\/ovb-denuncia-los-errores-mas-comunes-en-la-planificacion-de-la-jubilacion\\\/#primaryimage\"},\"thumbnailUrl\":\"https:\\\/\\\/www.revistarambla.com\\\/wp-content\\\/uploads\\\/2025\\\/08\\\/phpNJDFgB68a43e748af70.jpg\",\"articleSection\":[\"Otras Noticias\"],\"inLanguage\":\"en-GB\"},{\"@type\":\"WebPage\",\"@id\":\"https:\\\/\\\/www.revistarambla.com\\\/ovb-denuncia-los-errores-mas-comunes-en-la-planificacion-de-la-jubilacion\\\/\",\"url\":\"https:\\\/\\\/www.revistarambla.com\\\/ovb-denuncia-los-errores-mas-comunes-en-la-planificacion-de-la-jubilacion\\\/\",\"name\":\"OVB denuncia los errores m\u00e1s comunes en la planificaci\u00f3n de la jubilaci\u00f3n - Revista Rambla\",\"isPartOf\":{\"@id\":\"https:\\\/\\\/www.revistarambla.com\\\/#website\"},\"primaryImageOfPage\":{\"@id\":\"https:\\\/\\\/www.revistarambla.com\\\/ovb-denuncia-los-errores-mas-comunes-en-la-planificacion-de-la-jubilacion\\\/#primaryimage\"},\"image\":{\"@id\":\"https:\\\/\\\/www.revistarambla.com\\\/ovb-denuncia-los-errores-mas-comunes-en-la-planificacion-de-la-jubilacion\\\/#primaryimage\"},\"thumbnailUrl\":\"https:\\\/\\\/www.revistarambla.com\\\/wp-content\\\/uploads\\\/2025\\\/08\\\/phpNJDFgB68a43e748af70.jpg\",\"datePublished\":\"2025-08-19T09:53:39+00:00\",\"breadcrumb\":{\"@id\":\"https:\\\/\\\/www.revistarambla.com\\\/ovb-denuncia-los-errores-mas-comunes-en-la-planificacion-de-la-jubilacion\\\/#breadcrumb\"},\"inLanguage\":\"en-GB\",\"potentialAction\":[{\"@type\":\"ReadAction\",\"target\":[\"https:\\\/\\\/www.revistarambla.com\\\/ovb-denuncia-los-errores-mas-comunes-en-la-planificacion-de-la-jubilacion\\\/\"]}]},{\"@type\":\"ImageObject\",\"inLanguage\":\"en-GB\",\"@id\":\"https:\\\/\\\/www.revistarambla.com\\\/ovb-denuncia-los-errores-mas-comunes-en-la-planificacion-de-la-jubilacion\\\/#primaryimage\",\"url\":\"https:\\\/\\\/www.revistarambla.com\\\/wp-content\\\/uploads\\\/2025\\\/08\\\/phpNJDFgB68a43e748af70.jpg\",\"contentUrl\":\"https:\\\/\\\/www.revistarambla.com\\\/wp-content\\\/uploads\\\/2025\\\/08\\\/phpNJDFgB68a43e748af70.jpg\",\"width\":1920,\"height\":1281,\"caption\":\"planificaci\u00f3n de la jubilaci\u00f3n\"},{\"@type\":\"BreadcrumbList\",\"@id\":\"https:\\\/\\\/www.revistarambla.com\\\/ovb-denuncia-los-errores-mas-comunes-en-la-planificacion-de-la-jubilacion\\\/#breadcrumb\",\"itemListElement\":[{\"@type\":\"ListItem\",\"position\":1,\"name\":\"Portada\",\"item\":\"https:\\\/\\\/www.revistarambla.com\\\/\"},{\"@type\":\"ListItem\",\"position\":2,\"name\":\"OVB denuncia los errores m\u00e1s comunes en la planificaci\u00f3n de la jubilaci\u00f3n\"}]},{\"@type\":\"WebSite\",\"@id\":\"https:\\\/\\\/www.revistarambla.com\\\/#website\",\"url\":\"https:\\\/\\\/www.revistarambla.com\\\/\",\"name\":\"Revista Rambla Barcelona\",\"description\":\"Periodismo independiente\",\"publisher\":{\"@id\":\"https:\\\/\\\/www.revistarambla.com\\\/#organization\"},\"potentialAction\":[{\"@type\":\"SearchAction\",\"target\":{\"@type\":\"EntryPoint\",\"urlTemplate\":\"https:\\\/\\\/www.revistarambla.com\\\/?s={search_term_string}\"},\"query-input\":{\"@type\":\"PropertyValueSpecification\",\"valueRequired\":true,\"valueName\":\"search_term_string\"}}],\"inLanguage\":\"en-GB\"},{\"@type\":\"Organization\",\"@id\":\"https:\\\/\\\/www.revistarambla.com\\\/#organization\",\"name\":\"Revista Rambla\",\"url\":\"https:\\\/\\\/www.revistarambla.com\\\/\",\"logo\":{\"@type\":\"ImageObject\",\"inLanguage\":\"en-GB\",\"@id\":\"https:\\\/\\\/www.revistarambla.com\\\/#\\\/schema\\\/logo\\\/image\\\/\",\"url\":\"https:\\\/\\\/www.revistarambla.com\\\/wp-content\\\/uploads\\\/2020\\\/09\\\/banner_rambla_1900x600_BB.png\",\"contentUrl\":\"https:\\\/\\\/www.revistarambla.com\\\/wp-content\\\/uploads\\\/2020\\\/09\\\/banner_rambla_1900x600_BB.png\",\"width\":1900,\"height\":600,\"caption\":\"Revista Rambla\"},\"image\":{\"@id\":\"https:\\\/\\\/www.revistarambla.com\\\/#\\\/schema\\\/logo\\\/image\\\/\"},\"sameAs\":[\"https:\\\/\\\/www.facebook.com\\\/revistarambla\\\/\",\"https:\\\/\\\/x.com\\\/revistarambla\",\"https:\\\/\\\/www.instagram.com\\\/revista_rambla\",\"https:\\\/\\\/es.linkedin.com\\\/company\\\/revista-rambla\"]},{\"@type\":\"Person\",\"@id\":\"https:\\\/\\\/www.revistarambla.com\\\/#\\\/schema\\\/person\\\/a146a5a2550b94981a75131180e1bd9c\",\"name\":\"R@mbla\",\"description\":\"Este art\u00edculo ha sido redactado y\\\/o validado por el equipo de redacci\u00f3n de Revista Rambla.\",\"sameAs\":[\"https:\\\/\\\/www.revistarambla.com\\\/\",\"https:\\\/\\\/www.facebook.com\\\/revistarambla\",\"https:\\\/\\\/x.com\\\/revistarambla\"]}]}<\/script>\n<!-- \/ Yoast SEO plugin. -->","yoast_head_json":{"title":"OVB denuncia los errores m\u00e1s comunes en la planificaci\u00f3n de la jubilaci\u00f3n - Revista Rambla","robots":{"index":"index","follow":"follow","max-snippet":"max-snippet:-1","max-image-preview":"max-image-preview:large","max-video-preview":"max-video-preview:-1"},"canonical":"https:\/\/www.revistarambla.com\/en\/ovb-denuncia-los-errores-mas-comunes-en-la-planificacion-de-la-jubilacion\/","og_locale":"en_GB","og_type":"article","og_title":"OVB denuncia los errores m\u00e1s comunes en la planificaci\u00f3n de la jubilaci\u00f3n - Revista Rambla","og_description":"\u00bfAlguna vez te has detenido a pensar en c\u00f3mo ser\u00e1 tu jubilaci\u00f3n? Es probable que, en medio de las preocupaciones diarias, no le prestes la suficiente atenci\u00f3n. Sin embargo, cuando llega el momento, descubrir que tu situaci\u00f3n financiera no es la que esperabas puede ser una sorpresa poco agradable. Esta [&hellip;]","og_url":"https:\/\/www.revistarambla.com\/en\/ovb-denuncia-los-errores-mas-comunes-en-la-planificacion-de-la-jubilacion\/","og_site_name":"Revista Rambla","article_publisher":"https:\/\/www.facebook.com\/revistarambla\/","article_author":"https:\/\/www.facebook.com\/revistarambla","article_published_time":"2025-08-19T09:53:39+00:00","og_image":[{"width":1920,"height":1281,"url":"https:\/\/www.revistarambla.com\/wp-content\/uploads\/2025\/08\/phpNJDFgB68a43e748af70.jpg","type":"image\/jpeg"}],"author":"R@mbla","twitter_card":"summary_large_image","twitter_creator":"@revistarambla","twitter_site":"@revistarambla","twitter_misc":{"Written by":"R@mbla","Estimated reading time":"4 minutes"},"schema":{"@context":"https:\/\/schema.org","@graph":[{"@type":"Article","@id":"https:\/\/www.revistarambla.com\/ovb-denuncia-los-errores-mas-comunes-en-la-planificacion-de-la-jubilacion\/#article","isPartOf":{"@id":"https:\/\/www.revistarambla.com\/ovb-denuncia-los-errores-mas-comunes-en-la-planificacion-de-la-jubilacion\/"},"author":{"name":"R@mbla","@id":"https:\/\/www.revistarambla.com\/#\/schema\/person\/a146a5a2550b94981a75131180e1bd9c"},"headline":"OVB denuncia los errores m\u00e1s comunes en la planificaci\u00f3n de la jubilaci\u00f3n","datePublished":"2025-08-19T09:53:39+00:00","mainEntityOfPage":{"@id":"https:\/\/www.revistarambla.com\/ovb-denuncia-los-errores-mas-comunes-en-la-planificacion-de-la-jubilacion\/"},"wordCount":846,"publisher":{"@id":"https:\/\/www.revistarambla.com\/#organization"},"image":{"@id":"https:\/\/www.revistarambla.com\/ovb-denuncia-los-errores-mas-comunes-en-la-planificacion-de-la-jubilacion\/#primaryimage"},"thumbnailUrl":"https:\/\/www.revistarambla.com\/wp-content\/uploads\/2025\/08\/phpNJDFgB68a43e748af70.jpg","articleSection":["Otras Noticias"],"inLanguage":"en-GB"},{"@type":"WebPage","@id":"https:\/\/www.revistarambla.com\/ovb-denuncia-los-errores-mas-comunes-en-la-planificacion-de-la-jubilacion\/","url":"https:\/\/www.revistarambla.com\/ovb-denuncia-los-errores-mas-comunes-en-la-planificacion-de-la-jubilacion\/","name":"OVB denuncia los errores m\u00e1s comunes en la planificaci\u00f3n de la jubilaci\u00f3n - Revista Rambla","isPartOf":{"@id":"https:\/\/www.revistarambla.com\/#website"},"primaryImageOfPage":{"@id":"https:\/\/www.revistarambla.com\/ovb-denuncia-los-errores-mas-comunes-en-la-planificacion-de-la-jubilacion\/#primaryimage"},"image":{"@id":"https:\/\/www.revistarambla.com\/ovb-denuncia-los-errores-mas-comunes-en-la-planificacion-de-la-jubilacion\/#primaryimage"},"thumbnailUrl":"https:\/\/www.revistarambla.com\/wp-content\/uploads\/2025\/08\/phpNJDFgB68a43e748af70.jpg","datePublished":"2025-08-19T09:53:39+00:00","breadcrumb":{"@id":"https:\/\/www.revistarambla.com\/ovb-denuncia-los-errores-mas-comunes-en-la-planificacion-de-la-jubilacion\/#breadcrumb"},"inLanguage":"en-GB","potentialAction":[{"@type":"ReadAction","target":["https:\/\/www.revistarambla.com\/ovb-denuncia-los-errores-mas-comunes-en-la-planificacion-de-la-jubilacion\/"]}]},{"@type":"ImageObject","inLanguage":"en-GB","@id":"https:\/\/www.revistarambla.com\/ovb-denuncia-los-errores-mas-comunes-en-la-planificacion-de-la-jubilacion\/#primaryimage","url":"https:\/\/www.revistarambla.com\/wp-content\/uploads\/2025\/08\/phpNJDFgB68a43e748af70.jpg","contentUrl":"https:\/\/www.revistarambla.com\/wp-content\/uploads\/2025\/08\/phpNJDFgB68a43e748af70.jpg","width":1920,"height":1281,"caption":"planificaci\u00f3n de la jubilaci\u00f3n"},{"@type":"BreadcrumbList","@id":"https:\/\/www.revistarambla.com\/ovb-denuncia-los-errores-mas-comunes-en-la-planificacion-de-la-jubilacion\/#breadcrumb","itemListElement":[{"@type":"ListItem","position":1,"name":"Portada","item":"https:\/\/www.revistarambla.com\/"},{"@type":"ListItem","position":2,"name":"OVB denuncia los errores m\u00e1s comunes en la planificaci\u00f3n de la jubilaci\u00f3n"}]},{"@type":"WebSite","@id":"https:\/\/www.revistarambla.com\/#website","url":"https:\/\/www.revistarambla.com\/","name":"Revista Rambla Barcelona","description":"Periodismo independiente","publisher":{"@id":"https:\/\/www.revistarambla.com\/#organization"},"potentialAction":[{"@type":"SearchAction","target":{"@type":"EntryPoint","urlTemplate":"https:\/\/www.revistarambla.com\/?s={search_term_string}"},"query-input":{"@type":"PropertyValueSpecification","valueRequired":true,"valueName":"search_term_string"}}],"inLanguage":"en-GB"},{"@type":"Organization","@id":"https:\/\/www.revistarambla.com\/#organization","name":"Revista Rambla","url":"https:\/\/www.revistarambla.com\/","logo":{"@type":"ImageObject","inLanguage":"en-GB","@id":"https:\/\/www.revistarambla.com\/#\/schema\/logo\/image\/","url":"https:\/\/www.revistarambla.com\/wp-content\/uploads\/2020\/09\/banner_rambla_1900x600_BB.png","contentUrl":"https:\/\/www.revistarambla.com\/wp-content\/uploads\/2020\/09\/banner_rambla_1900x600_BB.png","width":1900,"height":600,"caption":"Revista Rambla"},"image":{"@id":"https:\/\/www.revistarambla.com\/#\/schema\/logo\/image\/"},"sameAs":["https:\/\/www.facebook.com\/revistarambla\/","https:\/\/x.com\/revistarambla","https:\/\/www.instagram.com\/revista_rambla","https:\/\/es.linkedin.com\/company\/revista-rambla"]},{"@type":"Person","@id":"https:\/\/www.revistarambla.com\/#\/schema\/person\/a146a5a2550b94981a75131180e1bd9c","name":"R@mbla","description":"Este art\u00edculo ha sido redactado y\/o validado por el equipo de redacci\u00f3n de Revista Rambla.","sameAs":["https:\/\/www.revistarambla.com\/","https:\/\/www.facebook.com\/revistarambla","https:\/\/x.com\/revistarambla"]}]}},"_links":{"self":[{"href":"https:\/\/www.revistarambla.com\/en\/wp-json\/wp\/v2\/posts\/66171","targetHints":{"allow":["GET"]}}],"collection":[{"href":"https:\/\/www.revistarambla.com\/en\/wp-json\/wp\/v2\/posts"}],"about":[{"href":"https:\/\/www.revistarambla.com\/en\/wp-json\/wp\/v2\/types\/post"}],"author":[{"embeddable":true,"href":"https:\/\/www.revistarambla.com\/en\/wp-json\/wp\/v2\/users\/3"}],"replies":[{"embeddable":true,"href":"https:\/\/www.revistarambla.com\/en\/wp-json\/wp\/v2\/comments?post=66171"}],"version-history":[{"count":1,"href":"https:\/\/www.revistarambla.com\/en\/wp-json\/wp\/v2\/posts\/66171\/revisions"}],"predecessor-version":[{"id":66173,"href":"https:\/\/www.revistarambla.com\/en\/wp-json\/wp\/v2\/posts\/66171\/revisions\/66173"}],"wp:featuredmedia":[{"embeddable":true,"href":"https:\/\/www.revistarambla.com\/en\/wp-json\/wp\/v2\/media\/66172"}],"wp:attachment":[{"href":"https:\/\/www.revistarambla.com\/en\/wp-json\/wp\/v2\/media?parent=66171"}],"wp:term":[{"taxonomy":"category","embeddable":true,"href":"https:\/\/www.revistarambla.com\/en\/wp-json\/wp\/v2\/categories?post=66171"},{"taxonomy":"post_tag","embeddable":true,"href":"https:\/\/www.revistarambla.com\/en\/wp-json\/wp\/v2\/tags?post=66171"}],"curies":[{"name":"wp","href":"https:\/\/api.w.org\/{rel}","templated":true}]}}