{"id":66165,"date":"2025-08-19T11:49:32","date_gmt":"2025-08-19T09:49:32","guid":{"rendered":"https:\/\/www.revistarambla.com\/?p=66165"},"modified":"2025-08-19T11:49:32","modified_gmt":"2025-08-19T09:49:32","slug":"otono-en-autocaravana-por-andalucia-pueblos-blancos-de-cadiz-y-la-magia-de-la-serrania-de-ronda","status":"publish","type":"post","link":"https:\/\/www.revistarambla.com\/en\/otono-en-autocaravana-por-andalucia-pueblos-blancos-de-cadiz-y-la-magia-de-la-serrania-de-ronda\/","title":{"rendered":"Oto\u00f1o en autocaravana por Andaluc\u00eda: pueblos blancos de C\u00e1diz y la magia de la Serran\u00eda de Ronda"},"content":{"rendered":"<p>El oto\u00f1o convierte Andaluc\u00eda en un escenario de luz dorada y paisajes serenos<b>. Con temperaturas suaves, menor afluencia tur\u00edstica y cielos despejados, esta estaci\u00f3n ofrece la oportunidad perfecta para recorrer con calma algunos de sus rincones m\u00e1s cautivadores<\/b>. Entre ellos, la <b>Serran\u00eda de Ronda<\/b> y<b> los pueblos blancos de C\u00e1diz<\/b> forman una de las rutas m\u00e1s fotog\u00e9nicas y completas del sur de Espa\u00f1a.<\/p>\n<p>Para quienes parten desde Barcelona en busca de una escapada de varios d\u00edas,<b> viajar en autocaravana es la mejor opci\u00f3n, ya que se traduce en libertad<\/b>: elegir d\u00f3nde dormir, detenerse en un mirador o alargar la sobremesa en un pueblo sin mirar el reloj. Esa sensaci\u00f3n de viajar sin ataduras es m\u00e1s f\u00e1cil de conseguir cuando se cuenta con un veh\u00edculo c\u00f3modo, bien equipado y pensado para largas rutas. Ah\u00ed es donde<b> Horizon CHM<\/b>, con su flota moderna y cuidada y su asesoramiento personalizado, se convierte en el compa\u00f1ero perfecto para que todo el recorrido sea tan placentero como el destino.<\/p>\n<p>A continuaci\u00f3n, te ofrecemos una propuesta que reune naturaleza, cultura y gastronom\u00eda en un itinerario pensado para disfrutar a fuego lento, con el ritmo que marcan las sierras y el sabor de cada parada.<\/p>\n<h2><b>Por qu\u00e9 elegir el oto\u00f1o para recorrer Andaluc\u00eda en autocaravana<\/b><\/h2>\n<p>Viajar en oto\u00f1o por Andaluc\u00eda significa<b> evitar el calor sofocante del verano y las multitudes<\/b>. Las temperaturas rondan los 20 grados, perfectas para caminar por cascos hist\u00f3ricos, subir a miradores o realizar rutas de senderismo sin agotarse. Las carreteras se recorren con calma y los aparcamientos y \u00e1reas de pernocta est\u00e1n m\u00e1s disponibles.<\/p>\n<p>En el paisaje, la estaci\u00f3n regala colores intensos:<b> dehesas ocres, encinares verdes y monta\u00f1as que se cubren de brumas matinales<\/b>. Los r\u00edos recuperan caudal y los bosques de casta\u00f1os invitan a perderse entre hojas crujientes. Es tambi\u00e9n el momento m\u00e1s fotog\u00e9nico del a\u00f1o, ideal para quienes viajan con c\u00e1mara.<\/p>\n<p>En la mesa, el oto\u00f1o trae productos que definen la gastronom\u00eda local: <b>setas silvestres, casta\u00f1as reci\u00e9n asadas, guisos de caza, quesos curados y vinos de la tierra<\/b>. Viajar en autocaravana permite comprar en mercados, cocinar con vistas o dejarse llevar por las recomendaciones de los lugare\u00f1os en mesones con chimenea encendida.<\/p>\n<h2><b>La magia de la Serran\u00eda de Ronda<\/b><\/h2>\n<p>Ronda es una ciudad que impresiona desde el primer vistazo. El <b>Puente Nuevo<\/b>, que une sus dos barrios salvando un tajo de m\u00e1s de 100 metros, es una obra maestra que regala panor\u00e1micas de v\u00e9rtigo. Pasear por sus calles empedradas, descubrir sus palacios, visitar los ba\u00f1os \u00e1rabes o asomarse a balcones colgantes sobre acantilados es sumergirse en siglos de historia.<\/p>\n<p>Desde aqu\u00ed, la ruta se abre hacia <b>Setenil de las Bodegas<\/b>, donde las casas se incrustan bajo la roca; <b>Montejaque<\/b>, de esp\u00edritu serrano y calles tranquilas; y <b>Grazalema<\/b>, rodeada de pinares y famosa por su microclima, con nieblas que en oto\u00f1o cubren sus cumbres.<\/p>\n<p>Para los senderistas, hay rutas como el ascenso al Pinsapar o el Salto del Cabrero, mientras que los amantes del enoturismo pueden disfrutar de bodegas familiares con catas.<b> Viajar en autocaravana por la zona es c\u00f3modo<\/b>: existen \u00e1reas habilitadas para estacionar y dormir cerca de los principales puntos de inter\u00e9s. Con el <a href=\"https:\/\/horizonchm.com\/alquiler-autocaravanas-ronda\/\">alquiler autocaravanas Ronda<\/a> es posible iniciar o terminar aqu\u00ed el viaje, optimizando el tiempo para disfrutar m\u00e1s del destino y menos de la log\u00edstica.<\/p>\n<h2><b>Ruta por los pueblos blancos de C\u00e1diz<\/b><\/h2>\n<p>Desde la Serran\u00eda de Ronda, la carretera conduce al coraz\u00f3n de los <b>pueblos blancos de C\u00e1diz<\/b>, enclavados en la <b>Sierra de Grazalema<\/b>. <b>Zahara de la Sierra<\/b> cautiva por su castillo en lo alto y sus vistas sobre el embalse; <b>Olvera<\/b> combina su imponente iglesia con una fortaleza medieval; <b>Arcos de la Frontera<\/b> se alza sobre un risco con balcones al r\u00edo Guadalete; y <b>Ubrique<\/b> mantiene viva la tradici\u00f3n marroquinera en sus talleres y tiendas.<\/p>\n<p><b>En oto\u00f1o, estas localidades celebran festivales gastron\u00f3micos, rutas de setas y fiestas de la vendimia. <\/b>Sus calles encaladas, decoradas con macetas, ofrecen un contraste luminoso con el cielo limpio de esta estaci\u00f3n. Adem\u00e1s, el <b>Parque Natural Sierra de Grazalema <\/b>invita a realizar excursiones de un d\u00eda, como la ruta del r\u00edo Majaceite o el sendero del Pinsapar (con permiso previo).<\/p>\n<p>Moverse en autocaravana por esta zona es sencillo gracias a las \u00e1reas designadas y campings bien ubicados. Alternar visitas diurnas con pernoctas en lugares panor\u00e1micos convierte cada d\u00eda en una nueva postal.<\/p>\n<h2><b>Consejos pr\u00e1cticos para viajar en autocaravana por Andaluc\u00eda<\/b><\/h2>\n<p>Una ruta de este tipo requiere planificaci\u00f3n, aunque la flexibilidad es parte de su encanto. <b>Lo ideal es combinar trayectos cortos (60-80 km) con 1 o 2 noches en cada lugar<\/b>, dejando margen para cambios seg\u00fan el clima o los eventos locales.<\/p>\n<p>Aplicaciones como <b><i>Park4Night <\/i><\/b>o<b><i> Campercontact<\/i><\/b> son \u00fatiles para encontrar \u00e1reas de servicio, puntos de vaciado y opiniones de otros viajeros. Es importante conocer la normativa: <b>en Andaluc\u00eda, la pernocta est\u00e1 permitida en muchos lugares siempre que no se realicen actividades que impliquen acampada<\/b> (sacar mesas, toldos o sillas).<\/p>\n<p>Para quienes no disponen de veh\u00edculo propio, el <a href=\"https:\/\/horizonchm.com\/alquiler-autocaravanas-andalucia\/\">alquiler autocaravanas Andaluc\u00eda<\/a> con <b>Horizon CHM <\/b>es una opci\u00f3n segura: veh\u00edculos modernos, completamente equipados, asesoramiento de rutas adaptadas a los intereses del viajero y soporte en carretera en caso de imprevistos. Adem\u00e1s, su flexibilidad en recogida y devoluci\u00f3n facilita coordinar el inicio y final del viaje con desplazamientos desde Catalu\u00f1a.<\/p>\n<h2><b>Un sur que enamora en oto\u00f1o<\/b><\/h2>\n<p>El oto\u00f1o es la estaci\u00f3n ideal para <b>explorar Andaluc\u00eda en autocaravana<\/b>. La combinaci\u00f3n de paisajes dorados, pueblos llenos de historia y una gastronom\u00eda de temporada hacen de esta ruta por la Serran\u00eda de Ronda y los pueblos blancos de C\u00e1diz una experiencia inolvidable.<\/p>\n<p>Con<b> Horizon CHM<\/b>, cada kil\u00f3metro se disfruta m\u00e1s: <b>veh\u00edculos cuidados, rutas dise\u00f1adas con detalle, libertad para improvisar y la tranquilidad de contar con un equipo experto.<\/b> Si buscas amanecer frente a una sierra, comer en plazas tranquilas y dormir bajo un cielo estrellado, es el momento de poner rumbo al sur.<\/p>\n<p>Planifica tu viaje, revisa fechas y disponibilidad, y<b> l\u00e1nzate a descubrir una Andaluc\u00eda que en oto\u00f1o se muestra m\u00e1s aut\u00e9ntica y m\u00e1gica que nunca<\/b>. Tu pr\u00f3xima aventura sobre ruedas te est\u00e1 esperando.<\/p>","protected":false},"excerpt":{"rendered":"<p>El oto\u00f1o convierte Andaluc\u00eda en un escenario de luz dorada y paisajes serenos. Con temperaturas suaves, menor afluencia tur\u00edstica y cielos despejados, esta estaci\u00f3n ofrece la oportunidad perfecta para recorrer con calma algunos de sus rincones m\u00e1s cautivadores. Entre ellos, la Serran\u00eda de Ronda y los pueblos blancos de C\u00e1diz [&hellip;]<\/p>\n","protected":false},"author":3,"featured_media":66166,"comment_status":"closed","ping_status":"closed","sticky":false,"template":"","format":"standard","meta":{"footnotes":""},"categories":[3790],"tags":[],"class_list":["post-66165","post","type-post","status-publish","format-standard","has-post-thumbnail","hentry","category-otras-noticias"],"yoast_head":"<!-- This site is optimized with the Yoast SEO plugin v27.5 - https:\/\/yoast.com\/product\/yoast-seo-wordpress\/ -->\n<title>Oto\u00f1o en autocaravana por Andaluc\u00eda: pueblos blancos de C\u00e1diz y la magia de la Serran\u00eda de Ronda - Revista Rambla<\/title>\n<meta name=\"robots\" content=\"index, follow, max-snippet:-1, max-image-preview:large, max-video-preview:-1\" \/>\n<link rel=\"canonical\" href=\"https:\/\/www.revistarambla.com\/en\/otono-en-autocaravana-por-andalucia-pueblos-blancos-de-cadiz-y-la-magia-de-la-serrania-de-ronda\/\" \/>\n<meta property=\"og:locale\" content=\"en_GB\" \/>\n<meta property=\"og:type\" content=\"article\" \/>\n<meta property=\"og:title\" content=\"Oto\u00f1o en autocaravana por Andaluc\u00eda: pueblos blancos de C\u00e1diz y la magia de la Serran\u00eda de Ronda - Revista Rambla\" \/>\n<meta property=\"og:description\" content=\"El oto\u00f1o convierte Andaluc\u00eda en un escenario de luz dorada y paisajes serenos. Con temperaturas suaves, menor afluencia tur\u00edstica y cielos despejados, esta estaci\u00f3n ofrece la oportunidad perfecta para recorrer con calma algunos de sus rincones m\u00e1s cautivadores. Entre ellos, la Serran\u00eda de Ronda y los pueblos blancos de C\u00e1diz [&hellip;]\" \/>\n<meta property=\"og:url\" content=\"https:\/\/www.revistarambla.com\/en\/otono-en-autocaravana-por-andalucia-pueblos-blancos-de-cadiz-y-la-magia-de-la-serrania-de-ronda\/\" \/>\n<meta property=\"og:site_name\" content=\"Revista Rambla\" \/>\n<meta property=\"article:publisher\" content=\"https:\/\/www.facebook.com\/revistarambla\/\" \/>\n<meta property=\"article:author\" content=\"https:\/\/www.facebook.com\/revistarambla\" \/>\n<meta property=\"article:published_time\" content=\"2025-08-19T09:49:32+00:00\" \/>\n<meta property=\"og:image\" content=\"https:\/\/www.revistarambla.com\/wp-content\/uploads\/2025\/08\/phpdfIBlm68a302e48df7d.jpg\" \/>\n\t<meta property=\"og:image:width\" content=\"1920\" \/>\n\t<meta property=\"og:image:height\" content=\"1280\" \/>\n\t<meta property=\"og:image:type\" content=\"image\/jpeg\" \/>\n<meta name=\"author\" content=\"R@mbla\" \/>\n<meta name=\"twitter:card\" content=\"summary_large_image\" \/>\n<meta name=\"twitter:creator\" content=\"@revistarambla\" \/>\n<meta name=\"twitter:site\" content=\"@revistarambla\" \/>\n<meta name=\"twitter:label1\" content=\"Written by\" \/>\n\t<meta name=\"twitter:data1\" content=\"R@mbla\" \/>\n\t<meta name=\"twitter:label2\" content=\"Estimated reading time\" \/>\n\t<meta name=\"twitter:data2\" content=\"5 minutes\" \/>\n<script type=\"application\/ld+json\" class=\"yoast-schema-graph\">{\"@context\":\"https:\\\/\\\/schema.org\",\"@graph\":[{\"@type\":\"Article\",\"@id\":\"https:\\\/\\\/www.revistarambla.com\\\/otono-en-autocaravana-por-andalucia-pueblos-blancos-de-cadiz-y-la-magia-de-la-serrania-de-ronda\\\/#article\",\"isPartOf\":{\"@id\":\"https:\\\/\\\/www.revistarambla.com\\\/otono-en-autocaravana-por-andalucia-pueblos-blancos-de-cadiz-y-la-magia-de-la-serrania-de-ronda\\\/\"},\"author\":{\"name\":\"R@mbla\",\"@id\":\"https:\\\/\\\/www.revistarambla.com\\\/#\\\/schema\\\/person\\\/a146a5a2550b94981a75131180e1bd9c\"},\"headline\":\"Oto\u00f1o en autocaravana por Andaluc\u00eda: pueblos blancos de C\u00e1diz y la magia de la Serran\u00eda de Ronda\",\"datePublished\":\"2025-08-19T09:49:32+00:00\",\"mainEntityOfPage\":{\"@id\":\"https:\\\/\\\/www.revistarambla.com\\\/otono-en-autocaravana-por-andalucia-pueblos-blancos-de-cadiz-y-la-magia-de-la-serrania-de-ronda\\\/\"},\"wordCount\":1125,\"publisher\":{\"@id\":\"https:\\\/\\\/www.revistarambla.com\\\/#organization\"},\"image\":{\"@id\":\"https:\\\/\\\/www.revistarambla.com\\\/otono-en-autocaravana-por-andalucia-pueblos-blancos-de-cadiz-y-la-magia-de-la-serrania-de-ronda\\\/#primaryimage\"},\"thumbnailUrl\":\"https:\\\/\\\/www.revistarambla.com\\\/wp-content\\\/uploads\\\/2025\\\/08\\\/phpdfIBlm68a302e48df7d.jpg\",\"articleSection\":[\"Otras Noticias\"],\"inLanguage\":\"en-GB\"},{\"@type\":\"WebPage\",\"@id\":\"https:\\\/\\\/www.revistarambla.com\\\/otono-en-autocaravana-por-andalucia-pueblos-blancos-de-cadiz-y-la-magia-de-la-serrania-de-ronda\\\/\",\"url\":\"https:\\\/\\\/www.revistarambla.com\\\/otono-en-autocaravana-por-andalucia-pueblos-blancos-de-cadiz-y-la-magia-de-la-serrania-de-ronda\\\/\",\"name\":\"Oto\u00f1o en autocaravana por Andaluc\u00eda: pueblos blancos de C\u00e1diz y la magia de la Serran\u00eda de Ronda - Revista Rambla\",\"isPartOf\":{\"@id\":\"https:\\\/\\\/www.revistarambla.com\\\/#website\"},\"primaryImageOfPage\":{\"@id\":\"https:\\\/\\\/www.revistarambla.com\\\/otono-en-autocaravana-por-andalucia-pueblos-blancos-de-cadiz-y-la-magia-de-la-serrania-de-ronda\\\/#primaryimage\"},\"image\":{\"@id\":\"https:\\\/\\\/www.revistarambla.com\\\/otono-en-autocaravana-por-andalucia-pueblos-blancos-de-cadiz-y-la-magia-de-la-serrania-de-ronda\\\/#primaryimage\"},\"thumbnailUrl\":\"https:\\\/\\\/www.revistarambla.com\\\/wp-content\\\/uploads\\\/2025\\\/08\\\/phpdfIBlm68a302e48df7d.jpg\",\"datePublished\":\"2025-08-19T09:49:32+00:00\",\"breadcrumb\":{\"@id\":\"https:\\\/\\\/www.revistarambla.com\\\/otono-en-autocaravana-por-andalucia-pueblos-blancos-de-cadiz-y-la-magia-de-la-serrania-de-ronda\\\/#breadcrumb\"},\"inLanguage\":\"en-GB\",\"potentialAction\":[{\"@type\":\"ReadAction\",\"target\":[\"https:\\\/\\\/www.revistarambla.com\\\/otono-en-autocaravana-por-andalucia-pueblos-blancos-de-cadiz-y-la-magia-de-la-serrania-de-ronda\\\/\"]}]},{\"@type\":\"ImageObject\",\"inLanguage\":\"en-GB\",\"@id\":\"https:\\\/\\\/www.revistarambla.com\\\/otono-en-autocaravana-por-andalucia-pueblos-blancos-de-cadiz-y-la-magia-de-la-serrania-de-ronda\\\/#primaryimage\",\"url\":\"https:\\\/\\\/www.revistarambla.com\\\/wp-content\\\/uploads\\\/2025\\\/08\\\/phpdfIBlm68a302e48df7d.jpg\",\"contentUrl\":\"https:\\\/\\\/www.revistarambla.com\\\/wp-content\\\/uploads\\\/2025\\\/08\\\/phpdfIBlm68a302e48df7d.jpg\",\"width\":1920,\"height\":1280,\"caption\":\"autocaravana por Andaluc\u00eda\"},{\"@type\":\"BreadcrumbList\",\"@id\":\"https:\\\/\\\/www.revistarambla.com\\\/otono-en-autocaravana-por-andalucia-pueblos-blancos-de-cadiz-y-la-magia-de-la-serrania-de-ronda\\\/#breadcrumb\",\"itemListElement\":[{\"@type\":\"ListItem\",\"position\":1,\"name\":\"Portada\",\"item\":\"https:\\\/\\\/www.revistarambla.com\\\/\"},{\"@type\":\"ListItem\",\"position\":2,\"name\":\"Oto\u00f1o en autocaravana por Andaluc\u00eda: pueblos blancos de C\u00e1diz y la magia de la Serran\u00eda de Ronda\"}]},{\"@type\":\"WebSite\",\"@id\":\"https:\\\/\\\/www.revistarambla.com\\\/#website\",\"url\":\"https:\\\/\\\/www.revistarambla.com\\\/\",\"name\":\"Revista Rambla Barcelona\",\"description\":\"Periodismo independiente\",\"publisher\":{\"@id\":\"https:\\\/\\\/www.revistarambla.com\\\/#organization\"},\"potentialAction\":[{\"@type\":\"SearchAction\",\"target\":{\"@type\":\"EntryPoint\",\"urlTemplate\":\"https:\\\/\\\/www.revistarambla.com\\\/?s={search_term_string}\"},\"query-input\":{\"@type\":\"PropertyValueSpecification\",\"valueRequired\":true,\"valueName\":\"search_term_string\"}}],\"inLanguage\":\"en-GB\"},{\"@type\":\"Organization\",\"@id\":\"https:\\\/\\\/www.revistarambla.com\\\/#organization\",\"name\":\"Revista Rambla\",\"url\":\"https:\\\/\\\/www.revistarambla.com\\\/\",\"logo\":{\"@type\":\"ImageObject\",\"inLanguage\":\"en-GB\",\"@id\":\"https:\\\/\\\/www.revistarambla.com\\\/#\\\/schema\\\/logo\\\/image\\\/\",\"url\":\"https:\\\/\\\/www.revistarambla.com\\\/wp-content\\\/uploads\\\/2020\\\/09\\\/banner_rambla_1900x600_BB.png\",\"contentUrl\":\"https:\\\/\\\/www.revistarambla.com\\\/wp-content\\\/uploads\\\/2020\\\/09\\\/banner_rambla_1900x600_BB.png\",\"width\":1900,\"height\":600,\"caption\":\"Revista Rambla\"},\"image\":{\"@id\":\"https:\\\/\\\/www.revistarambla.com\\\/#\\\/schema\\\/logo\\\/image\\\/\"},\"sameAs\":[\"https:\\\/\\\/www.facebook.com\\\/revistarambla\\\/\",\"https:\\\/\\\/x.com\\\/revistarambla\",\"https:\\\/\\\/www.instagram.com\\\/revista_rambla\",\"https:\\\/\\\/es.linkedin.com\\\/company\\\/revista-rambla\"]},{\"@type\":\"Person\",\"@id\":\"https:\\\/\\\/www.revistarambla.com\\\/#\\\/schema\\\/person\\\/a146a5a2550b94981a75131180e1bd9c\",\"name\":\"R@mbla\",\"description\":\"Este art\u00edculo ha sido redactado y\\\/o validado por el equipo de redacci\u00f3n de Revista Rambla.\",\"sameAs\":[\"https:\\\/\\\/www.revistarambla.com\\\/\",\"https:\\\/\\\/www.facebook.com\\\/revistarambla\",\"https:\\\/\\\/x.com\\\/revistarambla\"]}]}<\/script>\n<!-- \/ Yoast SEO plugin. -->","yoast_head_json":{"title":"Oto\u00f1o en autocaravana por Andaluc\u00eda: pueblos blancos de C\u00e1diz y la magia de la Serran\u00eda de Ronda - Revista Rambla","robots":{"index":"index","follow":"follow","max-snippet":"max-snippet:-1","max-image-preview":"max-image-preview:large","max-video-preview":"max-video-preview:-1"},"canonical":"https:\/\/www.revistarambla.com\/en\/otono-en-autocaravana-por-andalucia-pueblos-blancos-de-cadiz-y-la-magia-de-la-serrania-de-ronda\/","og_locale":"en_GB","og_type":"article","og_title":"Oto\u00f1o en autocaravana por Andaluc\u00eda: pueblos blancos de C\u00e1diz y la magia de la Serran\u00eda de Ronda - Revista Rambla","og_description":"El oto\u00f1o convierte Andaluc\u00eda en un escenario de luz dorada y paisajes serenos. Con temperaturas suaves, menor afluencia tur\u00edstica y cielos despejados, esta estaci\u00f3n ofrece la oportunidad perfecta para recorrer con calma algunos de sus rincones m\u00e1s cautivadores. Entre ellos, la Serran\u00eda de Ronda y los pueblos blancos de C\u00e1diz [&hellip;]","og_url":"https:\/\/www.revistarambla.com\/en\/otono-en-autocaravana-por-andalucia-pueblos-blancos-de-cadiz-y-la-magia-de-la-serrania-de-ronda\/","og_site_name":"Revista Rambla","article_publisher":"https:\/\/www.facebook.com\/revistarambla\/","article_author":"https:\/\/www.facebook.com\/revistarambla","article_published_time":"2025-08-19T09:49:32+00:00","og_image":[{"width":1920,"height":1280,"url":"https:\/\/www.revistarambla.com\/wp-content\/uploads\/2025\/08\/phpdfIBlm68a302e48df7d.jpg","type":"image\/jpeg"}],"author":"R@mbla","twitter_card":"summary_large_image","twitter_creator":"@revistarambla","twitter_site":"@revistarambla","twitter_misc":{"Written by":"R@mbla","Estimated reading time":"5 minutes"},"schema":{"@context":"https:\/\/schema.org","@graph":[{"@type":"Article","@id":"https:\/\/www.revistarambla.com\/otono-en-autocaravana-por-andalucia-pueblos-blancos-de-cadiz-y-la-magia-de-la-serrania-de-ronda\/#article","isPartOf":{"@id":"https:\/\/www.revistarambla.com\/otono-en-autocaravana-por-andalucia-pueblos-blancos-de-cadiz-y-la-magia-de-la-serrania-de-ronda\/"},"author":{"name":"R@mbla","@id":"https:\/\/www.revistarambla.com\/#\/schema\/person\/a146a5a2550b94981a75131180e1bd9c"},"headline":"Oto\u00f1o en autocaravana por Andaluc\u00eda: pueblos blancos de C\u00e1diz y la magia de la Serran\u00eda de Ronda","datePublished":"2025-08-19T09:49:32+00:00","mainEntityOfPage":{"@id":"https:\/\/www.revistarambla.com\/otono-en-autocaravana-por-andalucia-pueblos-blancos-de-cadiz-y-la-magia-de-la-serrania-de-ronda\/"},"wordCount":1125,"publisher":{"@id":"https:\/\/www.revistarambla.com\/#organization"},"image":{"@id":"https:\/\/www.revistarambla.com\/otono-en-autocaravana-por-andalucia-pueblos-blancos-de-cadiz-y-la-magia-de-la-serrania-de-ronda\/#primaryimage"},"thumbnailUrl":"https:\/\/www.revistarambla.com\/wp-content\/uploads\/2025\/08\/phpdfIBlm68a302e48df7d.jpg","articleSection":["Otras Noticias"],"inLanguage":"en-GB"},{"@type":"WebPage","@id":"https:\/\/www.revistarambla.com\/otono-en-autocaravana-por-andalucia-pueblos-blancos-de-cadiz-y-la-magia-de-la-serrania-de-ronda\/","url":"https:\/\/www.revistarambla.com\/otono-en-autocaravana-por-andalucia-pueblos-blancos-de-cadiz-y-la-magia-de-la-serrania-de-ronda\/","name":"Oto\u00f1o en autocaravana por Andaluc\u00eda: pueblos blancos de C\u00e1diz y la magia de la Serran\u00eda de Ronda - Revista Rambla","isPartOf":{"@id":"https:\/\/www.revistarambla.com\/#website"},"primaryImageOfPage":{"@id":"https:\/\/www.revistarambla.com\/otono-en-autocaravana-por-andalucia-pueblos-blancos-de-cadiz-y-la-magia-de-la-serrania-de-ronda\/#primaryimage"},"image":{"@id":"https:\/\/www.revistarambla.com\/otono-en-autocaravana-por-andalucia-pueblos-blancos-de-cadiz-y-la-magia-de-la-serrania-de-ronda\/#primaryimage"},"thumbnailUrl":"https:\/\/www.revistarambla.com\/wp-content\/uploads\/2025\/08\/phpdfIBlm68a302e48df7d.jpg","datePublished":"2025-08-19T09:49:32+00:00","breadcrumb":{"@id":"https:\/\/www.revistarambla.com\/otono-en-autocaravana-por-andalucia-pueblos-blancos-de-cadiz-y-la-magia-de-la-serrania-de-ronda\/#breadcrumb"},"inLanguage":"en-GB","potentialAction":[{"@type":"ReadAction","target":["https:\/\/www.revistarambla.com\/otono-en-autocaravana-por-andalucia-pueblos-blancos-de-cadiz-y-la-magia-de-la-serrania-de-ronda\/"]}]},{"@type":"ImageObject","inLanguage":"en-GB","@id":"https:\/\/www.revistarambla.com\/otono-en-autocaravana-por-andalucia-pueblos-blancos-de-cadiz-y-la-magia-de-la-serrania-de-ronda\/#primaryimage","url":"https:\/\/www.revistarambla.com\/wp-content\/uploads\/2025\/08\/phpdfIBlm68a302e48df7d.jpg","contentUrl":"https:\/\/www.revistarambla.com\/wp-content\/uploads\/2025\/08\/phpdfIBlm68a302e48df7d.jpg","width":1920,"height":1280,"caption":"autocaravana por Andaluc\u00eda"},{"@type":"BreadcrumbList","@id":"https:\/\/www.revistarambla.com\/otono-en-autocaravana-por-andalucia-pueblos-blancos-de-cadiz-y-la-magia-de-la-serrania-de-ronda\/#breadcrumb","itemListElement":[{"@type":"ListItem","position":1,"name":"Portada","item":"https:\/\/www.revistarambla.com\/"},{"@type":"ListItem","position":2,"name":"Oto\u00f1o en autocaravana por Andaluc\u00eda: pueblos blancos de C\u00e1diz y la magia de la Serran\u00eda de Ronda"}]},{"@type":"WebSite","@id":"https:\/\/www.revistarambla.com\/#website","url":"https:\/\/www.revistarambla.com\/","name":"Revista Rambla Barcelona","description":"Periodismo independiente","publisher":{"@id":"https:\/\/www.revistarambla.com\/#organization"},"potentialAction":[{"@type":"SearchAction","target":{"@type":"EntryPoint","urlTemplate":"https:\/\/www.revistarambla.com\/?s={search_term_string}"},"query-input":{"@type":"PropertyValueSpecification","valueRequired":true,"valueName":"search_term_string"}}],"inLanguage":"en-GB"},{"@type":"Organization","@id":"https:\/\/www.revistarambla.com\/#organization","name":"Revista Rambla","url":"https:\/\/www.revistarambla.com\/","logo":{"@type":"ImageObject","inLanguage":"en-GB","@id":"https:\/\/www.revistarambla.com\/#\/schema\/logo\/image\/","url":"https:\/\/www.revistarambla.com\/wp-content\/uploads\/2020\/09\/banner_rambla_1900x600_BB.png","contentUrl":"https:\/\/www.revistarambla.com\/wp-content\/uploads\/2020\/09\/banner_rambla_1900x600_BB.png","width":1900,"height":600,"caption":"Revista Rambla"},"image":{"@id":"https:\/\/www.revistarambla.com\/#\/schema\/logo\/image\/"},"sameAs":["https:\/\/www.facebook.com\/revistarambla\/","https:\/\/x.com\/revistarambla","https:\/\/www.instagram.com\/revista_rambla","https:\/\/es.linkedin.com\/company\/revista-rambla"]},{"@type":"Person","@id":"https:\/\/www.revistarambla.com\/#\/schema\/person\/a146a5a2550b94981a75131180e1bd9c","name":"R@mbla","description":"Este art\u00edculo ha sido redactado y\/o validado por el equipo de redacci\u00f3n de Revista Rambla.","sameAs":["https:\/\/www.revistarambla.com\/","https:\/\/www.facebook.com\/revistarambla","https:\/\/x.com\/revistarambla"]}]}},"_links":{"self":[{"href":"https:\/\/www.revistarambla.com\/en\/wp-json\/wp\/v2\/posts\/66165","targetHints":{"allow":["GET"]}}],"collection":[{"href":"https:\/\/www.revistarambla.com\/en\/wp-json\/wp\/v2\/posts"}],"about":[{"href":"https:\/\/www.revistarambla.com\/en\/wp-json\/wp\/v2\/types\/post"}],"author":[{"embeddable":true,"href":"https:\/\/www.revistarambla.com\/en\/wp-json\/wp\/v2\/users\/3"}],"replies":[{"embeddable":true,"href":"https:\/\/www.revistarambla.com\/en\/wp-json\/wp\/v2\/comments?post=66165"}],"version-history":[{"count":1,"href":"https:\/\/www.revistarambla.com\/en\/wp-json\/wp\/v2\/posts\/66165\/revisions"}],"predecessor-version":[{"id":66167,"href":"https:\/\/www.revistarambla.com\/en\/wp-json\/wp\/v2\/posts\/66165\/revisions\/66167"}],"wp:featuredmedia":[{"embeddable":true,"href":"https:\/\/www.revistarambla.com\/en\/wp-json\/wp\/v2\/media\/66166"}],"wp:attachment":[{"href":"https:\/\/www.revistarambla.com\/en\/wp-json\/wp\/v2\/media?parent=66165"}],"wp:term":[{"taxonomy":"category","embeddable":true,"href":"https:\/\/www.revistarambla.com\/en\/wp-json\/wp\/v2\/categories?post=66165"},{"taxonomy":"post_tag","embeddable":true,"href":"https:\/\/www.revistarambla.com\/en\/wp-json\/wp\/v2\/tags?post=66165"}],"curies":[{"name":"wp","href":"https:\/\/api.w.org\/{rel}","templated":true}]}}