{"id":66157,"date":"2025-08-19T11:45:14","date_gmt":"2025-08-19T09:45:14","guid":{"rendered":"https:\/\/www.revistarambla.com\/?p=66157"},"modified":"2025-08-19T11:45:14","modified_gmt":"2025-08-19T09:45:14","slug":"la-transformacion-silenciosa-sostenibilidad-tecnologia-y-vida-urbana","status":"publish","type":"post","link":"https:\/\/www.revistarambla.com\/en\/la-transformacion-silenciosa-sostenibilidad-tecnologia-y-vida-urbana\/","title":{"rendered":"La transformaci\u00f3n silenciosa: sostenibilidad, tecnolog\u00eda y vida urbana"},"content":{"rendered":"<p>La ciudad <b>late a un ritmo nuevo<\/b>. Entre el ruido del tr\u00e1fico, las pantallas encendidas y las fachadas que se renuevan, hay un cambio que no siempre es visible, pero que <b>redefine la forma en la que vivimos<\/b>. Sostenibilidad, eficiencia y seguridad son los ejes sobre los que gira este redise\u00f1o urbano, donde la tecnolog\u00eda y los materiales nobles conviven para <b>crear espacios m\u00e1s humanos<\/b>. <b>La planificaci\u00f3n urbana incorpora ahora criterios que priorizan la reducci\u00f3n del impacto ambiental y el aprovechamiento inteligente de los recursos.<\/b> Al mismo tiempo, se promueven entornos que favorecen la conectividad y el bienestar colectivo, respondiendo a las nuevas formas de habitar y trabajar en comunidad.<\/p>\n<h2><b>La calidez de lo natural en un entorno moderno<\/b><\/h2>\n<p>En un paisaje dominado por el cristal, el hormig\u00f3n y los pol\u00edmeros, <b>la madera recupera protagonismo<\/b>. Su resistencia, versatilidad y capacidad de aportar calidez hacen que resurja tanto en grandes proyectos arquitect\u00f3nicos como en peque\u00f1os trabajos de bricolaje. Elementos como los <a href=\"https:\/\/www.herfe.com\/listones\/\">listones madera<\/a> se convierten en <b>aliados perfectos para interiores acogedores<\/b> y exteriores que dialogan con el entorno.<\/p>\n<p>M\u00e1s all\u00e1 de la est\u00e9tica, <b>la madera bien gestionada es una opci\u00f3n renovable y de bajo impacto ambiental<\/b>. Su uso no es una nostalgia por lo tradicional, sino una apuesta por materiales que <b>mejoran la calidad ac\u00fastica, regulan la humedad y aportan confort<\/b> en un sentido f\u00edsico y emocional.<\/p>\n<h2><b>Ciberseguridad: el nuevo escudo urbano<\/b><\/h2>\n<p>La digitalizaci\u00f3n no solo ha cambiado nuestra forma de trabajar o comprar; tambi\u00e9n ha convertido la informaci\u00f3n en <b>un bien tan valioso como el agua o la energ\u00eda<\/b>. Empresas, administraciones y particulares necesitan <b>blindar sus datos frente a amenazas cada vez m\u00e1s sofisticadas<\/b>. Servicios como los de <a href=\"https:\/\/www.remotedhelp.com\/ciberseguridad-malaga\/\">ciberseguridad M\u00e1laga<\/a> muestran c\u00f3mo la protecci\u00f3n digital <b>ya no es un lujo, sino un requisito imprescindible<\/b> para cualquier actividad urbana. Desde el control de sem\u00e1foros hasta la gesti\u00f3n de expedientes m\u00e9dicos, <b>la infraestructura digital de una ciudad requiere un escudo invisible<\/b> que mantenga a salvo su funcionamiento diario.<\/p>\n<h2><b>Movilidad flexible para tiempos cambiantes<\/b><\/h2>\n<p>Tener veh\u00edculo en propiedad ya no es la \u00fanica opci\u00f3n para desplazarse o transportar mercanc\u00edas. <b>La movilidad flexible ofrece alternativas adaptadas a necesidades puntuales o cambiantes<\/b>, y el modelo de <a href=\"https:\/\/furgonetasirama.com\/alquiler-furgonetas-meses\/\">precio alquiler furgoneta por meses<\/a> se consolida como <b>una soluci\u00f3n eficiente para aut\u00f3nomos, pymes y particulares<\/b>.<\/p>\n<p>Esta f\u00f3rmula <b>reduce gastos fijos, evita preocupaciones de mantenimiento<\/b> y permite elegir el tipo de veh\u00edculo m\u00e1s adecuado en cada momento. En un contexto donde la log\u00edstica es clave para el desarrollo urbano, <b>disponer de opciones as\u00ed es un factor de competitividad<\/b>.<\/p>\n<h2><b>Plagas: el enemigo discreto<\/b><\/h2>\n<p>Las ciudades concentran oportunidades, pero tambi\u00e9n <b>problemas invisibles<\/b>. Las plagas urbanas son un ejemplo: roedores, insectos y otras especies encuentran en los espacios densamente poblados <b>un h\u00e1bitat ideal<\/b>. La intervenci\u00f3n r\u00e1pida es esencial para evitar riesgos sanitarios y da\u00f1os estructurales.<\/p>\n<p>Empresas como <a href=\"https:\/\/rapiplaga.com\">https:\/\/rapiplaga.com<\/a> aplican t\u00e9cnicas que no solo erradican focos existentes, sino que <b>previenen su reaparici\u00f3n mediante tratamientos respetuosos con el entorno<\/b>. La <b>prevenci\u00f3n, m\u00e1s que la reacci\u00f3n, es la mejor estrategia<\/b> para preservar la salubridad urbana.<\/p>\n<h2><b>Una ciudad que conecta sus piezas<\/b><\/h2>\n<p>Cada uno de estos elementos \u2014<b>materiales sostenibles, protecci\u00f3n digital, movilidad flexible y control medioambiental<\/b>\u2014 forma parte de <b>un engranaje mayor<\/b>. Un edificio con estructura de madera certificada puede integrar sensores para optimizar su consumo energ\u00e9tico; esos sensores necesitan protecci\u00f3n contra ciberataques; el transporte de sus materiales puede depender de un alquiler de furgoneta temporal; y todo ello <b>se desarrolla en un entorno libre de plagas gracias a planes de prevenci\u00f3n<\/b>.<\/p>\n<p>La integraci\u00f3n de estas soluciones permite que <b>los recursos se gestionen de forma m\u00e1s eficiente<\/b>, reduciendo costes y mejorando la calidad de vida de los ciudadanos. La ciudad que se construye hoy es <b>un ecosistema interdependiente<\/b>, donde cada decisi\u00f3n influye en el conjunto. El objetivo no es solo hacerla m\u00e1s eficiente, sino tambi\u00e9n <b>m\u00e1s segura, habitable y sostenible<\/b>.<\/p>\n<h2><b>Horizonte de oportunidades<\/b><\/h2>\n<p>La transformaci\u00f3n urbana <b>no es un proyecto puntual<\/b>, sino <b>una evoluci\u00f3n constante<\/b>. El reto est\u00e1 en integrar la innovaci\u00f3n sin perder de vista el impacto a largo plazo. <b>Elegir listones de madera certificados<\/b>, implantar sistemas de <b>ciberseguridad robustos<\/b>, adoptar soluciones de <b>movilidad adaptables<\/b> y mantener entornos <b>libres de plagas<\/b> son decisiones que, sumadas, modelan <b>una ciudad m\u00e1s preparada para el futuro. <\/b>La clave ser\u00e1 <b>la colaboraci\u00f3n entre administraciones, empresas y ciudadanos<\/b> para que cada pieza encaje en un modelo urbano resiliente, capaz de responder a los retos de un mundo en cambio continuo.<\/p>","protected":false},"excerpt":{"rendered":"<p>La ciudad late a un ritmo nuevo. Entre el ruido del tr\u00e1fico, las pantallas encendidas y las fachadas que se renuevan, hay un cambio que no siempre es visible, pero que redefine la forma en la que vivimos. Sostenibilidad, eficiencia y seguridad son los ejes sobre los que gira este [&hellip;]<\/p>\n","protected":false},"author":3,"featured_media":66158,"comment_status":"closed","ping_status":"closed","sticky":false,"template":"","format":"standard","meta":{"footnotes":""},"categories":[350],"tags":[],"class_list":["post-66157","post","type-post","status-publish","format-standard","has-post-thumbnail","hentry","category-miscelanea"],"yoast_head":"<!-- This site is optimized with the Yoast SEO plugin v27.5 - https:\/\/yoast.com\/product\/yoast-seo-wordpress\/ -->\n<title>La transformaci\u00f3n silenciosa: sostenibilidad, tecnolog\u00eda y vida urbana - Revista Rambla<\/title>\n<meta name=\"robots\" content=\"index, follow, max-snippet:-1, max-image-preview:large, max-video-preview:-1\" \/>\n<link rel=\"canonical\" href=\"https:\/\/www.revistarambla.com\/en\/la-transformacion-silenciosa-sostenibilidad-tecnologia-y-vida-urbana\/\" \/>\n<meta property=\"og:locale\" content=\"en_GB\" \/>\n<meta property=\"og:type\" content=\"article\" \/>\n<meta property=\"og:title\" content=\"La transformaci\u00f3n silenciosa: sostenibilidad, tecnolog\u00eda y vida urbana - Revista Rambla\" \/>\n<meta property=\"og:description\" content=\"La ciudad late a un ritmo nuevo. Entre el ruido del tr\u00e1fico, las pantallas encendidas y las fachadas que se renuevan, hay un cambio que no siempre es visible, pero que redefine la forma en la que vivimos. Sostenibilidad, eficiencia y seguridad son los ejes sobre los que gira este [&hellip;]\" \/>\n<meta property=\"og:url\" content=\"https:\/\/www.revistarambla.com\/en\/la-transformacion-silenciosa-sostenibilidad-tecnologia-y-vida-urbana\/\" \/>\n<meta property=\"og:site_name\" content=\"Revista Rambla\" \/>\n<meta property=\"article:publisher\" content=\"https:\/\/www.facebook.com\/revistarambla\/\" \/>\n<meta property=\"article:author\" content=\"https:\/\/www.facebook.com\/revistarambla\" \/>\n<meta property=\"article:published_time\" content=\"2025-08-19T09:45:14+00:00\" \/>\n<meta property=\"og:image\" content=\"https:\/\/www.revistarambla.com\/wp-content\/uploads\/2025\/08\/phpopehDM68a302d951a0b.jpg\" \/>\n\t<meta property=\"og:image:width\" content=\"924\" \/>\n\t<meta property=\"og:image:height\" content=\"603\" \/>\n\t<meta property=\"og:image:type\" content=\"image\/jpeg\" \/>\n<meta name=\"author\" content=\"R@mbla\" \/>\n<meta name=\"twitter:card\" content=\"summary_large_image\" \/>\n<meta name=\"twitter:creator\" content=\"@revistarambla\" \/>\n<meta name=\"twitter:site\" content=\"@revistarambla\" \/>\n<meta name=\"twitter:label1\" content=\"Written by\" \/>\n\t<meta name=\"twitter:data1\" content=\"R@mbla\" \/>\n\t<meta name=\"twitter:label2\" content=\"Estimated reading time\" \/>\n\t<meta name=\"twitter:data2\" content=\"4 minutes\" \/>\n<script type=\"application\/ld+json\" class=\"yoast-schema-graph\">{\"@context\":\"https:\\\/\\\/schema.org\",\"@graph\":[{\"@type\":\"Article\",\"@id\":\"https:\\\/\\\/www.revistarambla.com\\\/la-transformacion-silenciosa-sostenibilidad-tecnologia-y-vida-urbana\\\/#article\",\"isPartOf\":{\"@id\":\"https:\\\/\\\/www.revistarambla.com\\\/la-transformacion-silenciosa-sostenibilidad-tecnologia-y-vida-urbana\\\/\"},\"author\":{\"name\":\"R@mbla\",\"@id\":\"https:\\\/\\\/www.revistarambla.com\\\/#\\\/schema\\\/person\\\/a146a5a2550b94981a75131180e1bd9c\"},\"headline\":\"La transformaci\u00f3n silenciosa: sostenibilidad, tecnolog\u00eda y vida urbana\",\"datePublished\":\"2025-08-19T09:45:14+00:00\",\"mainEntityOfPage\":{\"@id\":\"https:\\\/\\\/www.revistarambla.com\\\/la-transformacion-silenciosa-sostenibilidad-tecnologia-y-vida-urbana\\\/\"},\"wordCount\":802,\"publisher\":{\"@id\":\"https:\\\/\\\/www.revistarambla.com\\\/#organization\"},\"image\":{\"@id\":\"https:\\\/\\\/www.revistarambla.com\\\/la-transformacion-silenciosa-sostenibilidad-tecnologia-y-vida-urbana\\\/#primaryimage\"},\"thumbnailUrl\":\"https:\\\/\\\/www.revistarambla.com\\\/wp-content\\\/uploads\\\/2025\\\/08\\\/phpopehDM68a302d951a0b.jpg\",\"articleSection\":[\"Noticias de la vida\"],\"inLanguage\":\"en-GB\"},{\"@type\":\"WebPage\",\"@id\":\"https:\\\/\\\/www.revistarambla.com\\\/la-transformacion-silenciosa-sostenibilidad-tecnologia-y-vida-urbana\\\/\",\"url\":\"https:\\\/\\\/www.revistarambla.com\\\/la-transformacion-silenciosa-sostenibilidad-tecnologia-y-vida-urbana\\\/\",\"name\":\"La transformaci\u00f3n silenciosa: sostenibilidad, tecnolog\u00eda y vida urbana - Revista Rambla\",\"isPartOf\":{\"@id\":\"https:\\\/\\\/www.revistarambla.com\\\/#website\"},\"primaryImageOfPage\":{\"@id\":\"https:\\\/\\\/www.revistarambla.com\\\/la-transformacion-silenciosa-sostenibilidad-tecnologia-y-vida-urbana\\\/#primaryimage\"},\"image\":{\"@id\":\"https:\\\/\\\/www.revistarambla.com\\\/la-transformacion-silenciosa-sostenibilidad-tecnologia-y-vida-urbana\\\/#primaryimage\"},\"thumbnailUrl\":\"https:\\\/\\\/www.revistarambla.com\\\/wp-content\\\/uploads\\\/2025\\\/08\\\/phpopehDM68a302d951a0b.jpg\",\"datePublished\":\"2025-08-19T09:45:14+00:00\",\"breadcrumb\":{\"@id\":\"https:\\\/\\\/www.revistarambla.com\\\/la-transformacion-silenciosa-sostenibilidad-tecnologia-y-vida-urbana\\\/#breadcrumb\"},\"inLanguage\":\"en-GB\",\"potentialAction\":[{\"@type\":\"ReadAction\",\"target\":[\"https:\\\/\\\/www.revistarambla.com\\\/la-transformacion-silenciosa-sostenibilidad-tecnologia-y-vida-urbana\\\/\"]}]},{\"@type\":\"ImageObject\",\"inLanguage\":\"en-GB\",\"@id\":\"https:\\\/\\\/www.revistarambla.com\\\/la-transformacion-silenciosa-sostenibilidad-tecnologia-y-vida-urbana\\\/#primaryimage\",\"url\":\"https:\\\/\\\/www.revistarambla.com\\\/wp-content\\\/uploads\\\/2025\\\/08\\\/phpopehDM68a302d951a0b.jpg\",\"contentUrl\":\"https:\\\/\\\/www.revistarambla.com\\\/wp-content\\\/uploads\\\/2025\\\/08\\\/phpopehDM68a302d951a0b.jpg\",\"width\":924,\"height\":603,\"caption\":\"vida urbana CALLE\"},{\"@type\":\"BreadcrumbList\",\"@id\":\"https:\\\/\\\/www.revistarambla.com\\\/la-transformacion-silenciosa-sostenibilidad-tecnologia-y-vida-urbana\\\/#breadcrumb\",\"itemListElement\":[{\"@type\":\"ListItem\",\"position\":1,\"name\":\"Portada\",\"item\":\"https:\\\/\\\/www.revistarambla.com\\\/\"},{\"@type\":\"ListItem\",\"position\":2,\"name\":\"La transformaci\u00f3n silenciosa: sostenibilidad, tecnolog\u00eda y vida urbana\"}]},{\"@type\":\"WebSite\",\"@id\":\"https:\\\/\\\/www.revistarambla.com\\\/#website\",\"url\":\"https:\\\/\\\/www.revistarambla.com\\\/\",\"name\":\"Revista Rambla Barcelona\",\"description\":\"Periodismo independiente\",\"publisher\":{\"@id\":\"https:\\\/\\\/www.revistarambla.com\\\/#organization\"},\"potentialAction\":[{\"@type\":\"SearchAction\",\"target\":{\"@type\":\"EntryPoint\",\"urlTemplate\":\"https:\\\/\\\/www.revistarambla.com\\\/?s={search_term_string}\"},\"query-input\":{\"@type\":\"PropertyValueSpecification\",\"valueRequired\":true,\"valueName\":\"search_term_string\"}}],\"inLanguage\":\"en-GB\"},{\"@type\":\"Organization\",\"@id\":\"https:\\\/\\\/www.revistarambla.com\\\/#organization\",\"name\":\"Revista Rambla\",\"url\":\"https:\\\/\\\/www.revistarambla.com\\\/\",\"logo\":{\"@type\":\"ImageObject\",\"inLanguage\":\"en-GB\",\"@id\":\"https:\\\/\\\/www.revistarambla.com\\\/#\\\/schema\\\/logo\\\/image\\\/\",\"url\":\"https:\\\/\\\/www.revistarambla.com\\\/wp-content\\\/uploads\\\/2020\\\/09\\\/banner_rambla_1900x600_BB.png\",\"contentUrl\":\"https:\\\/\\\/www.revistarambla.com\\\/wp-content\\\/uploads\\\/2020\\\/09\\\/banner_rambla_1900x600_BB.png\",\"width\":1900,\"height\":600,\"caption\":\"Revista Rambla\"},\"image\":{\"@id\":\"https:\\\/\\\/www.revistarambla.com\\\/#\\\/schema\\\/logo\\\/image\\\/\"},\"sameAs\":[\"https:\\\/\\\/www.facebook.com\\\/revistarambla\\\/\",\"https:\\\/\\\/x.com\\\/revistarambla\",\"https:\\\/\\\/www.instagram.com\\\/revista_rambla\",\"https:\\\/\\\/es.linkedin.com\\\/company\\\/revista-rambla\"]},{\"@type\":\"Person\",\"@id\":\"https:\\\/\\\/www.revistarambla.com\\\/#\\\/schema\\\/person\\\/a146a5a2550b94981a75131180e1bd9c\",\"name\":\"R@mbla\",\"description\":\"Este art\u00edculo ha sido redactado y\\\/o validado por el equipo de redacci\u00f3n de Revista Rambla.\",\"sameAs\":[\"https:\\\/\\\/www.revistarambla.com\\\/\",\"https:\\\/\\\/www.facebook.com\\\/revistarambla\",\"https:\\\/\\\/x.com\\\/revistarambla\"]}]}<\/script>\n<!-- \/ Yoast SEO plugin. -->","yoast_head_json":{"title":"La transformaci\u00f3n silenciosa: sostenibilidad, tecnolog\u00eda y vida urbana - Revista Rambla","robots":{"index":"index","follow":"follow","max-snippet":"max-snippet:-1","max-image-preview":"max-image-preview:large","max-video-preview":"max-video-preview:-1"},"canonical":"https:\/\/www.revistarambla.com\/en\/la-transformacion-silenciosa-sostenibilidad-tecnologia-y-vida-urbana\/","og_locale":"en_GB","og_type":"article","og_title":"La transformaci\u00f3n silenciosa: sostenibilidad, tecnolog\u00eda y vida urbana - Revista Rambla","og_description":"La ciudad late a un ritmo nuevo. Entre el ruido del tr\u00e1fico, las pantallas encendidas y las fachadas que se renuevan, hay un cambio que no siempre es visible, pero que redefine la forma en la que vivimos. Sostenibilidad, eficiencia y seguridad son los ejes sobre los que gira este [&hellip;]","og_url":"https:\/\/www.revistarambla.com\/en\/la-transformacion-silenciosa-sostenibilidad-tecnologia-y-vida-urbana\/","og_site_name":"Revista Rambla","article_publisher":"https:\/\/www.facebook.com\/revistarambla\/","article_author":"https:\/\/www.facebook.com\/revistarambla","article_published_time":"2025-08-19T09:45:14+00:00","og_image":[{"width":924,"height":603,"url":"https:\/\/www.revistarambla.com\/wp-content\/uploads\/2025\/08\/phpopehDM68a302d951a0b.jpg","type":"image\/jpeg"}],"author":"R@mbla","twitter_card":"summary_large_image","twitter_creator":"@revistarambla","twitter_site":"@revistarambla","twitter_misc":{"Written by":"R@mbla","Estimated reading time":"4 minutes"},"schema":{"@context":"https:\/\/schema.org","@graph":[{"@type":"Article","@id":"https:\/\/www.revistarambla.com\/la-transformacion-silenciosa-sostenibilidad-tecnologia-y-vida-urbana\/#article","isPartOf":{"@id":"https:\/\/www.revistarambla.com\/la-transformacion-silenciosa-sostenibilidad-tecnologia-y-vida-urbana\/"},"author":{"name":"R@mbla","@id":"https:\/\/www.revistarambla.com\/#\/schema\/person\/a146a5a2550b94981a75131180e1bd9c"},"headline":"La transformaci\u00f3n silenciosa: sostenibilidad, tecnolog\u00eda y vida urbana","datePublished":"2025-08-19T09:45:14+00:00","mainEntityOfPage":{"@id":"https:\/\/www.revistarambla.com\/la-transformacion-silenciosa-sostenibilidad-tecnologia-y-vida-urbana\/"},"wordCount":802,"publisher":{"@id":"https:\/\/www.revistarambla.com\/#organization"},"image":{"@id":"https:\/\/www.revistarambla.com\/la-transformacion-silenciosa-sostenibilidad-tecnologia-y-vida-urbana\/#primaryimage"},"thumbnailUrl":"https:\/\/www.revistarambla.com\/wp-content\/uploads\/2025\/08\/phpopehDM68a302d951a0b.jpg","articleSection":["Noticias de la vida"],"inLanguage":"en-GB"},{"@type":"WebPage","@id":"https:\/\/www.revistarambla.com\/la-transformacion-silenciosa-sostenibilidad-tecnologia-y-vida-urbana\/","url":"https:\/\/www.revistarambla.com\/la-transformacion-silenciosa-sostenibilidad-tecnologia-y-vida-urbana\/","name":"La transformaci\u00f3n silenciosa: sostenibilidad, tecnolog\u00eda y vida urbana - Revista Rambla","isPartOf":{"@id":"https:\/\/www.revistarambla.com\/#website"},"primaryImageOfPage":{"@id":"https:\/\/www.revistarambla.com\/la-transformacion-silenciosa-sostenibilidad-tecnologia-y-vida-urbana\/#primaryimage"},"image":{"@id":"https:\/\/www.revistarambla.com\/la-transformacion-silenciosa-sostenibilidad-tecnologia-y-vida-urbana\/#primaryimage"},"thumbnailUrl":"https:\/\/www.revistarambla.com\/wp-content\/uploads\/2025\/08\/phpopehDM68a302d951a0b.jpg","datePublished":"2025-08-19T09:45:14+00:00","breadcrumb":{"@id":"https:\/\/www.revistarambla.com\/la-transformacion-silenciosa-sostenibilidad-tecnologia-y-vida-urbana\/#breadcrumb"},"inLanguage":"en-GB","potentialAction":[{"@type":"ReadAction","target":["https:\/\/www.revistarambla.com\/la-transformacion-silenciosa-sostenibilidad-tecnologia-y-vida-urbana\/"]}]},{"@type":"ImageObject","inLanguage":"en-GB","@id":"https:\/\/www.revistarambla.com\/la-transformacion-silenciosa-sostenibilidad-tecnologia-y-vida-urbana\/#primaryimage","url":"https:\/\/www.revistarambla.com\/wp-content\/uploads\/2025\/08\/phpopehDM68a302d951a0b.jpg","contentUrl":"https:\/\/www.revistarambla.com\/wp-content\/uploads\/2025\/08\/phpopehDM68a302d951a0b.jpg","width":924,"height":603,"caption":"vida urbana CALLE"},{"@type":"BreadcrumbList","@id":"https:\/\/www.revistarambla.com\/la-transformacion-silenciosa-sostenibilidad-tecnologia-y-vida-urbana\/#breadcrumb","itemListElement":[{"@type":"ListItem","position":1,"name":"Portada","item":"https:\/\/www.revistarambla.com\/"},{"@type":"ListItem","position":2,"name":"La transformaci\u00f3n silenciosa: sostenibilidad, tecnolog\u00eda y vida urbana"}]},{"@type":"WebSite","@id":"https:\/\/www.revistarambla.com\/#website","url":"https:\/\/www.revistarambla.com\/","name":"Revista Rambla Barcelona","description":"Periodismo independiente","publisher":{"@id":"https:\/\/www.revistarambla.com\/#organization"},"potentialAction":[{"@type":"SearchAction","target":{"@type":"EntryPoint","urlTemplate":"https:\/\/www.revistarambla.com\/?s={search_term_string}"},"query-input":{"@type":"PropertyValueSpecification","valueRequired":true,"valueName":"search_term_string"}}],"inLanguage":"en-GB"},{"@type":"Organization","@id":"https:\/\/www.revistarambla.com\/#organization","name":"Revista Rambla","url":"https:\/\/www.revistarambla.com\/","logo":{"@type":"ImageObject","inLanguage":"en-GB","@id":"https:\/\/www.revistarambla.com\/#\/schema\/logo\/image\/","url":"https:\/\/www.revistarambla.com\/wp-content\/uploads\/2020\/09\/banner_rambla_1900x600_BB.png","contentUrl":"https:\/\/www.revistarambla.com\/wp-content\/uploads\/2020\/09\/banner_rambla_1900x600_BB.png","width":1900,"height":600,"caption":"Revista Rambla"},"image":{"@id":"https:\/\/www.revistarambla.com\/#\/schema\/logo\/image\/"},"sameAs":["https:\/\/www.facebook.com\/revistarambla\/","https:\/\/x.com\/revistarambla","https:\/\/www.instagram.com\/revista_rambla","https:\/\/es.linkedin.com\/company\/revista-rambla"]},{"@type":"Person","@id":"https:\/\/www.revistarambla.com\/#\/schema\/person\/a146a5a2550b94981a75131180e1bd9c","name":"R@mbla","description":"Este art\u00edculo ha sido redactado y\/o validado por el equipo de redacci\u00f3n de Revista Rambla.","sameAs":["https:\/\/www.revistarambla.com\/","https:\/\/www.facebook.com\/revistarambla","https:\/\/x.com\/revistarambla"]}]}},"_links":{"self":[{"href":"https:\/\/www.revistarambla.com\/en\/wp-json\/wp\/v2\/posts\/66157","targetHints":{"allow":["GET"]}}],"collection":[{"href":"https:\/\/www.revistarambla.com\/en\/wp-json\/wp\/v2\/posts"}],"about":[{"href":"https:\/\/www.revistarambla.com\/en\/wp-json\/wp\/v2\/types\/post"}],"author":[{"embeddable":true,"href":"https:\/\/www.revistarambla.com\/en\/wp-json\/wp\/v2\/users\/3"}],"replies":[{"embeddable":true,"href":"https:\/\/www.revistarambla.com\/en\/wp-json\/wp\/v2\/comments?post=66157"}],"version-history":[{"count":1,"href":"https:\/\/www.revistarambla.com\/en\/wp-json\/wp\/v2\/posts\/66157\/revisions"}],"predecessor-version":[{"id":66159,"href":"https:\/\/www.revistarambla.com\/en\/wp-json\/wp\/v2\/posts\/66157\/revisions\/66159"}],"wp:featuredmedia":[{"embeddable":true,"href":"https:\/\/www.revistarambla.com\/en\/wp-json\/wp\/v2\/media\/66158"}],"wp:attachment":[{"href":"https:\/\/www.revistarambla.com\/en\/wp-json\/wp\/v2\/media?parent=66157"}],"wp:term":[{"taxonomy":"category","embeddable":true,"href":"https:\/\/www.revistarambla.com\/en\/wp-json\/wp\/v2\/categories?post=66157"},{"taxonomy":"post_tag","embeddable":true,"href":"https:\/\/www.revistarambla.com\/en\/wp-json\/wp\/v2\/tags?post=66157"}],"curies":[{"name":"wp","href":"https:\/\/api.w.org\/{rel}","templated":true}]}}