{"id":66146,"date":"2025-08-17T12:40:35","date_gmt":"2025-08-17T10:40:35","guid":{"rendered":"https:\/\/www.revistarambla.com\/?p=66146"},"modified":"2025-08-19T09:50:50","modified_gmt":"2025-08-19T07:50:50","slug":"europa-esta-que-arde","status":"publish","type":"post","link":"https:\/\/www.revistarambla.com\/en\/europa-esta-que-arde\/","title":{"rendered":"Europa est\u00e1 que arde"},"content":{"rendered":"<p class=\"x_1367215181ydpaf99362cyiv2740487807ydp4736c0b4yiv2156819055ydp1e103751MsoNormal\"><span lang=\"ES\"> <b>Desde hace unas cuantas semanas, varios pa\u00edses de Europa se confrontan con enormes incendios. Si el infierno se asocia con fuego, el continente vive un verano realmente infernal.<\/b><\/span><b><span lang=\"ES\">\u00a0<\/span><\/b><\/p>\n<p class=\"x_1367215181ydpaf99362cyiv2740487807ydp4736c0b4yiv2156819055ydp1e103751MsoNormal\"><span lang=\"ES\">Ocupan la preocupaci\u00f3n de miles de personas y de las estad\u00edsticas oficiales. Concentran p\u00e1ginas enteras de los cotidianos y largos minutos de informativos televisivos y radiales. Los calores rompen r\u00e9cords y los incendios son los grandes protagonistas de la coyuntura continental.<\/p>\n<p>Seg\u00fan el <\/span>Sistema Europeo de Informaci\u00f3n sobre <a href=\"https:\/\/www.revistarambla.com\/en\/por-que-no-arde-soria-la-provincia-con-la-mayor-masa-boscosa-de-espana-que-resiste-al-fuego\/\">Incendios Forestales<\/a> (EFFIS), hasta el 12 de agosto ya hab\u00edan<span lang=\"ES\"> ardido 409.220 hect\u00e1reas en pa\u00edses de la Uni\u00f3n Europea<\/span>, lo que representa m\u00e1s del 10% de la superficie de B\u00e9lgica. <span lang=\"ES\">El a\u00f1o pasado, en el mismo per\u00edodo, la superficie quemada fue de 188.643 hect\u00e1reas.<\/span><\/p>\n<p class=\"x_1367215181ydpaf99362cyiv2740487807ydp4736c0b4yiv2156819055ydp1e103751MsoNormal\">Los incendios semanales que golpean parcelas de m\u00e1s de 30 hect\u00e1reas tambi\u00e9n est\u00e1n muy por encima de lo conocido: en lo que va de 2025 ascienden a 1.599, muchos m\u00e1s que los 1.089 de igual periodo del 2024.<\/p>\n<p class=\"x_1367215181ydpaf99362cyiv2740487807ydp4736c0b4yiv2156819055ydp1e103751MsoNormal\">La situaci\u00f3n del continente con miles de evacuados y decenas de v\u00edctimas directas (entre muertes y heridos) no muestra mejor\u00eda. Los \u00faltimos d\u00edas y hasta mediados de agosto, Francia y en especial Espa\u00f1a se han visto entre los pa\u00edses m\u00e1s afectados por incidentes, da\u00f1os materiales y v\u00edctimas, aunque Turqu\u00eda y Grecia no les quedan atr\u00e1s. Tampoco Portugal, Bulgaria, Albania, Chipre, Montenegro y Kosovo. Previamente, el Reino Unido hab\u00eda sido duramente afectado. Situaci\u00f3n que se da en un escenario de can\u00edcula que golpea nuevamente a Europa, con r\u00e9cords que superan los <span lang=\"ES\">42\u00baC y con un aumento significativo de la sequ\u00eda en las zonas afectadas.<\/span><\/p>\n<p class=\"x_1367215181ydpaf99362cyiv2740487807ydp4736c0b4yiv2156819055ydp1e103751MsoNormal\"><span lang=\"ES\">La segunda semana de agosto, el Departamento de Aude, cercano al Parque Nacional de los Pirineos de Ariege (casi frontera con Espa\u00f1a) y al Parque Natural Regional del Haut-Languedoc, sufri\u00f3 el mayor incendio de bosques de las \u00faltimas d\u00e9cadas, con 16.000 hect\u00e1reas calcinadas. Si bien el foco de este incendio se control\u00f3 en unas 72 horas, las autoridades anunciaron que su extinci\u00f3n <\/span>definitiva demandar\u00eda d\u00edas e incluso semanas debido a las condiciones clim\u00e1ticas y los fuertes vientos. E<span lang=\"ES\">l humo y las cenizas provenientes de Aude<\/span> alcanzaron las Islas <span lang=\"ES\">Baleares, Girona y Barcelona.<\/span><\/p>\n<p class=\"x_1367215181ydpaf99362cyiv2740487807ydp4736c0b4yiv2156819055ydp1e103751MsoNormal\"><span lang=\"ES\">En una decena de regiones espa\u00f1olas el panorama no ha sido menos desolador. M\u00e1s recientemente, en los municipios gallegos de Maceda Chandrexa y Queixa y en la comarca de El Bierzo, afectando el Parque del Monumento Natural de las M\u00e9dulas (patrimonio de la UNESCO), en la Provincia de Le\u00f3n<\/span>. En paralelo, otros frentes estallaban en la provincia de Zamora y en Pamplona. Seg\u00fan la prensa espa\u00f1ola del martes 12 de agosto, a ese d\u00eda permanec\u00edan activos en siete comunidades: Galicia, Castilla y Le\u00f3n, Madrid, Extremadura, Andaluc\u00eda, Castilla-La Mancha y Navarra, con situaciones especialmente preocupantes en media docena de provincias.<\/p>\n<p class=\"x_1367215181ydpaf99362cyiv2740487807ydp4736c0b4yiv2156819055ydp1e103751MsoNormal\">Seg\u00fan el sitio WEB <i>Ecoavant, <\/i>en Espa\u00f1a, en lo que va del a\u00f1o el 47% de los incendios \u00a0ocurri\u00f3 en las denominadas comunidades interiores; el 27%, en el noroeste, y un 23%, alrededor del Mediterr\u00e1neo (<i><span lang=\"ES\"><a href=\"https:\/\/www.ecoavant.com\/medio-ambiente\/incendios-forestales-en-espana-situacion-actual-5-agosto-2025_15512_102.html\" target=\"_blank\" rel=\"nofollow noopener\">https:\/\/www.ecoavant.com\/medio-ambiente\/incendios-forestales-en-espana-situacion-actual-5-agosto-2025_15512_102.html<\/a><\/span><\/i><span lang=\"ES\">).<\/span><\/p>\n<p class=\"x_1367215181ydpaf99362cyiv2740487807ydp4736c0b4yiv2156819055ydp1e103751MsoNormal\"><span lang=\"ES\">En varios, pa\u00edses, como lo ha constatado el Servicio de Vigilancia Atmosf\u00e9rica del Programa Copernicus, los incendios forestales han causado la mayor cantidad de emisiones de gases contaminantes durante los \u00faltimos 23 a\u00f1os, cuando se comenz\u00f3 a recopilar informaci\u00f3n al respecto. En Grecia, Turqu\u00eda, Reino Unido y Chipre este tipo de emisiones ha sido r\u00e9cord.<\/span><\/p>\n<h2 class=\"x_1367215181ydpaf99362cyiv2740487807ydp4736c0b4yiv2156819055ydp1e103751MsoNormal\">Explota el term\u00f3metro en todo el Norte<\/h2>\n<p class=\"x_1367215181ydpaf99362cyiv2740487807ydp4736c0b4yiv2156819055ydp1e103751MsoNormal\"><span lang=\"ES\">Seg\u00fan el Programa Copernicus de observaci\u00f3n de la Tierra que depende de la Uni\u00f3n Europea el mes de julio de 2025 fue el tercer julio m\u00e1s caluroso a nivel mundial despu\u00e9s de 2023 y 2024. La temperatura media de la superficie del mar fue la tercera m\u00e1s alta jam\u00e1s registrada y la extensi\u00f3n del hielo marino \u00e1rtico se redujo a su nivel casi m\u00e1s bajo desde que comenzaron sus mediciones satelitales hace 47 a\u00f1os. Este nivel de reducci\u00f3n fue casi el mismo que en 2012 y 2021.<\/span><\/p>\n<p class=\"x_1367215181ydpaf99362cyiv2740487807ydp4736c0b4yiv2156819055ydp1e103751MsoNormal\"><span lang=\"ES\">Las olas de calor europeo incluso afectaron a los n\u00f3rdicos Suecia y Finlandia, con un per\u00edodo inusualmente largo de temperaturas superiores a los 30\u00b0C. El sureste europeo tambi\u00e9n padeci\u00f3 olas de calor e incendios forestales, con una temperatura r\u00e9cord nacional de 50,5\u00b0C en Turqu\u00eda.<\/span><\/p>\n<p class=\"x_1367215181ydpaf99362cyiv2740487807ydp4736c0b4yiv2156819055ydp1e103751MsoNormal\"><span lang=\"ES\">Fuera de Europa, se registraron temperaturas m\u00e1s altas que la media en el Himalaya, China y Jap\u00f3n. Seg\u00fan el\u00a0<\/span><a title=\"(se abre en una nueva ventana)\" href=\"https:\/\/www.cma.gov.cn\/en\/forecast\/news\/202508\/t20250805_7257577.html\" target=\"_blank\" rel=\"nofollow noopener\"><span lang=\"ES\">Centro Meteorol\u00f3gico Mundial de Beijing<\/span><\/a>, la primera semana de agosto <span lang=\"ES\">las temperaturas m\u00e1ximas superaron los 42\u00b0C en partes de Asia occidental, el sur de Asia central, amplias regiones del norte de \u00c1frica, el sur de Pakist\u00e1n y el suroeste de Estados Unidos, con \u00e1reas localizadas con m\u00e1s de 45\u00b0C. Jap\u00f3n registr\u00f3 un nuevo r\u00e9cord nacional de temperatura de 41,8\u00b0C el 5 de agosto, superando as\u00ed el r\u00e9cord de 41,2\u00b0C cinco d\u00edas antes. En el suroeste de Ir\u00e1n y el este de Iraq, el mercurio lleg\u00f3 a los 50\u00b0C. Por su parte, el Servicio Meteorol\u00f3gico Nacional de Marruecos debi\u00f3 emitir una alerta por temperaturas entre 40 y 47\u00b0C. <\/span><\/p>\n<h2 class=\"x_1367215181ydpaf99362cyiv2740487807ydp4736c0b4yiv2156819055ydp1e103751MsoNormal\"><span lang=\"ES\">Humo de Canad\u00e1 cubre Europa<\/span><\/h2>\n<p class=\"x_1367215181ydpaf99362cyiv2740487807ydp4736c0b4yiv2156819055ydp1e103751MsoNormal\"><span lang=\"ES\">A un continente ya sufriente se le sum\u00f3 un fen\u00f3meno clim\u00e1tico tan original como sorprendente: en muchas ciudades durante varios d\u00edas en junio, el cielo se cubri\u00f3 con un tinte fantasmag\u00f3rico color rojizo oscuro. Resultado del impacto del humo procedente de Canad\u00e1, donde incendios forestales extensos y generalizados en las provincias de Alberta, Manitoba y Saskatchewan desde mayo ya han dejado m\u00e1s de 6.6 millones de hect\u00e1reas quemadas (<\/span><a href=\"https:\/\/www.iqair.com\/es\/newsroom\/europe-air-quality-alert-canadian-wildfire-smoke\" target=\"_blank\" rel=\"nofollow noopener\"><i><span lang=\"ES\">https:\/\/www.iqair.com\/es\/newsroom\/europe-air-quality-alert-canadian-wildfire-smoke<\/span><\/i><\/a><span lang=\"ES\">).<\/p>\n<p>A principios de junio, una gran columna de ese humo se desplaz\u00f3 a trav\u00e9s del Atl\u00e1ntico Norte en direcci\u00f3n a Europa. Seg\u00fan el \u00cdndice IQAir suizo, que mide la calidad del aire y los niveles de poluci\u00f3n, la mayor parte del mismo lleg\u00f3 a la regi\u00f3n europea gracias a corrientes de gran altitud, alrededor de 9.000 metros, por lo que un principio no afect\u00f3 directamente los centros urbanos. Sin embargo, en pocos d\u00edas el humo comenz\u00f3 a descender e impactar numerosas ciudades. Varias comunidades en el centro y el sur debieron lanzar una alerta meteorol\u00f3gica: aire \u201cNo saludable para grupos sensibles\u201d. Este fen\u00f3meno, que se repiti\u00f3 a comienzos de agosto, ya hab\u00eda dejado a Zagreb, Ljubljana, Milano y Berna entre las ciudades m\u00e1s contaminadas del mundo.<\/span><\/p>\n<p class=\"x_1367215181ydpaf99362cyiv2740487807ydp4736c0b4yiv2156819055ydp1e103751MsoNormal\">La mala calidad del aire que se midi\u00f3 en buena parte del cielo europeo se ve reforzada en esta \u00e9poca del a\u00f1o por los ya repetidos episodios de polvo sahariano tambi\u00e9n conocidas como calimas. Provenientes de \u00c1frica, compuestos por part\u00edculas en su mayor\u00eda de origen mineral como cuarzo, arcilla, calcita y \u00f3xido f\u00e9rrico, se expanden sobre el cielo europeo, as\u00ed como del Caribe y del sureste de Estados Unidos, enrareciendo la visibilidad y provocando trastornos respiratorios a sectores de la poblaci\u00f3n con salud vulnerable.<\/p>\n<h2 class=\"x_1367215181ydpaf99362cyiv2740487807ydp4736c0b4yiv2156819055ydp1e103751MsoNormal\"><span lang=\"ES\">Incendios destructores<\/span><\/h2>\n<p class=\"x_1367215181ydpaf99362cyiv2740487807ydp4736c0b4yiv2156819055ydp1e103751MsoNormal\"><span lang=\"ES\">E<\/span><span lang=\"ES\">uropa y el \u00c1rtico son las regiones del planeta que han calentado con m\u00e1s rapidez. Los \u00faltimos 30 a\u00f1os, sus respectivas temperaturas aumentaron el doble que en el resto del globo alcanzando aproximadamente 0,<\/span>53\u00b0C por d\u00e9cada. Con el recalentamiento, como lo se\u00f1alan los estudios de tendencias, mayores <span lang=\"ES\">sequ\u00edas y menos lluvias contribuir\u00e1n a duplicar el riesgo de incendios hacia el a\u00f1o 2100. La creciente urbanizaci\u00f3n, las tierras de cultivo abandonadas y el crecimiento de vegetaci\u00f3n sin gestionar tambi\u00e9n seguir\u00e1n contribuyendo al incremento de vastos paisajes de biomasa inflamable. Por su parte, los monocultivos extensivos, en particular de con\u00edferas, pinos y eucaliptos, constituyen un factor de riesgo no menos importante (<\/span><a href=\"https:\/\/climate.copernicus.eu\/why-are-europe-and-arctic-heating-faster-rest-world#:~:text=According%20to%20the%20ERA5%20dataset,0.69%C2%B0C%20per%20decade\" target=\"_blank\" rel=\"nofollow noopener\"><i><span lang=\"ES\">https:\/\/climate.copernicus.eu\/why-are-europe-and-arctic-heating-faster-rest-world#:~:text=According%20to%20the%20ERA5%20dataset,0.69%C2%B0C%20per%20decade<\/span><\/i><\/a><span lang=\"ES\">).<\/span><\/p>\n<p class=\"x_1367215181ydpaf99362cyiv2740487807ydp4736c0b4yiv2156819055ydp1e103751MsoNormal\"><span lang=\"ES\">Seg\u00fan c\u00e1lculos muy mesurados, los incendios le producen serios da\u00f1os econ\u00f3micos a la Uni\u00f3n Europea: unos 2.000 millones de euros anuales. En 2023, a\u00f1o r\u00e9cord, se contabiliz\u00f3 casi el doble de esta cantidad. Las zonas afectadas han visto una disminuci\u00f3n de al menos un 0,2% de su Producto Interno Bruto como consecuencia directa.<\/span><\/p>\n<p class=\"x_1367215181ydpaf99362cyiv2740487807ydp4736c0b4yiv2156819055ydp1e103751MsoNormal\"><span lang=\"ES\">La estrecha relaci\u00f3n entre calentamiento global, temperaturas en aumento, sequ\u00edas potencializadas e incendios destructivos conforma un fen\u00f3meno \u00fanico. En Europa, el impacto de estos elementos se reconfirma casi cada a\u00f1o. Seg\u00fan el Programa Copernicus \u201c<\/span>si bien la f\u00edsica del calentamiento global es sencilla (los gases de efecto invernadero retienen el calor), en definitiva, la tasa de calentamiento en diferentes regiones est\u00e1 determinada por complejas retroalimentaciones locales, la din\u00e1mica atmosf\u00e9rica y la calidad del aire\u201d. Comprender estas diferencias regionales, explica Copernicus es esencial no solo para la precisi\u00f3n cient\u00edfica, sino tambi\u00e9n para dise\u00f1ar estrategias locales de adaptaci\u00f3n ante un mundo en calentamiento.<\/p>\n<p class=\"x_1367215181ydpaf99362cyiv2740487807ydp4736c0b4yiv2156819055ydp1e103751MsoNormal\">Todo parece muy claro, aunque la realidad se expresa m\u00e1s contundente y casi siniestra. Ni los estudios cient\u00edficos ni los an\u00e1lisis de tendencias e inversiones preventivas logran hasta hoy avances preventivos y efectivos contra el impacto destructor de los incendios en Europa como en el resto del planeta. La f\u00edsica del recalentamiento es sencilla y podr\u00eda confrontarse la reducci\u00f3n radical de las emisiones de carbono y de gases de efecto invernadero. Ecuaci\u00f3n simple, que pone en cuesti\u00f3n toda la l\u00f3gica actual de producci\u00f3n y consumo. Mientras esto no cambie, Europa y el resto del planeta seguir\u00e1n incendi\u00e1ndose.<\/p>","protected":false},"excerpt":{"rendered":"<p>Calor extremo, sequ\u00eda e incendios voraces<\/p>","protected":false},"author":24,"featured_media":66147,"comment_status":"closed","ping_status":"closed","sticky":false,"template":"","format":"standard","meta":{"footnotes":""},"categories":[4108],"tags":[],"class_list":["post-66146","post","type-post","status-publish","format-standard","has-post-thumbnail","hentry","category-el-apunte-de-sergio-ferrari"],"yoast_head":"<!-- This site is optimized with the Yoast SEO plugin v27.5 - https:\/\/yoast.com\/product\/yoast-seo-wordpress\/ -->\n<title>Europa est\u00e1 que arde - Revista Rambla<\/title>\n<meta name=\"robots\" content=\"index, follow, max-snippet:-1, max-image-preview:large, max-video-preview:-1\" \/>\n<link rel=\"canonical\" href=\"https:\/\/www.revistarambla.com\/en\/europa-esta-que-arde\/\" \/>\n<meta property=\"og:locale\" content=\"en_GB\" \/>\n<meta property=\"og:type\" content=\"article\" \/>\n<meta property=\"og:title\" content=\"Europa est\u00e1 que arde - Revista Rambla\" \/>\n<meta property=\"og:description\" content=\"Calor extremo, sequ\u00eda e incendios voraces\" \/>\n<meta property=\"og:url\" content=\"https:\/\/www.revistarambla.com\/en\/europa-esta-que-arde\/\" \/>\n<meta property=\"og:site_name\" content=\"Revista Rambla\" \/>\n<meta property=\"article:publisher\" content=\"https:\/\/www.facebook.com\/revistarambla\/\" \/>\n<meta property=\"article:author\" content=\"https:\/\/www.facebook.com\/sergio.ferrari.9655\" \/>\n<meta property=\"article:published_time\" content=\"2025-08-17T10:40:35+00:00\" \/>\n<meta property=\"article:modified_time\" content=\"2025-08-19T07:50:50+00:00\" \/>\n<meta property=\"og:image\" content=\"https:\/\/www.revistarambla.com\/wp-content\/uploads\/2025\/08\/La-furia-arrasadora-de-los-incendios-forestales-golpea-una-gran-parte-de-Europa.-Foto-WWF.jpg\" \/>\n\t<meta property=\"og:image:width\" content=\"1088\" \/>\n\t<meta property=\"og:image:height\" content=\"729\" \/>\n\t<meta property=\"og:image:type\" content=\"image\/jpeg\" \/>\n<meta name=\"author\" content=\"Sergio Ferrari\" \/>\n<meta name=\"twitter:card\" content=\"summary_large_image\" \/>\n<meta name=\"twitter:creator\" content=\"@SergiooFerrari\" \/>\n<meta name=\"twitter:site\" content=\"@revistarambla\" \/>\n<meta name=\"twitter:label1\" content=\"Written by\" \/>\n\t<meta name=\"twitter:data1\" content=\"Sergio Ferrari\" \/>\n\t<meta name=\"twitter:label2\" content=\"Estimated reading time\" \/>\n\t<meta name=\"twitter:data2\" content=\"7 minutes\" \/>\n<script type=\"application\/ld+json\" class=\"yoast-schema-graph\">{\"@context\":\"https:\\\/\\\/schema.org\",\"@graph\":[{\"@type\":\"Article\",\"@id\":\"https:\\\/\\\/www.revistarambla.com\\\/europa-esta-que-arde\\\/#article\",\"isPartOf\":{\"@id\":\"https:\\\/\\\/www.revistarambla.com\\\/europa-esta-que-arde\\\/\"},\"author\":{\"name\":\"Sergio Ferrari\",\"@id\":\"https:\\\/\\\/www.revistarambla.com\\\/#\\\/schema\\\/person\\\/339e2410a25811f9912d8a8551fa5d96\"},\"headline\":\"Europa est\u00e1 que arde\",\"datePublished\":\"2025-08-17T10:40:35+00:00\",\"dateModified\":\"2025-08-19T07:50:50+00:00\",\"mainEntityOfPage\":{\"@id\":\"https:\\\/\\\/www.revistarambla.com\\\/europa-esta-que-arde\\\/\"},\"wordCount\":1618,\"publisher\":{\"@id\":\"https:\\\/\\\/www.revistarambla.com\\\/#organization\"},\"image\":{\"@id\":\"https:\\\/\\\/www.revistarambla.com\\\/europa-esta-que-arde\\\/#primaryimage\"},\"thumbnailUrl\":\"https:\\\/\\\/www.revistarambla.com\\\/wp-content\\\/uploads\\\/2025\\\/08\\\/La-furia-arrasadora-de-los-incendios-forestales-golpea-una-gran-parte-de-Europa.-Foto-WWF.jpg\",\"articleSection\":[\"El Apunte\"],\"inLanguage\":\"en-GB\"},{\"@type\":\"WebPage\",\"@id\":\"https:\\\/\\\/www.revistarambla.com\\\/europa-esta-que-arde\\\/\",\"url\":\"https:\\\/\\\/www.revistarambla.com\\\/europa-esta-que-arde\\\/\",\"name\":\"Europa est\u00e1 que arde - Revista Rambla\",\"isPartOf\":{\"@id\":\"https:\\\/\\\/www.revistarambla.com\\\/#website\"},\"primaryImageOfPage\":{\"@id\":\"https:\\\/\\\/www.revistarambla.com\\\/europa-esta-que-arde\\\/#primaryimage\"},\"image\":{\"@id\":\"https:\\\/\\\/www.revistarambla.com\\\/europa-esta-que-arde\\\/#primaryimage\"},\"thumbnailUrl\":\"https:\\\/\\\/www.revistarambla.com\\\/wp-content\\\/uploads\\\/2025\\\/08\\\/La-furia-arrasadora-de-los-incendios-forestales-golpea-una-gran-parte-de-Europa.-Foto-WWF.jpg\",\"datePublished\":\"2025-08-17T10:40:35+00:00\",\"dateModified\":\"2025-08-19T07:50:50+00:00\",\"breadcrumb\":{\"@id\":\"https:\\\/\\\/www.revistarambla.com\\\/europa-esta-que-arde\\\/#breadcrumb\"},\"inLanguage\":\"en-GB\",\"potentialAction\":[{\"@type\":\"ReadAction\",\"target\":[\"https:\\\/\\\/www.revistarambla.com\\\/europa-esta-que-arde\\\/\"]}]},{\"@type\":\"ImageObject\",\"inLanguage\":\"en-GB\",\"@id\":\"https:\\\/\\\/www.revistarambla.com\\\/europa-esta-que-arde\\\/#primaryimage\",\"url\":\"https:\\\/\\\/www.revistarambla.com\\\/wp-content\\\/uploads\\\/2025\\\/08\\\/La-furia-arrasadora-de-los-incendios-forestales-golpea-una-gran-parte-de-Europa.-Foto-WWF.jpg\",\"contentUrl\":\"https:\\\/\\\/www.revistarambla.com\\\/wp-content\\\/uploads\\\/2025\\\/08\\\/La-furia-arrasadora-de-los-incendios-forestales-golpea-una-gran-parte-de-Europa.-Foto-WWF.jpg\",\"width\":1088,\"height\":729,\"caption\":\"incendios europa\"},{\"@type\":\"BreadcrumbList\",\"@id\":\"https:\\\/\\\/www.revistarambla.com\\\/europa-esta-que-arde\\\/#breadcrumb\",\"itemListElement\":[{\"@type\":\"ListItem\",\"position\":1,\"name\":\"Portada\",\"item\":\"https:\\\/\\\/www.revistarambla.com\\\/\"},{\"@type\":\"ListItem\",\"position\":2,\"name\":\"Europa est\u00e1 que arde\"}]},{\"@type\":\"WebSite\",\"@id\":\"https:\\\/\\\/www.revistarambla.com\\\/#website\",\"url\":\"https:\\\/\\\/www.revistarambla.com\\\/\",\"name\":\"Revista Rambla Barcelona\",\"description\":\"Periodismo independiente\",\"publisher\":{\"@id\":\"https:\\\/\\\/www.revistarambla.com\\\/#organization\"},\"potentialAction\":[{\"@type\":\"SearchAction\",\"target\":{\"@type\":\"EntryPoint\",\"urlTemplate\":\"https:\\\/\\\/www.revistarambla.com\\\/?s={search_term_string}\"},\"query-input\":{\"@type\":\"PropertyValueSpecification\",\"valueRequired\":true,\"valueName\":\"search_term_string\"}}],\"inLanguage\":\"en-GB\"},{\"@type\":\"Organization\",\"@id\":\"https:\\\/\\\/www.revistarambla.com\\\/#organization\",\"name\":\"Revista Rambla\",\"url\":\"https:\\\/\\\/www.revistarambla.com\\\/\",\"logo\":{\"@type\":\"ImageObject\",\"inLanguage\":\"en-GB\",\"@id\":\"https:\\\/\\\/www.revistarambla.com\\\/#\\\/schema\\\/logo\\\/image\\\/\",\"url\":\"https:\\\/\\\/www.revistarambla.com\\\/wp-content\\\/uploads\\\/2020\\\/09\\\/banner_rambla_1900x600_BB.png\",\"contentUrl\":\"https:\\\/\\\/www.revistarambla.com\\\/wp-content\\\/uploads\\\/2020\\\/09\\\/banner_rambla_1900x600_BB.png\",\"width\":1900,\"height\":600,\"caption\":\"Revista Rambla\"},\"image\":{\"@id\":\"https:\\\/\\\/www.revistarambla.com\\\/#\\\/schema\\\/logo\\\/image\\\/\"},\"sameAs\":[\"https:\\\/\\\/www.facebook.com\\\/revistarambla\\\/\",\"https:\\\/\\\/x.com\\\/revistarambla\",\"https:\\\/\\\/www.instagram.com\\\/revista_rambla\",\"https:\\\/\\\/es.linkedin.com\\\/company\\\/revista-rambla\"]},{\"@type\":\"Person\",\"@id\":\"https:\\\/\\\/www.revistarambla.com\\\/#\\\/schema\\\/person\\\/339e2410a25811f9912d8a8551fa5d96\",\"name\":\"Sergio Ferrari\",\"description\":\"Periodista argentino radicado en Berna, Suiza. Acreditado ante el Gobierno suizo. Colaborador regular de numerosos medios latinoamericanos y europeos.\",\"sameAs\":[\"https:\\\/\\\/www.voltairenet.org\\\/auteur120173.html?lang=es\",\"https:\\\/\\\/www.facebook.com\\\/sergio.ferrari.9655\",\"https:\\\/\\\/x.com\\\/SergiooFerrari\"]}]}<\/script>\n<!-- \/ Yoast SEO plugin. -->","yoast_head_json":{"title":"Europa est\u00e1 que arde - Revista Rambla","robots":{"index":"index","follow":"follow","max-snippet":"max-snippet:-1","max-image-preview":"max-image-preview:large","max-video-preview":"max-video-preview:-1"},"canonical":"https:\/\/www.revistarambla.com\/en\/europa-esta-que-arde\/","og_locale":"en_GB","og_type":"article","og_title":"Europa est\u00e1 que arde - Revista Rambla","og_description":"Calor extremo, sequ\u00eda e incendios voraces","og_url":"https:\/\/www.revistarambla.com\/en\/europa-esta-que-arde\/","og_site_name":"Revista Rambla","article_publisher":"https:\/\/www.facebook.com\/revistarambla\/","article_author":"https:\/\/www.facebook.com\/sergio.ferrari.9655","article_published_time":"2025-08-17T10:40:35+00:00","article_modified_time":"2025-08-19T07:50:50+00:00","og_image":[{"width":1088,"height":729,"url":"https:\/\/www.revistarambla.com\/wp-content\/uploads\/2025\/08\/La-furia-arrasadora-de-los-incendios-forestales-golpea-una-gran-parte-de-Europa.-Foto-WWF.jpg","type":"image\/jpeg"}],"author":"Sergio Ferrari","twitter_card":"summary_large_image","twitter_creator":"@SergiooFerrari","twitter_site":"@revistarambla","twitter_misc":{"Written by":"Sergio Ferrari","Estimated reading time":"7 minutes"},"schema":{"@context":"https:\/\/schema.org","@graph":[{"@type":"Article","@id":"https:\/\/www.revistarambla.com\/europa-esta-que-arde\/#article","isPartOf":{"@id":"https:\/\/www.revistarambla.com\/europa-esta-que-arde\/"},"author":{"name":"Sergio Ferrari","@id":"https:\/\/www.revistarambla.com\/#\/schema\/person\/339e2410a25811f9912d8a8551fa5d96"},"headline":"Europa est\u00e1 que arde","datePublished":"2025-08-17T10:40:35+00:00","dateModified":"2025-08-19T07:50:50+00:00","mainEntityOfPage":{"@id":"https:\/\/www.revistarambla.com\/europa-esta-que-arde\/"},"wordCount":1618,"publisher":{"@id":"https:\/\/www.revistarambla.com\/#organization"},"image":{"@id":"https:\/\/www.revistarambla.com\/europa-esta-que-arde\/#primaryimage"},"thumbnailUrl":"https:\/\/www.revistarambla.com\/wp-content\/uploads\/2025\/08\/La-furia-arrasadora-de-los-incendios-forestales-golpea-una-gran-parte-de-Europa.-Foto-WWF.jpg","articleSection":["El Apunte"],"inLanguage":"en-GB"},{"@type":"WebPage","@id":"https:\/\/www.revistarambla.com\/europa-esta-que-arde\/","url":"https:\/\/www.revistarambla.com\/europa-esta-que-arde\/","name":"Europa est\u00e1 que arde - Revista Rambla","isPartOf":{"@id":"https:\/\/www.revistarambla.com\/#website"},"primaryImageOfPage":{"@id":"https:\/\/www.revistarambla.com\/europa-esta-que-arde\/#primaryimage"},"image":{"@id":"https:\/\/www.revistarambla.com\/europa-esta-que-arde\/#primaryimage"},"thumbnailUrl":"https:\/\/www.revistarambla.com\/wp-content\/uploads\/2025\/08\/La-furia-arrasadora-de-los-incendios-forestales-golpea-una-gran-parte-de-Europa.-Foto-WWF.jpg","datePublished":"2025-08-17T10:40:35+00:00","dateModified":"2025-08-19T07:50:50+00:00","breadcrumb":{"@id":"https:\/\/www.revistarambla.com\/europa-esta-que-arde\/#breadcrumb"},"inLanguage":"en-GB","potentialAction":[{"@type":"ReadAction","target":["https:\/\/www.revistarambla.com\/europa-esta-que-arde\/"]}]},{"@type":"ImageObject","inLanguage":"en-GB","@id":"https:\/\/www.revistarambla.com\/europa-esta-que-arde\/#primaryimage","url":"https:\/\/www.revistarambla.com\/wp-content\/uploads\/2025\/08\/La-furia-arrasadora-de-los-incendios-forestales-golpea-una-gran-parte-de-Europa.-Foto-WWF.jpg","contentUrl":"https:\/\/www.revistarambla.com\/wp-content\/uploads\/2025\/08\/La-furia-arrasadora-de-los-incendios-forestales-golpea-una-gran-parte-de-Europa.-Foto-WWF.jpg","width":1088,"height":729,"caption":"incendios europa"},{"@type":"BreadcrumbList","@id":"https:\/\/www.revistarambla.com\/europa-esta-que-arde\/#breadcrumb","itemListElement":[{"@type":"ListItem","position":1,"name":"Portada","item":"https:\/\/www.revistarambla.com\/"},{"@type":"ListItem","position":2,"name":"Europa est\u00e1 que arde"}]},{"@type":"WebSite","@id":"https:\/\/www.revistarambla.com\/#website","url":"https:\/\/www.revistarambla.com\/","name":"Revista Rambla Barcelona","description":"Periodismo independiente","publisher":{"@id":"https:\/\/www.revistarambla.com\/#organization"},"potentialAction":[{"@type":"SearchAction","target":{"@type":"EntryPoint","urlTemplate":"https:\/\/www.revistarambla.com\/?s={search_term_string}"},"query-input":{"@type":"PropertyValueSpecification","valueRequired":true,"valueName":"search_term_string"}}],"inLanguage":"en-GB"},{"@type":"Organization","@id":"https:\/\/www.revistarambla.com\/#organization","name":"Revista Rambla","url":"https:\/\/www.revistarambla.com\/","logo":{"@type":"ImageObject","inLanguage":"en-GB","@id":"https:\/\/www.revistarambla.com\/#\/schema\/logo\/image\/","url":"https:\/\/www.revistarambla.com\/wp-content\/uploads\/2020\/09\/banner_rambla_1900x600_BB.png","contentUrl":"https:\/\/www.revistarambla.com\/wp-content\/uploads\/2020\/09\/banner_rambla_1900x600_BB.png","width":1900,"height":600,"caption":"Revista Rambla"},"image":{"@id":"https:\/\/www.revistarambla.com\/#\/schema\/logo\/image\/"},"sameAs":["https:\/\/www.facebook.com\/revistarambla\/","https:\/\/x.com\/revistarambla","https:\/\/www.instagram.com\/revista_rambla","https:\/\/es.linkedin.com\/company\/revista-rambla"]},{"@type":"Person","@id":"https:\/\/www.revistarambla.com\/#\/schema\/person\/339e2410a25811f9912d8a8551fa5d96","name":"Sergio Ferrari","description":"Periodista argentino radicado en Berna, Suiza. Acreditado ante el Gobierno suizo. Colaborador regular de numerosos medios latinoamericanos y europeos.","sameAs":["https:\/\/www.voltairenet.org\/auteur120173.html?lang=es","https:\/\/www.facebook.com\/sergio.ferrari.9655","https:\/\/x.com\/SergiooFerrari"]}]}},"_links":{"self":[{"href":"https:\/\/www.revistarambla.com\/en\/wp-json\/wp\/v2\/posts\/66146","targetHints":{"allow":["GET"]}}],"collection":[{"href":"https:\/\/www.revistarambla.com\/en\/wp-json\/wp\/v2\/posts"}],"about":[{"href":"https:\/\/www.revistarambla.com\/en\/wp-json\/wp\/v2\/types\/post"}],"author":[{"embeddable":true,"href":"https:\/\/www.revistarambla.com\/en\/wp-json\/wp\/v2\/users\/24"}],"replies":[{"embeddable":true,"href":"https:\/\/www.revistarambla.com\/en\/wp-json\/wp\/v2\/comments?post=66146"}],"version-history":[{"count":1,"href":"https:\/\/www.revistarambla.com\/en\/wp-json\/wp\/v2\/posts\/66146\/revisions"}],"predecessor-version":[{"id":66148,"href":"https:\/\/www.revistarambla.com\/en\/wp-json\/wp\/v2\/posts\/66146\/revisions\/66148"}],"wp:featuredmedia":[{"embeddable":true,"href":"https:\/\/www.revistarambla.com\/en\/wp-json\/wp\/v2\/media\/66147"}],"wp:attachment":[{"href":"https:\/\/www.revistarambla.com\/en\/wp-json\/wp\/v2\/media?parent=66146"}],"wp:term":[{"taxonomy":"category","embeddable":true,"href":"https:\/\/www.revistarambla.com\/en\/wp-json\/wp\/v2\/categories?post=66146"},{"taxonomy":"post_tag","embeddable":true,"href":"https:\/\/www.revistarambla.com\/en\/wp-json\/wp\/v2\/tags?post=66146"}],"curies":[{"name":"wp","href":"https:\/\/api.w.org\/{rel}","templated":true}]}}