{"id":66136,"date":"2025-08-16T10:30:40","date_gmt":"2025-08-16T08:30:40","guid":{"rendered":"https:\/\/www.revistarambla.com\/?p=66136"},"modified":"2025-10-30T19:39:46","modified_gmt":"2025-10-30T18:39:46","slug":"el-mar-que-nunca-vimos","status":"publish","type":"post","link":"https:\/\/www.revistarambla.com\/en\/el-mar-que-nunca-vimos\/","title":{"rendered":"El mar que nunca vimos"},"content":{"rendered":"<p><em>El maestro que prometi\u00f3 el mar<\/em> (2023), dirigida por Patricia Font y basada en la novela hom\u00f3nima de Francesc Escribano, es una de las joyas del cine espa\u00f1ol reciente, una obra que trasciende las barreras del drama hist\u00f3rico para convertirse en un testimonio profundamente humano y conmovedor. Con un reparto encabezado por Enric Auquer y Laia Costa, esta pel\u00edcula no solo rinde homenaje a los maestros republicanos que transformaron la educaci\u00f3n en la Espa\u00f1a de los a\u00f1os 30, sino que tambi\u00e9n teje una narrativa dual que conecta pasado y presente a trav\u00e9s de la memoria hist\u00f3rica. A lo largo de sus 105 minutos, el filme nos invita a reflexionar sobre el poder transformador de la educaci\u00f3n, la resiliencia del esp\u00edritu humano y la importancia de no olvidar las heridas de la guerra civil espa\u00f1ola. <em>El maestro que prometi\u00f3 el mar<\/em> logra ser una obra emotiva, necesaria y profundamente inspiradora, destacando por su direcci\u00f3n, guion, actuaciones, cinematograf\u00eda y relevancia tem\u00e1tica.<\/p>\n<h2>Una narrativa dual que une pasado y presente<\/h2>\n<p>La pel\u00edcula se estructura en dos l\u00edneas temporales que se entrelazan con maestr\u00eda, creando un di\u00e1logo entre el pasado y el presente que enriquece su mensaje. Por un lado, conocemos a Ariadna (Laia Costa), una joven que, en 2010, se embarca en la b\u00fasqueda de los restos de su bisabuelo, desaparecido durante la guerra civil espa\u00f1ola. Su viaje la lleva a Burgos, donde se est\u00e1 exhumando una fosa com\u00fan en La Pedraja, un lugar que simboliza el dolor colectivo de un pa\u00eds que a\u00fan lidia con las cicatrices de su pasado. Por otro lado, la pel\u00edcula nos transporta a 1935, al peque\u00f1o pueblo de Ba\u00f1uelos de Bureba, donde el joven maestro <a href=\"https:\/\/www.revistarambla.com\/en\/antoni-benaiges-el-maestro-republicano-que-prometio-el-mar\/\">Antoni Benaiges<\/a> (Enric Auquer) llega con una misi\u00f3n: transformar la educaci\u00f3n de sus alumnos a trav\u00e9s de m\u00e9todos innovadores inspirados en la pedagog\u00eda Freinet.<\/p>\n<p>El guion, escrito por Albert Val, adapta con sensibilidad la novela de Escribano, que a su vez se basa en hechos reales y testimonios de descendientes de la \u00e9poca. La narrativa dual no solo conecta a Ariadna con la historia de su bisabuelo, sino que tambi\u00e9n establece un paralelismo entre el idealismo del maestro y la lucha contempor\u00e1nea por recuperar la memoria hist\u00f3rica. Aunque algunos cr\u00edticos han se\u00f1alado que la trama del presente, centrada en Ariadna, queda algo desdibujada en comparaci\u00f3n con la vibrante historia del pasado, esta aparente debilidad se compensa con la emotividad de la coda final, donde pasado y presente convergen en un abrazo simb\u00f3lico que cierra la pel\u00edcula con l\u00e1grimas en los ojos.<\/p>\n<h2>Enric Auquer: El alma luminosa de la pel\u00edcula<\/h2>\n<p>Si hay un elemento que eleva <em>El maestro que prometi\u00f3 el mar<\/em> a la categor\u00eda de obra imprescindible, es la interpretaci\u00f3n de Enric Auquer como Antoni Benaiges. Auquer, ganador de un Goya por <em>Quien a hierro mata<\/em>, entrega una actuaci\u00f3n magistral que destila entusiasmo, ternura y compromiso. Su Benaiges es un faro de esperanza en un entorno rural marcado por la pobreza, el analfabetismo y las tensiones sociales previas al estallido de la Guerra Civil. Desde el momento en que llega al pueblo, con su acento catal\u00e1n y su imprenta port\u00e1til, Auquer imbuye al personaje de una energ\u00eda contagiosa que hace cre\u00edble su capacidad para transformar a sus alumnos y ganarse su confianza.<\/p>\n<p>Cada gesto, cada mirada y cada palabra de Auquer est\u00e1n cargados de autenticidad. Su interpretaci\u00f3n captura la esencia de un maestro que no solo ense\u00f1a, sino que inspira, que no solo educa, sino que despierta la imaginaci\u00f3n y la libertad de pensamiento. En una de las escenas m\u00e1s memorables, Benaiges convence a un alumno reticente de la importancia de aprender a escribir para comunicarse con su padre ausente, demostrando que la educaci\u00f3n no es un fin en s\u00ed mismo, sino un medio para conectar con los dem\u00e1s y dar sentido a la vida. Este momento, sencillo, pero profundamente humano, encapsula el esp\u00edritu del personaje y el mensaje de la pel\u00edcula: la educaci\u00f3n es una herramienta de transformaci\u00f3n social y personal.<\/p>\n<h2>La direcci\u00f3n de Patricia Font: Sensibilidad y precisi\u00f3n<\/h2>\n<p>Patricia Font, en su segundo largometraje tras la comedia <em>Gente que viene y bah<\/em>, demuestra una versatilidad impresionante al abordar un drama hist\u00f3rico con tanta delicadeza como contundencia. Su direcci\u00f3n es sobria pero efectiva, logrando capturar la esencia de la \u00e9poca y el lugar sin caer en excesos melodram\u00e1ticos. Font utiliza la c\u00e1mara con inteligencia, alternando planos \u00edntimos en las aulas, que resaltan la conexi\u00f3n entre el maestro y sus alumnos, con im\u00e1genes m\u00e1s amplias que muestran la crudeza del entorno rural y la opresi\u00f3n latente de la \u00e9poca. Los colores c\u00e1lidos de la fotograf\u00eda, a cargo de David Valldep\u00e9rez, contrastan con la frialdad de las escenas de exhumaci\u00f3n, creando un equilibrio visual que refleja la dualidad entre esperanza y tragedia.<\/p>\n<p>Font tambi\u00e9n destaca en su manejo del reparto infantil, un desaf\u00edo que supera con creces. Los ni\u00f1os de Ba\u00f1uelos de Bureba no solo act\u00faan con naturalidad, sino que se convierten en el coraz\u00f3n de la pel\u00edcula, reflejando la inocencia y la curiosidad que Benaiges busca nutrir. Las escenas en el aula, donde los alumnos crean sus propios cuadernos con la imprenta, son un canto a la creatividad y al aprendizaje colaborativo, evocando obras como <em>Los chicos del coro<\/em> o <em>La lengua de las mariposas<\/em>, pero con una identidad propia que evita los clich\u00e9s.<\/p>\n<h2>Un guion que equilibra emoci\u00f3n y denuncia<\/h2>\n<p>El guion de Albert Val es uno de los grandes aciertos de la pel\u00edcula. A partir de la novela de Escribano y la documentaci\u00f3n del fot\u00f3grafo Sergi Bernal, Val construye una historia que combina la emotividad de los peque\u00f1os triunfos cotidianos con la denuncia de las injusticias hist\u00f3ricas. Los di\u00e1logos son realistas y est\u00e1n impregnados de una sensibilidad que refleja las esperanzas y los temores de los personajes. Momentos de humor sutil, como las interacciones entre Benaiges y los padres conservadores del pueblo, aligeran la tensi\u00f3n sin desvirtuar el tono dram\u00e1tico.<\/p>\n<p>La pel\u00edcula no elude la dimensi\u00f3n pol\u00edtica de la educaci\u00f3n. Benaiges, como representante de los ideales de la Segunda Rep\u00fablica, se enfrenta a la resistencia de las fuerzas conservadoras, personificadas en el cura local y otros habitantes del pueblo. Sin embargo, el guion evita caer en el manique\u00edsmo, mostrando que incluso en un entorno hostil, el maestro logra ganarse el respeto de algunos esc\u00e9pticos a trav\u00e9s de su compromiso y su humanidad. La promesa de llevar a los ni\u00f1os a ver el mar, un s\u00edmbolo de libertad y horizontes abiertos, se convierte en el eje emocional de la pel\u00edcula, un recordatorio de que los sue\u00f1os pueden perdurar incluso frente a la tragedia.<\/p>\n<h2>Memoria hist\u00f3rica: Un tema necesario y vigente<\/h2>\n<p><em>El maestro que prometi\u00f3 el mar<\/em>\u00a0no es solo una historia sobre un maestro excepcional; es tambi\u00e9n un recordatorio de las heridas abiertas de la guerra civil espa\u00f1ola. La trama del presente, aunque menos desarrollada, cumple una funci\u00f3n crucial al mostrar el proceso de exhumaci\u00f3n de fosas comunes, un tema que sigue siendo pol\u00e9mico en Espa\u00f1a. La pel\u00edcula no busca ser un panfleto, sino una reflexi\u00f3n sobre la importancia de recuperar la memoria de las v\u00edctimas de la represi\u00f3n. La participaci\u00f3n de un arque\u00f3logo forense real, Francisco Echeverr\u00eda, a\u00f1ade autenticidad a estas escenas, que transmiten la frustraci\u00f3n y el dolor de quienes buscan respuestas sobre sus seres queridos.<\/p>\n<p>La conexi\u00f3n entre las dos l\u00edneas temporales, aunque no siempre perfecta, logra su prop\u00f3sito al subrayar que el legado de Benaiges no se limita a su tiempo, sino que resuena en las generaciones futuras. La pel\u00edcula nos recuerda que la memoria hist\u00f3rica no es solo un acto de justicia, sino tambi\u00e9n una forma de sanar y construir un futuro m\u00e1s consciente. En este sentido, <em>El maestro que prometi\u00f3 el mar<\/em> se posiciona como una obra valiente y necesaria, especialmente en un contexto donde la revisi\u00f3n del pasado sigue generando controversias.<\/p>\n<h2>Aspectos t\u00e9cnicos: Una producci\u00f3n cuidada<\/h2>\n<p>Desde el punto de vista t\u00e9cnico, la pel\u00edcula es impecable. La direcci\u00f3n de arte de Josep Rosell recrea con precisi\u00f3n el ambiente de la Espa\u00f1a rural de los a\u00f1os 30, mientras que la banda sonora de Natasha Arizu del Valle aporta una capa sensorial que intensifica la emotividad de la historia. La fotograf\u00eda de David Valldep\u00e9rez, con sus tonos c\u00e1lidos y azules, no solo distingue visualmente el pasado del presente, sino que tambi\u00e9n refuerza el simbolismo del mar como un espacio de libertad y promesa. El montaje, a cargo de Dani Arregui, mantiene un ritmo fluido que permite que la pel\u00edcula respire sin perder intensidad.<\/p>\n<h2>Una pel\u00edcula que educa, emociona y repara<\/h2>\n<p><em>El maestro que prometi\u00f3 el mar<\/em> es una obra que abraza y duele al mismo tiempo. Es un homenaje a los maestros republicanos que, como Antoni Benaiges, arriesgaron todo por llevar la luz del conocimiento a sus alumnos. Es tambi\u00e9n un recordatorio de las v\u00edctimas de la Guerra Civil, cuyas historias merecen ser contadas y recordadas. Con una direcci\u00f3n s\u00f3lida, un guion inteligente y una interpretaci\u00f3n inolvidable de Enric Auquer, la pel\u00edcula logra ser mucho m\u00e1s que un drama hist\u00f3rico: es un canto a la esperanza, a la educaci\u00f3n y a la memoria.<\/p>\n<p>Recomendar\u00eda esta pel\u00edcula a cualquier espectador, pero especialmente a docentes y familias que quieran reflexionar sobre el valor estrat\u00e9gico de la educaci\u00f3n para construir una sociedad m\u00e1s libre y justa. En un a\u00f1o cinematogr\u00e1fico que no alcanz\u00f3 las cotas de 2022, <em>El maestro que prometi\u00f3 el mar<\/em>\u00a0brilla como una de las mejores producciones espa\u00f1olas de 2023, merecedora de un lugar destacado en los anales del cine nacional. Su mensaje resuena con fuerza: ense\u00f1ar no es solo un acto acad\u00e9mico, sino un compromiso profundamente humano y pol\u00edtico que puede trascender el tiempo, la guerra y hasta la muerte.<\/p>","protected":false},"excerpt":{"rendered":"<p>&#8216;El maestro que prometi\u00f3 el mar&#8217; es cine que educa, emociona y repara, una obra que no solo entretiene, sino que deja una huella imborrable en el coraz\u00f3n y la mente del espectador. En la imagen, Enric Auquer en el papel del docente Antoni Benaiges.<\/p>","protected":false},"author":3,"featured_media":66137,"comment_status":"closed","ping_status":"closed","sticky":false,"template":"","format":"standard","meta":{"footnotes":""},"categories":[61],"tags":[],"class_list":["post-66136","post","type-post","status-publish","format-standard","has-post-thumbnail","hentry","category-cine"],"yoast_head":"<!-- This site is optimized with the Yoast SEO plugin v27.5 - https:\/\/yoast.com\/product\/yoast-seo-wordpress\/ -->\n<title>El mar que nunca vimos - Revista Rambla<\/title>\n<meta name=\"robots\" content=\"index, follow, max-snippet:-1, max-image-preview:large, max-video-preview:-1\" \/>\n<link rel=\"canonical\" href=\"https:\/\/www.revistarambla.com\/en\/el-mar-que-nunca-vimos\/\" \/>\n<meta property=\"og:locale\" content=\"en_GB\" \/>\n<meta property=\"og:type\" content=\"article\" \/>\n<meta property=\"og:title\" content=\"El mar que nunca vimos - Revista Rambla\" \/>\n<meta property=\"og:description\" content=\"&#039;El maestro que prometi\u00f3 el mar&#039; es cine que educa, emociona y repara, una obra que no solo entretiene, sino que deja una huella imborrable en el coraz\u00f3n y la mente del espectador. En la imagen, Enric Auquer en el papel del docente Antoni Benaiges.\" \/>\n<meta property=\"og:url\" content=\"https:\/\/www.revistarambla.com\/en\/el-mar-que-nunca-vimos\/\" \/>\n<meta property=\"og:site_name\" content=\"Revista Rambla\" \/>\n<meta property=\"article:publisher\" content=\"https:\/\/www.facebook.com\/revistarambla\/\" \/>\n<meta property=\"article:author\" content=\"https:\/\/www.facebook.com\/revistarambla\" \/>\n<meta property=\"article:published_time\" content=\"2025-08-16T08:30:40+00:00\" \/>\n<meta property=\"article:modified_time\" content=\"2025-10-30T18:39:46+00:00\" \/>\n<meta property=\"og:image\" content=\"https:\/\/www.revistarambla.com\/wp-content\/uploads\/2025\/08\/el-maestro-que-prometio-el-mar.jpg\" \/>\n\t<meta property=\"og:image:width\" content=\"1600\" \/>\n\t<meta property=\"og:image:height\" content=\"900\" \/>\n\t<meta property=\"og:image:type\" content=\"image\/jpeg\" \/>\n<meta name=\"author\" content=\"R@mbla\" \/>\n<meta name=\"twitter:card\" content=\"summary_large_image\" \/>\n<meta name=\"twitter:creator\" content=\"@revistarambla\" \/>\n<meta name=\"twitter:site\" content=\"@revistarambla\" \/>\n<meta name=\"twitter:label1\" content=\"Written by\" \/>\n\t<meta name=\"twitter:data1\" content=\"R@mbla\" \/>\n\t<meta name=\"twitter:label2\" content=\"Estimated reading time\" \/>\n\t<meta name=\"twitter:data2\" content=\"8 minutes\" \/>\n<script type=\"application\/ld+json\" class=\"yoast-schema-graph\">{\"@context\":\"https:\\\/\\\/schema.org\",\"@graph\":[{\"@type\":\"Article\",\"@id\":\"https:\\\/\\\/www.revistarambla.com\\\/el-mar-que-nunca-vimos\\\/#article\",\"isPartOf\":{\"@id\":\"https:\\\/\\\/www.revistarambla.com\\\/el-mar-que-nunca-vimos\\\/\"},\"author\":{\"name\":\"R@mbla\",\"@id\":\"https:\\\/\\\/www.revistarambla.com\\\/#\\\/schema\\\/person\\\/a146a5a2550b94981a75131180e1bd9c\"},\"headline\":\"El mar que nunca vimos\",\"datePublished\":\"2025-08-16T08:30:40+00:00\",\"dateModified\":\"2025-10-30T18:39:46+00:00\",\"mainEntityOfPage\":{\"@id\":\"https:\\\/\\\/www.revistarambla.com\\\/el-mar-que-nunca-vimos\\\/\"},\"wordCount\":1765,\"publisher\":{\"@id\":\"https:\\\/\\\/www.revistarambla.com\\\/#organization\"},\"image\":{\"@id\":\"https:\\\/\\\/www.revistarambla.com\\\/el-mar-que-nunca-vimos\\\/#primaryimage\"},\"thumbnailUrl\":\"https:\\\/\\\/www.revistarambla.com\\\/wp-content\\\/uploads\\\/2025\\\/08\\\/el-maestro-que-prometio-el-mar.jpg\",\"articleSection\":[\"Cine &amp; Series\"],\"inLanguage\":\"en-GB\"},{\"@type\":\"WebPage\",\"@id\":\"https:\\\/\\\/www.revistarambla.com\\\/el-mar-que-nunca-vimos\\\/\",\"url\":\"https:\\\/\\\/www.revistarambla.com\\\/el-mar-que-nunca-vimos\\\/\",\"name\":\"El mar que nunca vimos - Revista Rambla\",\"isPartOf\":{\"@id\":\"https:\\\/\\\/www.revistarambla.com\\\/#website\"},\"primaryImageOfPage\":{\"@id\":\"https:\\\/\\\/www.revistarambla.com\\\/el-mar-que-nunca-vimos\\\/#primaryimage\"},\"image\":{\"@id\":\"https:\\\/\\\/www.revistarambla.com\\\/el-mar-que-nunca-vimos\\\/#primaryimage\"},\"thumbnailUrl\":\"https:\\\/\\\/www.revistarambla.com\\\/wp-content\\\/uploads\\\/2025\\\/08\\\/el-maestro-que-prometio-el-mar.jpg\",\"datePublished\":\"2025-08-16T08:30:40+00:00\",\"dateModified\":\"2025-10-30T18:39:46+00:00\",\"breadcrumb\":{\"@id\":\"https:\\\/\\\/www.revistarambla.com\\\/el-mar-que-nunca-vimos\\\/#breadcrumb\"},\"inLanguage\":\"en-GB\",\"potentialAction\":[{\"@type\":\"ReadAction\",\"target\":[\"https:\\\/\\\/www.revistarambla.com\\\/el-mar-que-nunca-vimos\\\/\"]}]},{\"@type\":\"ImageObject\",\"inLanguage\":\"en-GB\",\"@id\":\"https:\\\/\\\/www.revistarambla.com\\\/el-mar-que-nunca-vimos\\\/#primaryimage\",\"url\":\"https:\\\/\\\/www.revistarambla.com\\\/wp-content\\\/uploads\\\/2025\\\/08\\\/el-maestro-que-prometio-el-mar.jpg\",\"contentUrl\":\"https:\\\/\\\/www.revistarambla.com\\\/wp-content\\\/uploads\\\/2025\\\/08\\\/el-maestro-que-prometio-el-mar.jpg\",\"width\":1600,\"height\":900,\"caption\":\"El maestro que prometi\u00f3 el mar\"},{\"@type\":\"BreadcrumbList\",\"@id\":\"https:\\\/\\\/www.revistarambla.com\\\/el-mar-que-nunca-vimos\\\/#breadcrumb\",\"itemListElement\":[{\"@type\":\"ListItem\",\"position\":1,\"name\":\"Portada\",\"item\":\"https:\\\/\\\/www.revistarambla.com\\\/\"},{\"@type\":\"ListItem\",\"position\":2,\"name\":\"El mar que nunca vimos\"}]},{\"@type\":\"WebSite\",\"@id\":\"https:\\\/\\\/www.revistarambla.com\\\/#website\",\"url\":\"https:\\\/\\\/www.revistarambla.com\\\/\",\"name\":\"Revista Rambla Barcelona\",\"description\":\"Periodismo independiente\",\"publisher\":{\"@id\":\"https:\\\/\\\/www.revistarambla.com\\\/#organization\"},\"potentialAction\":[{\"@type\":\"SearchAction\",\"target\":{\"@type\":\"EntryPoint\",\"urlTemplate\":\"https:\\\/\\\/www.revistarambla.com\\\/?s={search_term_string}\"},\"query-input\":{\"@type\":\"PropertyValueSpecification\",\"valueRequired\":true,\"valueName\":\"search_term_string\"}}],\"inLanguage\":\"en-GB\"},{\"@type\":\"Organization\",\"@id\":\"https:\\\/\\\/www.revistarambla.com\\\/#organization\",\"name\":\"Revista Rambla\",\"url\":\"https:\\\/\\\/www.revistarambla.com\\\/\",\"logo\":{\"@type\":\"ImageObject\",\"inLanguage\":\"en-GB\",\"@id\":\"https:\\\/\\\/www.revistarambla.com\\\/#\\\/schema\\\/logo\\\/image\\\/\",\"url\":\"https:\\\/\\\/www.revistarambla.com\\\/wp-content\\\/uploads\\\/2020\\\/09\\\/banner_rambla_1900x600_BB.png\",\"contentUrl\":\"https:\\\/\\\/www.revistarambla.com\\\/wp-content\\\/uploads\\\/2020\\\/09\\\/banner_rambla_1900x600_BB.png\",\"width\":1900,\"height\":600,\"caption\":\"Revista Rambla\"},\"image\":{\"@id\":\"https:\\\/\\\/www.revistarambla.com\\\/#\\\/schema\\\/logo\\\/image\\\/\"},\"sameAs\":[\"https:\\\/\\\/www.facebook.com\\\/revistarambla\\\/\",\"https:\\\/\\\/x.com\\\/revistarambla\",\"https:\\\/\\\/www.instagram.com\\\/revista_rambla\",\"https:\\\/\\\/es.linkedin.com\\\/company\\\/revista-rambla\"]},{\"@type\":\"Person\",\"@id\":\"https:\\\/\\\/www.revistarambla.com\\\/#\\\/schema\\\/person\\\/a146a5a2550b94981a75131180e1bd9c\",\"name\":\"R@mbla\",\"description\":\"Este art\u00edculo ha sido redactado y\\\/o validado por el equipo de redacci\u00f3n de Revista Rambla.\",\"sameAs\":[\"https:\\\/\\\/www.revistarambla.com\\\/\",\"https:\\\/\\\/www.facebook.com\\\/revistarambla\",\"https:\\\/\\\/x.com\\\/revistarambla\"]}]}<\/script>\n<!-- \/ Yoast SEO plugin. -->","yoast_head_json":{"title":"El mar que nunca vimos - Revista Rambla","robots":{"index":"index","follow":"follow","max-snippet":"max-snippet:-1","max-image-preview":"max-image-preview:large","max-video-preview":"max-video-preview:-1"},"canonical":"https:\/\/www.revistarambla.com\/en\/el-mar-que-nunca-vimos\/","og_locale":"en_GB","og_type":"article","og_title":"El mar que nunca vimos - Revista Rambla","og_description":"'El maestro que prometi\u00f3 el mar' es cine que educa, emociona y repara, una obra que no solo entretiene, sino que deja una huella imborrable en el coraz\u00f3n y la mente del espectador. En la imagen, Enric Auquer en el papel del docente Antoni Benaiges.","og_url":"https:\/\/www.revistarambla.com\/en\/el-mar-que-nunca-vimos\/","og_site_name":"Revista Rambla","article_publisher":"https:\/\/www.facebook.com\/revistarambla\/","article_author":"https:\/\/www.facebook.com\/revistarambla","article_published_time":"2025-08-16T08:30:40+00:00","article_modified_time":"2025-10-30T18:39:46+00:00","og_image":[{"width":1600,"height":900,"url":"https:\/\/www.revistarambla.com\/wp-content\/uploads\/2025\/08\/el-maestro-que-prometio-el-mar.jpg","type":"image\/jpeg"}],"author":"R@mbla","twitter_card":"summary_large_image","twitter_creator":"@revistarambla","twitter_site":"@revistarambla","twitter_misc":{"Written by":"R@mbla","Estimated reading time":"8 minutes"},"schema":{"@context":"https:\/\/schema.org","@graph":[{"@type":"Article","@id":"https:\/\/www.revistarambla.com\/el-mar-que-nunca-vimos\/#article","isPartOf":{"@id":"https:\/\/www.revistarambla.com\/el-mar-que-nunca-vimos\/"},"author":{"name":"R@mbla","@id":"https:\/\/www.revistarambla.com\/#\/schema\/person\/a146a5a2550b94981a75131180e1bd9c"},"headline":"El mar que nunca vimos","datePublished":"2025-08-16T08:30:40+00:00","dateModified":"2025-10-30T18:39:46+00:00","mainEntityOfPage":{"@id":"https:\/\/www.revistarambla.com\/el-mar-que-nunca-vimos\/"},"wordCount":1765,"publisher":{"@id":"https:\/\/www.revistarambla.com\/#organization"},"image":{"@id":"https:\/\/www.revistarambla.com\/el-mar-que-nunca-vimos\/#primaryimage"},"thumbnailUrl":"https:\/\/www.revistarambla.com\/wp-content\/uploads\/2025\/08\/el-maestro-que-prometio-el-mar.jpg","articleSection":["Cine &amp; Series"],"inLanguage":"en-GB"},{"@type":"WebPage","@id":"https:\/\/www.revistarambla.com\/el-mar-que-nunca-vimos\/","url":"https:\/\/www.revistarambla.com\/el-mar-que-nunca-vimos\/","name":"El mar que nunca vimos - Revista Rambla","isPartOf":{"@id":"https:\/\/www.revistarambla.com\/#website"},"primaryImageOfPage":{"@id":"https:\/\/www.revistarambla.com\/el-mar-que-nunca-vimos\/#primaryimage"},"image":{"@id":"https:\/\/www.revistarambla.com\/el-mar-que-nunca-vimos\/#primaryimage"},"thumbnailUrl":"https:\/\/www.revistarambla.com\/wp-content\/uploads\/2025\/08\/el-maestro-que-prometio-el-mar.jpg","datePublished":"2025-08-16T08:30:40+00:00","dateModified":"2025-10-30T18:39:46+00:00","breadcrumb":{"@id":"https:\/\/www.revistarambla.com\/el-mar-que-nunca-vimos\/#breadcrumb"},"inLanguage":"en-GB","potentialAction":[{"@type":"ReadAction","target":["https:\/\/www.revistarambla.com\/el-mar-que-nunca-vimos\/"]}]},{"@type":"ImageObject","inLanguage":"en-GB","@id":"https:\/\/www.revistarambla.com\/el-mar-que-nunca-vimos\/#primaryimage","url":"https:\/\/www.revistarambla.com\/wp-content\/uploads\/2025\/08\/el-maestro-que-prometio-el-mar.jpg","contentUrl":"https:\/\/www.revistarambla.com\/wp-content\/uploads\/2025\/08\/el-maestro-que-prometio-el-mar.jpg","width":1600,"height":900,"caption":"El maestro que prometi\u00f3 el mar"},{"@type":"BreadcrumbList","@id":"https:\/\/www.revistarambla.com\/el-mar-que-nunca-vimos\/#breadcrumb","itemListElement":[{"@type":"ListItem","position":1,"name":"Portada","item":"https:\/\/www.revistarambla.com\/"},{"@type":"ListItem","position":2,"name":"El mar que nunca vimos"}]},{"@type":"WebSite","@id":"https:\/\/www.revistarambla.com\/#website","url":"https:\/\/www.revistarambla.com\/","name":"Revista Rambla Barcelona","description":"Periodismo independiente","publisher":{"@id":"https:\/\/www.revistarambla.com\/#organization"},"potentialAction":[{"@type":"SearchAction","target":{"@type":"EntryPoint","urlTemplate":"https:\/\/www.revistarambla.com\/?s={search_term_string}"},"query-input":{"@type":"PropertyValueSpecification","valueRequired":true,"valueName":"search_term_string"}}],"inLanguage":"en-GB"},{"@type":"Organization","@id":"https:\/\/www.revistarambla.com\/#organization","name":"Revista Rambla","url":"https:\/\/www.revistarambla.com\/","logo":{"@type":"ImageObject","inLanguage":"en-GB","@id":"https:\/\/www.revistarambla.com\/#\/schema\/logo\/image\/","url":"https:\/\/www.revistarambla.com\/wp-content\/uploads\/2020\/09\/banner_rambla_1900x600_BB.png","contentUrl":"https:\/\/www.revistarambla.com\/wp-content\/uploads\/2020\/09\/banner_rambla_1900x600_BB.png","width":1900,"height":600,"caption":"Revista Rambla"},"image":{"@id":"https:\/\/www.revistarambla.com\/#\/schema\/logo\/image\/"},"sameAs":["https:\/\/www.facebook.com\/revistarambla\/","https:\/\/x.com\/revistarambla","https:\/\/www.instagram.com\/revista_rambla","https:\/\/es.linkedin.com\/company\/revista-rambla"]},{"@type":"Person","@id":"https:\/\/www.revistarambla.com\/#\/schema\/person\/a146a5a2550b94981a75131180e1bd9c","name":"R@mbla","description":"Este art\u00edculo ha sido redactado y\/o validado por el equipo de redacci\u00f3n de Revista Rambla.","sameAs":["https:\/\/www.revistarambla.com\/","https:\/\/www.facebook.com\/revistarambla","https:\/\/x.com\/revistarambla"]}]}},"_links":{"self":[{"href":"https:\/\/www.revistarambla.com\/en\/wp-json\/wp\/v2\/posts\/66136","targetHints":{"allow":["GET"]}}],"collection":[{"href":"https:\/\/www.revistarambla.com\/en\/wp-json\/wp\/v2\/posts"}],"about":[{"href":"https:\/\/www.revistarambla.com\/en\/wp-json\/wp\/v2\/types\/post"}],"author":[{"embeddable":true,"href":"https:\/\/www.revistarambla.com\/en\/wp-json\/wp\/v2\/users\/3"}],"replies":[{"embeddable":true,"href":"https:\/\/www.revistarambla.com\/en\/wp-json\/wp\/v2\/comments?post=66136"}],"version-history":[{"count":1,"href":"https:\/\/www.revistarambla.com\/en\/wp-json\/wp\/v2\/posts\/66136\/revisions"}],"predecessor-version":[{"id":66138,"href":"https:\/\/www.revistarambla.com\/en\/wp-json\/wp\/v2\/posts\/66136\/revisions\/66138"}],"wp:featuredmedia":[{"embeddable":true,"href":"https:\/\/www.revistarambla.com\/en\/wp-json\/wp\/v2\/media\/66137"}],"wp:attachment":[{"href":"https:\/\/www.revistarambla.com\/en\/wp-json\/wp\/v2\/media?parent=66136"}],"wp:term":[{"taxonomy":"category","embeddable":true,"href":"https:\/\/www.revistarambla.com\/en\/wp-json\/wp\/v2\/categories?post=66136"},{"taxonomy":"post_tag","embeddable":true,"href":"https:\/\/www.revistarambla.com\/en\/wp-json\/wp\/v2\/tags?post=66136"}],"curies":[{"name":"wp","href":"https:\/\/api.w.org\/{rel}","templated":true}]}}