{"id":66130,"date":"2025-08-16T10:18:54","date_gmt":"2025-08-16T08:18:54","guid":{"rendered":"https:\/\/www.revistarambla.com\/?p=66130"},"modified":"2025-08-17T12:41:13","modified_gmt":"2025-08-17T10:41:13","slug":"antoni-benaiges-el-maestro-republicano-que-prometio-el-mar","status":"publish","type":"post","link":"https:\/\/www.revistarambla.com\/en\/antoni-benaiges-el-maestro-republicano-que-prometio-el-mar\/","title":{"rendered":"Antoni Benaiges: el maestro republicano que prometi\u00f3 el mar"},"content":{"rendered":"<p>En el contexto de la Segunda Rep\u00fablica espa\u00f1ola, figuras como Antoni Benaiges emergen como s\u00edmbolos de la renovaci\u00f3n educativa y el compromiso social. Nacido en 1903 en Mont-roig del Camp (Tarragona), Benaiges fue un maestro innovador que aplic\u00f3 m\u00e9todos pedag\u00f3gicos vanguardistas inspirados en el franc\u00e9s C\u00e9lestin Freinet. Su breve, pero impactante carrera docente en un remoto pueblo burgal\u00e9s culmin\u00f3 tr\u00e1gicamente con su ejecuci\u00f3n al inicio de la guerra civil espa\u00f1ola. Sin embargo, su legado persiste a trav\u00e9s de documentales, libros y pel\u00edculas que rescatan su historia de las fosas del olvido. Este reportaje explora su vida, sus contribuciones educativas y su influencia perdurable, bas\u00e1ndose en fuentes hist\u00f3ricas y testimonios contempor\u00e1neos.<\/p>\n<p>Benaiges representaba el ideal republicano de una educaci\u00f3n laica, libre y participativa, en contraste con los m\u00e9todos tradicionales autoritarios. Su promesa de llevar a sus alumnos a ver el mar \u2014un elemento simb\u00f3lico de libertad y descubrimiento\u2014 se convirti\u00f3 en emblema de sus aspiraciones truncadas por el fascismo. En un pa\u00eds marcado por la represi\u00f3n, su figura ilustra el coste humano de la defensa de la democracia educativa.<\/p>\n<h2>Biograf\u00eda Temprana<\/h2>\n<p>Antoni Benaiges Nogu\u00e9s vino al mundo el 26 de junio de 1903 en Mont-roig del Camp, un peque\u00f1o municipio tarraconense, en el seno de una familia campesina acomodada. Hijo de Jaime Benaiges y Teresa Nogu\u00e9s, creci\u00f3 en un entorno rural donde el trabajo en el campo era cotidiano. Tras la muerte prematura de su padre, Antoni ayud\u00f3 en las labores agr\u00edcolas, lo que retras\u00f3 su entrada en el mundo acad\u00e9mico. No obstante, influido por familiares vinculados a la pedagog\u00eda \u2014su madre era sobrina del pedagogo y pol\u00edtico republicano Agust\u00ed Sard\u00e0 Llaberia, y prima de la educadora Merc\u00e8 Sard\u00e0 Uribarri\u2014, decidi\u00f3 perseguir la carrera de maestro.<\/p>\n<p>Inici\u00f3 sus estudios de Magisterio en 1925 en \u00c1vila, complet\u00e1ndolos en Barcelona en 1929. Durante sus a\u00f1os formativos, Benaiges se impregn\u00f3 de las ideas progresistas de la Instituci\u00f3n Libre de Ense\u00f1anza, un movimiento que abogaba por una educaci\u00f3n integral y alejada de dogmas religiosos o pol\u00edticos. En 1931, mientras trabajaba como maestro interino en el Grupo Escolar Carmen Rojo de Madrid, se afili\u00f3 a la Agrupaci\u00f3n Socialista del PSOE y a la Federaci\u00f3n Estatal de Trabajadores de la Ense\u00f1anza de la UGT. Su compromiso pol\u00edtico se extendi\u00f3 a la colaboraci\u00f3n con la Casa del Pueblo en Briviesca y art\u00edculos en el semanario izquierdista <em>La Voz de la Bureba<\/em>.<\/p>\n<p>Tras aprobar oposiciones nacionales en junio de 1934, fue destinado a la escuela rural de Ba\u00f1uelos de Bureba, un pueblo de apenas 200 habitantes en la provincia de Burgos. Este traslado desde Catalu\u00f1a a la Meseta castellana marc\u00f3 un punto de inflexi\u00f3n en su vida, donde pondr\u00eda en pr\u00e1ctica sus ideales educativos en un entorno conservador y aislado.<\/p>\n<h2>Formaci\u00f3n Pedag\u00f3gica y M\u00e9todos Freinet<\/h2>\n<p>La pedagog\u00eda de Benaiges estuvo profundamente influida por C\u00e9lestin Freinet, un educador franc\u00e9s que promov\u00eda una ense\u00f1anza basada en la expresi\u00f3n libre del ni\u00f1o, la cooperaci\u00f3n y la investigaci\u00f3n del entorno. Durante su etapa interina en la Escuela Graduada de Ni\u00f1os de Vilanova i la Geltr\u00fa en 1932, Benaiges se form\u00f3 en estas t\u00e9cnicas, que enfatizaban el aprendizaje experimental y \u00fatil para la vida diaria. Freinet rechazaba los m\u00e9todos memor\u00edsticos y autoritarios, proponiendo en su lugar el uso de herramientas como la imprenta escolar para fomentar la creatividad y el intercambio de ideas.<\/p>\n<p>En Ba\u00f1uelos, Benaiges implement\u00f3 estos principios con entusiasmo. Compr\u00f3 una imprenta con su propio dinero en 1935, permitiendo a los alumnos crear textos colectivos a trav\u00e9s de asambleas donde votaban temas cotidianos. Publicaron la revista trimestral <em>Gestos<\/em>, con tres n\u00fameros, y <em>Recreo<\/em> para los m\u00e1s peque\u00f1os. Adem\u00e1s, produjeron cuadernillos especiales como <em>El mar<\/em>, <em>El retratista<\/em>, <em>Sue\u00f1os<\/em> y <em>Folclore burgal\u00e9s<\/em>, que se intercambiaban con otras escuelas freinetianas en Espa\u00f1a y el extranjero. Este enfoque no solo desarrollaba habilidades ling\u00fc\u00edsticas, sino que fomentaba la conciencia social y el pensamiento cr\u00edtico.<\/p>\n<p>Benaiges tambi\u00e9n integr\u00f3 actividades extracurriculares, como una Academia para j\u00f3venes con bailes, debates y el uso de un gram\u00f3fono escolar, involucr\u00e1ndose en la vida comunitaria. Sus m\u00e9todos contrastaban con el conservadurismo local, gan\u00e1ndose el respeto de los ni\u00f1os pero generando recelos entre sectores tradicionalistas.<\/p>\n<h2>Llegada a Ba\u00f1uelos de Bureba e Innovaciones Educativas<\/h2>\n<p>Al llegar a Ba\u00f1uelos en 1934, Benaiges encontr\u00f3 una escuela en condiciones precarias. \u00c9l mismo habilit\u00f3 el espacio y comenz\u00f3 a aplicar las t\u00e9cnicas Freinet, transformando el aula en un laboratorio de aprendizaje activo. Sus alumnos, ni\u00f1os de entre 5 y 14 a\u00f1os que nunca hab\u00edan salido del pueblo, experimentaron un cambio radical: en lugar de lecciones r\u00edgidas, participaban en proyectos que conectaban con su realidad rural.<\/p>\n<p><img decoding=\"async\" class=\"size-full wp-image-66133 aligncenter\" src=\"https:\/\/www.revistarambla.com\/wp-content\/uploads\/2025\/08\/antoni-benaiges-1.jpg\" alt=\"antoni benaiges\" width=\"1600\" height=\"900\" srcset=\"https:\/\/www.revistarambla.com\/wp-content\/uploads\/2025\/08\/antoni-benaiges-1.jpg 1600w, https:\/\/www.revistarambla.com\/wp-content\/uploads\/2025\/08\/antoni-benaiges-1-649x365.jpg 649w, https:\/\/www.revistarambla.com\/wp-content\/uploads\/2025\/08\/antoni-benaiges-1-840x473.jpg 840w, https:\/\/www.revistarambla.com\/wp-content\/uploads\/2025\/08\/antoni-benaiges-1-500x280.jpg 500w, https:\/\/www.revistarambla.com\/wp-content\/uploads\/2025\/08\/antoni-benaiges-1-768x432.jpg 768w, https:\/\/www.revistarambla.com\/wp-content\/uploads\/2025\/08\/antoni-benaiges-1-1536x864.jpg 1536w, https:\/\/www.revistarambla.com\/wp-content\/uploads\/2025\/08\/antoni-benaiges-1-18x10.jpg 18w, https:\/\/www.revistarambla.com\/wp-content\/uploads\/2025\/08\/antoni-benaiges-1-1200x675.jpg 1200w\" sizes=\"(max-width: 1600px) 100vw, 1600px\" \/><\/p>\n<p>Uno de los hitos fue el cuadernillo <em>El mar. Visi\u00f3n de unos ni\u00f1os que no lo han visto nunca<\/em>, creado en enero de 1936. En \u00e9l, los ni\u00f1os expresaban sus fantas\u00edas sobre el oc\u00e9ano: \u00abEl mar ser\u00e1 muy grande, muy ancho y muy hondo\u00bb. Inspirado por esto, Benaiges prometi\u00f3 llevarlos a Mont-roig del Camp en el verano de 1936 para que lo vieran por primera vez. Esta promesa simbolizaba su visi\u00f3n educativa: abrir horizontes m\u00e1s all\u00e1 de la Meseta, fomentando la curiosidad y la igualdad de oportunidades.<\/p>\n<p>Su impacto fue profundo. Como record\u00f3 una nieta de una alumna, los ni\u00f1os adquirieron conciencia de otras formas de vida mediante los intercambios de cuadernillos. Benaiges no solo ense\u00f1aba; transformaba la comunidad, defendiendo derechos infantiles en art\u00edculos como el derecho a la educaci\u00f3n y la alegr\u00eda.<\/p>\n<h2>El Estallido de la Guerra Civil y su Ejecuci\u00f3n<\/h2>\n<p>El golpe de Estado del 18 de julio de 1936 trunc\u00f3 todo. Benaiges, conocido por su militancia republicana y catalana, fue detenido el 19 de julio en Briviesca por milicias falangistas. Torturado y humillado p\u00fablicamente \u2014su cuerpo fue paseado por las calles\u2014, fue ejecutado el 25 de julio en los Montes de La Pedraja, un sitio usado para ocultar represaliados republicanos. Su expediente lo tildaba de \u00abantipatri\u00f3tico y antisocial\u00bb, basado en denuncias del alcalde, el cura y vecinos conservadores.<\/p>\n<p>Benaiges fue el primer maestro freinetista fusilado en Espa\u00f1a, uno de miles de educadores republicanos eliminados por el franquismo. Tras su muerte, falangistas quemaron el material escolar en Ba\u00f1uelos, aunque algunos cuadernillos sobrevivieron en manos de su familia y un alumno. Sus restos no han sido identificados, pese a exhumaciones en La Pedraja en 2010 y 2011, donde se hallaron 135 cuerpos, solo 23 identificados.<\/p>\n<h2>Legado y Redescubrimiento<\/h2>\n<p>El silencio sobre Benaiges dur\u00f3 d\u00e9cadas, hasta que las exhumaciones en La Pedraja en 2008, impulsadas por la Agrupaci\u00f3n de Familiares de Personas Asesinadas y la Sociedad de Ciencias Aranzadi, revivieron su historia. El fot\u00f3grafo Sergi Bernal, documentando el proceso, contact\u00f3 con la familia Benaiges y descubri\u00f3 cartas, fotos y cuadernillos. Esto inspir\u00f3 el libro <em>Desenterrando el silencio: Antoni Benaiges, el maestro que prometi\u00f3 el mar<\/em> (2012), de Queralt Sol\u00e9, Francisco Ferr\u00e1ndiz y Francesc Escribano.<\/p>\n<p>Su legado cultural es vasto. En 2013, se public\u00f3 <em>El retratista<\/em>, un documental y libro sobre su vida. Novelas como <em>Aquel mar que nunca vimos<\/em> de Jos\u00e9 Antonio Abella (2023) y exposiciones en el Museu Mar\u00edtim de Barcelona han difundido su figura. La pel\u00edcula <a href=\"https:\/\/www.revistarambla.com\/en\/el-mar-que-nunca-vimos\/\"><em>El maestro que prometi\u00f3 el mar<\/em><\/a> (2023), dirigida por Patricia Font y nominada a cinco Goya, ha atra\u00eddo a m\u00e1s de 270.000 espectadores, con Enric Auquer y Laia Costa en los roles principales. Obras teatrales como <em>El mar: visi\u00f3n de unos ni\u00f1os que no lo han visto nunca<\/em>, de Xavier Bob\u00e9s y Alberto Conejero, tambi\u00e9n lo homenajean, aunque su representaci\u00f3n en Briviesca fue cancelada en 2023 por \u00abrazones econ\u00f3micas\u00bb.<\/p>\n<p>La Asociaci\u00f3n Escuela Benaiges gestiona el antiguo edificio escolar como museo-taller, promoviendo sus m\u00e9todos. En 2024, se cumplieron 90 a\u00f1os de su promesa, y en julio de ese a\u00f1o, descendientes de alumnos la cumplieron simb\u00f3licamente viajando al mar.<\/p>\n<p><img decoding=\"async\" class=\"size-full wp-image-66134 aligncenter\" src=\"https:\/\/www.revistarambla.com\/wp-content\/uploads\/2025\/08\/antoni-benaiges2.jpg\" alt=\"antoni benaiges\" width=\"1000\" height=\"701\" srcset=\"https:\/\/www.revistarambla.com\/wp-content\/uploads\/2025\/08\/antoni-benaiges2.jpg 1000w, https:\/\/www.revistarambla.com\/wp-content\/uploads\/2025\/08\/antoni-benaiges2-521x365.jpg 521w, https:\/\/www.revistarambla.com\/wp-content\/uploads\/2025\/08\/antoni-benaiges2-840x589.jpg 840w, https:\/\/www.revistarambla.com\/wp-content\/uploads\/2025\/08\/antoni-benaiges2-768x538.jpg 768w, https:\/\/www.revistarambla.com\/wp-content\/uploads\/2025\/08\/antoni-benaiges2-18x12.jpg 18w\" sizes=\"(max-width: 1000px) 100vw, 1000px\" \/><\/p>\n<p>Antoni Benaiges encarn\u00f3 el esp\u00edritu renovador de la Rep\u00fablica: un maestro que so\u00f1aba con una educaci\u00f3n liberadora en un mundo opresivo. Su ejecuci\u00f3n no solo cort\u00f3 una vida prometedora, sino que simboliz\u00f3 la represi\u00f3n contra el progreso intelectual. Hoy, en un contexto donde la memoria hist\u00f3rica es debatida, su historia nos recuerda la importancia de educar en valores democr\u00e1ticos y cr\u00edticos. Como escribi\u00f3 en uno de sus art\u00edculos, los ni\u00f1os tienen derecho a la alegr\u00eda y al descubrimiento. Su promesa del mar, aunque incumplida en vida, navega ahora en el oc\u00e9ano cultural, inspirando generaciones a no olvidar las lecciones del pasado.<\/p>","protected":false},"excerpt":{"rendered":"<p>En el contexto de la Segunda Rep\u00fablica espa\u00f1ola, figuras como Antoni Benaiges emergen como s\u00edmbolos de la renovaci\u00f3n educativa y el compromiso social. Nacido en 1903 en Mont-roig del Camp (Tarragona), Benaiges fue un maestro innovador que aplic\u00f3 m\u00e9todos pedag\u00f3gicos vanguardistas inspirados en el franc\u00e9s C\u00e9lestin Freinet. Su breve, pero [&hellip;]<\/p>\n","protected":false},"author":3,"featured_media":66132,"comment_status":"closed","ping_status":"closed","sticky":false,"template":"","format":"standard","meta":{"footnotes":""},"categories":[562],"tags":[],"class_list":["post-66130","post","type-post","status-publish","format-standard","has-post-thumbnail","hentry","category-historia"],"yoast_head":"<!-- This site is optimized with the Yoast SEO plugin v27.5 - https:\/\/yoast.com\/product\/yoast-seo-wordpress\/ -->\n<title>Antoni Benaiges: el maestro republicano que prometi\u00f3 el mar - Revista Rambla<\/title>\n<meta name=\"robots\" content=\"index, follow, max-snippet:-1, max-image-preview:large, max-video-preview:-1\" \/>\n<link rel=\"canonical\" href=\"https:\/\/www.revistarambla.com\/en\/antoni-benaiges-el-maestro-republicano-que-prometio-el-mar\/\" \/>\n<meta property=\"og:locale\" content=\"en_GB\" \/>\n<meta property=\"og:type\" content=\"article\" \/>\n<meta property=\"og:title\" content=\"Antoni Benaiges: el maestro republicano que prometi\u00f3 el mar - Revista Rambla\" \/>\n<meta property=\"og:description\" content=\"En el contexto de la Segunda Rep\u00fablica espa\u00f1ola, figuras como Antoni Benaiges emergen como s\u00edmbolos de la renovaci\u00f3n educativa y el compromiso social. Nacido en 1903 en Mont-roig del Camp (Tarragona), Benaiges fue un maestro innovador que aplic\u00f3 m\u00e9todos pedag\u00f3gicos vanguardistas inspirados en el franc\u00e9s C\u00e9lestin Freinet. Su breve, pero [&hellip;]\" \/>\n<meta property=\"og:url\" content=\"https:\/\/www.revistarambla.com\/en\/antoni-benaiges-el-maestro-republicano-que-prometio-el-mar\/\" \/>\n<meta property=\"og:site_name\" content=\"Revista Rambla\" \/>\n<meta property=\"article:publisher\" content=\"https:\/\/www.facebook.com\/revistarambla\/\" \/>\n<meta property=\"article:author\" content=\"https:\/\/www.facebook.com\/revistarambla\" \/>\n<meta property=\"article:published_time\" content=\"2025-08-16T08:18:54+00:00\" \/>\n<meta property=\"article:modified_time\" content=\"2025-08-17T10:41:13+00:00\" \/>\n<meta property=\"og:image\" content=\"https:\/\/www.revistarambla.com\/wp-content\/uploads\/2025\/08\/Screenshot-2025-08-16-at-10-12-54-file-20230720-25-tkg1l4.jpg-Imagen-JPEG-1356-\u00d7-668-pixeles.jpg\" \/>\n\t<meta property=\"og:image:width\" content=\"1695\" \/>\n\t<meta property=\"og:image:height\" content=\"835\" \/>\n\t<meta property=\"og:image:type\" content=\"image\/jpeg\" \/>\n<meta name=\"author\" content=\"R@mbla\" \/>\n<meta name=\"twitter:card\" content=\"summary_large_image\" \/>\n<meta name=\"twitter:creator\" content=\"@revistarambla\" \/>\n<meta name=\"twitter:site\" content=\"@revistarambla\" \/>\n<meta name=\"twitter:label1\" content=\"Written by\" \/>\n\t<meta name=\"twitter:data1\" content=\"R@mbla\" \/>\n\t<meta name=\"twitter:label2\" content=\"Estimated reading time\" \/>\n\t<meta name=\"twitter:data2\" content=\"7 minutes\" \/>\n<script type=\"application\/ld+json\" class=\"yoast-schema-graph\">{\"@context\":\"https:\\\/\\\/schema.org\",\"@graph\":[{\"@type\":\"Article\",\"@id\":\"https:\\\/\\\/www.revistarambla.com\\\/antoni-benaiges-el-maestro-republicano-que-prometio-el-mar\\\/#article\",\"isPartOf\":{\"@id\":\"https:\\\/\\\/www.revistarambla.com\\\/antoni-benaiges-el-maestro-republicano-que-prometio-el-mar\\\/\"},\"author\":{\"name\":\"R@mbla\",\"@id\":\"https:\\\/\\\/www.revistarambla.com\\\/#\\\/schema\\\/person\\\/a146a5a2550b94981a75131180e1bd9c\"},\"headline\":\"Antoni Benaiges: el maestro republicano que prometi\u00f3 el mar\",\"datePublished\":\"2025-08-16T08:18:54+00:00\",\"dateModified\":\"2025-08-17T10:41:13+00:00\",\"mainEntityOfPage\":{\"@id\":\"https:\\\/\\\/www.revistarambla.com\\\/antoni-benaiges-el-maestro-republicano-que-prometio-el-mar\\\/\"},\"wordCount\":1486,\"publisher\":{\"@id\":\"https:\\\/\\\/www.revistarambla.com\\\/#organization\"},\"image\":{\"@id\":\"https:\\\/\\\/www.revistarambla.com\\\/antoni-benaiges-el-maestro-republicano-que-prometio-el-mar\\\/#primaryimage\"},\"thumbnailUrl\":\"https:\\\/\\\/www.revistarambla.com\\\/wp-content\\\/uploads\\\/2025\\\/08\\\/Screenshot-2025-08-16-at-10-12-54-file-20230720-25-tkg1l4.jpg-Imagen-JPEG-1356-\u00d7-668-pixeles.jpg\",\"articleSection\":[\"Historia\"],\"inLanguage\":\"en-GB\"},{\"@type\":\"WebPage\",\"@id\":\"https:\\\/\\\/www.revistarambla.com\\\/antoni-benaiges-el-maestro-republicano-que-prometio-el-mar\\\/\",\"url\":\"https:\\\/\\\/www.revistarambla.com\\\/antoni-benaiges-el-maestro-republicano-que-prometio-el-mar\\\/\",\"name\":\"Antoni Benaiges: el maestro republicano que prometi\u00f3 el mar - Revista Rambla\",\"isPartOf\":{\"@id\":\"https:\\\/\\\/www.revistarambla.com\\\/#website\"},\"primaryImageOfPage\":{\"@id\":\"https:\\\/\\\/www.revistarambla.com\\\/antoni-benaiges-el-maestro-republicano-que-prometio-el-mar\\\/#primaryimage\"},\"image\":{\"@id\":\"https:\\\/\\\/www.revistarambla.com\\\/antoni-benaiges-el-maestro-republicano-que-prometio-el-mar\\\/#primaryimage\"},\"thumbnailUrl\":\"https:\\\/\\\/www.revistarambla.com\\\/wp-content\\\/uploads\\\/2025\\\/08\\\/Screenshot-2025-08-16-at-10-12-54-file-20230720-25-tkg1l4.jpg-Imagen-JPEG-1356-\u00d7-668-pixeles.jpg\",\"datePublished\":\"2025-08-16T08:18:54+00:00\",\"dateModified\":\"2025-08-17T10:41:13+00:00\",\"breadcrumb\":{\"@id\":\"https:\\\/\\\/www.revistarambla.com\\\/antoni-benaiges-el-maestro-republicano-que-prometio-el-mar\\\/#breadcrumb\"},\"inLanguage\":\"en-GB\",\"potentialAction\":[{\"@type\":\"ReadAction\",\"target\":[\"https:\\\/\\\/www.revistarambla.com\\\/antoni-benaiges-el-maestro-republicano-que-prometio-el-mar\\\/\"]}]},{\"@type\":\"ImageObject\",\"inLanguage\":\"en-GB\",\"@id\":\"https:\\\/\\\/www.revistarambla.com\\\/antoni-benaiges-el-maestro-republicano-que-prometio-el-mar\\\/#primaryimage\",\"url\":\"https:\\\/\\\/www.revistarambla.com\\\/wp-content\\\/uploads\\\/2025\\\/08\\\/Screenshot-2025-08-16-at-10-12-54-file-20230720-25-tkg1l4.jpg-Imagen-JPEG-1356-\u00d7-668-pixeles.jpg\",\"contentUrl\":\"https:\\\/\\\/www.revistarambla.com\\\/wp-content\\\/uploads\\\/2025\\\/08\\\/Screenshot-2025-08-16-at-10-12-54-file-20230720-25-tkg1l4.jpg-Imagen-JPEG-1356-\u00d7-668-pixeles.jpg\",\"width\":1695,\"height\":835,\"caption\":\"antoni benaiges\"},{\"@type\":\"BreadcrumbList\",\"@id\":\"https:\\\/\\\/www.revistarambla.com\\\/antoni-benaiges-el-maestro-republicano-que-prometio-el-mar\\\/#breadcrumb\",\"itemListElement\":[{\"@type\":\"ListItem\",\"position\":1,\"name\":\"Portada\",\"item\":\"https:\\\/\\\/www.revistarambla.com\\\/\"},{\"@type\":\"ListItem\",\"position\":2,\"name\":\"Antoni Benaiges: el maestro republicano que prometi\u00f3 el mar\"}]},{\"@type\":\"WebSite\",\"@id\":\"https:\\\/\\\/www.revistarambla.com\\\/#website\",\"url\":\"https:\\\/\\\/www.revistarambla.com\\\/\",\"name\":\"Revista Rambla Barcelona\",\"description\":\"Periodismo independiente\",\"publisher\":{\"@id\":\"https:\\\/\\\/www.revistarambla.com\\\/#organization\"},\"potentialAction\":[{\"@type\":\"SearchAction\",\"target\":{\"@type\":\"EntryPoint\",\"urlTemplate\":\"https:\\\/\\\/www.revistarambla.com\\\/?s={search_term_string}\"},\"query-input\":{\"@type\":\"PropertyValueSpecification\",\"valueRequired\":true,\"valueName\":\"search_term_string\"}}],\"inLanguage\":\"en-GB\"},{\"@type\":\"Organization\",\"@id\":\"https:\\\/\\\/www.revistarambla.com\\\/#organization\",\"name\":\"Revista Rambla\",\"url\":\"https:\\\/\\\/www.revistarambla.com\\\/\",\"logo\":{\"@type\":\"ImageObject\",\"inLanguage\":\"en-GB\",\"@id\":\"https:\\\/\\\/www.revistarambla.com\\\/#\\\/schema\\\/logo\\\/image\\\/\",\"url\":\"https:\\\/\\\/www.revistarambla.com\\\/wp-content\\\/uploads\\\/2020\\\/09\\\/banner_rambla_1900x600_BB.png\",\"contentUrl\":\"https:\\\/\\\/www.revistarambla.com\\\/wp-content\\\/uploads\\\/2020\\\/09\\\/banner_rambla_1900x600_BB.png\",\"width\":1900,\"height\":600,\"caption\":\"Revista Rambla\"},\"image\":{\"@id\":\"https:\\\/\\\/www.revistarambla.com\\\/#\\\/schema\\\/logo\\\/image\\\/\"},\"sameAs\":[\"https:\\\/\\\/www.facebook.com\\\/revistarambla\\\/\",\"https:\\\/\\\/x.com\\\/revistarambla\",\"https:\\\/\\\/www.instagram.com\\\/revista_rambla\",\"https:\\\/\\\/es.linkedin.com\\\/company\\\/revista-rambla\"]},{\"@type\":\"Person\",\"@id\":\"https:\\\/\\\/www.revistarambla.com\\\/#\\\/schema\\\/person\\\/a146a5a2550b94981a75131180e1bd9c\",\"name\":\"R@mbla\",\"description\":\"Este art\u00edculo ha sido redactado y\\\/o validado por el equipo de redacci\u00f3n de Revista Rambla.\",\"sameAs\":[\"https:\\\/\\\/www.revistarambla.com\\\/\",\"https:\\\/\\\/www.facebook.com\\\/revistarambla\",\"https:\\\/\\\/x.com\\\/revistarambla\"]}]}<\/script>\n<!-- \/ Yoast SEO plugin. -->","yoast_head_json":{"title":"Antoni Benaiges: el maestro republicano que prometi\u00f3 el mar - Revista Rambla","robots":{"index":"index","follow":"follow","max-snippet":"max-snippet:-1","max-image-preview":"max-image-preview:large","max-video-preview":"max-video-preview:-1"},"canonical":"https:\/\/www.revistarambla.com\/en\/antoni-benaiges-el-maestro-republicano-que-prometio-el-mar\/","og_locale":"en_GB","og_type":"article","og_title":"Antoni Benaiges: el maestro republicano que prometi\u00f3 el mar - Revista Rambla","og_description":"En el contexto de la Segunda Rep\u00fablica espa\u00f1ola, figuras como Antoni Benaiges emergen como s\u00edmbolos de la renovaci\u00f3n educativa y el compromiso social. Nacido en 1903 en Mont-roig del Camp (Tarragona), Benaiges fue un maestro innovador que aplic\u00f3 m\u00e9todos pedag\u00f3gicos vanguardistas inspirados en el franc\u00e9s C\u00e9lestin Freinet. Su breve, pero [&hellip;]","og_url":"https:\/\/www.revistarambla.com\/en\/antoni-benaiges-el-maestro-republicano-que-prometio-el-mar\/","og_site_name":"Revista Rambla","article_publisher":"https:\/\/www.facebook.com\/revistarambla\/","article_author":"https:\/\/www.facebook.com\/revistarambla","article_published_time":"2025-08-16T08:18:54+00:00","article_modified_time":"2025-08-17T10:41:13+00:00","og_image":[{"width":1695,"height":835,"url":"https:\/\/www.revistarambla.com\/wp-content\/uploads\/2025\/08\/Screenshot-2025-08-16-at-10-12-54-file-20230720-25-tkg1l4.jpg-Imagen-JPEG-1356-\u00d7-668-pixeles.jpg","type":"image\/jpeg"}],"author":"R@mbla","twitter_card":"summary_large_image","twitter_creator":"@revistarambla","twitter_site":"@revistarambla","twitter_misc":{"Written by":"R@mbla","Estimated reading time":"7 minutes"},"schema":{"@context":"https:\/\/schema.org","@graph":[{"@type":"Article","@id":"https:\/\/www.revistarambla.com\/antoni-benaiges-el-maestro-republicano-que-prometio-el-mar\/#article","isPartOf":{"@id":"https:\/\/www.revistarambla.com\/antoni-benaiges-el-maestro-republicano-que-prometio-el-mar\/"},"author":{"name":"R@mbla","@id":"https:\/\/www.revistarambla.com\/#\/schema\/person\/a146a5a2550b94981a75131180e1bd9c"},"headline":"Antoni Benaiges: el maestro republicano que prometi\u00f3 el mar","datePublished":"2025-08-16T08:18:54+00:00","dateModified":"2025-08-17T10:41:13+00:00","mainEntityOfPage":{"@id":"https:\/\/www.revistarambla.com\/antoni-benaiges-el-maestro-republicano-que-prometio-el-mar\/"},"wordCount":1486,"publisher":{"@id":"https:\/\/www.revistarambla.com\/#organization"},"image":{"@id":"https:\/\/www.revistarambla.com\/antoni-benaiges-el-maestro-republicano-que-prometio-el-mar\/#primaryimage"},"thumbnailUrl":"https:\/\/www.revistarambla.com\/wp-content\/uploads\/2025\/08\/Screenshot-2025-08-16-at-10-12-54-file-20230720-25-tkg1l4.jpg-Imagen-JPEG-1356-\u00d7-668-pixeles.jpg","articleSection":["Historia"],"inLanguage":"en-GB"},{"@type":"WebPage","@id":"https:\/\/www.revistarambla.com\/antoni-benaiges-el-maestro-republicano-que-prometio-el-mar\/","url":"https:\/\/www.revistarambla.com\/antoni-benaiges-el-maestro-republicano-que-prometio-el-mar\/","name":"Antoni Benaiges: el maestro republicano que prometi\u00f3 el mar - Revista Rambla","isPartOf":{"@id":"https:\/\/www.revistarambla.com\/#website"},"primaryImageOfPage":{"@id":"https:\/\/www.revistarambla.com\/antoni-benaiges-el-maestro-republicano-que-prometio-el-mar\/#primaryimage"},"image":{"@id":"https:\/\/www.revistarambla.com\/antoni-benaiges-el-maestro-republicano-que-prometio-el-mar\/#primaryimage"},"thumbnailUrl":"https:\/\/www.revistarambla.com\/wp-content\/uploads\/2025\/08\/Screenshot-2025-08-16-at-10-12-54-file-20230720-25-tkg1l4.jpg-Imagen-JPEG-1356-\u00d7-668-pixeles.jpg","datePublished":"2025-08-16T08:18:54+00:00","dateModified":"2025-08-17T10:41:13+00:00","breadcrumb":{"@id":"https:\/\/www.revistarambla.com\/antoni-benaiges-el-maestro-republicano-que-prometio-el-mar\/#breadcrumb"},"inLanguage":"en-GB","potentialAction":[{"@type":"ReadAction","target":["https:\/\/www.revistarambla.com\/antoni-benaiges-el-maestro-republicano-que-prometio-el-mar\/"]}]},{"@type":"ImageObject","inLanguage":"en-GB","@id":"https:\/\/www.revistarambla.com\/antoni-benaiges-el-maestro-republicano-que-prometio-el-mar\/#primaryimage","url":"https:\/\/www.revistarambla.com\/wp-content\/uploads\/2025\/08\/Screenshot-2025-08-16-at-10-12-54-file-20230720-25-tkg1l4.jpg-Imagen-JPEG-1356-\u00d7-668-pixeles.jpg","contentUrl":"https:\/\/www.revistarambla.com\/wp-content\/uploads\/2025\/08\/Screenshot-2025-08-16-at-10-12-54-file-20230720-25-tkg1l4.jpg-Imagen-JPEG-1356-\u00d7-668-pixeles.jpg","width":1695,"height":835,"caption":"antoni benaiges"},{"@type":"BreadcrumbList","@id":"https:\/\/www.revistarambla.com\/antoni-benaiges-el-maestro-republicano-que-prometio-el-mar\/#breadcrumb","itemListElement":[{"@type":"ListItem","position":1,"name":"Portada","item":"https:\/\/www.revistarambla.com\/"},{"@type":"ListItem","position":2,"name":"Antoni Benaiges: el maestro republicano que prometi\u00f3 el mar"}]},{"@type":"WebSite","@id":"https:\/\/www.revistarambla.com\/#website","url":"https:\/\/www.revistarambla.com\/","name":"Revista Rambla Barcelona","description":"Periodismo independiente","publisher":{"@id":"https:\/\/www.revistarambla.com\/#organization"},"potentialAction":[{"@type":"SearchAction","target":{"@type":"EntryPoint","urlTemplate":"https:\/\/www.revistarambla.com\/?s={search_term_string}"},"query-input":{"@type":"PropertyValueSpecification","valueRequired":true,"valueName":"search_term_string"}}],"inLanguage":"en-GB"},{"@type":"Organization","@id":"https:\/\/www.revistarambla.com\/#organization","name":"Revista Rambla","url":"https:\/\/www.revistarambla.com\/","logo":{"@type":"ImageObject","inLanguage":"en-GB","@id":"https:\/\/www.revistarambla.com\/#\/schema\/logo\/image\/","url":"https:\/\/www.revistarambla.com\/wp-content\/uploads\/2020\/09\/banner_rambla_1900x600_BB.png","contentUrl":"https:\/\/www.revistarambla.com\/wp-content\/uploads\/2020\/09\/banner_rambla_1900x600_BB.png","width":1900,"height":600,"caption":"Revista Rambla"},"image":{"@id":"https:\/\/www.revistarambla.com\/#\/schema\/logo\/image\/"},"sameAs":["https:\/\/www.facebook.com\/revistarambla\/","https:\/\/x.com\/revistarambla","https:\/\/www.instagram.com\/revista_rambla","https:\/\/es.linkedin.com\/company\/revista-rambla"]},{"@type":"Person","@id":"https:\/\/www.revistarambla.com\/#\/schema\/person\/a146a5a2550b94981a75131180e1bd9c","name":"R@mbla","description":"Este art\u00edculo ha sido redactado y\/o validado por el equipo de redacci\u00f3n de Revista Rambla.","sameAs":["https:\/\/www.revistarambla.com\/","https:\/\/www.facebook.com\/revistarambla","https:\/\/x.com\/revistarambla"]}]}},"_links":{"self":[{"href":"https:\/\/www.revistarambla.com\/en\/wp-json\/wp\/v2\/posts\/66130","targetHints":{"allow":["GET"]}}],"collection":[{"href":"https:\/\/www.revistarambla.com\/en\/wp-json\/wp\/v2\/posts"}],"about":[{"href":"https:\/\/www.revistarambla.com\/en\/wp-json\/wp\/v2\/types\/post"}],"author":[{"embeddable":true,"href":"https:\/\/www.revistarambla.com\/en\/wp-json\/wp\/v2\/users\/3"}],"replies":[{"embeddable":true,"href":"https:\/\/www.revistarambla.com\/en\/wp-json\/wp\/v2\/comments?post=66130"}],"version-history":[{"count":2,"href":"https:\/\/www.revistarambla.com\/en\/wp-json\/wp\/v2\/posts\/66130\/revisions"}],"predecessor-version":[{"id":66139,"href":"https:\/\/www.revistarambla.com\/en\/wp-json\/wp\/v2\/posts\/66130\/revisions\/66139"}],"wp:featuredmedia":[{"embeddable":true,"href":"https:\/\/www.revistarambla.com\/en\/wp-json\/wp\/v2\/media\/66132"}],"wp:attachment":[{"href":"https:\/\/www.revistarambla.com\/en\/wp-json\/wp\/v2\/media?parent=66130"}],"wp:term":[{"taxonomy":"category","embeddable":true,"href":"https:\/\/www.revistarambla.com\/en\/wp-json\/wp\/v2\/categories?post=66130"},{"taxonomy":"post_tag","embeddable":true,"href":"https:\/\/www.revistarambla.com\/en\/wp-json\/wp\/v2\/tags?post=66130"}],"curies":[{"name":"wp","href":"https:\/\/api.w.org\/{rel}","templated":true}]}}